{"id":3269,"date":"2018-04-20T09:25:06","date_gmt":"2018-04-20T09:25:06","guid":{"rendered":"http:\/\/noti-america.com\/site\/alemania\/?p=3269"},"modified":"2018-04-20T09:25:06","modified_gmt":"2018-04-20T09:25:06","slug":"presidente-sudafricano-abandona-cumbre-de-la-commonwealth-por-disturbios-en-su-pais","status":"publish","type":"post","link":"https:\/\/noti-america.com\/site\/principal\/2018\/04\/20\/presidente-sudafricano-abandona-cumbre-de-la-commonwealth-por-disturbios-en-su-pais\/","title":{"rendered":"Presidente sudafricano abandona cumbre de la Commonwealth por disturbios en su pa\u00eds"},"content":{"rendered":"<div class=\"line textcontent_img watermark\">\n<p>El presidente sudafricano Cyril Ramaphosa abandon\u00f3 de manera precipitada la cumbre de la Commonwealth que se celebra hasta este viernes en Londres debido a los disturbios que sacuden su pa\u00eds.<\/p>\n<p>\u00abPara seguir la situaci\u00f3n en (la provincia del) Noroeste, el presidente decidi\u00f3 acortar su participaci\u00f3n en la reuni\u00f3n de jefes de gobierno de la Commonwealth en Londres, donde dirige la delegaci\u00f3n gubernamental\u00bb, anunci\u00f3 a \u00faltima hora del jueves la presidencia sudafricana.<\/p>\n<\/div>\n<p>La polic\u00eda sudafricana anunci\u00f3 que detuvo a 16 personas por la violencia registrada en el Noroeste, en particular en torno a la capital provincial Mahikeng, donde la poblaci\u00f3n erigi\u00f3 barricadas en las carreteras para exigir mejores condiciones de vivienda y de trabajo.<\/p>\n<p>El presidente Ramaphosa \u00abhizo un llamamiento a la calma y al respeto de la ley en la provincia\u00bb, seg\u00fan el comunicado publicado por sus servicios. Pide a la poblaci\u00f3n que exprese sus reivindicaciones \u00abpor medios pac\u00edficos y no por la violencia y la anarqu\u00eda\u00bb, exigiendo tambi\u00e9n a la polic\u00eda que d\u00e9 muestras \u00abde la mayor moderaci\u00f3n\u00bb en el ejercicio de sus funciones.<\/p>\n<p>La Cumbre de la Commonwealth, que comenz\u00f3 el lunes, re\u00fane hasta este viernes a los dirigentes de 53 pa\u00edses. Londres trata de estrechar las relaciones con su antiguo imperio colonial, a menos de un a\u00f1o de la salida del pa\u00eds de la Uni\u00f3n Europea, prevista para marzo de 2019.<\/p>\n<p>Fuente(AFP)<\/p>\n","protected":false},"excerpt":{"rendered":"<p>El presidente sudafricano Cyril Ramaphosa abandon\u00f3 de manera precipitada la cumbre de la Commonwealth que se celebra hasta este viernes en Londres debido a los disturbios que sacuden su pa\u00eds. \u00abPara seguir la situaci\u00f3n&#46;&#46;&#46;<\/p>\n","protected":false},"author":31,"featured_media":3274,"comment_status":"open","ping_status":"open","sticky":false,"template":"","format":"standard","meta":{"_acf_changed":false,"rop_custom_images_group":[],"rop_custom_messages_group":[],"rop_publish_now":"initial","rop_publish_now_accounts":{"facebook_10219548024599422_1632221337088128":"","twitter_242054905_242054905":""},"rop_publish_now_history":[],"rop_publish_now_status":"pending","footnotes":""},"categories":[4,3,30,11,324],"tags":[],"class_list":["post-3269","post","type-post","status-publish","format-standard","has-post-thumbnail","hentry","category-internacionales","category-politica","category-sociedad","category-sucesos","category-sudafrica"],"acf":[],"yoast_head":"<!-- This site is optimized with the Yoast SEO Premium plugin v24.9 (Yoast SEO v27.2) - https:\/\/yoast.com\/product\/yoast-seo-premium-wordpress\/ -->\n<title>Presidente sudafricano abandona cumbre de la Commonwealth por disturbios en su pa\u00eds - Noti-America.com<\/title>\n<meta name=\"robots\" content=\"index, follow, max-snippet:-1, max-image-preview:large, max-video-preview:-1\" \/>\n<link rel=\"canonical\" href=\"https:\/\/noti-america.com\/site\/principal\/2018\/04\/20\/presidente-sudafricano-abandona-cumbre-de-la-commonwealth-por-disturbios-en-su-pais\/\" \/>\n<meta property=\"og:locale\" content=\"es_ES\" \/>\n<meta property=\"og:type\" content=\"article\" \/>\n<meta property=\"og:title\" content=\"Presidente sudafricano abandona cumbre de la Commonwealth por disturbios en su pa\u00eds\" \/>\n<meta property=\"og:description\" content=\"El presidente sudafricano Cyril Ramaphosa abandon\u00f3 de manera precipitada la cumbre de la Commonwealth que se celebra hasta este viernes en Londres debido a los disturbios que sacuden su pa\u00eds. \u00abPara seguir la situaci\u00f3n&#046;&#046;&#046;\" \/>\n<meta property=\"og:url\" content=\"https:\/\/noti-america.com\/site\/principal\/2018\/04\/20\/presidente-sudafricano-abandona-cumbre-de-la-commonwealth-por-disturbios-en-su-pais\/\" \/>\n<meta property=\"og:site_name\" content=\"Noti-America.com\" \/>\n<meta property=\"article:published_time\" content=\"2018-04-20T09:25:06+00:00\" \/>\n<meta property=\"og:image\" content=\"https:\/\/noti-america.com\/site\/principal\/wp-content\/uploads\/sites\/26\/2018\/04\/Presidente-sudafricano-abandona-cumbre-de-la-Commonwealth-por-disturbios-en-su-pa\u00eds.jpg\" \/>\n\t<meta property=\"og:image:width\" content=\"984\" \/>\n\t<meta property=\"og:image:height\" content=\"655\" \/>\n\t<meta property=\"og:image:type\" content=\"image\/jpeg\" \/>\n<meta name=\"author\" content=\"Ydalith Figueroa Kad-Bay\" \/>\n<meta name=\"twitter:card\" content=\"summary_large_image\" \/>\n<meta name=\"twitter:creator\" content=\"@ydalithkad\" \/>\n<meta name=\"twitter:label1\" content=\"Escrito por\" \/>\n\t<meta name=\"twitter:data1\" content=\"Ydalith Figueroa Kad-Bay\" \/>\n\t<meta name=\"twitter:label2\" content=\"Tiempo estimado de lectura\" \/>\n\t<meta name=\"twitter:data2\" content=\"1 minuto\" \/>\n<script type=\"application\/ld+json\" class=\"yoast-schema-graph\">{\"@context\":\"https:\/\/schema.org\",\"@graph\":[{\"@type\":\"Article\",\"@id\":\"https:\/\/noti-america.com\/site\/principal\/2018\/04\/20\/presidente-sudafricano-abandona-cumbre-de-la-commonwealth-por-disturbios-en-su-pais\/#article\",\"isPartOf\":{\"@id\":\"https:\/\/noti-america.com\/site\/principal\/2018\/04\/20\/presidente-sudafricano-abandona-cumbre-de-la-commonwealth-por-disturbios-en-su-pais\/\"},\"author\":{\"name\":\"Ydalith Figueroa Kad-Bay\",\"@id\":\"https:\/\/noti-america.com\/site\/principal\/#\/schema\/person\/1a24e37c3c358f389f0a111448ddb870\"},\"headline\":\"Presidente sudafricano abandona cumbre de la Commonwealth por disturbios en su pa\u00eds\",\"datePublished\":\"2018-04-20T09:25:06+00:00\",\"mainEntityOfPage\":{\"@id\":\"https:\/\/noti-america.com\/site\/principal\/2018\/04\/20\/presidente-sudafricano-abandona-cumbre-de-la-commonwealth-por-disturbios-en-su-pais\/\"},\"wordCount\":255,\"commentCount\":0,\"image\":{\"@id\":\"https:\/\/noti-america.com\/site\/principal\/2018\/04\/20\/presidente-sudafricano-abandona-cumbre-de-la-commonwealth-por-disturbios-en-su-pais\/#primaryimage\"},\"thumbnailUrl\":\"https:\/\/noti-america.com\/site\/principal\/wp-content\/uploads\/sites\/26\/2018\/04\/Presidente-sudafricano-abandona-cumbre-de-la-Commonwealth-por-disturbios-en-su-pa\u00eds.jpg\",\"articleSection\":[\"Internacionales\",\"Pol\u00edtica\",\"Sociedad\",\"Sucesos\",\"Sud\u00e1frica\"],\"inLanguage\":\"es\",\"potentialAction\":[{\"@type\":\"CommentAction\",\"name\":\"Comment\",\"target\":[\"https:\/\/noti-america.com\/site\/principal\/2018\/04\/20\/presidente-sudafricano-abandona-cumbre-de-la-commonwealth-por-disturbios-en-su-pais\/#respond\"]}]},{\"@type\":\"WebPage\",\"@id\":\"https:\/\/noti-america.com\/site\/principal\/2018\/04\/20\/presidente-sudafricano-abandona-cumbre-de-la-commonwealth-por-disturbios-en-su-pais\/\",\"url\":\"https:\/\/noti-america.com\/site\/principal\/2018\/04\/20\/presidente-sudafricano-abandona-cumbre-de-la-commonwealth-por-disturbios-en-su-pais\/\",\"name\":\"Presidente sudafricano abandona cumbre de la Commonwealth por disturbios en su pa\u00eds - Noti-America.com\",\"isPartOf\":{\"@id\":\"https:\/\/noti-america.com\/site\/principal\/#website\"},\"primaryImageOfPage\":{\"@id\":\"https:\/\/noti-america.com\/site\/principal\/2018\/04\/20\/presidente-sudafricano-abandona-cumbre-de-la-commonwealth-por-disturbios-en-su-pais\/#primaryimage\"},\"image\":{\"@id\":\"https:\/\/noti-america.com\/site\/principal\/2018\/04\/20\/presidente-sudafricano-abandona-cumbre-de-la-commonwealth-por-disturbios-en-su-pais\/#primaryimage\"},\"thumbnailUrl\":\"https:\/\/noti-america.com\/site\/principal\/wp-content\/uploads\/sites\/26\/2018\/04\/Presidente-sudafricano-abandona-cumbre-de-la-Commonwealth-por-disturbios-en-su-pa\u00eds.jpg\",\"datePublished\":\"2018-04-20T09:25:06+00:00\",\"author\":{\"@id\":\"https:\/\/noti-america.com\/site\/principal\/#\/schema\/person\/1a24e37c3c358f389f0a111448ddb870\"},\"breadcrumb\":{\"@id\":\"https:\/\/noti-america.com\/site\/principal\/2018\/04\/20\/presidente-sudafricano-abandona-cumbre-de-la-commonwealth-por-disturbios-en-su-pais\/#breadcrumb\"},\"inLanguage\":\"es\",\"potentialAction\":[{\"@type\":\"ReadAction\",\"target\":[\"https:\/\/noti-america.com\/site\/principal\/2018\/04\/20\/presidente-sudafricano-abandona-cumbre-de-la-commonwealth-por-disturbios-en-su-pais\/\"]}]},{\"@type\":\"ImageObject\",\"inLanguage\":\"es\",\"@id\":\"https:\/\/noti-america.com\/site\/principal\/2018\/04\/20\/presidente-sudafricano-abandona-cumbre-de-la-commonwealth-por-disturbios-en-su-pais\/#primaryimage\",\"url\":\"https:\/\/noti-america.com\/site\/principal\/wp-content\/uploads\/sites\/26\/2018\/04\/Presidente-sudafricano-abandona-cumbre-de-la-Commonwealth-por-disturbios-en-su-pa\u00eds.jpg\",\"contentUrl\":\"https:\/\/noti-america.com\/site\/principal\/wp-content\/uploads\/sites\/26\/2018\/04\/Presidente-sudafricano-abandona-cumbre-de-la-Commonwealth-por-disturbios-en-su-pa\u00eds.jpg\",\"width\":984,\"height\":655},{\"@type\":\"BreadcrumbList\",\"@id\":\"https:\/\/noti-america.com\/site\/principal\/2018\/04\/20\/presidente-sudafricano-abandona-cumbre-de-la-commonwealth-por-disturbios-en-su-pais\/#breadcrumb\",\"itemListElement\":[{\"@type\":\"ListItem\",\"position\":1,\"name\":\"Portada\",\"item\":\"https:\/\/noti-america.com\/site\/principal\/\"},{\"@type\":\"ListItem\",\"position\":2,\"name\":\"Presidente sudafricano abandona cumbre de la Commonwealth por disturbios en su pa\u00eds\"}]},{\"@type\":\"WebSite\",\"@id\":\"https:\/\/noti-america.com\/site\/principal\/#website\",\"url\":\"https:\/\/noti-america.com\/site\/principal\/\",\"name\":\"Noti-America.com\",\"description\":\"El Noticiero Digital M\u00e1s Grande de Am\u00e9rica\",\"potentialAction\":[{\"@type\":\"SearchAction\",\"target\":{\"@type\":\"EntryPoint\",\"urlTemplate\":\"https:\/\/noti-america.com\/site\/principal\/?s={search_term_string}\"},\"query-input\":{\"@type\":\"PropertyValueSpecification\",\"valueRequired\":true,\"valueName\":\"search_term_string\"}}],\"inLanguage\":\"es\"},{\"@type\":\"Person\",\"@id\":\"https:\/\/noti-america.com\/site\/principal\/#\/schema\/person\/1a24e37c3c358f389f0a111448ddb870\",\"name\":\"Ydalith Figueroa Kad-Bay\",\"image\":{\"@type\":\"ImageObject\",\"inLanguage\":\"es\",\"@id\":\"https:\/\/secure.gravatar.com\/avatar\/7d1e350465afd215908c3ed413e32ef600cd41c3c21b95416252432a9f6c219c?s=96&d=mm&r=g\",\"url\":\"https:\/\/secure.gravatar.com\/avatar\/7d1e350465afd215908c3ed413e32ef600cd41c3c21b95416252432a9f6c219c?s=96&d=mm&r=g\",\"contentUrl\":\"https:\/\/secure.gravatar.com\/avatar\/7d1e350465afd215908c3ed413e32ef600cd41c3c21b95416252432a9f6c219c?s=96&d=mm&r=g\",\"caption\":\"Ydalith Figueroa Kad-Bay\"},\"description\":\"CEO Noti-America Alemania Embajadora de Venezuela para el Proyecto de Acci\u00f3n Clim\u00e1tica de la ONU, Embajadora para la ense\u00f1anza de los ODS de la ONU, Amplificador de la Acci\u00f3n de los ODS de la ONU, Profesor Voluntario del Proyecto KAKUMA (Educaci\u00f3n de calidad para refugiados en \u00c1frica) UNHCR \u2013 ACNUR - Agencia para los refugiados de la ONU-, Miembro de la ONG Gente Y Ciudad, Embajador de las Instituciones de Microfinanzas \u201cNo a la pobreza ODS #1 de la ONU\u201d (todos tienen derecho a acceso a un cr\u00e9dito), y Voluntario al di\u00e1logo global de UN75. Twitter @ydalithkad email ydalith@yhaoo.com Locutor Profesional 32931 Universidad Central de Venezuela @ISHannover \\\"Colegio Internacional de Hannover Regi\u00f3n, Alemania\\\" Representante de Aprendizaje Innovaci\u00f3n y Tecnolog\u00eda #LMS (Sistema de Gesti\u00f3n de Aprendizaje) #LMS Gente y Ciudad &amp; Asesores Internacionales ONG Alemania. ONG \\\"Gente y Ciudad, Venezuela\\\" Miembro y Asesor especialista An\u00e1lisis de Pol\u00edtica Internacional Asesor Pol\u00edtico Internacional de Venezuela en la defensa de los Derechos Humanos y el restablecimiento Democr\u00e1tico. Diplomacia positiva y Activa. Pasi\u00f3n por el Golf Proyecto #LMS \\\"Golf para ni\u00f1os y adultos Internacional\\\" Pasi\u00f3n por los Postres Proyecto #LMS \\\"Postres, Que Unen a las Culturas del mundo\\\"\",\"sameAs\":[\"https:\/\/x.com\/ydalithkad\"],\"url\":\"https:\/\/noti-america.com\/site\/principal\/author\/yfigueroa\/\"}]}<\/script>\n<!-- \/ Yoast SEO Premium plugin. -->","yoast_head_json":{"title":"Presidente sudafricano abandona cumbre de la Commonwealth por disturbios en su pa\u00eds - Noti-America.com","robots":{"index":"index","follow":"follow","max-snippet":"max-snippet:-1","max-image-preview":"max-image-preview:large","max-video-preview":"max-video-preview:-1"},"canonical":"https:\/\/noti-america.com\/site\/principal\/2018\/04\/20\/presidente-sudafricano-abandona-cumbre-de-la-commonwealth-por-disturbios-en-su-pais\/","og_locale":"es_ES","og_type":"article","og_title":"Presidente sudafricano abandona cumbre de la Commonwealth por disturbios en su pa\u00eds","og_description":"El presidente sudafricano Cyril Ramaphosa abandon\u00f3 de manera precipitada la cumbre de la Commonwealth que se celebra hasta este viernes en Londres debido a los disturbios que sacuden su pa\u00eds. \u00abPara seguir la situaci\u00f3n&#46;&#46;&#46;","og_url":"https:\/\/noti-america.com\/site\/principal\/2018\/04\/20\/presidente-sudafricano-abandona-cumbre-de-la-commonwealth-por-disturbios-en-su-pais\/","og_site_name":"Noti-America.com","article_published_time":"2018-04-20T09:25:06+00:00","og_image":[{"width":984,"height":655,"url":"https:\/\/noti-america.com\/site\/principal\/wp-content\/uploads\/sites\/26\/2018\/04\/Presidente-sudafricano-abandona-cumbre-de-la-Commonwealth-por-disturbios-en-su-pa\u00eds.jpg","type":"image\/jpeg"}],"author":"Ydalith Figueroa Kad-Bay","twitter_card":"summary_large_image","twitter_creator":"@ydalithkad","twitter_misc":{"Escrito por":"Ydalith Figueroa Kad-Bay","Tiempo estimado de lectura":"1 minuto"},"schema":{"@context":"https:\/\/schema.org","@graph":[{"@type":"Article","@id":"https:\/\/noti-america.com\/site\/principal\/2018\/04\/20\/presidente-sudafricano-abandona-cumbre-de-la-commonwealth-por-disturbios-en-su-pais\/#article","isPartOf":{"@id":"https:\/\/noti-america.com\/site\/principal\/2018\/04\/20\/presidente-sudafricano-abandona-cumbre-de-la-commonwealth-por-disturbios-en-su-pais\/"},"author":{"name":"Ydalith Figueroa Kad-Bay","@id":"https:\/\/noti-america.com\/site\/principal\/#\/schema\/person\/1a24e37c3c358f389f0a111448ddb870"},"headline":"Presidente sudafricano abandona cumbre de la Commonwealth por disturbios en su pa\u00eds","datePublished":"2018-04-20T09:25:06+00:00","mainEntityOfPage":{"@id":"https:\/\/noti-america.com\/site\/principal\/2018\/04\/20\/presidente-sudafricano-abandona-cumbre-de-la-commonwealth-por-disturbios-en-su-pais\/"},"wordCount":255,"commentCount":0,"image":{"@id":"https:\/\/noti-america.com\/site\/principal\/2018\/04\/20\/presidente-sudafricano-abandona-cumbre-de-la-commonwealth-por-disturbios-en-su-pais\/#primaryimage"},"thumbnailUrl":"https:\/\/noti-america.com\/site\/principal\/wp-content\/uploads\/sites\/26\/2018\/04\/Presidente-sudafricano-abandona-cumbre-de-la-Commonwealth-por-disturbios-en-su-pa\u00eds.jpg","articleSection":["Internacionales","Pol\u00edtica","Sociedad","Sucesos","Sud\u00e1frica"],"inLanguage":"es","potentialAction":[{"@type":"CommentAction","name":"Comment","target":["https:\/\/noti-america.com\/site\/principal\/2018\/04\/20\/presidente-sudafricano-abandona-cumbre-de-la-commonwealth-por-disturbios-en-su-pais\/#respond"]}]},{"@type":"WebPage","@id":"https:\/\/noti-america.com\/site\/principal\/2018\/04\/20\/presidente-sudafricano-abandona-cumbre-de-la-commonwealth-por-disturbios-en-su-pais\/","url":"https:\/\/noti-america.com\/site\/principal\/2018\/04\/20\/presidente-sudafricano-abandona-cumbre-de-la-commonwealth-por-disturbios-en-su-pais\/","name":"Presidente sudafricano abandona cumbre de la Commonwealth por disturbios en su pa\u00eds - Noti-America.com","isPartOf":{"@id":"https:\/\/noti-america.com\/site\/principal\/#website"},"primaryImageOfPage":{"@id":"https:\/\/noti-america.com\/site\/principal\/2018\/04\/20\/presidente-sudafricano-abandona-cumbre-de-la-commonwealth-por-disturbios-en-su-pais\/#primaryimage"},"image":{"@id":"https:\/\/noti-america.com\/site\/principal\/2018\/04\/20\/presidente-sudafricano-abandona-cumbre-de-la-commonwealth-por-disturbios-en-su-pais\/#primaryimage"},"thumbnailUrl":"https:\/\/noti-america.com\/site\/principal\/wp-content\/uploads\/sites\/26\/2018\/04\/Presidente-sudafricano-abandona-cumbre-de-la-Commonwealth-por-disturbios-en-su-pa\u00eds.jpg","datePublished":"2018-04-20T09:25:06+00:00","author":{"@id":"https:\/\/noti-america.com\/site\/principal\/#\/schema\/person\/1a24e37c3c358f389f0a111448ddb870"},"breadcrumb":{"@id":"https:\/\/noti-america.com\/site\/principal\/2018\/04\/20\/presidente-sudafricano-abandona-cumbre-de-la-commonwealth-por-disturbios-en-su-pais\/#breadcrumb"},"inLanguage":"es","potentialAction":[{"@type":"ReadAction","target":["https:\/\/noti-america.com\/site\/principal\/2018\/04\/20\/presidente-sudafricano-abandona-cumbre-de-la-commonwealth-por-disturbios-en-su-pais\/"]}]},{"@type":"ImageObject","inLanguage":"es","@id":"https:\/\/noti-america.com\/site\/principal\/2018\/04\/20\/presidente-sudafricano-abandona-cumbre-de-la-commonwealth-por-disturbios-en-su-pais\/#primaryimage","url":"https:\/\/noti-america.com\/site\/principal\/wp-content\/uploads\/sites\/26\/2018\/04\/Presidente-sudafricano-abandona-cumbre-de-la-Commonwealth-por-disturbios-en-su-pa\u00eds.jpg","contentUrl":"https:\/\/noti-america.com\/site\/principal\/wp-content\/uploads\/sites\/26\/2018\/04\/Presidente-sudafricano-abandona-cumbre-de-la-Commonwealth-por-disturbios-en-su-pa\u00eds.jpg","width":984,"height":655},{"@type":"BreadcrumbList","@id":"https:\/\/noti-america.com\/site\/principal\/2018\/04\/20\/presidente-sudafricano-abandona-cumbre-de-la-commonwealth-por-disturbios-en-su-pais\/#breadcrumb","itemListElement":[{"@type":"ListItem","position":1,"name":"Portada","item":"https:\/\/noti-america.com\/site\/principal\/"},{"@type":"ListItem","position":2,"name":"Presidente sudafricano abandona cumbre de la Commonwealth por disturbios en su pa\u00eds"}]},{"@type":"WebSite","@id":"https:\/\/noti-america.com\/site\/principal\/#website","url":"https:\/\/noti-america.com\/site\/principal\/","name":"Noti-America.com","description":"El Noticiero Digital M\u00e1s Grande de Am\u00e9rica","potentialAction":[{"@type":"SearchAction","target":{"@type":"EntryPoint","urlTemplate":"https:\/\/noti-america.com\/site\/principal\/?s={search_term_string}"},"query-input":{"@type":"PropertyValueSpecification","valueRequired":true,"valueName":"search_term_string"}}],"inLanguage":"es"},{"@type":"Person","@id":"https:\/\/noti-america.com\/site\/principal\/#\/schema\/person\/1a24e37c3c358f389f0a111448ddb870","name":"Ydalith Figueroa Kad-Bay","image":{"@type":"ImageObject","inLanguage":"es","@id":"https:\/\/secure.gravatar.com\/avatar\/7d1e350465afd215908c3ed413e32ef600cd41c3c21b95416252432a9f6c219c?s=96&d=mm&r=g","url":"https:\/\/secure.gravatar.com\/avatar\/7d1e350465afd215908c3ed413e32ef600cd41c3c21b95416252432a9f6c219c?s=96&d=mm&r=g","contentUrl":"https:\/\/secure.gravatar.com\/avatar\/7d1e350465afd215908c3ed413e32ef600cd41c3c21b95416252432a9f6c219c?s=96&d=mm&r=g","caption":"Ydalith Figueroa Kad-Bay"},"description":"CEO Noti-America Alemania Embajadora de Venezuela para el Proyecto de Acci\u00f3n Clim\u00e1tica de la ONU, Embajadora para la ense\u00f1anza de los ODS de la ONU, Amplificador de la Acci\u00f3n de los ODS de la ONU, Profesor Voluntario del Proyecto KAKUMA (Educaci\u00f3n de calidad para refugiados en \u00c1frica) UNHCR \u2013 ACNUR - Agencia para los refugiados de la ONU-, Miembro de la ONG Gente Y Ciudad, Embajador de las Instituciones de Microfinanzas \u201cNo a la pobreza ODS #1 de la ONU\u201d (todos tienen derecho a acceso a un cr\u00e9dito), y Voluntario al di\u00e1logo global de UN75. Twitter @ydalithkad email ydalith@yhaoo.com Locutor Profesional 32931 Universidad Central de Venezuela @ISHannover \"Colegio Internacional de Hannover Regi\u00f3n, Alemania\" Representante de Aprendizaje Innovaci\u00f3n y Tecnolog\u00eda #LMS (Sistema de Gesti\u00f3n de Aprendizaje) #LMS Gente y Ciudad &amp; Asesores Internacionales ONG Alemania. ONG \"Gente y Ciudad, Venezuela\" Miembro y Asesor especialista An\u00e1lisis de Pol\u00edtica Internacional Asesor Pol\u00edtico Internacional de Venezuela en la defensa de los Derechos Humanos y el restablecimiento Democr\u00e1tico. Diplomacia positiva y Activa. Pasi\u00f3n por el Golf Proyecto #LMS \"Golf para ni\u00f1os y adultos Internacional\" Pasi\u00f3n por los Postres Proyecto #LMS \"Postres, Que Unen a las Culturas del mundo\"","sameAs":["https:\/\/x.com\/ydalithkad"],"url":"https:\/\/noti-america.com\/site\/principal\/author\/yfigueroa\/"}]}},"_links":{"self":[{"href":"https:\/\/noti-america.com\/site\/principal\/wp-json\/wp\/v2\/posts\/3269","targetHints":{"allow":["GET"]}}],"collection":[{"href":"https:\/\/noti-america.com\/site\/principal\/wp-json\/wp\/v2\/posts"}],"about":[{"href":"https:\/\/noti-america.com\/site\/principal\/wp-json\/wp\/v2\/types\/post"}],"author":[{"embeddable":true,"href":"https:\/\/noti-america.com\/site\/principal\/wp-json\/wp\/v2\/users\/31"}],"replies":[{"embeddable":true,"href":"https:\/\/noti-america.com\/site\/principal\/wp-json\/wp\/v2\/comments?post=3269"}],"version-history":[{"count":1,"href":"https:\/\/noti-america.com\/site\/principal\/wp-json\/wp\/v2\/posts\/3269\/revisions"}],"predecessor-version":[{"id":3276,"href":"https:\/\/noti-america.com\/site\/principal\/wp-json\/wp\/v2\/posts\/3269\/revisions\/3276"}],"wp:featuredmedia":[{"embeddable":true,"href":"https:\/\/noti-america.com\/site\/principal\/wp-json\/wp\/v2\/media\/3274"}],"wp:attachment":[{"href":"https:\/\/noti-america.com\/site\/principal\/wp-json\/wp\/v2\/media?parent=3269"}],"wp:term":[{"taxonomy":"category","embeddable":true,"href":"https:\/\/noti-america.com\/site\/principal\/wp-json\/wp\/v2\/categories?post=3269"},{"taxonomy":"post_tag","embeddable":true,"href":"https:\/\/noti-america.com\/site\/principal\/wp-json\/wp\/v2\/tags?post=3269"}],"curies":[{"name":"wp","href":"https:\/\/api.w.org\/{rel}","templated":true}]}}