{"id":3242,"date":"2018-04-19T19:03:00","date_gmt":"2018-04-19T19:03:00","guid":{"rendered":"http:\/\/noti-america.com\/site\/alemania\/?p=3242"},"modified":"2018-04-19T19:03:00","modified_gmt":"2018-04-19T19:03:00","slug":"merkel-y-macron-pactaran-propuestas-de-reforma-hasta-cumbre-de-ue","status":"publish","type":"post","link":"https:\/\/noti-america.com\/site\/principal\/2018\/04\/19\/merkel-y-macron-pactaran-propuestas-de-reforma-hasta-cumbre-de-ue\/","title":{"rendered":"Merkel y Macron pactar\u00e1n propuestas de reforma hasta cumbre de UE"},"content":{"rendered":"<p><span class=\"dateline\">Berl\u00edn &#8211;\u00a0<\/span>La canciller alemana, Angela Merkel, y el presidente de Francia, Emmanuel Macron, reafirmaron hoy la intenci\u00f3n de superar sus diferencias para elaborar las esperadas propuestas comunes para reformar la Uni\u00f3n Europea antes de la cumbre del bloque a finales de junio.<\/p>\n<p>\u00abNecesitamos un debate abierto y al final la capacidad de hacer concesiones\u00bb, dijo la mandataria germana antes de iniciar una reuni\u00f3n de trabajo en Berl\u00edn. Hay que buscar respuestas centrales para que los ciudadanos de Europa puedan hacer frente a \u00ablas grandes cuestiones de nuestros tiempos\u00bb, dijo la jefa del Gobierno germano.<\/p>\n<p>Los mandatarios anunciaron adem\u00e1s que defender\u00e1n posturas comunes en el conflicto comercial y en la soluci\u00f3n de la guerra de Siria en sendas visitas que realizar\u00e1n al presidente estadounidense Donald Trump,<\/p>\n<p>El jefe de Estado galo recalc\u00f3 que Europa se encuentra ante una encrucijada. \u00abEstamos viviendo un momento de la aventura europea que es verdaderamente \u00fanico\u00bb, dijo y enumer\u00f3 entre los principales desaf\u00edos los problemas comerciales, as\u00ed como los cambios tecnol\u00f3gico y clim\u00e1tico.<\/p>\n<p>\u00abTambi\u00e9n dentro de nuestros Estados surgen dudas y visiones muy nacionalistas\u00bb, alert\u00f3 el mandatario. \u00abEste momento es absolutamente decisivo para el futuro de Europa\u00bb.<\/p>\n<p>En Berl\u00edn, especialmente en las filas de los conservadores de Merkel, hay grandes reparos hacia las propuestas de Macron para relanzar la Uni\u00f3n Europea, especialmente la de la creaci\u00f3n de un presupuesto com\u00fan de la eurozona y de la figura de un ministro de Finanzas europeo.<\/p>\n<p>Merkel se mostr\u00f3 conciliadora y se\u00f1al\u00f3 que Berl\u00edn y Par\u00eds aportar\u00eda distintos aspectos que en suma se traducir\u00edan \u00aben buenos resultados\u00bb. La dirigente germana alert\u00f3 que Europa solo podr\u00e1 imponer sus intereses de manera conjunta y destac\u00f3 la importancia de una buena labor de ambos pa\u00edses.<\/p>\n<p>Hace poco m\u00e1s de un a\u00f1o, Merkel cit\u00f3 a Hermann Hesse durante la primera visita de Macron como presidente: \u00abEn cada comienzo vive una magia interna\u00bb. Preguntada hoy sobre si la magia segu\u00eda existiendo, se mostr\u00f3 optimista.<\/p>\n<p>\u00abCuando formul\u00e9 esa cita a\u00fan no sab\u00eda que demorar\u00eda tanto la formaci\u00f3n de Gobierno. Por eso hemos conservado un poco la magia y la hemos dejado aparcada un par de meses. Pero ahora est\u00e1 volviendo\u00bb, expres\u00f3 Merkel, que necesit\u00f3 m\u00e1s de medio a\u00f1o para reeditar su anterior alianza gubernamental con el Partido Socialdem\u00f3crata.<\/p>\n<p>Entre los temas que precisan ser reformados, Merkel mencion\u00f3 la pol\u00edtica de asilo europeo, la pol\u00edtica exterior com\u00fan y la profundizaci\u00f3n de la uni\u00f3n monetaria y la uni\u00f3n bancaria, dos puntos en los que divergen las posturas de alemanes y franceses.<\/p>\n<p>Mientras que Merkel hizo hincapi\u00e9 en la responsabilidad de los Estados por mejorar su competitividad, Macron apel\u00f3 a la solidaridad de los pa\u00edses m\u00e1s ricos. \u00abNinguna uni\u00f3n monetaria puede vivir sin elementos de convergencia\u00bb, sostuvo el jefe de Estado galo.<\/p>\n<p>\u00abLa solidaridad no funciona si no se asume la responsabilidad, pero no podemos avanzar sin la solidaridad que fortalezca la base\u00bb para la convergencia econ\u00f3mica, continu\u00f3.<\/p>\n<p>Macron ha propuesto reformar ampliamente las estructuras de la UE\u00a0tras la futura salida del Reino Unido con propuestas como la creaci\u00f3n de un presupuesto para la zona euro y la figura de un ministro \u00fanico de Finanzas.<\/p>\n<p>Merkel es m\u00e1s reacia a promover una reestructuraci\u00f3n de calado, en parte frenada por sus conservadores, que temen que una mayor integraci\u00f3n reste poder de decisi\u00f3n a Alemania.<\/p>\n<p>Los dos l\u00edderes indicaron que abordar\u00e1n los temas espinosos en sus visitas al presidente estadounidense Donald Trump. \u00abEstamos en un momento en el que tambi\u00e9n hay diferencias\u00bb, admiti\u00f3 Merkel. Pero pese a estas divergencias, defendi\u00f3 firmemente la alianza transatl\u00e1ntica, que calific\u00f3 de \u00abgran tesoro\u00bb.<\/p>\n<p>Merkel viajar\u00e1 el 27 de abril a Washington para reunirse por segunda vez con Trump desde que este fue investido en enero de 2017. Unos d\u00edas antes har\u00e1 lo propio Macron. Las visitas se producen en medio de un conflicto por aranceles comerciales y posturas divergentes sobre el cambio clim\u00e1tico y los acuerdos multilaterales.<\/p>\n<p>Merkel visit\u00f3 junto con Macron la obra en construcci\u00f3n del futuro Foro Humboldt, un centro cultural que albergar\u00e1 exposiciones de culturas de todo el mundo emplazado en el antiguo Palacio Imperial de Berl\u00edn.<\/p>\n<p>Los mandatarios mantuvieron posteriormente una reuni\u00f3n de trabajo en la que se esperaba que abordasen, adem\u00e1s de las reformas de la UE propuestas por Macron, la situaci\u00f3n en Siria y las relaciones con Estados Unidos y Rusia.<\/p>\n<p>Fuente (dpa)<\/p>\n","protected":false},"excerpt":{"rendered":"<p>Berl\u00edn &#8211;\u00a0La canciller alemana, Angela Merkel, y el presidente de Francia, Emmanuel Macron, reafirmaron hoy la intenci\u00f3n de superar sus diferencias para elaborar las esperadas propuestas comunes para reformar la Uni\u00f3n Europea antes de&#46;&#46;&#46;<\/p>\n","protected":false},"author":31,"featured_media":3243,"comment_status":"open","ping_status":"open","sticky":false,"template":"","format":"standard","meta":{"_acf_changed":false,"rop_custom_images_group":[],"rop_custom_messages_group":[],"rop_publish_now":"initial","rop_publish_now_accounts":{"facebook_10219548024599422_1632221337088128":"","twitter_242054905_242054905":""},"rop_publish_now_history":[],"rop_publish_now_status":"pending","footnotes":""},"categories":[115,91,4,3],"tags":[320],"class_list":["post-3242","post","type-post","status-publish","format-standard","has-post-thumbnail","hentry","category-alemania","category-francia","category-internacionales","category-politica","tag-merkel-makron"],"acf":[],"yoast_head":"<!-- This site is optimized with the Yoast SEO Premium plugin v24.9 (Yoast SEO v27.2) - https:\/\/yoast.com\/product\/yoast-seo-premium-wordpress\/ -->\n<title>Merkel y Macron pactar\u00e1n propuestas de reforma hasta cumbre de UE - Noti-America.com<\/title>\n<meta name=\"robots\" content=\"index, follow, max-snippet:-1, max-image-preview:large, max-video-preview:-1\" \/>\n<link rel=\"canonical\" href=\"https:\/\/noti-america.com\/site\/principal\/2018\/04\/19\/merkel-y-macron-pactaran-propuestas-de-reforma-hasta-cumbre-de-ue\/\" \/>\n<meta property=\"og:locale\" content=\"es_ES\" \/>\n<meta property=\"og:type\" content=\"article\" \/>\n<meta property=\"og:title\" content=\"Merkel y Macron pactar\u00e1n propuestas de reforma hasta cumbre de UE\" \/>\n<meta property=\"og:description\" content=\"Berl\u00edn &#8211;\u00a0La canciller alemana, Angela Merkel, y el presidente de Francia, Emmanuel Macron, reafirmaron hoy la intenci\u00f3n de superar sus diferencias para elaborar las esperadas propuestas comunes para reformar la Uni\u00f3n Europea antes de&#046;&#046;&#046;\" \/>\n<meta property=\"og:url\" content=\"https:\/\/noti-america.com\/site\/principal\/2018\/04\/19\/merkel-y-macron-pactaran-propuestas-de-reforma-hasta-cumbre-de-ue\/\" \/>\n<meta property=\"og:site_name\" content=\"Noti-America.com\" \/>\n<meta property=\"article:published_time\" content=\"2018-04-19T19:03:00+00:00\" \/>\n<meta property=\"og:image\" content=\"https:\/\/noti-america.com\/site\/principal\/wp-content\/uploads\/sites\/26\/2018\/04\/Merkel-con-Macron-de-EU-1.jpg\" \/>\n\t<meta property=\"og:image:width\" content=\"980\" \/>\n\t<meta property=\"og:image:height\" content=\"572\" \/>\n\t<meta property=\"og:image:type\" content=\"image\/jpeg\" \/>\n<meta name=\"author\" content=\"Ydalith Figueroa Kad-Bay\" \/>\n<meta name=\"twitter:card\" content=\"summary_large_image\" \/>\n<meta name=\"twitter:creator\" content=\"@ydalithkad\" \/>\n<meta name=\"twitter:label1\" content=\"Escrito por\" \/>\n\t<meta name=\"twitter:data1\" content=\"Ydalith Figueroa Kad-Bay\" \/>\n\t<meta name=\"twitter:label2\" content=\"Tiempo estimado de lectura\" \/>\n\t<meta name=\"twitter:data2\" content=\"4 minutos\" \/>\n<script type=\"application\/ld+json\" class=\"yoast-schema-graph\">{\"@context\":\"https:\/\/schema.org\",\"@graph\":[{\"@type\":\"Article\",\"@id\":\"https:\/\/noti-america.com\/site\/principal\/2018\/04\/19\/merkel-y-macron-pactaran-propuestas-de-reforma-hasta-cumbre-de-ue\/#article\",\"isPartOf\":{\"@id\":\"https:\/\/noti-america.com\/site\/principal\/2018\/04\/19\/merkel-y-macron-pactaran-propuestas-de-reforma-hasta-cumbre-de-ue\/\"},\"author\":{\"name\":\"Ydalith Figueroa Kad-Bay\",\"@id\":\"https:\/\/noti-america.com\/site\/principal\/#\/schema\/person\/1a24e37c3c358f389f0a111448ddb870\"},\"headline\":\"Merkel y Macron pactar\u00e1n propuestas de reforma hasta cumbre de UE\",\"datePublished\":\"2018-04-19T19:03:00+00:00\",\"mainEntityOfPage\":{\"@id\":\"https:\/\/noti-america.com\/site\/principal\/2018\/04\/19\/merkel-y-macron-pactaran-propuestas-de-reforma-hasta-cumbre-de-ue\/\"},\"wordCount\":786,\"commentCount\":0,\"image\":{\"@id\":\"https:\/\/noti-america.com\/site\/principal\/2018\/04\/19\/merkel-y-macron-pactaran-propuestas-de-reforma-hasta-cumbre-de-ue\/#primaryimage\"},\"thumbnailUrl\":\"https:\/\/noti-america.com\/site\/principal\/wp-content\/uploads\/sites\/26\/2018\/04\/Merkel-con-Macron-de-EU-1.jpg\",\"keywords\":[\"Merkel &amp; Makron\"],\"articleSection\":[\"Alemania\",\"Francia\",\"Internacionales\",\"Pol\u00edtica\"],\"inLanguage\":\"es\",\"potentialAction\":[{\"@type\":\"CommentAction\",\"name\":\"Comment\",\"target\":[\"https:\/\/noti-america.com\/site\/principal\/2018\/04\/19\/merkel-y-macron-pactaran-propuestas-de-reforma-hasta-cumbre-de-ue\/#respond\"]}]},{\"@type\":\"WebPage\",\"@id\":\"https:\/\/noti-america.com\/site\/principal\/2018\/04\/19\/merkel-y-macron-pactaran-propuestas-de-reforma-hasta-cumbre-de-ue\/\",\"url\":\"https:\/\/noti-america.com\/site\/principal\/2018\/04\/19\/merkel-y-macron-pactaran-propuestas-de-reforma-hasta-cumbre-de-ue\/\",\"name\":\"Merkel y Macron pactar\u00e1n propuestas de reforma hasta cumbre de UE - Noti-America.com\",\"isPartOf\":{\"@id\":\"https:\/\/noti-america.com\/site\/principal\/#website\"},\"primaryImageOfPage\":{\"@id\":\"https:\/\/noti-america.com\/site\/principal\/2018\/04\/19\/merkel-y-macron-pactaran-propuestas-de-reforma-hasta-cumbre-de-ue\/#primaryimage\"},\"image\":{\"@id\":\"https:\/\/noti-america.com\/site\/principal\/2018\/04\/19\/merkel-y-macron-pactaran-propuestas-de-reforma-hasta-cumbre-de-ue\/#primaryimage\"},\"thumbnailUrl\":\"https:\/\/noti-america.com\/site\/principal\/wp-content\/uploads\/sites\/26\/2018\/04\/Merkel-con-Macron-de-EU-1.jpg\",\"datePublished\":\"2018-04-19T19:03:00+00:00\",\"author\":{\"@id\":\"https:\/\/noti-america.com\/site\/principal\/#\/schema\/person\/1a24e37c3c358f389f0a111448ddb870\"},\"breadcrumb\":{\"@id\":\"https:\/\/noti-america.com\/site\/principal\/2018\/04\/19\/merkel-y-macron-pactaran-propuestas-de-reforma-hasta-cumbre-de-ue\/#breadcrumb\"},\"inLanguage\":\"es\",\"potentialAction\":[{\"@type\":\"ReadAction\",\"target\":[\"https:\/\/noti-america.com\/site\/principal\/2018\/04\/19\/merkel-y-macron-pactaran-propuestas-de-reforma-hasta-cumbre-de-ue\/\"]}]},{\"@type\":\"ImageObject\",\"inLanguage\":\"es\",\"@id\":\"https:\/\/noti-america.com\/site\/principal\/2018\/04\/19\/merkel-y-macron-pactaran-propuestas-de-reforma-hasta-cumbre-de-ue\/#primaryimage\",\"url\":\"https:\/\/noti-america.com\/site\/principal\/wp-content\/uploads\/sites\/26\/2018\/04\/Merkel-con-Macron-de-EU-1.jpg\",\"contentUrl\":\"https:\/\/noti-america.com\/site\/principal\/wp-content\/uploads\/sites\/26\/2018\/04\/Merkel-con-Macron-de-EU-1.jpg\",\"width\":980,\"height\":572},{\"@type\":\"BreadcrumbList\",\"@id\":\"https:\/\/noti-america.com\/site\/principal\/2018\/04\/19\/merkel-y-macron-pactaran-propuestas-de-reforma-hasta-cumbre-de-ue\/#breadcrumb\",\"itemListElement\":[{\"@type\":\"ListItem\",\"position\":1,\"name\":\"Portada\",\"item\":\"https:\/\/noti-america.com\/site\/principal\/\"},{\"@type\":\"ListItem\",\"position\":2,\"name\":\"Merkel y Macron pactar\u00e1n propuestas de reforma hasta cumbre de UE\"}]},{\"@type\":\"WebSite\",\"@id\":\"https:\/\/noti-america.com\/site\/principal\/#website\",\"url\":\"https:\/\/noti-america.com\/site\/principal\/\",\"name\":\"Noti-America.com\",\"description\":\"El Noticiero Digital M\u00e1s Grande de Am\u00e9rica\",\"potentialAction\":[{\"@type\":\"SearchAction\",\"target\":{\"@type\":\"EntryPoint\",\"urlTemplate\":\"https:\/\/noti-america.com\/site\/principal\/?s={search_term_string}\"},\"query-input\":{\"@type\":\"PropertyValueSpecification\",\"valueRequired\":true,\"valueName\":\"search_term_string\"}}],\"inLanguage\":\"es\"},{\"@type\":\"Person\",\"@id\":\"https:\/\/noti-america.com\/site\/principal\/#\/schema\/person\/1a24e37c3c358f389f0a111448ddb870\",\"name\":\"Ydalith Figueroa Kad-Bay\",\"image\":{\"@type\":\"ImageObject\",\"inLanguage\":\"es\",\"@id\":\"https:\/\/secure.gravatar.com\/avatar\/7d1e350465afd215908c3ed413e32ef600cd41c3c21b95416252432a9f6c219c?s=96&d=mm&r=g\",\"url\":\"https:\/\/secure.gravatar.com\/avatar\/7d1e350465afd215908c3ed413e32ef600cd41c3c21b95416252432a9f6c219c?s=96&d=mm&r=g\",\"contentUrl\":\"https:\/\/secure.gravatar.com\/avatar\/7d1e350465afd215908c3ed413e32ef600cd41c3c21b95416252432a9f6c219c?s=96&d=mm&r=g\",\"caption\":\"Ydalith Figueroa Kad-Bay\"},\"description\":\"CEO Noti-America Alemania Embajadora de Venezuela para el Proyecto de Acci\u00f3n Clim\u00e1tica de la ONU, Embajadora para la ense\u00f1anza de los ODS de la ONU, Amplificador de la Acci\u00f3n de los ODS de la ONU, Profesor Voluntario del Proyecto KAKUMA (Educaci\u00f3n de calidad para refugiados en \u00c1frica) UNHCR \u2013 ACNUR - Agencia para los refugiados de la ONU-, Miembro de la ONG Gente Y Ciudad, Embajador de las Instituciones de Microfinanzas \u201cNo a la pobreza ODS #1 de la ONU\u201d (todos tienen derecho a acceso a un cr\u00e9dito), y Voluntario al di\u00e1logo global de UN75. Twitter @ydalithkad email ydalith@yhaoo.com Locutor Profesional 32931 Universidad Central de Venezuela @ISHannover \\\"Colegio Internacional de Hannover Regi\u00f3n, Alemania\\\" Representante de Aprendizaje Innovaci\u00f3n y Tecnolog\u00eda #LMS (Sistema de Gesti\u00f3n de Aprendizaje) #LMS Gente y Ciudad &amp; Asesores Internacionales ONG Alemania. ONG \\\"Gente y Ciudad, Venezuela\\\" Miembro y Asesor especialista An\u00e1lisis de Pol\u00edtica Internacional Asesor Pol\u00edtico Internacional de Venezuela en la defensa de los Derechos Humanos y el restablecimiento Democr\u00e1tico. Diplomacia positiva y Activa. Pasi\u00f3n por el Golf Proyecto #LMS \\\"Golf para ni\u00f1os y adultos Internacional\\\" Pasi\u00f3n por los Postres Proyecto #LMS \\\"Postres, Que Unen a las Culturas del mundo\\\"\",\"sameAs\":[\"https:\/\/x.com\/ydalithkad\"],\"url\":\"https:\/\/noti-america.com\/site\/principal\/author\/yfigueroa\/\"}]}<\/script>\n<!-- \/ Yoast SEO Premium plugin. -->","yoast_head_json":{"title":"Merkel y Macron pactar\u00e1n propuestas de reforma hasta cumbre de UE - Noti-America.com","robots":{"index":"index","follow":"follow","max-snippet":"max-snippet:-1","max-image-preview":"max-image-preview:large","max-video-preview":"max-video-preview:-1"},"canonical":"https:\/\/noti-america.com\/site\/principal\/2018\/04\/19\/merkel-y-macron-pactaran-propuestas-de-reforma-hasta-cumbre-de-ue\/","og_locale":"es_ES","og_type":"article","og_title":"Merkel y Macron pactar\u00e1n propuestas de reforma hasta cumbre de UE","og_description":"Berl\u00edn &#8211;\u00a0La canciller alemana, Angela Merkel, y el presidente de Francia, Emmanuel Macron, reafirmaron hoy la intenci\u00f3n de superar sus diferencias para elaborar las esperadas propuestas comunes para reformar la Uni\u00f3n Europea antes de&#46;&#46;&#46;","og_url":"https:\/\/noti-america.com\/site\/principal\/2018\/04\/19\/merkel-y-macron-pactaran-propuestas-de-reforma-hasta-cumbre-de-ue\/","og_site_name":"Noti-America.com","article_published_time":"2018-04-19T19:03:00+00:00","og_image":[{"width":980,"height":572,"url":"https:\/\/noti-america.com\/site\/principal\/wp-content\/uploads\/sites\/26\/2018\/04\/Merkel-con-Macron-de-EU-1.jpg","type":"image\/jpeg"}],"author":"Ydalith Figueroa Kad-Bay","twitter_card":"summary_large_image","twitter_creator":"@ydalithkad","twitter_misc":{"Escrito por":"Ydalith Figueroa Kad-Bay","Tiempo estimado de lectura":"4 minutos"},"schema":{"@context":"https:\/\/schema.org","@graph":[{"@type":"Article","@id":"https:\/\/noti-america.com\/site\/principal\/2018\/04\/19\/merkel-y-macron-pactaran-propuestas-de-reforma-hasta-cumbre-de-ue\/#article","isPartOf":{"@id":"https:\/\/noti-america.com\/site\/principal\/2018\/04\/19\/merkel-y-macron-pactaran-propuestas-de-reforma-hasta-cumbre-de-ue\/"},"author":{"name":"Ydalith Figueroa Kad-Bay","@id":"https:\/\/noti-america.com\/site\/principal\/#\/schema\/person\/1a24e37c3c358f389f0a111448ddb870"},"headline":"Merkel y Macron pactar\u00e1n propuestas de reforma hasta cumbre de UE","datePublished":"2018-04-19T19:03:00+00:00","mainEntityOfPage":{"@id":"https:\/\/noti-america.com\/site\/principal\/2018\/04\/19\/merkel-y-macron-pactaran-propuestas-de-reforma-hasta-cumbre-de-ue\/"},"wordCount":786,"commentCount":0,"image":{"@id":"https:\/\/noti-america.com\/site\/principal\/2018\/04\/19\/merkel-y-macron-pactaran-propuestas-de-reforma-hasta-cumbre-de-ue\/#primaryimage"},"thumbnailUrl":"https:\/\/noti-america.com\/site\/principal\/wp-content\/uploads\/sites\/26\/2018\/04\/Merkel-con-Macron-de-EU-1.jpg","keywords":["Merkel &amp; Makron"],"articleSection":["Alemania","Francia","Internacionales","Pol\u00edtica"],"inLanguage":"es","potentialAction":[{"@type":"CommentAction","name":"Comment","target":["https:\/\/noti-america.com\/site\/principal\/2018\/04\/19\/merkel-y-macron-pactaran-propuestas-de-reforma-hasta-cumbre-de-ue\/#respond"]}]},{"@type":"WebPage","@id":"https:\/\/noti-america.com\/site\/principal\/2018\/04\/19\/merkel-y-macron-pactaran-propuestas-de-reforma-hasta-cumbre-de-ue\/","url":"https:\/\/noti-america.com\/site\/principal\/2018\/04\/19\/merkel-y-macron-pactaran-propuestas-de-reforma-hasta-cumbre-de-ue\/","name":"Merkel y Macron pactar\u00e1n propuestas de reforma hasta cumbre de UE - Noti-America.com","isPartOf":{"@id":"https:\/\/noti-america.com\/site\/principal\/#website"},"primaryImageOfPage":{"@id":"https:\/\/noti-america.com\/site\/principal\/2018\/04\/19\/merkel-y-macron-pactaran-propuestas-de-reforma-hasta-cumbre-de-ue\/#primaryimage"},"image":{"@id":"https:\/\/noti-america.com\/site\/principal\/2018\/04\/19\/merkel-y-macron-pactaran-propuestas-de-reforma-hasta-cumbre-de-ue\/#primaryimage"},"thumbnailUrl":"https:\/\/noti-america.com\/site\/principal\/wp-content\/uploads\/sites\/26\/2018\/04\/Merkel-con-Macron-de-EU-1.jpg","datePublished":"2018-04-19T19:03:00+00:00","author":{"@id":"https:\/\/noti-america.com\/site\/principal\/#\/schema\/person\/1a24e37c3c358f389f0a111448ddb870"},"breadcrumb":{"@id":"https:\/\/noti-america.com\/site\/principal\/2018\/04\/19\/merkel-y-macron-pactaran-propuestas-de-reforma-hasta-cumbre-de-ue\/#breadcrumb"},"inLanguage":"es","potentialAction":[{"@type":"ReadAction","target":["https:\/\/noti-america.com\/site\/principal\/2018\/04\/19\/merkel-y-macron-pactaran-propuestas-de-reforma-hasta-cumbre-de-ue\/"]}]},{"@type":"ImageObject","inLanguage":"es","@id":"https:\/\/noti-america.com\/site\/principal\/2018\/04\/19\/merkel-y-macron-pactaran-propuestas-de-reforma-hasta-cumbre-de-ue\/#primaryimage","url":"https:\/\/noti-america.com\/site\/principal\/wp-content\/uploads\/sites\/26\/2018\/04\/Merkel-con-Macron-de-EU-1.jpg","contentUrl":"https:\/\/noti-america.com\/site\/principal\/wp-content\/uploads\/sites\/26\/2018\/04\/Merkel-con-Macron-de-EU-1.jpg","width":980,"height":572},{"@type":"BreadcrumbList","@id":"https:\/\/noti-america.com\/site\/principal\/2018\/04\/19\/merkel-y-macron-pactaran-propuestas-de-reforma-hasta-cumbre-de-ue\/#breadcrumb","itemListElement":[{"@type":"ListItem","position":1,"name":"Portada","item":"https:\/\/noti-america.com\/site\/principal\/"},{"@type":"ListItem","position":2,"name":"Merkel y Macron pactar\u00e1n propuestas de reforma hasta cumbre de UE"}]},{"@type":"WebSite","@id":"https:\/\/noti-america.com\/site\/principal\/#website","url":"https:\/\/noti-america.com\/site\/principal\/","name":"Noti-America.com","description":"El Noticiero Digital M\u00e1s Grande de Am\u00e9rica","potentialAction":[{"@type":"SearchAction","target":{"@type":"EntryPoint","urlTemplate":"https:\/\/noti-america.com\/site\/principal\/?s={search_term_string}"},"query-input":{"@type":"PropertyValueSpecification","valueRequired":true,"valueName":"search_term_string"}}],"inLanguage":"es"},{"@type":"Person","@id":"https:\/\/noti-america.com\/site\/principal\/#\/schema\/person\/1a24e37c3c358f389f0a111448ddb870","name":"Ydalith Figueroa Kad-Bay","image":{"@type":"ImageObject","inLanguage":"es","@id":"https:\/\/secure.gravatar.com\/avatar\/7d1e350465afd215908c3ed413e32ef600cd41c3c21b95416252432a9f6c219c?s=96&d=mm&r=g","url":"https:\/\/secure.gravatar.com\/avatar\/7d1e350465afd215908c3ed413e32ef600cd41c3c21b95416252432a9f6c219c?s=96&d=mm&r=g","contentUrl":"https:\/\/secure.gravatar.com\/avatar\/7d1e350465afd215908c3ed413e32ef600cd41c3c21b95416252432a9f6c219c?s=96&d=mm&r=g","caption":"Ydalith Figueroa Kad-Bay"},"description":"CEO Noti-America Alemania Embajadora de Venezuela para el Proyecto de Acci\u00f3n Clim\u00e1tica de la ONU, Embajadora para la ense\u00f1anza de los ODS de la ONU, Amplificador de la Acci\u00f3n de los ODS de la ONU, Profesor Voluntario del Proyecto KAKUMA (Educaci\u00f3n de calidad para refugiados en \u00c1frica) UNHCR \u2013 ACNUR - Agencia para los refugiados de la ONU-, Miembro de la ONG Gente Y Ciudad, Embajador de las Instituciones de Microfinanzas \u201cNo a la pobreza ODS #1 de la ONU\u201d (todos tienen derecho a acceso a un cr\u00e9dito), y Voluntario al di\u00e1logo global de UN75. Twitter @ydalithkad email ydalith@yhaoo.com Locutor Profesional 32931 Universidad Central de Venezuela @ISHannover \"Colegio Internacional de Hannover Regi\u00f3n, Alemania\" Representante de Aprendizaje Innovaci\u00f3n y Tecnolog\u00eda #LMS (Sistema de Gesti\u00f3n de Aprendizaje) #LMS Gente y Ciudad &amp; Asesores Internacionales ONG Alemania. ONG \"Gente y Ciudad, Venezuela\" Miembro y Asesor especialista An\u00e1lisis de Pol\u00edtica Internacional Asesor Pol\u00edtico Internacional de Venezuela en la defensa de los Derechos Humanos y el restablecimiento Democr\u00e1tico. Diplomacia positiva y Activa. Pasi\u00f3n por el Golf Proyecto #LMS \"Golf para ni\u00f1os y adultos Internacional\" Pasi\u00f3n por los Postres Proyecto #LMS \"Postres, Que Unen a las Culturas del mundo\"","sameAs":["https:\/\/x.com\/ydalithkad"],"url":"https:\/\/noti-america.com\/site\/principal\/author\/yfigueroa\/"}]}},"_links":{"self":[{"href":"https:\/\/noti-america.com\/site\/principal\/wp-json\/wp\/v2\/posts\/3242","targetHints":{"allow":["GET"]}}],"collection":[{"href":"https:\/\/noti-america.com\/site\/principal\/wp-json\/wp\/v2\/posts"}],"about":[{"href":"https:\/\/noti-america.com\/site\/principal\/wp-json\/wp\/v2\/types\/post"}],"author":[{"embeddable":true,"href":"https:\/\/noti-america.com\/site\/principal\/wp-json\/wp\/v2\/users\/31"}],"replies":[{"embeddable":true,"href":"https:\/\/noti-america.com\/site\/principal\/wp-json\/wp\/v2\/comments?post=3242"}],"version-history":[{"count":1,"href":"https:\/\/noti-america.com\/site\/principal\/wp-json\/wp\/v2\/posts\/3242\/revisions"}],"predecessor-version":[{"id":3244,"href":"https:\/\/noti-america.com\/site\/principal\/wp-json\/wp\/v2\/posts\/3242\/revisions\/3244"}],"wp:featuredmedia":[{"embeddable":true,"href":"https:\/\/noti-america.com\/site\/principal\/wp-json\/wp\/v2\/media\/3243"}],"wp:attachment":[{"href":"https:\/\/noti-america.com\/site\/principal\/wp-json\/wp\/v2\/media?parent=3242"}],"wp:term":[{"taxonomy":"category","embeddable":true,"href":"https:\/\/noti-america.com\/site\/principal\/wp-json\/wp\/v2\/categories?post=3242"},{"taxonomy":"post_tag","embeddable":true,"href":"https:\/\/noti-america.com\/site\/principal\/wp-json\/wp\/v2\/tags?post=3242"}],"curies":[{"name":"wp","href":"https:\/\/api.w.org\/{rel}","templated":true}]}}