{"id":31656,"date":"2023-09-25T14:31:48","date_gmt":"2023-09-25T18:31:48","guid":{"rendered":"https:\/\/noti-america.com\/site\/principal\/?p=31656"},"modified":"2023-09-25T14:31:48","modified_gmt":"2023-09-25T18:31:48","slug":"cnp-escuchara-planteamientos-del-cne-sobre-asistencia-en-primarias","status":"publish","type":"post","link":"https:\/\/noti-america.com\/site\/principal\/2023\/09\/25\/cnp-escuchara-planteamientos-del-cne-sobre-asistencia-en-primarias\/","title":{"rendered":"CNP escuchar\u00e1 \u201cplanteamientos\u201d del CNE sobre asistencia en primarias"},"content":{"rendered":"<p>NOTI-AMERICA.COM | VENEZUELA \u2013 La Comisi\u00f3n Nacional de Primaria (CNP) de Venezuela, que organiza los comicios en los que la oposici\u00f3n definir\u00e1, el 22 de octubre, a su abanderado para las presidenciales de 2024, dijo este domingo que \u201cescuchar\u00e1 los planeamientos\u201d del Consejo Nacional Electoral (CNE) sobre la asistencia t\u00e9cnica a las internas.<\/p>\n<p>\u201cLa CNP escuchar\u00e1 los planteamientos del CNE. Contin\u00faa con el desarrollo de las actividades propias de la primaria\u201d, dijo la comisi\u00f3n en un breve mensaje publicado en X (antes Twitter).<\/p>\n<p>Se\u00f1al\u00f3, sin ofrecer mayores detalles, que llev\u00f3 a cabo este domingo una \u201cproductiva jornada de consulta con candidatos y factores pol\u00edticos, en relaci\u00f3n con la declaraci\u00f3n del presidente del CNE\u201d, Elvis Amoroso, del pasado viernes, cuando anunci\u00f3 que el ente electoral ha decidido, por unanimidad, \u201cproporcionar servicio t\u00e9cnico\u201d a las primarias.<\/p>\n<p>Amoroso tambi\u00e9n convoc\u00f3 al presidente de la CNP, Jes\u00fas Mar\u00eda Casal, a la sede del ente comicial para una \u201creuni\u00f3n t\u00e9cnica\u201d con los rectores electorales.<\/p>\n<p>La Comisi\u00f3n de Primaria anunci\u00f3 el viernes que conversar\u00e1 con los 13 candidatos a las internas sobre la respuesta del ente electoral a una solicitud de ayuda que hizo en junio, antes de que los entonces rectores del CNE renunciaran a sus cargos.<\/p>\n<p>La CNP manifest\u00f3 entonces que, en esas circunstancias, optaba por organizar sus comicios sin apoyo del ente, que qued\u00f3 en funciones hasta que, el pasado 24 de agosto, el Parlamento nombr\u00f3 nueva directiva, con Amoroso a la cabeza.<\/p>\n<p>Ni la oposici\u00f3n ni el CNE han explicado en qu\u00e9 momento se retom\u00f3 la idea de la participaci\u00f3n del ente rector ni de qu\u00e9 forma se gestion\u00f3.<\/p>\n<p>El partido opositor Voluntad Popular dijo este s\u00e1bado que el CNE intenta \u201csabotear\u201d las primarias con su \u201coferta\u201d de asistencia t\u00e9cnica, mientras que el candidato a las primarias Andr\u00e9s Caleca respald\u00f3 las internas \u201ccon o sin\u201d asistencia del ente.<\/p>\n","protected":false},"excerpt":{"rendered":"<p>NOTI-AMERICA.COM | VENEZUELA \u2013 La Comisi\u00f3n Nacional de Primaria (CNP) de Venezuela, que organiza los comicios en los que la oposici\u00f3n definir\u00e1, el 22 de octubre, a su abanderado para las presidenciales de 2024,&#46;&#46;&#46;<\/p>\n","protected":false},"author":133,"featured_media":31657,"comment_status":"","ping_status":"open","sticky":false,"template":"","format":"image","meta":{"_acf_changed":false,"rop_custom_images_group":[],"rop_custom_messages_group":[],"rop_publish_now":"initial","rop_publish_now_accounts":{"facebook_10219548024599422_1632221337088128":"","twitter_242054905_242054905":""},"rop_publish_now_history":[],"rop_publish_now_status":"pending","footnotes":""},"categories":[674,100],"tags":[],"class_list":["post-31656","post","type-post","status-publish","format-image","has-post-thumbnail","hentry","category-nacionales","category-venezuela","post_format-post-format-image"],"acf":[],"yoast_head":"<!-- This site is optimized with the Yoast SEO Premium plugin v24.9 (Yoast SEO v27.2) - https:\/\/yoast.com\/product\/yoast-seo-premium-wordpress\/ -->\n<title>CNP escuchar\u00e1 \u201cplanteamientos\u201d del CNE sobre asistencia en primarias - Noti-America.com<\/title>\n<meta name=\"robots\" content=\"index, follow, max-snippet:-1, max-image-preview:large, max-video-preview:-1\" \/>\n<link rel=\"canonical\" href=\"https:\/\/noti-america.com\/site\/principal\/2023\/09\/25\/cnp-escuchara-planteamientos-del-cne-sobre-asistencia-en-primarias\/\" \/>\n<meta property=\"og:locale\" content=\"es_ES\" \/>\n<meta property=\"og:type\" content=\"article\" \/>\n<meta property=\"og:title\" content=\"CNP escuchar\u00e1 \u201cplanteamientos\u201d del CNE sobre asistencia en primarias\" \/>\n<meta property=\"og:description\" content=\"NOTI-AMERICA.COM | VENEZUELA \u2013 La Comisi\u00f3n Nacional de Primaria (CNP) de Venezuela, que organiza los comicios en los que la oposici\u00f3n definir\u00e1, el 22 de octubre, a su abanderado para las presidenciales de 2024,&#046;&#046;&#046;\" \/>\n<meta property=\"og:url\" content=\"https:\/\/noti-america.com\/site\/principal\/2023\/09\/25\/cnp-escuchara-planteamientos-del-cne-sobre-asistencia-en-primarias\/\" \/>\n<meta property=\"og:site_name\" content=\"Noti-America.com\" \/>\n<meta property=\"article:author\" content=\"Mar\u00eda Valentina Noguera\" \/>\n<meta property=\"article:published_time\" content=\"2023-09-25T18:31:48+00:00\" \/>\n<meta property=\"og:image\" content=\"https:\/\/noti-america.com\/site\/principal\/wp-content\/uploads\/sites\/26\/2023\/09\/05-05-2023-JPG-comision-nacional-de-primaria-e.jpg\" \/>\n\t<meta property=\"og:image:width\" content=\"900\" \/>\n\t<meta property=\"og:image:height\" content=\"507\" \/>\n\t<meta property=\"og:image:type\" content=\"image\/jpeg\" \/>\n<meta name=\"author\" content=\"Maria Valentina Noguera Medina\" \/>\n<meta name=\"twitter:card\" content=\"summary_large_image\" \/>\n<meta name=\"twitter:label1\" content=\"Escrito por\" \/>\n\t<meta name=\"twitter:data1\" content=\"Maria Valentina Noguera Medina\" \/>\n\t<meta name=\"twitter:label2\" content=\"Tiempo estimado de lectura\" \/>\n\t<meta name=\"twitter:data2\" content=\"2 minutos\" \/>\n<script type=\"application\/ld+json\" class=\"yoast-schema-graph\">{\"@context\":\"https:\/\/schema.org\",\"@graph\":[{\"@type\":\"Article\",\"@id\":\"https:\/\/noti-america.com\/site\/principal\/2023\/09\/25\/cnp-escuchara-planteamientos-del-cne-sobre-asistencia-en-primarias\/#article\",\"isPartOf\":{\"@id\":\"https:\/\/noti-america.com\/site\/principal\/2023\/09\/25\/cnp-escuchara-planteamientos-del-cne-sobre-asistencia-en-primarias\/\"},\"author\":{\"name\":\"Maria Valentina Noguera Medina\",\"@id\":\"https:\/\/noti-america.com\/site\/principal\/#\/schema\/person\/22806efcc2cfc4b45efb0e17be210ea8\"},\"headline\":\"CNP escuchar\u00e1 \u201cplanteamientos\u201d del CNE sobre asistencia en primarias\",\"datePublished\":\"2023-09-25T18:31:48+00:00\",\"mainEntityOfPage\":{\"@id\":\"https:\/\/noti-america.com\/site\/principal\/2023\/09\/25\/cnp-escuchara-planteamientos-del-cne-sobre-asistencia-en-primarias\/\"},\"wordCount\":331,\"image\":{\"@id\":\"https:\/\/noti-america.com\/site\/principal\/2023\/09\/25\/cnp-escuchara-planteamientos-del-cne-sobre-asistencia-en-primarias\/#primaryimage\"},\"thumbnailUrl\":\"https:\/\/noti-america.com\/site\/principal\/wp-content\/uploads\/sites\/26\/2023\/09\/05-05-2023-JPG-comision-nacional-de-primaria-e.jpg\",\"articleSection\":[\"Nacionales\",\"Venezuela\"],\"inLanguage\":\"es\"},{\"@type\":\"WebPage\",\"@id\":\"https:\/\/noti-america.com\/site\/principal\/2023\/09\/25\/cnp-escuchara-planteamientos-del-cne-sobre-asistencia-en-primarias\/\",\"url\":\"https:\/\/noti-america.com\/site\/principal\/2023\/09\/25\/cnp-escuchara-planteamientos-del-cne-sobre-asistencia-en-primarias\/\",\"name\":\"CNP escuchar\u00e1 \u201cplanteamientos\u201d del CNE sobre asistencia en primarias - Noti-America.com\",\"isPartOf\":{\"@id\":\"https:\/\/noti-america.com\/site\/principal\/#website\"},\"primaryImageOfPage\":{\"@id\":\"https:\/\/noti-america.com\/site\/principal\/2023\/09\/25\/cnp-escuchara-planteamientos-del-cne-sobre-asistencia-en-primarias\/#primaryimage\"},\"image\":{\"@id\":\"https:\/\/noti-america.com\/site\/principal\/2023\/09\/25\/cnp-escuchara-planteamientos-del-cne-sobre-asistencia-en-primarias\/#primaryimage\"},\"thumbnailUrl\":\"https:\/\/noti-america.com\/site\/principal\/wp-content\/uploads\/sites\/26\/2023\/09\/05-05-2023-JPG-comision-nacional-de-primaria-e.jpg\",\"datePublished\":\"2023-09-25T18:31:48+00:00\",\"author\":{\"@id\":\"https:\/\/noti-america.com\/site\/principal\/#\/schema\/person\/22806efcc2cfc4b45efb0e17be210ea8\"},\"breadcrumb\":{\"@id\":\"https:\/\/noti-america.com\/site\/principal\/2023\/09\/25\/cnp-escuchara-planteamientos-del-cne-sobre-asistencia-en-primarias\/#breadcrumb\"},\"inLanguage\":\"es\",\"potentialAction\":[{\"@type\":\"ReadAction\",\"target\":[\"https:\/\/noti-america.com\/site\/principal\/2023\/09\/25\/cnp-escuchara-planteamientos-del-cne-sobre-asistencia-en-primarias\/\"]}]},{\"@type\":\"ImageObject\",\"inLanguage\":\"es\",\"@id\":\"https:\/\/noti-america.com\/site\/principal\/2023\/09\/25\/cnp-escuchara-planteamientos-del-cne-sobre-asistencia-en-primarias\/#primaryimage\",\"url\":\"https:\/\/noti-america.com\/site\/principal\/wp-content\/uploads\/sites\/26\/2023\/09\/05-05-2023-JPG-comision-nacional-de-primaria-e.jpg\",\"contentUrl\":\"https:\/\/noti-america.com\/site\/principal\/wp-content\/uploads\/sites\/26\/2023\/09\/05-05-2023-JPG-comision-nacional-de-primaria-e.jpg\",\"width\":900,\"height\":507},{\"@type\":\"BreadcrumbList\",\"@id\":\"https:\/\/noti-america.com\/site\/principal\/2023\/09\/25\/cnp-escuchara-planteamientos-del-cne-sobre-asistencia-en-primarias\/#breadcrumb\",\"itemListElement\":[{\"@type\":\"ListItem\",\"position\":1,\"name\":\"Portada\",\"item\":\"https:\/\/noti-america.com\/site\/principal\/\"},{\"@type\":\"ListItem\",\"position\":2,\"name\":\"CNP escuchar\u00e1 \u201cplanteamientos\u201d del CNE sobre asistencia en primarias\"}]},{\"@type\":\"WebSite\",\"@id\":\"https:\/\/noti-america.com\/site\/principal\/#website\",\"url\":\"https:\/\/noti-america.com\/site\/principal\/\",\"name\":\"Noti-America.com\",\"description\":\"El Noticiero Digital M\u00e1s Grande de Am\u00e9rica\",\"potentialAction\":[{\"@type\":\"SearchAction\",\"target\":{\"@type\":\"EntryPoint\",\"urlTemplate\":\"https:\/\/noti-america.com\/site\/principal\/?s={search_term_string}\"},\"query-input\":{\"@type\":\"PropertyValueSpecification\",\"valueRequired\":true,\"valueName\":\"search_term_string\"}}],\"inLanguage\":\"es\"},{\"@type\":\"Person\",\"@id\":\"https:\/\/noti-america.com\/site\/principal\/#\/schema\/person\/22806efcc2cfc4b45efb0e17be210ea8\",\"name\":\"Maria Valentina Noguera Medina\",\"image\":{\"@type\":\"ImageObject\",\"inLanguage\":\"es\",\"@id\":\"https:\/\/secure.gravatar.com\/avatar\/4ec5eb9d099f2608a49c9df6f7341f66f04f819cdffa09d56a7a0e91d2819d56?s=96&d=mm&r=g\",\"url\":\"https:\/\/secure.gravatar.com\/avatar\/4ec5eb9d099f2608a49c9df6f7341f66f04f819cdffa09d56a7a0e91d2819d56?s=96&d=mm&r=g\",\"contentUrl\":\"https:\/\/secure.gravatar.com\/avatar\/4ec5eb9d099f2608a49c9df6f7341f66f04f819cdffa09d56a7a0e91d2819d56?s=96&d=mm&r=g\",\"caption\":\"Maria Valentina Noguera Medina\"},\"description\":\"Periodista - noti-america - Promar Community Manager - Talento Plus Dise\u00f1adora\/ creadora de contenido...\",\"sameAs\":[\"Mar\u00eda Valentina Noguera\",\"https:\/\/www.facebook.com\/mariavalentina.noguera\",\"https:\/\/www.linkedin.com\/in\/mara-valentina-noguera-medina-373075165\/\",\"https:\/\/www.pinterest.es\/valentinanoguera95\/\",\"https:\/\/www.youtube.com\/channel\/UCdek6mbUZ-Tqqw0I63i4nmQ\"],\"url\":\"https:\/\/noti-america.com\/site\/principal\/author\/mnoguera\/\"}]}<\/script>\n<!-- \/ Yoast SEO Premium plugin. -->","yoast_head_json":{"title":"CNP escuchar\u00e1 \u201cplanteamientos\u201d del CNE sobre asistencia en primarias - Noti-America.com","robots":{"index":"index","follow":"follow","max-snippet":"max-snippet:-1","max-image-preview":"max-image-preview:large","max-video-preview":"max-video-preview:-1"},"canonical":"https:\/\/noti-america.com\/site\/principal\/2023\/09\/25\/cnp-escuchara-planteamientos-del-cne-sobre-asistencia-en-primarias\/","og_locale":"es_ES","og_type":"article","og_title":"CNP escuchar\u00e1 \u201cplanteamientos\u201d del CNE sobre asistencia en primarias","og_description":"NOTI-AMERICA.COM | VENEZUELA \u2013 La Comisi\u00f3n Nacional de Primaria (CNP) de Venezuela, que organiza los comicios en los que la oposici\u00f3n definir\u00e1, el 22 de octubre, a su abanderado para las presidenciales de 2024,&#46;&#46;&#46;","og_url":"https:\/\/noti-america.com\/site\/principal\/2023\/09\/25\/cnp-escuchara-planteamientos-del-cne-sobre-asistencia-en-primarias\/","og_site_name":"Noti-America.com","article_author":"Mar\u00eda Valentina Noguera","article_published_time":"2023-09-25T18:31:48+00:00","og_image":[{"width":900,"height":507,"url":"https:\/\/noti-america.com\/site\/principal\/wp-content\/uploads\/sites\/26\/2023\/09\/05-05-2023-JPG-comision-nacional-de-primaria-e.jpg","type":"image\/jpeg"}],"author":"Maria Valentina Noguera Medina","twitter_card":"summary_large_image","twitter_misc":{"Escrito por":"Maria Valentina Noguera Medina","Tiempo estimado de lectura":"2 minutos"},"schema":{"@context":"https:\/\/schema.org","@graph":[{"@type":"Article","@id":"https:\/\/noti-america.com\/site\/principal\/2023\/09\/25\/cnp-escuchara-planteamientos-del-cne-sobre-asistencia-en-primarias\/#article","isPartOf":{"@id":"https:\/\/noti-america.com\/site\/principal\/2023\/09\/25\/cnp-escuchara-planteamientos-del-cne-sobre-asistencia-en-primarias\/"},"author":{"name":"Maria Valentina Noguera Medina","@id":"https:\/\/noti-america.com\/site\/principal\/#\/schema\/person\/22806efcc2cfc4b45efb0e17be210ea8"},"headline":"CNP escuchar\u00e1 \u201cplanteamientos\u201d del CNE sobre asistencia en primarias","datePublished":"2023-09-25T18:31:48+00:00","mainEntityOfPage":{"@id":"https:\/\/noti-america.com\/site\/principal\/2023\/09\/25\/cnp-escuchara-planteamientos-del-cne-sobre-asistencia-en-primarias\/"},"wordCount":331,"image":{"@id":"https:\/\/noti-america.com\/site\/principal\/2023\/09\/25\/cnp-escuchara-planteamientos-del-cne-sobre-asistencia-en-primarias\/#primaryimage"},"thumbnailUrl":"https:\/\/noti-america.com\/site\/principal\/wp-content\/uploads\/sites\/26\/2023\/09\/05-05-2023-JPG-comision-nacional-de-primaria-e.jpg","articleSection":["Nacionales","Venezuela"],"inLanguage":"es"},{"@type":"WebPage","@id":"https:\/\/noti-america.com\/site\/principal\/2023\/09\/25\/cnp-escuchara-planteamientos-del-cne-sobre-asistencia-en-primarias\/","url":"https:\/\/noti-america.com\/site\/principal\/2023\/09\/25\/cnp-escuchara-planteamientos-del-cne-sobre-asistencia-en-primarias\/","name":"CNP escuchar\u00e1 \u201cplanteamientos\u201d del CNE sobre asistencia en primarias - Noti-America.com","isPartOf":{"@id":"https:\/\/noti-america.com\/site\/principal\/#website"},"primaryImageOfPage":{"@id":"https:\/\/noti-america.com\/site\/principal\/2023\/09\/25\/cnp-escuchara-planteamientos-del-cne-sobre-asistencia-en-primarias\/#primaryimage"},"image":{"@id":"https:\/\/noti-america.com\/site\/principal\/2023\/09\/25\/cnp-escuchara-planteamientos-del-cne-sobre-asistencia-en-primarias\/#primaryimage"},"thumbnailUrl":"https:\/\/noti-america.com\/site\/principal\/wp-content\/uploads\/sites\/26\/2023\/09\/05-05-2023-JPG-comision-nacional-de-primaria-e.jpg","datePublished":"2023-09-25T18:31:48+00:00","author":{"@id":"https:\/\/noti-america.com\/site\/principal\/#\/schema\/person\/22806efcc2cfc4b45efb0e17be210ea8"},"breadcrumb":{"@id":"https:\/\/noti-america.com\/site\/principal\/2023\/09\/25\/cnp-escuchara-planteamientos-del-cne-sobre-asistencia-en-primarias\/#breadcrumb"},"inLanguage":"es","potentialAction":[{"@type":"ReadAction","target":["https:\/\/noti-america.com\/site\/principal\/2023\/09\/25\/cnp-escuchara-planteamientos-del-cne-sobre-asistencia-en-primarias\/"]}]},{"@type":"ImageObject","inLanguage":"es","@id":"https:\/\/noti-america.com\/site\/principal\/2023\/09\/25\/cnp-escuchara-planteamientos-del-cne-sobre-asistencia-en-primarias\/#primaryimage","url":"https:\/\/noti-america.com\/site\/principal\/wp-content\/uploads\/sites\/26\/2023\/09\/05-05-2023-JPG-comision-nacional-de-primaria-e.jpg","contentUrl":"https:\/\/noti-america.com\/site\/principal\/wp-content\/uploads\/sites\/26\/2023\/09\/05-05-2023-JPG-comision-nacional-de-primaria-e.jpg","width":900,"height":507},{"@type":"BreadcrumbList","@id":"https:\/\/noti-america.com\/site\/principal\/2023\/09\/25\/cnp-escuchara-planteamientos-del-cne-sobre-asistencia-en-primarias\/#breadcrumb","itemListElement":[{"@type":"ListItem","position":1,"name":"Portada","item":"https:\/\/noti-america.com\/site\/principal\/"},{"@type":"ListItem","position":2,"name":"CNP escuchar\u00e1 \u201cplanteamientos\u201d del CNE sobre asistencia en primarias"}]},{"@type":"WebSite","@id":"https:\/\/noti-america.com\/site\/principal\/#website","url":"https:\/\/noti-america.com\/site\/principal\/","name":"Noti-America.com","description":"El Noticiero Digital M\u00e1s Grande de Am\u00e9rica","potentialAction":[{"@type":"SearchAction","target":{"@type":"EntryPoint","urlTemplate":"https:\/\/noti-america.com\/site\/principal\/?s={search_term_string}"},"query-input":{"@type":"PropertyValueSpecification","valueRequired":true,"valueName":"search_term_string"}}],"inLanguage":"es"},{"@type":"Person","@id":"https:\/\/noti-america.com\/site\/principal\/#\/schema\/person\/22806efcc2cfc4b45efb0e17be210ea8","name":"Maria Valentina Noguera Medina","image":{"@type":"ImageObject","inLanguage":"es","@id":"https:\/\/secure.gravatar.com\/avatar\/4ec5eb9d099f2608a49c9df6f7341f66f04f819cdffa09d56a7a0e91d2819d56?s=96&d=mm&r=g","url":"https:\/\/secure.gravatar.com\/avatar\/4ec5eb9d099f2608a49c9df6f7341f66f04f819cdffa09d56a7a0e91d2819d56?s=96&d=mm&r=g","contentUrl":"https:\/\/secure.gravatar.com\/avatar\/4ec5eb9d099f2608a49c9df6f7341f66f04f819cdffa09d56a7a0e91d2819d56?s=96&d=mm&r=g","caption":"Maria Valentina Noguera Medina"},"description":"Periodista - noti-america - Promar Community Manager - Talento Plus Dise\u00f1adora\/ creadora de contenido...","sameAs":["Mar\u00eda Valentina Noguera","https:\/\/www.facebook.com\/mariavalentina.noguera","https:\/\/www.linkedin.com\/in\/mara-valentina-noguera-medina-373075165\/","https:\/\/www.pinterest.es\/valentinanoguera95\/","https:\/\/www.youtube.com\/channel\/UCdek6mbUZ-Tqqw0I63i4nmQ"],"url":"https:\/\/noti-america.com\/site\/principal\/author\/mnoguera\/"}]}},"_links":{"self":[{"href":"https:\/\/noti-america.com\/site\/principal\/wp-json\/wp\/v2\/posts\/31656","targetHints":{"allow":["GET"]}}],"collection":[{"href":"https:\/\/noti-america.com\/site\/principal\/wp-json\/wp\/v2\/posts"}],"about":[{"href":"https:\/\/noti-america.com\/site\/principal\/wp-json\/wp\/v2\/types\/post"}],"author":[{"embeddable":true,"href":"https:\/\/noti-america.com\/site\/principal\/wp-json\/wp\/v2\/users\/133"}],"replies":[{"embeddable":true,"href":"https:\/\/noti-america.com\/site\/principal\/wp-json\/wp\/v2\/comments?post=31656"}],"version-history":[{"count":0,"href":"https:\/\/noti-america.com\/site\/principal\/wp-json\/wp\/v2\/posts\/31656\/revisions"}],"wp:featuredmedia":[{"embeddable":true,"href":"https:\/\/noti-america.com\/site\/principal\/wp-json\/wp\/v2\/media\/31657"}],"wp:attachment":[{"href":"https:\/\/noti-america.com\/site\/principal\/wp-json\/wp\/v2\/media?parent=31656"}],"wp:term":[{"taxonomy":"category","embeddable":true,"href":"https:\/\/noti-america.com\/site\/principal\/wp-json\/wp\/v2\/categories?post=31656"},{"taxonomy":"post_tag","embeddable":true,"href":"https:\/\/noti-america.com\/site\/principal\/wp-json\/wp\/v2\/tags?post=31656"}],"curies":[{"name":"wp","href":"https:\/\/api.w.org\/{rel}","templated":true}]}}