{"id":31201,"date":"2023-09-10T01:05:45","date_gmt":"2023-09-10T05:05:45","guid":{"rendered":"https:\/\/noti-america.com\/site\/principal\/?p=31201"},"modified":"2023-09-10T01:05:45","modified_gmt":"2023-09-10T05:05:45","slug":"mas-de-siete-millones-de-ninos-refugiados-no-van-a-la-escuela","status":"publish","type":"post","link":"https:\/\/noti-america.com\/site\/principal\/2023\/09\/10\/mas-de-siete-millones-de-ninos-refugiados-no-van-a-la-escuela\/","title":{"rendered":"M\u00e1s de siete millones de ni\u00f1os refugiados no van a la escuela"},"content":{"rendered":"<p><span style=\"color: #000000\"><strong>REDACCI\u00d3N NOTI-AM\u00c9RICA (ECUADOR)<\/strong><\/span><\/p>\n<section class=\"region region-before-content\">\n<div id=\"block-views-block-story-photo-block-image\" class=\"views-element-container block block-views block-views-block-story-photo-block-image\">\n<div class=\"content block__content\">\n<div class=\"view view-story-photo view-id-story_photo view-display-id-block_image js-view-dom-id-1604baa11e0cde8da0b0dbd9f8bca378af06877191be0bec1a45eb04efd3375a\">\n<div class=\"view-content\">\n<div class=\"views-row\">\n<div class=\"node node--type-news-story node--view-mode-top-image clearfix container\" role=\"article\">\n<p style=\"text-align: justify\"><span lang=\"ES\" xml:lang=\"ES\">El 20% de los refugiados vive en los 46 pa\u00edses menos desarrollados del mundo y m\u00e1s del 75% viven en naciones de renta baja y media, lo que hace que los m\u00e1s pobres soporten una carga desproporcionada de los costos de educaci\u00f3n de los ni\u00f1os desplazados, revela un nuevo informe del organismo para los refugiados.<\/span><\/p>\n<div class=\"story-media\" style=\"text-align: justify\">\n<div class=\"media-image\">\n<div class=\"field field--name-field-news-story-photo field--type-entity-reference field--label-hidden field__item\"><img loading=\"lazy\" decoding=\"async\" title=\"Una ni\u00f1a refugiada siria estudia en Jordania en un centro apoyado por UNICEF.\" src=\"https:\/\/global.unitednations.entermediadb.net\/assets\/mediadb\/services\/module\/asset\/downloads\/preset\/Collections\/Embargoed\/14-08-2023_UNICEF_Jordan.jpg\/image1170x530cropped.jpg\" alt=\"Una ni\u00f1a refugiada siria estudia en Jordania en un centro apoyado por UNICEF.\" width=\"1170\" height=\"530\" \/><\/div>\n<\/div>\n<\/div>\n<div class=\"story-caption\" style=\"text-align: justify\">\n<div class=\"context-caption_credit type-entermedia_image media media--type-entermedia-image media--view-mode-caption-credit\">\n<div class=\"field field--name-field-authors field--type-entity-reference field--label-hidden field__items\">\n<div class=\"field__item\">\u00a9 UNICEF\/Christopher Herwig. Una ni\u00f1a refugiada siria estudia en Jordania en un centro apoyado por UNICEF.<\/div>\n<\/div>\n<\/div>\n<\/div>\n<\/div>\n<\/div>\n<\/div>\n<\/div>\n<\/div>\n<\/div>\n<\/section>\n<div id=\"main-wrapper\" class=\"layout-main-wrapper clearfix\">\n<div id=\"main-container\" class=\"container layout-main-container\">\n<div class=\"row row-offcanvas row-offcanvas-left clearfix\"><main id=\"content\" class=\"main-content col-lg-9\" role=\"main\"><\/p>\n<section class=\"section\">\n<div id=\"block-views-block-content-fields-block-body\" class=\"views-element-container block block-views block-views-block-content-fields-block-body\">\n<div class=\"content block__content\">\n<div>\n<div class=\"view view-content-fields view-id-content_fields view-display-id-block_body js-view-dom-id-eff013957ecbd2d087423f19c49838e2db2e4c177e084da231b57f59b2b39ec7\">\n<div class=\"view-content\">\n<div class=\"views-row\">\n<div class=\"views-field views-field-field-news-story\">\n<div class=\"field-content\">\n<div class=\"paragraph paragraph--type--one-column-text paragraph--view-mode--default\">\n<div class=\"_none\">\n<div class=\"w-100\">\n<div class=\"layout row layout-builder__layout\">\n<div class=\"col-12\">\n<div class=\"_none block block-layout-builder block-field-block-paragraph-one-column-text-field-text-column\">\n<div class=\"content block__content\">\n<div class=\"clearfix text-formatted field field--name-field-text-column field--type-text-long field--label-hidden field__item\">\n<p style=\"text-align: justify\">En el mundo\u00a0<strong>hay actualmente unos 14,8 millones de ni\u00f1os refugiados en edad escolar y m\u00e1s de la mitad de ellos no recibe educaci\u00f3n<\/strong>\u00a0<strong>formal<\/strong>, con todos los perjuicios que esto implica para su futuro y el de sus sociedades, alert\u00f3 este viernes la\u00a0<a href=\"http:\/\/www.acnur.org\/\" target=\"_blank\" rel=\"noopener noreferrer\">Agencia de la ONU para los Refugiados<\/a>\u00a0(ACNUR).<\/p>\n<p style=\"text-align: justify\">El nuevo informe sobre la educaci\u00f3n de los refugiados -elaborado con datos de 70 pa\u00edses receptores-, revela que al t\u00e9rmino de 2022, los\u00a0<strong>ni\u00f1os refugiados en edad escolar aumentaron casi un 50%<\/strong>\u00a0con respecto al a\u00f1o anterior, sobre todo a causa de la guerra en Ucrania.<\/p>\n<p style=\"text-align: justify\">ACNUR estima que del total de esos menores,\u00a0<strong>m\u00e1s de siete millones, o el 51%, no est\u00e1n matriculados\u00a0<\/strong>en la escuela.<\/p>\n<p style=\"text-align: justify\">Por si fuera poco, la Agencia advierte que con la cantidad de poblaci\u00f3n desplazada aumentando a\u00f1o tras a\u00f1o, la proporci\u00f3n de\u00a0<strong>ni\u00f1os sin educaci\u00f3n seguir\u00e1 creciendo.<\/strong><\/p>\n<p style=\"text-align: justify\">El estudio se\u00f1ala que la inscripci\u00f3n de ni\u00f1os refugiados en los centros escolares\u00a0<strong>var\u00eda seg\u00fan el nivel educativo de los pa\u00edses<\/strong>\u00a0en que se encuentren, con una media de 38% de esos menores matriculado en nivel preescolar, 65% en primaria, 41% en secundaria y apenas 6% en terciaria.<\/p>\n<p style=\"text-align: justify\">Indica tambi\u00e9n que en las naciones de renta baja la\u00a0<strong>diferencia entre las tasas inscripci\u00f3n de ni\u00f1os refugiados y no refugiados es muy marcada<\/strong>, con muchos menos refugiados yendo a la escuela.<\/p>\n<p style=\"text-align: justify\"><span style=\"color: #000000\"><strong>Cuanto m\u00e1s avanzado sea el nivel, menos ni\u00f1os refugiados est\u00e1n inscritos<\/strong><\/span><\/p>\n<p style=\"text-align: justify\">El Alto Comisionado para los Refugiados, Filippo Grandi, refiri\u00f3 que cuanto m\u00e1s se avanza en la escala educativa es m\u00e1s pronunciad la disminuci\u00f3n de las cifras debido a que\u00a0<strong>las oportunidades de estudiar en el nivel secundario y terciario son limitadas.<\/strong><\/p>\n<p style=\"text-align: justify\">En este sentido, subray\u00f3 que\u00a0<strong>hacen falta sistemas educativos inclusivos<\/strong>\u00a0que brinden a los refugiados el mismo acceso y derechos que a los estudiantes del pa\u00eds de acogida.<\/p>\n<p style=\"text-align: justify\">\u201cA menos que se d\u00e9 un gran impulso a su acceso a la educaci\u00f3n,\u00a0<strong>esos ni\u00f1os y adolescentes se quedar\u00e1n atr\u00e1s<\/strong>, lo que impedir\u00e1 el logro de otros objetivos como el empleo, la salud, la igualdad, la erradicaci\u00f3n de la pobreza y m\u00e1s\u201d, recalc\u00f3 Grandi sobre los hallazgos del informe.<\/p>\n<p style=\"text-align: justify\"><span style=\"color: #000000\"><strong>Los m\u00e1s pobres llevan la mayor carga<\/strong><\/span><\/p>\n<p style=\"text-align: justify\">ACNUR explica que el\u00a0<strong>20% de los refugiados vive en los 46 pa\u00edses menos desarrollados<\/strong>\u00a0del mundo y que m\u00e1s del 75% se encuentra en pa\u00edses de ingresos bajos y medios, lo que hace que los costos de educar a los ni\u00f1os desplazados recaigan desproporcionadamente sobre los m\u00e1s pobres.<\/p>\n<p style=\"text-align: justify\">A este respecto, Grandi argument\u00f3 que los\u00a0<strong>pa\u00edses que acogen refugiados precisan de un apoyo<\/strong>\u00a0predecible y plurianual de instituciones financieras globales y regionales, pa\u00edses de renta alta y sector privado.<\/p>\n<p style=\"text-align: justify\">\u201cNo podemos esperar que los pa\u00edses sobrecargados y con\u00a0<strong>escasos recursos asuman la tarea por s\u00ed solos<\/strong>\u201d, abund\u00f3 el Alto Comisionado.<\/p>\n<p style=\"text-align: justify\">El informe de ACNUR dedica gran parte a destacar el\u00a0<strong>potencial de los refugiados en edad escolar cuando se les garantiza su acceso a la educaci\u00f3n<\/strong>. Para ello, incluye los casos de tres estudiantes refugiados sobresalientes en Afganist\u00e1n, Iraq y Sud\u00e1n del Sur.<\/p>\n<p style=\"text-align: justify\"><span style=\"color: #000000\"><strong>Los ni\u00f1os refugiados en Am\u00e9rica<\/strong><\/span><\/p>\n<p style=\"text-align: justify\">En un apartado dedicado a Am\u00e9rica, el estudio detalla que a finales de 2022 hab\u00eda m\u00e1s de 700.000 refugiados y 5,3 millones m\u00e1s de personas que necesitaban protecci\u00f3n, la mayor\u00eda de ellos eran venezolanos que se encontraban en distintos pa\u00edses.<\/p>\n<p style=\"text-align: justify\">Colombia (2,5 millones), Per\u00fa (976.400) y Ecuador (555.400) eran los pa\u00edses con el mayor n\u00famero de migrantes en la regi\u00f3n.<\/p>\n<p style=\"text-align: justify\">Seg\u00fan el organismo de la ONU, las tasas de inscripci\u00f3n escolar de los ni\u00f1os refugiados y migrantes en el continente es baja y disminuyen en el paso de la escuela primaria a la secundaria. Asimismo, las diferencias entre los estudiantes nacionales y los refugiados son grandes.<\/p>\n<p style=\"text-align: justify\"><span style=\"color: #000000\"><strong>Casi se logra la paridad de g\u00e9nero<\/strong><\/span><\/p>\n<p style=\"text-align: justify\">Entre los avances globales en la esfera de la educaci\u00f3n de los ni\u00f1os refugiados, ACNUR reporta estar muy cerca de la paridad de g\u00e9nero\u00a0<strong>entre menores que est\u00e1n matriculados en escuelas de los pa\u00edses de acogida<\/strong>. Tambi\u00e9n enfatiza que los ex\u00e1menes nacionales de que los estudiantes refugiados despuntan cuando se les brinda acceso a una educaci\u00f3n de calidad.<\/p>\n<p style=\"text-align: justify\">El informe hace hincapi\u00e9 en que si los ni\u00f1os refugiados se quedan atr\u00e1s, no se alcanzar\u00e1 el Objetivo de Desarrollo Sostenible de las Naciones Unidas de garantizar una educaci\u00f3n inclusiva, equitativa y de calidad para todos, y plantea que, en cambio, cuando tienen acceso a la educaci\u00f3n\u00a0<strong>pueden prosperar en beneficio de s\u00ed mismos y de los pa\u00edses de origen y acogida.<\/strong><\/p>\n<p style=\"text-align: justify\"><span style=\"color: #000000\"><strong>Apoyar la educaci\u00f3n de los ni\u00f1os refugiado<\/strong><\/span><\/p>\n<p style=\"text-align: justify\">Para apoyar la educaci\u00f3n de los ni\u00f1os refugiados, ACNUR delinea cuatro puntos en los que los donantes, la sociedad civil, los pa\u00edses anfitriones y otros actores pueden trabajar juntos:<\/p>\n<ol style=\"text-align: justify\">\n<li>Mejorar el\u00a0<strong>acceso a la educaci\u00f3n<\/strong>\u00a0y el aprendizaje para los ni\u00f1os y j\u00f3venes afectados por crisis<\/li>\n<li>Construir\u00a0<strong>sistemas educativos resilientes<\/strong>\u00a0a las crisis<\/li>\n<li>Incorporar a las pol\u00edticas y programas nacionales los programas e intervenciones que hayan probado ser eficientes, y ampliarlos para\u00a0<strong>alcanzar a todos los ni\u00f1os refugiados<\/strong><\/li>\n<li>Mantener y\u00a0<strong>aumentar el financiamiento externo<\/strong>, garantizar que llegue a todos los estudiantes de manera equitativa y que se integre a las prioridades de los planes nacionales de educaci\u00f3n<\/li>\n<\/ol>\n<p style=\"text-align: justify\"><span style=\"color: #000000\"><strong>Fuente: ONU<\/strong><\/span><\/p>\n<\/div>\n<\/div>\n<\/div>\n<\/div>\n<\/div>\n<\/div>\n<\/div>\n<\/div>\n<\/div>\n<\/div>\n<\/div>\n<\/div>\n<\/div>\n<\/div>\n<\/div>\n<\/div>\n<\/section>\n<p><\/main><\/div>\n<\/div>\n<\/div>\n","protected":false},"excerpt":{"rendered":"<p>REDACCI\u00d3N NOTI-AM\u00c9RICA (ECUADOR) El 20% de los refugiados vive en los 46 pa\u00edses menos desarrollados del mundo y m\u00e1s del 75% viven en naciones de renta baja y media, lo que hace que los&#46;&#46;&#46;<\/p>\n","protected":false},"author":17,"featured_media":31202,"comment_status":"","ping_status":"open","sticky":false,"template":"","format":"standard","meta":{"_acf_changed":false,"rop_custom_images_group":[],"rop_custom_messages_group":[],"rop_publish_now":"initial","rop_publish_now_accounts":{"facebook_10219548024599422_1632221337088128":"","twitter_242054905_242054905":""},"rop_publish_now_history":[],"rop_publish_now_status":"pending","footnotes":""},"categories":[2054],"tags":[],"class_list":["post-31201","post","type-post","status-publish","format-standard","has-post-thumbnail","hentry","category-migrantes-y-refugiados"],"acf":[],"yoast_head":"<!-- This site is optimized with the Yoast SEO Premium plugin v24.9 (Yoast SEO v27.2) - https:\/\/yoast.com\/product\/yoast-seo-premium-wordpress\/ -->\n<title>M\u00e1s de siete millones de ni\u00f1os refugiados no van a la escuela - Noti-America.com<\/title>\n<meta name=\"robots\" content=\"index, follow, max-snippet:-1, max-image-preview:large, max-video-preview:-1\" \/>\n<link rel=\"canonical\" href=\"https:\/\/noti-america.com\/site\/principal\/2023\/09\/10\/mas-de-siete-millones-de-ninos-refugiados-no-van-a-la-escuela\/\" \/>\n<meta property=\"og:locale\" content=\"es_ES\" \/>\n<meta property=\"og:type\" content=\"article\" \/>\n<meta property=\"og:title\" content=\"M\u00e1s de siete millones de ni\u00f1os refugiados no van a la escuela\" \/>\n<meta property=\"og:description\" content=\"REDACCI\u00d3N NOTI-AM\u00c9RICA (ECUADOR) El 20% de los refugiados vive en los 46 pa\u00edses menos desarrollados del mundo y m\u00e1s del 75% viven en naciones de renta baja y media, lo que hace que los&#046;&#046;&#046;\" \/>\n<meta property=\"og:url\" content=\"https:\/\/noti-america.com\/site\/principal\/2023\/09\/10\/mas-de-siete-millones-de-ninos-refugiados-no-van-a-la-escuela\/\" \/>\n<meta property=\"og:site_name\" content=\"Noti-America.com\" \/>\n<meta property=\"article:published_time\" content=\"2023-09-10T05:05:45+00:00\" \/>\n<meta property=\"og:image\" content=\"https:\/\/noti-america.com\/site\/principal\/wp-content\/uploads\/sites\/26\/2023\/09\/-UNICEF-Christopher-Herwig.jpg\" \/>\n\t<meta property=\"og:image:width\" content=\"560\" \/>\n\t<meta property=\"og:image:height\" content=\"340\" \/>\n\t<meta property=\"og:image:type\" content=\"image\/jpeg\" \/>\n<meta name=\"author\" content=\"Gregory Quintana Montiel\" \/>\n<meta name=\"twitter:card\" content=\"summary_large_image\" \/>\n<meta name=\"twitter:creator\" content=\"@gdgregori1\" \/>\n<meta name=\"twitter:label1\" content=\"Escrito por\" \/>\n\t<meta name=\"twitter:data1\" content=\"Gregory Quintana Montiel\" \/>\n\t<meta name=\"twitter:label2\" content=\"Tiempo estimado de lectura\" \/>\n\t<meta name=\"twitter:data2\" content=\"5 minutos\" \/>\n<script type=\"application\/ld+json\" class=\"yoast-schema-graph\">{\"@context\":\"https:\/\/schema.org\",\"@graph\":[{\"@type\":\"Article\",\"@id\":\"https:\/\/noti-america.com\/site\/principal\/2023\/09\/10\/mas-de-siete-millones-de-ninos-refugiados-no-van-a-la-escuela\/#article\",\"isPartOf\":{\"@id\":\"https:\/\/noti-america.com\/site\/principal\/2023\/09\/10\/mas-de-siete-millones-de-ninos-refugiados-no-van-a-la-escuela\/\"},\"author\":{\"name\":\"Gregory Quintana Montiel\",\"@id\":\"https:\/\/noti-america.com\/site\/principal\/#\/schema\/person\/3b975e42f15abfe64bfe3abdd916efda\"},\"headline\":\"M\u00e1s de siete millones de ni\u00f1os refugiados no van a la escuela\",\"datePublished\":\"2023-09-10T05:05:45+00:00\",\"mainEntityOfPage\":{\"@id\":\"https:\/\/noti-america.com\/site\/principal\/2023\/09\/10\/mas-de-siete-millones-de-ninos-refugiados-no-van-a-la-escuela\/\"},\"wordCount\":1025,\"image\":{\"@id\":\"https:\/\/noti-america.com\/site\/principal\/2023\/09\/10\/mas-de-siete-millones-de-ninos-refugiados-no-van-a-la-escuela\/#primaryimage\"},\"thumbnailUrl\":\"https:\/\/noti-america.com\/site\/principal\/wp-content\/uploads\/sites\/26\/2023\/09\/-UNICEF-Christopher-Herwig.jpg\",\"articleSection\":[\"Migrantes y Refugiados\"],\"inLanguage\":\"es\"},{\"@type\":\"WebPage\",\"@id\":\"https:\/\/noti-america.com\/site\/principal\/2023\/09\/10\/mas-de-siete-millones-de-ninos-refugiados-no-van-a-la-escuela\/\",\"url\":\"https:\/\/noti-america.com\/site\/principal\/2023\/09\/10\/mas-de-siete-millones-de-ninos-refugiados-no-van-a-la-escuela\/\",\"name\":\"M\u00e1s de siete millones de ni\u00f1os refugiados no van a la escuela - Noti-America.com\",\"isPartOf\":{\"@id\":\"https:\/\/noti-america.com\/site\/principal\/#website\"},\"primaryImageOfPage\":{\"@id\":\"https:\/\/noti-america.com\/site\/principal\/2023\/09\/10\/mas-de-siete-millones-de-ninos-refugiados-no-van-a-la-escuela\/#primaryimage\"},\"image\":{\"@id\":\"https:\/\/noti-america.com\/site\/principal\/2023\/09\/10\/mas-de-siete-millones-de-ninos-refugiados-no-van-a-la-escuela\/#primaryimage\"},\"thumbnailUrl\":\"https:\/\/noti-america.com\/site\/principal\/wp-content\/uploads\/sites\/26\/2023\/09\/-UNICEF-Christopher-Herwig.jpg\",\"datePublished\":\"2023-09-10T05:05:45+00:00\",\"author\":{\"@id\":\"https:\/\/noti-america.com\/site\/principal\/#\/schema\/person\/3b975e42f15abfe64bfe3abdd916efda\"},\"breadcrumb\":{\"@id\":\"https:\/\/noti-america.com\/site\/principal\/2023\/09\/10\/mas-de-siete-millones-de-ninos-refugiados-no-van-a-la-escuela\/#breadcrumb\"},\"inLanguage\":\"es\",\"potentialAction\":[{\"@type\":\"ReadAction\",\"target\":[\"https:\/\/noti-america.com\/site\/principal\/2023\/09\/10\/mas-de-siete-millones-de-ninos-refugiados-no-van-a-la-escuela\/\"]}]},{\"@type\":\"ImageObject\",\"inLanguage\":\"es\",\"@id\":\"https:\/\/noti-america.com\/site\/principal\/2023\/09\/10\/mas-de-siete-millones-de-ninos-refugiados-no-van-a-la-escuela\/#primaryimage\",\"url\":\"https:\/\/noti-america.com\/site\/principal\/wp-content\/uploads\/sites\/26\/2023\/09\/-UNICEF-Christopher-Herwig.jpg\",\"contentUrl\":\"https:\/\/noti-america.com\/site\/principal\/wp-content\/uploads\/sites\/26\/2023\/09\/-UNICEF-Christopher-Herwig.jpg\",\"width\":560,\"height\":340},{\"@type\":\"BreadcrumbList\",\"@id\":\"https:\/\/noti-america.com\/site\/principal\/2023\/09\/10\/mas-de-siete-millones-de-ninos-refugiados-no-van-a-la-escuela\/#breadcrumb\",\"itemListElement\":[{\"@type\":\"ListItem\",\"position\":1,\"name\":\"Portada\",\"item\":\"https:\/\/noti-america.com\/site\/principal\/\"},{\"@type\":\"ListItem\",\"position\":2,\"name\":\"M\u00e1s de siete millones de ni\u00f1os refugiados no van a la escuela\"}]},{\"@type\":\"WebSite\",\"@id\":\"https:\/\/noti-america.com\/site\/principal\/#website\",\"url\":\"https:\/\/noti-america.com\/site\/principal\/\",\"name\":\"Noti-America.com\",\"description\":\"El Noticiero Digital M\u00e1s Grande de Am\u00e9rica\",\"potentialAction\":[{\"@type\":\"SearchAction\",\"target\":{\"@type\":\"EntryPoint\",\"urlTemplate\":\"https:\/\/noti-america.com\/site\/principal\/?s={search_term_string}\"},\"query-input\":{\"@type\":\"PropertyValueSpecification\",\"valueRequired\":true,\"valueName\":\"search_term_string\"}}],\"inLanguage\":\"es\"},{\"@type\":\"Person\",\"@id\":\"https:\/\/noti-america.com\/site\/principal\/#\/schema\/person\/3b975e42f15abfe64bfe3abdd916efda\",\"name\":\"Gregory Quintana Montiel\",\"image\":{\"@type\":\"ImageObject\",\"inLanguage\":\"es\",\"@id\":\"https:\/\/secure.gravatar.com\/avatar\/2d6b802f7720c2ec7744dcbe608cc2f3417aeb964d58b443c6d612b77531de1d?s=96&d=mm&r=g\",\"url\":\"https:\/\/secure.gravatar.com\/avatar\/2d6b802f7720c2ec7744dcbe608cc2f3417aeb964d58b443c6d612b77531de1d?s=96&d=mm&r=g\",\"contentUrl\":\"https:\/\/secure.gravatar.com\/avatar\/2d6b802f7720c2ec7744dcbe608cc2f3417aeb964d58b443c6d612b77531de1d?s=96&d=mm&r=g\",\"caption\":\"Gregory Quintana Montiel\"},\"description\":\"Licenciatura en Ciencias de la Comunicaci\u00f3n Social, egresado en la Especializaci\u00f3n Derecho Ambiental Desarrollo Sostenible y Sustentable, Miembro de la Comunidad de profesionales y experto para Latinoam\u00e9rica y el Caribe en Gesti\u00f3n por Resultado en el Desarrollo (COPLAC - GpRD) del Banco Interamericano de Desarrollo, experiencia en medios radiales y escritos.\",\"sameAs\":[\"https:\/\/x.com\/gdgregori1\",\"gquintana\"],\"url\":\"https:\/\/noti-america.com\/site\/principal\/author\/gquintana\/\"}]}<\/script>\n<!-- \/ Yoast SEO Premium plugin. -->","yoast_head_json":{"title":"M\u00e1s de siete millones de ni\u00f1os refugiados no van a la escuela - Noti-America.com","robots":{"index":"index","follow":"follow","max-snippet":"max-snippet:-1","max-image-preview":"max-image-preview:large","max-video-preview":"max-video-preview:-1"},"canonical":"https:\/\/noti-america.com\/site\/principal\/2023\/09\/10\/mas-de-siete-millones-de-ninos-refugiados-no-van-a-la-escuela\/","og_locale":"es_ES","og_type":"article","og_title":"M\u00e1s de siete millones de ni\u00f1os refugiados no van a la escuela","og_description":"REDACCI\u00d3N NOTI-AM\u00c9RICA (ECUADOR) El 20% de los refugiados vive en los 46 pa\u00edses menos desarrollados del mundo y m\u00e1s del 75% viven en naciones de renta baja y media, lo que hace que los&#46;&#46;&#46;","og_url":"https:\/\/noti-america.com\/site\/principal\/2023\/09\/10\/mas-de-siete-millones-de-ninos-refugiados-no-van-a-la-escuela\/","og_site_name":"Noti-America.com","article_published_time":"2023-09-10T05:05:45+00:00","og_image":[{"width":560,"height":340,"url":"https:\/\/noti-america.com\/site\/principal\/wp-content\/uploads\/sites\/26\/2023\/09\/-UNICEF-Christopher-Herwig.jpg","type":"image\/jpeg"}],"author":"Gregory Quintana Montiel","twitter_card":"summary_large_image","twitter_creator":"@gdgregori1","twitter_misc":{"Escrito por":"Gregory Quintana Montiel","Tiempo estimado de lectura":"5 minutos"},"schema":{"@context":"https:\/\/schema.org","@graph":[{"@type":"Article","@id":"https:\/\/noti-america.com\/site\/principal\/2023\/09\/10\/mas-de-siete-millones-de-ninos-refugiados-no-van-a-la-escuela\/#article","isPartOf":{"@id":"https:\/\/noti-america.com\/site\/principal\/2023\/09\/10\/mas-de-siete-millones-de-ninos-refugiados-no-van-a-la-escuela\/"},"author":{"name":"Gregory Quintana Montiel","@id":"https:\/\/noti-america.com\/site\/principal\/#\/schema\/person\/3b975e42f15abfe64bfe3abdd916efda"},"headline":"M\u00e1s de siete millones de ni\u00f1os refugiados no van a la escuela","datePublished":"2023-09-10T05:05:45+00:00","mainEntityOfPage":{"@id":"https:\/\/noti-america.com\/site\/principal\/2023\/09\/10\/mas-de-siete-millones-de-ninos-refugiados-no-van-a-la-escuela\/"},"wordCount":1025,"image":{"@id":"https:\/\/noti-america.com\/site\/principal\/2023\/09\/10\/mas-de-siete-millones-de-ninos-refugiados-no-van-a-la-escuela\/#primaryimage"},"thumbnailUrl":"https:\/\/noti-america.com\/site\/principal\/wp-content\/uploads\/sites\/26\/2023\/09\/-UNICEF-Christopher-Herwig.jpg","articleSection":["Migrantes y Refugiados"],"inLanguage":"es"},{"@type":"WebPage","@id":"https:\/\/noti-america.com\/site\/principal\/2023\/09\/10\/mas-de-siete-millones-de-ninos-refugiados-no-van-a-la-escuela\/","url":"https:\/\/noti-america.com\/site\/principal\/2023\/09\/10\/mas-de-siete-millones-de-ninos-refugiados-no-van-a-la-escuela\/","name":"M\u00e1s de siete millones de ni\u00f1os refugiados no van a la escuela - Noti-America.com","isPartOf":{"@id":"https:\/\/noti-america.com\/site\/principal\/#website"},"primaryImageOfPage":{"@id":"https:\/\/noti-america.com\/site\/principal\/2023\/09\/10\/mas-de-siete-millones-de-ninos-refugiados-no-van-a-la-escuela\/#primaryimage"},"image":{"@id":"https:\/\/noti-america.com\/site\/principal\/2023\/09\/10\/mas-de-siete-millones-de-ninos-refugiados-no-van-a-la-escuela\/#primaryimage"},"thumbnailUrl":"https:\/\/noti-america.com\/site\/principal\/wp-content\/uploads\/sites\/26\/2023\/09\/-UNICEF-Christopher-Herwig.jpg","datePublished":"2023-09-10T05:05:45+00:00","author":{"@id":"https:\/\/noti-america.com\/site\/principal\/#\/schema\/person\/3b975e42f15abfe64bfe3abdd916efda"},"breadcrumb":{"@id":"https:\/\/noti-america.com\/site\/principal\/2023\/09\/10\/mas-de-siete-millones-de-ninos-refugiados-no-van-a-la-escuela\/#breadcrumb"},"inLanguage":"es","potentialAction":[{"@type":"ReadAction","target":["https:\/\/noti-america.com\/site\/principal\/2023\/09\/10\/mas-de-siete-millones-de-ninos-refugiados-no-van-a-la-escuela\/"]}]},{"@type":"ImageObject","inLanguage":"es","@id":"https:\/\/noti-america.com\/site\/principal\/2023\/09\/10\/mas-de-siete-millones-de-ninos-refugiados-no-van-a-la-escuela\/#primaryimage","url":"https:\/\/noti-america.com\/site\/principal\/wp-content\/uploads\/sites\/26\/2023\/09\/-UNICEF-Christopher-Herwig.jpg","contentUrl":"https:\/\/noti-america.com\/site\/principal\/wp-content\/uploads\/sites\/26\/2023\/09\/-UNICEF-Christopher-Herwig.jpg","width":560,"height":340},{"@type":"BreadcrumbList","@id":"https:\/\/noti-america.com\/site\/principal\/2023\/09\/10\/mas-de-siete-millones-de-ninos-refugiados-no-van-a-la-escuela\/#breadcrumb","itemListElement":[{"@type":"ListItem","position":1,"name":"Portada","item":"https:\/\/noti-america.com\/site\/principal\/"},{"@type":"ListItem","position":2,"name":"M\u00e1s de siete millones de ni\u00f1os refugiados no van a la escuela"}]},{"@type":"WebSite","@id":"https:\/\/noti-america.com\/site\/principal\/#website","url":"https:\/\/noti-america.com\/site\/principal\/","name":"Noti-America.com","description":"El Noticiero Digital M\u00e1s Grande de Am\u00e9rica","potentialAction":[{"@type":"SearchAction","target":{"@type":"EntryPoint","urlTemplate":"https:\/\/noti-america.com\/site\/principal\/?s={search_term_string}"},"query-input":{"@type":"PropertyValueSpecification","valueRequired":true,"valueName":"search_term_string"}}],"inLanguage":"es"},{"@type":"Person","@id":"https:\/\/noti-america.com\/site\/principal\/#\/schema\/person\/3b975e42f15abfe64bfe3abdd916efda","name":"Gregory Quintana Montiel","image":{"@type":"ImageObject","inLanguage":"es","@id":"https:\/\/secure.gravatar.com\/avatar\/2d6b802f7720c2ec7744dcbe608cc2f3417aeb964d58b443c6d612b77531de1d?s=96&d=mm&r=g","url":"https:\/\/secure.gravatar.com\/avatar\/2d6b802f7720c2ec7744dcbe608cc2f3417aeb964d58b443c6d612b77531de1d?s=96&d=mm&r=g","contentUrl":"https:\/\/secure.gravatar.com\/avatar\/2d6b802f7720c2ec7744dcbe608cc2f3417aeb964d58b443c6d612b77531de1d?s=96&d=mm&r=g","caption":"Gregory Quintana Montiel"},"description":"Licenciatura en Ciencias de la Comunicaci\u00f3n Social, egresado en la Especializaci\u00f3n Derecho Ambiental Desarrollo Sostenible y Sustentable, Miembro de la Comunidad de profesionales y experto para Latinoam\u00e9rica y el Caribe en Gesti\u00f3n por Resultado en el Desarrollo (COPLAC - GpRD) del Banco Interamericano de Desarrollo, experiencia en medios radiales y escritos.","sameAs":["https:\/\/x.com\/gdgregori1","gquintana"],"url":"https:\/\/noti-america.com\/site\/principal\/author\/gquintana\/"}]}},"_links":{"self":[{"href":"https:\/\/noti-america.com\/site\/principal\/wp-json\/wp\/v2\/posts\/31201","targetHints":{"allow":["GET"]}}],"collection":[{"href":"https:\/\/noti-america.com\/site\/principal\/wp-json\/wp\/v2\/posts"}],"about":[{"href":"https:\/\/noti-america.com\/site\/principal\/wp-json\/wp\/v2\/types\/post"}],"author":[{"embeddable":true,"href":"https:\/\/noti-america.com\/site\/principal\/wp-json\/wp\/v2\/users\/17"}],"replies":[{"embeddable":true,"href":"https:\/\/noti-america.com\/site\/principal\/wp-json\/wp\/v2\/comments?post=31201"}],"version-history":[{"count":0,"href":"https:\/\/noti-america.com\/site\/principal\/wp-json\/wp\/v2\/posts\/31201\/revisions"}],"wp:featuredmedia":[{"embeddable":true,"href":"https:\/\/noti-america.com\/site\/principal\/wp-json\/wp\/v2\/media\/31202"}],"wp:attachment":[{"href":"https:\/\/noti-america.com\/site\/principal\/wp-json\/wp\/v2\/media?parent=31201"}],"wp:term":[{"taxonomy":"category","embeddable":true,"href":"https:\/\/noti-america.com\/site\/principal\/wp-json\/wp\/v2\/categories?post=31201"},{"taxonomy":"post_tag","embeddable":true,"href":"https:\/\/noti-america.com\/site\/principal\/wp-json\/wp\/v2\/tags?post=31201"}],"curies":[{"name":"wp","href":"https:\/\/api.w.org\/{rel}","templated":true}]}}