{"id":31139,"date":"2023-09-08T01:44:31","date_gmt":"2023-09-08T05:44:31","guid":{"rendered":"https:\/\/noti-america.com\/site\/principal\/?p=31139"},"modified":"2023-09-08T01:44:31","modified_gmt":"2023-09-08T05:44:31","slug":"onu-america-latina-es-escenario-de-una-de-las-mas-grandes-y-complejas-crisis-de-migracion-infantil-del-mundo","status":"publish","type":"post","link":"https:\/\/noti-america.com\/site\/principal\/2023\/09\/08\/onu-america-latina-es-escenario-de-una-de-las-mas-grandes-y-complejas-crisis-de-migracion-infantil-del-mundo\/","title":{"rendered":"ONU: Am\u00e9rica Latina es escenario de una de las m\u00e1s grandes y complejas crisis de migraci\u00f3n infantil del mundo"},"content":{"rendered":"<p><span style=\"color: #000000\"><strong>REDACCI\u00d3N NOTI-AM\u00c9RICA (ECUADOR)<\/strong><\/span><\/p>\n<section class=\"region region-before-content\">\n<div id=\"block-views-block-story-photo-block-image\" class=\"views-element-container block block-views block-views-block-story-photo-block-image\">\n<div class=\"content block__content\">\n<div class=\"view view-story-photo view-id-story_photo view-display-id-block_image js-view-dom-id-d1153141f635f652306b67229ef3cd2fda0f1e00fc7229ebde7ecb661d82ac9a\">\n<div class=\"view-content\">\n<div class=\"views-row\">\n<div class=\"node node--type-news-story node--view-mode-top-image clearfix container\" role=\"article\">\n<p style=\"text-align: justify\"><span lang=\"ES\" xml:lang=\"ES\">La violencia, la inestabilidad y el cambio clim\u00e1tico son las principales causas del desplazamiento de ni\u00f1os en Am\u00e9rica Latina y el Caribe, una regi\u00f3n donde el 25% de los migrantes son menores de edad, la mayor proporci\u00f3n a nivel global. La agencia para la infancia alerta de que los ni\u00f1os que se desplazan son cada vez m\u00e1s peque\u00f1os, el 91% de ellos no llega a los once a\u00f1os.<\/span><\/p>\n<div class=\"story-media\">\n<div class=\"media-image\">\n<div class=\"field field--name-field-news-story-photo field--type-entity-reference field--label-hidden field__item\">\n<div style=\"width: 1180px\" class=\"wp-caption alignnone\"><img loading=\"lazy\" decoding=\"async\" title=\"Ni\u00f1os migrantes en un centro de recepci\u00f3n de la regi\u00f3n del Dari\u00e9n, en Panam\u00e1\" src=\"https:\/\/global.unitednations.entermediadb.net\/assets\/mediadb\/services\/module\/asset\/downloads\/preset\/Libraries\/Production%20Library\/16-05-2020-UNICEF-Panama-DSC9226.jpg\/image1170x530cropped.jpg\" alt=\"Ni\u00f1os migrantes en un centro de recepci\u00f3n de la regi\u00f3n del Dari\u00e9n, en Panam\u00e1\" width=\"1170\" height=\"530\" \/><p class=\"wp-caption-text\">UNICEF\/Panama. Ni\u00f1os migrantes en un centro de recepci\u00f3n de la regi\u00f3n del Dari\u00e9n, en Panam\u00e1<\/p><\/div>\n<\/div>\n<\/div>\n<\/div>\n<\/div>\n<\/div>\n<\/div>\n<\/div>\n<\/div>\n<\/div>\n<\/section>\n<div id=\"main-wrapper\" class=\"layout-main-wrapper clearfix\">\n<div id=\"main-container\" class=\"container layout-main-container\">\n<div class=\"row row-offcanvas row-offcanvas-left clearfix\"><main id=\"content\" class=\"main-content col-lg-9\" role=\"main\"><\/p>\n<section class=\"section\">\n<div id=\"block-views-block-content-fields-block-body\" class=\"views-element-container block block-views block-views-block-content-fields-block-body\">\n<div class=\"content block__content\">\n<div class=\"view view-content-fields view-id-content_fields view-display-id-block_body js-view-dom-id-e12f5ce28e8a46db6aad651090261c37c5966730d9096f0cd0e7f8cabd524b0d\">\n<div class=\"view-content\">\n<div class=\"views-row\">\n<div class=\"views-field views-field-field-news-story\">\n<div class=\"field-content\">\n<div class=\"paragraph paragraph--type--one-column-text paragraph--view-mode--default\">\n<div class=\"_none\">\n<div class=\"w-100\">\n<div class=\"layout row layout-builder__layout\">\n<div class=\"col-12\">\n<div class=\"_none block block-layout-builder block-field-block-paragraph-one-column-text-field-text-column\">\n<div class=\"content block__content\">\n<div class=\"clearfix text-formatted field field--name-field-text-column field--type-text-long field--label-hidden field__item\">\n<p style=\"text-align: justify\">En Am\u00e9rica Latina y el Caribe\u00a0<strong>los ni\u00f1os migran en n\u00fameros r\u00e9cord<\/strong>, desplaz\u00e1ndose principalmente a lo largo de tres rutas: la selva del Dari\u00e9n entre Colombia y Panam\u00e1, la migraci\u00f3n hacia el exterior desde Am\u00e9rica del Sur, y en puntos de tr\u00e1nsito clave en el norte de Centroam\u00e9rica y M\u00e9xico, inform\u00f3 el Fondo de las Naciones Unidas para la Infancia (<a href=\"https:\/\/www.unicef.org\/es\" target=\"_blank\" rel=\"noopener noreferrer\">UNICEF<\/a>).<\/p>\n<p style=\"text-align: justify\">La proporci\u00f3n de ni\u00f1os en situaci\u00f3n de movilidad en la regi\u00f3n alcanza al 25% de los migrantes, la tasa m\u00e1s alta a nivel mundial -la media es del 13%-, se\u00f1al\u00f3 UNICEF en una\u00a0<a href=\"https:\/\/efaidnbmnnnibpcajpcglclefindmkaj\/https:\/\/www.unicef.org\/sites\/default\/files\/2023-09\/UNICEF%20Migration%20Child%20Alert%20050923%20ES.pdf\" target=\"_blank\" rel=\"noopener noreferrer\">alerta<\/a>\u00a0publicada hoy que menciona\u00a0<strong>la violencia, la inestabilidad y el cambio clim\u00e1tico como los m\u00e1ximos detonadores de estos desplazamientos\u00a0<\/strong>de poblaci\u00f3n.<\/p>\n<p style=\"text-align: justify\">Esos factores se van apoderando de la regi\u00f3n,\u00a0<strong>cambiando de forma dram\u00e1tica la naturaleza de la migraci\u00f3n<\/strong>\u00a0en la \u00faltima d\u00e9cada.<\/p>\n<p style=\"text-align: justify\"><span style=\"color: #000000\"><strong>Cada vez son m\u00e1s peque\u00f1os y provienen de sitios m\u00e1s remotos<\/strong><\/span><\/p>\n<p style=\"text-align: justify\">UNICEF destac\u00f3 que en los peligrosos viajes en los que se embarcan los migrantes se observa a ni\u00f1os cada vez m\u00e1s peque\u00f1os, detallando que el\u00a0<strong>91% de ellos son menores de once a\u00f1os<\/strong>\u00a0en algunos puntos de tr\u00e1nsito.<\/p>\n<p style=\"text-align: justify\">\u201cCada vez hay m\u00e1s ni\u00f1os en movimiento, de\u00a0<strong>edades cada vez m\u00e1s tempranas, a menudo solos y de diversos pa\u00edses de origen<\/strong>, incluso de lugares tan lejanos como \u00c1frica y Asia\u201d, dijo el director de UNICEF para Am\u00e9rica Latina y el Caribe.<\/p>\n<p style=\"text-align: justify\">Garry Conille advirti\u00f3 que cuando los ni\u00f1os cruzan varios pa\u00edses y, a veces, toda la regi\u00f3n, pueden\u00a0<strong>sufrir enfermedades y lesiones, separaci\u00f3n familiar y abusos.<\/strong><\/p>\n<p style=\"text-align: justify\">En este sentido, el organismo afirm\u00f3 que los riesgos f\u00edsicos a lo largo de las rutas migratorias irregulares son innumerables, especialmente para los ni\u00f1os, que a menudo atraviesan selvas, r\u00edos, v\u00edas f\u00e9rreas y carreteras, arriesgando su integridad, al margen de que pueden convertirse en v\u00edctimas de violencia, explotaci\u00f3n y otros atropellos graves.<\/p>\n<p style=\"text-align: justify\">\u201c<strong>Incluso si logran llegar a su destino, su futuro suele seguir en riesgo<\/strong>\u201d, abund\u00f3 Conille.<\/p>\n<div class=\"context-un_news_large_uncropped_credit_caption type-entermedia_image media media--type-entermedia-image media--view-mode-un-news-large-uncropped-credit-caption\" style=\"text-align: justify\" data-quickedit-entity-id=\"media\/63237\">\n<div class=\"field field--name-thumbnail field--type-image field--label-hidden field__item\">\n<div style=\"width: 1034px\" class=\"wp-caption alignnone\"><img loading=\"lazy\" decoding=\"async\" title=\"Ni\u00f1os migrantes en M\u00e9xico.\" src=\"https:\/\/global.unitednations.entermediadb.net\/assets\/mediadb\/services\/module\/asset\/downloads\/preset\/Libraries\/Production%20Library\/12-11-2020-UNICEF-migrant-children-Mexico.jpg\/image1024x768.jpg\" alt=\"Ni\u00f1os migrantes en M\u00e9xico.\" width=\"1024\" height=\"768\" \/><p class=\"wp-caption-text\">UNICEF Mexico. Ni\u00f1os migrantes en M\u00e9xico.<\/p><\/div>\n<\/div>\n<\/div>\n<p style=\"text-align: justify\"><span style=\"color: #000000\"><strong>Flujos cruzados<\/strong><\/span><\/p>\n<p style=\"text-align: justify\">Esta realidad plantea desaf\u00edos a las pol\u00edticas migratorias nacionales y a las respuestas humanitarias en los pa\u00edses de origen, tr\u00e1nsito y destino.<\/p>\n<p style=\"text-align: justify\">Pero esto no es f\u00e1cil puesto que los flujos migratorios de la regi\u00f3n a menudo se cruzan de manera que\u00a0<strong>la mayor\u00eda de los pa\u00edses son puntos de origen, tr\u00e1nsito, destino y retorno<\/strong>\u00a0al mismo tiempo, haciendo de Am\u00e9rica Latina el escenario de una de las crisis de migraci\u00f3n infantil m\u00e1s grandes y complejas del mundo.<\/p>\n<p style=\"text-align: justify\">Para solventar esta situaci\u00f3n, UNICEF insta a\u00a0<strong>adoptar un enfoque regional integrado<\/strong>\u00a0que garantice protecci\u00f3n a los ni\u00f1os migrantes y refugiados y a sus familias, y que aborde las ra\u00edces de la migraci\u00f3n forzada. El Fondo para la Infancia deline\u00f3 cinco puntos orientados hacia ese objetivo:<\/p>\n<ul style=\"text-align: justify\">\n<li><strong>Movilizar la protecci\u00f3n internacional<\/strong>\u00a0y atender las causas fundamentales de la migraci\u00f3n espec\u00edfica de los ni\u00f1os, para aprovechar la naturaleza interconectada de los movimientos migratorios y las respuestas pol\u00edticas en la regi\u00f3n<\/li>\n<li><strong>Invertir en los pa\u00edses de origen<\/strong>\u00a0para mejorar el acceso a los servicios, prevenir y responder a la violencia, y crear oportunidades de educaci\u00f3n y medios de vida para ni\u00f1os, j\u00f3venes y familias vulnerables, y apoyar a los ni\u00f1os que permanecen en el pa\u00eds de origen mientras sus padres han migrado<\/li>\n<li><strong>Ampliar las v\u00edas migratorias seguras y regulares<\/strong>\u00a0para ni\u00f1os y familias, incluidos mecanismos de reunificaci\u00f3n familiar y manteniendo el derecho al asilo. Se debe permitir que los ni\u00f1os y las familias ingresen al territorio de un estado para solicitar asilo y quedarse all\u00ed mientras dure el procedimiento<\/li>\n<li><strong>Fortalecer los procesos fronterizos y de recepci\u00f3n<\/strong>\u00a0para que tengan en cuenta a los ni\u00f1os y para que sean dirigidos por las autoridades de protecci\u00f3n infantil en la etapa m\u00e1s temprana posible, implementando salvaguardias espec\u00edficas, preservando la unidad familiar y garantizando el acceso a servicios legales<\/li>\n<li><strong>Invertir en sistemas nacionales s\u00f3lidos de protecci\u00f3n infantil<\/strong>\u00a0para salvaguardar a todos los ni\u00f1os, incluidos los migrantes y refugiados, de la explotaci\u00f3n y la violencia, garantizando el cumplimiento de procedimientos adecuados para determinar su inter\u00e9s superior y promoviendo el cruce fronterizo seguro<\/li>\n<\/ul>\n<p style=\"text-align: justify\"><span style=\"color: #000000\"><strong>UNICEF trabaja pero requiere recursos<\/strong><\/span><\/p>\n<p style=\"text-align: justify\">UNICEF trabaja con socios y gobiernos a lo largo de las rutas migratorias para proporcionar informaci\u00f3n precisa, promover una migraci\u00f3n segura, ofrecer\u00a0<strong>asistencia vital<\/strong>\u00a0y apoyar el acceso de los ni\u00f1os a servicios esenciales.<\/p>\n<p style=\"text-align: justify\">Estas tareas suponen ayudar a los pa\u00edses a prevenir, detectar y proteger a los ni\u00f1os de la violencia y asistir a los que enfrentan dificultades y explotaci\u00f3n durante su viaje.<\/p>\n<p style=\"text-align: justify\">Asimismo, esa labor precisa de fondos para llevarse a cabo, por ello, a principios de a\u00f1o la agencia inst\u00f3 a los donantes internacionales a aportar 160,5 millones de d\u00f3lares para responder a las necesidades humanitarias de los refugiados y ni\u00f1os migrantes en Bolivia, Brasil, Chile, Colombia, Rep\u00fablica Dominicana, Ecuador, Guyana, Per\u00fa, Trinidad y Tobago y Uruguay en 2023. Hasta el mes pasado, UNICEF\u00a0<strong>hab\u00eda recibido menos del 20%<\/strong>\u00a0de esa cantidad.<\/p>\n<p style=\"text-align: justify\">Por otra parte, el organismo solicit\u00f3 142,31 millones de d\u00f3lares para los ni\u00f1os y familias en la ruta migratoria de Centroam\u00e9rica y M\u00e9xico en 2023. Hasta agosto,\u00a0<strong>contaba s\u00f3lo con el 26%\u00a0<\/strong>del financiamiento.<\/p>\n<p style=\"text-align: justify\">Al respecto, Garry Conille recalc\u00f3 que la escala sin precedentes de\u00a0<strong>la crisis migratoria infantil en Am\u00e9rica Latina y el Caribe requiere de una respuesta humanitaria urgente<\/strong> y s\u00f3lida, adem\u00e1s de \u201cla ampliaci\u00f3n de v\u00edas migratorias seguras y regulares para proteger sus derechos y el futuro de los ni\u00f1os y sus familias, sin importar d\u00f3nde se encuentren\u201d.<\/p>\n<\/div>\n<\/div>\n<\/div>\n<\/div>\n<\/div>\n<\/div>\n<\/div>\n<\/div>\n<\/div>\n<\/div>\n<\/div>\n<\/div>\n<\/div>\n<\/div>\n<\/div>\n<\/section>\n<p><\/main><\/div>\n<\/div>\n<\/div>\n","protected":false},"excerpt":{"rendered":"<p>REDACCI\u00d3N NOTI-AM\u00c9RICA (ECUADOR) La violencia, la inestabilidad y el cambio clim\u00e1tico son las principales causas del desplazamiento de ni\u00f1os en Am\u00e9rica Latina y el Caribe, una regi\u00f3n donde el 25% de los migrantes son&#46;&#46;&#46;<\/p>\n","protected":false},"author":17,"featured_media":0,"comment_status":"","ping_status":"open","sticky":false,"template":"","format":"standard","meta":{"_acf_changed":false,"rop_custom_images_group":[],"rop_custom_messages_group":[],"rop_publish_now":"initial","rop_publish_now_accounts":{"facebook_10219548024599422_1632221337088128":"","twitter_242054905_242054905":""},"rop_publish_now_history":[],"rop_publish_now_status":"pending","footnotes":""},"categories":[2054],"tags":[],"class_list":["post-31139","post","type-post","status-publish","format-standard","hentry","category-migrantes-y-refugiados"],"acf":[],"yoast_head":"<!-- This site is optimized with the Yoast SEO Premium plugin v24.9 (Yoast SEO v27.2) - https:\/\/yoast.com\/product\/yoast-seo-premium-wordpress\/ -->\n<title>ONU: Am\u00e9rica Latina es escenario de una de las m\u00e1s grandes y complejas crisis de migraci\u00f3n infantil del mundo - Noti-America.com<\/title>\n<meta name=\"robots\" content=\"index, follow, max-snippet:-1, max-image-preview:large, max-video-preview:-1\" \/>\n<link rel=\"canonical\" href=\"https:\/\/noti-america.com\/site\/principal\/2023\/09\/08\/onu-america-latina-es-escenario-de-una-de-las-mas-grandes-y-complejas-crisis-de-migracion-infantil-del-mundo\/\" \/>\n<meta property=\"og:locale\" content=\"es_ES\" \/>\n<meta property=\"og:type\" content=\"article\" \/>\n<meta property=\"og:title\" content=\"ONU: Am\u00e9rica Latina es escenario de una de las m\u00e1s grandes y complejas crisis de migraci\u00f3n infantil del mundo\" \/>\n<meta property=\"og:description\" content=\"REDACCI\u00d3N NOTI-AM\u00c9RICA (ECUADOR) La violencia, la inestabilidad y el cambio clim\u00e1tico son las principales causas del desplazamiento de ni\u00f1os en Am\u00e9rica Latina y el Caribe, una regi\u00f3n donde el 25% de los migrantes son&#046;&#046;&#046;\" \/>\n<meta property=\"og:url\" content=\"https:\/\/noti-america.com\/site\/principal\/2023\/09\/08\/onu-america-latina-es-escenario-de-una-de-las-mas-grandes-y-complejas-crisis-de-migracion-infantil-del-mundo\/\" \/>\n<meta property=\"og:site_name\" content=\"Noti-America.com\" \/>\n<meta property=\"article:published_time\" content=\"2023-09-08T05:44:31+00:00\" \/>\n<meta property=\"og:image\" content=\"https:\/\/global.unitednations.entermediadb.net\/assets\/mediadb\/services\/module\/asset\/downloads\/preset\/Libraries\/Production%20Library\/16-05-2020-UNICEF-Panama-DSC9226.jpg\/image1170x530cropped.jpg\" \/>\n<meta name=\"author\" content=\"Gregory Quintana Montiel\" \/>\n<meta name=\"twitter:card\" content=\"summary_large_image\" \/>\n<meta name=\"twitter:creator\" content=\"@gdgregori1\" \/>\n<meta name=\"twitter:label1\" content=\"Escrito por\" \/>\n\t<meta name=\"twitter:data1\" content=\"Gregory Quintana Montiel\" \/>\n\t<meta name=\"twitter:label2\" content=\"Tiempo estimado de lectura\" \/>\n\t<meta name=\"twitter:data2\" content=\"5 minutos\" \/>\n<script type=\"application\/ld+json\" class=\"yoast-schema-graph\">{\"@context\":\"https:\/\/schema.org\",\"@graph\":[{\"@type\":\"Article\",\"@id\":\"https:\/\/noti-america.com\/site\/principal\/2023\/09\/08\/onu-america-latina-es-escenario-de-una-de-las-mas-grandes-y-complejas-crisis-de-migracion-infantil-del-mundo\/#article\",\"isPartOf\":{\"@id\":\"https:\/\/noti-america.com\/site\/principal\/2023\/09\/08\/onu-america-latina-es-escenario-de-una-de-las-mas-grandes-y-complejas-crisis-de-migracion-infantil-del-mundo\/\"},\"author\":{\"name\":\"Gregory Quintana Montiel\",\"@id\":\"https:\/\/noti-america.com\/site\/principal\/#\/schema\/person\/3b975e42f15abfe64bfe3abdd916efda\"},\"headline\":\"ONU: Am\u00e9rica Latina es escenario de una de las m\u00e1s grandes y complejas crisis de migraci\u00f3n infantil del mundo\",\"datePublished\":\"2023-09-08T05:44:31+00:00\",\"mainEntityOfPage\":{\"@id\":\"https:\/\/noti-america.com\/site\/principal\/2023\/09\/08\/onu-america-latina-es-escenario-de-una-de-las-mas-grandes-y-complejas-crisis-de-migracion-infantil-del-mundo\/\"},\"wordCount\":1143,\"image\":{\"@id\":\"https:\/\/noti-america.com\/site\/principal\/2023\/09\/08\/onu-america-latina-es-escenario-de-una-de-las-mas-grandes-y-complejas-crisis-de-migracion-infantil-del-mundo\/#primaryimage\"},\"thumbnailUrl\":\"https:\/\/global.unitednations.entermediadb.net\/assets\/mediadb\/services\/module\/asset\/downloads\/preset\/Libraries\/Production%20Library\/16-05-2020-UNICEF-Panama-DSC9226.jpg\/image1170x530cropped.jpg\",\"articleSection\":[\"Migrantes y Refugiados\"],\"inLanguage\":\"es\"},{\"@type\":\"WebPage\",\"@id\":\"https:\/\/noti-america.com\/site\/principal\/2023\/09\/08\/onu-america-latina-es-escenario-de-una-de-las-mas-grandes-y-complejas-crisis-de-migracion-infantil-del-mundo\/\",\"url\":\"https:\/\/noti-america.com\/site\/principal\/2023\/09\/08\/onu-america-latina-es-escenario-de-una-de-las-mas-grandes-y-complejas-crisis-de-migracion-infantil-del-mundo\/\",\"name\":\"ONU: Am\u00e9rica Latina es escenario de una de las m\u00e1s grandes y complejas crisis de migraci\u00f3n infantil del mundo - Noti-America.com\",\"isPartOf\":{\"@id\":\"https:\/\/noti-america.com\/site\/principal\/#website\"},\"primaryImageOfPage\":{\"@id\":\"https:\/\/noti-america.com\/site\/principal\/2023\/09\/08\/onu-america-latina-es-escenario-de-una-de-las-mas-grandes-y-complejas-crisis-de-migracion-infantil-del-mundo\/#primaryimage\"},\"image\":{\"@id\":\"https:\/\/noti-america.com\/site\/principal\/2023\/09\/08\/onu-america-latina-es-escenario-de-una-de-las-mas-grandes-y-complejas-crisis-de-migracion-infantil-del-mundo\/#primaryimage\"},\"thumbnailUrl\":\"https:\/\/global.unitednations.entermediadb.net\/assets\/mediadb\/services\/module\/asset\/downloads\/preset\/Libraries\/Production%20Library\/16-05-2020-UNICEF-Panama-DSC9226.jpg\/image1170x530cropped.jpg\",\"datePublished\":\"2023-09-08T05:44:31+00:00\",\"author\":{\"@id\":\"https:\/\/noti-america.com\/site\/principal\/#\/schema\/person\/3b975e42f15abfe64bfe3abdd916efda\"},\"breadcrumb\":{\"@id\":\"https:\/\/noti-america.com\/site\/principal\/2023\/09\/08\/onu-america-latina-es-escenario-de-una-de-las-mas-grandes-y-complejas-crisis-de-migracion-infantil-del-mundo\/#breadcrumb\"},\"inLanguage\":\"es\",\"potentialAction\":[{\"@type\":\"ReadAction\",\"target\":[\"https:\/\/noti-america.com\/site\/principal\/2023\/09\/08\/onu-america-latina-es-escenario-de-una-de-las-mas-grandes-y-complejas-crisis-de-migracion-infantil-del-mundo\/\"]}]},{\"@type\":\"ImageObject\",\"inLanguage\":\"es\",\"@id\":\"https:\/\/noti-america.com\/site\/principal\/2023\/09\/08\/onu-america-latina-es-escenario-de-una-de-las-mas-grandes-y-complejas-crisis-de-migracion-infantil-del-mundo\/#primaryimage\",\"url\":\"https:\/\/global.unitednations.entermediadb.net\/assets\/mediadb\/services\/module\/asset\/downloads\/preset\/Libraries\/Production%20Library\/16-05-2020-UNICEF-Panama-DSC9226.jpg\/image1170x530cropped.jpg\",\"contentUrl\":\"https:\/\/global.unitednations.entermediadb.net\/assets\/mediadb\/services\/module\/asset\/downloads\/preset\/Libraries\/Production%20Library\/16-05-2020-UNICEF-Panama-DSC9226.jpg\/image1170x530cropped.jpg\"},{\"@type\":\"BreadcrumbList\",\"@id\":\"https:\/\/noti-america.com\/site\/principal\/2023\/09\/08\/onu-america-latina-es-escenario-de-una-de-las-mas-grandes-y-complejas-crisis-de-migracion-infantil-del-mundo\/#breadcrumb\",\"itemListElement\":[{\"@type\":\"ListItem\",\"position\":1,\"name\":\"Portada\",\"item\":\"https:\/\/noti-america.com\/site\/principal\/\"},{\"@type\":\"ListItem\",\"position\":2,\"name\":\"ONU: Am\u00e9rica Latina es escenario de una de las m\u00e1s grandes y complejas crisis de migraci\u00f3n infantil del mundo\"}]},{\"@type\":\"WebSite\",\"@id\":\"https:\/\/noti-america.com\/site\/principal\/#website\",\"url\":\"https:\/\/noti-america.com\/site\/principal\/\",\"name\":\"Noti-America.com\",\"description\":\"El Noticiero Digital M\u00e1s Grande de Am\u00e9rica\",\"potentialAction\":[{\"@type\":\"SearchAction\",\"target\":{\"@type\":\"EntryPoint\",\"urlTemplate\":\"https:\/\/noti-america.com\/site\/principal\/?s={search_term_string}\"},\"query-input\":{\"@type\":\"PropertyValueSpecification\",\"valueRequired\":true,\"valueName\":\"search_term_string\"}}],\"inLanguage\":\"es\"},{\"@type\":\"Person\",\"@id\":\"https:\/\/noti-america.com\/site\/principal\/#\/schema\/person\/3b975e42f15abfe64bfe3abdd916efda\",\"name\":\"Gregory Quintana Montiel\",\"image\":{\"@type\":\"ImageObject\",\"inLanguage\":\"es\",\"@id\":\"https:\/\/secure.gravatar.com\/avatar\/2d6b802f7720c2ec7744dcbe608cc2f3417aeb964d58b443c6d612b77531de1d?s=96&d=mm&r=g\",\"url\":\"https:\/\/secure.gravatar.com\/avatar\/2d6b802f7720c2ec7744dcbe608cc2f3417aeb964d58b443c6d612b77531de1d?s=96&d=mm&r=g\",\"contentUrl\":\"https:\/\/secure.gravatar.com\/avatar\/2d6b802f7720c2ec7744dcbe608cc2f3417aeb964d58b443c6d612b77531de1d?s=96&d=mm&r=g\",\"caption\":\"Gregory Quintana Montiel\"},\"description\":\"Licenciatura en Ciencias de la Comunicaci\u00f3n Social, egresado en la Especializaci\u00f3n Derecho Ambiental Desarrollo Sostenible y Sustentable, Miembro de la Comunidad de profesionales y experto para Latinoam\u00e9rica y el Caribe en Gesti\u00f3n por Resultado en el Desarrollo (COPLAC - GpRD) del Banco Interamericano de Desarrollo, experiencia en medios radiales y escritos.\",\"sameAs\":[\"https:\/\/x.com\/gdgregori1\",\"gquintana\"],\"url\":\"https:\/\/noti-america.com\/site\/principal\/author\/gquintana\/\"}]}<\/script>\n<!-- \/ Yoast SEO Premium plugin. -->","yoast_head_json":{"title":"ONU: Am\u00e9rica Latina es escenario de una de las m\u00e1s grandes y complejas crisis de migraci\u00f3n infantil del mundo - Noti-America.com","robots":{"index":"index","follow":"follow","max-snippet":"max-snippet:-1","max-image-preview":"max-image-preview:large","max-video-preview":"max-video-preview:-1"},"canonical":"https:\/\/noti-america.com\/site\/principal\/2023\/09\/08\/onu-america-latina-es-escenario-de-una-de-las-mas-grandes-y-complejas-crisis-de-migracion-infantil-del-mundo\/","og_locale":"es_ES","og_type":"article","og_title":"ONU: Am\u00e9rica Latina es escenario de una de las m\u00e1s grandes y complejas crisis de migraci\u00f3n infantil del mundo","og_description":"REDACCI\u00d3N NOTI-AM\u00c9RICA (ECUADOR) La violencia, la inestabilidad y el cambio clim\u00e1tico son las principales causas del desplazamiento de ni\u00f1os en Am\u00e9rica Latina y el Caribe, una regi\u00f3n donde el 25% de los migrantes son&#46;&#46;&#46;","og_url":"https:\/\/noti-america.com\/site\/principal\/2023\/09\/08\/onu-america-latina-es-escenario-de-una-de-las-mas-grandes-y-complejas-crisis-de-migracion-infantil-del-mundo\/","og_site_name":"Noti-America.com","article_published_time":"2023-09-08T05:44:31+00:00","og_image":[{"url":"https:\/\/global.unitednations.entermediadb.net\/assets\/mediadb\/services\/module\/asset\/downloads\/preset\/Libraries\/Production%20Library\/16-05-2020-UNICEF-Panama-DSC9226.jpg\/image1170x530cropped.jpg","type":"","width":"","height":""}],"author":"Gregory Quintana Montiel","twitter_card":"summary_large_image","twitter_creator":"@gdgregori1","twitter_misc":{"Escrito por":"Gregory Quintana Montiel","Tiempo estimado de lectura":"5 minutos"},"schema":{"@context":"https:\/\/schema.org","@graph":[{"@type":"Article","@id":"https:\/\/noti-america.com\/site\/principal\/2023\/09\/08\/onu-america-latina-es-escenario-de-una-de-las-mas-grandes-y-complejas-crisis-de-migracion-infantil-del-mundo\/#article","isPartOf":{"@id":"https:\/\/noti-america.com\/site\/principal\/2023\/09\/08\/onu-america-latina-es-escenario-de-una-de-las-mas-grandes-y-complejas-crisis-de-migracion-infantil-del-mundo\/"},"author":{"name":"Gregory Quintana Montiel","@id":"https:\/\/noti-america.com\/site\/principal\/#\/schema\/person\/3b975e42f15abfe64bfe3abdd916efda"},"headline":"ONU: Am\u00e9rica Latina es escenario de una de las m\u00e1s grandes y complejas crisis de migraci\u00f3n infantil del mundo","datePublished":"2023-09-08T05:44:31+00:00","mainEntityOfPage":{"@id":"https:\/\/noti-america.com\/site\/principal\/2023\/09\/08\/onu-america-latina-es-escenario-de-una-de-las-mas-grandes-y-complejas-crisis-de-migracion-infantil-del-mundo\/"},"wordCount":1143,"image":{"@id":"https:\/\/noti-america.com\/site\/principal\/2023\/09\/08\/onu-america-latina-es-escenario-de-una-de-las-mas-grandes-y-complejas-crisis-de-migracion-infantil-del-mundo\/#primaryimage"},"thumbnailUrl":"https:\/\/global.unitednations.entermediadb.net\/assets\/mediadb\/services\/module\/asset\/downloads\/preset\/Libraries\/Production%20Library\/16-05-2020-UNICEF-Panama-DSC9226.jpg\/image1170x530cropped.jpg","articleSection":["Migrantes y Refugiados"],"inLanguage":"es"},{"@type":"WebPage","@id":"https:\/\/noti-america.com\/site\/principal\/2023\/09\/08\/onu-america-latina-es-escenario-de-una-de-las-mas-grandes-y-complejas-crisis-de-migracion-infantil-del-mundo\/","url":"https:\/\/noti-america.com\/site\/principal\/2023\/09\/08\/onu-america-latina-es-escenario-de-una-de-las-mas-grandes-y-complejas-crisis-de-migracion-infantil-del-mundo\/","name":"ONU: Am\u00e9rica Latina es escenario de una de las m\u00e1s grandes y complejas crisis de migraci\u00f3n infantil del mundo - Noti-America.com","isPartOf":{"@id":"https:\/\/noti-america.com\/site\/principal\/#website"},"primaryImageOfPage":{"@id":"https:\/\/noti-america.com\/site\/principal\/2023\/09\/08\/onu-america-latina-es-escenario-de-una-de-las-mas-grandes-y-complejas-crisis-de-migracion-infantil-del-mundo\/#primaryimage"},"image":{"@id":"https:\/\/noti-america.com\/site\/principal\/2023\/09\/08\/onu-america-latina-es-escenario-de-una-de-las-mas-grandes-y-complejas-crisis-de-migracion-infantil-del-mundo\/#primaryimage"},"thumbnailUrl":"https:\/\/global.unitednations.entermediadb.net\/assets\/mediadb\/services\/module\/asset\/downloads\/preset\/Libraries\/Production%20Library\/16-05-2020-UNICEF-Panama-DSC9226.jpg\/image1170x530cropped.jpg","datePublished":"2023-09-08T05:44:31+00:00","author":{"@id":"https:\/\/noti-america.com\/site\/principal\/#\/schema\/person\/3b975e42f15abfe64bfe3abdd916efda"},"breadcrumb":{"@id":"https:\/\/noti-america.com\/site\/principal\/2023\/09\/08\/onu-america-latina-es-escenario-de-una-de-las-mas-grandes-y-complejas-crisis-de-migracion-infantil-del-mundo\/#breadcrumb"},"inLanguage":"es","potentialAction":[{"@type":"ReadAction","target":["https:\/\/noti-america.com\/site\/principal\/2023\/09\/08\/onu-america-latina-es-escenario-de-una-de-las-mas-grandes-y-complejas-crisis-de-migracion-infantil-del-mundo\/"]}]},{"@type":"ImageObject","inLanguage":"es","@id":"https:\/\/noti-america.com\/site\/principal\/2023\/09\/08\/onu-america-latina-es-escenario-de-una-de-las-mas-grandes-y-complejas-crisis-de-migracion-infantil-del-mundo\/#primaryimage","url":"https:\/\/global.unitednations.entermediadb.net\/assets\/mediadb\/services\/module\/asset\/downloads\/preset\/Libraries\/Production%20Library\/16-05-2020-UNICEF-Panama-DSC9226.jpg\/image1170x530cropped.jpg","contentUrl":"https:\/\/global.unitednations.entermediadb.net\/assets\/mediadb\/services\/module\/asset\/downloads\/preset\/Libraries\/Production%20Library\/16-05-2020-UNICEF-Panama-DSC9226.jpg\/image1170x530cropped.jpg"},{"@type":"BreadcrumbList","@id":"https:\/\/noti-america.com\/site\/principal\/2023\/09\/08\/onu-america-latina-es-escenario-de-una-de-las-mas-grandes-y-complejas-crisis-de-migracion-infantil-del-mundo\/#breadcrumb","itemListElement":[{"@type":"ListItem","position":1,"name":"Portada","item":"https:\/\/noti-america.com\/site\/principal\/"},{"@type":"ListItem","position":2,"name":"ONU: Am\u00e9rica Latina es escenario de una de las m\u00e1s grandes y complejas crisis de migraci\u00f3n infantil del mundo"}]},{"@type":"WebSite","@id":"https:\/\/noti-america.com\/site\/principal\/#website","url":"https:\/\/noti-america.com\/site\/principal\/","name":"Noti-America.com","description":"El Noticiero Digital M\u00e1s Grande de Am\u00e9rica","potentialAction":[{"@type":"SearchAction","target":{"@type":"EntryPoint","urlTemplate":"https:\/\/noti-america.com\/site\/principal\/?s={search_term_string}"},"query-input":{"@type":"PropertyValueSpecification","valueRequired":true,"valueName":"search_term_string"}}],"inLanguage":"es"},{"@type":"Person","@id":"https:\/\/noti-america.com\/site\/principal\/#\/schema\/person\/3b975e42f15abfe64bfe3abdd916efda","name":"Gregory Quintana Montiel","image":{"@type":"ImageObject","inLanguage":"es","@id":"https:\/\/secure.gravatar.com\/avatar\/2d6b802f7720c2ec7744dcbe608cc2f3417aeb964d58b443c6d612b77531de1d?s=96&d=mm&r=g","url":"https:\/\/secure.gravatar.com\/avatar\/2d6b802f7720c2ec7744dcbe608cc2f3417aeb964d58b443c6d612b77531de1d?s=96&d=mm&r=g","contentUrl":"https:\/\/secure.gravatar.com\/avatar\/2d6b802f7720c2ec7744dcbe608cc2f3417aeb964d58b443c6d612b77531de1d?s=96&d=mm&r=g","caption":"Gregory Quintana Montiel"},"description":"Licenciatura en Ciencias de la Comunicaci\u00f3n Social, egresado en la Especializaci\u00f3n Derecho Ambiental Desarrollo Sostenible y Sustentable, Miembro de la Comunidad de profesionales y experto para Latinoam\u00e9rica y el Caribe en Gesti\u00f3n por Resultado en el Desarrollo (COPLAC - GpRD) del Banco Interamericano de Desarrollo, experiencia en medios radiales y escritos.","sameAs":["https:\/\/x.com\/gdgregori1","gquintana"],"url":"https:\/\/noti-america.com\/site\/principal\/author\/gquintana\/"}]}},"_links":{"self":[{"href":"https:\/\/noti-america.com\/site\/principal\/wp-json\/wp\/v2\/posts\/31139","targetHints":{"allow":["GET"]}}],"collection":[{"href":"https:\/\/noti-america.com\/site\/principal\/wp-json\/wp\/v2\/posts"}],"about":[{"href":"https:\/\/noti-america.com\/site\/principal\/wp-json\/wp\/v2\/types\/post"}],"author":[{"embeddable":true,"href":"https:\/\/noti-america.com\/site\/principal\/wp-json\/wp\/v2\/users\/17"}],"replies":[{"embeddable":true,"href":"https:\/\/noti-america.com\/site\/principal\/wp-json\/wp\/v2\/comments?post=31139"}],"version-history":[{"count":0,"href":"https:\/\/noti-america.com\/site\/principal\/wp-json\/wp\/v2\/posts\/31139\/revisions"}],"wp:attachment":[{"href":"https:\/\/noti-america.com\/site\/principal\/wp-json\/wp\/v2\/media?parent=31139"}],"wp:term":[{"taxonomy":"category","embeddable":true,"href":"https:\/\/noti-america.com\/site\/principal\/wp-json\/wp\/v2\/categories?post=31139"},{"taxonomy":"post_tag","embeddable":true,"href":"https:\/\/noti-america.com\/site\/principal\/wp-json\/wp\/v2\/tags?post=31139"}],"curies":[{"name":"wp","href":"https:\/\/api.w.org\/{rel}","templated":true}]}}