{"id":30694,"date":"2023-08-27T16:50:38","date_gmt":"2023-08-27T20:50:38","guid":{"rendered":"https:\/\/noti-america.com\/site\/principal\/?p=30694"},"modified":"2023-08-27T16:50:38","modified_gmt":"2023-08-27T20:50:38","slug":"el-mantenimiento-de-la-via-naranjal-tenguel-contempla-la-ampliacion-a-cuatro-carriles","status":"publish","type":"post","link":"https:\/\/noti-america.com\/site\/principal\/2023\/08\/27\/el-mantenimiento-de-la-via-naranjal-tenguel-contempla-la-ampliacion-a-cuatro-carriles\/","title":{"rendered":"El mantenimiento de la via Naranjal \u2013 Tenguel contempla la ampliaci\u00f3n a cuatro carriles"},"content":{"rendered":"<p><span style=\"color: #000000\"><strong>REDACCI\u00d3N NOTI-AM\u00c9RICA (ECUADOR)<\/strong><\/span><\/p>\n<div style=\"width: 1610px\" class=\"wp-caption alignnone\"><img loading=\"lazy\" decoding=\"async\" src=\"https:\/\/www.comunicacion.gob.ec\/wp-content\/uploads\/2023\/08\/WhatsApp-Image-2023-08-25-at-13.41.05.jpeg\" alt=\"\" width=\"1600\" height=\"1066\" \/><p class=\"wp-caption-text\">Presidente Lasso constat\u00f3 avance de obra tramo vial Naranjal \u2013 Tengue<\/p><\/div>\n<p style=\"text-align: justify\">El Presidente de la Rep\u00fablica, Guillermo Lasso, constat\u00f3 el avance de la obra de rehabilitaci\u00f3n, mantenimiento y ampliaci\u00f3n a cuatro carriles del tramo vial Naranjal \u2013 Tenguel, en la provincia del Guayas. En el lugar, se oficializ\u00f3 la entrega de cinco puentes vehiculares sobre los r\u00edos Gala, Chico y Ca\u00f1ayacu.<\/p>\n<p style=\"text-align: justify\">Para la construcci\u00f3n de los cinco puentes se destinaron 8 millones de d\u00f3lares. El Presidente Lasso asegur\u00f3 que\u00a0<strong><em>\u201chasta fin de a\u00f1o se [entregar\u00e1n] cinco puentes m\u00e1s\u201d.\u00a0<\/em><\/strong>El objetivo es rehabilitar y fortalecer la vialidad de la zona en su totalidad con infraestructuras \u00f3ptimas.<\/p>\n<p style=\"text-align: justify\">Son 45.57 km de la v\u00eda Naranjal \u2013 Tenguel que ser\u00e1n intervenidos, beneficiando a miles de ecuatorianos directa e indirectamente, no solo porque facilita la conectividad de la zona sur del pa\u00eds, tambi\u00e9n es clave ante la amenaza del fen\u00f3meno El Ni\u00f1o.\u00a0<strong>\u201c<em>Es la prueba de que el Gobierno del Ecuador ha estado trabajando tambi\u00e9n en las v\u00edas del pa\u00eds\u201d<\/em><\/strong>, se\u00f1al\u00f3 el Primer Mandatario.<\/p>\n<p style=\"text-align: justify\">La obra es el resultado del trabajo en conjunto entre el sector p\u00fablico y privado, a trav\u00e9s de un contrato de concesi\u00f3n, con una duraci\u00f3n de 30 a\u00f1os, entre el Ministerio de Transporte y Obras P\u00fablicas (MTOP) y la empresa Interv\u00edas. La mitad de la inversi\u00f3n es del Estado, y la otra mitad corresponde a inversi\u00f3n privada.<\/p>\n<p style=\"text-align: justify\">C\u00e9sar Rohon, Ministro del MTOP, se\u00f1al\u00f3 la importancia de la intervenci\u00f3n de esta v\u00eda, pues\u00a0<em>\u201c\u00e9sta es una zona de donde sale gran riqueza exportadora del pa\u00eds. Por aqu\u00ed pasa banano, camar\u00f3n, cacao. Por aqu\u00ed pasa oro, miner\u00eda (\u2026).\u00a0<\/em><em>Esta obra grande de ingenier\u00eda demuestra el trabajo y compromiso por resolver los problemas viales del pa\u00eds\u201d.<\/em><\/p>\n<p style=\"text-align: justify\">El superintendente del proyecto, Diego Beltr\u00e1n, resalt\u00f3 que la firma privada invirti\u00f3 recursos para colocar una buena estructura y material de pavimento, que garantice la vida \u00fatil del proyecto y abaratar costos en mantenimiento.<\/p>\n<p style=\"text-align: justify\">La obra vial gener\u00f3 500 empleos directos y beneficia a alrededor de 50.000 usuarios que transitan por este tramo. Adem\u00e1s, desde la estaci\u00f3n de peaje Jaime Rold\u00f3s Aguilera se brindan servicios vehiculares, asistencia pre hospitalaria, entre otros a quienes circulan por el lugar.<\/p>\n","protected":false},"excerpt":{"rendered":"<p>REDACCI\u00d3N NOTI-AM\u00c9RICA (ECUADOR) El Presidente de la Rep\u00fablica, Guillermo Lasso, constat\u00f3 el avance de la obra de rehabilitaci\u00f3n, mantenimiento y ampliaci\u00f3n a cuatro carriles del tramo vial Naranjal \u2013 Tenguel, en la provincia del&#46;&#46;&#46;<\/p>\n","protected":false},"author":17,"featured_media":30695,"comment_status":"","ping_status":"open","sticky":false,"template":"","format":"standard","meta":{"_acf_changed":false,"rop_custom_images_group":[],"rop_custom_messages_group":[],"rop_publish_now":"initial","rop_publish_now_accounts":{"facebook_10219548024599422_1632221337088128":"","twitter_242054905_242054905":""},"rop_publish_now_history":[],"rop_publish_now_status":"pending","footnotes":""},"categories":[663],"tags":[],"class_list":["post-30694","post","type-post","status-publish","format-standard","has-post-thumbnail","hentry","category-actualidad"],"acf":[],"yoast_head":"<!-- This site is optimized with the Yoast SEO Premium plugin v24.9 (Yoast SEO v27.2) - https:\/\/yoast.com\/product\/yoast-seo-premium-wordpress\/ -->\n<title>El mantenimiento de la via Naranjal \u2013 Tenguel contempla la ampliaci\u00f3n a cuatro carriles - Noti-America.com<\/title>\n<meta name=\"robots\" content=\"index, follow, max-snippet:-1, max-image-preview:large, max-video-preview:-1\" \/>\n<link rel=\"canonical\" href=\"https:\/\/noti-america.com\/site\/principal\/2023\/08\/27\/el-mantenimiento-de-la-via-naranjal-tenguel-contempla-la-ampliacion-a-cuatro-carriles\/\" \/>\n<meta property=\"og:locale\" content=\"es_ES\" \/>\n<meta property=\"og:type\" content=\"article\" \/>\n<meta property=\"og:title\" content=\"El mantenimiento de la via Naranjal \u2013 Tenguel contempla la ampliaci\u00f3n a cuatro carriles\" \/>\n<meta property=\"og:description\" content=\"REDACCI\u00d3N NOTI-AM\u00c9RICA (ECUADOR) El Presidente de la Rep\u00fablica, Guillermo Lasso, constat\u00f3 el avance de la obra de rehabilitaci\u00f3n, mantenimiento y ampliaci\u00f3n a cuatro carriles del tramo vial Naranjal \u2013 Tenguel, en la provincia del&#046;&#046;&#046;\" \/>\n<meta property=\"og:url\" content=\"https:\/\/noti-america.com\/site\/principal\/2023\/08\/27\/el-mantenimiento-de-la-via-naranjal-tenguel-contempla-la-ampliacion-a-cuatro-carriles\/\" \/>\n<meta property=\"og:site_name\" content=\"Noti-America.com\" \/>\n<meta property=\"article:published_time\" content=\"2023-08-27T20:50:38+00:00\" \/>\n<meta property=\"og:image\" content=\"https:\/\/noti-america.com\/site\/principal\/wp-content\/uploads\/sites\/26\/2023\/08\/Presidente-Lasso-constato-avance-de-obra-tramo-vial-Naranjal-\u2013-Tengue.jpeg\" \/>\n\t<meta property=\"og:image:width\" content=\"1600\" \/>\n\t<meta property=\"og:image:height\" content=\"1066\" \/>\n\t<meta property=\"og:image:type\" content=\"image\/jpeg\" \/>\n<meta name=\"author\" content=\"Gregory Quintana Montiel\" \/>\n<meta name=\"twitter:card\" content=\"summary_large_image\" \/>\n<meta name=\"twitter:creator\" content=\"@gdgregori1\" \/>\n<meta name=\"twitter:label1\" content=\"Escrito por\" \/>\n\t<meta name=\"twitter:data1\" content=\"Gregory Quintana Montiel\" \/>\n\t<meta name=\"twitter:label2\" content=\"Tiempo estimado de lectura\" \/>\n\t<meta name=\"twitter:data2\" content=\"2 minutos\" \/>\n<script type=\"application\/ld+json\" class=\"yoast-schema-graph\">{\"@context\":\"https:\/\/schema.org\",\"@graph\":[{\"@type\":\"Article\",\"@id\":\"https:\/\/noti-america.com\/site\/principal\/2023\/08\/27\/el-mantenimiento-de-la-via-naranjal-tenguel-contempla-la-ampliacion-a-cuatro-carriles\/#article\",\"isPartOf\":{\"@id\":\"https:\/\/noti-america.com\/site\/principal\/2023\/08\/27\/el-mantenimiento-de-la-via-naranjal-tenguel-contempla-la-ampliacion-a-cuatro-carriles\/\"},\"author\":{\"name\":\"Gregory Quintana Montiel\",\"@id\":\"https:\/\/noti-america.com\/site\/principal\/#\/schema\/person\/3b975e42f15abfe64bfe3abdd916efda\"},\"headline\":\"El mantenimiento de la via Naranjal \u2013 Tenguel contempla la ampliaci\u00f3n a cuatro carriles\",\"datePublished\":\"2023-08-27T20:50:38+00:00\",\"mainEntityOfPage\":{\"@id\":\"https:\/\/noti-america.com\/site\/principal\/2023\/08\/27\/el-mantenimiento-de-la-via-naranjal-tenguel-contempla-la-ampliacion-a-cuatro-carriles\/\"},\"wordCount\":417,\"image\":{\"@id\":\"https:\/\/noti-america.com\/site\/principal\/2023\/08\/27\/el-mantenimiento-de-la-via-naranjal-tenguel-contempla-la-ampliacion-a-cuatro-carriles\/#primaryimage\"},\"thumbnailUrl\":\"https:\/\/noti-america.com\/site\/principal\/wp-content\/uploads\/sites\/26\/2023\/08\/Presidente-Lasso-constato-avance-de-obra-tramo-vial-Naranjal-\u2013-Tengue.jpeg\",\"articleSection\":[\"Actualidad\"],\"inLanguage\":\"es\"},{\"@type\":\"WebPage\",\"@id\":\"https:\/\/noti-america.com\/site\/principal\/2023\/08\/27\/el-mantenimiento-de-la-via-naranjal-tenguel-contempla-la-ampliacion-a-cuatro-carriles\/\",\"url\":\"https:\/\/noti-america.com\/site\/principal\/2023\/08\/27\/el-mantenimiento-de-la-via-naranjal-tenguel-contempla-la-ampliacion-a-cuatro-carriles\/\",\"name\":\"El mantenimiento de la via Naranjal \u2013 Tenguel contempla la ampliaci\u00f3n a cuatro carriles - Noti-America.com\",\"isPartOf\":{\"@id\":\"https:\/\/noti-america.com\/site\/principal\/#website\"},\"primaryImageOfPage\":{\"@id\":\"https:\/\/noti-america.com\/site\/principal\/2023\/08\/27\/el-mantenimiento-de-la-via-naranjal-tenguel-contempla-la-ampliacion-a-cuatro-carriles\/#primaryimage\"},\"image\":{\"@id\":\"https:\/\/noti-america.com\/site\/principal\/2023\/08\/27\/el-mantenimiento-de-la-via-naranjal-tenguel-contempla-la-ampliacion-a-cuatro-carriles\/#primaryimage\"},\"thumbnailUrl\":\"https:\/\/noti-america.com\/site\/principal\/wp-content\/uploads\/sites\/26\/2023\/08\/Presidente-Lasso-constato-avance-de-obra-tramo-vial-Naranjal-\u2013-Tengue.jpeg\",\"datePublished\":\"2023-08-27T20:50:38+00:00\",\"author\":{\"@id\":\"https:\/\/noti-america.com\/site\/principal\/#\/schema\/person\/3b975e42f15abfe64bfe3abdd916efda\"},\"breadcrumb\":{\"@id\":\"https:\/\/noti-america.com\/site\/principal\/2023\/08\/27\/el-mantenimiento-de-la-via-naranjal-tenguel-contempla-la-ampliacion-a-cuatro-carriles\/#breadcrumb\"},\"inLanguage\":\"es\",\"potentialAction\":[{\"@type\":\"ReadAction\",\"target\":[\"https:\/\/noti-america.com\/site\/principal\/2023\/08\/27\/el-mantenimiento-de-la-via-naranjal-tenguel-contempla-la-ampliacion-a-cuatro-carriles\/\"]}]},{\"@type\":\"ImageObject\",\"inLanguage\":\"es\",\"@id\":\"https:\/\/noti-america.com\/site\/principal\/2023\/08\/27\/el-mantenimiento-de-la-via-naranjal-tenguel-contempla-la-ampliacion-a-cuatro-carriles\/#primaryimage\",\"url\":\"https:\/\/noti-america.com\/site\/principal\/wp-content\/uploads\/sites\/26\/2023\/08\/Presidente-Lasso-constato-avance-de-obra-tramo-vial-Naranjal-\u2013-Tengue.jpeg\",\"contentUrl\":\"https:\/\/noti-america.com\/site\/principal\/wp-content\/uploads\/sites\/26\/2023\/08\/Presidente-Lasso-constato-avance-de-obra-tramo-vial-Naranjal-\u2013-Tengue.jpeg\",\"width\":1600,\"height\":1066},{\"@type\":\"BreadcrumbList\",\"@id\":\"https:\/\/noti-america.com\/site\/principal\/2023\/08\/27\/el-mantenimiento-de-la-via-naranjal-tenguel-contempla-la-ampliacion-a-cuatro-carriles\/#breadcrumb\",\"itemListElement\":[{\"@type\":\"ListItem\",\"position\":1,\"name\":\"Portada\",\"item\":\"https:\/\/noti-america.com\/site\/principal\/\"},{\"@type\":\"ListItem\",\"position\":2,\"name\":\"El mantenimiento de la via Naranjal \u2013 Tenguel contempla la ampliaci\u00f3n a cuatro carriles\"}]},{\"@type\":\"WebSite\",\"@id\":\"https:\/\/noti-america.com\/site\/principal\/#website\",\"url\":\"https:\/\/noti-america.com\/site\/principal\/\",\"name\":\"Noti-America.com\",\"description\":\"El Noticiero Digital M\u00e1s Grande de Am\u00e9rica\",\"potentialAction\":[{\"@type\":\"SearchAction\",\"target\":{\"@type\":\"EntryPoint\",\"urlTemplate\":\"https:\/\/noti-america.com\/site\/principal\/?s={search_term_string}\"},\"query-input\":{\"@type\":\"PropertyValueSpecification\",\"valueRequired\":true,\"valueName\":\"search_term_string\"}}],\"inLanguage\":\"es\"},{\"@type\":\"Person\",\"@id\":\"https:\/\/noti-america.com\/site\/principal\/#\/schema\/person\/3b975e42f15abfe64bfe3abdd916efda\",\"name\":\"Gregory Quintana Montiel\",\"image\":{\"@type\":\"ImageObject\",\"inLanguage\":\"es\",\"@id\":\"https:\/\/secure.gravatar.com\/avatar\/2d6b802f7720c2ec7744dcbe608cc2f3417aeb964d58b443c6d612b77531de1d?s=96&d=mm&r=g\",\"url\":\"https:\/\/secure.gravatar.com\/avatar\/2d6b802f7720c2ec7744dcbe608cc2f3417aeb964d58b443c6d612b77531de1d?s=96&d=mm&r=g\",\"contentUrl\":\"https:\/\/secure.gravatar.com\/avatar\/2d6b802f7720c2ec7744dcbe608cc2f3417aeb964d58b443c6d612b77531de1d?s=96&d=mm&r=g\",\"caption\":\"Gregory Quintana Montiel\"},\"description\":\"Licenciatura en Ciencias de la Comunicaci\u00f3n Social, egresado en la Especializaci\u00f3n Derecho Ambiental Desarrollo Sostenible y Sustentable, Miembro de la Comunidad de profesionales y experto para Latinoam\u00e9rica y el Caribe en Gesti\u00f3n por Resultado en el Desarrollo (COPLAC - GpRD) del Banco Interamericano de Desarrollo, experiencia en medios radiales y escritos.\",\"sameAs\":[\"https:\/\/x.com\/gdgregori1\",\"gquintana\"],\"url\":\"https:\/\/noti-america.com\/site\/principal\/author\/gquintana\/\"}]}<\/script>\n<!-- \/ Yoast SEO Premium plugin. -->","yoast_head_json":{"title":"El mantenimiento de la via Naranjal \u2013 Tenguel contempla la ampliaci\u00f3n a cuatro carriles - Noti-America.com","robots":{"index":"index","follow":"follow","max-snippet":"max-snippet:-1","max-image-preview":"max-image-preview:large","max-video-preview":"max-video-preview:-1"},"canonical":"https:\/\/noti-america.com\/site\/principal\/2023\/08\/27\/el-mantenimiento-de-la-via-naranjal-tenguel-contempla-la-ampliacion-a-cuatro-carriles\/","og_locale":"es_ES","og_type":"article","og_title":"El mantenimiento de la via Naranjal \u2013 Tenguel contempla la ampliaci\u00f3n a cuatro carriles","og_description":"REDACCI\u00d3N NOTI-AM\u00c9RICA (ECUADOR) El Presidente de la Rep\u00fablica, Guillermo Lasso, constat\u00f3 el avance de la obra de rehabilitaci\u00f3n, mantenimiento y ampliaci\u00f3n a cuatro carriles del tramo vial Naranjal \u2013 Tenguel, en la provincia del&#46;&#46;&#46;","og_url":"https:\/\/noti-america.com\/site\/principal\/2023\/08\/27\/el-mantenimiento-de-la-via-naranjal-tenguel-contempla-la-ampliacion-a-cuatro-carriles\/","og_site_name":"Noti-America.com","article_published_time":"2023-08-27T20:50:38+00:00","og_image":[{"width":1600,"height":1066,"url":"https:\/\/noti-america.com\/site\/principal\/wp-content\/uploads\/sites\/26\/2023\/08\/Presidente-Lasso-constato-avance-de-obra-tramo-vial-Naranjal-\u2013-Tengue.jpeg","type":"image\/jpeg"}],"author":"Gregory Quintana Montiel","twitter_card":"summary_large_image","twitter_creator":"@gdgregori1","twitter_misc":{"Escrito por":"Gregory Quintana Montiel","Tiempo estimado de lectura":"2 minutos"},"schema":{"@context":"https:\/\/schema.org","@graph":[{"@type":"Article","@id":"https:\/\/noti-america.com\/site\/principal\/2023\/08\/27\/el-mantenimiento-de-la-via-naranjal-tenguel-contempla-la-ampliacion-a-cuatro-carriles\/#article","isPartOf":{"@id":"https:\/\/noti-america.com\/site\/principal\/2023\/08\/27\/el-mantenimiento-de-la-via-naranjal-tenguel-contempla-la-ampliacion-a-cuatro-carriles\/"},"author":{"name":"Gregory Quintana Montiel","@id":"https:\/\/noti-america.com\/site\/principal\/#\/schema\/person\/3b975e42f15abfe64bfe3abdd916efda"},"headline":"El mantenimiento de la via Naranjal \u2013 Tenguel contempla la ampliaci\u00f3n a cuatro carriles","datePublished":"2023-08-27T20:50:38+00:00","mainEntityOfPage":{"@id":"https:\/\/noti-america.com\/site\/principal\/2023\/08\/27\/el-mantenimiento-de-la-via-naranjal-tenguel-contempla-la-ampliacion-a-cuatro-carriles\/"},"wordCount":417,"image":{"@id":"https:\/\/noti-america.com\/site\/principal\/2023\/08\/27\/el-mantenimiento-de-la-via-naranjal-tenguel-contempla-la-ampliacion-a-cuatro-carriles\/#primaryimage"},"thumbnailUrl":"https:\/\/noti-america.com\/site\/principal\/wp-content\/uploads\/sites\/26\/2023\/08\/Presidente-Lasso-constato-avance-de-obra-tramo-vial-Naranjal-\u2013-Tengue.jpeg","articleSection":["Actualidad"],"inLanguage":"es"},{"@type":"WebPage","@id":"https:\/\/noti-america.com\/site\/principal\/2023\/08\/27\/el-mantenimiento-de-la-via-naranjal-tenguel-contempla-la-ampliacion-a-cuatro-carriles\/","url":"https:\/\/noti-america.com\/site\/principal\/2023\/08\/27\/el-mantenimiento-de-la-via-naranjal-tenguel-contempla-la-ampliacion-a-cuatro-carriles\/","name":"El mantenimiento de la via Naranjal \u2013 Tenguel contempla la ampliaci\u00f3n a cuatro carriles - Noti-America.com","isPartOf":{"@id":"https:\/\/noti-america.com\/site\/principal\/#website"},"primaryImageOfPage":{"@id":"https:\/\/noti-america.com\/site\/principal\/2023\/08\/27\/el-mantenimiento-de-la-via-naranjal-tenguel-contempla-la-ampliacion-a-cuatro-carriles\/#primaryimage"},"image":{"@id":"https:\/\/noti-america.com\/site\/principal\/2023\/08\/27\/el-mantenimiento-de-la-via-naranjal-tenguel-contempla-la-ampliacion-a-cuatro-carriles\/#primaryimage"},"thumbnailUrl":"https:\/\/noti-america.com\/site\/principal\/wp-content\/uploads\/sites\/26\/2023\/08\/Presidente-Lasso-constato-avance-de-obra-tramo-vial-Naranjal-\u2013-Tengue.jpeg","datePublished":"2023-08-27T20:50:38+00:00","author":{"@id":"https:\/\/noti-america.com\/site\/principal\/#\/schema\/person\/3b975e42f15abfe64bfe3abdd916efda"},"breadcrumb":{"@id":"https:\/\/noti-america.com\/site\/principal\/2023\/08\/27\/el-mantenimiento-de-la-via-naranjal-tenguel-contempla-la-ampliacion-a-cuatro-carriles\/#breadcrumb"},"inLanguage":"es","potentialAction":[{"@type":"ReadAction","target":["https:\/\/noti-america.com\/site\/principal\/2023\/08\/27\/el-mantenimiento-de-la-via-naranjal-tenguel-contempla-la-ampliacion-a-cuatro-carriles\/"]}]},{"@type":"ImageObject","inLanguage":"es","@id":"https:\/\/noti-america.com\/site\/principal\/2023\/08\/27\/el-mantenimiento-de-la-via-naranjal-tenguel-contempla-la-ampliacion-a-cuatro-carriles\/#primaryimage","url":"https:\/\/noti-america.com\/site\/principal\/wp-content\/uploads\/sites\/26\/2023\/08\/Presidente-Lasso-constato-avance-de-obra-tramo-vial-Naranjal-\u2013-Tengue.jpeg","contentUrl":"https:\/\/noti-america.com\/site\/principal\/wp-content\/uploads\/sites\/26\/2023\/08\/Presidente-Lasso-constato-avance-de-obra-tramo-vial-Naranjal-\u2013-Tengue.jpeg","width":1600,"height":1066},{"@type":"BreadcrumbList","@id":"https:\/\/noti-america.com\/site\/principal\/2023\/08\/27\/el-mantenimiento-de-la-via-naranjal-tenguel-contempla-la-ampliacion-a-cuatro-carriles\/#breadcrumb","itemListElement":[{"@type":"ListItem","position":1,"name":"Portada","item":"https:\/\/noti-america.com\/site\/principal\/"},{"@type":"ListItem","position":2,"name":"El mantenimiento de la via Naranjal \u2013 Tenguel contempla la ampliaci\u00f3n a cuatro carriles"}]},{"@type":"WebSite","@id":"https:\/\/noti-america.com\/site\/principal\/#website","url":"https:\/\/noti-america.com\/site\/principal\/","name":"Noti-America.com","description":"El Noticiero Digital M\u00e1s Grande de Am\u00e9rica","potentialAction":[{"@type":"SearchAction","target":{"@type":"EntryPoint","urlTemplate":"https:\/\/noti-america.com\/site\/principal\/?s={search_term_string}"},"query-input":{"@type":"PropertyValueSpecification","valueRequired":true,"valueName":"search_term_string"}}],"inLanguage":"es"},{"@type":"Person","@id":"https:\/\/noti-america.com\/site\/principal\/#\/schema\/person\/3b975e42f15abfe64bfe3abdd916efda","name":"Gregory Quintana Montiel","image":{"@type":"ImageObject","inLanguage":"es","@id":"https:\/\/secure.gravatar.com\/avatar\/2d6b802f7720c2ec7744dcbe608cc2f3417aeb964d58b443c6d612b77531de1d?s=96&d=mm&r=g","url":"https:\/\/secure.gravatar.com\/avatar\/2d6b802f7720c2ec7744dcbe608cc2f3417aeb964d58b443c6d612b77531de1d?s=96&d=mm&r=g","contentUrl":"https:\/\/secure.gravatar.com\/avatar\/2d6b802f7720c2ec7744dcbe608cc2f3417aeb964d58b443c6d612b77531de1d?s=96&d=mm&r=g","caption":"Gregory Quintana Montiel"},"description":"Licenciatura en Ciencias de la Comunicaci\u00f3n Social, egresado en la Especializaci\u00f3n Derecho Ambiental Desarrollo Sostenible y Sustentable, Miembro de la Comunidad de profesionales y experto para Latinoam\u00e9rica y el Caribe en Gesti\u00f3n por Resultado en el Desarrollo (COPLAC - GpRD) del Banco Interamericano de Desarrollo, experiencia en medios radiales y escritos.","sameAs":["https:\/\/x.com\/gdgregori1","gquintana"],"url":"https:\/\/noti-america.com\/site\/principal\/author\/gquintana\/"}]}},"_links":{"self":[{"href":"https:\/\/noti-america.com\/site\/principal\/wp-json\/wp\/v2\/posts\/30694","targetHints":{"allow":["GET"]}}],"collection":[{"href":"https:\/\/noti-america.com\/site\/principal\/wp-json\/wp\/v2\/posts"}],"about":[{"href":"https:\/\/noti-america.com\/site\/principal\/wp-json\/wp\/v2\/types\/post"}],"author":[{"embeddable":true,"href":"https:\/\/noti-america.com\/site\/principal\/wp-json\/wp\/v2\/users\/17"}],"replies":[{"embeddable":true,"href":"https:\/\/noti-america.com\/site\/principal\/wp-json\/wp\/v2\/comments?post=30694"}],"version-history":[{"count":0,"href":"https:\/\/noti-america.com\/site\/principal\/wp-json\/wp\/v2\/posts\/30694\/revisions"}],"wp:featuredmedia":[{"embeddable":true,"href":"https:\/\/noti-america.com\/site\/principal\/wp-json\/wp\/v2\/media\/30695"}],"wp:attachment":[{"href":"https:\/\/noti-america.com\/site\/principal\/wp-json\/wp\/v2\/media?parent=30694"}],"wp:term":[{"taxonomy":"category","embeddable":true,"href":"https:\/\/noti-america.com\/site\/principal\/wp-json\/wp\/v2\/categories?post=30694"},{"taxonomy":"post_tag","embeddable":true,"href":"https:\/\/noti-america.com\/site\/principal\/wp-json\/wp\/v2\/tags?post=30694"}],"curies":[{"name":"wp","href":"https:\/\/api.w.org\/{rel}","templated":true}]}}