{"id":30353,"date":"2023-08-16T18:16:24","date_gmt":"2023-08-16T22:16:24","guid":{"rendered":"https:\/\/noti-america.com\/site\/principal\/?p=30353"},"modified":"2023-08-16T18:16:24","modified_gmt":"2023-08-16T22:16:24","slug":"el-bienestar-como-factor-de-cambio-social","status":"publish","type":"post","link":"https:\/\/noti-america.com\/site\/principal\/2023\/08\/16\/el-bienestar-como-factor-de-cambio-social\/","title":{"rendered":"El bienestar como factor de cambio social"},"content":{"rendered":"<p>NOTI-AMERICA | COLOMBIA<\/p>\n<p>Si se consulta la palabra<strong> bienestar<\/strong> en el Diccionario de la Real Academia Espa\u00f1ola se encontrar\u00e1n tres definiciones: \u201cConjunto de las cosas necesarias para vivir bien\u201d, \u201cVida holgada o abastecida de cuanto conduce a pasarlo bien y con tranquilidad, \u201cEstado de la persona en el que se le hace sensible el buen funcionamiento de su actividad som\u00e1tica y ps\u00edquica\u201d. Tres definiciones que iluminan la idea, pero que son insuficientes frente a nuevos enfoques y perspectivas. \u201cRecientemente, la <strong>Universidad de Harvard <\/strong>bajo la direcci\u00f3n de <strong>Robert Waldinger,<\/strong> psiquiatra y catedr\u00e1tico, public\u00f3 el informe <em>Estudio de Desarrollo Adulto de Harvard, <\/em>un estudio sobre la felicidad, y la felicidad est\u00e1 relacionada con el bienestar en muchos sentidos. En la investigaci\u00f3n se dio seguimiento a m\u00e1s de 200 individuos y a sus familias durante 85 a\u00f1os y se encontr\u00f3 que las relaciones duraderas y estables son el elemento que garantiza la felicidad y el bienestar\u201d, afirma <strong>Gaby de Meneses<\/strong>, cocreadora de <strong>The Wellbeing Summit Bogot\u00e1<\/strong>, y fundadora de la <strong>Fundaci\u00f3n TAAP (Taller de Aprendizaje para las Artes y el Pensamiento).<\/strong><\/p>\n<p>\u201cSiempre nos dijeron que comer bien y hacer ejercicio garantizaba el bienestar y si, comer bien y ejercitarse es importante, pero el estudio de Harvard enfoca sus conclusiones hacia las relaciones significativas con otras personas. <strong>El bienestar es entonces un concepto hol\u00edstico que abarca varios niveles: el bienestar f\u00edsico y la salud, el bienestar emocional y la salud mental, el bienestar social y relacional, el bienestar profesional, financiero, organizacional, adem\u00e1s del bienestar espiritual<\/strong>. Este no es un concepto que es solo para una elite, sino que cualquier persona puede incorporar a su vida. Ya no solamente se habla a nivel global de los Objetivos de Desarrollo Sostenible sino se habla tambi\u00e9n de Objetivos de Desarrollo Interior porque primero debemos es cambiar nosotros antes de poder cambiar nuestro planeta.\u201d, explica la organizadora de The Wellbeing Summit Bogot\u00e1 que se realizar\u00e1 del 13 al 16 de septiembre<\/p>\n<p>Este enfoque hol\u00edstico y de m\u00faltiples perspectivas es el que va a estar presente en las conferencias, paneles y charlas de <strong>The Wellbeing Summit Bogot\u00e1<\/strong>. M\u00e1s de 120 expertos nacionales e internacionales expondr\u00e1n y debatir\u00e1n experiencias y pr\u00e1cticas tendientes a encontrar el bienestar f\u00edsico, social, emocional, cultural y organizacional en diversos \u00e1mbitos:\u00a0 salud mental y f\u00edsica, alimentaci\u00f3n, trabajo, educaci\u00f3n, relaciones, espiritualidad o finanzas. Todo acompa\u00f1ado con exhibiciones art\u00edsticas y un programa de conciertos con m\u00fasicos que han transformado el bienestar de sus comunidades a trav\u00e9s del arte y la cultura como <strong>Fonseca <\/strong>y su <strong>Fundaci\u00f3n Gratitud<\/strong>.\u00a0 Estas son algunas de las \u00a0perspectivas sobre el tema del bienestar que se encontrar\u00e1n en <strong>The Wellbeing Summit Bogot\u00e1.<\/strong><\/p>\n<p><strong>Bienestar: de lo individual a lo colectivo <\/strong><\/p>\n<p><strong>Dr. Richard J. Davidson<\/strong>. Profesor de Psicolog\u00eda y Psiquiatr\u00eda, fundador y director del <strong>Centro de Mentes Saludables de la Universidad de Wisconsin-Madison<\/strong>. Bienestar de lo individual a lo colectivo es su conferencia (viernes 15 de septiembre, 10:00 a.m. El Dr. Richard J. Davidson recibi\u00f3 su PhD. de la Universidad de Harvard en Psicolog\u00eda en 1976. Su investigaci\u00f3n se centra ampliamente en las bases neuronales de la emoci\u00f3n y los m\u00e9todos para promover el florecimiento humano, incluida la meditaci\u00f3n y las pr\u00e1cticas contemplativas relacionadas. Ha publicado m\u00e1s de 400 art\u00edculos y es coautor de <em>La vida emocional de su cerebro<\/em> y <em>Rasgos alterados: la ciencia revela c\u00f3mo la meditaci\u00f3n cambia su mente, cerebro y cuerpo<\/em>.<\/p>\n<p><strong>Experiencias ancestrales de bienestar<\/strong><\/p>\n<p>Representantes de los <strong>Koguis, Tikuna y Coreguaje<\/strong>, comunidades ind\u00edgenas colombianas, mostrar\u00e1n c\u00f3mo entienden el bienestar en sus respectivas cosmovisiones y la manera en que este concepto se integra en sus vidas. Acompa\u00f1ando <strong>las charlas Pr\u00e1cticas ancestrales de bienestar<\/strong> (jueves 14 de septiembre, 8:00 a.m.) mientras que <strong>acad\u00e9micos y l\u00edderes espirituales de la Universidad de la Salle<\/strong> explorar\u00e1n los <strong>enfoques espirituales, ancestrales y religiosos para el cuidado del propio<\/strong> bienestar (s\u00e1bado 16 de septiembre, 10:30 a.m.). En el evento estar\u00e1 el fot\u00f3grafo Antonio Brice\u00f1o con su exposici\u00f3n Dioses de Am\u00e9rica. Pante\u00f3n natural y la cantante Liana Malva Castillo con canciones inspiradas en la regi\u00f3n amaz\u00f3nica.<\/p>\n<p><strong>El bienestar y la salud mental de los periodistas<\/strong><\/p>\n<p>La periodista espa\u00f1ola <strong>Mar Cabra <\/strong>gan\u00f3 un <strong>Premio Pulitzer<\/strong> por su investigaci\u00f3n de los <em>Panama Papers<\/em>. Despu\u00e9s del \u00e9xito profesional que represent\u00f3 esta distinci\u00f3n, ella experiment\u00f3 un deterioro en su salud mental y f\u00edsica debido al exceso de trabajo y la conexi\u00f3n permanente a Internet. En su charla <em>Salud mental y bienestar en los medios de comunicaci\u00f3n<\/em> (viernes 15 de septiembre, 3:00 p.m.) hablar\u00e1 sobre <strong>salud mental para periodistas y del s\u00edndrome del quemado o <em>burnout<\/em><\/strong>.<\/p>\n<p><strong>Bienestar en las empresas, las organizaciones y los emprendimientos<\/strong><\/p>\n<p>\u201cEl <strong>bienestar personal tambi\u00e9n influye en nuestra productividad y rendimiento en el trabajo<\/strong>. Cuando nos cuidamos a nosotros mismos, mejoramos nuestra concentraci\u00f3n, creatividad y capacidad para manejar el estr\u00e9s. Esto se traduce en <strong>un mayor rendimiento laboral y en la capacidad de contribuir de manera m\u00e1s significativa en nuestro entorno de trabajo<\/strong>\u201d,<strong> Mar\u00eda Fernanda Mart\u00ednez, Networks Manager, The Wellbeing Project<\/strong>. El viernes 15 de septiembre despu\u00e9s de las 3:00 p.m. se presentar\u00e1n las conferencias: \u00a0<em>Bienestar en los equipos de trabajo: din\u00e1micas y conexi\u00f3n en organizaciones sociales; Bienestar en los equipos de trabajo: din\u00e1micas y conexi\u00f3n en empresas; Bienestar entre emprendedores de alto impacto y emprendedores sociales; Compasi\u00f3n, empat\u00eda, salud mental y bienestar dentro de organizaciones sociales; Humanizando la tecnolog\u00eda para la salud mental y el bienestar de los emprendedores<\/em> y <em>Bienestar y cambios laborales. \u00bfC\u00f3mo tomar decisiones profesionales inspiradas en la naturaleza?<\/em><\/p>\n<p><em>\u00a0<\/em><strong>Bienestar y sanaci\u00f3n<\/strong><\/p>\n<p>Fen\u00f3menos como la violencia, el desplazamiento o la migraci\u00f3n afectan el bienestar y la salud mental y f\u00edsica de miles de personas en Latinoam\u00e9rica. \u00bfC\u00f3mo sanar estos traumas? Expertos como\u00a0 <strong>Laura Calder\u00f3n de la Barca<\/strong> (M\u00e9xico, terapeuta en trauma colectivo e intergeneracional); <strong>H\u00e9ctor Aristiz\u00e1bal<\/strong>, (Colombia- Estados Unidos, psic\u00f3logo y artista, fundador de ImaginAction); <strong>Aldo C\u00edvico<\/strong> (Italia- Colombia, antrop\u00f3logo y coach); <strong>Maite Moreno Ugartemend\u00eda<\/strong> (Argentina, psic\u00f3loga, coach y profesora de yoga y de meditaci\u00f3n); <strong>Flor Garc\u00eda Mencos<\/strong> (Guatemala , psic\u00f3loga); <strong>Tejedoras de Mampuj\u00e1n<\/strong> (Colectivo colombiano); <strong>Erika Laz<\/strong> (Venezuela, coach) y <strong>Gaby de Meneses<\/strong> (Venezuela- Colombia, comunicadora., emprendedora social y docente universitaria) abordar\u00e1n en sus charlas los temas\u00a0 <em>Trauma intergeneracional en comunidades de Am\u00e9rica Latina y el Caribe; Salud mental, bienestar y longevidad en ecosistemas de cambio; Juventud, salud mental y bienestar en ecosistemas de cambio; Duelo, p\u00e9rdida y migrantes dentro de ecosistemas de cambio en Iberoam\u00e9rica; Duelo, p\u00e9rdida y trauma colectivo<\/em> y <em>Superar traumas emocionales<\/em>. El arte es tambi\u00e9n un instrumento de sanaci\u00f3n y esto se puede ver en la fotograf\u00eda y la m\u00fasica de los artistas venezolanos <strong>Carlos Meneses <\/strong>y<strong> Laura Guevara<\/strong> y en el conversatorio <em>Escribir para sanar. Iberoam\u00e9rica sanando a trav\u00e9s de sus historias <\/em>con los escritores colombianos <strong>Piedad Bonnett<\/strong> y <strong>Ricardo Silva.<\/strong><\/p>\n<p><strong>M\u00fasica y bienestar\u00a0 <\/strong><\/p>\n<p><strong>La m\u00fasica es un medio de sanaci\u00f3n y de cambio<\/strong> y dos grandes artistas colombianos lo saben:<strong> Juanes<\/strong> y<strong> Fonseca <\/strong>que a trav\u00e9s de sus fundaciones <strong>Mi Sangre<\/strong> y <strong>Gratitud <\/strong>han cambiado la vida de muchos ni\u00f1os y j\u00f3venes en Colombia.\u00a0 <strong>Fonseca <\/strong>inaugurar\u00e1 <strong>The Wellbeing Summit Bogot\u00e1 <\/strong>(mi\u00e9rcoles 13 de septiembre, 6:00 p.m.) mientras que <strong>Catalina Cock<\/strong>, cofundadora de la <strong>Fundaci\u00f3n Mi Sangre <\/strong>expondr\u00e1 sus experiencias en el desarrollo de habilidades para la vida, el liderazgo y el emprendimiento social en la ni\u00f1ez y la juventud de Colombia.<\/p>\n<p>The <strong>Wellbeing Summit Bogot\u00e1<\/strong> ser\u00e1 un encuentro \u00fanico en el que se explorar\u00e1 el concepto de bienestar y se vivir\u00e1n experiencias transformadoras a trav\u00e9s de talleres, inmersiones, pr\u00e1cticas ancestrales y presentaciones art\u00edsticas<strong>.\u00a0 Los participantes descubrir\u00e1n habilidades y herramientas que podr\u00e1n utilizar en su vida diaria y en su trabajo como l\u00edderes de cambio, para incrementar su bienestar y el de aquellos que lo rodean. <\/strong><\/p>\n<p><strong>\u00a0<\/strong>M\u00e1s informaci\u00f3n, programaci\u00f3n e inscripciones individuales, equipos empresariales o de grupos de amigos y familiares en: <a href=\"https:\/\/thewellbeingsummitbogota.com\/\">https:\/\/thewellbeingsummitbogota.com\/<\/a>\u00a0 En redes sociales: \u00a0Facebook: The Wellbeing Summit Bogot\u00e1; Instagram: @Thewellbeingsummitbogota2023; X: @wellbeingsumbog y LinkedIn: The Wellbeing Summit Bogot\u00e1.<\/p>\n","protected":false},"excerpt":{"rendered":"<p>NOTI-AMERICA | COLOMBIA Si se consulta la palabra bienestar en el Diccionario de la Real Academia Espa\u00f1ola se encontrar\u00e1n tres definiciones: \u201cConjunto de las cosas necesarias para vivir bien\u201d, \u201cVida holgada o abastecida de&#46;&#46;&#46;<\/p>\n","protected":false},"author":135,"featured_media":30354,"comment_status":"","ping_status":"open","sticky":false,"template":"","format":"image","meta":{"_acf_changed":false,"rop_custom_images_group":[],"rop_custom_messages_group":[],"rop_publish_now":"initial","rop_publish_now_accounts":{"facebook_10219548024599422_1632221337088128":"","twitter_242054905_242054905":""},"rop_publish_now_history":[],"rop_publish_now_status":"pending","footnotes":""},"categories":[886,13],"tags":[],"class_list":["post-30353","post","type-post","status-publish","format-image","has-post-thumbnail","hentry","category-acturalidad","category-vida-y-salud","post_format-post-format-image"],"acf":[],"yoast_head":"<!-- This site is optimized with the Yoast SEO Premium plugin v24.9 (Yoast SEO v27.2) - https:\/\/yoast.com\/product\/yoast-seo-premium-wordpress\/ -->\n<title>El bienestar como factor de cambio social - Noti-America.com<\/title>\n<meta name=\"robots\" content=\"index, follow, max-snippet:-1, max-image-preview:large, max-video-preview:-1\" \/>\n<link rel=\"canonical\" href=\"https:\/\/noti-america.com\/site\/principal\/2023\/08\/16\/el-bienestar-como-factor-de-cambio-social\/\" \/>\n<meta property=\"og:locale\" content=\"es_ES\" \/>\n<meta property=\"og:type\" content=\"article\" \/>\n<meta property=\"og:title\" content=\"El bienestar como factor de cambio social\" \/>\n<meta property=\"og:description\" content=\"NOTI-AMERICA | COLOMBIA Si se consulta la palabra bienestar en el Diccionario de la Real Academia Espa\u00f1ola se encontrar\u00e1n tres definiciones: \u201cConjunto de las cosas necesarias para vivir bien\u201d, \u201cVida holgada o abastecida de&#046;&#046;&#046;\" \/>\n<meta property=\"og:url\" content=\"https:\/\/noti-america.com\/site\/principal\/2023\/08\/16\/el-bienestar-como-factor-de-cambio-social\/\" \/>\n<meta property=\"og:site_name\" content=\"Noti-America.com\" \/>\n<meta property=\"article:published_time\" content=\"2023-08-16T22:16:24+00:00\" \/>\n<meta property=\"og:image\" content=\"https:\/\/noti-america.com\/site\/principal\/wp-content\/uploads\/sites\/26\/2023\/08\/WhatsApp-Image-2023-08-11-at-8.08.57-PM-1.jpeg\" \/>\n\t<meta property=\"og:image:width\" content=\"1080\" \/>\n\t<meta property=\"og:image:height\" content=\"680\" \/>\n\t<meta property=\"og:image:type\" content=\"image\/jpeg\" \/>\n<meta name=\"author\" content=\"mlenis\" \/>\n<meta name=\"twitter:card\" content=\"summary_large_image\" \/>\n<meta name=\"twitter:label1\" content=\"Escrito por\" \/>\n\t<meta name=\"twitter:data1\" content=\"mlenis\" \/>\n\t<meta name=\"twitter:label2\" content=\"Tiempo estimado de lectura\" \/>\n\t<meta name=\"twitter:data2\" content=\"6 minutos\" \/>\n<script type=\"application\/ld+json\" class=\"yoast-schema-graph\">{\"@context\":\"https:\/\/schema.org\",\"@graph\":[{\"@type\":\"Article\",\"@id\":\"https:\/\/noti-america.com\/site\/principal\/2023\/08\/16\/el-bienestar-como-factor-de-cambio-social\/#article\",\"isPartOf\":{\"@id\":\"https:\/\/noti-america.com\/site\/principal\/2023\/08\/16\/el-bienestar-como-factor-de-cambio-social\/\"},\"author\":{\"name\":\"mlenis\",\"@id\":\"https:\/\/noti-america.com\/site\/principal\/#\/schema\/person\/4b216aa1c65f5f3ee2a0f0ee69a3f85f\"},\"headline\":\"El bienestar como factor de cambio social\",\"datePublished\":\"2023-08-16T22:16:24+00:00\",\"mainEntityOfPage\":{\"@id\":\"https:\/\/noti-america.com\/site\/principal\/2023\/08\/16\/el-bienestar-como-factor-de-cambio-social\/\"},\"wordCount\":1427,\"image\":{\"@id\":\"https:\/\/noti-america.com\/site\/principal\/2023\/08\/16\/el-bienestar-como-factor-de-cambio-social\/#primaryimage\"},\"thumbnailUrl\":\"https:\/\/noti-america.com\/site\/principal\/wp-content\/uploads\/sites\/26\/2023\/08\/WhatsApp-Image-2023-08-11-at-8.08.57-PM-1.jpeg\",\"articleSection\":[\"Actualidad\",\"Vida y Salud\"],\"inLanguage\":\"es\"},{\"@type\":\"WebPage\",\"@id\":\"https:\/\/noti-america.com\/site\/principal\/2023\/08\/16\/el-bienestar-como-factor-de-cambio-social\/\",\"url\":\"https:\/\/noti-america.com\/site\/principal\/2023\/08\/16\/el-bienestar-como-factor-de-cambio-social\/\",\"name\":\"El bienestar como factor de cambio social - Noti-America.com\",\"isPartOf\":{\"@id\":\"https:\/\/noti-america.com\/site\/principal\/#website\"},\"primaryImageOfPage\":{\"@id\":\"https:\/\/noti-america.com\/site\/principal\/2023\/08\/16\/el-bienestar-como-factor-de-cambio-social\/#primaryimage\"},\"image\":{\"@id\":\"https:\/\/noti-america.com\/site\/principal\/2023\/08\/16\/el-bienestar-como-factor-de-cambio-social\/#primaryimage\"},\"thumbnailUrl\":\"https:\/\/noti-america.com\/site\/principal\/wp-content\/uploads\/sites\/26\/2023\/08\/WhatsApp-Image-2023-08-11-at-8.08.57-PM-1.jpeg\",\"datePublished\":\"2023-08-16T22:16:24+00:00\",\"author\":{\"@id\":\"https:\/\/noti-america.com\/site\/principal\/#\/schema\/person\/4b216aa1c65f5f3ee2a0f0ee69a3f85f\"},\"breadcrumb\":{\"@id\":\"https:\/\/noti-america.com\/site\/principal\/2023\/08\/16\/el-bienestar-como-factor-de-cambio-social\/#breadcrumb\"},\"inLanguage\":\"es\",\"potentialAction\":[{\"@type\":\"ReadAction\",\"target\":[\"https:\/\/noti-america.com\/site\/principal\/2023\/08\/16\/el-bienestar-como-factor-de-cambio-social\/\"]}]},{\"@type\":\"ImageObject\",\"inLanguage\":\"es\",\"@id\":\"https:\/\/noti-america.com\/site\/principal\/2023\/08\/16\/el-bienestar-como-factor-de-cambio-social\/#primaryimage\",\"url\":\"https:\/\/noti-america.com\/site\/principal\/wp-content\/uploads\/sites\/26\/2023\/08\/WhatsApp-Image-2023-08-11-at-8.08.57-PM-1.jpeg\",\"contentUrl\":\"https:\/\/noti-america.com\/site\/principal\/wp-content\/uploads\/sites\/26\/2023\/08\/WhatsApp-Image-2023-08-11-at-8.08.57-PM-1.jpeg\",\"width\":1080,\"height\":680},{\"@type\":\"BreadcrumbList\",\"@id\":\"https:\/\/noti-america.com\/site\/principal\/2023\/08\/16\/el-bienestar-como-factor-de-cambio-social\/#breadcrumb\",\"itemListElement\":[{\"@type\":\"ListItem\",\"position\":1,\"name\":\"Portada\",\"item\":\"https:\/\/noti-america.com\/site\/principal\/\"},{\"@type\":\"ListItem\",\"position\":2,\"name\":\"El bienestar como factor de cambio social\"}]},{\"@type\":\"WebSite\",\"@id\":\"https:\/\/noti-america.com\/site\/principal\/#website\",\"url\":\"https:\/\/noti-america.com\/site\/principal\/\",\"name\":\"Noti-America.com\",\"description\":\"El Noticiero Digital M\u00e1s Grande de Am\u00e9rica\",\"potentialAction\":[{\"@type\":\"SearchAction\",\"target\":{\"@type\":\"EntryPoint\",\"urlTemplate\":\"https:\/\/noti-america.com\/site\/principal\/?s={search_term_string}\"},\"query-input\":{\"@type\":\"PropertyValueSpecification\",\"valueRequired\":true,\"valueName\":\"search_term_string\"}}],\"inLanguage\":\"es\"},{\"@type\":\"Person\",\"@id\":\"https:\/\/noti-america.com\/site\/principal\/#\/schema\/person\/4b216aa1c65f5f3ee2a0f0ee69a3f85f\",\"name\":\"mlenis\",\"image\":{\"@type\":\"ImageObject\",\"inLanguage\":\"es\",\"@id\":\"https:\/\/secure.gravatar.com\/avatar\/71bbe7129a082888d49bedca63e7a6e75ca485c648bb239a7515a2a55acd510f?s=96&d=mm&r=g\",\"url\":\"https:\/\/secure.gravatar.com\/avatar\/71bbe7129a082888d49bedca63e7a6e75ca485c648bb239a7515a2a55acd510f?s=96&d=mm&r=g\",\"contentUrl\":\"https:\/\/secure.gravatar.com\/avatar\/71bbe7129a082888d49bedca63e7a6e75ca485c648bb239a7515a2a55acd510f?s=96&d=mm&r=g\",\"caption\":\"mlenis\"},\"url\":\"https:\/\/noti-america.com\/site\/principal\/author\/mlenis\/\"}]}<\/script>\n<!-- \/ Yoast SEO Premium plugin. -->","yoast_head_json":{"title":"El bienestar como factor de cambio social - Noti-America.com","robots":{"index":"index","follow":"follow","max-snippet":"max-snippet:-1","max-image-preview":"max-image-preview:large","max-video-preview":"max-video-preview:-1"},"canonical":"https:\/\/noti-america.com\/site\/principal\/2023\/08\/16\/el-bienestar-como-factor-de-cambio-social\/","og_locale":"es_ES","og_type":"article","og_title":"El bienestar como factor de cambio social","og_description":"NOTI-AMERICA | COLOMBIA Si se consulta la palabra bienestar en el Diccionario de la Real Academia Espa\u00f1ola se encontrar\u00e1n tres definiciones: \u201cConjunto de las cosas necesarias para vivir bien\u201d, \u201cVida holgada o abastecida de&#46;&#46;&#46;","og_url":"https:\/\/noti-america.com\/site\/principal\/2023\/08\/16\/el-bienestar-como-factor-de-cambio-social\/","og_site_name":"Noti-America.com","article_published_time":"2023-08-16T22:16:24+00:00","og_image":[{"width":1080,"height":680,"url":"https:\/\/noti-america.com\/site\/principal\/wp-content\/uploads\/sites\/26\/2023\/08\/WhatsApp-Image-2023-08-11-at-8.08.57-PM-1.jpeg","type":"image\/jpeg"}],"author":"mlenis","twitter_card":"summary_large_image","twitter_misc":{"Escrito por":"mlenis","Tiempo estimado de lectura":"6 minutos"},"schema":{"@context":"https:\/\/schema.org","@graph":[{"@type":"Article","@id":"https:\/\/noti-america.com\/site\/principal\/2023\/08\/16\/el-bienestar-como-factor-de-cambio-social\/#article","isPartOf":{"@id":"https:\/\/noti-america.com\/site\/principal\/2023\/08\/16\/el-bienestar-como-factor-de-cambio-social\/"},"author":{"name":"mlenis","@id":"https:\/\/noti-america.com\/site\/principal\/#\/schema\/person\/4b216aa1c65f5f3ee2a0f0ee69a3f85f"},"headline":"El bienestar como factor de cambio social","datePublished":"2023-08-16T22:16:24+00:00","mainEntityOfPage":{"@id":"https:\/\/noti-america.com\/site\/principal\/2023\/08\/16\/el-bienestar-como-factor-de-cambio-social\/"},"wordCount":1427,"image":{"@id":"https:\/\/noti-america.com\/site\/principal\/2023\/08\/16\/el-bienestar-como-factor-de-cambio-social\/#primaryimage"},"thumbnailUrl":"https:\/\/noti-america.com\/site\/principal\/wp-content\/uploads\/sites\/26\/2023\/08\/WhatsApp-Image-2023-08-11-at-8.08.57-PM-1.jpeg","articleSection":["Actualidad","Vida y Salud"],"inLanguage":"es"},{"@type":"WebPage","@id":"https:\/\/noti-america.com\/site\/principal\/2023\/08\/16\/el-bienestar-como-factor-de-cambio-social\/","url":"https:\/\/noti-america.com\/site\/principal\/2023\/08\/16\/el-bienestar-como-factor-de-cambio-social\/","name":"El bienestar como factor de cambio social - Noti-America.com","isPartOf":{"@id":"https:\/\/noti-america.com\/site\/principal\/#website"},"primaryImageOfPage":{"@id":"https:\/\/noti-america.com\/site\/principal\/2023\/08\/16\/el-bienestar-como-factor-de-cambio-social\/#primaryimage"},"image":{"@id":"https:\/\/noti-america.com\/site\/principal\/2023\/08\/16\/el-bienestar-como-factor-de-cambio-social\/#primaryimage"},"thumbnailUrl":"https:\/\/noti-america.com\/site\/principal\/wp-content\/uploads\/sites\/26\/2023\/08\/WhatsApp-Image-2023-08-11-at-8.08.57-PM-1.jpeg","datePublished":"2023-08-16T22:16:24+00:00","author":{"@id":"https:\/\/noti-america.com\/site\/principal\/#\/schema\/person\/4b216aa1c65f5f3ee2a0f0ee69a3f85f"},"breadcrumb":{"@id":"https:\/\/noti-america.com\/site\/principal\/2023\/08\/16\/el-bienestar-como-factor-de-cambio-social\/#breadcrumb"},"inLanguage":"es","potentialAction":[{"@type":"ReadAction","target":["https:\/\/noti-america.com\/site\/principal\/2023\/08\/16\/el-bienestar-como-factor-de-cambio-social\/"]}]},{"@type":"ImageObject","inLanguage":"es","@id":"https:\/\/noti-america.com\/site\/principal\/2023\/08\/16\/el-bienestar-como-factor-de-cambio-social\/#primaryimage","url":"https:\/\/noti-america.com\/site\/principal\/wp-content\/uploads\/sites\/26\/2023\/08\/WhatsApp-Image-2023-08-11-at-8.08.57-PM-1.jpeg","contentUrl":"https:\/\/noti-america.com\/site\/principal\/wp-content\/uploads\/sites\/26\/2023\/08\/WhatsApp-Image-2023-08-11-at-8.08.57-PM-1.jpeg","width":1080,"height":680},{"@type":"BreadcrumbList","@id":"https:\/\/noti-america.com\/site\/principal\/2023\/08\/16\/el-bienestar-como-factor-de-cambio-social\/#breadcrumb","itemListElement":[{"@type":"ListItem","position":1,"name":"Portada","item":"https:\/\/noti-america.com\/site\/principal\/"},{"@type":"ListItem","position":2,"name":"El bienestar como factor de cambio social"}]},{"@type":"WebSite","@id":"https:\/\/noti-america.com\/site\/principal\/#website","url":"https:\/\/noti-america.com\/site\/principal\/","name":"Noti-America.com","description":"El Noticiero Digital M\u00e1s Grande de Am\u00e9rica","potentialAction":[{"@type":"SearchAction","target":{"@type":"EntryPoint","urlTemplate":"https:\/\/noti-america.com\/site\/principal\/?s={search_term_string}"},"query-input":{"@type":"PropertyValueSpecification","valueRequired":true,"valueName":"search_term_string"}}],"inLanguage":"es"},{"@type":"Person","@id":"https:\/\/noti-america.com\/site\/principal\/#\/schema\/person\/4b216aa1c65f5f3ee2a0f0ee69a3f85f","name":"mlenis","image":{"@type":"ImageObject","inLanguage":"es","@id":"https:\/\/secure.gravatar.com\/avatar\/71bbe7129a082888d49bedca63e7a6e75ca485c648bb239a7515a2a55acd510f?s=96&d=mm&r=g","url":"https:\/\/secure.gravatar.com\/avatar\/71bbe7129a082888d49bedca63e7a6e75ca485c648bb239a7515a2a55acd510f?s=96&d=mm&r=g","contentUrl":"https:\/\/secure.gravatar.com\/avatar\/71bbe7129a082888d49bedca63e7a6e75ca485c648bb239a7515a2a55acd510f?s=96&d=mm&r=g","caption":"mlenis"},"url":"https:\/\/noti-america.com\/site\/principal\/author\/mlenis\/"}]}},"_links":{"self":[{"href":"https:\/\/noti-america.com\/site\/principal\/wp-json\/wp\/v2\/posts\/30353","targetHints":{"allow":["GET"]}}],"collection":[{"href":"https:\/\/noti-america.com\/site\/principal\/wp-json\/wp\/v2\/posts"}],"about":[{"href":"https:\/\/noti-america.com\/site\/principal\/wp-json\/wp\/v2\/types\/post"}],"author":[{"embeddable":true,"href":"https:\/\/noti-america.com\/site\/principal\/wp-json\/wp\/v2\/users\/135"}],"replies":[{"embeddable":true,"href":"https:\/\/noti-america.com\/site\/principal\/wp-json\/wp\/v2\/comments?post=30353"}],"version-history":[{"count":0,"href":"https:\/\/noti-america.com\/site\/principal\/wp-json\/wp\/v2\/posts\/30353\/revisions"}],"wp:featuredmedia":[{"embeddable":true,"href":"https:\/\/noti-america.com\/site\/principal\/wp-json\/wp\/v2\/media\/30354"}],"wp:attachment":[{"href":"https:\/\/noti-america.com\/site\/principal\/wp-json\/wp\/v2\/media?parent=30353"}],"wp:term":[{"taxonomy":"category","embeddable":true,"href":"https:\/\/noti-america.com\/site\/principal\/wp-json\/wp\/v2\/categories?post=30353"},{"taxonomy":"post_tag","embeddable":true,"href":"https:\/\/noti-america.com\/site\/principal\/wp-json\/wp\/v2\/tags?post=30353"}],"curies":[{"name":"wp","href":"https:\/\/api.w.org\/{rel}","templated":true}]}}