{"id":30215,"date":"2023-08-13T16:22:09","date_gmt":"2023-08-13T20:22:09","guid":{"rendered":"https:\/\/noti-america.com\/site\/principal\/?p=30215"},"modified":"2023-08-13T12:39:01","modified_gmt":"2023-08-13T16:39:01","slug":"agentes-metropolitanos-patrullaron-los-puntos-turisticos-de-guayaquil","status":"publish","type":"post","link":"https:\/\/noti-america.com\/site\/principal\/2023\/08\/13\/agentes-metropolitanos-patrullaron-los-puntos-turisticos-de-guayaquil\/","title":{"rendered":"Agentes metropolitanos patrullaron los puntos tur\u00edsticos de Guayaquil"},"content":{"rendered":"<p>REDACCI\u00d3N NOTI-AM\u00c9RICA\u00a0<strong>(ECUADOR).<\/strong><\/p>\n<p style=\"text-align: justify\"><img loading=\"lazy\" decoding=\"async\" class=\"size-medium wp-image-30216 aligncenter\" src=\"https:\/\/noti-america.com\/site\/principal\/wp-content\/uploads\/sites\/26\/2023\/08\/IMG_20230813_104134-300x204.jpg\" alt=\"\" width=\"300\" height=\"204\" srcset=\"https:\/\/noti-america.com\/site\/principal\/wp-content\/uploads\/sites\/26\/2023\/08\/IMG_20230813_104134-300x204.jpg 300w, https:\/\/noti-america.com\/site\/principal\/wp-content\/uploads\/sites\/26\/2023\/08\/IMG_20230813_104134-1024x695.jpg 1024w, https:\/\/noti-america.com\/site\/principal\/wp-content\/uploads\/sites\/26\/2023\/08\/IMG_20230813_104134-768x521.jpg 768w, https:\/\/noti-america.com\/site\/principal\/wp-content\/uploads\/sites\/26\/2023\/08\/IMG_20230813_104134-1536x1042.jpg 1536w, https:\/\/noti-america.com\/site\/principal\/wp-content\/uploads\/sites\/26\/2023\/08\/IMG_20230813_104134-2048x1389.jpg 2048w\" sizes=\"auto, (max-width: 300px) 100vw, 300px\" \/>La Alcald\u00eda de Guayaquil moviliz\u00f3 al Cuerpo de Agentes de Control Metropolitanos por puntos estrat\u00e9gicos que registraron concurrencia masiva de turistas durante el feriado.<\/p>\n<p style=\"text-align: justify\">Las avenidas 9 de Octubre, Malec\u00f3n, Jun\u00edn, Lorenzo de Garaicoa, cerro El Carm\u00e9n, Plaza San Francisco, Las Pe\u00f1as y calle Panam\u00e1. En estos puntos se realizan patrullajes constantes para disuadir cualquier escenario de violencia.<\/p>\n<p style=\"text-align: justify\">Asimismo, siete camionetas Perla \u00c9lite custodian estos puntos tur\u00edsticos, en coordinaci\u00f3n con la sala operativa de Segura.<\/p>\n<p style=\"text-align: justify\">Para los turistas qu\u00e9 recorrieron Las Pe\u00f1as, la presencia de los agentes metropolitanos es fundamental para reforzar la imagen de Guayaquil. \u201cHemos estado por varios puntos de la ciudad y todo est\u00e1 tranquilo. Hay presencia policial y de los metropolitanos\u201d, coment\u00f3 Richard Holfman.<\/p>\n<p style=\"text-align: justify\">Saidne Palacios, ciudadana guayaquile\u00f1a que recorr\u00eda la plaza San Francisco junto a su familia, calific\u00f3 de la presencia de los agentes como un gran apoyo a la Polic\u00eda Nacional.<\/p>\n<p style=\"text-align: justify\">En el control de las calles del centro tambi\u00e9n participan elementos de las direcciones de Justicia y Vigilancia y de Aseo Cantonal, Mercados y Servicios Especiales (Dacmse). Ellos controlan el correcto uso del espacio p\u00fablico y garantizan la libre movilidad de peatones y conductores.<\/p>\n","protected":false},"excerpt":{"rendered":"<p>REDACCI\u00d3N NOTI-AM\u00c9RICA\u00a0(ECUADOR). La Alcald\u00eda de Guayaquil moviliz\u00f3 al Cuerpo de Agentes de Control Metropolitanos por puntos estrat\u00e9gicos que registraron concurrencia masiva de turistas durante el feriado. Las avenidas 9 de Octubre, Malec\u00f3n, Jun\u00edn, Lorenzo&#46;&#46;&#46;<\/p>\n","protected":false},"author":144,"featured_media":30216,"comment_status":"closed","ping_status":"open","sticky":false,"template":"","format":"standard","meta":{"_acf_changed":false,"rop_custom_images_group":[],"rop_custom_messages_group":[],"rop_publish_now":"initial","rop_publish_now_accounts":{"facebook_10219548024599422_1632221337088128":"","twitter_242054905_242054905":""},"rop_publish_now_history":[],"rop_publish_now_status":"pending","footnotes":""},"categories":[49],"tags":[],"class_list":["post-30215","post","type-post","status-publish","format-standard","has-post-thumbnail","hentry","category-turismo"],"acf":[],"yoast_head":"<!-- This site is optimized with the Yoast SEO Premium plugin v24.9 (Yoast SEO v27.2) - https:\/\/yoast.com\/product\/yoast-seo-premium-wordpress\/ -->\n<title>Agentes metropolitanos patrullaron los puntos tur\u00edsticos de Guayaquil - Noti-America.com<\/title>\n<meta name=\"robots\" content=\"index, follow, max-snippet:-1, max-image-preview:large, max-video-preview:-1\" \/>\n<link rel=\"canonical\" href=\"https:\/\/noti-america.com\/site\/principal\/2023\/08\/13\/agentes-metropolitanos-patrullaron-los-puntos-turisticos-de-guayaquil\/\" \/>\n<meta property=\"og:locale\" content=\"es_ES\" \/>\n<meta property=\"og:type\" content=\"article\" \/>\n<meta property=\"og:title\" content=\"Agentes metropolitanos patrullaron los puntos tur\u00edsticos de Guayaquil\" \/>\n<meta property=\"og:description\" content=\"REDACCI\u00d3N NOTI-AM\u00c9RICA\u00a0(ECUADOR). La Alcald\u00eda de Guayaquil moviliz\u00f3 al Cuerpo de Agentes de Control Metropolitanos por puntos estrat\u00e9gicos que registraron concurrencia masiva de turistas durante el feriado. Las avenidas 9 de Octubre, Malec\u00f3n, Jun\u00edn, Lorenzo&#046;&#046;&#046;\" \/>\n<meta property=\"og:url\" content=\"https:\/\/noti-america.com\/site\/principal\/2023\/08\/13\/agentes-metropolitanos-patrullaron-los-puntos-turisticos-de-guayaquil\/\" \/>\n<meta property=\"og:site_name\" content=\"Noti-America.com\" \/>\n<meta property=\"article:published_time\" content=\"2023-08-13T20:22:09+00:00\" \/>\n<meta property=\"og:image\" content=\"https:\/\/noti-america.com\/site\/principal\/wp-content\/uploads\/sites\/26\/2023\/08\/IMG_20230813_104134.jpg\" \/>\n\t<meta property=\"og:image:width\" content=\"2450\" \/>\n\t<meta property=\"og:image:height\" content=\"1662\" \/>\n\t<meta property=\"og:image:type\" content=\"image\/jpeg\" \/>\n<meta name=\"author\" content=\"Henry Garrido\" \/>\n<meta name=\"twitter:card\" content=\"summary_large_image\" \/>\n<meta name=\"twitter:label1\" content=\"Escrito por\" \/>\n\t<meta name=\"twitter:data1\" content=\"Henry Garrido\" \/>\n\t<meta name=\"twitter:label2\" content=\"Tiempo estimado de lectura\" \/>\n\t<meta name=\"twitter:data2\" content=\"2 minutos\" \/>\n<script type=\"application\/ld+json\" class=\"yoast-schema-graph\">{\"@context\":\"https:\/\/schema.org\",\"@graph\":[{\"@type\":\"Article\",\"@id\":\"https:\/\/noti-america.com\/site\/principal\/2023\/08\/13\/agentes-metropolitanos-patrullaron-los-puntos-turisticos-de-guayaquil\/#article\",\"isPartOf\":{\"@id\":\"https:\/\/noti-america.com\/site\/principal\/2023\/08\/13\/agentes-metropolitanos-patrullaron-los-puntos-turisticos-de-guayaquil\/\"},\"author\":{\"name\":\"Henry Garrido\",\"@id\":\"https:\/\/noti-america.com\/site\/principal\/#\/schema\/person\/00042412cfa9ecf98077f847ffadda4a\"},\"headline\":\"Agentes metropolitanos patrullaron los puntos tur\u00edsticos de Guayaquil\",\"datePublished\":\"2023-08-13T20:22:09+00:00\",\"mainEntityOfPage\":{\"@id\":\"https:\/\/noti-america.com\/site\/principal\/2023\/08\/13\/agentes-metropolitanos-patrullaron-los-puntos-turisticos-de-guayaquil\/\"},\"wordCount\":218,\"image\":{\"@id\":\"https:\/\/noti-america.com\/site\/principal\/2023\/08\/13\/agentes-metropolitanos-patrullaron-los-puntos-turisticos-de-guayaquil\/#primaryimage\"},\"thumbnailUrl\":\"https:\/\/noti-america.com\/site\/principal\/wp-content\/uploads\/sites\/26\/2023\/08\/IMG_20230813_104134.jpg\",\"articleSection\":[\"Turismo\"],\"inLanguage\":\"es\"},{\"@type\":\"WebPage\",\"@id\":\"https:\/\/noti-america.com\/site\/principal\/2023\/08\/13\/agentes-metropolitanos-patrullaron-los-puntos-turisticos-de-guayaquil\/\",\"url\":\"https:\/\/noti-america.com\/site\/principal\/2023\/08\/13\/agentes-metropolitanos-patrullaron-los-puntos-turisticos-de-guayaquil\/\",\"name\":\"Agentes metropolitanos patrullaron los puntos tur\u00edsticos de Guayaquil - Noti-America.com\",\"isPartOf\":{\"@id\":\"https:\/\/noti-america.com\/site\/principal\/#website\"},\"primaryImageOfPage\":{\"@id\":\"https:\/\/noti-america.com\/site\/principal\/2023\/08\/13\/agentes-metropolitanos-patrullaron-los-puntos-turisticos-de-guayaquil\/#primaryimage\"},\"image\":{\"@id\":\"https:\/\/noti-america.com\/site\/principal\/2023\/08\/13\/agentes-metropolitanos-patrullaron-los-puntos-turisticos-de-guayaquil\/#primaryimage\"},\"thumbnailUrl\":\"https:\/\/noti-america.com\/site\/principal\/wp-content\/uploads\/sites\/26\/2023\/08\/IMG_20230813_104134.jpg\",\"datePublished\":\"2023-08-13T20:22:09+00:00\",\"author\":{\"@id\":\"https:\/\/noti-america.com\/site\/principal\/#\/schema\/person\/00042412cfa9ecf98077f847ffadda4a\"},\"breadcrumb\":{\"@id\":\"https:\/\/noti-america.com\/site\/principal\/2023\/08\/13\/agentes-metropolitanos-patrullaron-los-puntos-turisticos-de-guayaquil\/#breadcrumb\"},\"inLanguage\":\"es\",\"potentialAction\":[{\"@type\":\"ReadAction\",\"target\":[\"https:\/\/noti-america.com\/site\/principal\/2023\/08\/13\/agentes-metropolitanos-patrullaron-los-puntos-turisticos-de-guayaquil\/\"]}]},{\"@type\":\"ImageObject\",\"inLanguage\":\"es\",\"@id\":\"https:\/\/noti-america.com\/site\/principal\/2023\/08\/13\/agentes-metropolitanos-patrullaron-los-puntos-turisticos-de-guayaquil\/#primaryimage\",\"url\":\"https:\/\/noti-america.com\/site\/principal\/wp-content\/uploads\/sites\/26\/2023\/08\/IMG_20230813_104134.jpg\",\"contentUrl\":\"https:\/\/noti-america.com\/site\/principal\/wp-content\/uploads\/sites\/26\/2023\/08\/IMG_20230813_104134.jpg\",\"width\":2450,\"height\":1662},{\"@type\":\"BreadcrumbList\",\"@id\":\"https:\/\/noti-america.com\/site\/principal\/2023\/08\/13\/agentes-metropolitanos-patrullaron-los-puntos-turisticos-de-guayaquil\/#breadcrumb\",\"itemListElement\":[{\"@type\":\"ListItem\",\"position\":1,\"name\":\"Portada\",\"item\":\"https:\/\/noti-america.com\/site\/principal\/\"},{\"@type\":\"ListItem\",\"position\":2,\"name\":\"Agentes metropolitanos patrullaron los puntos tur\u00edsticos de Guayaquil\"}]},{\"@type\":\"WebSite\",\"@id\":\"https:\/\/noti-america.com\/site\/principal\/#website\",\"url\":\"https:\/\/noti-america.com\/site\/principal\/\",\"name\":\"Noti-America.com\",\"description\":\"El Noticiero Digital M\u00e1s Grande de Am\u00e9rica\",\"potentialAction\":[{\"@type\":\"SearchAction\",\"target\":{\"@type\":\"EntryPoint\",\"urlTemplate\":\"https:\/\/noti-america.com\/site\/principal\/?s={search_term_string}\"},\"query-input\":{\"@type\":\"PropertyValueSpecification\",\"valueRequired\":true,\"valueName\":\"search_term_string\"}}],\"inLanguage\":\"es\"},{\"@type\":\"Person\",\"@id\":\"https:\/\/noti-america.com\/site\/principal\/#\/schema\/person\/00042412cfa9ecf98077f847ffadda4a\",\"name\":\"Henry Garrido\",\"image\":{\"@type\":\"ImageObject\",\"inLanguage\":\"es\",\"@id\":\"https:\/\/secure.gravatar.com\/avatar\/749ae5a1e6f22cf042f04b9f3f0a22732ae36970ccfd5c54a0a2ac3c4e1166ed?s=96&d=mm&r=g\",\"url\":\"https:\/\/secure.gravatar.com\/avatar\/749ae5a1e6f22cf042f04b9f3f0a22732ae36970ccfd5c54a0a2ac3c4e1166ed?s=96&d=mm&r=g\",\"contentUrl\":\"https:\/\/secure.gravatar.com\/avatar\/749ae5a1e6f22cf042f04b9f3f0a22732ae36970ccfd5c54a0a2ac3c4e1166ed?s=96&d=mm&r=g\",\"caption\":\"Henry Garrido\"},\"url\":\"https:\/\/noti-america.com\/site\/principal\/author\/hgarrido\/\"}]}<\/script>\n<!-- \/ Yoast SEO Premium plugin. -->","yoast_head_json":{"title":"Agentes metropolitanos patrullaron los puntos tur\u00edsticos de Guayaquil - Noti-America.com","robots":{"index":"index","follow":"follow","max-snippet":"max-snippet:-1","max-image-preview":"max-image-preview:large","max-video-preview":"max-video-preview:-1"},"canonical":"https:\/\/noti-america.com\/site\/principal\/2023\/08\/13\/agentes-metropolitanos-patrullaron-los-puntos-turisticos-de-guayaquil\/","og_locale":"es_ES","og_type":"article","og_title":"Agentes metropolitanos patrullaron los puntos tur\u00edsticos de Guayaquil","og_description":"REDACCI\u00d3N NOTI-AM\u00c9RICA\u00a0(ECUADOR). La Alcald\u00eda de Guayaquil moviliz\u00f3 al Cuerpo de Agentes de Control Metropolitanos por puntos estrat\u00e9gicos que registraron concurrencia masiva de turistas durante el feriado. Las avenidas 9 de Octubre, Malec\u00f3n, Jun\u00edn, Lorenzo&#46;&#46;&#46;","og_url":"https:\/\/noti-america.com\/site\/principal\/2023\/08\/13\/agentes-metropolitanos-patrullaron-los-puntos-turisticos-de-guayaquil\/","og_site_name":"Noti-America.com","article_published_time":"2023-08-13T20:22:09+00:00","og_image":[{"width":2450,"height":1662,"url":"https:\/\/noti-america.com\/site\/principal\/wp-content\/uploads\/sites\/26\/2023\/08\/IMG_20230813_104134.jpg","type":"image\/jpeg"}],"author":"Henry Garrido","twitter_card":"summary_large_image","twitter_misc":{"Escrito por":"Henry Garrido","Tiempo estimado de lectura":"2 minutos"},"schema":{"@context":"https:\/\/schema.org","@graph":[{"@type":"Article","@id":"https:\/\/noti-america.com\/site\/principal\/2023\/08\/13\/agentes-metropolitanos-patrullaron-los-puntos-turisticos-de-guayaquil\/#article","isPartOf":{"@id":"https:\/\/noti-america.com\/site\/principal\/2023\/08\/13\/agentes-metropolitanos-patrullaron-los-puntos-turisticos-de-guayaquil\/"},"author":{"name":"Henry Garrido","@id":"https:\/\/noti-america.com\/site\/principal\/#\/schema\/person\/00042412cfa9ecf98077f847ffadda4a"},"headline":"Agentes metropolitanos patrullaron los puntos tur\u00edsticos de Guayaquil","datePublished":"2023-08-13T20:22:09+00:00","mainEntityOfPage":{"@id":"https:\/\/noti-america.com\/site\/principal\/2023\/08\/13\/agentes-metropolitanos-patrullaron-los-puntos-turisticos-de-guayaquil\/"},"wordCount":218,"image":{"@id":"https:\/\/noti-america.com\/site\/principal\/2023\/08\/13\/agentes-metropolitanos-patrullaron-los-puntos-turisticos-de-guayaquil\/#primaryimage"},"thumbnailUrl":"https:\/\/noti-america.com\/site\/principal\/wp-content\/uploads\/sites\/26\/2023\/08\/IMG_20230813_104134.jpg","articleSection":["Turismo"],"inLanguage":"es"},{"@type":"WebPage","@id":"https:\/\/noti-america.com\/site\/principal\/2023\/08\/13\/agentes-metropolitanos-patrullaron-los-puntos-turisticos-de-guayaquil\/","url":"https:\/\/noti-america.com\/site\/principal\/2023\/08\/13\/agentes-metropolitanos-patrullaron-los-puntos-turisticos-de-guayaquil\/","name":"Agentes metropolitanos patrullaron los puntos tur\u00edsticos de Guayaquil - Noti-America.com","isPartOf":{"@id":"https:\/\/noti-america.com\/site\/principal\/#website"},"primaryImageOfPage":{"@id":"https:\/\/noti-america.com\/site\/principal\/2023\/08\/13\/agentes-metropolitanos-patrullaron-los-puntos-turisticos-de-guayaquil\/#primaryimage"},"image":{"@id":"https:\/\/noti-america.com\/site\/principal\/2023\/08\/13\/agentes-metropolitanos-patrullaron-los-puntos-turisticos-de-guayaquil\/#primaryimage"},"thumbnailUrl":"https:\/\/noti-america.com\/site\/principal\/wp-content\/uploads\/sites\/26\/2023\/08\/IMG_20230813_104134.jpg","datePublished":"2023-08-13T20:22:09+00:00","author":{"@id":"https:\/\/noti-america.com\/site\/principal\/#\/schema\/person\/00042412cfa9ecf98077f847ffadda4a"},"breadcrumb":{"@id":"https:\/\/noti-america.com\/site\/principal\/2023\/08\/13\/agentes-metropolitanos-patrullaron-los-puntos-turisticos-de-guayaquil\/#breadcrumb"},"inLanguage":"es","potentialAction":[{"@type":"ReadAction","target":["https:\/\/noti-america.com\/site\/principal\/2023\/08\/13\/agentes-metropolitanos-patrullaron-los-puntos-turisticos-de-guayaquil\/"]}]},{"@type":"ImageObject","inLanguage":"es","@id":"https:\/\/noti-america.com\/site\/principal\/2023\/08\/13\/agentes-metropolitanos-patrullaron-los-puntos-turisticos-de-guayaquil\/#primaryimage","url":"https:\/\/noti-america.com\/site\/principal\/wp-content\/uploads\/sites\/26\/2023\/08\/IMG_20230813_104134.jpg","contentUrl":"https:\/\/noti-america.com\/site\/principal\/wp-content\/uploads\/sites\/26\/2023\/08\/IMG_20230813_104134.jpg","width":2450,"height":1662},{"@type":"BreadcrumbList","@id":"https:\/\/noti-america.com\/site\/principal\/2023\/08\/13\/agentes-metropolitanos-patrullaron-los-puntos-turisticos-de-guayaquil\/#breadcrumb","itemListElement":[{"@type":"ListItem","position":1,"name":"Portada","item":"https:\/\/noti-america.com\/site\/principal\/"},{"@type":"ListItem","position":2,"name":"Agentes metropolitanos patrullaron los puntos tur\u00edsticos de Guayaquil"}]},{"@type":"WebSite","@id":"https:\/\/noti-america.com\/site\/principal\/#website","url":"https:\/\/noti-america.com\/site\/principal\/","name":"Noti-America.com","description":"El Noticiero Digital M\u00e1s Grande de Am\u00e9rica","potentialAction":[{"@type":"SearchAction","target":{"@type":"EntryPoint","urlTemplate":"https:\/\/noti-america.com\/site\/principal\/?s={search_term_string}"},"query-input":{"@type":"PropertyValueSpecification","valueRequired":true,"valueName":"search_term_string"}}],"inLanguage":"es"},{"@type":"Person","@id":"https:\/\/noti-america.com\/site\/principal\/#\/schema\/person\/00042412cfa9ecf98077f847ffadda4a","name":"Henry Garrido","image":{"@type":"ImageObject","inLanguage":"es","@id":"https:\/\/secure.gravatar.com\/avatar\/749ae5a1e6f22cf042f04b9f3f0a22732ae36970ccfd5c54a0a2ac3c4e1166ed?s=96&d=mm&r=g","url":"https:\/\/secure.gravatar.com\/avatar\/749ae5a1e6f22cf042f04b9f3f0a22732ae36970ccfd5c54a0a2ac3c4e1166ed?s=96&d=mm&r=g","contentUrl":"https:\/\/secure.gravatar.com\/avatar\/749ae5a1e6f22cf042f04b9f3f0a22732ae36970ccfd5c54a0a2ac3c4e1166ed?s=96&d=mm&r=g","caption":"Henry Garrido"},"url":"https:\/\/noti-america.com\/site\/principal\/author\/hgarrido\/"}]}},"_links":{"self":[{"href":"https:\/\/noti-america.com\/site\/principal\/wp-json\/wp\/v2\/posts\/30215","targetHints":{"allow":["GET"]}}],"collection":[{"href":"https:\/\/noti-america.com\/site\/principal\/wp-json\/wp\/v2\/posts"}],"about":[{"href":"https:\/\/noti-america.com\/site\/principal\/wp-json\/wp\/v2\/types\/post"}],"author":[{"embeddable":true,"href":"https:\/\/noti-america.com\/site\/principal\/wp-json\/wp\/v2\/users\/144"}],"replies":[{"embeddable":true,"href":"https:\/\/noti-america.com\/site\/principal\/wp-json\/wp\/v2\/comments?post=30215"}],"version-history":[{"count":1,"href":"https:\/\/noti-america.com\/site\/principal\/wp-json\/wp\/v2\/posts\/30215\/revisions"}],"predecessor-version":[{"id":30217,"href":"https:\/\/noti-america.com\/site\/principal\/wp-json\/wp\/v2\/posts\/30215\/revisions\/30217"}],"wp:featuredmedia":[{"embeddable":true,"href":"https:\/\/noti-america.com\/site\/principal\/wp-json\/wp\/v2\/media\/30216"}],"wp:attachment":[{"href":"https:\/\/noti-america.com\/site\/principal\/wp-json\/wp\/v2\/media?parent=30215"}],"wp:term":[{"taxonomy":"category","embeddable":true,"href":"https:\/\/noti-america.com\/site\/principal\/wp-json\/wp\/v2\/categories?post=30215"},{"taxonomy":"post_tag","embeddable":true,"href":"https:\/\/noti-america.com\/site\/principal\/wp-json\/wp\/v2\/tags?post=30215"}],"curies":[{"name":"wp","href":"https:\/\/api.w.org\/{rel}","templated":true}]}}