{"id":29832,"date":"2023-08-04T16:48:37","date_gmt":"2023-08-04T20:48:37","guid":{"rendered":"https:\/\/noti-america.com\/site\/principal\/2023\/08\/04\/investidores-estao-cada-vez-mais-otimistas-com-a-economia-brasileira-diz-the-economist\/"},"modified":"2023-08-04T16:48:37","modified_gmt":"2023-08-04T20:48:37","slug":"investidores-estao-cada-vez-mais-otimistas-com-a-economia-brasileira-diz-the-economist","status":"publish","type":"post","link":"https:\/\/noti-america.com\/site\/principal\/2023\/08\/04\/investidores-estao-cada-vez-mais-otimistas-com-a-economia-brasileira-diz-the-economist\/","title":{"rendered":"Investidores est\u00e3o cada vez mais otimistas com a economia brasileira, diz \u2018The Economist\u2019"},"content":{"rendered":"<h5><em style=\"font-size: 16px\">Segundo a publica\u00e7\u00e3o brit\u00e2nica, muitos creditam ao ministro da Fazenda, Fernando Haddad, boa parte do otimismo, pois ele \u201cest\u00e1 por tr\u00e1s\u201d das reformas tribut\u00e1ria e fiscal<\/em><\/h5>\n<div class=\"article-fullnews-figure\">\nRepercute nos meios pol\u00edticos de Bras\u00edlia e no mercado financeiro reportagem da revista brit\u00e2nica\u00a0<a href=\"https:\/\/www.economist.com\/the-americas\/2023\/08\/02\/investors-are-increasingly-optimistic-about-brazils-economy\" target=\"_blank\" rel=\"noopener\"><u><strong>The Economist<\/strong><\/u><\/a>\u00a0segundo a qual investiores est\u00e3o cada vez mais otimistas com a economia do Brasil. Uma das mais importantes do mundo na \u00e1rea econ\u00f4mica, a publica\u00e7\u00e3o associa as perspectivas otimistas aos primeiros seis meses do novo governo do presidente\u00a0Luiz Inacio Lula da Silva.<\/p>\n<p>A revista reporta, inclusive, a mudan\u00e7a do humor do mercado desde que Lula foi eleito pela terceira vez no ano passado, quando \u201cos investidores estremeceram\u201d. \u201cMuitos temiam um retorno \u00e0 libertinagem fiscal que caracterizou o governo anterior do PT (de Dilma Rousseff)\u201d, diz a revista, que aponta a \u201cprofunda recess\u00e3o\u201d em que terminou o ano de 2016.<\/p>\n<p>De acordo com a mat\u00e9ria, intitulada \u201cInvestidores est\u00e3o cada vez mais otimistas com a economia brasileira\u201d, fatores externos positivos se aliam \u00e0s pol\u00edticas que est\u00e3o sendo implementadas pelo governo. No cen\u00e1rio, a publica\u00e7\u00e3o destaca o ministro da Fazenda. \u201cMuitos economistas creditam a Fernando Haddad grande parte do otimismo\u201d, diz The Economist.<\/p>\n<p><strong>Duas importantes reformas<\/strong><\/p>\n<p>Segundo a mat\u00e9ria, o ministro \u201cest\u00e1 por tr\u00e1s\u201d das duas importantes reformas em andamento que \u201cpoderiam colocar o Brasil em uma base mais est\u00e1vel\u201d. Uma, a proposta de emenda \u00e0 Constitui\u00e7\u00e3o da reforma tribut\u00e1ria aprovada na C\u00e2mara dos Deputados no dia 7 de julho, discuss\u00e3o que \u201cest\u00e1 em andamento h\u00e1 tr\u00eas d\u00e9cadas\u201d.<\/p>\n<p>A outra \u00e9 a nova estrutura fiscal que o Congresso deve aprovar ainda este ano, e que tende a \u201cestabilizar as finan\u00e7as p\u00fablicas\u201d, acrescenta, em refer\u00eancia ao arcabou\u00e7o fiscal, \u201cque substituir\u00e1 um r\u00edgido teto de gastos datado de 2016\u201d, no governo de Michel Termer. Ao ser aprovado no Senado, o texto sofreu altera\u00e7\u00f5es em rela\u00e7\u00e3o ao que saiu da C\u00e2mara. Por isso, voltar\u00e1 a ser apreciado pelos deputados.<\/p>\n<p><strong>Fatores externos<\/strong><\/p>\n<p>Entre os fatores externos que ajudam a incentivar uma melhor perspectiva para o Brasil est\u00e1 o crescimento das exporta\u00e7\u00f5es de gr\u00e3os pela agricultura brasileira, o que \u00e9 decorr\u00eancia da guerra na Europa. Com o conflito, ficam comprometidas as exporta\u00e7\u00f5es dos maiores produtores de gr\u00e3os do mundo: R\u00fassia e Ucr\u00e2nia.<\/p>\n<p>O agro brasileiro tamb\u00e9m se beneficia da suspens\u00e3o, pela China, das restri\u00e7\u00f5es impostas pela pandemia, o que aumenta a demanda por alimentos. \u201cAmbos os fatores tornaram os gr\u00e3os brasileiros mais procurados\u201d, diz a revista, salientando que s\u00f3 as exporta\u00e7\u00f5es de soja podem responder por um quinto do crescimento econ\u00f4mico brasileiro este ano, proporcionando aumento do super\u00e1vit comercial do pa\u00eds, \u201cque j\u00e1 \u00e9 grande\u201d.<\/p>\n<p>Paralelamente, muitos investidores est\u00e3o se voltando para os mercados emergentes devido \u00e0s crescentes tens\u00f5es entre os Estados Unidos e China. E a possibilidade de que os EUA reduzam as taxas de juros no pr\u00f3ximo ano. O poss\u00edvel acordo de livre com\u00e9rcio entre Uni\u00e3o Europeia e o Mercosul ajuda no otimismo.<\/p>\n<p>Tudo isso se soma ao fato de que os investidores \u201ctamb\u00e9m est\u00e3o de olho no potencial do Brasil para produzir energia limpa e nas ambi\u00e7\u00f5es de Lula de tornar o pa\u00eds uma pot\u00eancia verde\u201d, diz ainda revista brit\u00e2nica.<\/p>\n<p><strong>Revista faz ressalvas<\/strong><\/p>\n<p>Entretanto,\u00a0The Economist\u00a0tamb\u00e9m faz ressalvas que, segundo os editores, indicam que \u201co otimismo deve ser moderado\u201d. S\u00e3o elas:<\/p>\n<p>&#8211; Os detalhes da reforma tribut\u00e1ria ainda n\u00e3o foram definidos; e os lobbies, como do agroneg\u00f3cio, pressionam por isen\u00e7\u00f5es de impostos \u201cque podem incluir um grande n\u00famero de produtos\u201d;<\/p>\n<p>&#8211;\u00a0tamb\u00e9m n\u00e3o \u00e9 certo que o governo consiga colocar suas finan\u00e7as em ordem e que as metas sejam cumpridas;<\/p>\n<p>&#8211; a n\u00e3o ser pela agricultura, a produtividade brasileira \u201cn\u00e3o cresce h\u00e1 tr\u00eas d\u00e9cadas\u201d, o que exige \u201cuma pol\u00edtica consistente para reverter a tend\u00eancia de longo prazo do Brasil\u201d.<\/p>\n<p><em>Fonte: Rede Brasil Atual\u00a0<\/em><\/div>\n<div>Noti- Am\u00e9rica\/Brasil<\/div>\n","protected":false},"excerpt":{"rendered":"<p>Segundo a publica\u00e7\u00e3o brit\u00e2nica, muitos creditam ao ministro da Fazenda, Fernando Haddad, boa parte do otimismo, pois ele \u201cest\u00e1 por tr\u00e1s\u201d das reformas tribut\u00e1ria e fiscal Repercute nos meios pol\u00edticos de Bras\u00edlia e no&#46;&#46;&#46;<\/p>\n","protected":false},"author":80,"featured_media":29833,"comment_status":"","ping_status":"open","sticky":false,"template":"","format":"standard","meta":{"_acf_changed":false,"rop_custom_images_group":[],"rop_custom_messages_group":[],"rop_publish_now":"initial","rop_publish_now_accounts":{"facebook_10219548024599422_1632221337088128":"","twitter_242054905_242054905":""},"rop_publish_now_history":[],"rop_publish_now_status":"pending","footnotes":""},"categories":[663,697,93,5,45],"tags":[],"class_list":["post-29832","post","type-post","status-publish","format-standard","has-post-thumbnail","hentry","category-actualidad","category-atualidade","category-brasil","category-economia","category-economia-opinion"],"acf":[],"yoast_head":"<!-- This site is optimized with the Yoast SEO Premium plugin v24.9 (Yoast SEO v27.2) - https:\/\/yoast.com\/product\/yoast-seo-premium-wordpress\/ -->\n<title>Investidores est\u00e3o cada vez mais otimistas com a economia brasileira, diz \u2018The Economist\u2019 - Noti-America.com<\/title>\n<meta name=\"robots\" content=\"index, follow, max-snippet:-1, max-image-preview:large, max-video-preview:-1\" \/>\n<link rel=\"canonical\" href=\"https:\/\/noti-america.com\/site\/principal\/2023\/08\/04\/investidores-estao-cada-vez-mais-otimistas-com-a-economia-brasileira-diz-the-economist\/\" \/>\n<meta property=\"og:locale\" content=\"es_ES\" \/>\n<meta property=\"og:type\" content=\"article\" \/>\n<meta property=\"og:title\" content=\"Investidores est\u00e3o cada vez mais otimistas com a economia brasileira, diz \u2018The Economist\u2019\" \/>\n<meta property=\"og:description\" content=\"Segundo a publica\u00e7\u00e3o brit\u00e2nica, muitos creditam ao ministro da Fazenda, Fernando Haddad, boa parte do otimismo, pois ele \u201cest\u00e1 por tr\u00e1s\u201d das reformas tribut\u00e1ria e fiscal Repercute nos meios pol\u00edticos de Bras\u00edlia e no&#046;&#046;&#046;\" \/>\n<meta property=\"og:url\" content=\"https:\/\/noti-america.com\/site\/principal\/2023\/08\/04\/investidores-estao-cada-vez-mais-otimistas-com-a-economia-brasileira-diz-the-economist\/\" \/>\n<meta property=\"og:site_name\" content=\"Noti-America.com\" \/>\n<meta property=\"article:published_time\" content=\"2023-08-04T20:48:37+00:00\" \/>\n<meta property=\"og:image\" content=\"https:\/\/noti-america.com\/site\/principal\/wp-content\/uploads\/sites\/26\/2023\/08\/IMG_4129.jpeg\" \/>\n\t<meta property=\"og:image:width\" content=\"600\" \/>\n\t<meta property=\"og:image:height\" content=\"377\" \/>\n\t<meta property=\"og:image:type\" content=\"image\/jpeg\" \/>\n<meta name=\"author\" content=\"Noti-America.com Brasil\" \/>\n<meta name=\"twitter:card\" content=\"summary_large_image\" \/>\n<meta name=\"twitter:label1\" content=\"Escrito por\" \/>\n\t<meta name=\"twitter:data1\" content=\"Noti-America.com Brasil\" \/>\n\t<meta name=\"twitter:label2\" content=\"Tiempo estimado de lectura\" \/>\n\t<meta name=\"twitter:data2\" content=\"4 minutos\" \/>\n<script type=\"application\/ld+json\" class=\"yoast-schema-graph\">{\"@context\":\"https:\/\/schema.org\",\"@graph\":[{\"@type\":\"Article\",\"@id\":\"https:\/\/noti-america.com\/site\/principal\/2023\/08\/04\/investidores-estao-cada-vez-mais-otimistas-com-a-economia-brasileira-diz-the-economist\/#article\",\"isPartOf\":{\"@id\":\"https:\/\/noti-america.com\/site\/principal\/2023\/08\/04\/investidores-estao-cada-vez-mais-otimistas-com-a-economia-brasileira-diz-the-economist\/\"},\"author\":{\"name\":\"Noti-America.com Brasil\",\"@id\":\"https:\/\/noti-america.com\/site\/principal\/#\/schema\/person\/ba9eb265ff55afabe3d4999076c6d337\"},\"headline\":\"Investidores est\u00e3o cada vez mais otimistas com a economia brasileira, diz \u2018The Economist\u2019\",\"datePublished\":\"2023-08-04T20:48:37+00:00\",\"mainEntityOfPage\":{\"@id\":\"https:\/\/noti-america.com\/site\/principal\/2023\/08\/04\/investidores-estao-cada-vez-mais-otimistas-com-a-economia-brasileira-diz-the-economist\/\"},\"wordCount\":709,\"image\":{\"@id\":\"https:\/\/noti-america.com\/site\/principal\/2023\/08\/04\/investidores-estao-cada-vez-mais-otimistas-com-a-economia-brasileira-diz-the-economist\/#primaryimage\"},\"thumbnailUrl\":\"https:\/\/noti-america.com\/site\/principal\/wp-content\/uploads\/sites\/26\/2023\/08\/IMG_4129.jpeg\",\"articleSection\":[\"Actualidad\",\"Atualidade\",\"Brasil\",\"Econom\u00eda\",\"Econom\u00eda\"],\"inLanguage\":\"es\"},{\"@type\":\"WebPage\",\"@id\":\"https:\/\/noti-america.com\/site\/principal\/2023\/08\/04\/investidores-estao-cada-vez-mais-otimistas-com-a-economia-brasileira-diz-the-economist\/\",\"url\":\"https:\/\/noti-america.com\/site\/principal\/2023\/08\/04\/investidores-estao-cada-vez-mais-otimistas-com-a-economia-brasileira-diz-the-economist\/\",\"name\":\"Investidores est\u00e3o cada vez mais otimistas com a economia brasileira, diz \u2018The Economist\u2019 - Noti-America.com\",\"isPartOf\":{\"@id\":\"https:\/\/noti-america.com\/site\/principal\/#website\"},\"primaryImageOfPage\":{\"@id\":\"https:\/\/noti-america.com\/site\/principal\/2023\/08\/04\/investidores-estao-cada-vez-mais-otimistas-com-a-economia-brasileira-diz-the-economist\/#primaryimage\"},\"image\":{\"@id\":\"https:\/\/noti-america.com\/site\/principal\/2023\/08\/04\/investidores-estao-cada-vez-mais-otimistas-com-a-economia-brasileira-diz-the-economist\/#primaryimage\"},\"thumbnailUrl\":\"https:\/\/noti-america.com\/site\/principal\/wp-content\/uploads\/sites\/26\/2023\/08\/IMG_4129.jpeg\",\"datePublished\":\"2023-08-04T20:48:37+00:00\",\"author\":{\"@id\":\"https:\/\/noti-america.com\/site\/principal\/#\/schema\/person\/ba9eb265ff55afabe3d4999076c6d337\"},\"breadcrumb\":{\"@id\":\"https:\/\/noti-america.com\/site\/principal\/2023\/08\/04\/investidores-estao-cada-vez-mais-otimistas-com-a-economia-brasileira-diz-the-economist\/#breadcrumb\"},\"inLanguage\":\"es\",\"potentialAction\":[{\"@type\":\"ReadAction\",\"target\":[\"https:\/\/noti-america.com\/site\/principal\/2023\/08\/04\/investidores-estao-cada-vez-mais-otimistas-com-a-economia-brasileira-diz-the-economist\/\"]}]},{\"@type\":\"ImageObject\",\"inLanguage\":\"es\",\"@id\":\"https:\/\/noti-america.com\/site\/principal\/2023\/08\/04\/investidores-estao-cada-vez-mais-otimistas-com-a-economia-brasileira-diz-the-economist\/#primaryimage\",\"url\":\"https:\/\/noti-america.com\/site\/principal\/wp-content\/uploads\/sites\/26\/2023\/08\/IMG_4129.jpeg\",\"contentUrl\":\"https:\/\/noti-america.com\/site\/principal\/wp-content\/uploads\/sites\/26\/2023\/08\/IMG_4129.jpeg\",\"width\":600,\"height\":377},{\"@type\":\"BreadcrumbList\",\"@id\":\"https:\/\/noti-america.com\/site\/principal\/2023\/08\/04\/investidores-estao-cada-vez-mais-otimistas-com-a-economia-brasileira-diz-the-economist\/#breadcrumb\",\"itemListElement\":[{\"@type\":\"ListItem\",\"position\":1,\"name\":\"Portada\",\"item\":\"https:\/\/noti-america.com\/site\/principal\/\"},{\"@type\":\"ListItem\",\"position\":2,\"name\":\"Investidores est\u00e3o cada vez mais otimistas com a economia brasileira, diz \u2018The Economist\u2019\"}]},{\"@type\":\"WebSite\",\"@id\":\"https:\/\/noti-america.com\/site\/principal\/#website\",\"url\":\"https:\/\/noti-america.com\/site\/principal\/\",\"name\":\"Noti-America.com\",\"description\":\"El Noticiero Digital M\u00e1s Grande de Am\u00e9rica\",\"potentialAction\":[{\"@type\":\"SearchAction\",\"target\":{\"@type\":\"EntryPoint\",\"urlTemplate\":\"https:\/\/noti-america.com\/site\/principal\/?s={search_term_string}\"},\"query-input\":{\"@type\":\"PropertyValueSpecification\",\"valueRequired\":true,\"valueName\":\"search_term_string\"}}],\"inLanguage\":\"es\"},{\"@type\":\"Person\",\"@id\":\"https:\/\/noti-america.com\/site\/principal\/#\/schema\/person\/ba9eb265ff55afabe3d4999076c6d337\",\"name\":\"Noti-America.com Brasil\",\"image\":{\"@type\":\"ImageObject\",\"inLanguage\":\"es\",\"@id\":\"https:\/\/secure.gravatar.com\/avatar\/ceb1f4d614e92313053fd1eca2cce4693de9bc7b3e458a951d484d10dfa07e81?s=96&d=mm&r=g\",\"url\":\"https:\/\/secure.gravatar.com\/avatar\/ceb1f4d614e92313053fd1eca2cce4693de9bc7b3e458a951d484d10dfa07e81?s=96&d=mm&r=g\",\"contentUrl\":\"https:\/\/secure.gravatar.com\/avatar\/ceb1f4d614e92313053fd1eca2cce4693de9bc7b3e458a951d484d10dfa07e81?s=96&d=mm&r=g\",\"caption\":\"Noti-America.com Brasil\"},\"url\":\"https:\/\/noti-america.com\/site\/principal\/author\/gmaciel\/\"}]}<\/script>\n<!-- \/ Yoast SEO Premium plugin. -->","yoast_head_json":{"title":"Investidores est\u00e3o cada vez mais otimistas com a economia brasileira, diz \u2018The Economist\u2019 - Noti-America.com","robots":{"index":"index","follow":"follow","max-snippet":"max-snippet:-1","max-image-preview":"max-image-preview:large","max-video-preview":"max-video-preview:-1"},"canonical":"https:\/\/noti-america.com\/site\/principal\/2023\/08\/04\/investidores-estao-cada-vez-mais-otimistas-com-a-economia-brasileira-diz-the-economist\/","og_locale":"es_ES","og_type":"article","og_title":"Investidores est\u00e3o cada vez mais otimistas com a economia brasileira, diz \u2018The Economist\u2019","og_description":"Segundo a publica\u00e7\u00e3o brit\u00e2nica, muitos creditam ao ministro da Fazenda, Fernando Haddad, boa parte do otimismo, pois ele \u201cest\u00e1 por tr\u00e1s\u201d das reformas tribut\u00e1ria e fiscal Repercute nos meios pol\u00edticos de Bras\u00edlia e no&#46;&#46;&#46;","og_url":"https:\/\/noti-america.com\/site\/principal\/2023\/08\/04\/investidores-estao-cada-vez-mais-otimistas-com-a-economia-brasileira-diz-the-economist\/","og_site_name":"Noti-America.com","article_published_time":"2023-08-04T20:48:37+00:00","og_image":[{"width":600,"height":377,"url":"https:\/\/noti-america.com\/site\/principal\/wp-content\/uploads\/sites\/26\/2023\/08\/IMG_4129.jpeg","type":"image\/jpeg"}],"author":"Noti-America.com Brasil","twitter_card":"summary_large_image","twitter_misc":{"Escrito por":"Noti-America.com Brasil","Tiempo estimado de lectura":"4 minutos"},"schema":{"@context":"https:\/\/schema.org","@graph":[{"@type":"Article","@id":"https:\/\/noti-america.com\/site\/principal\/2023\/08\/04\/investidores-estao-cada-vez-mais-otimistas-com-a-economia-brasileira-diz-the-economist\/#article","isPartOf":{"@id":"https:\/\/noti-america.com\/site\/principal\/2023\/08\/04\/investidores-estao-cada-vez-mais-otimistas-com-a-economia-brasileira-diz-the-economist\/"},"author":{"name":"Noti-America.com Brasil","@id":"https:\/\/noti-america.com\/site\/principal\/#\/schema\/person\/ba9eb265ff55afabe3d4999076c6d337"},"headline":"Investidores est\u00e3o cada vez mais otimistas com a economia brasileira, diz \u2018The Economist\u2019","datePublished":"2023-08-04T20:48:37+00:00","mainEntityOfPage":{"@id":"https:\/\/noti-america.com\/site\/principal\/2023\/08\/04\/investidores-estao-cada-vez-mais-otimistas-com-a-economia-brasileira-diz-the-economist\/"},"wordCount":709,"image":{"@id":"https:\/\/noti-america.com\/site\/principal\/2023\/08\/04\/investidores-estao-cada-vez-mais-otimistas-com-a-economia-brasileira-diz-the-economist\/#primaryimage"},"thumbnailUrl":"https:\/\/noti-america.com\/site\/principal\/wp-content\/uploads\/sites\/26\/2023\/08\/IMG_4129.jpeg","articleSection":["Actualidad","Atualidade","Brasil","Econom\u00eda","Econom\u00eda"],"inLanguage":"es"},{"@type":"WebPage","@id":"https:\/\/noti-america.com\/site\/principal\/2023\/08\/04\/investidores-estao-cada-vez-mais-otimistas-com-a-economia-brasileira-diz-the-economist\/","url":"https:\/\/noti-america.com\/site\/principal\/2023\/08\/04\/investidores-estao-cada-vez-mais-otimistas-com-a-economia-brasileira-diz-the-economist\/","name":"Investidores est\u00e3o cada vez mais otimistas com a economia brasileira, diz \u2018The Economist\u2019 - Noti-America.com","isPartOf":{"@id":"https:\/\/noti-america.com\/site\/principal\/#website"},"primaryImageOfPage":{"@id":"https:\/\/noti-america.com\/site\/principal\/2023\/08\/04\/investidores-estao-cada-vez-mais-otimistas-com-a-economia-brasileira-diz-the-economist\/#primaryimage"},"image":{"@id":"https:\/\/noti-america.com\/site\/principal\/2023\/08\/04\/investidores-estao-cada-vez-mais-otimistas-com-a-economia-brasileira-diz-the-economist\/#primaryimage"},"thumbnailUrl":"https:\/\/noti-america.com\/site\/principal\/wp-content\/uploads\/sites\/26\/2023\/08\/IMG_4129.jpeg","datePublished":"2023-08-04T20:48:37+00:00","author":{"@id":"https:\/\/noti-america.com\/site\/principal\/#\/schema\/person\/ba9eb265ff55afabe3d4999076c6d337"},"breadcrumb":{"@id":"https:\/\/noti-america.com\/site\/principal\/2023\/08\/04\/investidores-estao-cada-vez-mais-otimistas-com-a-economia-brasileira-diz-the-economist\/#breadcrumb"},"inLanguage":"es","potentialAction":[{"@type":"ReadAction","target":["https:\/\/noti-america.com\/site\/principal\/2023\/08\/04\/investidores-estao-cada-vez-mais-otimistas-com-a-economia-brasileira-diz-the-economist\/"]}]},{"@type":"ImageObject","inLanguage":"es","@id":"https:\/\/noti-america.com\/site\/principal\/2023\/08\/04\/investidores-estao-cada-vez-mais-otimistas-com-a-economia-brasileira-diz-the-economist\/#primaryimage","url":"https:\/\/noti-america.com\/site\/principal\/wp-content\/uploads\/sites\/26\/2023\/08\/IMG_4129.jpeg","contentUrl":"https:\/\/noti-america.com\/site\/principal\/wp-content\/uploads\/sites\/26\/2023\/08\/IMG_4129.jpeg","width":600,"height":377},{"@type":"BreadcrumbList","@id":"https:\/\/noti-america.com\/site\/principal\/2023\/08\/04\/investidores-estao-cada-vez-mais-otimistas-com-a-economia-brasileira-diz-the-economist\/#breadcrumb","itemListElement":[{"@type":"ListItem","position":1,"name":"Portada","item":"https:\/\/noti-america.com\/site\/principal\/"},{"@type":"ListItem","position":2,"name":"Investidores est\u00e3o cada vez mais otimistas com a economia brasileira, diz \u2018The Economist\u2019"}]},{"@type":"WebSite","@id":"https:\/\/noti-america.com\/site\/principal\/#website","url":"https:\/\/noti-america.com\/site\/principal\/","name":"Noti-America.com","description":"El Noticiero Digital M\u00e1s Grande de Am\u00e9rica","potentialAction":[{"@type":"SearchAction","target":{"@type":"EntryPoint","urlTemplate":"https:\/\/noti-america.com\/site\/principal\/?s={search_term_string}"},"query-input":{"@type":"PropertyValueSpecification","valueRequired":true,"valueName":"search_term_string"}}],"inLanguage":"es"},{"@type":"Person","@id":"https:\/\/noti-america.com\/site\/principal\/#\/schema\/person\/ba9eb265ff55afabe3d4999076c6d337","name":"Noti-America.com Brasil","image":{"@type":"ImageObject","inLanguage":"es","@id":"https:\/\/secure.gravatar.com\/avatar\/ceb1f4d614e92313053fd1eca2cce4693de9bc7b3e458a951d484d10dfa07e81?s=96&d=mm&r=g","url":"https:\/\/secure.gravatar.com\/avatar\/ceb1f4d614e92313053fd1eca2cce4693de9bc7b3e458a951d484d10dfa07e81?s=96&d=mm&r=g","contentUrl":"https:\/\/secure.gravatar.com\/avatar\/ceb1f4d614e92313053fd1eca2cce4693de9bc7b3e458a951d484d10dfa07e81?s=96&d=mm&r=g","caption":"Noti-America.com Brasil"},"url":"https:\/\/noti-america.com\/site\/principal\/author\/gmaciel\/"}]}},"_links":{"self":[{"href":"https:\/\/noti-america.com\/site\/principal\/wp-json\/wp\/v2\/posts\/29832","targetHints":{"allow":["GET"]}}],"collection":[{"href":"https:\/\/noti-america.com\/site\/principal\/wp-json\/wp\/v2\/posts"}],"about":[{"href":"https:\/\/noti-america.com\/site\/principal\/wp-json\/wp\/v2\/types\/post"}],"author":[{"embeddable":true,"href":"https:\/\/noti-america.com\/site\/principal\/wp-json\/wp\/v2\/users\/80"}],"replies":[{"embeddable":true,"href":"https:\/\/noti-america.com\/site\/principal\/wp-json\/wp\/v2\/comments?post=29832"}],"version-history":[{"count":0,"href":"https:\/\/noti-america.com\/site\/principal\/wp-json\/wp\/v2\/posts\/29832\/revisions"}],"wp:featuredmedia":[{"embeddable":true,"href":"https:\/\/noti-america.com\/site\/principal\/wp-json\/wp\/v2\/media\/29833"}],"wp:attachment":[{"href":"https:\/\/noti-america.com\/site\/principal\/wp-json\/wp\/v2\/media?parent=29832"}],"wp:term":[{"taxonomy":"category","embeddable":true,"href":"https:\/\/noti-america.com\/site\/principal\/wp-json\/wp\/v2\/categories?post=29832"},{"taxonomy":"post_tag","embeddable":true,"href":"https:\/\/noti-america.com\/site\/principal\/wp-json\/wp\/v2\/tags?post=29832"}],"curies":[{"name":"wp","href":"https:\/\/api.w.org\/{rel}","templated":true}]}}