{"id":29244,"date":"2023-07-20T21:00:19","date_gmt":"2023-07-21T01:00:19","guid":{"rendered":"https:\/\/noti-america.com\/site\/principal\/?p=29244"},"modified":"2023-07-20T17:00:35","modified_gmt":"2023-07-20T21:00:35","slug":"ee-uu-crea-grupo-parlamentario-de-amistad-para-fortalecer-relaciones-con-ecuador","status":"publish","type":"post","link":"https:\/\/noti-america.com\/site\/principal\/2023\/07\/20\/ee-uu-crea-grupo-parlamentario-de-amistad-para-fortalecer-relaciones-con-ecuador\/","title":{"rendered":"EE.UU. crea Grupo Parlamentario de Amistad para fortalecer relaciones con Ecuador"},"content":{"rendered":"<p>REDACCI\u00d3N NOTI-AM\u00c9RICA\u00a0<strong>(ECUADOR).<\/strong><\/p>\n<div id=\"attachment_25644\" style=\"width: 310px\" class=\"wp-caption aligncenter\"><img loading=\"lazy\" decoding=\"async\" aria-describedby=\"caption-attachment-25644\" class=\"size-medium wp-image-29245\" src=\"https:\/\/noti-america.com\/site\/principal\/wp-content\/uploads\/sites\/26\/2023\/07\/IMG-20230720-WA0170-300x225.jpg\" alt=\"En el orden acostumbrado:  Xavier\u00a0Rosero, vicepresidente de Fedexpor; Terri Sewell legislador de EE.UU.; Ivonne Baki, Embajadora de Ecuador en EE.UU.; Carol Miller, Congresista de EE.UU.; Felipe Espinosa, Presidente de AmCham.\" width=\"300\" height=\"225\" srcset=\"https:\/\/noti-america.com\/site\/principal\/wp-content\/uploads\/sites\/26\/2023\/07\/IMG-20230720-WA0170-300x225.jpg 300w, https:\/\/noti-america.com\/site\/principal\/wp-content\/uploads\/sites\/26\/2023\/07\/IMG-20230720-WA0170-1024x768.jpg 1024w, https:\/\/noti-america.com\/site\/principal\/wp-content\/uploads\/sites\/26\/2023\/07\/IMG-20230720-WA0170-768x576.jpg 768w, https:\/\/noti-america.com\/site\/principal\/wp-content\/uploads\/sites\/26\/2023\/07\/IMG-20230720-WA0170-1536x1152.jpg 1536w, https:\/\/noti-america.com\/site\/principal\/wp-content\/uploads\/sites\/26\/2023\/07\/IMG-20230720-WA0170.jpg 1600w\" sizes=\"auto, (max-width: 300px) 100vw, 300px\" \/><p id=\"caption-attachment-25644\" class=\"wp-caption-text\">En el orden acostumbrado: Xavier\u00a0Rosero, vicepresidente de Fedexpor; Terri Sewell legislador de EE.UU.; Ivonne Baki, Embajadora de Ecuador en EE.UU.; Carol Miller, Congresista de EE.UU.; Felipe Espinosa, Presidente de AmCham.<\/p><\/div>\n<p style=\"text-align: justify\">Durante la visita de una delegaci\u00f3n ecuatoriana p\u00fablico-privada en Washington D.C., se constituy\u00f3 el \u00abFriends of Ecuador Caucus\u00bb el 19 de julio de 2023, presidido por las congresistas de Estados Unidos, Carol Miller y Terri Sewell. Este es el primer Grupo Parlamentario de Amistad con Ecuador, creado para impulsar temas de inter\u00e9s entre ambas naciones en la esfera legislativa estadounidense.<\/p>\n<p style=\"text-align: justify\">El Caucus tiene como objetivo promover proyectos que fortalezcan la relaci\u00f3n bilateral, con especial \u00e9nfasis en iniciativas comerciales como el proyecto de Ley IDEA, que busca reducir aranceles para el 90% de los productos ecuatorianos no petroleros exportados a Estados Unidos.<\/p>\n<p style=\"text-align: justify\">Carol Miller, Congresista de Estados Unidos, mencion\u00f3 que Ecuador ha sido un aliado crucial para Estados Unidos en la promoci\u00f3n del comercio y la democracia. El \u00abFriends of Ecuador Caucus\u00bb trabajar\u00e1 para fortalecer y mejorar la asociaci\u00f3n entre ambos pa\u00edses en temas de comercio y desarrollo econ\u00f3mico.<\/p>\n<p style=\"text-align: justify\">Felipe Espinosa, presidente Ejecutivo de la C\u00e1mara de Comercio Ecuatoriano Americana &#8211; AmCham, se\u00f1al\u00f3 que contar con estos acuerdos es positivo para Ecuador, ya que se busca impulsar la competitividad del sector productivo y el fortalecimiento de las MIPYMES para fomentar el empleo.<\/p>\n<p style=\"text-align: justify\">La Embajadora de Ecuador en Estados Unidos, Ivonne Baki, destac\u00f3 que Ecuador es un aliado fuerte de los Estados Unidos, compartiendo intereses y valores comunes.<\/p>\n","protected":false},"excerpt":{"rendered":"<p>REDACCI\u00d3N NOTI-AM\u00c9RICA\u00a0(ECUADOR). Durante la visita de una delegaci\u00f3n ecuatoriana p\u00fablico-privada en Washington D.C., se constituy\u00f3 el \u00abFriends of Ecuador Caucus\u00bb el 19 de julio de 2023, presidido por las congresistas de Estados Unidos, Carol&#46;&#46;&#46;<\/p>\n","protected":false},"author":81,"featured_media":29245,"comment_status":"closed","ping_status":"open","sticky":false,"template":"","format":"standard","meta":{"_acf_changed":false,"rop_custom_images_group":[],"rop_custom_messages_group":[],"rop_publish_now":"initial","rop_publish_now_accounts":{"facebook_10219548024599422_1632221337088128":"","twitter_242054905_242054905":""},"rop_publish_now_history":[],"rop_publish_now_status":"pending","footnotes":""},"categories":[5,847],"tags":[],"class_list":["post-29244","post","type-post","status-publish","format-standard","has-post-thumbnail","hentry","category-economia","category-responsabilidad-social-empresarial"],"acf":[],"yoast_head":"<!-- This site is optimized with the Yoast SEO Premium plugin v24.9 (Yoast SEO v27.2) - https:\/\/yoast.com\/product\/yoast-seo-premium-wordpress\/ -->\n<title>EE.UU. crea Grupo Parlamentario de Amistad para fortalecer relaciones con Ecuador - Noti-America.com<\/title>\n<meta name=\"robots\" content=\"index, follow, max-snippet:-1, max-image-preview:large, max-video-preview:-1\" \/>\n<link rel=\"canonical\" href=\"https:\/\/noti-america.com\/site\/principal\/2023\/07\/20\/ee-uu-crea-grupo-parlamentario-de-amistad-para-fortalecer-relaciones-con-ecuador\/\" \/>\n<meta property=\"og:locale\" content=\"es_ES\" \/>\n<meta property=\"og:type\" content=\"article\" \/>\n<meta property=\"og:title\" content=\"EE.UU. crea Grupo Parlamentario de Amistad para fortalecer relaciones con Ecuador\" \/>\n<meta property=\"og:description\" content=\"REDACCI\u00d3N NOTI-AM\u00c9RICA\u00a0(ECUADOR). Durante la visita de una delegaci\u00f3n ecuatoriana p\u00fablico-privada en Washington D.C., se constituy\u00f3 el \u00abFriends of Ecuador Caucus\u00bb el 19 de julio de 2023, presidido por las congresistas de Estados Unidos, Carol&#046;&#046;&#046;\" \/>\n<meta property=\"og:url\" content=\"https:\/\/noti-america.com\/site\/principal\/2023\/07\/20\/ee-uu-crea-grupo-parlamentario-de-amistad-para-fortalecer-relaciones-con-ecuador\/\" \/>\n<meta property=\"og:site_name\" content=\"Noti-America.com\" \/>\n<meta property=\"article:published_time\" content=\"2023-07-21T01:00:19+00:00\" \/>\n<meta property=\"og:image\" content=\"https:\/\/noti-america.com\/site\/principal\/wp-content\/uploads\/sites\/26\/2023\/07\/IMG-20230720-WA0170.jpg\" \/>\n\t<meta property=\"og:image:width\" content=\"1600\" \/>\n\t<meta property=\"og:image:height\" content=\"1200\" \/>\n\t<meta property=\"og:image:type\" content=\"image\/jpeg\" \/>\n<meta name=\"author\" content=\"Boris Moyano\" \/>\n<meta name=\"twitter:card\" content=\"summary_large_image\" \/>\n<meta name=\"twitter:label1\" content=\"Escrito por\" \/>\n\t<meta name=\"twitter:data1\" content=\"Boris Moyano\" \/>\n\t<meta name=\"twitter:label2\" content=\"Tiempo estimado de lectura\" \/>\n\t<meta name=\"twitter:data2\" content=\"2 minutos\" \/>\n<script type=\"application\/ld+json\" class=\"yoast-schema-graph\">{\"@context\":\"https:\/\/schema.org\",\"@graph\":[{\"@type\":\"Article\",\"@id\":\"https:\/\/noti-america.com\/site\/principal\/2023\/07\/20\/ee-uu-crea-grupo-parlamentario-de-amistad-para-fortalecer-relaciones-con-ecuador\/#article\",\"isPartOf\":{\"@id\":\"https:\/\/noti-america.com\/site\/principal\/2023\/07\/20\/ee-uu-crea-grupo-parlamentario-de-amistad-para-fortalecer-relaciones-con-ecuador\/\"},\"author\":{\"name\":\"Boris Moyano\",\"@id\":\"https:\/\/noti-america.com\/site\/principal\/#\/schema\/person\/063740b70e1baad7ce400b3b8bd8b8e3\"},\"headline\":\"EE.UU. crea Grupo Parlamentario de Amistad para fortalecer relaciones con Ecuador\",\"datePublished\":\"2023-07-21T01:00:19+00:00\",\"mainEntityOfPage\":{\"@id\":\"https:\/\/noti-america.com\/site\/principal\/2023\/07\/20\/ee-uu-crea-grupo-parlamentario-de-amistad-para-fortalecer-relaciones-con-ecuador\/\"},\"wordCount\":282,\"image\":{\"@id\":\"https:\/\/noti-america.com\/site\/principal\/2023\/07\/20\/ee-uu-crea-grupo-parlamentario-de-amistad-para-fortalecer-relaciones-con-ecuador\/#primaryimage\"},\"thumbnailUrl\":\"https:\/\/noti-america.com\/site\/principal\/wp-content\/uploads\/sites\/26\/2023\/07\/IMG-20230720-WA0170.jpg\",\"articleSection\":[\"Econom\u00eda\",\"Responsabilidad Social Empresarial\"],\"inLanguage\":\"es\"},{\"@type\":\"WebPage\",\"@id\":\"https:\/\/noti-america.com\/site\/principal\/2023\/07\/20\/ee-uu-crea-grupo-parlamentario-de-amistad-para-fortalecer-relaciones-con-ecuador\/\",\"url\":\"https:\/\/noti-america.com\/site\/principal\/2023\/07\/20\/ee-uu-crea-grupo-parlamentario-de-amistad-para-fortalecer-relaciones-con-ecuador\/\",\"name\":\"EE.UU. crea Grupo Parlamentario de Amistad para fortalecer relaciones con Ecuador - Noti-America.com\",\"isPartOf\":{\"@id\":\"https:\/\/noti-america.com\/site\/principal\/#website\"},\"primaryImageOfPage\":{\"@id\":\"https:\/\/noti-america.com\/site\/principal\/2023\/07\/20\/ee-uu-crea-grupo-parlamentario-de-amistad-para-fortalecer-relaciones-con-ecuador\/#primaryimage\"},\"image\":{\"@id\":\"https:\/\/noti-america.com\/site\/principal\/2023\/07\/20\/ee-uu-crea-grupo-parlamentario-de-amistad-para-fortalecer-relaciones-con-ecuador\/#primaryimage\"},\"thumbnailUrl\":\"https:\/\/noti-america.com\/site\/principal\/wp-content\/uploads\/sites\/26\/2023\/07\/IMG-20230720-WA0170.jpg\",\"datePublished\":\"2023-07-21T01:00:19+00:00\",\"author\":{\"@id\":\"https:\/\/noti-america.com\/site\/principal\/#\/schema\/person\/063740b70e1baad7ce400b3b8bd8b8e3\"},\"breadcrumb\":{\"@id\":\"https:\/\/noti-america.com\/site\/principal\/2023\/07\/20\/ee-uu-crea-grupo-parlamentario-de-amistad-para-fortalecer-relaciones-con-ecuador\/#breadcrumb\"},\"inLanguage\":\"es\",\"potentialAction\":[{\"@type\":\"ReadAction\",\"target\":[\"https:\/\/noti-america.com\/site\/principal\/2023\/07\/20\/ee-uu-crea-grupo-parlamentario-de-amistad-para-fortalecer-relaciones-con-ecuador\/\"]}]},{\"@type\":\"ImageObject\",\"inLanguage\":\"es\",\"@id\":\"https:\/\/noti-america.com\/site\/principal\/2023\/07\/20\/ee-uu-crea-grupo-parlamentario-de-amistad-para-fortalecer-relaciones-con-ecuador\/#primaryimage\",\"url\":\"https:\/\/noti-america.com\/site\/principal\/wp-content\/uploads\/sites\/26\/2023\/07\/IMG-20230720-WA0170.jpg\",\"contentUrl\":\"https:\/\/noti-america.com\/site\/principal\/wp-content\/uploads\/sites\/26\/2023\/07\/IMG-20230720-WA0170.jpg\",\"width\":1600,\"height\":1200,\"caption\":\"En el orden acostumbrado: Xavier\u00a0Rosero, vicepresidente de Fedexpor; Terri Sewell legislador de EE.UU.; Ivonne Baki, Embajadora de Ecuador en EE.UU.; Carol Miller, Congresista de EE.UU.; Felipe Espinosa, Presidente de AmCham.\"},{\"@type\":\"BreadcrumbList\",\"@id\":\"https:\/\/noti-america.com\/site\/principal\/2023\/07\/20\/ee-uu-crea-grupo-parlamentario-de-amistad-para-fortalecer-relaciones-con-ecuador\/#breadcrumb\",\"itemListElement\":[{\"@type\":\"ListItem\",\"position\":1,\"name\":\"Portada\",\"item\":\"https:\/\/noti-america.com\/site\/principal\/\"},{\"@type\":\"ListItem\",\"position\":2,\"name\":\"EE.UU. crea Grupo Parlamentario de Amistad para fortalecer relaciones con Ecuador\"}]},{\"@type\":\"WebSite\",\"@id\":\"https:\/\/noti-america.com\/site\/principal\/#website\",\"url\":\"https:\/\/noti-america.com\/site\/principal\/\",\"name\":\"Noti-America.com\",\"description\":\"El Noticiero Digital M\u00e1s Grande de Am\u00e9rica\",\"potentialAction\":[{\"@type\":\"SearchAction\",\"target\":{\"@type\":\"EntryPoint\",\"urlTemplate\":\"https:\/\/noti-america.com\/site\/principal\/?s={search_term_string}\"},\"query-input\":{\"@type\":\"PropertyValueSpecification\",\"valueRequired\":true,\"valueName\":\"search_term_string\"}}],\"inLanguage\":\"es\"},{\"@type\":\"Person\",\"@id\":\"https:\/\/noti-america.com\/site\/principal\/#\/schema\/person\/063740b70e1baad7ce400b3b8bd8b8e3\",\"name\":\"Boris Moyano\",\"image\":{\"@type\":\"ImageObject\",\"inLanguage\":\"es\",\"@id\":\"https:\/\/secure.gravatar.com\/avatar\/1635fd8d206bae736e855dfe91602736d1ea92af1a7f3fa7f62c848f245a1404?s=96&d=mm&r=g\",\"url\":\"https:\/\/secure.gravatar.com\/avatar\/1635fd8d206bae736e855dfe91602736d1ea92af1a7f3fa7f62c848f245a1404?s=96&d=mm&r=g\",\"contentUrl\":\"https:\/\/secure.gravatar.com\/avatar\/1635fd8d206bae736e855dfe91602736d1ea92af1a7f3fa7f62c848f245a1404?s=96&d=mm&r=g\",\"caption\":\"Boris Moyano\"},\"url\":\"https:\/\/noti-america.com\/site\/principal\/author\/bmoyano\/\"}]}<\/script>\n<!-- \/ Yoast SEO Premium plugin. -->","yoast_head_json":{"title":"EE.UU. crea Grupo Parlamentario de Amistad para fortalecer relaciones con Ecuador - Noti-America.com","robots":{"index":"index","follow":"follow","max-snippet":"max-snippet:-1","max-image-preview":"max-image-preview:large","max-video-preview":"max-video-preview:-1"},"canonical":"https:\/\/noti-america.com\/site\/principal\/2023\/07\/20\/ee-uu-crea-grupo-parlamentario-de-amistad-para-fortalecer-relaciones-con-ecuador\/","og_locale":"es_ES","og_type":"article","og_title":"EE.UU. crea Grupo Parlamentario de Amistad para fortalecer relaciones con Ecuador","og_description":"REDACCI\u00d3N NOTI-AM\u00c9RICA\u00a0(ECUADOR). Durante la visita de una delegaci\u00f3n ecuatoriana p\u00fablico-privada en Washington D.C., se constituy\u00f3 el \u00abFriends of Ecuador Caucus\u00bb el 19 de julio de 2023, presidido por las congresistas de Estados Unidos, Carol&#46;&#46;&#46;","og_url":"https:\/\/noti-america.com\/site\/principal\/2023\/07\/20\/ee-uu-crea-grupo-parlamentario-de-amistad-para-fortalecer-relaciones-con-ecuador\/","og_site_name":"Noti-America.com","article_published_time":"2023-07-21T01:00:19+00:00","og_image":[{"width":1600,"height":1200,"url":"https:\/\/noti-america.com\/site\/principal\/wp-content\/uploads\/sites\/26\/2023\/07\/IMG-20230720-WA0170.jpg","type":"image\/jpeg"}],"author":"Boris Moyano","twitter_card":"summary_large_image","twitter_misc":{"Escrito por":"Boris Moyano","Tiempo estimado de lectura":"2 minutos"},"schema":{"@context":"https:\/\/schema.org","@graph":[{"@type":"Article","@id":"https:\/\/noti-america.com\/site\/principal\/2023\/07\/20\/ee-uu-crea-grupo-parlamentario-de-amistad-para-fortalecer-relaciones-con-ecuador\/#article","isPartOf":{"@id":"https:\/\/noti-america.com\/site\/principal\/2023\/07\/20\/ee-uu-crea-grupo-parlamentario-de-amistad-para-fortalecer-relaciones-con-ecuador\/"},"author":{"name":"Boris Moyano","@id":"https:\/\/noti-america.com\/site\/principal\/#\/schema\/person\/063740b70e1baad7ce400b3b8bd8b8e3"},"headline":"EE.UU. crea Grupo Parlamentario de Amistad para fortalecer relaciones con Ecuador","datePublished":"2023-07-21T01:00:19+00:00","mainEntityOfPage":{"@id":"https:\/\/noti-america.com\/site\/principal\/2023\/07\/20\/ee-uu-crea-grupo-parlamentario-de-amistad-para-fortalecer-relaciones-con-ecuador\/"},"wordCount":282,"image":{"@id":"https:\/\/noti-america.com\/site\/principal\/2023\/07\/20\/ee-uu-crea-grupo-parlamentario-de-amistad-para-fortalecer-relaciones-con-ecuador\/#primaryimage"},"thumbnailUrl":"https:\/\/noti-america.com\/site\/principal\/wp-content\/uploads\/sites\/26\/2023\/07\/IMG-20230720-WA0170.jpg","articleSection":["Econom\u00eda","Responsabilidad Social Empresarial"],"inLanguage":"es"},{"@type":"WebPage","@id":"https:\/\/noti-america.com\/site\/principal\/2023\/07\/20\/ee-uu-crea-grupo-parlamentario-de-amistad-para-fortalecer-relaciones-con-ecuador\/","url":"https:\/\/noti-america.com\/site\/principal\/2023\/07\/20\/ee-uu-crea-grupo-parlamentario-de-amistad-para-fortalecer-relaciones-con-ecuador\/","name":"EE.UU. crea Grupo Parlamentario de Amistad para fortalecer relaciones con Ecuador - Noti-America.com","isPartOf":{"@id":"https:\/\/noti-america.com\/site\/principal\/#website"},"primaryImageOfPage":{"@id":"https:\/\/noti-america.com\/site\/principal\/2023\/07\/20\/ee-uu-crea-grupo-parlamentario-de-amistad-para-fortalecer-relaciones-con-ecuador\/#primaryimage"},"image":{"@id":"https:\/\/noti-america.com\/site\/principal\/2023\/07\/20\/ee-uu-crea-grupo-parlamentario-de-amistad-para-fortalecer-relaciones-con-ecuador\/#primaryimage"},"thumbnailUrl":"https:\/\/noti-america.com\/site\/principal\/wp-content\/uploads\/sites\/26\/2023\/07\/IMG-20230720-WA0170.jpg","datePublished":"2023-07-21T01:00:19+00:00","author":{"@id":"https:\/\/noti-america.com\/site\/principal\/#\/schema\/person\/063740b70e1baad7ce400b3b8bd8b8e3"},"breadcrumb":{"@id":"https:\/\/noti-america.com\/site\/principal\/2023\/07\/20\/ee-uu-crea-grupo-parlamentario-de-amistad-para-fortalecer-relaciones-con-ecuador\/#breadcrumb"},"inLanguage":"es","potentialAction":[{"@type":"ReadAction","target":["https:\/\/noti-america.com\/site\/principal\/2023\/07\/20\/ee-uu-crea-grupo-parlamentario-de-amistad-para-fortalecer-relaciones-con-ecuador\/"]}]},{"@type":"ImageObject","inLanguage":"es","@id":"https:\/\/noti-america.com\/site\/principal\/2023\/07\/20\/ee-uu-crea-grupo-parlamentario-de-amistad-para-fortalecer-relaciones-con-ecuador\/#primaryimage","url":"https:\/\/noti-america.com\/site\/principal\/wp-content\/uploads\/sites\/26\/2023\/07\/IMG-20230720-WA0170.jpg","contentUrl":"https:\/\/noti-america.com\/site\/principal\/wp-content\/uploads\/sites\/26\/2023\/07\/IMG-20230720-WA0170.jpg","width":1600,"height":1200,"caption":"En el orden acostumbrado: Xavier\u00a0Rosero, vicepresidente de Fedexpor; Terri Sewell legislador de EE.UU.; Ivonne Baki, Embajadora de Ecuador en EE.UU.; Carol Miller, Congresista de EE.UU.; Felipe Espinosa, Presidente de AmCham."},{"@type":"BreadcrumbList","@id":"https:\/\/noti-america.com\/site\/principal\/2023\/07\/20\/ee-uu-crea-grupo-parlamentario-de-amistad-para-fortalecer-relaciones-con-ecuador\/#breadcrumb","itemListElement":[{"@type":"ListItem","position":1,"name":"Portada","item":"https:\/\/noti-america.com\/site\/principal\/"},{"@type":"ListItem","position":2,"name":"EE.UU. crea Grupo Parlamentario de Amistad para fortalecer relaciones con Ecuador"}]},{"@type":"WebSite","@id":"https:\/\/noti-america.com\/site\/principal\/#website","url":"https:\/\/noti-america.com\/site\/principal\/","name":"Noti-America.com","description":"El Noticiero Digital M\u00e1s Grande de Am\u00e9rica","potentialAction":[{"@type":"SearchAction","target":{"@type":"EntryPoint","urlTemplate":"https:\/\/noti-america.com\/site\/principal\/?s={search_term_string}"},"query-input":{"@type":"PropertyValueSpecification","valueRequired":true,"valueName":"search_term_string"}}],"inLanguage":"es"},{"@type":"Person","@id":"https:\/\/noti-america.com\/site\/principal\/#\/schema\/person\/063740b70e1baad7ce400b3b8bd8b8e3","name":"Boris Moyano","image":{"@type":"ImageObject","inLanguage":"es","@id":"https:\/\/secure.gravatar.com\/avatar\/1635fd8d206bae736e855dfe91602736d1ea92af1a7f3fa7f62c848f245a1404?s=96&d=mm&r=g","url":"https:\/\/secure.gravatar.com\/avatar\/1635fd8d206bae736e855dfe91602736d1ea92af1a7f3fa7f62c848f245a1404?s=96&d=mm&r=g","contentUrl":"https:\/\/secure.gravatar.com\/avatar\/1635fd8d206bae736e855dfe91602736d1ea92af1a7f3fa7f62c848f245a1404?s=96&d=mm&r=g","caption":"Boris Moyano"},"url":"https:\/\/noti-america.com\/site\/principal\/author\/bmoyano\/"}]}},"_links":{"self":[{"href":"https:\/\/noti-america.com\/site\/principal\/wp-json\/wp\/v2\/posts\/29244","targetHints":{"allow":["GET"]}}],"collection":[{"href":"https:\/\/noti-america.com\/site\/principal\/wp-json\/wp\/v2\/posts"}],"about":[{"href":"https:\/\/noti-america.com\/site\/principal\/wp-json\/wp\/v2\/types\/post"}],"author":[{"embeddable":true,"href":"https:\/\/noti-america.com\/site\/principal\/wp-json\/wp\/v2\/users\/81"}],"replies":[{"embeddable":true,"href":"https:\/\/noti-america.com\/site\/principal\/wp-json\/wp\/v2\/comments?post=29244"}],"version-history":[{"count":1,"href":"https:\/\/noti-america.com\/site\/principal\/wp-json\/wp\/v2\/posts\/29244\/revisions"}],"predecessor-version":[{"id":29246,"href":"https:\/\/noti-america.com\/site\/principal\/wp-json\/wp\/v2\/posts\/29244\/revisions\/29246"}],"wp:featuredmedia":[{"embeddable":true,"href":"https:\/\/noti-america.com\/site\/principal\/wp-json\/wp\/v2\/media\/29245"}],"wp:attachment":[{"href":"https:\/\/noti-america.com\/site\/principal\/wp-json\/wp\/v2\/media?parent=29244"}],"wp:term":[{"taxonomy":"category","embeddable":true,"href":"https:\/\/noti-america.com\/site\/principal\/wp-json\/wp\/v2\/categories?post=29244"},{"taxonomy":"post_tag","embeddable":true,"href":"https:\/\/noti-america.com\/site\/principal\/wp-json\/wp\/v2\/tags?post=29244"}],"curies":[{"name":"wp","href":"https:\/\/api.w.org\/{rel}","templated":true}]}}