{"id":29185,"date":"2023-07-19T14:34:28","date_gmt":"2023-07-19T18:34:28","guid":{"rendered":"https:\/\/noti-america.com\/site\/principal\/?p=29185"},"modified":"2023-07-19T14:34:28","modified_gmt":"2023-07-19T18:34:28","slug":"preparada-la-28a-edicion-del-congreso-mundial-de-derecho-en-nueva-york","status":"publish","type":"post","link":"https:\/\/noti-america.com\/site\/principal\/2023\/07\/19\/preparada-la-28a-edicion-del-congreso-mundial-de-derecho-en-nueva-york\/","title":{"rendered":"Preparada la 28\u00aa edici\u00f3n del Congreso Mundial de Derecho en Nueva York"},"content":{"rendered":"<p><strong>NOTI-AMERICA.COM | TEXAS<\/strong><\/p>\n<p>www.atalayar.com<\/p>\n<h1 class=\"title\">Preparada la 28\u00aa edici\u00f3n del Congreso Mundial de Derecho en Nueva York<\/h1>\n<p>El Congreso reunir\u00e1 a profesionales juristas de todo el mundo y concluir\u00e1 con la entrega del Premio Mundial Paz y Libertad 2023<\/p>\n<p><img decoding=\"async\" src=\"https:\/\/www.atalayar.com\/asset\/thumbnail,1280,720,center,center\/media\/atalayar\/images\/2023\/07\/19\/2023071912113588301.jpg\" alt=\"PHOTO\/ARCHIVO - Skyline de Nueva York\" \/><\/p>\n<p>PHOTO\/ARCHIVO &#8211; Skyline de Nueva York<\/p>\n<p><a href=\"https:\/\/www.atalayar.com\/author\/marta-dorgambide\">Marta Dorgambide<\/a><\/p>\n<p><strong>El Congreso Mundial de Derecho de Nueva York 2023 celebrar\u00e1 su 28\u00aa edici\u00f3n<\/strong>\u00a0y contar\u00e1 con dos d\u00edas de duraci\u00f3n comenzando el pr\u00f3ximo 20 de julio. La Asociaci\u00f3n Mundial de Juristas (WJA) celebrar\u00e1 su 60\u00ba aniversario remont\u00e1ndose a sus ra\u00edces en Estados Unidos.<\/p>\n<p>El primer d\u00eda tendr\u00e1n lugar una serie de mesas redondas simult\u00e1neas, que reunir\u00e1n a unos 300 panelistas de todo el mundo, para debatir\u00a0<strong>temas de actualidad centrados en la \u201cPaz a trav\u00e9s del Derecho\u201d<\/strong>, el lema original de la WJA.<\/p>\n<p><img decoding=\"async\" src=\"https:\/\/www.atalayar.com\/media\/atalayar\/images\/2023\/07\/19\/2023071912105789632.jpg\" alt=\"PHOTO\/ETIENNE ANSOTTE - La presidenta de la Comisi\u00f3n Europea, Ursula von der Leyen, durante la presentaci\u00f3n de la propuesta esta tarde en el Parlamento Europeo\" \/><\/p>\n<p><strong>PHOTO\/ETIENNE ANSOTTE &#8211;<\/strong>\u00a0La presidenta de la Comisi\u00f3n Europea, Ursula von der Leyen, durante la presentaci\u00f3n de la propuesta esta tarde en el Parlamento Europeo<\/p>\n<p>La Ceremonia de Clausura se celebrar\u00e1 el 21 de julio. Durante esta ceremonia, se otorgar\u00e1\u00a0<strong>el Premio Mundial Paz y Libertad 2023 a la Comisi\u00f3n Europea<\/strong>; que aceptar\u00e1 su presidenta, Ursula von der Leyen. El premio ha sido entregado anteriormente a Sir Winston Churchill, Nelson Mandela, Ren\u00e9 Cassin, Felipe VI, rey de Espa\u00f1a, Ruth Bader Ginsburg, la sociedad colombiana en manos de su entonces presidente Iv\u00e1n Duque, y el l\u00edder estadounidense de los derechos civiles Andrew Young.<\/p>\n<p><strong>Javier Cremades, el presidente de la Asociaci\u00f3n Mundial de Juristas,<\/strong>\u00a0comentaba en la carta de apertura del evento: \u201cQuiero dar una calurosa bienvenida a esta nueva sede del Congreso Mundial de Derecho que se celebra en la Sede de las Naciones Unidas en Nueva York y a la Asociaci\u00f3n de Abogados de Nueva York. Esta 28\u00aa edici\u00f3n del Congreso Mundial de Derecho re\u00fane a\u2026 profesionales del Derecho de m\u00e1s de 70 pa\u00edses, que una vez m\u00e1s se re\u00fanen para promover y defender la paz y la libertad a trav\u00e9s del Derecho\u201d.<\/p>\n<p><img decoding=\"async\" src=\"https:\/\/www.atalayar.com\/media\/atalayar\/images\/2023\/07\/19\/2023071912085910336.jpg\" alt=\"PHOTO\/ATALAYAR\/GUILLERMO L\u00d3PEZ - Javier Cremades, abogado y presidente de la World Jurist Association y de la World Law Foundation\" \/><\/p>\n<p><strong>PHOTO\/ATALAYAR\/GUILLERMO L\u00d3PEZ &#8211;<\/strong>\u00a0Javier Cremades, abogado y presidente de la World Jurist Association y de la World Law Foundation<\/p>\n<p>\u201cCon la celebraci\u00f3n de este Congreso Mundial de Derecho, y la concesi\u00f3n de este premio,\u00a0<strong>la WJA quiere contribuir a la historia de nuestro mundo para que sea gobernado por el Estado de Derecho, y no por el imperio de la fuerza\u201d.\u00a0<\/strong><\/p>\n<p><big>Los organizadores\u00a0<\/big><\/p>\n<p>\u201cUn mundo gobernado por la ley, y no por la fuerza\u201d ha sido la misi\u00f3n de la Asociaci\u00f3n Mundial de Juristas desde su fundaci\u00f3n en 1963.<\/p>\n<p>Como organizaci\u00f3n no gubernamental con estatus consultivo especial ante el Consejo Econ\u00f3mico y Social (ECOSOC) de las Naciones Unidas,<strong>\u00a0la WJA se cre\u00f3 para convertirse en un foro libre y abierto<\/strong>\u00a0en el que jueces, abogados, profesores de derecho y otros profesionales de todo el mundo cooperasen en el fortalecimiento y la expansi\u00f3n del Estado de derecho y sus instituciones.<\/p>\n<p><img decoding=\"async\" src=\"https:\/\/www.atalayar.com\/media\/atalayar\/images\/2023\/07\/19\/2023071912093036291.jpg\" alt=\"PHOTO\/ATALAYAR\/GUILLERMO L\u00d3PEZ - Javier Cremades, abogado y presidente de la World Jurist Association y de la World Law Foundation\" \/><\/p>\n<p><strong>PHOTO\/ATALAYAR\/GUILLERMO L\u00d3PEZ &#8211;<\/strong>\u00a0Javier Cremades, abogado y presidente de la World Jurist Association y de la World Law Foundation<\/p>\n<p>Entre sus principales actividades se encuentran la organizaci\u00f3n del Congreso Mundial de Derecho, de car\u00e1cter bianual, y la entrega del Premio Mundial Paz y Libertad.<\/p>\n<p><strong>Como resultado de la Declaraci\u00f3n de Madrid de 2019, se cre\u00f3 la Fundaci\u00f3n del Derecho Mundial<\/strong>\u00a0como brazo ejecutivo para organizar las principales actividades de la Asociaci\u00f3n Mundial de Juristas. Los Consejos de la WJA est\u00e1n compuestos por destacados juristas y profesionales, entre los que se encuentran expresidentes y primeros ministros, presidentes de altos tribunales, directores de prestigiosas instituciones, abogados, acad\u00e9micos y empresarios.<\/p>\n<p><big>El Congreso Mundial de Derecho\u00a0<\/big><\/p>\n<p><strong>El Congreso Mundial de Derecho es un congreso de congresos en el que diferentes organizaciones e instituciones celebran sus propios paneles,\u00a0<\/strong>siendo el Congreso Bienal de la WJA el evento principal. Durante dos d\u00edas, l\u00edderes mundiales, incluidos jefes de Estado, autoridades, magistrados de tribunales superiores, responsables pol\u00edticos, acad\u00e9micos, abogados, activistas y estudiantes, debaten una amplia variedad de temas de actualidad a los que la comunidad jur\u00eddica debe proponer soluciones. La historia del Congreso Mundial de Derecho es tan extensa como la de la Asociaci\u00f3n. Comenz\u00f3 en 1963 en Atenas, y ha continuado, casi imparable, cada dos a\u00f1os hasta nuestros d\u00edas.<\/p>\n<p><img decoding=\"async\" src=\"https:\/\/www.atalayar.com\/media\/atalayar\/images\/2023\/07\/19\/2023071912081869417.jpg\" alt=\"PHOTO\/ARCHIVO - Calles de Nueva York\" \/><\/p>\n<p><strong>PHOTO\/ARCHIVO &#8211;\u00a0<\/strong>Calles de Nueva York<\/p>\n<p>Durante el d\u00eda 20 de julio tendr\u00e1 lugar<strong>\u00a0la ceremonia de apertura en la sede de la New York City Bar Association<\/strong>. Se presentar\u00e1n paneles como el Foro de Jueces y Estado de Derecho Medioambiental, el Foro de la WJA sobre Transici\u00f3n Energ\u00e9tica y Clima, el Foro de Justicia Internacional, el Foro de Derechos Humanos, Estado de Derecho: Perspectiva Mundial, el Foro Mundial de Abogados, Entorno Digital: Libertad de expresi\u00f3n y AI, La visi\u00f3n de los j\u00f3venes sobre el Estado de Derecho y Propuestas para el futuro.<\/p>\n<p>Tras la finalizaci\u00f3n de los paneles, se abrir\u00e1\u00a0<strong>la exposici\u00f3n \u201cUna Mirada a la Vida de un Preso Pol\u00edtico: Tecnolog\u00eda de realidad virtual en la vanguardia de la defensa de los derechos humanos\u201d<\/strong>\u00a0por parte del artista Francisco Lara y se rematar\u00e1 el d\u00eda con una cena de gala.<\/p>\n<p>El acto de clausura ocurrir\u00e1 el d\u00eda 21 con la entrega de premios, dando por finalizada la 28\u00aa edici\u00f3n del congreso.<\/p>\n<p><em>Coordinador de Am\u00e9rica:<strong>\u00a0Jos\u00e9 Antonio Sierra.\u00a0<\/strong><\/em><\/p>\n","protected":false},"excerpt":{"rendered":"<p>NOTI-AMERICA.COM | TEXAS www.atalayar.com Preparada la 28\u00aa edici\u00f3n del Congreso Mundial de Derecho en Nueva York El Congreso reunir\u00e1 a profesionales juristas de todo el mundo y concluir\u00e1 con la entrega del Premio Mundial&#46;&#46;&#46;<\/p>\n","protected":false},"author":2,"featured_media":29186,"comment_status":"closed","ping_status":"open","sticky":false,"template":"","format":"image","meta":{"_acf_changed":false,"rop_custom_images_group":[],"rop_custom_messages_group":[],"rop_publish_now":"initial","rop_publish_now_accounts":{"facebook_10219548024599422_1632221337088128":"","twitter_242054905_242054905":""},"rop_publish_now_history":[],"rop_publish_now_status":"pending","footnotes":""},"categories":[674],"tags":[],"class_list":["post-29185","post","type-post","status-publish","format-image","has-post-thumbnail","hentry","category-nacionales","post_format-post-format-image"],"acf":[],"yoast_head":"<!-- This site is optimized with the Yoast SEO Premium plugin v24.9 (Yoast SEO v27.2) - https:\/\/yoast.com\/product\/yoast-seo-premium-wordpress\/ -->\n<title>Preparada la 28\u00aa edici\u00f3n del Congreso Mundial de Derecho en Nueva York - Noti-America.com<\/title>\n<meta name=\"robots\" content=\"index, follow, max-snippet:-1, max-image-preview:large, max-video-preview:-1\" \/>\n<link rel=\"canonical\" href=\"https:\/\/noti-america.com\/site\/principal\/2023\/07\/19\/preparada-la-28a-edicion-del-congreso-mundial-de-derecho-en-nueva-york\/\" \/>\n<meta property=\"og:locale\" content=\"es_ES\" \/>\n<meta property=\"og:type\" content=\"article\" \/>\n<meta property=\"og:title\" content=\"Preparada la 28\u00aa edici\u00f3n del Congreso Mundial de Derecho en Nueva York\" \/>\n<meta property=\"og:description\" content=\"NOTI-AMERICA.COM | TEXAS www.atalayar.com Preparada la 28\u00aa edici\u00f3n del Congreso Mundial de Derecho en Nueva York El Congreso reunir\u00e1 a profesionales juristas de todo el mundo y concluir\u00e1 con la entrega del Premio Mundial&#046;&#046;&#046;\" \/>\n<meta property=\"og:url\" content=\"https:\/\/noti-america.com\/site\/principal\/2023\/07\/19\/preparada-la-28a-edicion-del-congreso-mundial-de-derecho-en-nueva-york\/\" \/>\n<meta property=\"og:site_name\" content=\"Noti-America.com\" \/>\n<meta property=\"article:published_time\" content=\"2023-07-19T18:34:28+00:00\" \/>\n<meta property=\"og:image\" content=\"https:\/\/noti-america.com\/site\/principal\/wp-content\/uploads\/sites\/26\/2023\/07\/TEXAS-skyline-de-new-york.jpg\" \/>\n\t<meta property=\"og:image:width\" content=\"1200\" \/>\n\t<meta property=\"og:image:height\" content=\"675\" \/>\n\t<meta property=\"og:image:type\" content=\"image\/jpeg\" \/>\n<meta name=\"author\" content=\"rloaiza\" \/>\n<meta name=\"twitter:card\" content=\"summary_large_image\" \/>\n<meta name=\"twitter:label1\" content=\"Escrito por\" \/>\n\t<meta name=\"twitter:data1\" content=\"rloaiza\" \/>\n\t<meta name=\"twitter:label2\" content=\"Tiempo estimado de lectura\" \/>\n\t<meta name=\"twitter:data2\" content=\"5 minutos\" \/>\n<script type=\"application\/ld+json\" class=\"yoast-schema-graph\">{\"@context\":\"https:\/\/schema.org\",\"@graph\":[{\"@type\":\"Article\",\"@id\":\"https:\/\/noti-america.com\/site\/principal\/2023\/07\/19\/preparada-la-28a-edicion-del-congreso-mundial-de-derecho-en-nueva-york\/#article\",\"isPartOf\":{\"@id\":\"https:\/\/noti-america.com\/site\/principal\/2023\/07\/19\/preparada-la-28a-edicion-del-congreso-mundial-de-derecho-en-nueva-york\/\"},\"author\":{\"name\":\"rloaiza\",\"@id\":\"https:\/\/noti-america.com\/site\/principal\/#\/schema\/person\/a2e478ba496331ce89bcd0c731cd6533\"},\"headline\":\"Preparada la 28\u00aa edici\u00f3n del Congreso Mundial de Derecho en Nueva York\",\"datePublished\":\"2023-07-19T18:34:28+00:00\",\"mainEntityOfPage\":{\"@id\":\"https:\/\/noti-america.com\/site\/principal\/2023\/07\/19\/preparada-la-28a-edicion-del-congreso-mundial-de-derecho-en-nueva-york\/\"},\"wordCount\":924,\"image\":{\"@id\":\"https:\/\/noti-america.com\/site\/principal\/2023\/07\/19\/preparada-la-28a-edicion-del-congreso-mundial-de-derecho-en-nueva-york\/#primaryimage\"},\"thumbnailUrl\":\"https:\/\/noti-america.com\/site\/principal\/wp-content\/uploads\/sites\/26\/2023\/07\/TEXAS-skyline-de-new-york.jpg\",\"articleSection\":[\"Nacionales\"],\"inLanguage\":\"es\"},{\"@type\":\"WebPage\",\"@id\":\"https:\/\/noti-america.com\/site\/principal\/2023\/07\/19\/preparada-la-28a-edicion-del-congreso-mundial-de-derecho-en-nueva-york\/\",\"url\":\"https:\/\/noti-america.com\/site\/principal\/2023\/07\/19\/preparada-la-28a-edicion-del-congreso-mundial-de-derecho-en-nueva-york\/\",\"name\":\"Preparada la 28\u00aa edici\u00f3n del Congreso Mundial de Derecho en Nueva York - Noti-America.com\",\"isPartOf\":{\"@id\":\"https:\/\/noti-america.com\/site\/principal\/#website\"},\"primaryImageOfPage\":{\"@id\":\"https:\/\/noti-america.com\/site\/principal\/2023\/07\/19\/preparada-la-28a-edicion-del-congreso-mundial-de-derecho-en-nueva-york\/#primaryimage\"},\"image\":{\"@id\":\"https:\/\/noti-america.com\/site\/principal\/2023\/07\/19\/preparada-la-28a-edicion-del-congreso-mundial-de-derecho-en-nueva-york\/#primaryimage\"},\"thumbnailUrl\":\"https:\/\/noti-america.com\/site\/principal\/wp-content\/uploads\/sites\/26\/2023\/07\/TEXAS-skyline-de-new-york.jpg\",\"datePublished\":\"2023-07-19T18:34:28+00:00\",\"author\":{\"@id\":\"https:\/\/noti-america.com\/site\/principal\/#\/schema\/person\/a2e478ba496331ce89bcd0c731cd6533\"},\"breadcrumb\":{\"@id\":\"https:\/\/noti-america.com\/site\/principal\/2023\/07\/19\/preparada-la-28a-edicion-del-congreso-mundial-de-derecho-en-nueva-york\/#breadcrumb\"},\"inLanguage\":\"es\",\"potentialAction\":[{\"@type\":\"ReadAction\",\"target\":[\"https:\/\/noti-america.com\/site\/principal\/2023\/07\/19\/preparada-la-28a-edicion-del-congreso-mundial-de-derecho-en-nueva-york\/\"]}]},{\"@type\":\"ImageObject\",\"inLanguage\":\"es\",\"@id\":\"https:\/\/noti-america.com\/site\/principal\/2023\/07\/19\/preparada-la-28a-edicion-del-congreso-mundial-de-derecho-en-nueva-york\/#primaryimage\",\"url\":\"https:\/\/noti-america.com\/site\/principal\/wp-content\/uploads\/sites\/26\/2023\/07\/TEXAS-skyline-de-new-york.jpg\",\"contentUrl\":\"https:\/\/noti-america.com\/site\/principal\/wp-content\/uploads\/sites\/26\/2023\/07\/TEXAS-skyline-de-new-york.jpg\",\"width\":1200,\"height\":675},{\"@type\":\"BreadcrumbList\",\"@id\":\"https:\/\/noti-america.com\/site\/principal\/2023\/07\/19\/preparada-la-28a-edicion-del-congreso-mundial-de-derecho-en-nueva-york\/#breadcrumb\",\"itemListElement\":[{\"@type\":\"ListItem\",\"position\":1,\"name\":\"Portada\",\"item\":\"https:\/\/noti-america.com\/site\/principal\/\"},{\"@type\":\"ListItem\",\"position\":2,\"name\":\"Preparada la 28\u00aa edici\u00f3n del Congreso Mundial de Derecho en Nueva York\"}]},{\"@type\":\"WebSite\",\"@id\":\"https:\/\/noti-america.com\/site\/principal\/#website\",\"url\":\"https:\/\/noti-america.com\/site\/principal\/\",\"name\":\"Noti-America.com\",\"description\":\"El Noticiero Digital M\u00e1s Grande de Am\u00e9rica\",\"potentialAction\":[{\"@type\":\"SearchAction\",\"target\":{\"@type\":\"EntryPoint\",\"urlTemplate\":\"https:\/\/noti-america.com\/site\/principal\/?s={search_term_string}\"},\"query-input\":{\"@type\":\"PropertyValueSpecification\",\"valueRequired\":true,\"valueName\":\"search_term_string\"}}],\"inLanguage\":\"es\"},{\"@type\":\"Person\",\"@id\":\"https:\/\/noti-america.com\/site\/principal\/#\/schema\/person\/a2e478ba496331ce89bcd0c731cd6533\",\"name\":\"rloaiza\",\"image\":{\"@type\":\"ImageObject\",\"inLanguage\":\"es\",\"@id\":\"https:\/\/secure.gravatar.com\/avatar\/190058e5d4427934610b99c45aa7a6558806850adedd53ddeddd194b04773e22?s=96&d=mm&r=g\",\"url\":\"https:\/\/secure.gravatar.com\/avatar\/190058e5d4427934610b99c45aa7a6558806850adedd53ddeddd194b04773e22?s=96&d=mm&r=g\",\"contentUrl\":\"https:\/\/secure.gravatar.com\/avatar\/190058e5d4427934610b99c45aa7a6558806850adedd53ddeddd194b04773e22?s=96&d=mm&r=g\",\"caption\":\"rloaiza\"},\"url\":\"https:\/\/noti-america.com\/site\/principal\/author\/rloaiza\/\"}]}<\/script>\n<!-- \/ Yoast SEO Premium plugin. -->","yoast_head_json":{"title":"Preparada la 28\u00aa edici\u00f3n del Congreso Mundial de Derecho en Nueva York - Noti-America.com","robots":{"index":"index","follow":"follow","max-snippet":"max-snippet:-1","max-image-preview":"max-image-preview:large","max-video-preview":"max-video-preview:-1"},"canonical":"https:\/\/noti-america.com\/site\/principal\/2023\/07\/19\/preparada-la-28a-edicion-del-congreso-mundial-de-derecho-en-nueva-york\/","og_locale":"es_ES","og_type":"article","og_title":"Preparada la 28\u00aa edici\u00f3n del Congreso Mundial de Derecho en Nueva York","og_description":"NOTI-AMERICA.COM | TEXAS www.atalayar.com Preparada la 28\u00aa edici\u00f3n del Congreso Mundial de Derecho en Nueva York El Congreso reunir\u00e1 a profesionales juristas de todo el mundo y concluir\u00e1 con la entrega del Premio Mundial&#46;&#46;&#46;","og_url":"https:\/\/noti-america.com\/site\/principal\/2023\/07\/19\/preparada-la-28a-edicion-del-congreso-mundial-de-derecho-en-nueva-york\/","og_site_name":"Noti-America.com","article_published_time":"2023-07-19T18:34:28+00:00","og_image":[{"width":1200,"height":675,"url":"https:\/\/noti-america.com\/site\/principal\/wp-content\/uploads\/sites\/26\/2023\/07\/TEXAS-skyline-de-new-york.jpg","type":"image\/jpeg"}],"author":"rloaiza","twitter_card":"summary_large_image","twitter_misc":{"Escrito por":"rloaiza","Tiempo estimado de lectura":"5 minutos"},"schema":{"@context":"https:\/\/schema.org","@graph":[{"@type":"Article","@id":"https:\/\/noti-america.com\/site\/principal\/2023\/07\/19\/preparada-la-28a-edicion-del-congreso-mundial-de-derecho-en-nueva-york\/#article","isPartOf":{"@id":"https:\/\/noti-america.com\/site\/principal\/2023\/07\/19\/preparada-la-28a-edicion-del-congreso-mundial-de-derecho-en-nueva-york\/"},"author":{"name":"rloaiza","@id":"https:\/\/noti-america.com\/site\/principal\/#\/schema\/person\/a2e478ba496331ce89bcd0c731cd6533"},"headline":"Preparada la 28\u00aa edici\u00f3n del Congreso Mundial de Derecho en Nueva York","datePublished":"2023-07-19T18:34:28+00:00","mainEntityOfPage":{"@id":"https:\/\/noti-america.com\/site\/principal\/2023\/07\/19\/preparada-la-28a-edicion-del-congreso-mundial-de-derecho-en-nueva-york\/"},"wordCount":924,"image":{"@id":"https:\/\/noti-america.com\/site\/principal\/2023\/07\/19\/preparada-la-28a-edicion-del-congreso-mundial-de-derecho-en-nueva-york\/#primaryimage"},"thumbnailUrl":"https:\/\/noti-america.com\/site\/principal\/wp-content\/uploads\/sites\/26\/2023\/07\/TEXAS-skyline-de-new-york.jpg","articleSection":["Nacionales"],"inLanguage":"es"},{"@type":"WebPage","@id":"https:\/\/noti-america.com\/site\/principal\/2023\/07\/19\/preparada-la-28a-edicion-del-congreso-mundial-de-derecho-en-nueva-york\/","url":"https:\/\/noti-america.com\/site\/principal\/2023\/07\/19\/preparada-la-28a-edicion-del-congreso-mundial-de-derecho-en-nueva-york\/","name":"Preparada la 28\u00aa edici\u00f3n del Congreso Mundial de Derecho en Nueva York - Noti-America.com","isPartOf":{"@id":"https:\/\/noti-america.com\/site\/principal\/#website"},"primaryImageOfPage":{"@id":"https:\/\/noti-america.com\/site\/principal\/2023\/07\/19\/preparada-la-28a-edicion-del-congreso-mundial-de-derecho-en-nueva-york\/#primaryimage"},"image":{"@id":"https:\/\/noti-america.com\/site\/principal\/2023\/07\/19\/preparada-la-28a-edicion-del-congreso-mundial-de-derecho-en-nueva-york\/#primaryimage"},"thumbnailUrl":"https:\/\/noti-america.com\/site\/principal\/wp-content\/uploads\/sites\/26\/2023\/07\/TEXAS-skyline-de-new-york.jpg","datePublished":"2023-07-19T18:34:28+00:00","author":{"@id":"https:\/\/noti-america.com\/site\/principal\/#\/schema\/person\/a2e478ba496331ce89bcd0c731cd6533"},"breadcrumb":{"@id":"https:\/\/noti-america.com\/site\/principal\/2023\/07\/19\/preparada-la-28a-edicion-del-congreso-mundial-de-derecho-en-nueva-york\/#breadcrumb"},"inLanguage":"es","potentialAction":[{"@type":"ReadAction","target":["https:\/\/noti-america.com\/site\/principal\/2023\/07\/19\/preparada-la-28a-edicion-del-congreso-mundial-de-derecho-en-nueva-york\/"]}]},{"@type":"ImageObject","inLanguage":"es","@id":"https:\/\/noti-america.com\/site\/principal\/2023\/07\/19\/preparada-la-28a-edicion-del-congreso-mundial-de-derecho-en-nueva-york\/#primaryimage","url":"https:\/\/noti-america.com\/site\/principal\/wp-content\/uploads\/sites\/26\/2023\/07\/TEXAS-skyline-de-new-york.jpg","contentUrl":"https:\/\/noti-america.com\/site\/principal\/wp-content\/uploads\/sites\/26\/2023\/07\/TEXAS-skyline-de-new-york.jpg","width":1200,"height":675},{"@type":"BreadcrumbList","@id":"https:\/\/noti-america.com\/site\/principal\/2023\/07\/19\/preparada-la-28a-edicion-del-congreso-mundial-de-derecho-en-nueva-york\/#breadcrumb","itemListElement":[{"@type":"ListItem","position":1,"name":"Portada","item":"https:\/\/noti-america.com\/site\/principal\/"},{"@type":"ListItem","position":2,"name":"Preparada la 28\u00aa edici\u00f3n del Congreso Mundial de Derecho en Nueva York"}]},{"@type":"WebSite","@id":"https:\/\/noti-america.com\/site\/principal\/#website","url":"https:\/\/noti-america.com\/site\/principal\/","name":"Noti-America.com","description":"El Noticiero Digital M\u00e1s Grande de Am\u00e9rica","potentialAction":[{"@type":"SearchAction","target":{"@type":"EntryPoint","urlTemplate":"https:\/\/noti-america.com\/site\/principal\/?s={search_term_string}"},"query-input":{"@type":"PropertyValueSpecification","valueRequired":true,"valueName":"search_term_string"}}],"inLanguage":"es"},{"@type":"Person","@id":"https:\/\/noti-america.com\/site\/principal\/#\/schema\/person\/a2e478ba496331ce89bcd0c731cd6533","name":"rloaiza","image":{"@type":"ImageObject","inLanguage":"es","@id":"https:\/\/secure.gravatar.com\/avatar\/190058e5d4427934610b99c45aa7a6558806850adedd53ddeddd194b04773e22?s=96&d=mm&r=g","url":"https:\/\/secure.gravatar.com\/avatar\/190058e5d4427934610b99c45aa7a6558806850adedd53ddeddd194b04773e22?s=96&d=mm&r=g","contentUrl":"https:\/\/secure.gravatar.com\/avatar\/190058e5d4427934610b99c45aa7a6558806850adedd53ddeddd194b04773e22?s=96&d=mm&r=g","caption":"rloaiza"},"url":"https:\/\/noti-america.com\/site\/principal\/author\/rloaiza\/"}]}},"_links":{"self":[{"href":"https:\/\/noti-america.com\/site\/principal\/wp-json\/wp\/v2\/posts\/29185","targetHints":{"allow":["GET"]}}],"collection":[{"href":"https:\/\/noti-america.com\/site\/principal\/wp-json\/wp\/v2\/posts"}],"about":[{"href":"https:\/\/noti-america.com\/site\/principal\/wp-json\/wp\/v2\/types\/post"}],"author":[{"embeddable":true,"href":"https:\/\/noti-america.com\/site\/principal\/wp-json\/wp\/v2\/users\/2"}],"replies":[{"embeddable":true,"href":"https:\/\/noti-america.com\/site\/principal\/wp-json\/wp\/v2\/comments?post=29185"}],"version-history":[{"count":1,"href":"https:\/\/noti-america.com\/site\/principal\/wp-json\/wp\/v2\/posts\/29185\/revisions"}],"predecessor-version":[{"id":29187,"href":"https:\/\/noti-america.com\/site\/principal\/wp-json\/wp\/v2\/posts\/29185\/revisions\/29187"}],"wp:featuredmedia":[{"embeddable":true,"href":"https:\/\/noti-america.com\/site\/principal\/wp-json\/wp\/v2\/media\/29186"}],"wp:attachment":[{"href":"https:\/\/noti-america.com\/site\/principal\/wp-json\/wp\/v2\/media?parent=29185"}],"wp:term":[{"taxonomy":"category","embeddable":true,"href":"https:\/\/noti-america.com\/site\/principal\/wp-json\/wp\/v2\/categories?post=29185"},{"taxonomy":"post_tag","embeddable":true,"href":"https:\/\/noti-america.com\/site\/principal\/wp-json\/wp\/v2\/tags?post=29185"}],"curies":[{"name":"wp","href":"https:\/\/api.w.org\/{rel}","templated":true}]}}