{"id":28273,"date":"2023-06-25T21:34:38","date_gmt":"2023-06-26T01:34:38","guid":{"rendered":"https:\/\/noti-america.com\/site\/principal\/?p=28273"},"modified":"2023-06-25T21:48:36","modified_gmt":"2023-06-26T01:48:36","slug":"arlex-mendez-se-consagro-bicampeon-dorado-de-la-vuelta-de-la-juventud","status":"publish","type":"post","link":"https:\/\/noti-america.com\/site\/principal\/2023\/06\/25\/arlex-mendez-se-consagro-bicampeon-dorado-de-la-vuelta-de-la-juventud\/","title":{"rendered":"Arlex M\u00e9ndez se consagr\u00f3 bicampe\u00f3n dorado de la Vuelta de la Juventud"},"content":{"rendered":"<h5><strong>Por<\/strong> Yliana Duque y Oscar Geovanny Castro (T\u00e1chira)<\/h5>\n<p>El Joven tachirense Arlex M\u00e9ndez se consagr\u00f3 bicampe\u00f3n dorado de la quincuagesima Vuelta de la Juventud en representaci\u00f3n y\u00a0 defendiendo los colores de Loter\u00eda del T\u00e1chira 9VIT Osorio.<\/p>\n<blockquote><p>La 50 edici\u00f3n de la Vuelta de la Juventud se llev\u00f3 a cabo acreditada por la <strong>Asociaci\u00f3n Tachirense de Ciclismo (ATC)<\/strong>, el m\u00e1ximo ente de ciclismo en el estado, y organizador del evento.<\/p><\/blockquote>\n<p>Arlex M\u00e9ndez, conquist\u00f3 el t\u00edtulo de la 50 edici\u00f3n de la Vuelta de la Juventud, la cual se destac\u00f3 con el vibrante desenlace que involucr\u00f3 a Arley Cuadros, compa\u00f1ero de Arlex, y quien termin\u00f3 perdiendo la camiseta de l\u00edder a \u00faltima hora.<\/p>\n<p>El ganador de la etapa final fue el tambi\u00e9n lotero Diego M\u00e9ndez, quien se impuso por sus condiciones en el circuito final celebrado sobre los 96 kil\u00f3metros, en la ciudad de San Juan de Col\u00f3n.<\/p>\n<p><img loading=\"lazy\" decoding=\"async\" class=\"size-medium wp-image-28278 alignleft\" src=\"https:\/\/noti-america.com\/site\/principal\/wp-content\/uploads\/sites\/26\/2023\/06\/celecbar-ciclismo-300x199.jpg\" alt=\"\" width=\"300\" height=\"199\" srcset=\"https:\/\/noti-america.com\/site\/principal\/wp-content\/uploads\/sites\/26\/2023\/06\/celecbar-ciclismo-300x199.jpg 300w, https:\/\/noti-america.com\/site\/principal\/wp-content\/uploads\/sites\/26\/2023\/06\/celecbar-ciclismo-1024x681.jpg 1024w, https:\/\/noti-america.com\/site\/principal\/wp-content\/uploads\/sites\/26\/2023\/06\/celecbar-ciclismo-768x511.jpg 768w, https:\/\/noti-america.com\/site\/principal\/wp-content\/uploads\/sites\/26\/2023\/06\/celecbar-ciclismo.jpg 1080w\" sizes=\"auto, (max-width: 300px) 100vw, 300px\" \/> <img loading=\"lazy\" decoding=\"async\" class=\"size-medium wp-image-28279 alignright\" src=\"https:\/\/noti-america.com\/site\/principal\/wp-content\/uploads\/sites\/26\/2023\/06\/campeon-ciclismo-300x199.jpg\" alt=\"\" width=\"300\" height=\"199\" srcset=\"https:\/\/noti-america.com\/site\/principal\/wp-content\/uploads\/sites\/26\/2023\/06\/campeon-ciclismo-300x199.jpg 300w, https:\/\/noti-america.com\/site\/principal\/wp-content\/uploads\/sites\/26\/2023\/06\/campeon-ciclismo-1024x681.jpg 1024w, https:\/\/noti-america.com\/site\/principal\/wp-content\/uploads\/sites\/26\/2023\/06\/campeon-ciclismo-768x511.jpg 768w, https:\/\/noti-america.com\/site\/principal\/wp-content\/uploads\/sites\/26\/2023\/06\/campeon-ciclismo.jpg 1080w\" sizes=\"auto, (max-width: 300px) 100vw, 300px\" \/><\/p>\n<p>En lo referente a la lucha por la general, en el momento cumbre Arley Cuadros, quien estaba ganando el giro joven por 10 segundos, perdi\u00f3 la camiseta ante su compa\u00f1ero Arlex, segundo de la etapa, y descont\u00f3 el tiempo para hacerse con la camiseta y el bicampeonato.<br \/>\nSeg\u00fan el propio Arlex, la planificaci\u00f3n era que el ganara la etapa y Arley saliera campe\u00f3n, sin embargo, cuando desconoc\u00eda que Arley iba a perder tiempo estando detr\u00e1s. \u00abTodo estaba planeado, pero a mi compa\u00f1ero al final le fallaron las piernas y no pudo llegar con el grupo de punta\u00bb, expres\u00f3 el campe\u00f3n.<\/p>\n<p>Arley finalmente fue segundo de la general, mientras que Moises Garc\u00eda, tambi\u00e9n de Loter\u00eda del T\u00e1chira 9VIT Osorio, cerr\u00f3 la tripleta del podio. El cuarto lugar fue de N\u00e9lson Marino, integrante del equipo colombiano Avinal, y en quinto lugar lleg\u00f3 Omar Bustamante de la fundaci\u00f3n Venezuela Pa\u00eds de Futuro.<\/p>\n<p><img loading=\"lazy\" decoding=\"async\" class=\"size-medium wp-image-28280 alignleft\" src=\"https:\/\/noti-america.com\/site\/principal\/wp-content\/uploads\/sites\/26\/2023\/06\/medallistas-ciclismo-300x199.jpg\" alt=\"\" width=\"300\" height=\"199\" srcset=\"https:\/\/noti-america.com\/site\/principal\/wp-content\/uploads\/sites\/26\/2023\/06\/medallistas-ciclismo-300x199.jpg 300w, https:\/\/noti-america.com\/site\/principal\/wp-content\/uploads\/sites\/26\/2023\/06\/medallistas-ciclismo-1024x681.jpg 1024w, https:\/\/noti-america.com\/site\/principal\/wp-content\/uploads\/sites\/26\/2023\/06\/medallistas-ciclismo-768x511.jpg 768w, https:\/\/noti-america.com\/site\/principal\/wp-content\/uploads\/sites\/26\/2023\/06\/medallistas-ciclismo.jpg 1080w\" sizes=\"auto, (max-width: 300px) 100vw, 300px\" \/><\/p>\n<h4>Otros campeones<\/h4>\n<p>Se debe rese\u00f1ar en las otras clasificaciones a M\u00e9ndez, quien\u00a0 qued\u00f3 campe\u00f3n de la monta\u00f1a, los puntos y los tachirenses. De los sprint el mejor fue el colombiano de Avinal Juan Rojas, mientras que el m\u00e1s combativo fue Jad Colmenares de Polit\u00e1chira.<\/p>\n<p>La edici\u00f3n dorada de la Vuelta, cont\u00f3 con el apoyo de la Gobernaci\u00f3n del Estado T\u00e1chira, a trav\u00e9s del Instituto del Deporte Tachirense. Asimismo, los cuerpos de seguridad del estado comandados por la Guardia Nacional, y los medios de comunicaci\u00f3n de la regi\u00f3n, as\u00ed como tambi\u00e9n los jueces y comisarios de la carrera, en l\u00edneas generales esta actividad pudo contar con todos los equipos y la afici\u00f3n que dieron brillo a este 50 aniversario.<\/p>\n","protected":false},"excerpt":{"rendered":"<p>Por Yliana Duque y Oscar Geovanny Castro (T\u00e1chira) El Joven tachirense Arlex M\u00e9ndez se consagr\u00f3 bicampe\u00f3n dorado de la quincuagesima Vuelta de la Juventud en representaci\u00f3n y\u00a0 defendiendo los colores de Loter\u00eda del T\u00e1chira&#46;&#46;&#46;<\/p>\n","protected":false},"author":11,"featured_media":28277,"comment_status":"closed","ping_status":"open","sticky":false,"template":"","format":"image","meta":{"_acf_changed":false,"rop_custom_images_group":[],"rop_custom_messages_group":[],"rop_publish_now":"initial","rop_publish_now_accounts":{"facebook_10219548024599422_1632221337088128":"","twitter_242054905_242054905":""},"rop_publish_now_history":[],"rop_publish_now_status":"pending","footnotes":""},"categories":[202,16,135,100],"tags":[],"class_list":["post-28273","post","type-post","status-publish","format-image","has-post-thumbnail","hentry","category-suramerica","category-deportes","category-juventud","category-venezuela","post_format-post-format-image"],"acf":[],"yoast_head":"<!-- This site is optimized with the Yoast SEO Premium plugin v24.9 (Yoast SEO v27.2) - https:\/\/yoast.com\/product\/yoast-seo-premium-wordpress\/ -->\n<title>Arlex M\u00e9ndez se consagr\u00f3 bicampe\u00f3n dorado de la Vuelta de la Juventud - Noti-America.com<\/title>\n<meta name=\"robots\" content=\"index, follow, max-snippet:-1, max-image-preview:large, max-video-preview:-1\" \/>\n<link rel=\"canonical\" href=\"https:\/\/noti-america.com\/site\/principal\/2023\/06\/25\/arlex-mendez-se-consagro-bicampeon-dorado-de-la-vuelta-de-la-juventud\/\" \/>\n<meta property=\"og:locale\" content=\"es_ES\" \/>\n<meta property=\"og:type\" content=\"article\" \/>\n<meta property=\"og:title\" content=\"Arlex M\u00e9ndez se consagr\u00f3 bicampe\u00f3n dorado de la Vuelta de la Juventud\" \/>\n<meta property=\"og:description\" content=\"Por Yliana Duque y Oscar Geovanny Castro (T\u00e1chira) El Joven tachirense Arlex M\u00e9ndez se consagr\u00f3 bicampe\u00f3n dorado de la quincuagesima Vuelta de la Juventud en representaci\u00f3n y\u00a0 defendiendo los colores de Loter\u00eda del T\u00e1chira&#046;&#046;&#046;\" \/>\n<meta property=\"og:url\" content=\"https:\/\/noti-america.com\/site\/principal\/2023\/06\/25\/arlex-mendez-se-consagro-bicampeon-dorado-de-la-vuelta-de-la-juventud\/\" \/>\n<meta property=\"og:site_name\" content=\"Noti-America.com\" \/>\n<meta property=\"article:published_time\" content=\"2023-06-26T01:34:38+00:00\" \/>\n<meta property=\"article:modified_time\" content=\"2023-06-26T01:48:36+00:00\" \/>\n<meta property=\"og:image\" content=\"https:\/\/noti-america.com\/site\/principal\/wp-content\/uploads\/sites\/26\/2023\/06\/campeon.jpg\" \/>\n\t<meta property=\"og:image:width\" content=\"853\" \/>\n\t<meta property=\"og:image:height\" content=\"1280\" \/>\n\t<meta property=\"og:image:type\" content=\"image\/jpeg\" \/>\n<meta name=\"author\" content=\"Yliana Duque\" \/>\n<meta name=\"twitter:card\" content=\"summary_large_image\" \/>\n<meta name=\"twitter:creator\" content=\"@ylianaduque\" \/>\n<meta name=\"twitter:label1\" content=\"Escrito por\" \/>\n\t<meta name=\"twitter:data1\" content=\"Yliana Duque\" \/>\n\t<meta name=\"twitter:label2\" content=\"Tiempo estimado de lectura\" \/>\n\t<meta name=\"twitter:data2\" content=\"3 minutos\" \/>\n<script type=\"application\/ld+json\" class=\"yoast-schema-graph\">{\"@context\":\"https:\/\/schema.org\",\"@graph\":[{\"@type\":\"Article\",\"@id\":\"https:\/\/noti-america.com\/site\/principal\/2023\/06\/25\/arlex-mendez-se-consagro-bicampeon-dorado-de-la-vuelta-de-la-juventud\/#article\",\"isPartOf\":{\"@id\":\"https:\/\/noti-america.com\/site\/principal\/2023\/06\/25\/arlex-mendez-se-consagro-bicampeon-dorado-de-la-vuelta-de-la-juventud\/\"},\"author\":{\"name\":\"Yliana Duque\",\"@id\":\"https:\/\/noti-america.com\/site\/principal\/#\/schema\/person\/a166d9d45f249dbd09521fbc2e7342d8\"},\"headline\":\"Arlex M\u00e9ndez se consagr\u00f3 bicampe\u00f3n dorado de la Vuelta de la Juventud\",\"datePublished\":\"2023-06-26T01:34:38+00:00\",\"dateModified\":\"2023-06-26T01:48:36+00:00\",\"mainEntityOfPage\":{\"@id\":\"https:\/\/noti-america.com\/site\/principal\/2023\/06\/25\/arlex-mendez-se-consagro-bicampeon-dorado-de-la-vuelta-de-la-juventud\/\"},\"wordCount\":470,\"image\":{\"@id\":\"https:\/\/noti-america.com\/site\/principal\/2023\/06\/25\/arlex-mendez-se-consagro-bicampeon-dorado-de-la-vuelta-de-la-juventud\/#primaryimage\"},\"thumbnailUrl\":\"https:\/\/noti-america.com\/site\/principal\/wp-content\/uploads\/sites\/26\/2023\/06\/campeon.jpg\",\"articleSection\":[\"Am\u00e9rica del Sur\",\"Deportes\",\"Juventud\",\"Venezuela\"],\"inLanguage\":\"es\"},{\"@type\":\"WebPage\",\"@id\":\"https:\/\/noti-america.com\/site\/principal\/2023\/06\/25\/arlex-mendez-se-consagro-bicampeon-dorado-de-la-vuelta-de-la-juventud\/\",\"url\":\"https:\/\/noti-america.com\/site\/principal\/2023\/06\/25\/arlex-mendez-se-consagro-bicampeon-dorado-de-la-vuelta-de-la-juventud\/\",\"name\":\"Arlex M\u00e9ndez se consagr\u00f3 bicampe\u00f3n dorado de la Vuelta de la Juventud - Noti-America.com\",\"isPartOf\":{\"@id\":\"https:\/\/noti-america.com\/site\/principal\/#website\"},\"primaryImageOfPage\":{\"@id\":\"https:\/\/noti-america.com\/site\/principal\/2023\/06\/25\/arlex-mendez-se-consagro-bicampeon-dorado-de-la-vuelta-de-la-juventud\/#primaryimage\"},\"image\":{\"@id\":\"https:\/\/noti-america.com\/site\/principal\/2023\/06\/25\/arlex-mendez-se-consagro-bicampeon-dorado-de-la-vuelta-de-la-juventud\/#primaryimage\"},\"thumbnailUrl\":\"https:\/\/noti-america.com\/site\/principal\/wp-content\/uploads\/sites\/26\/2023\/06\/campeon.jpg\",\"datePublished\":\"2023-06-26T01:34:38+00:00\",\"dateModified\":\"2023-06-26T01:48:36+00:00\",\"author\":{\"@id\":\"https:\/\/noti-america.com\/site\/principal\/#\/schema\/person\/a166d9d45f249dbd09521fbc2e7342d8\"},\"breadcrumb\":{\"@id\":\"https:\/\/noti-america.com\/site\/principal\/2023\/06\/25\/arlex-mendez-se-consagro-bicampeon-dorado-de-la-vuelta-de-la-juventud\/#breadcrumb\"},\"inLanguage\":\"es\",\"potentialAction\":[{\"@type\":\"ReadAction\",\"target\":[\"https:\/\/noti-america.com\/site\/principal\/2023\/06\/25\/arlex-mendez-se-consagro-bicampeon-dorado-de-la-vuelta-de-la-juventud\/\"]}]},{\"@type\":\"ImageObject\",\"inLanguage\":\"es\",\"@id\":\"https:\/\/noti-america.com\/site\/principal\/2023\/06\/25\/arlex-mendez-se-consagro-bicampeon-dorado-de-la-vuelta-de-la-juventud\/#primaryimage\",\"url\":\"https:\/\/noti-america.com\/site\/principal\/wp-content\/uploads\/sites\/26\/2023\/06\/campeon.jpg\",\"contentUrl\":\"https:\/\/noti-america.com\/site\/principal\/wp-content\/uploads\/sites\/26\/2023\/06\/campeon.jpg\",\"width\":853,\"height\":1280},{\"@type\":\"BreadcrumbList\",\"@id\":\"https:\/\/noti-america.com\/site\/principal\/2023\/06\/25\/arlex-mendez-se-consagro-bicampeon-dorado-de-la-vuelta-de-la-juventud\/#breadcrumb\",\"itemListElement\":[{\"@type\":\"ListItem\",\"position\":1,\"name\":\"Portada\",\"item\":\"https:\/\/noti-america.com\/site\/principal\/\"},{\"@type\":\"ListItem\",\"position\":2,\"name\":\"Arlex M\u00e9ndez se consagr\u00f3 bicampe\u00f3n dorado de la Vuelta de la Juventud\"}]},{\"@type\":\"WebSite\",\"@id\":\"https:\/\/noti-america.com\/site\/principal\/#website\",\"url\":\"https:\/\/noti-america.com\/site\/principal\/\",\"name\":\"Noti-America.com\",\"description\":\"El Noticiero Digital M\u00e1s Grande de Am\u00e9rica\",\"potentialAction\":[{\"@type\":\"SearchAction\",\"target\":{\"@type\":\"EntryPoint\",\"urlTemplate\":\"https:\/\/noti-america.com\/site\/principal\/?s={search_term_string}\"},\"query-input\":{\"@type\":\"PropertyValueSpecification\",\"valueRequired\":true,\"valueName\":\"search_term_string\"}}],\"inLanguage\":\"es\"},{\"@type\":\"Person\",\"@id\":\"https:\/\/noti-america.com\/site\/principal\/#\/schema\/person\/a166d9d45f249dbd09521fbc2e7342d8\",\"name\":\"Yliana Duque\",\"image\":{\"@type\":\"ImageObject\",\"inLanguage\":\"es\",\"@id\":\"https:\/\/secure.gravatar.com\/avatar\/8caf2a4035762b3be44c3a0455581febe2d5273a41ac40dacc575b8aa348fe65?s=96&d=mm&r=g\",\"url\":\"https:\/\/secure.gravatar.com\/avatar\/8caf2a4035762b3be44c3a0455581febe2d5273a41ac40dacc575b8aa348fe65?s=96&d=mm&r=g\",\"contentUrl\":\"https:\/\/secure.gravatar.com\/avatar\/8caf2a4035762b3be44c3a0455581febe2d5273a41ac40dacc575b8aa348fe65?s=96&d=mm&r=g\",\"caption\":\"Yliana Duque\"},\"description\":\"Ejercer el periodismo requiere de pasi\u00f3n y conocimiento en investigaci\u00f3n de campo. Siempre en la b\u00fasqueda de la verdad para aportar claridad y poder discernir sobre el hecho noticioso. Egresada de la Universidad de los Andes. Maestria en Relaciones Internacionales (UCV). Diplomado de Educaci\u00f3n Superior (Universidad Experimental LIbertador (UPEL), y Educaci\u00f3n superior a distancia (UFT). Estudios de Locuci\u00f3n- Actuaci\u00f3n-Publicidad y Mercadeo, Redes. Subdirectora de relaciones p\u00fablicas de la Asamablea Legislativa del Estado Sucre(1995)-Periodista de TELESOL,Telecaribe (Sucre). Jefe de Prensa de la Gobernaci\u00f3n del Estado Amazonas(1997). Periodista Comandancia General del Ej\u00e9rcito, Fuerte Tiuna (1996). Lider de Proyectos en educaci\u00f3n Superior en la Universidad Ferm\u00edn Toro (UFT) (2000). Docente Universitario UFT (2002-2007)-Docente de Educaci\u00f3n Superior a Distancia -titulado. Periodista Diario El Informador. Periodista en Apoyo A\u00e9reo de la Guardia Nacional, Aeropuerto Jacinto Lara. www.Noti-america.com (Venezuela)\",\"sameAs\":[\"https:\/\/x.com\/ylianaduque\"],\"url\":\"https:\/\/noti-america.com\/site\/principal\/author\/yduque\/\"}]}<\/script>\n<!-- \/ Yoast SEO Premium plugin. -->","yoast_head_json":{"title":"Arlex M\u00e9ndez se consagr\u00f3 bicampe\u00f3n dorado de la Vuelta de la Juventud - Noti-America.com","robots":{"index":"index","follow":"follow","max-snippet":"max-snippet:-1","max-image-preview":"max-image-preview:large","max-video-preview":"max-video-preview:-1"},"canonical":"https:\/\/noti-america.com\/site\/principal\/2023\/06\/25\/arlex-mendez-se-consagro-bicampeon-dorado-de-la-vuelta-de-la-juventud\/","og_locale":"es_ES","og_type":"article","og_title":"Arlex M\u00e9ndez se consagr\u00f3 bicampe\u00f3n dorado de la Vuelta de la Juventud","og_description":"Por Yliana Duque y Oscar Geovanny Castro (T\u00e1chira) El Joven tachirense Arlex M\u00e9ndez se consagr\u00f3 bicampe\u00f3n dorado de la quincuagesima Vuelta de la Juventud en representaci\u00f3n y\u00a0 defendiendo los colores de Loter\u00eda del T\u00e1chira&#46;&#46;&#46;","og_url":"https:\/\/noti-america.com\/site\/principal\/2023\/06\/25\/arlex-mendez-se-consagro-bicampeon-dorado-de-la-vuelta-de-la-juventud\/","og_site_name":"Noti-America.com","article_published_time":"2023-06-26T01:34:38+00:00","article_modified_time":"2023-06-26T01:48:36+00:00","og_image":[{"width":853,"height":1280,"url":"https:\/\/noti-america.com\/site\/principal\/wp-content\/uploads\/sites\/26\/2023\/06\/campeon.jpg","type":"image\/jpeg"}],"author":"Yliana Duque","twitter_card":"summary_large_image","twitter_creator":"@ylianaduque","twitter_misc":{"Escrito por":"Yliana Duque","Tiempo estimado de lectura":"3 minutos"},"schema":{"@context":"https:\/\/schema.org","@graph":[{"@type":"Article","@id":"https:\/\/noti-america.com\/site\/principal\/2023\/06\/25\/arlex-mendez-se-consagro-bicampeon-dorado-de-la-vuelta-de-la-juventud\/#article","isPartOf":{"@id":"https:\/\/noti-america.com\/site\/principal\/2023\/06\/25\/arlex-mendez-se-consagro-bicampeon-dorado-de-la-vuelta-de-la-juventud\/"},"author":{"name":"Yliana Duque","@id":"https:\/\/noti-america.com\/site\/principal\/#\/schema\/person\/a166d9d45f249dbd09521fbc2e7342d8"},"headline":"Arlex M\u00e9ndez se consagr\u00f3 bicampe\u00f3n dorado de la Vuelta de la Juventud","datePublished":"2023-06-26T01:34:38+00:00","dateModified":"2023-06-26T01:48:36+00:00","mainEntityOfPage":{"@id":"https:\/\/noti-america.com\/site\/principal\/2023\/06\/25\/arlex-mendez-se-consagro-bicampeon-dorado-de-la-vuelta-de-la-juventud\/"},"wordCount":470,"image":{"@id":"https:\/\/noti-america.com\/site\/principal\/2023\/06\/25\/arlex-mendez-se-consagro-bicampeon-dorado-de-la-vuelta-de-la-juventud\/#primaryimage"},"thumbnailUrl":"https:\/\/noti-america.com\/site\/principal\/wp-content\/uploads\/sites\/26\/2023\/06\/campeon.jpg","articleSection":["Am\u00e9rica del Sur","Deportes","Juventud","Venezuela"],"inLanguage":"es"},{"@type":"WebPage","@id":"https:\/\/noti-america.com\/site\/principal\/2023\/06\/25\/arlex-mendez-se-consagro-bicampeon-dorado-de-la-vuelta-de-la-juventud\/","url":"https:\/\/noti-america.com\/site\/principal\/2023\/06\/25\/arlex-mendez-se-consagro-bicampeon-dorado-de-la-vuelta-de-la-juventud\/","name":"Arlex M\u00e9ndez se consagr\u00f3 bicampe\u00f3n dorado de la Vuelta de la Juventud - Noti-America.com","isPartOf":{"@id":"https:\/\/noti-america.com\/site\/principal\/#website"},"primaryImageOfPage":{"@id":"https:\/\/noti-america.com\/site\/principal\/2023\/06\/25\/arlex-mendez-se-consagro-bicampeon-dorado-de-la-vuelta-de-la-juventud\/#primaryimage"},"image":{"@id":"https:\/\/noti-america.com\/site\/principal\/2023\/06\/25\/arlex-mendez-se-consagro-bicampeon-dorado-de-la-vuelta-de-la-juventud\/#primaryimage"},"thumbnailUrl":"https:\/\/noti-america.com\/site\/principal\/wp-content\/uploads\/sites\/26\/2023\/06\/campeon.jpg","datePublished":"2023-06-26T01:34:38+00:00","dateModified":"2023-06-26T01:48:36+00:00","author":{"@id":"https:\/\/noti-america.com\/site\/principal\/#\/schema\/person\/a166d9d45f249dbd09521fbc2e7342d8"},"breadcrumb":{"@id":"https:\/\/noti-america.com\/site\/principal\/2023\/06\/25\/arlex-mendez-se-consagro-bicampeon-dorado-de-la-vuelta-de-la-juventud\/#breadcrumb"},"inLanguage":"es","potentialAction":[{"@type":"ReadAction","target":["https:\/\/noti-america.com\/site\/principal\/2023\/06\/25\/arlex-mendez-se-consagro-bicampeon-dorado-de-la-vuelta-de-la-juventud\/"]}]},{"@type":"ImageObject","inLanguage":"es","@id":"https:\/\/noti-america.com\/site\/principal\/2023\/06\/25\/arlex-mendez-se-consagro-bicampeon-dorado-de-la-vuelta-de-la-juventud\/#primaryimage","url":"https:\/\/noti-america.com\/site\/principal\/wp-content\/uploads\/sites\/26\/2023\/06\/campeon.jpg","contentUrl":"https:\/\/noti-america.com\/site\/principal\/wp-content\/uploads\/sites\/26\/2023\/06\/campeon.jpg","width":853,"height":1280},{"@type":"BreadcrumbList","@id":"https:\/\/noti-america.com\/site\/principal\/2023\/06\/25\/arlex-mendez-se-consagro-bicampeon-dorado-de-la-vuelta-de-la-juventud\/#breadcrumb","itemListElement":[{"@type":"ListItem","position":1,"name":"Portada","item":"https:\/\/noti-america.com\/site\/principal\/"},{"@type":"ListItem","position":2,"name":"Arlex M\u00e9ndez se consagr\u00f3 bicampe\u00f3n dorado de la Vuelta de la Juventud"}]},{"@type":"WebSite","@id":"https:\/\/noti-america.com\/site\/principal\/#website","url":"https:\/\/noti-america.com\/site\/principal\/","name":"Noti-America.com","description":"El Noticiero Digital M\u00e1s Grande de Am\u00e9rica","potentialAction":[{"@type":"SearchAction","target":{"@type":"EntryPoint","urlTemplate":"https:\/\/noti-america.com\/site\/principal\/?s={search_term_string}"},"query-input":{"@type":"PropertyValueSpecification","valueRequired":true,"valueName":"search_term_string"}}],"inLanguage":"es"},{"@type":"Person","@id":"https:\/\/noti-america.com\/site\/principal\/#\/schema\/person\/a166d9d45f249dbd09521fbc2e7342d8","name":"Yliana Duque","image":{"@type":"ImageObject","inLanguage":"es","@id":"https:\/\/secure.gravatar.com\/avatar\/8caf2a4035762b3be44c3a0455581febe2d5273a41ac40dacc575b8aa348fe65?s=96&d=mm&r=g","url":"https:\/\/secure.gravatar.com\/avatar\/8caf2a4035762b3be44c3a0455581febe2d5273a41ac40dacc575b8aa348fe65?s=96&d=mm&r=g","contentUrl":"https:\/\/secure.gravatar.com\/avatar\/8caf2a4035762b3be44c3a0455581febe2d5273a41ac40dacc575b8aa348fe65?s=96&d=mm&r=g","caption":"Yliana Duque"},"description":"Ejercer el periodismo requiere de pasi\u00f3n y conocimiento en investigaci\u00f3n de campo. Siempre en la b\u00fasqueda de la verdad para aportar claridad y poder discernir sobre el hecho noticioso. Egresada de la Universidad de los Andes. Maestria en Relaciones Internacionales (UCV). Diplomado de Educaci\u00f3n Superior (Universidad Experimental LIbertador (UPEL), y Educaci\u00f3n superior a distancia (UFT). Estudios de Locuci\u00f3n- Actuaci\u00f3n-Publicidad y Mercadeo, Redes. Subdirectora de relaciones p\u00fablicas de la Asamablea Legislativa del Estado Sucre(1995)-Periodista de TELESOL,Telecaribe (Sucre). Jefe de Prensa de la Gobernaci\u00f3n del Estado Amazonas(1997). Periodista Comandancia General del Ej\u00e9rcito, Fuerte Tiuna (1996). Lider de Proyectos en educaci\u00f3n Superior en la Universidad Ferm\u00edn Toro (UFT) (2000). Docente Universitario UFT (2002-2007)-Docente de Educaci\u00f3n Superior a Distancia -titulado. Periodista Diario El Informador. Periodista en Apoyo A\u00e9reo de la Guardia Nacional, Aeropuerto Jacinto Lara. www.Noti-america.com (Venezuela)","sameAs":["https:\/\/x.com\/ylianaduque"],"url":"https:\/\/noti-america.com\/site\/principal\/author\/yduque\/"}]}},"_links":{"self":[{"href":"https:\/\/noti-america.com\/site\/principal\/wp-json\/wp\/v2\/posts\/28273","targetHints":{"allow":["GET"]}}],"collection":[{"href":"https:\/\/noti-america.com\/site\/principal\/wp-json\/wp\/v2\/posts"}],"about":[{"href":"https:\/\/noti-america.com\/site\/principal\/wp-json\/wp\/v2\/types\/post"}],"author":[{"embeddable":true,"href":"https:\/\/noti-america.com\/site\/principal\/wp-json\/wp\/v2\/users\/11"}],"replies":[{"embeddable":true,"href":"https:\/\/noti-america.com\/site\/principal\/wp-json\/wp\/v2\/comments?post=28273"}],"version-history":[{"count":1,"href":"https:\/\/noti-america.com\/site\/principal\/wp-json\/wp\/v2\/posts\/28273\/revisions"}],"predecessor-version":[{"id":28281,"href":"https:\/\/noti-america.com\/site\/principal\/wp-json\/wp\/v2\/posts\/28273\/revisions\/28281"}],"wp:featuredmedia":[{"embeddable":true,"href":"https:\/\/noti-america.com\/site\/principal\/wp-json\/wp\/v2\/media\/28277"}],"wp:attachment":[{"href":"https:\/\/noti-america.com\/site\/principal\/wp-json\/wp\/v2\/media?parent=28273"}],"wp:term":[{"taxonomy":"category","embeddable":true,"href":"https:\/\/noti-america.com\/site\/principal\/wp-json\/wp\/v2\/categories?post=28273"},{"taxonomy":"post_tag","embeddable":true,"href":"https:\/\/noti-america.com\/site\/principal\/wp-json\/wp\/v2\/tags?post=28273"}],"curies":[{"name":"wp","href":"https:\/\/api.w.org\/{rel}","templated":true}]}}