{"id":28255,"date":"2023-06-25T03:51:17","date_gmt":"2023-06-25T07:51:17","guid":{"rendered":"https:\/\/noti-america.com\/site\/principal\/?p=28255"},"modified":"2023-06-25T03:51:17","modified_gmt":"2023-06-25T07:51:17","slug":"alcalde-carlos-guzman-elogia-y-resalta-trabajo-de-pastores-evangelicos-de-sdn","status":"publish","type":"post","link":"https:\/\/noti-america.com\/site\/principal\/2023\/06\/25\/alcalde-carlos-guzman-elogia-y-resalta-trabajo-de-pastores-evangelicos-de-sdn\/","title":{"rendered":"Alcalde Carlos Guzm\u00e1n elogia y resalta trabajo de pastores evang\u00e9licos de SDN"},"content":{"rendered":"<p style=\"text-align: justify\"><span data-contrast=\"auto\">SANTO DOMINGO &#8211; El alcalde Carlos Guzm\u00e1n reconoci\u00f3 el trabajo que realizan los pastores y obispos evang\u00e9licos de Santo Domingo Norte (SDN) a favor de la demarcaci\u00f3n, calific\u00e1ndolos de pilares en el crecimiento de la fe de los mun\u00edcipes.<\/span><\/p>\n<p style=\"text-align: justify\"><span data-contrast=\"auto\">Durante un almuerzo en la sede de la Alcald\u00eda de Santo Domingo Norte (ASDN), Guzm\u00e1n felicit\u00f3 a los ministros del Se\u00f1or oriundos del municipio, lugar que consider\u00f3 id\u00f3neo para vivir.<\/span><\/p>\n<p style=\"text-align: justify\"><span data-contrast=\"auto\">De manera particular, felicit\u00f3 a Ezequiel Molina por la haza\u00f1a de llevar cada 1ro de enero la \u201cBatalla de la fe\u201d, evento que tiene m\u00e1s de 60 a\u00f1os realiz\u00e1ndose de manera seguida.<\/span><\/p>\n<p style=\"text-align: justify\"><span data-contrast=\"auto\">El edil pidi\u00f3 a Dios le siga dando fortaleza para que siga intercediendo por el pa\u00eds a trav\u00e9s de sus oraciones, en especial por \u00e9l mismo y el cuerpo de regidores.<\/span><\/p>\n<p style=\"text-align: justify\"><span data-contrast=\"auto\">De igual manera, Guzm\u00e1n elogi\u00f3 el trabajo de Juan Tiburcio, obispo de la Iglesia de Dios, y de su esposa G\u00e9nesis Tiburcio, resaltando que los \u00faltimos tres obispos de esa congregaci\u00f3n son nativos de SDN.<\/span><\/p>\n<p style=\"text-align: justify\"><span data-contrast=\"auto\">Previo al almuerzo, el Consejo de Regidores entreg\u00f3 placas de reconocimientos y calificaron a Molina y Tiburcio como \u201chijos adoptivos\u201d del municipio.<\/span><\/p>\n<p style=\"text-align: justify\"><span data-contrast=\"auto\">De su lado, el pastor Ezequiel Molina calific\u00f3 de arm\u00f3nica la relaci\u00f3n entre las iglesias cristianas y la ASDN, y tambi\u00e9n agradeci\u00f3 al alcalde Guzm\u00e1n y a los regidores por el reconocimiento.<\/span><\/p>\n<p style=\"text-align: justify\"><span data-contrast=\"auto\">Mientras que Juan Tiburcio dijo que es un honor para \u00e9l, su familia y sus acompa\u00f1antes, el hecho que lo calificar\u00e1n como hijo adoptivo.<\/span><\/p>\n<p style=\"text-align: justify\"><span data-contrast=\"auto\">En la mesa de honor estuvieron junto al alcalde y los pastores evang\u00e9licos mencionados, el presidente del Consejo de Regidores, Desiderio Mu\u00f1oz, y la directora de Desarrollo Social, Rosanna Bid\u00f3.<\/span><\/p>\n<p style=\"text-align: justify\"><span data-contrast=\"auto\">La gesti\u00f3n de Guzm\u00e1n se ha caracterizado por mantener un acercamiento con las iglesias a fin de socializar y llevar de forma conjunta el bienestar de los mun\u00edcipes.<\/span><\/p>\n<p style=\"text-align: justify\"><strong>Fuente: Direcci\u00f3n de Comunicaciones ASDN<\/strong><\/p>\n","protected":false},"excerpt":{"rendered":"<p>SANTO DOMINGO &#8211; El alcalde Carlos Guzm\u00e1n reconoci\u00f3 el trabajo que realizan los pastores y obispos evang\u00e9licos de Santo Domingo Norte (SDN) a favor de la demarcaci\u00f3n, calific\u00e1ndolos de pilares en el crecimiento de&#46;&#46;&#46;<\/p>\n","protected":false},"author":89,"featured_media":28256,"comment_status":"","ping_status":"open","sticky":false,"template":"","format":"standard","meta":{"_acf_changed":false,"rop_custom_images_group":[],"rop_custom_messages_group":[],"rop_publish_now":"initial","rop_publish_now_accounts":{"facebook_10219548024599422_1632221337088128":"","twitter_242054905_242054905":""},"rop_publish_now_history":[],"rop_publish_now_status":"pending","footnotes":""},"categories":[674],"tags":[701,702],"class_list":["post-28255","post","type-post","status-publish","format-standard","has-post-thumbnail","hentry","category-nacionales","tag-alcaldia-de-santo-domingo-norte","tag-carlos-guzman"],"acf":[],"yoast_head":"<!-- This site is optimized with the Yoast SEO Premium plugin v24.9 (Yoast SEO v27.2) - https:\/\/yoast.com\/product\/yoast-seo-premium-wordpress\/ -->\n<title>Alcalde Carlos Guzm\u00e1n elogia y resalta trabajo de pastores evang\u00e9licos de SDN - Noti-America.com<\/title>\n<meta name=\"robots\" content=\"index, follow, max-snippet:-1, max-image-preview:large, max-video-preview:-1\" \/>\n<link rel=\"canonical\" href=\"https:\/\/noti-america.com\/site\/principal\/2023\/06\/25\/alcalde-carlos-guzman-elogia-y-resalta-trabajo-de-pastores-evangelicos-de-sdn\/\" \/>\n<meta property=\"og:locale\" content=\"es_ES\" \/>\n<meta property=\"og:type\" content=\"article\" \/>\n<meta property=\"og:title\" content=\"Alcalde Carlos Guzm\u00e1n elogia y resalta trabajo de pastores evang\u00e9licos de SDN\" \/>\n<meta property=\"og:description\" content=\"SANTO DOMINGO &#8211; El alcalde Carlos Guzm\u00e1n reconoci\u00f3 el trabajo que realizan los pastores y obispos evang\u00e9licos de Santo Domingo Norte (SDN) a favor de la demarcaci\u00f3n, calific\u00e1ndolos de pilares en el crecimiento de&#046;&#046;&#046;\" \/>\n<meta property=\"og:url\" content=\"https:\/\/noti-america.com\/site\/principal\/2023\/06\/25\/alcalde-carlos-guzman-elogia-y-resalta-trabajo-de-pastores-evangelicos-de-sdn\/\" \/>\n<meta property=\"og:site_name\" content=\"Noti-America.com\" \/>\n<meta property=\"article:published_time\" content=\"2023-06-25T07:51:17+00:00\" \/>\n<meta property=\"og:image\" content=\"https:\/\/noti-america.com\/site\/principal\/wp-content\/uploads\/sites\/26\/2023\/06\/Alcalde-Carlos-Guzman.jpg\" \/>\n\t<meta property=\"og:image:width\" content=\"1024\" \/>\n\t<meta property=\"og:image:height\" content=\"678\" \/>\n\t<meta property=\"og:image:type\" content=\"image\/jpeg\" \/>\n<meta name=\"author\" content=\"Ad\u00e1n Soriano\" \/>\n<meta name=\"twitter:card\" content=\"summary_large_image\" \/>\n<meta name=\"twitter:creator\" content=\"@adansoriano\" \/>\n<meta name=\"twitter:label1\" content=\"Escrito por\" \/>\n\t<meta name=\"twitter:data1\" content=\"Ad\u00e1n Soriano\" \/>\n\t<meta name=\"twitter:label2\" content=\"Tiempo estimado de lectura\" \/>\n\t<meta name=\"twitter:data2\" content=\"2 minutos\" \/>\n<script type=\"application\/ld+json\" class=\"yoast-schema-graph\">{\"@context\":\"https:\/\/schema.org\",\"@graph\":[{\"@type\":\"Article\",\"@id\":\"https:\/\/noti-america.com\/site\/principal\/2023\/06\/25\/alcalde-carlos-guzman-elogia-y-resalta-trabajo-de-pastores-evangelicos-de-sdn\/#article\",\"isPartOf\":{\"@id\":\"https:\/\/noti-america.com\/site\/principal\/2023\/06\/25\/alcalde-carlos-guzman-elogia-y-resalta-trabajo-de-pastores-evangelicos-de-sdn\/\"},\"author\":{\"name\":\"Ad\u00e1n Soriano\",\"@id\":\"https:\/\/noti-america.com\/site\/principal\/#\/schema\/person\/fd0092c1530d275fabaa5cffcbc2b976\"},\"headline\":\"Alcalde Carlos Guzm\u00e1n elogia y resalta trabajo de pastores evang\u00e9licos de SDN\",\"datePublished\":\"2023-06-25T07:51:17+00:00\",\"mainEntityOfPage\":{\"@id\":\"https:\/\/noti-america.com\/site\/principal\/2023\/06\/25\/alcalde-carlos-guzman-elogia-y-resalta-trabajo-de-pastores-evangelicos-de-sdn\/\"},\"wordCount\":351,\"image\":{\"@id\":\"https:\/\/noti-america.com\/site\/principal\/2023\/06\/25\/alcalde-carlos-guzman-elogia-y-resalta-trabajo-de-pastores-evangelicos-de-sdn\/#primaryimage\"},\"thumbnailUrl\":\"https:\/\/noti-america.com\/site\/principal\/wp-content\/uploads\/sites\/26\/2023\/06\/Alcalde-Carlos-Guzman.jpg\",\"keywords\":[\"Alcald\u00eda de Santo Domingo Norte\",\"Carlos Guzm\u00e1n\"],\"articleSection\":[\"Nacionales\"],\"inLanguage\":\"es\"},{\"@type\":\"WebPage\",\"@id\":\"https:\/\/noti-america.com\/site\/principal\/2023\/06\/25\/alcalde-carlos-guzman-elogia-y-resalta-trabajo-de-pastores-evangelicos-de-sdn\/\",\"url\":\"https:\/\/noti-america.com\/site\/principal\/2023\/06\/25\/alcalde-carlos-guzman-elogia-y-resalta-trabajo-de-pastores-evangelicos-de-sdn\/\",\"name\":\"Alcalde Carlos Guzm\u00e1n elogia y resalta trabajo de pastores evang\u00e9licos de SDN - Noti-America.com\",\"isPartOf\":{\"@id\":\"https:\/\/noti-america.com\/site\/principal\/#website\"},\"primaryImageOfPage\":{\"@id\":\"https:\/\/noti-america.com\/site\/principal\/2023\/06\/25\/alcalde-carlos-guzman-elogia-y-resalta-trabajo-de-pastores-evangelicos-de-sdn\/#primaryimage\"},\"image\":{\"@id\":\"https:\/\/noti-america.com\/site\/principal\/2023\/06\/25\/alcalde-carlos-guzman-elogia-y-resalta-trabajo-de-pastores-evangelicos-de-sdn\/#primaryimage\"},\"thumbnailUrl\":\"https:\/\/noti-america.com\/site\/principal\/wp-content\/uploads\/sites\/26\/2023\/06\/Alcalde-Carlos-Guzman.jpg\",\"datePublished\":\"2023-06-25T07:51:17+00:00\",\"author\":{\"@id\":\"https:\/\/noti-america.com\/site\/principal\/#\/schema\/person\/fd0092c1530d275fabaa5cffcbc2b976\"},\"breadcrumb\":{\"@id\":\"https:\/\/noti-america.com\/site\/principal\/2023\/06\/25\/alcalde-carlos-guzman-elogia-y-resalta-trabajo-de-pastores-evangelicos-de-sdn\/#breadcrumb\"},\"inLanguage\":\"es\",\"potentialAction\":[{\"@type\":\"ReadAction\",\"target\":[\"https:\/\/noti-america.com\/site\/principal\/2023\/06\/25\/alcalde-carlos-guzman-elogia-y-resalta-trabajo-de-pastores-evangelicos-de-sdn\/\"]}]},{\"@type\":\"ImageObject\",\"inLanguage\":\"es\",\"@id\":\"https:\/\/noti-america.com\/site\/principal\/2023\/06\/25\/alcalde-carlos-guzman-elogia-y-resalta-trabajo-de-pastores-evangelicos-de-sdn\/#primaryimage\",\"url\":\"https:\/\/noti-america.com\/site\/principal\/wp-content\/uploads\/sites\/26\/2023\/06\/Alcalde-Carlos-Guzman.jpg\",\"contentUrl\":\"https:\/\/noti-america.com\/site\/principal\/wp-content\/uploads\/sites\/26\/2023\/06\/Alcalde-Carlos-Guzman.jpg\",\"width\":1024,\"height\":678},{\"@type\":\"BreadcrumbList\",\"@id\":\"https:\/\/noti-america.com\/site\/principal\/2023\/06\/25\/alcalde-carlos-guzman-elogia-y-resalta-trabajo-de-pastores-evangelicos-de-sdn\/#breadcrumb\",\"itemListElement\":[{\"@type\":\"ListItem\",\"position\":1,\"name\":\"Portada\",\"item\":\"https:\/\/noti-america.com\/site\/principal\/\"},{\"@type\":\"ListItem\",\"position\":2,\"name\":\"Alcalde Carlos Guzm\u00e1n elogia y resalta trabajo de pastores evang\u00e9licos de SDN\"}]},{\"@type\":\"WebSite\",\"@id\":\"https:\/\/noti-america.com\/site\/principal\/#website\",\"url\":\"https:\/\/noti-america.com\/site\/principal\/\",\"name\":\"Noti-America.com\",\"description\":\"El Noticiero Digital M\u00e1s Grande de Am\u00e9rica\",\"potentialAction\":[{\"@type\":\"SearchAction\",\"target\":{\"@type\":\"EntryPoint\",\"urlTemplate\":\"https:\/\/noti-america.com\/site\/principal\/?s={search_term_string}\"},\"query-input\":{\"@type\":\"PropertyValueSpecification\",\"valueRequired\":true,\"valueName\":\"search_term_string\"}}],\"inLanguage\":\"es\"},{\"@type\":\"Person\",\"@id\":\"https:\/\/noti-america.com\/site\/principal\/#\/schema\/person\/fd0092c1530d275fabaa5cffcbc2b976\",\"name\":\"Ad\u00e1n Soriano\",\"image\":{\"@type\":\"ImageObject\",\"inLanguage\":\"es\",\"@id\":\"https:\/\/secure.gravatar.com\/avatar\/ecf97ff3aee7ff9efdae670d7e976f3e7e8acc1077e510d73707999a8bfd4467?s=96&d=mm&r=g\",\"url\":\"https:\/\/secure.gravatar.com\/avatar\/ecf97ff3aee7ff9efdae670d7e976f3e7e8acc1077e510d73707999a8bfd4467?s=96&d=mm&r=g\",\"contentUrl\":\"https:\/\/secure.gravatar.com\/avatar\/ecf97ff3aee7ff9efdae670d7e976f3e7e8acc1077e510d73707999a8bfd4467?s=96&d=mm&r=g\",\"caption\":\"Ad\u00e1n Soriano\"},\"description\":\"Soy cronista deportivo con 10 a\u00f1os de experiencia en varios espacios, y conduzco el podcast deportivo llamado Mezcla Deportiva\",\"sameAs\":[\"https:\/\/x.com\/adansoriano\"],\"url\":\"https:\/\/noti-america.com\/site\/principal\/author\/asoriano\/\"}]}<\/script>\n<!-- \/ Yoast SEO Premium plugin. -->","yoast_head_json":{"title":"Alcalde Carlos Guzm\u00e1n elogia y resalta trabajo de pastores evang\u00e9licos de SDN - Noti-America.com","robots":{"index":"index","follow":"follow","max-snippet":"max-snippet:-1","max-image-preview":"max-image-preview:large","max-video-preview":"max-video-preview:-1"},"canonical":"https:\/\/noti-america.com\/site\/principal\/2023\/06\/25\/alcalde-carlos-guzman-elogia-y-resalta-trabajo-de-pastores-evangelicos-de-sdn\/","og_locale":"es_ES","og_type":"article","og_title":"Alcalde Carlos Guzm\u00e1n elogia y resalta trabajo de pastores evang\u00e9licos de SDN","og_description":"SANTO DOMINGO &#8211; El alcalde Carlos Guzm\u00e1n reconoci\u00f3 el trabajo que realizan los pastores y obispos evang\u00e9licos de Santo Domingo Norte (SDN) a favor de la demarcaci\u00f3n, calific\u00e1ndolos de pilares en el crecimiento de&#46;&#46;&#46;","og_url":"https:\/\/noti-america.com\/site\/principal\/2023\/06\/25\/alcalde-carlos-guzman-elogia-y-resalta-trabajo-de-pastores-evangelicos-de-sdn\/","og_site_name":"Noti-America.com","article_published_time":"2023-06-25T07:51:17+00:00","og_image":[{"width":1024,"height":678,"url":"https:\/\/noti-america.com\/site\/principal\/wp-content\/uploads\/sites\/26\/2023\/06\/Alcalde-Carlos-Guzman.jpg","type":"image\/jpeg"}],"author":"Ad\u00e1n Soriano","twitter_card":"summary_large_image","twitter_creator":"@adansoriano","twitter_misc":{"Escrito por":"Ad\u00e1n Soriano","Tiempo estimado de lectura":"2 minutos"},"schema":{"@context":"https:\/\/schema.org","@graph":[{"@type":"Article","@id":"https:\/\/noti-america.com\/site\/principal\/2023\/06\/25\/alcalde-carlos-guzman-elogia-y-resalta-trabajo-de-pastores-evangelicos-de-sdn\/#article","isPartOf":{"@id":"https:\/\/noti-america.com\/site\/principal\/2023\/06\/25\/alcalde-carlos-guzman-elogia-y-resalta-trabajo-de-pastores-evangelicos-de-sdn\/"},"author":{"name":"Ad\u00e1n Soriano","@id":"https:\/\/noti-america.com\/site\/principal\/#\/schema\/person\/fd0092c1530d275fabaa5cffcbc2b976"},"headline":"Alcalde Carlos Guzm\u00e1n elogia y resalta trabajo de pastores evang\u00e9licos de SDN","datePublished":"2023-06-25T07:51:17+00:00","mainEntityOfPage":{"@id":"https:\/\/noti-america.com\/site\/principal\/2023\/06\/25\/alcalde-carlos-guzman-elogia-y-resalta-trabajo-de-pastores-evangelicos-de-sdn\/"},"wordCount":351,"image":{"@id":"https:\/\/noti-america.com\/site\/principal\/2023\/06\/25\/alcalde-carlos-guzman-elogia-y-resalta-trabajo-de-pastores-evangelicos-de-sdn\/#primaryimage"},"thumbnailUrl":"https:\/\/noti-america.com\/site\/principal\/wp-content\/uploads\/sites\/26\/2023\/06\/Alcalde-Carlos-Guzman.jpg","keywords":["Alcald\u00eda de Santo Domingo Norte","Carlos Guzm\u00e1n"],"articleSection":["Nacionales"],"inLanguage":"es"},{"@type":"WebPage","@id":"https:\/\/noti-america.com\/site\/principal\/2023\/06\/25\/alcalde-carlos-guzman-elogia-y-resalta-trabajo-de-pastores-evangelicos-de-sdn\/","url":"https:\/\/noti-america.com\/site\/principal\/2023\/06\/25\/alcalde-carlos-guzman-elogia-y-resalta-trabajo-de-pastores-evangelicos-de-sdn\/","name":"Alcalde Carlos Guzm\u00e1n elogia y resalta trabajo de pastores evang\u00e9licos de SDN - Noti-America.com","isPartOf":{"@id":"https:\/\/noti-america.com\/site\/principal\/#website"},"primaryImageOfPage":{"@id":"https:\/\/noti-america.com\/site\/principal\/2023\/06\/25\/alcalde-carlos-guzman-elogia-y-resalta-trabajo-de-pastores-evangelicos-de-sdn\/#primaryimage"},"image":{"@id":"https:\/\/noti-america.com\/site\/principal\/2023\/06\/25\/alcalde-carlos-guzman-elogia-y-resalta-trabajo-de-pastores-evangelicos-de-sdn\/#primaryimage"},"thumbnailUrl":"https:\/\/noti-america.com\/site\/principal\/wp-content\/uploads\/sites\/26\/2023\/06\/Alcalde-Carlos-Guzman.jpg","datePublished":"2023-06-25T07:51:17+00:00","author":{"@id":"https:\/\/noti-america.com\/site\/principal\/#\/schema\/person\/fd0092c1530d275fabaa5cffcbc2b976"},"breadcrumb":{"@id":"https:\/\/noti-america.com\/site\/principal\/2023\/06\/25\/alcalde-carlos-guzman-elogia-y-resalta-trabajo-de-pastores-evangelicos-de-sdn\/#breadcrumb"},"inLanguage":"es","potentialAction":[{"@type":"ReadAction","target":["https:\/\/noti-america.com\/site\/principal\/2023\/06\/25\/alcalde-carlos-guzman-elogia-y-resalta-trabajo-de-pastores-evangelicos-de-sdn\/"]}]},{"@type":"ImageObject","inLanguage":"es","@id":"https:\/\/noti-america.com\/site\/principal\/2023\/06\/25\/alcalde-carlos-guzman-elogia-y-resalta-trabajo-de-pastores-evangelicos-de-sdn\/#primaryimage","url":"https:\/\/noti-america.com\/site\/principal\/wp-content\/uploads\/sites\/26\/2023\/06\/Alcalde-Carlos-Guzman.jpg","contentUrl":"https:\/\/noti-america.com\/site\/principal\/wp-content\/uploads\/sites\/26\/2023\/06\/Alcalde-Carlos-Guzman.jpg","width":1024,"height":678},{"@type":"BreadcrumbList","@id":"https:\/\/noti-america.com\/site\/principal\/2023\/06\/25\/alcalde-carlos-guzman-elogia-y-resalta-trabajo-de-pastores-evangelicos-de-sdn\/#breadcrumb","itemListElement":[{"@type":"ListItem","position":1,"name":"Portada","item":"https:\/\/noti-america.com\/site\/principal\/"},{"@type":"ListItem","position":2,"name":"Alcalde Carlos Guzm\u00e1n elogia y resalta trabajo de pastores evang\u00e9licos de SDN"}]},{"@type":"WebSite","@id":"https:\/\/noti-america.com\/site\/principal\/#website","url":"https:\/\/noti-america.com\/site\/principal\/","name":"Noti-America.com","description":"El Noticiero Digital M\u00e1s Grande de Am\u00e9rica","potentialAction":[{"@type":"SearchAction","target":{"@type":"EntryPoint","urlTemplate":"https:\/\/noti-america.com\/site\/principal\/?s={search_term_string}"},"query-input":{"@type":"PropertyValueSpecification","valueRequired":true,"valueName":"search_term_string"}}],"inLanguage":"es"},{"@type":"Person","@id":"https:\/\/noti-america.com\/site\/principal\/#\/schema\/person\/fd0092c1530d275fabaa5cffcbc2b976","name":"Ad\u00e1n Soriano","image":{"@type":"ImageObject","inLanguage":"es","@id":"https:\/\/secure.gravatar.com\/avatar\/ecf97ff3aee7ff9efdae670d7e976f3e7e8acc1077e510d73707999a8bfd4467?s=96&d=mm&r=g","url":"https:\/\/secure.gravatar.com\/avatar\/ecf97ff3aee7ff9efdae670d7e976f3e7e8acc1077e510d73707999a8bfd4467?s=96&d=mm&r=g","contentUrl":"https:\/\/secure.gravatar.com\/avatar\/ecf97ff3aee7ff9efdae670d7e976f3e7e8acc1077e510d73707999a8bfd4467?s=96&d=mm&r=g","caption":"Ad\u00e1n Soriano"},"description":"Soy cronista deportivo con 10 a\u00f1os de experiencia en varios espacios, y conduzco el podcast deportivo llamado Mezcla Deportiva","sameAs":["https:\/\/x.com\/adansoriano"],"url":"https:\/\/noti-america.com\/site\/principal\/author\/asoriano\/"}]}},"_links":{"self":[{"href":"https:\/\/noti-america.com\/site\/principal\/wp-json\/wp\/v2\/posts\/28255","targetHints":{"allow":["GET"]}}],"collection":[{"href":"https:\/\/noti-america.com\/site\/principal\/wp-json\/wp\/v2\/posts"}],"about":[{"href":"https:\/\/noti-america.com\/site\/principal\/wp-json\/wp\/v2\/types\/post"}],"author":[{"embeddable":true,"href":"https:\/\/noti-america.com\/site\/principal\/wp-json\/wp\/v2\/users\/89"}],"replies":[{"embeddable":true,"href":"https:\/\/noti-america.com\/site\/principal\/wp-json\/wp\/v2\/comments?post=28255"}],"version-history":[{"count":0,"href":"https:\/\/noti-america.com\/site\/principal\/wp-json\/wp\/v2\/posts\/28255\/revisions"}],"wp:featuredmedia":[{"embeddable":true,"href":"https:\/\/noti-america.com\/site\/principal\/wp-json\/wp\/v2\/media\/28256"}],"wp:attachment":[{"href":"https:\/\/noti-america.com\/site\/principal\/wp-json\/wp\/v2\/media?parent=28255"}],"wp:term":[{"taxonomy":"category","embeddable":true,"href":"https:\/\/noti-america.com\/site\/principal\/wp-json\/wp\/v2\/categories?post=28255"},{"taxonomy":"post_tag","embeddable":true,"href":"https:\/\/noti-america.com\/site\/principal\/wp-json\/wp\/v2\/tags?post=28255"}],"curies":[{"name":"wp","href":"https:\/\/api.w.org\/{rel}","templated":true}]}}