{"id":2803,"date":"2018-04-13T09:25:55","date_gmt":"2018-04-13T09:25:55","guid":{"rendered":"http:\/\/noti-america.com\/site\/alemania\/?p=2803"},"modified":"2018-04-13T09:25:55","modified_gmt":"2018-04-13T09:25:55","slug":"germany-expects-to-be-consulted-before-any-attack-on-syria-foreign-minister","status":"publish","type":"post","link":"https:\/\/noti-america.com\/site\/principal\/2018\/04\/13\/germany-expects-to-be-consulted-before-any-attack-on-syria-foreign-minister\/","title":{"rendered":"Germany expects to be consulted before any attack on Syria &#8211; foreign minister"},"content":{"rendered":"<div class=\"container_2tb_t\">\n<div class=\"upper-container_3g5eM\">\n<div class=\"foreground\">\n<div class=\"container_385r0 fluid-left_3DYLH\">\n<div class=\"column_1uZPg left_qEP9d\">\n<div class=\"content-container_3Ma9y\">\n<p class=\"headline_2zdFM\"><span style=\"font-size: 16px\">DUBLIN \u00a0&#8211; Germany expects to be consulted before any Western allies conduct an attack on Syrian President Bashar al-Assad\u2019s forces as the allies must be united on the matter, Foreign Minister Heiko Maas said on Thursday.<\/span><\/p>\n<\/div>\n<\/div>\n<\/div>\n<\/div>\n<\/div>\n<\/div>\n<div class=\"container_385r0 content_C2jxE fluid-left_3DYLH\">\n<div class=\"column_1uZPg left_qEP9d\">\n<div class=\"container_17wb1\">\n<div class=\"body_1gnLA\">\n<p>Germany&#8217;s Foreign Minister Heiko Maas speaks during a news conference in Dublin, Ireland, April 12, 2018. REUTERS\/Clodagh Kilcoyne<\/p>\n<p>British ministers planned to gather on Thursday to discuss whether to join the United States and France in a possible military attack on Syria that threatens to bring Western and Russian forces into direct confrontation.<\/p>\n<p>Prime Minister Theresa May has cast the suspected use of poison gas in the formerly rebel-held town of Douma east of Damascus as a barbaric attack by Syrian government forces on civilians.<\/p>\n<div>\n<div class=\"container_2dHIN dp-slot-inline_eUPBt\">\u00a0\u201cIt\u2019s important at the same time to maintain pressure on Russia,\u201d Maas told reporters in Dublin after meeting Ireland\u2019s foreign minister. \u201cIf we want to do that, we the Western partners cannot diverge in our approaches.\u201d<\/div>\n<\/div>\n<div>\n<div class=\"container_2dHIN dp-slot-inline_eUPBt\">\n<div id=\"dpslot_native_16201105_UKKBN1HJ1FJ\" class=\"ad-container_20U2_\">\u00a0A spokesman for German Chancellor Angela Merkel said that she had spoken with French President Emmanuel Macron about the suspected gas attack and expressed her concern that the international community\u2019s ability to ban chemical weapons was eroding.<\/div>\n<\/div>\n<\/div>\n<p>U.S. President Donald Trump warned Russia on Wednesday that missiles \u201cwill be coming\u201d in response to the April 7 gas attack, alleged to have killed dozens of people, and lambasted Moscow for standing by Syrian President Bashar al-Assad.<\/p>\n<p>\u201cWe have to harmonize our actions, and if individual countries take a particular action I would expect them to consult the German government,\u201d Maas said.<\/p>\n<div>\u00a0\u201cIt is illusionary to think that you could heighten the pressure on someone without ensuring that the Western community speaks with one voice. I think that is extremely important.\u201d<\/div>\n<div><\/div>\n<div>Source: reuters<\/div>\n<\/div>\n<\/div>\n<\/div>\n<\/div>\n","protected":false},"excerpt":{"rendered":"<p>DUBLIN \u00a0&#8211; Germany expects to be consulted before any Western allies conduct an attack on Syrian President Bashar al-Assad\u2019s forces as the allies must be united on the matter, Foreign Minister Heiko Maas said&#46;&#46;&#46;<\/p>\n","protected":false},"author":33,"featured_media":2804,"comment_status":"open","ping_status":"open","sticky":false,"template":"","format":"standard","meta":{"_acf_changed":false,"rop_custom_images_group":[],"rop_custom_messages_group":[],"rop_publish_now":"initial","rop_publish_now_accounts":{"facebook_10219548024599422_1632221337088128":"","twitter_242054905_242054905":""},"rop_publish_now_history":[],"rop_publish_now_status":"pending","footnotes":""},"categories":[115,80,3],"tags":[],"class_list":["post-2803","post","type-post","status-publish","format-standard","has-post-thumbnail","hentry","category-alemania","category-conflictos","category-politica"],"acf":[],"yoast_head":"<!-- This site is optimized with the Yoast SEO Premium plugin v24.9 (Yoast SEO v27.2) - https:\/\/yoast.com\/product\/yoast-seo-premium-wordpress\/ -->\n<title>Germany expects to be consulted before any attack on Syria - foreign minister - Noti-America.com<\/title>\n<meta name=\"robots\" content=\"index, follow, max-snippet:-1, max-image-preview:large, max-video-preview:-1\" \/>\n<link rel=\"canonical\" href=\"https:\/\/noti-america.com\/site\/principal\/2018\/04\/13\/germany-expects-to-be-consulted-before-any-attack-on-syria-foreign-minister\/\" \/>\n<meta property=\"og:locale\" content=\"es_ES\" \/>\n<meta property=\"og:type\" content=\"article\" \/>\n<meta property=\"og:title\" content=\"Germany expects to be consulted before any attack on Syria - foreign minister\" \/>\n<meta property=\"og:description\" content=\"DUBLIN \u00a0&#8211; Germany expects to be consulted before any Western allies conduct an attack on Syrian President Bashar al-Assad\u2019s forces as the allies must be united on the matter, Foreign Minister Heiko Maas said&#046;&#046;&#046;\" \/>\n<meta property=\"og:url\" content=\"https:\/\/noti-america.com\/site\/principal\/2018\/04\/13\/germany-expects-to-be-consulted-before-any-attack-on-syria-foreign-minister\/\" \/>\n<meta property=\"og:site_name\" content=\"Noti-America.com\" \/>\n<meta property=\"article:published_time\" content=\"2018-04-13T09:25:55+00:00\" \/>\n<meta property=\"og:image\" content=\"https:\/\/noti-america.com\/site\/principal\/wp-content\/uploads\/sites\/26\/2018\/04\/minister-germany.jpg\" \/>\n\t<meta property=\"og:image:width\" content=\"628\" \/>\n\t<meta property=\"og:image:height\" content=\"378\" \/>\n\t<meta property=\"og:image:type\" content=\"image\/jpeg\" \/>\n<meta name=\"twitter:card\" content=\"summary_large_image\" \/>\n<meta name=\"twitter:label1\" content=\"Escrito por\" \/>\n\t<meta name=\"twitter:data1\" content=\"\" \/>\n\t<meta name=\"twitter:label2\" content=\"Tiempo estimado de lectura\" \/>\n\t<meta name=\"twitter:data2\" content=\"1 minuto\" \/>\n<script type=\"application\/ld+json\" class=\"yoast-schema-graph\">{\"@context\":\"https:\/\/schema.org\",\"@graph\":[{\"@type\":\"Article\",\"@id\":\"https:\/\/noti-america.com\/site\/principal\/2018\/04\/13\/germany-expects-to-be-consulted-before-any-attack-on-syria-foreign-minister\/#article\",\"isPartOf\":{\"@id\":\"https:\/\/noti-america.com\/site\/principal\/2018\/04\/13\/germany-expects-to-be-consulted-before-any-attack-on-syria-foreign-minister\/\"},\"author\":{\"name\":\"\",\"@id\":\"\"},\"headline\":\"Germany expects to be consulted before any attack on Syria &#8211; foreign minister\",\"datePublished\":\"2018-04-13T09:25:55+00:00\",\"mainEntityOfPage\":{\"@id\":\"https:\/\/noti-america.com\/site\/principal\/2018\/04\/13\/germany-expects-to-be-consulted-before-any-attack-on-syria-foreign-minister\/\"},\"wordCount\":305,\"commentCount\":0,\"image\":{\"@id\":\"https:\/\/noti-america.com\/site\/principal\/2018\/04\/13\/germany-expects-to-be-consulted-before-any-attack-on-syria-foreign-minister\/#primaryimage\"},\"thumbnailUrl\":\"https:\/\/noti-america.com\/site\/principal\/wp-content\/uploads\/sites\/26\/2018\/04\/minister-germany.jpg\",\"articleSection\":[\"Alemania\",\"Conflictos\",\"Pol\u00edtica\"],\"inLanguage\":\"es\",\"potentialAction\":[{\"@type\":\"CommentAction\",\"name\":\"Comment\",\"target\":[\"https:\/\/noti-america.com\/site\/principal\/2018\/04\/13\/germany-expects-to-be-consulted-before-any-attack-on-syria-foreign-minister\/#respond\"]}]},{\"@type\":\"WebPage\",\"@id\":\"https:\/\/noti-america.com\/site\/principal\/2018\/04\/13\/germany-expects-to-be-consulted-before-any-attack-on-syria-foreign-minister\/\",\"url\":\"https:\/\/noti-america.com\/site\/principal\/2018\/04\/13\/germany-expects-to-be-consulted-before-any-attack-on-syria-foreign-minister\/\",\"name\":\"Germany expects to be consulted before any attack on Syria - foreign minister - Noti-America.com\",\"isPartOf\":{\"@id\":\"https:\/\/noti-america.com\/site\/principal\/#website\"},\"primaryImageOfPage\":{\"@id\":\"https:\/\/noti-america.com\/site\/principal\/2018\/04\/13\/germany-expects-to-be-consulted-before-any-attack-on-syria-foreign-minister\/#primaryimage\"},\"image\":{\"@id\":\"https:\/\/noti-america.com\/site\/principal\/2018\/04\/13\/germany-expects-to-be-consulted-before-any-attack-on-syria-foreign-minister\/#primaryimage\"},\"thumbnailUrl\":\"https:\/\/noti-america.com\/site\/principal\/wp-content\/uploads\/sites\/26\/2018\/04\/minister-germany.jpg\",\"datePublished\":\"2018-04-13T09:25:55+00:00\",\"author\":{\"@id\":\"\"},\"breadcrumb\":{\"@id\":\"https:\/\/noti-america.com\/site\/principal\/2018\/04\/13\/germany-expects-to-be-consulted-before-any-attack-on-syria-foreign-minister\/#breadcrumb\"},\"inLanguage\":\"es\",\"potentialAction\":[{\"@type\":\"ReadAction\",\"target\":[\"https:\/\/noti-america.com\/site\/principal\/2018\/04\/13\/germany-expects-to-be-consulted-before-any-attack-on-syria-foreign-minister\/\"]}]},{\"@type\":\"ImageObject\",\"inLanguage\":\"es\",\"@id\":\"https:\/\/noti-america.com\/site\/principal\/2018\/04\/13\/germany-expects-to-be-consulted-before-any-attack-on-syria-foreign-minister\/#primaryimage\",\"url\":\"https:\/\/noti-america.com\/site\/principal\/wp-content\/uploads\/sites\/26\/2018\/04\/minister-germany.jpg\",\"contentUrl\":\"https:\/\/noti-america.com\/site\/principal\/wp-content\/uploads\/sites\/26\/2018\/04\/minister-germany.jpg\",\"width\":628,\"height\":378,\"caption\":\"Image processed by CodeCarvings Piczard ### FREE Community Edition ### on 2018-04-12 10:45:50Z | http:\/\/piczard.com | http:\/\/codecarvings.com(g\u00ff\u00cf\u00ef\u00ff\u00b4\"},{\"@type\":\"BreadcrumbList\",\"@id\":\"https:\/\/noti-america.com\/site\/principal\/2018\/04\/13\/germany-expects-to-be-consulted-before-any-attack-on-syria-foreign-minister\/#breadcrumb\",\"itemListElement\":[{\"@type\":\"ListItem\",\"position\":1,\"name\":\"Portada\",\"item\":\"https:\/\/noti-america.com\/site\/principal\/\"},{\"@type\":\"ListItem\",\"position\":2,\"name\":\"Germany expects to be consulted before any attack on Syria &#8211; foreign minister\"}]},{\"@type\":\"WebSite\",\"@id\":\"https:\/\/noti-america.com\/site\/principal\/#website\",\"url\":\"https:\/\/noti-america.com\/site\/principal\/\",\"name\":\"Noti-America.com\",\"description\":\"El Noticiero Digital M\u00e1s Grande de Am\u00e9rica\",\"potentialAction\":[{\"@type\":\"SearchAction\",\"target\":{\"@type\":\"EntryPoint\",\"urlTemplate\":\"https:\/\/noti-america.com\/site\/principal\/?s={search_term_string}\"},\"query-input\":{\"@type\":\"PropertyValueSpecification\",\"valueRequired\":true,\"valueName\":\"search_term_string\"}}],\"inLanguage\":\"es\"},{\"@type\":\"Person\",\"@id\":\"\",\"url\":\"https:\/\/noti-america.com\/site\/principal\/author\/\"}]}<\/script>\n<!-- \/ Yoast SEO Premium plugin. -->","yoast_head_json":{"title":"Germany expects to be consulted before any attack on Syria - foreign minister - Noti-America.com","robots":{"index":"index","follow":"follow","max-snippet":"max-snippet:-1","max-image-preview":"max-image-preview:large","max-video-preview":"max-video-preview:-1"},"canonical":"https:\/\/noti-america.com\/site\/principal\/2018\/04\/13\/germany-expects-to-be-consulted-before-any-attack-on-syria-foreign-minister\/","og_locale":"es_ES","og_type":"article","og_title":"Germany expects to be consulted before any attack on Syria - foreign minister","og_description":"DUBLIN \u00a0&#8211; Germany expects to be consulted before any Western allies conduct an attack on Syrian President Bashar al-Assad\u2019s forces as the allies must be united on the matter, Foreign Minister Heiko Maas said&#46;&#46;&#46;","og_url":"https:\/\/noti-america.com\/site\/principal\/2018\/04\/13\/germany-expects-to-be-consulted-before-any-attack-on-syria-foreign-minister\/","og_site_name":"Noti-America.com","article_published_time":"2018-04-13T09:25:55+00:00","og_image":[{"width":628,"height":378,"url":"https:\/\/noti-america.com\/site\/principal\/wp-content\/uploads\/sites\/26\/2018\/04\/minister-germany.jpg","type":"image\/jpeg"}],"twitter_card":"summary_large_image","twitter_misc":{"Escrito por":"","Tiempo estimado de lectura":"1 minuto"},"schema":{"@context":"https:\/\/schema.org","@graph":[{"@type":"Article","@id":"https:\/\/noti-america.com\/site\/principal\/2018\/04\/13\/germany-expects-to-be-consulted-before-any-attack-on-syria-foreign-minister\/#article","isPartOf":{"@id":"https:\/\/noti-america.com\/site\/principal\/2018\/04\/13\/germany-expects-to-be-consulted-before-any-attack-on-syria-foreign-minister\/"},"author":{"name":"","@id":""},"headline":"Germany expects to be consulted before any attack on Syria &#8211; foreign minister","datePublished":"2018-04-13T09:25:55+00:00","mainEntityOfPage":{"@id":"https:\/\/noti-america.com\/site\/principal\/2018\/04\/13\/germany-expects-to-be-consulted-before-any-attack-on-syria-foreign-minister\/"},"wordCount":305,"commentCount":0,"image":{"@id":"https:\/\/noti-america.com\/site\/principal\/2018\/04\/13\/germany-expects-to-be-consulted-before-any-attack-on-syria-foreign-minister\/#primaryimage"},"thumbnailUrl":"https:\/\/noti-america.com\/site\/principal\/wp-content\/uploads\/sites\/26\/2018\/04\/minister-germany.jpg","articleSection":["Alemania","Conflictos","Pol\u00edtica"],"inLanguage":"es","potentialAction":[{"@type":"CommentAction","name":"Comment","target":["https:\/\/noti-america.com\/site\/principal\/2018\/04\/13\/germany-expects-to-be-consulted-before-any-attack-on-syria-foreign-minister\/#respond"]}]},{"@type":"WebPage","@id":"https:\/\/noti-america.com\/site\/principal\/2018\/04\/13\/germany-expects-to-be-consulted-before-any-attack-on-syria-foreign-minister\/","url":"https:\/\/noti-america.com\/site\/principal\/2018\/04\/13\/germany-expects-to-be-consulted-before-any-attack-on-syria-foreign-minister\/","name":"Germany expects to be consulted before any attack on Syria - foreign minister - Noti-America.com","isPartOf":{"@id":"https:\/\/noti-america.com\/site\/principal\/#website"},"primaryImageOfPage":{"@id":"https:\/\/noti-america.com\/site\/principal\/2018\/04\/13\/germany-expects-to-be-consulted-before-any-attack-on-syria-foreign-minister\/#primaryimage"},"image":{"@id":"https:\/\/noti-america.com\/site\/principal\/2018\/04\/13\/germany-expects-to-be-consulted-before-any-attack-on-syria-foreign-minister\/#primaryimage"},"thumbnailUrl":"https:\/\/noti-america.com\/site\/principal\/wp-content\/uploads\/sites\/26\/2018\/04\/minister-germany.jpg","datePublished":"2018-04-13T09:25:55+00:00","author":{"@id":""},"breadcrumb":{"@id":"https:\/\/noti-america.com\/site\/principal\/2018\/04\/13\/germany-expects-to-be-consulted-before-any-attack-on-syria-foreign-minister\/#breadcrumb"},"inLanguage":"es","potentialAction":[{"@type":"ReadAction","target":["https:\/\/noti-america.com\/site\/principal\/2018\/04\/13\/germany-expects-to-be-consulted-before-any-attack-on-syria-foreign-minister\/"]}]},{"@type":"ImageObject","inLanguage":"es","@id":"https:\/\/noti-america.com\/site\/principal\/2018\/04\/13\/germany-expects-to-be-consulted-before-any-attack-on-syria-foreign-minister\/#primaryimage","url":"https:\/\/noti-america.com\/site\/principal\/wp-content\/uploads\/sites\/26\/2018\/04\/minister-germany.jpg","contentUrl":"https:\/\/noti-america.com\/site\/principal\/wp-content\/uploads\/sites\/26\/2018\/04\/minister-germany.jpg","width":628,"height":378,"caption":"Image processed by CodeCarvings Piczard ### FREE Community Edition ### on 2018-04-12 10:45:50Z | http:\/\/piczard.com | http:\/\/codecarvings.com(g\u00ff\u00cf\u00ef\u00ff\u00b4"},{"@type":"BreadcrumbList","@id":"https:\/\/noti-america.com\/site\/principal\/2018\/04\/13\/germany-expects-to-be-consulted-before-any-attack-on-syria-foreign-minister\/#breadcrumb","itemListElement":[{"@type":"ListItem","position":1,"name":"Portada","item":"https:\/\/noti-america.com\/site\/principal\/"},{"@type":"ListItem","position":2,"name":"Germany expects to be consulted before any attack on Syria &#8211; foreign minister"}]},{"@type":"WebSite","@id":"https:\/\/noti-america.com\/site\/principal\/#website","url":"https:\/\/noti-america.com\/site\/principal\/","name":"Noti-America.com","description":"El Noticiero Digital M\u00e1s Grande de Am\u00e9rica","potentialAction":[{"@type":"SearchAction","target":{"@type":"EntryPoint","urlTemplate":"https:\/\/noti-america.com\/site\/principal\/?s={search_term_string}"},"query-input":{"@type":"PropertyValueSpecification","valueRequired":true,"valueName":"search_term_string"}}],"inLanguage":"es"},{"@type":"Person","@id":"","url":"https:\/\/noti-america.com\/site\/principal\/author\/"}]}},"_links":{"self":[{"href":"https:\/\/noti-america.com\/site\/principal\/wp-json\/wp\/v2\/posts\/2803","targetHints":{"allow":["GET"]}}],"collection":[{"href":"https:\/\/noti-america.com\/site\/principal\/wp-json\/wp\/v2\/posts"}],"about":[{"href":"https:\/\/noti-america.com\/site\/principal\/wp-json\/wp\/v2\/types\/post"}],"author":[{"embeddable":true,"href":"https:\/\/noti-america.com\/site\/principal\/wp-json\/wp\/v2\/users\/33"}],"replies":[{"embeddable":true,"href":"https:\/\/noti-america.com\/site\/principal\/wp-json\/wp\/v2\/comments?post=2803"}],"version-history":[{"count":1,"href":"https:\/\/noti-america.com\/site\/principal\/wp-json\/wp\/v2\/posts\/2803\/revisions"}],"predecessor-version":[{"id":2805,"href":"https:\/\/noti-america.com\/site\/principal\/wp-json\/wp\/v2\/posts\/2803\/revisions\/2805"}],"wp:featuredmedia":[{"embeddable":true,"href":"https:\/\/noti-america.com\/site\/principal\/wp-json\/wp\/v2\/media\/2804"}],"wp:attachment":[{"href":"https:\/\/noti-america.com\/site\/principal\/wp-json\/wp\/v2\/media?parent=2803"}],"wp:term":[{"taxonomy":"category","embeddable":true,"href":"https:\/\/noti-america.com\/site\/principal\/wp-json\/wp\/v2\/categories?post=2803"},{"taxonomy":"post_tag","embeddable":true,"href":"https:\/\/noti-america.com\/site\/principal\/wp-json\/wp\/v2\/tags?post=2803"}],"curies":[{"name":"wp","href":"https:\/\/api.w.org\/{rel}","templated":true}]}}