{"id":2768,"date":"2018-04-12T21:24:07","date_gmt":"2018-04-12T21:24:07","guid":{"rendered":"http:\/\/noti-america.com\/site\/alemania\/?p=2768"},"modified":"2018-04-12T21:24:07","modified_gmt":"2018-04-12T21:24:07","slug":"fiscales-alemanes-y-espanoles-abordan-en-la-haya-el-caso-puigdemont","status":"publish","type":"post","link":"https:\/\/noti-america.com\/site\/principal\/2018\/04\/12\/fiscales-alemanes-y-espanoles-abordan-en-la-haya-el-caso-puigdemont\/","title":{"rendered":"Fiscales alemanes y espa\u00f1oles abordan en La Haya el caso Puigdemont"},"content":{"rendered":"<p><span class=\"dateline\">Berl\u00edn\/Madrid, 12 abr\u00a0&#8211; <\/span>Mientras el l\u00edder separatista catal\u00e1n Carles Puigdemont espera una decisi\u00f3n de la Justicia de Alemania sobre su entrega a Espa\u00f1a, miembros de las Fiscal\u00edas de ambos pa\u00edses se reunir\u00e1n en la ciudad holandesa de La Haya para intercambiar informaci\u00f3n, inform\u00f3 ayer la Fiscal\u00eda de Schleswig-Holstein.<\/p>\n<div class=\"detailtext lang-es\" lang=\"es\">\n<p>\u00abLa Fiscal\u00eda General recabar\u00e1 informaci\u00f3n adicional, por eso el fiscal general acudir\u00e1 con una compa\u00f1era a La Haya para participar en un encuentro con representantes de las autoridades espa\u00f1olas\u00bb, se\u00f1al\u00f3 a dpa la fiscal de Schleswig-Holstein Wiebke Hoffelner.<\/p>\n<p>El encuentro tendr\u00e1 lugar en la sede del Eurojust, el organismo encargado de reforzar la cooperaci\u00f3n judicial entre los estados miembros de la Uni\u00f3n Europea (UE).<\/p>\n<p>Desde los ministerios p\u00fablicos de Alemania y Espa\u00f1a evitan por el momento dar m\u00e1s detalles sobre la cita pero apuntan que es \u00abhabitual\u00bb que haya \u00abcomunicaciones\u00bb entre las fiscal\u00edas de dos pa\u00edses cuando se ha cursado una euroorden.<\/p>\n<p>\u00abNo vamos a dar m\u00e1s datos sobre el proceso de entrega (de Puigdemont) que est\u00e1 en curso\u00bb, manifest\u00f3 hoy una vocera de la Fiscal\u00eda de Schleswig-Holstein. Un mensaje similar se enviaba tambi\u00e9n desde la Fiscal\u00eda espa\u00f1ola, que a\u00f1ad\u00eda que \u00abno es raro\u00bb que se produzca un encuentro presencial entre fiscales de dos pa\u00edses cuando se ha dictado una orden de detenci\u00f3n europea.<\/p>\n<p>Puigdemont, destituido como jefe del Gobierno de Catalu\u00f1a en octubre, fue detenido en Alemania el 25 de marzo y enviado a prisi\u00f3n de forma provisional en virtud de una orden europea de arresto cursada por el Tribunal Supremo espa\u00f1ol por delitos de rebeli\u00f3n y malversaci\u00f3n de fondos p\u00fablicos en relaci\u00f3n a sus planes independentistas.<\/p>\n<p>La semana pasada, la Justicia alemana decidi\u00f3 ponerlo en libertad bajo fianza y descart\u00f3 el delito de rebeli\u00f3n para su posible entrega a Espa\u00f1a, que se decidir\u00e1 en los pr\u00f3ximos d\u00edas.<\/p>\n<p>La decisi\u00f3n fue recibida con gran decepci\u00f3n en Espa\u00f1a, donde tanto la clase pol\u00edtica como la jur\u00eddica entienden que el l\u00edder separatista ejerci\u00f3 la violencia y perpetr\u00f3, por lo tanto, el delito de rebeli\u00f3n por el que en Espa\u00f1a podr\u00eda cumplir hasta 30 a\u00f1os de c\u00e1rcel.<\/p>\n<p>En este sentido, la reuni\u00f3n prevista en La Haya se percibe como una oportunidad para que Madrid facilite m\u00e1s datos a la fiscal\u00eda alemana antes de que el Tribunal Regional Superior de Schleswig-Holstein decida definitivamente sobre el futuro de Puigdemont.<\/p>\n<p>La decisi\u00f3n del tribunal alem\u00e1n sobre el delito de rebeli\u00f3n suscit\u00f3 en los \u00faltimos d\u00edas tensiones entre Espa\u00f1a y Alemania, especialmente a ra\u00edz de unas supuestas declaraciones de la ministra alemana de Justicia, la socialdem\u00f3crata Katarina Barley.<\/p>\n<p>Seg\u00fan la informaci\u00f3n publicada por el diario \u00abS\u00fcddeutsche Zeitung\u00bb, la ministra tild\u00f3 de \u00ababsolutamente correcta\u00bb la decisi\u00f3n de la Justicia alemana y opin\u00f3 que no ser\u00eda f\u00e1cil para Espa\u00f1a argumentar la entrega de Puigdemont por un delito de malversaci\u00f3n de fondos p\u00fablicos, pese a que la postura oficial de su Gobierno siempre fue considerar el tema catal\u00e1n un asunto \u00abinterno\u00bb de Espa\u00f1a.<\/p>\n<p>El martes, Rajoy quiso zanjar la pol\u00e9mica asegurando que la actuaci\u00f3n del Gobierno de Angela Merkel en este asunto es \u00abmod\u00e9lica\u00bb.<\/p>\n<p>Hoy, la Comisi\u00f3n Europea respald\u00f3 la decisi\u00f3n de la Justicia alemana al afirmar que \u00abactu\u00f3 conforme a las normas\u00bb. \u00abMis expertos no me han anunciado o alertado sobre ninguna aplicaci\u00f3n incorrecta de la orden de detenci\u00f3n europea en Alemania\u00bb, dijo ayer en rueda de prensa en Bruselas la comisaria europea de Justicia, Vera Jourov\u00e1.<\/p>\n<p>La responsable europea rechaz\u00f3 tambi\u00e9n la ampliaci\u00f3n de la lista de 32 delitos que permiten una entrega autom\u00e1tica a un pa\u00eds de una persona reclamada por la Justicia, que no incluye el de rebeli\u00f3n.<\/p>\n<p>\u00abNo he recibido ninguna petici\u00f3n de ning\u00fan Estado miembro (de la Uni\u00f3n Europea). Tuvimos un debate con nuestros colegas espa\u00f1oles el a\u00f1o pasado pero ese di\u00e1logo no ha continuado\u00bb, a\u00f1adi\u00f3.<\/p>\n<p>Source: dpa<\/p>\n<\/div>\n","protected":false},"excerpt":{"rendered":"<p>Berl\u00edn\/Madrid, 12 abr\u00a0&#8211; Mientras el l\u00edder separatista catal\u00e1n Carles Puigdemont espera una decisi\u00f3n de la Justicia de Alemania sobre su entrega a Espa\u00f1a, miembros de las Fiscal\u00edas de ambos pa\u00edses se reunir\u00e1n en la&#46;&#46;&#46;<\/p>\n","protected":false},"author":31,"featured_media":2769,"comment_status":"open","ping_status":"open","sticky":false,"template":"","format":"standard","meta":{"_acf_changed":false,"rop_custom_images_group":[],"rop_custom_messages_group":[],"rop_publish_now":"initial","rop_publish_now_accounts":{"facebook_10219548024599422_1632221337088128":"","twitter_242054905_242054905":""},"rop_publish_now_history":[],"rop_publish_now_status":"pending","footnotes":""},"categories":[115,56,3],"tags":[],"class_list":["post-2768","post","type-post","status-publish","format-standard","has-post-thumbnail","hentry","category-alemania","category-espana","category-politica"],"acf":[],"yoast_head":"<!-- This site is optimized with the Yoast SEO Premium plugin v24.9 (Yoast SEO v27.2) - https:\/\/yoast.com\/product\/yoast-seo-premium-wordpress\/ -->\n<title>Fiscales alemanes y espa\u00f1oles abordan en La Haya el caso Puigdemont - Noti-America.com<\/title>\n<meta name=\"robots\" content=\"index, follow, max-snippet:-1, max-image-preview:large, max-video-preview:-1\" \/>\n<link rel=\"canonical\" href=\"https:\/\/noti-america.com\/site\/principal\/2018\/04\/12\/fiscales-alemanes-y-espanoles-abordan-en-la-haya-el-caso-puigdemont\/\" \/>\n<meta property=\"og:locale\" content=\"es_ES\" \/>\n<meta property=\"og:type\" content=\"article\" \/>\n<meta property=\"og:title\" content=\"Fiscales alemanes y espa\u00f1oles abordan en La Haya el caso Puigdemont\" \/>\n<meta property=\"og:description\" content=\"Berl\u00edn\/Madrid, 12 abr\u00a0&#8211; Mientras el l\u00edder separatista catal\u00e1n Carles Puigdemont espera una decisi\u00f3n de la Justicia de Alemania sobre su entrega a Espa\u00f1a, miembros de las Fiscal\u00edas de ambos pa\u00edses se reunir\u00e1n en la&#046;&#046;&#046;\" \/>\n<meta property=\"og:url\" content=\"https:\/\/noti-america.com\/site\/principal\/2018\/04\/12\/fiscales-alemanes-y-espanoles-abordan-en-la-haya-el-caso-puigdemont\/\" \/>\n<meta property=\"og:site_name\" content=\"Noti-America.com\" \/>\n<meta property=\"article:published_time\" content=\"2018-04-12T21:24:07+00:00\" \/>\n<meta property=\"og:image\" content=\"https:\/\/noti-america.com\/site\/principal\/wp-content\/uploads\/sites\/26\/2018\/04\/puigdemont-lahaya.jpg\" \/>\n\t<meta property=\"og:image:width\" content=\"970\" \/>\n\t<meta property=\"og:image:height\" content=\"597\" \/>\n\t<meta property=\"og:image:type\" content=\"image\/jpeg\" \/>\n<meta name=\"author\" content=\"Ydalith Figueroa Kad-Bay\" \/>\n<meta name=\"twitter:card\" content=\"summary_large_image\" \/>\n<meta name=\"twitter:creator\" content=\"@ydalithkad\" \/>\n<meta name=\"twitter:label1\" content=\"Escrito por\" \/>\n\t<meta name=\"twitter:data1\" content=\"Ydalith Figueroa Kad-Bay\" \/>\n\t<meta name=\"twitter:label2\" content=\"Tiempo estimado de lectura\" \/>\n\t<meta name=\"twitter:data2\" content=\"4 minutos\" \/>\n<script type=\"application\/ld+json\" class=\"yoast-schema-graph\">{\"@context\":\"https:\/\/schema.org\",\"@graph\":[{\"@type\":\"Article\",\"@id\":\"https:\/\/noti-america.com\/site\/principal\/2018\/04\/12\/fiscales-alemanes-y-espanoles-abordan-en-la-haya-el-caso-puigdemont\/#article\",\"isPartOf\":{\"@id\":\"https:\/\/noti-america.com\/site\/principal\/2018\/04\/12\/fiscales-alemanes-y-espanoles-abordan-en-la-haya-el-caso-puigdemont\/\"},\"author\":{\"name\":\"Ydalith Figueroa Kad-Bay\",\"@id\":\"https:\/\/noti-america.com\/site\/principal\/#\/schema\/person\/1a24e37c3c358f389f0a111448ddb870\"},\"headline\":\"Fiscales alemanes y espa\u00f1oles abordan en La Haya el caso Puigdemont\",\"datePublished\":\"2018-04-12T21:24:07+00:00\",\"mainEntityOfPage\":{\"@id\":\"https:\/\/noti-america.com\/site\/principal\/2018\/04\/12\/fiscales-alemanes-y-espanoles-abordan-en-la-haya-el-caso-puigdemont\/\"},\"wordCount\":726,\"commentCount\":0,\"image\":{\"@id\":\"https:\/\/noti-america.com\/site\/principal\/2018\/04\/12\/fiscales-alemanes-y-espanoles-abordan-en-la-haya-el-caso-puigdemont\/#primaryimage\"},\"thumbnailUrl\":\"https:\/\/noti-america.com\/site\/principal\/wp-content\/uploads\/sites\/26\/2018\/04\/puigdemont-lahaya.jpg\",\"articleSection\":[\"Alemania\",\"Espa\u00f1a\",\"Pol\u00edtica\"],\"inLanguage\":\"es\",\"potentialAction\":[{\"@type\":\"CommentAction\",\"name\":\"Comment\",\"target\":[\"https:\/\/noti-america.com\/site\/principal\/2018\/04\/12\/fiscales-alemanes-y-espanoles-abordan-en-la-haya-el-caso-puigdemont\/#respond\"]}]},{\"@type\":\"WebPage\",\"@id\":\"https:\/\/noti-america.com\/site\/principal\/2018\/04\/12\/fiscales-alemanes-y-espanoles-abordan-en-la-haya-el-caso-puigdemont\/\",\"url\":\"https:\/\/noti-america.com\/site\/principal\/2018\/04\/12\/fiscales-alemanes-y-espanoles-abordan-en-la-haya-el-caso-puigdemont\/\",\"name\":\"Fiscales alemanes y espa\u00f1oles abordan en La Haya el caso Puigdemont - Noti-America.com\",\"isPartOf\":{\"@id\":\"https:\/\/noti-america.com\/site\/principal\/#website\"},\"primaryImageOfPage\":{\"@id\":\"https:\/\/noti-america.com\/site\/principal\/2018\/04\/12\/fiscales-alemanes-y-espanoles-abordan-en-la-haya-el-caso-puigdemont\/#primaryimage\"},\"image\":{\"@id\":\"https:\/\/noti-america.com\/site\/principal\/2018\/04\/12\/fiscales-alemanes-y-espanoles-abordan-en-la-haya-el-caso-puigdemont\/#primaryimage\"},\"thumbnailUrl\":\"https:\/\/noti-america.com\/site\/principal\/wp-content\/uploads\/sites\/26\/2018\/04\/puigdemont-lahaya.jpg\",\"datePublished\":\"2018-04-12T21:24:07+00:00\",\"author\":{\"@id\":\"https:\/\/noti-america.com\/site\/principal\/#\/schema\/person\/1a24e37c3c358f389f0a111448ddb870\"},\"breadcrumb\":{\"@id\":\"https:\/\/noti-america.com\/site\/principal\/2018\/04\/12\/fiscales-alemanes-y-espanoles-abordan-en-la-haya-el-caso-puigdemont\/#breadcrumb\"},\"inLanguage\":\"es\",\"potentialAction\":[{\"@type\":\"ReadAction\",\"target\":[\"https:\/\/noti-america.com\/site\/principal\/2018\/04\/12\/fiscales-alemanes-y-espanoles-abordan-en-la-haya-el-caso-puigdemont\/\"]}]},{\"@type\":\"ImageObject\",\"inLanguage\":\"es\",\"@id\":\"https:\/\/noti-america.com\/site\/principal\/2018\/04\/12\/fiscales-alemanes-y-espanoles-abordan-en-la-haya-el-caso-puigdemont\/#primaryimage\",\"url\":\"https:\/\/noti-america.com\/site\/principal\/wp-content\/uploads\/sites\/26\/2018\/04\/puigdemont-lahaya.jpg\",\"contentUrl\":\"https:\/\/noti-america.com\/site\/principal\/wp-content\/uploads\/sites\/26\/2018\/04\/puigdemont-lahaya.jpg\",\"width\":970,\"height\":597},{\"@type\":\"BreadcrumbList\",\"@id\":\"https:\/\/noti-america.com\/site\/principal\/2018\/04\/12\/fiscales-alemanes-y-espanoles-abordan-en-la-haya-el-caso-puigdemont\/#breadcrumb\",\"itemListElement\":[{\"@type\":\"ListItem\",\"position\":1,\"name\":\"Portada\",\"item\":\"https:\/\/noti-america.com\/site\/principal\/\"},{\"@type\":\"ListItem\",\"position\":2,\"name\":\"Fiscales alemanes y espa\u00f1oles abordan en La Haya el caso Puigdemont\"}]},{\"@type\":\"WebSite\",\"@id\":\"https:\/\/noti-america.com\/site\/principal\/#website\",\"url\":\"https:\/\/noti-america.com\/site\/principal\/\",\"name\":\"Noti-America.com\",\"description\":\"El Noticiero Digital M\u00e1s Grande de Am\u00e9rica\",\"potentialAction\":[{\"@type\":\"SearchAction\",\"target\":{\"@type\":\"EntryPoint\",\"urlTemplate\":\"https:\/\/noti-america.com\/site\/principal\/?s={search_term_string}\"},\"query-input\":{\"@type\":\"PropertyValueSpecification\",\"valueRequired\":true,\"valueName\":\"search_term_string\"}}],\"inLanguage\":\"es\"},{\"@type\":\"Person\",\"@id\":\"https:\/\/noti-america.com\/site\/principal\/#\/schema\/person\/1a24e37c3c358f389f0a111448ddb870\",\"name\":\"Ydalith Figueroa Kad-Bay\",\"image\":{\"@type\":\"ImageObject\",\"inLanguage\":\"es\",\"@id\":\"https:\/\/secure.gravatar.com\/avatar\/7d1e350465afd215908c3ed413e32ef600cd41c3c21b95416252432a9f6c219c?s=96&d=mm&r=g\",\"url\":\"https:\/\/secure.gravatar.com\/avatar\/7d1e350465afd215908c3ed413e32ef600cd41c3c21b95416252432a9f6c219c?s=96&d=mm&r=g\",\"contentUrl\":\"https:\/\/secure.gravatar.com\/avatar\/7d1e350465afd215908c3ed413e32ef600cd41c3c21b95416252432a9f6c219c?s=96&d=mm&r=g\",\"caption\":\"Ydalith Figueroa Kad-Bay\"},\"description\":\"CEO Noti-America Alemania Embajadora de Venezuela para el Proyecto de Acci\u00f3n Clim\u00e1tica de la ONU, Embajadora para la ense\u00f1anza de los ODS de la ONU, Amplificador de la Acci\u00f3n de los ODS de la ONU, Profesor Voluntario del Proyecto KAKUMA (Educaci\u00f3n de calidad para refugiados en \u00c1frica) UNHCR \u2013 ACNUR - Agencia para los refugiados de la ONU-, Miembro de la ONG Gente Y Ciudad, Embajador de las Instituciones de Microfinanzas \u201cNo a la pobreza ODS #1 de la ONU\u201d (todos tienen derecho a acceso a un cr\u00e9dito), y Voluntario al di\u00e1logo global de UN75. Twitter @ydalithkad email ydalith@yhaoo.com Locutor Profesional 32931 Universidad Central de Venezuela @ISHannover \\\"Colegio Internacional de Hannover Regi\u00f3n, Alemania\\\" Representante de Aprendizaje Innovaci\u00f3n y Tecnolog\u00eda #LMS (Sistema de Gesti\u00f3n de Aprendizaje) #LMS Gente y Ciudad &amp; Asesores Internacionales ONG Alemania. ONG \\\"Gente y Ciudad, Venezuela\\\" Miembro y Asesor especialista An\u00e1lisis de Pol\u00edtica Internacional Asesor Pol\u00edtico Internacional de Venezuela en la defensa de los Derechos Humanos y el restablecimiento Democr\u00e1tico. Diplomacia positiva y Activa. Pasi\u00f3n por el Golf Proyecto #LMS \\\"Golf para ni\u00f1os y adultos Internacional\\\" Pasi\u00f3n por los Postres Proyecto #LMS \\\"Postres, Que Unen a las Culturas del mundo\\\"\",\"sameAs\":[\"https:\/\/x.com\/ydalithkad\"],\"url\":\"https:\/\/noti-america.com\/site\/principal\/author\/yfigueroa\/\"}]}<\/script>\n<!-- \/ Yoast SEO Premium plugin. -->","yoast_head_json":{"title":"Fiscales alemanes y espa\u00f1oles abordan en La Haya el caso Puigdemont - Noti-America.com","robots":{"index":"index","follow":"follow","max-snippet":"max-snippet:-1","max-image-preview":"max-image-preview:large","max-video-preview":"max-video-preview:-1"},"canonical":"https:\/\/noti-america.com\/site\/principal\/2018\/04\/12\/fiscales-alemanes-y-espanoles-abordan-en-la-haya-el-caso-puigdemont\/","og_locale":"es_ES","og_type":"article","og_title":"Fiscales alemanes y espa\u00f1oles abordan en La Haya el caso Puigdemont","og_description":"Berl\u00edn\/Madrid, 12 abr\u00a0&#8211; Mientras el l\u00edder separatista catal\u00e1n Carles Puigdemont espera una decisi\u00f3n de la Justicia de Alemania sobre su entrega a Espa\u00f1a, miembros de las Fiscal\u00edas de ambos pa\u00edses se reunir\u00e1n en la&#46;&#46;&#46;","og_url":"https:\/\/noti-america.com\/site\/principal\/2018\/04\/12\/fiscales-alemanes-y-espanoles-abordan-en-la-haya-el-caso-puigdemont\/","og_site_name":"Noti-America.com","article_published_time":"2018-04-12T21:24:07+00:00","og_image":[{"width":970,"height":597,"url":"https:\/\/noti-america.com\/site\/principal\/wp-content\/uploads\/sites\/26\/2018\/04\/puigdemont-lahaya.jpg","type":"image\/jpeg"}],"author":"Ydalith Figueroa Kad-Bay","twitter_card":"summary_large_image","twitter_creator":"@ydalithkad","twitter_misc":{"Escrito por":"Ydalith Figueroa Kad-Bay","Tiempo estimado de lectura":"4 minutos"},"schema":{"@context":"https:\/\/schema.org","@graph":[{"@type":"Article","@id":"https:\/\/noti-america.com\/site\/principal\/2018\/04\/12\/fiscales-alemanes-y-espanoles-abordan-en-la-haya-el-caso-puigdemont\/#article","isPartOf":{"@id":"https:\/\/noti-america.com\/site\/principal\/2018\/04\/12\/fiscales-alemanes-y-espanoles-abordan-en-la-haya-el-caso-puigdemont\/"},"author":{"name":"Ydalith Figueroa Kad-Bay","@id":"https:\/\/noti-america.com\/site\/principal\/#\/schema\/person\/1a24e37c3c358f389f0a111448ddb870"},"headline":"Fiscales alemanes y espa\u00f1oles abordan en La Haya el caso Puigdemont","datePublished":"2018-04-12T21:24:07+00:00","mainEntityOfPage":{"@id":"https:\/\/noti-america.com\/site\/principal\/2018\/04\/12\/fiscales-alemanes-y-espanoles-abordan-en-la-haya-el-caso-puigdemont\/"},"wordCount":726,"commentCount":0,"image":{"@id":"https:\/\/noti-america.com\/site\/principal\/2018\/04\/12\/fiscales-alemanes-y-espanoles-abordan-en-la-haya-el-caso-puigdemont\/#primaryimage"},"thumbnailUrl":"https:\/\/noti-america.com\/site\/principal\/wp-content\/uploads\/sites\/26\/2018\/04\/puigdemont-lahaya.jpg","articleSection":["Alemania","Espa\u00f1a","Pol\u00edtica"],"inLanguage":"es","potentialAction":[{"@type":"CommentAction","name":"Comment","target":["https:\/\/noti-america.com\/site\/principal\/2018\/04\/12\/fiscales-alemanes-y-espanoles-abordan-en-la-haya-el-caso-puigdemont\/#respond"]}]},{"@type":"WebPage","@id":"https:\/\/noti-america.com\/site\/principal\/2018\/04\/12\/fiscales-alemanes-y-espanoles-abordan-en-la-haya-el-caso-puigdemont\/","url":"https:\/\/noti-america.com\/site\/principal\/2018\/04\/12\/fiscales-alemanes-y-espanoles-abordan-en-la-haya-el-caso-puigdemont\/","name":"Fiscales alemanes y espa\u00f1oles abordan en La Haya el caso Puigdemont - Noti-America.com","isPartOf":{"@id":"https:\/\/noti-america.com\/site\/principal\/#website"},"primaryImageOfPage":{"@id":"https:\/\/noti-america.com\/site\/principal\/2018\/04\/12\/fiscales-alemanes-y-espanoles-abordan-en-la-haya-el-caso-puigdemont\/#primaryimage"},"image":{"@id":"https:\/\/noti-america.com\/site\/principal\/2018\/04\/12\/fiscales-alemanes-y-espanoles-abordan-en-la-haya-el-caso-puigdemont\/#primaryimage"},"thumbnailUrl":"https:\/\/noti-america.com\/site\/principal\/wp-content\/uploads\/sites\/26\/2018\/04\/puigdemont-lahaya.jpg","datePublished":"2018-04-12T21:24:07+00:00","author":{"@id":"https:\/\/noti-america.com\/site\/principal\/#\/schema\/person\/1a24e37c3c358f389f0a111448ddb870"},"breadcrumb":{"@id":"https:\/\/noti-america.com\/site\/principal\/2018\/04\/12\/fiscales-alemanes-y-espanoles-abordan-en-la-haya-el-caso-puigdemont\/#breadcrumb"},"inLanguage":"es","potentialAction":[{"@type":"ReadAction","target":["https:\/\/noti-america.com\/site\/principal\/2018\/04\/12\/fiscales-alemanes-y-espanoles-abordan-en-la-haya-el-caso-puigdemont\/"]}]},{"@type":"ImageObject","inLanguage":"es","@id":"https:\/\/noti-america.com\/site\/principal\/2018\/04\/12\/fiscales-alemanes-y-espanoles-abordan-en-la-haya-el-caso-puigdemont\/#primaryimage","url":"https:\/\/noti-america.com\/site\/principal\/wp-content\/uploads\/sites\/26\/2018\/04\/puigdemont-lahaya.jpg","contentUrl":"https:\/\/noti-america.com\/site\/principal\/wp-content\/uploads\/sites\/26\/2018\/04\/puigdemont-lahaya.jpg","width":970,"height":597},{"@type":"BreadcrumbList","@id":"https:\/\/noti-america.com\/site\/principal\/2018\/04\/12\/fiscales-alemanes-y-espanoles-abordan-en-la-haya-el-caso-puigdemont\/#breadcrumb","itemListElement":[{"@type":"ListItem","position":1,"name":"Portada","item":"https:\/\/noti-america.com\/site\/principal\/"},{"@type":"ListItem","position":2,"name":"Fiscales alemanes y espa\u00f1oles abordan en La Haya el caso Puigdemont"}]},{"@type":"WebSite","@id":"https:\/\/noti-america.com\/site\/principal\/#website","url":"https:\/\/noti-america.com\/site\/principal\/","name":"Noti-America.com","description":"El Noticiero Digital M\u00e1s Grande de Am\u00e9rica","potentialAction":[{"@type":"SearchAction","target":{"@type":"EntryPoint","urlTemplate":"https:\/\/noti-america.com\/site\/principal\/?s={search_term_string}"},"query-input":{"@type":"PropertyValueSpecification","valueRequired":true,"valueName":"search_term_string"}}],"inLanguage":"es"},{"@type":"Person","@id":"https:\/\/noti-america.com\/site\/principal\/#\/schema\/person\/1a24e37c3c358f389f0a111448ddb870","name":"Ydalith Figueroa Kad-Bay","image":{"@type":"ImageObject","inLanguage":"es","@id":"https:\/\/secure.gravatar.com\/avatar\/7d1e350465afd215908c3ed413e32ef600cd41c3c21b95416252432a9f6c219c?s=96&d=mm&r=g","url":"https:\/\/secure.gravatar.com\/avatar\/7d1e350465afd215908c3ed413e32ef600cd41c3c21b95416252432a9f6c219c?s=96&d=mm&r=g","contentUrl":"https:\/\/secure.gravatar.com\/avatar\/7d1e350465afd215908c3ed413e32ef600cd41c3c21b95416252432a9f6c219c?s=96&d=mm&r=g","caption":"Ydalith Figueroa Kad-Bay"},"description":"CEO Noti-America Alemania Embajadora de Venezuela para el Proyecto de Acci\u00f3n Clim\u00e1tica de la ONU, Embajadora para la ense\u00f1anza de los ODS de la ONU, Amplificador de la Acci\u00f3n de los ODS de la ONU, Profesor Voluntario del Proyecto KAKUMA (Educaci\u00f3n de calidad para refugiados en \u00c1frica) UNHCR \u2013 ACNUR - Agencia para los refugiados de la ONU-, Miembro de la ONG Gente Y Ciudad, Embajador de las Instituciones de Microfinanzas \u201cNo a la pobreza ODS #1 de la ONU\u201d (todos tienen derecho a acceso a un cr\u00e9dito), y Voluntario al di\u00e1logo global de UN75. Twitter @ydalithkad email ydalith@yhaoo.com Locutor Profesional 32931 Universidad Central de Venezuela @ISHannover \"Colegio Internacional de Hannover Regi\u00f3n, Alemania\" Representante de Aprendizaje Innovaci\u00f3n y Tecnolog\u00eda #LMS (Sistema de Gesti\u00f3n de Aprendizaje) #LMS Gente y Ciudad &amp; Asesores Internacionales ONG Alemania. ONG \"Gente y Ciudad, Venezuela\" Miembro y Asesor especialista An\u00e1lisis de Pol\u00edtica Internacional Asesor Pol\u00edtico Internacional de Venezuela en la defensa de los Derechos Humanos y el restablecimiento Democr\u00e1tico. Diplomacia positiva y Activa. Pasi\u00f3n por el Golf Proyecto #LMS \"Golf para ni\u00f1os y adultos Internacional\" Pasi\u00f3n por los Postres Proyecto #LMS \"Postres, Que Unen a las Culturas del mundo\"","sameAs":["https:\/\/x.com\/ydalithkad"],"url":"https:\/\/noti-america.com\/site\/principal\/author\/yfigueroa\/"}]}},"_links":{"self":[{"href":"https:\/\/noti-america.com\/site\/principal\/wp-json\/wp\/v2\/posts\/2768","targetHints":{"allow":["GET"]}}],"collection":[{"href":"https:\/\/noti-america.com\/site\/principal\/wp-json\/wp\/v2\/posts"}],"about":[{"href":"https:\/\/noti-america.com\/site\/principal\/wp-json\/wp\/v2\/types\/post"}],"author":[{"embeddable":true,"href":"https:\/\/noti-america.com\/site\/principal\/wp-json\/wp\/v2\/users\/31"}],"replies":[{"embeddable":true,"href":"https:\/\/noti-america.com\/site\/principal\/wp-json\/wp\/v2\/comments?post=2768"}],"version-history":[{"count":1,"href":"https:\/\/noti-america.com\/site\/principal\/wp-json\/wp\/v2\/posts\/2768\/revisions"}],"predecessor-version":[{"id":2770,"href":"https:\/\/noti-america.com\/site\/principal\/wp-json\/wp\/v2\/posts\/2768\/revisions\/2770"}],"wp:featuredmedia":[{"embeddable":true,"href":"https:\/\/noti-america.com\/site\/principal\/wp-json\/wp\/v2\/media\/2769"}],"wp:attachment":[{"href":"https:\/\/noti-america.com\/site\/principal\/wp-json\/wp\/v2\/media?parent=2768"}],"wp:term":[{"taxonomy":"category","embeddable":true,"href":"https:\/\/noti-america.com\/site\/principal\/wp-json\/wp\/v2\/categories?post=2768"},{"taxonomy":"post_tag","embeddable":true,"href":"https:\/\/noti-america.com\/site\/principal\/wp-json\/wp\/v2\/tags?post=2768"}],"curies":[{"name":"wp","href":"https:\/\/api.w.org\/{rel}","templated":true}]}}