{"id":27492,"date":"2023-06-05T14:45:14","date_gmt":"2023-06-05T18:45:14","guid":{"rendered":"https:\/\/noti-america.com\/site\/principal\/?p=27492"},"modified":"2023-06-05T14:45:14","modified_gmt":"2023-06-05T18:45:14","slug":"venezuela-reanuda-comercio-con-aruba-despues-de-cuatro-anos","status":"publish","type":"post","link":"https:\/\/noti-america.com\/site\/principal\/2023\/06\/05\/venezuela-reanuda-comercio-con-aruba-despues-de-cuatro-anos\/","title":{"rendered":"Venezuela reanuda comercio con Aruba despu\u00e9s de cuatro a\u00f1os"},"content":{"rendered":"<p>NOTI-AMERICA.COM | VENEZUELA \u2013 Este domingo 04 de Junio, Venezuela reanud\u00f3 intercambio comercial con Aruba luego de cuatro a\u00f1os, tiempo en el que las fronteras estuvieron cerradas debido a diferencias entre ambos Gobierno.<\/p>\n<p>\u00abAvanzamos en la reactivaci\u00f3n del tr\u00e1nsito mar\u00edtimo con Aruba. Luego de 4 a\u00f1os zarpar\u00e1 la primera embarcaci\u00f3n venezolana desde el puerto de Guaranao, en el estado Falc\u00f3n, con frutas, verduras y otras mercanc\u00edas hacia\u00bb esta isla de Pa\u00edses Bajos en el mar Caribe, indic\u00f3 en Twitter el viceministro para Europa, Franklin Ram\u00edrez.<\/p>\n<p>Medios del estado Falc\u00f3n, explicaron que las embarcaciones \u00abLa Gaviota\u00bb y \u00abEl Maracucho\u00bb fueron las primeras en zarpar esta noche \u00abcon aproximadamente 76 toneladas de frutas y hortalizas\u00bb.<\/p>\n<p>Las fronteras entre\u00a0Venezuela y las islas de Pa\u00edses Bajos\u00a0en el mar Caribe (Aruba, Bonaire y Curazao) mantuvieron restricciones desde febrero de 2019, luego de que el dirigente pol\u00edtico, Juan Guaid\u00f3 intent\u00f3 ingresar al territorio venezolano, sin autorizaci\u00f3n del Gobierno, la ayuda humanitaria que se acopiaba en Brasil y Colombia y las islas Curazao, Bonaire y Aruba.<\/p>\n<p>Sin embargo, en diciembre de 2022, ambos Gobiernos comenzaron una serie de reuniones para enfrentar la situaci\u00f3n y acordaron reabrir las fronteras en abril, cuando tambi\u00e9n reanudaron algunos vuelos comerciales.<\/p>\n","protected":false},"excerpt":{"rendered":"<p>NOTI-AMERICA.COM | VENEZUELA \u2013 Este domingo 04 de Junio, Venezuela reanud\u00f3 intercambio comercial con Aruba luego de cuatro a\u00f1os, tiempo en el que las fronteras estuvieron cerradas debido a diferencias entre ambos Gobierno. \u00abAvanzamos&#46;&#46;&#46;<\/p>\n","protected":false},"author":133,"featured_media":27493,"comment_status":"","ping_status":"open","sticky":false,"template":"","format":"image","meta":{"_acf_changed":false,"rop_custom_images_group":[],"rop_custom_messages_group":[],"rop_publish_now":"initial","rop_publish_now_accounts":{"facebook_10219548024599422_1632221337088128":"","twitter_242054905_242054905":""},"rop_publish_now_history":[],"rop_publish_now_status":"pending","footnotes":""},"categories":[5,100],"tags":[],"class_list":["post-27492","post","type-post","status-publish","format-image","has-post-thumbnail","hentry","category-economia","category-venezuela","post_format-post-format-image"],"acf":[],"yoast_head":"<!-- This site is optimized with the Yoast SEO Premium plugin v24.9 (Yoast SEO v27.2) - https:\/\/yoast.com\/product\/yoast-seo-premium-wordpress\/ -->\n<title>Venezuela reanuda comercio con Aruba despu\u00e9s de cuatro a\u00f1os - Noti-America.com<\/title>\n<meta name=\"robots\" content=\"index, follow, max-snippet:-1, max-image-preview:large, max-video-preview:-1\" \/>\n<link rel=\"canonical\" href=\"https:\/\/noti-america.com\/site\/principal\/2023\/06\/05\/venezuela-reanuda-comercio-con-aruba-despues-de-cuatro-anos\/\" \/>\n<meta property=\"og:locale\" content=\"es_ES\" \/>\n<meta property=\"og:type\" content=\"article\" \/>\n<meta property=\"og:title\" content=\"Venezuela reanuda comercio con Aruba despu\u00e9s de cuatro a\u00f1os\" \/>\n<meta property=\"og:description\" content=\"NOTI-AMERICA.COM | VENEZUELA \u2013 Este domingo 04 de Junio, Venezuela reanud\u00f3 intercambio comercial con Aruba luego de cuatro a\u00f1os, tiempo en el que las fronteras estuvieron cerradas debido a diferencias entre ambos Gobierno. \u00abAvanzamos&#046;&#046;&#046;\" \/>\n<meta property=\"og:url\" content=\"https:\/\/noti-america.com\/site\/principal\/2023\/06\/05\/venezuela-reanuda-comercio-con-aruba-despues-de-cuatro-anos\/\" \/>\n<meta property=\"og:site_name\" content=\"Noti-America.com\" \/>\n<meta property=\"article:author\" content=\"Mar\u00eda Valentina Noguera\" \/>\n<meta property=\"article:published_time\" content=\"2023-06-05T18:45:14+00:00\" \/>\n<meta property=\"og:image\" content=\"https:\/\/noti-america.com\/site\/principal\/wp-content\/uploads\/sites\/26\/2023\/06\/tomates-freepik-768x512-1.jpg\" \/>\n\t<meta property=\"og:image:width\" content=\"768\" \/>\n\t<meta property=\"og:image:height\" content=\"512\" \/>\n\t<meta property=\"og:image:type\" content=\"image\/jpeg\" \/>\n<meta name=\"author\" content=\"Maria Valentina Noguera Medina\" \/>\n<meta name=\"twitter:card\" content=\"summary_large_image\" \/>\n<meta name=\"twitter:label1\" content=\"Escrito por\" \/>\n\t<meta name=\"twitter:data1\" content=\"Maria Valentina Noguera Medina\" \/>\n\t<meta name=\"twitter:label2\" content=\"Tiempo estimado de lectura\" \/>\n\t<meta name=\"twitter:data2\" content=\"1 minuto\" \/>\n<script type=\"application\/ld+json\" class=\"yoast-schema-graph\">{\"@context\":\"https:\/\/schema.org\",\"@graph\":[{\"@type\":\"Article\",\"@id\":\"https:\/\/noti-america.com\/site\/principal\/2023\/06\/05\/venezuela-reanuda-comercio-con-aruba-despues-de-cuatro-anos\/#article\",\"isPartOf\":{\"@id\":\"https:\/\/noti-america.com\/site\/principal\/2023\/06\/05\/venezuela-reanuda-comercio-con-aruba-despues-de-cuatro-anos\/\"},\"author\":{\"name\":\"Maria Valentina Noguera Medina\",\"@id\":\"https:\/\/noti-america.com\/site\/principal\/#\/schema\/person\/22806efcc2cfc4b45efb0e17be210ea8\"},\"headline\":\"Venezuela reanuda comercio con Aruba despu\u00e9s de cuatro a\u00f1os\",\"datePublished\":\"2023-06-05T18:45:14+00:00\",\"mainEntityOfPage\":{\"@id\":\"https:\/\/noti-america.com\/site\/principal\/2023\/06\/05\/venezuela-reanuda-comercio-con-aruba-despues-de-cuatro-anos\/\"},\"wordCount\":222,\"image\":{\"@id\":\"https:\/\/noti-america.com\/site\/principal\/2023\/06\/05\/venezuela-reanuda-comercio-con-aruba-despues-de-cuatro-anos\/#primaryimage\"},\"thumbnailUrl\":\"https:\/\/noti-america.com\/site\/principal\/wp-content\/uploads\/sites\/26\/2023\/06\/tomates-freepik-768x512-1.jpg\",\"articleSection\":[\"Econom\u00eda\",\"Venezuela\"],\"inLanguage\":\"es\"},{\"@type\":\"WebPage\",\"@id\":\"https:\/\/noti-america.com\/site\/principal\/2023\/06\/05\/venezuela-reanuda-comercio-con-aruba-despues-de-cuatro-anos\/\",\"url\":\"https:\/\/noti-america.com\/site\/principal\/2023\/06\/05\/venezuela-reanuda-comercio-con-aruba-despues-de-cuatro-anos\/\",\"name\":\"Venezuela reanuda comercio con Aruba despu\u00e9s de cuatro a\u00f1os - Noti-America.com\",\"isPartOf\":{\"@id\":\"https:\/\/noti-america.com\/site\/principal\/#website\"},\"primaryImageOfPage\":{\"@id\":\"https:\/\/noti-america.com\/site\/principal\/2023\/06\/05\/venezuela-reanuda-comercio-con-aruba-despues-de-cuatro-anos\/#primaryimage\"},\"image\":{\"@id\":\"https:\/\/noti-america.com\/site\/principal\/2023\/06\/05\/venezuela-reanuda-comercio-con-aruba-despues-de-cuatro-anos\/#primaryimage\"},\"thumbnailUrl\":\"https:\/\/noti-america.com\/site\/principal\/wp-content\/uploads\/sites\/26\/2023\/06\/tomates-freepik-768x512-1.jpg\",\"datePublished\":\"2023-06-05T18:45:14+00:00\",\"author\":{\"@id\":\"https:\/\/noti-america.com\/site\/principal\/#\/schema\/person\/22806efcc2cfc4b45efb0e17be210ea8\"},\"breadcrumb\":{\"@id\":\"https:\/\/noti-america.com\/site\/principal\/2023\/06\/05\/venezuela-reanuda-comercio-con-aruba-despues-de-cuatro-anos\/#breadcrumb\"},\"inLanguage\":\"es\",\"potentialAction\":[{\"@type\":\"ReadAction\",\"target\":[\"https:\/\/noti-america.com\/site\/principal\/2023\/06\/05\/venezuela-reanuda-comercio-con-aruba-despues-de-cuatro-anos\/\"]}]},{\"@type\":\"ImageObject\",\"inLanguage\":\"es\",\"@id\":\"https:\/\/noti-america.com\/site\/principal\/2023\/06\/05\/venezuela-reanuda-comercio-con-aruba-despues-de-cuatro-anos\/#primaryimage\",\"url\":\"https:\/\/noti-america.com\/site\/principal\/wp-content\/uploads\/sites\/26\/2023\/06\/tomates-freepik-768x512-1.jpg\",\"contentUrl\":\"https:\/\/noti-america.com\/site\/principal\/wp-content\/uploads\/sites\/26\/2023\/06\/tomates-freepik-768x512-1.jpg\",\"width\":768,\"height\":512},{\"@type\":\"BreadcrumbList\",\"@id\":\"https:\/\/noti-america.com\/site\/principal\/2023\/06\/05\/venezuela-reanuda-comercio-con-aruba-despues-de-cuatro-anos\/#breadcrumb\",\"itemListElement\":[{\"@type\":\"ListItem\",\"position\":1,\"name\":\"Portada\",\"item\":\"https:\/\/noti-america.com\/site\/principal\/\"},{\"@type\":\"ListItem\",\"position\":2,\"name\":\"Venezuela reanuda comercio con Aruba despu\u00e9s de cuatro a\u00f1os\"}]},{\"@type\":\"WebSite\",\"@id\":\"https:\/\/noti-america.com\/site\/principal\/#website\",\"url\":\"https:\/\/noti-america.com\/site\/principal\/\",\"name\":\"Noti-America.com\",\"description\":\"El Noticiero Digital M\u00e1s Grande de Am\u00e9rica\",\"potentialAction\":[{\"@type\":\"SearchAction\",\"target\":{\"@type\":\"EntryPoint\",\"urlTemplate\":\"https:\/\/noti-america.com\/site\/principal\/?s={search_term_string}\"},\"query-input\":{\"@type\":\"PropertyValueSpecification\",\"valueRequired\":true,\"valueName\":\"search_term_string\"}}],\"inLanguage\":\"es\"},{\"@type\":\"Person\",\"@id\":\"https:\/\/noti-america.com\/site\/principal\/#\/schema\/person\/22806efcc2cfc4b45efb0e17be210ea8\",\"name\":\"Maria Valentina Noguera Medina\",\"image\":{\"@type\":\"ImageObject\",\"inLanguage\":\"es\",\"@id\":\"https:\/\/secure.gravatar.com\/avatar\/4ec5eb9d099f2608a49c9df6f7341f66f04f819cdffa09d56a7a0e91d2819d56?s=96&d=mm&r=g\",\"url\":\"https:\/\/secure.gravatar.com\/avatar\/4ec5eb9d099f2608a49c9df6f7341f66f04f819cdffa09d56a7a0e91d2819d56?s=96&d=mm&r=g\",\"contentUrl\":\"https:\/\/secure.gravatar.com\/avatar\/4ec5eb9d099f2608a49c9df6f7341f66f04f819cdffa09d56a7a0e91d2819d56?s=96&d=mm&r=g\",\"caption\":\"Maria Valentina Noguera Medina\"},\"description\":\"Periodista - noti-america - Promar Community Manager - Talento Plus Dise\u00f1adora\/ creadora de contenido...\",\"sameAs\":[\"Mar\u00eda Valentina Noguera\",\"https:\/\/www.facebook.com\/mariavalentina.noguera\",\"https:\/\/www.linkedin.com\/in\/mara-valentina-noguera-medina-373075165\/\",\"https:\/\/www.pinterest.es\/valentinanoguera95\/\",\"https:\/\/www.youtube.com\/channel\/UCdek6mbUZ-Tqqw0I63i4nmQ\"],\"url\":\"https:\/\/noti-america.com\/site\/principal\/author\/mnoguera\/\"}]}<\/script>\n<!-- \/ Yoast SEO Premium plugin. -->","yoast_head_json":{"title":"Venezuela reanuda comercio con Aruba despu\u00e9s de cuatro a\u00f1os - Noti-America.com","robots":{"index":"index","follow":"follow","max-snippet":"max-snippet:-1","max-image-preview":"max-image-preview:large","max-video-preview":"max-video-preview:-1"},"canonical":"https:\/\/noti-america.com\/site\/principal\/2023\/06\/05\/venezuela-reanuda-comercio-con-aruba-despues-de-cuatro-anos\/","og_locale":"es_ES","og_type":"article","og_title":"Venezuela reanuda comercio con Aruba despu\u00e9s de cuatro a\u00f1os","og_description":"NOTI-AMERICA.COM | VENEZUELA \u2013 Este domingo 04 de Junio, Venezuela reanud\u00f3 intercambio comercial con Aruba luego de cuatro a\u00f1os, tiempo en el que las fronteras estuvieron cerradas debido a diferencias entre ambos Gobierno. \u00abAvanzamos&#46;&#46;&#46;","og_url":"https:\/\/noti-america.com\/site\/principal\/2023\/06\/05\/venezuela-reanuda-comercio-con-aruba-despues-de-cuatro-anos\/","og_site_name":"Noti-America.com","article_author":"Mar\u00eda Valentina Noguera","article_published_time":"2023-06-05T18:45:14+00:00","og_image":[{"width":768,"height":512,"url":"https:\/\/noti-america.com\/site\/principal\/wp-content\/uploads\/sites\/26\/2023\/06\/tomates-freepik-768x512-1.jpg","type":"image\/jpeg"}],"author":"Maria Valentina Noguera Medina","twitter_card":"summary_large_image","twitter_misc":{"Escrito por":"Maria Valentina Noguera Medina","Tiempo estimado de lectura":"1 minuto"},"schema":{"@context":"https:\/\/schema.org","@graph":[{"@type":"Article","@id":"https:\/\/noti-america.com\/site\/principal\/2023\/06\/05\/venezuela-reanuda-comercio-con-aruba-despues-de-cuatro-anos\/#article","isPartOf":{"@id":"https:\/\/noti-america.com\/site\/principal\/2023\/06\/05\/venezuela-reanuda-comercio-con-aruba-despues-de-cuatro-anos\/"},"author":{"name":"Maria Valentina Noguera Medina","@id":"https:\/\/noti-america.com\/site\/principal\/#\/schema\/person\/22806efcc2cfc4b45efb0e17be210ea8"},"headline":"Venezuela reanuda comercio con Aruba despu\u00e9s de cuatro a\u00f1os","datePublished":"2023-06-05T18:45:14+00:00","mainEntityOfPage":{"@id":"https:\/\/noti-america.com\/site\/principal\/2023\/06\/05\/venezuela-reanuda-comercio-con-aruba-despues-de-cuatro-anos\/"},"wordCount":222,"image":{"@id":"https:\/\/noti-america.com\/site\/principal\/2023\/06\/05\/venezuela-reanuda-comercio-con-aruba-despues-de-cuatro-anos\/#primaryimage"},"thumbnailUrl":"https:\/\/noti-america.com\/site\/principal\/wp-content\/uploads\/sites\/26\/2023\/06\/tomates-freepik-768x512-1.jpg","articleSection":["Econom\u00eda","Venezuela"],"inLanguage":"es"},{"@type":"WebPage","@id":"https:\/\/noti-america.com\/site\/principal\/2023\/06\/05\/venezuela-reanuda-comercio-con-aruba-despues-de-cuatro-anos\/","url":"https:\/\/noti-america.com\/site\/principal\/2023\/06\/05\/venezuela-reanuda-comercio-con-aruba-despues-de-cuatro-anos\/","name":"Venezuela reanuda comercio con Aruba despu\u00e9s de cuatro a\u00f1os - Noti-America.com","isPartOf":{"@id":"https:\/\/noti-america.com\/site\/principal\/#website"},"primaryImageOfPage":{"@id":"https:\/\/noti-america.com\/site\/principal\/2023\/06\/05\/venezuela-reanuda-comercio-con-aruba-despues-de-cuatro-anos\/#primaryimage"},"image":{"@id":"https:\/\/noti-america.com\/site\/principal\/2023\/06\/05\/venezuela-reanuda-comercio-con-aruba-despues-de-cuatro-anos\/#primaryimage"},"thumbnailUrl":"https:\/\/noti-america.com\/site\/principal\/wp-content\/uploads\/sites\/26\/2023\/06\/tomates-freepik-768x512-1.jpg","datePublished":"2023-06-05T18:45:14+00:00","author":{"@id":"https:\/\/noti-america.com\/site\/principal\/#\/schema\/person\/22806efcc2cfc4b45efb0e17be210ea8"},"breadcrumb":{"@id":"https:\/\/noti-america.com\/site\/principal\/2023\/06\/05\/venezuela-reanuda-comercio-con-aruba-despues-de-cuatro-anos\/#breadcrumb"},"inLanguage":"es","potentialAction":[{"@type":"ReadAction","target":["https:\/\/noti-america.com\/site\/principal\/2023\/06\/05\/venezuela-reanuda-comercio-con-aruba-despues-de-cuatro-anos\/"]}]},{"@type":"ImageObject","inLanguage":"es","@id":"https:\/\/noti-america.com\/site\/principal\/2023\/06\/05\/venezuela-reanuda-comercio-con-aruba-despues-de-cuatro-anos\/#primaryimage","url":"https:\/\/noti-america.com\/site\/principal\/wp-content\/uploads\/sites\/26\/2023\/06\/tomates-freepik-768x512-1.jpg","contentUrl":"https:\/\/noti-america.com\/site\/principal\/wp-content\/uploads\/sites\/26\/2023\/06\/tomates-freepik-768x512-1.jpg","width":768,"height":512},{"@type":"BreadcrumbList","@id":"https:\/\/noti-america.com\/site\/principal\/2023\/06\/05\/venezuela-reanuda-comercio-con-aruba-despues-de-cuatro-anos\/#breadcrumb","itemListElement":[{"@type":"ListItem","position":1,"name":"Portada","item":"https:\/\/noti-america.com\/site\/principal\/"},{"@type":"ListItem","position":2,"name":"Venezuela reanuda comercio con Aruba despu\u00e9s de cuatro a\u00f1os"}]},{"@type":"WebSite","@id":"https:\/\/noti-america.com\/site\/principal\/#website","url":"https:\/\/noti-america.com\/site\/principal\/","name":"Noti-America.com","description":"El Noticiero Digital M\u00e1s Grande de Am\u00e9rica","potentialAction":[{"@type":"SearchAction","target":{"@type":"EntryPoint","urlTemplate":"https:\/\/noti-america.com\/site\/principal\/?s={search_term_string}"},"query-input":{"@type":"PropertyValueSpecification","valueRequired":true,"valueName":"search_term_string"}}],"inLanguage":"es"},{"@type":"Person","@id":"https:\/\/noti-america.com\/site\/principal\/#\/schema\/person\/22806efcc2cfc4b45efb0e17be210ea8","name":"Maria Valentina Noguera Medina","image":{"@type":"ImageObject","inLanguage":"es","@id":"https:\/\/secure.gravatar.com\/avatar\/4ec5eb9d099f2608a49c9df6f7341f66f04f819cdffa09d56a7a0e91d2819d56?s=96&d=mm&r=g","url":"https:\/\/secure.gravatar.com\/avatar\/4ec5eb9d099f2608a49c9df6f7341f66f04f819cdffa09d56a7a0e91d2819d56?s=96&d=mm&r=g","contentUrl":"https:\/\/secure.gravatar.com\/avatar\/4ec5eb9d099f2608a49c9df6f7341f66f04f819cdffa09d56a7a0e91d2819d56?s=96&d=mm&r=g","caption":"Maria Valentina Noguera Medina"},"description":"Periodista - noti-america - Promar Community Manager - Talento Plus Dise\u00f1adora\/ creadora de contenido...","sameAs":["Mar\u00eda Valentina Noguera","https:\/\/www.facebook.com\/mariavalentina.noguera","https:\/\/www.linkedin.com\/in\/mara-valentina-noguera-medina-373075165\/","https:\/\/www.pinterest.es\/valentinanoguera95\/","https:\/\/www.youtube.com\/channel\/UCdek6mbUZ-Tqqw0I63i4nmQ"],"url":"https:\/\/noti-america.com\/site\/principal\/author\/mnoguera\/"}]}},"_links":{"self":[{"href":"https:\/\/noti-america.com\/site\/principal\/wp-json\/wp\/v2\/posts\/27492","targetHints":{"allow":["GET"]}}],"collection":[{"href":"https:\/\/noti-america.com\/site\/principal\/wp-json\/wp\/v2\/posts"}],"about":[{"href":"https:\/\/noti-america.com\/site\/principal\/wp-json\/wp\/v2\/types\/post"}],"author":[{"embeddable":true,"href":"https:\/\/noti-america.com\/site\/principal\/wp-json\/wp\/v2\/users\/133"}],"replies":[{"embeddable":true,"href":"https:\/\/noti-america.com\/site\/principal\/wp-json\/wp\/v2\/comments?post=27492"}],"version-history":[{"count":0,"href":"https:\/\/noti-america.com\/site\/principal\/wp-json\/wp\/v2\/posts\/27492\/revisions"}],"wp:featuredmedia":[{"embeddable":true,"href":"https:\/\/noti-america.com\/site\/principal\/wp-json\/wp\/v2\/media\/27493"}],"wp:attachment":[{"href":"https:\/\/noti-america.com\/site\/principal\/wp-json\/wp\/v2\/media?parent=27492"}],"wp:term":[{"taxonomy":"category","embeddable":true,"href":"https:\/\/noti-america.com\/site\/principal\/wp-json\/wp\/v2\/categories?post=27492"},{"taxonomy":"post_tag","embeddable":true,"href":"https:\/\/noti-america.com\/site\/principal\/wp-json\/wp\/v2\/tags?post=27492"}],"curies":[{"name":"wp","href":"https:\/\/api.w.org\/{rel}","templated":true}]}}