{"id":27419,"date":"2023-06-02T14:27:53","date_gmt":"2023-06-02T18:27:53","guid":{"rendered":"https:\/\/noti-america.com\/site\/principal\/?p=27419"},"modified":"2023-06-02T14:27:53","modified_gmt":"2023-06-02T18:27:53","slug":"mas-de-16-000-efectivos-desplegados-por-lluvias-en-venezuela","status":"publish","type":"post","link":"https:\/\/noti-america.com\/site\/principal\/2023\/06\/02\/mas-de-16-000-efectivos-desplegados-por-lluvias-en-venezuela\/","title":{"rendered":"M\u00e1s de 16.000 efectivos desplegados por lluvias en Venezuela"},"content":{"rendered":"<p>NOTI-AMERICA.COM | VENEZUELA \u2013 El Gobierno de Venezuela inform\u00f3 este mi\u00e9rcoles que m\u00e1s de 16.000 efectivos se encuentran desplegados en todo el pa\u00eds para velar por la seguridad de la poblaci\u00f3n como parte del Plan de Lluvias 2023.<\/p>\n<p>El viceministro para la Gesti\u00f3n de Riesgo y Protecci\u00f3n Civil, Carlos P\u00e9rez Ampueda, declar\u00f3 a medios nacionales que fueron activados los estados mayores de riesgo municipales y estadales.<\/p>\n<p>\u201cNo es m\u00e1s que la articulaci\u00f3n del sistema defensivo territorial Fuerza Armada Nacional Bolivariana (FANB) con el Sistema Nacional de Gesti\u00f3n de Riesgo, con la participaci\u00f3n de Bomberos, Protecci\u00f3n Civil, Voluntarios, entre otros\u201d, se\u00f1al\u00f3.<\/p>\n<p>De igual forma, P\u00e9rez Ampueda indic\u00f3 que las mayores afectaciones reportadas en la v\u00edspera fueron en los estados de Trujillo, M\u00e9rida, el sur del Zulia, Portuguesa, Barinas y Carabobo.<\/p>\n<p>\u201cSe monitorearon muchas precipitaciones y entre los estados afectados tenemos a Portuguesa, en tres de sus municipios: Guanarito, San Genaro y Guanare, sin embargo el estado m\u00e1s afectado fue Carabobo, espec\u00edficamente la parroquia Miguel Pe\u00f1a\u201d, precis\u00f3.<\/p>\n<p>A su vez, el viceministro puntualiz\u00f3 que ocho familias en Barinas se encuentran en refugio temporal mientras se report\u00f3 la afectaci\u00f3n de un dique en el municipio Sucre de Zulia. Asimismo, en la regi\u00f3n central se efectuaron varios monitoreos preventivos.<\/p>\n<p>No obstante, apunt\u00f3 que las lluvias est\u00e1n asociadas al paso y salida de la primera onda tropical, entretanto, asegur\u00f3 que las condiciones \u201cvan a mejorar, en este momento no tenemos reporte de lluvias fuertes en ninguna parte del territorio nacional\u201d.<\/p>\n","protected":false},"excerpt":{"rendered":"<p>NOTI-AMERICA.COM | VENEZUELA \u2013 El Gobierno de Venezuela inform\u00f3 este mi\u00e9rcoles que m\u00e1s de 16.000 efectivos se encuentran desplegados en todo el pa\u00eds para velar por la seguridad de la poblaci\u00f3n como parte del&#46;&#46;&#46;<\/p>\n","protected":false},"author":133,"featured_media":27420,"comment_status":"","ping_status":"open","sticky":false,"template":"","format":"image","meta":{"_acf_changed":false,"rop_custom_images_group":[],"rop_custom_messages_group":[],"rop_publish_now":"initial","rop_publish_now_accounts":{"facebook_10219548024599422_1632221337088128":"","twitter_242054905_242054905":""},"rop_publish_now_history":[],"rop_publish_now_status":"pending","footnotes":""},"categories":[674,100],"tags":[],"class_list":["post-27419","post","type-post","status-publish","format-image","has-post-thumbnail","hentry","category-nacionales","category-venezuela","post_format-post-format-image"],"acf":[],"yoast_head":"<!-- This site is optimized with the Yoast SEO Premium plugin v24.9 (Yoast SEO v27.2) - https:\/\/yoast.com\/product\/yoast-seo-premium-wordpress\/ -->\n<title>M\u00e1s de 16.000 efectivos desplegados por lluvias en Venezuela - Noti-America.com<\/title>\n<meta name=\"robots\" content=\"index, follow, max-snippet:-1, max-image-preview:large, max-video-preview:-1\" \/>\n<link rel=\"canonical\" href=\"https:\/\/noti-america.com\/site\/principal\/2023\/06\/02\/mas-de-16-000-efectivos-desplegados-por-lluvias-en-venezuela\/\" \/>\n<meta property=\"og:locale\" content=\"es_ES\" \/>\n<meta property=\"og:type\" content=\"article\" \/>\n<meta property=\"og:title\" content=\"M\u00e1s de 16.000 efectivos desplegados por lluvias en Venezuela\" \/>\n<meta property=\"og:description\" content=\"NOTI-AMERICA.COM | VENEZUELA \u2013 El Gobierno de Venezuela inform\u00f3 este mi\u00e9rcoles que m\u00e1s de 16.000 efectivos se encuentran desplegados en todo el pa\u00eds para velar por la seguridad de la poblaci\u00f3n como parte del&#046;&#046;&#046;\" \/>\n<meta property=\"og:url\" content=\"https:\/\/noti-america.com\/site\/principal\/2023\/06\/02\/mas-de-16-000-efectivos-desplegados-por-lluvias-en-venezuela\/\" \/>\n<meta property=\"og:site_name\" content=\"Noti-America.com\" \/>\n<meta property=\"article:author\" content=\"Mar\u00eda Valentina Noguera\" \/>\n<meta property=\"article:published_time\" content=\"2023-06-02T18:27:53+00:00\" \/>\n<meta property=\"og:image\" content=\"https:\/\/noti-america.com\/site\/principal\/wp-content\/uploads\/sites\/26\/2023\/06\/xvgrpc__actualizado.jpg_1718483347.jpg\" \/>\n\t<meta property=\"og:image:width\" content=\"600\" \/>\n\t<meta property=\"og:image:height\" content=\"338\" \/>\n\t<meta property=\"og:image:type\" content=\"image\/jpeg\" \/>\n<meta name=\"author\" content=\"Maria Valentina Noguera Medina\" \/>\n<meta name=\"twitter:card\" content=\"summary_large_image\" \/>\n<meta name=\"twitter:label1\" content=\"Escrito por\" \/>\n\t<meta name=\"twitter:data1\" content=\"Maria Valentina Noguera Medina\" \/>\n\t<meta name=\"twitter:label2\" content=\"Tiempo estimado de lectura\" \/>\n\t<meta name=\"twitter:data2\" content=\"2 minutos\" \/>\n<script type=\"application\/ld+json\" class=\"yoast-schema-graph\">{\"@context\":\"https:\/\/schema.org\",\"@graph\":[{\"@type\":\"Article\",\"@id\":\"https:\/\/noti-america.com\/site\/principal\/2023\/06\/02\/mas-de-16-000-efectivos-desplegados-por-lluvias-en-venezuela\/#article\",\"isPartOf\":{\"@id\":\"https:\/\/noti-america.com\/site\/principal\/2023\/06\/02\/mas-de-16-000-efectivos-desplegados-por-lluvias-en-venezuela\/\"},\"author\":{\"name\":\"Maria Valentina Noguera Medina\",\"@id\":\"https:\/\/noti-america.com\/site\/principal\/#\/schema\/person\/22806efcc2cfc4b45efb0e17be210ea8\"},\"headline\":\"M\u00e1s de 16.000 efectivos desplegados por lluvias en Venezuela\",\"datePublished\":\"2023-06-02T18:27:53+00:00\",\"mainEntityOfPage\":{\"@id\":\"https:\/\/noti-america.com\/site\/principal\/2023\/06\/02\/mas-de-16-000-efectivos-desplegados-por-lluvias-en-venezuela\/\"},\"wordCount\":273,\"image\":{\"@id\":\"https:\/\/noti-america.com\/site\/principal\/2023\/06\/02\/mas-de-16-000-efectivos-desplegados-por-lluvias-en-venezuela\/#primaryimage\"},\"thumbnailUrl\":\"https:\/\/noti-america.com\/site\/principal\/wp-content\/uploads\/sites\/26\/2023\/06\/xvgrpc__actualizado.jpg_1718483347.jpg\",\"articleSection\":[\"Nacionales\",\"Venezuela\"],\"inLanguage\":\"es\"},{\"@type\":\"WebPage\",\"@id\":\"https:\/\/noti-america.com\/site\/principal\/2023\/06\/02\/mas-de-16-000-efectivos-desplegados-por-lluvias-en-venezuela\/\",\"url\":\"https:\/\/noti-america.com\/site\/principal\/2023\/06\/02\/mas-de-16-000-efectivos-desplegados-por-lluvias-en-venezuela\/\",\"name\":\"M\u00e1s de 16.000 efectivos desplegados por lluvias en Venezuela - Noti-America.com\",\"isPartOf\":{\"@id\":\"https:\/\/noti-america.com\/site\/principal\/#website\"},\"primaryImageOfPage\":{\"@id\":\"https:\/\/noti-america.com\/site\/principal\/2023\/06\/02\/mas-de-16-000-efectivos-desplegados-por-lluvias-en-venezuela\/#primaryimage\"},\"image\":{\"@id\":\"https:\/\/noti-america.com\/site\/principal\/2023\/06\/02\/mas-de-16-000-efectivos-desplegados-por-lluvias-en-venezuela\/#primaryimage\"},\"thumbnailUrl\":\"https:\/\/noti-america.com\/site\/principal\/wp-content\/uploads\/sites\/26\/2023\/06\/xvgrpc__actualizado.jpg_1718483347.jpg\",\"datePublished\":\"2023-06-02T18:27:53+00:00\",\"author\":{\"@id\":\"https:\/\/noti-america.com\/site\/principal\/#\/schema\/person\/22806efcc2cfc4b45efb0e17be210ea8\"},\"breadcrumb\":{\"@id\":\"https:\/\/noti-america.com\/site\/principal\/2023\/06\/02\/mas-de-16-000-efectivos-desplegados-por-lluvias-en-venezuela\/#breadcrumb\"},\"inLanguage\":\"es\",\"potentialAction\":[{\"@type\":\"ReadAction\",\"target\":[\"https:\/\/noti-america.com\/site\/principal\/2023\/06\/02\/mas-de-16-000-efectivos-desplegados-por-lluvias-en-venezuela\/\"]}]},{\"@type\":\"ImageObject\",\"inLanguage\":\"es\",\"@id\":\"https:\/\/noti-america.com\/site\/principal\/2023\/06\/02\/mas-de-16-000-efectivos-desplegados-por-lluvias-en-venezuela\/#primaryimage\",\"url\":\"https:\/\/noti-america.com\/site\/principal\/wp-content\/uploads\/sites\/26\/2023\/06\/xvgrpc__actualizado.jpg_1718483347.jpg\",\"contentUrl\":\"https:\/\/noti-america.com\/site\/principal\/wp-content\/uploads\/sites\/26\/2023\/06\/xvgrpc__actualizado.jpg_1718483347.jpg\",\"width\":600,\"height\":338},{\"@type\":\"BreadcrumbList\",\"@id\":\"https:\/\/noti-america.com\/site\/principal\/2023\/06\/02\/mas-de-16-000-efectivos-desplegados-por-lluvias-en-venezuela\/#breadcrumb\",\"itemListElement\":[{\"@type\":\"ListItem\",\"position\":1,\"name\":\"Portada\",\"item\":\"https:\/\/noti-america.com\/site\/principal\/\"},{\"@type\":\"ListItem\",\"position\":2,\"name\":\"M\u00e1s de 16.000 efectivos desplegados por lluvias en Venezuela\"}]},{\"@type\":\"WebSite\",\"@id\":\"https:\/\/noti-america.com\/site\/principal\/#website\",\"url\":\"https:\/\/noti-america.com\/site\/principal\/\",\"name\":\"Noti-America.com\",\"description\":\"El Noticiero Digital M\u00e1s Grande de Am\u00e9rica\",\"potentialAction\":[{\"@type\":\"SearchAction\",\"target\":{\"@type\":\"EntryPoint\",\"urlTemplate\":\"https:\/\/noti-america.com\/site\/principal\/?s={search_term_string}\"},\"query-input\":{\"@type\":\"PropertyValueSpecification\",\"valueRequired\":true,\"valueName\":\"search_term_string\"}}],\"inLanguage\":\"es\"},{\"@type\":\"Person\",\"@id\":\"https:\/\/noti-america.com\/site\/principal\/#\/schema\/person\/22806efcc2cfc4b45efb0e17be210ea8\",\"name\":\"Maria Valentina Noguera Medina\",\"image\":{\"@type\":\"ImageObject\",\"inLanguage\":\"es\",\"@id\":\"https:\/\/secure.gravatar.com\/avatar\/4ec5eb9d099f2608a49c9df6f7341f66f04f819cdffa09d56a7a0e91d2819d56?s=96&d=mm&r=g\",\"url\":\"https:\/\/secure.gravatar.com\/avatar\/4ec5eb9d099f2608a49c9df6f7341f66f04f819cdffa09d56a7a0e91d2819d56?s=96&d=mm&r=g\",\"contentUrl\":\"https:\/\/secure.gravatar.com\/avatar\/4ec5eb9d099f2608a49c9df6f7341f66f04f819cdffa09d56a7a0e91d2819d56?s=96&d=mm&r=g\",\"caption\":\"Maria Valentina Noguera Medina\"},\"description\":\"Periodista - noti-america - Promar Community Manager - Talento Plus Dise\u00f1adora\/ creadora de contenido...\",\"sameAs\":[\"Mar\u00eda Valentina Noguera\",\"https:\/\/www.facebook.com\/mariavalentina.noguera\",\"https:\/\/www.linkedin.com\/in\/mara-valentina-noguera-medina-373075165\/\",\"https:\/\/www.pinterest.es\/valentinanoguera95\/\",\"https:\/\/www.youtube.com\/channel\/UCdek6mbUZ-Tqqw0I63i4nmQ\"],\"url\":\"https:\/\/noti-america.com\/site\/principal\/author\/mnoguera\/\"}]}<\/script>\n<!-- \/ Yoast SEO Premium plugin. -->","yoast_head_json":{"title":"M\u00e1s de 16.000 efectivos desplegados por lluvias en Venezuela - Noti-America.com","robots":{"index":"index","follow":"follow","max-snippet":"max-snippet:-1","max-image-preview":"max-image-preview:large","max-video-preview":"max-video-preview:-1"},"canonical":"https:\/\/noti-america.com\/site\/principal\/2023\/06\/02\/mas-de-16-000-efectivos-desplegados-por-lluvias-en-venezuela\/","og_locale":"es_ES","og_type":"article","og_title":"M\u00e1s de 16.000 efectivos desplegados por lluvias en Venezuela","og_description":"NOTI-AMERICA.COM | VENEZUELA \u2013 El Gobierno de Venezuela inform\u00f3 este mi\u00e9rcoles que m\u00e1s de 16.000 efectivos se encuentran desplegados en todo el pa\u00eds para velar por la seguridad de la poblaci\u00f3n como parte del&#46;&#46;&#46;","og_url":"https:\/\/noti-america.com\/site\/principal\/2023\/06\/02\/mas-de-16-000-efectivos-desplegados-por-lluvias-en-venezuela\/","og_site_name":"Noti-America.com","article_author":"Mar\u00eda Valentina Noguera","article_published_time":"2023-06-02T18:27:53+00:00","og_image":[{"width":600,"height":338,"url":"https:\/\/noti-america.com\/site\/principal\/wp-content\/uploads\/sites\/26\/2023\/06\/xvgrpc__actualizado.jpg_1718483347.jpg","type":"image\/jpeg"}],"author":"Maria Valentina Noguera Medina","twitter_card":"summary_large_image","twitter_misc":{"Escrito por":"Maria Valentina Noguera Medina","Tiempo estimado de lectura":"2 minutos"},"schema":{"@context":"https:\/\/schema.org","@graph":[{"@type":"Article","@id":"https:\/\/noti-america.com\/site\/principal\/2023\/06\/02\/mas-de-16-000-efectivos-desplegados-por-lluvias-en-venezuela\/#article","isPartOf":{"@id":"https:\/\/noti-america.com\/site\/principal\/2023\/06\/02\/mas-de-16-000-efectivos-desplegados-por-lluvias-en-venezuela\/"},"author":{"name":"Maria Valentina Noguera Medina","@id":"https:\/\/noti-america.com\/site\/principal\/#\/schema\/person\/22806efcc2cfc4b45efb0e17be210ea8"},"headline":"M\u00e1s de 16.000 efectivos desplegados por lluvias en Venezuela","datePublished":"2023-06-02T18:27:53+00:00","mainEntityOfPage":{"@id":"https:\/\/noti-america.com\/site\/principal\/2023\/06\/02\/mas-de-16-000-efectivos-desplegados-por-lluvias-en-venezuela\/"},"wordCount":273,"image":{"@id":"https:\/\/noti-america.com\/site\/principal\/2023\/06\/02\/mas-de-16-000-efectivos-desplegados-por-lluvias-en-venezuela\/#primaryimage"},"thumbnailUrl":"https:\/\/noti-america.com\/site\/principal\/wp-content\/uploads\/sites\/26\/2023\/06\/xvgrpc__actualizado.jpg_1718483347.jpg","articleSection":["Nacionales","Venezuela"],"inLanguage":"es"},{"@type":"WebPage","@id":"https:\/\/noti-america.com\/site\/principal\/2023\/06\/02\/mas-de-16-000-efectivos-desplegados-por-lluvias-en-venezuela\/","url":"https:\/\/noti-america.com\/site\/principal\/2023\/06\/02\/mas-de-16-000-efectivos-desplegados-por-lluvias-en-venezuela\/","name":"M\u00e1s de 16.000 efectivos desplegados por lluvias en Venezuela - Noti-America.com","isPartOf":{"@id":"https:\/\/noti-america.com\/site\/principal\/#website"},"primaryImageOfPage":{"@id":"https:\/\/noti-america.com\/site\/principal\/2023\/06\/02\/mas-de-16-000-efectivos-desplegados-por-lluvias-en-venezuela\/#primaryimage"},"image":{"@id":"https:\/\/noti-america.com\/site\/principal\/2023\/06\/02\/mas-de-16-000-efectivos-desplegados-por-lluvias-en-venezuela\/#primaryimage"},"thumbnailUrl":"https:\/\/noti-america.com\/site\/principal\/wp-content\/uploads\/sites\/26\/2023\/06\/xvgrpc__actualizado.jpg_1718483347.jpg","datePublished":"2023-06-02T18:27:53+00:00","author":{"@id":"https:\/\/noti-america.com\/site\/principal\/#\/schema\/person\/22806efcc2cfc4b45efb0e17be210ea8"},"breadcrumb":{"@id":"https:\/\/noti-america.com\/site\/principal\/2023\/06\/02\/mas-de-16-000-efectivos-desplegados-por-lluvias-en-venezuela\/#breadcrumb"},"inLanguage":"es","potentialAction":[{"@type":"ReadAction","target":["https:\/\/noti-america.com\/site\/principal\/2023\/06\/02\/mas-de-16-000-efectivos-desplegados-por-lluvias-en-venezuela\/"]}]},{"@type":"ImageObject","inLanguage":"es","@id":"https:\/\/noti-america.com\/site\/principal\/2023\/06\/02\/mas-de-16-000-efectivos-desplegados-por-lluvias-en-venezuela\/#primaryimage","url":"https:\/\/noti-america.com\/site\/principal\/wp-content\/uploads\/sites\/26\/2023\/06\/xvgrpc__actualizado.jpg_1718483347.jpg","contentUrl":"https:\/\/noti-america.com\/site\/principal\/wp-content\/uploads\/sites\/26\/2023\/06\/xvgrpc__actualizado.jpg_1718483347.jpg","width":600,"height":338},{"@type":"BreadcrumbList","@id":"https:\/\/noti-america.com\/site\/principal\/2023\/06\/02\/mas-de-16-000-efectivos-desplegados-por-lluvias-en-venezuela\/#breadcrumb","itemListElement":[{"@type":"ListItem","position":1,"name":"Portada","item":"https:\/\/noti-america.com\/site\/principal\/"},{"@type":"ListItem","position":2,"name":"M\u00e1s de 16.000 efectivos desplegados por lluvias en Venezuela"}]},{"@type":"WebSite","@id":"https:\/\/noti-america.com\/site\/principal\/#website","url":"https:\/\/noti-america.com\/site\/principal\/","name":"Noti-America.com","description":"El Noticiero Digital M\u00e1s Grande de Am\u00e9rica","potentialAction":[{"@type":"SearchAction","target":{"@type":"EntryPoint","urlTemplate":"https:\/\/noti-america.com\/site\/principal\/?s={search_term_string}"},"query-input":{"@type":"PropertyValueSpecification","valueRequired":true,"valueName":"search_term_string"}}],"inLanguage":"es"},{"@type":"Person","@id":"https:\/\/noti-america.com\/site\/principal\/#\/schema\/person\/22806efcc2cfc4b45efb0e17be210ea8","name":"Maria Valentina Noguera Medina","image":{"@type":"ImageObject","inLanguage":"es","@id":"https:\/\/secure.gravatar.com\/avatar\/4ec5eb9d099f2608a49c9df6f7341f66f04f819cdffa09d56a7a0e91d2819d56?s=96&d=mm&r=g","url":"https:\/\/secure.gravatar.com\/avatar\/4ec5eb9d099f2608a49c9df6f7341f66f04f819cdffa09d56a7a0e91d2819d56?s=96&d=mm&r=g","contentUrl":"https:\/\/secure.gravatar.com\/avatar\/4ec5eb9d099f2608a49c9df6f7341f66f04f819cdffa09d56a7a0e91d2819d56?s=96&d=mm&r=g","caption":"Maria Valentina Noguera Medina"},"description":"Periodista - noti-america - Promar Community Manager - Talento Plus Dise\u00f1adora\/ creadora de contenido...","sameAs":["Mar\u00eda Valentina Noguera","https:\/\/www.facebook.com\/mariavalentina.noguera","https:\/\/www.linkedin.com\/in\/mara-valentina-noguera-medina-373075165\/","https:\/\/www.pinterest.es\/valentinanoguera95\/","https:\/\/www.youtube.com\/channel\/UCdek6mbUZ-Tqqw0I63i4nmQ"],"url":"https:\/\/noti-america.com\/site\/principal\/author\/mnoguera\/"}]}},"_links":{"self":[{"href":"https:\/\/noti-america.com\/site\/principal\/wp-json\/wp\/v2\/posts\/27419","targetHints":{"allow":["GET"]}}],"collection":[{"href":"https:\/\/noti-america.com\/site\/principal\/wp-json\/wp\/v2\/posts"}],"about":[{"href":"https:\/\/noti-america.com\/site\/principal\/wp-json\/wp\/v2\/types\/post"}],"author":[{"embeddable":true,"href":"https:\/\/noti-america.com\/site\/principal\/wp-json\/wp\/v2\/users\/133"}],"replies":[{"embeddable":true,"href":"https:\/\/noti-america.com\/site\/principal\/wp-json\/wp\/v2\/comments?post=27419"}],"version-history":[{"count":0,"href":"https:\/\/noti-america.com\/site\/principal\/wp-json\/wp\/v2\/posts\/27419\/revisions"}],"wp:featuredmedia":[{"embeddable":true,"href":"https:\/\/noti-america.com\/site\/principal\/wp-json\/wp\/v2\/media\/27420"}],"wp:attachment":[{"href":"https:\/\/noti-america.com\/site\/principal\/wp-json\/wp\/v2\/media?parent=27419"}],"wp:term":[{"taxonomy":"category","embeddable":true,"href":"https:\/\/noti-america.com\/site\/principal\/wp-json\/wp\/v2\/categories?post=27419"},{"taxonomy":"post_tag","embeddable":true,"href":"https:\/\/noti-america.com\/site\/principal\/wp-json\/wp\/v2\/tags?post=27419"}],"curies":[{"name":"wp","href":"https:\/\/api.w.org\/{rel}","templated":true}]}}