{"id":27403,"date":"2023-06-01T23:09:34","date_gmt":"2023-06-02T03:09:34","guid":{"rendered":"https:\/\/noti-america.com\/site\/principal\/?p=27403"},"modified":"2023-06-01T23:09:34","modified_gmt":"2023-06-02T03:09:34","slug":"anuncio-que-apuesta-por-la-sostenibilidad-desde-el-retail","status":"publish","type":"post","link":"https:\/\/noti-america.com\/site\/principal\/2023\/06\/01\/anuncio-que-apuesta-por-la-sostenibilidad-desde-el-retail\/","title":{"rendered":"Anuncio que apuesta por la sostenibilidad desde el retail"},"content":{"rendered":"<p>NOTI-AMERICA.COM<\/p>\n<p>Seg\u00fan cifras de WWF, el 42% del pl\u00e1stico utilizado en el mundo se destina al <strong>empaquetado de alimentos y productos manufacturados, <\/strong>es decir, pl\u00e1sticos de un solo uso que apenas pasan unos minutos en las manos de los consumidores. Adem\u00e1s, se desperdicia el 75% de todo el pl\u00e1stico que se produce, eso sin contar que para que una bolsa se degrade son necesarios 55 a\u00f1os y aproximadamente 500 para que lo haga una botella del mismo material.<\/p>\n<p>Estas alarmantes cifras sobre la crisis mundial de contaminaci\u00f3n por pl\u00e1sticos continuar\u00e1 agrav\u00e1ndose a menos que todos los actores de la cadena de valor de pl\u00e1sticos se vuelvan m\u00e1s conscientes del verdadero costo que representan para la naturaleza y las personas.<\/p>\n<p style=\"text-align: justify\">\u00a0la cadena de retail Carulla anunci\u00f3 el d\u00eda de hoy, en el pre\u00e1mbulo del d\u00eda mundial del medio ambiente, tomo la decisi\u00f3n de eliminar las bolsas pl\u00e1sticas en sus puntos de venta y en las compras digitales.<\/p>\n<p style=\"text-align: justify\">Andr\u00e9s Restrepo, gerente corporativo de Carulla indica: \u00abEn nuestra apuesta responsable por la sostenibilidad hemos encontrado que el 64% de nuestros clientes, alrededor de 252.000 a nivel nacional, se han concientizado y traen su bolsa cuando hacen sus compras, esto es importante que todos repliquemos este mensaje en nuestros entornos y as\u00ed que podamos ver la reducci\u00f3n de uso de pl\u00e1sticos de un solo uso.<\/p>\n<p style=\"text-align: justify\">Adem\u00e1s, los clientes que lleven bolsas reutilizables para sus compras recibir\u00e1n Puntos Colombia como reconocimiento y un beneficio por cuidar el planeta, \u00abporque cuidarlo es responsabilidad de todos\u00bb.<\/p>\n<p style=\"text-align: justify\">Esto refuerza a\u00fan m\u00e1s todas las acciones de la marca en materia de sostenibilidad, como, por ejemplo, ser <b>el primer &#8216;retail&#8217; carbono neutro en Latinoam\u00e9rica con sus fresh markets.<\/b><\/p>\n<p>Con este anuncio, Carulla se convierte en el primer retail de alimentos de Colombia en tomar esta determinaci\u00f3n y da la opci\u00f3n a sus clientes digitales de escoger no utilizar bolsa o adquirir las opciones de menor impacto disponibles para que reciban sus compras.<\/p>\n<p>&nbsp;<\/p>\n<p>&nbsp;<\/p>\n<p>&nbsp;<\/p>\n<p>&nbsp;<\/p>\n","protected":false},"excerpt":{"rendered":"<p>NOTI-AMERICA.COM Seg\u00fan cifras de WWF, el 42% del pl\u00e1stico utilizado en el mundo se destina al empaquetado de alimentos y productos manufacturados, es decir, pl\u00e1sticos de un solo uso que apenas pasan unos minutos&#46;&#46;&#46;<\/p>\n","protected":false},"author":135,"featured_media":27404,"comment_status":"","ping_status":"open","sticky":false,"template":"","format":"image","meta":{"_acf_changed":false,"rop_custom_images_group":[],"rop_custom_messages_group":[],"rop_publish_now":"initial","rop_publish_now_accounts":{"facebook_10219548024599422_1632221337088128":"","twitter_242054905_242054905":""},"rop_publish_now_history":[],"rop_publish_now_status":"pending","footnotes":""},"categories":[886,624],"tags":[],"class_list":["post-27403","post","type-post","status-publish","format-image","has-post-thumbnail","hentry","category-acturalidad","category-medio-ambiente","post_format-post-format-image"],"acf":[],"yoast_head":"<!-- This site is optimized with the Yoast SEO Premium plugin v24.9 (Yoast SEO v27.2) - https:\/\/yoast.com\/product\/yoast-seo-premium-wordpress\/ -->\n<title>Anuncio que apuesta por la sostenibilidad desde el retail - Noti-America.com<\/title>\n<meta name=\"robots\" content=\"index, follow, max-snippet:-1, max-image-preview:large, max-video-preview:-1\" \/>\n<link rel=\"canonical\" href=\"https:\/\/noti-america.com\/site\/principal\/2023\/06\/01\/anuncio-que-apuesta-por-la-sostenibilidad-desde-el-retail\/\" \/>\n<meta property=\"og:locale\" content=\"es_ES\" \/>\n<meta property=\"og:type\" content=\"article\" \/>\n<meta property=\"og:title\" content=\"Anuncio que apuesta por la sostenibilidad desde el retail\" \/>\n<meta property=\"og:description\" content=\"NOTI-AMERICA.COM Seg\u00fan cifras de WWF, el 42% del pl\u00e1stico utilizado en el mundo se destina al empaquetado de alimentos y productos manufacturados, es decir, pl\u00e1sticos de un solo uso que apenas pasan unos minutos&#046;&#046;&#046;\" \/>\n<meta property=\"og:url\" content=\"https:\/\/noti-america.com\/site\/principal\/2023\/06\/01\/anuncio-que-apuesta-por-la-sostenibilidad-desde-el-retail\/\" \/>\n<meta property=\"og:site_name\" content=\"Noti-America.com\" \/>\n<meta property=\"article:published_time\" content=\"2023-06-02T03:09:34+00:00\" \/>\n<meta property=\"og:image\" content=\"https:\/\/noti-america.com\/site\/principal\/wp-content\/uploads\/sites\/26\/2023\/06\/33302281_10156446457253330_8109584848319938560_n.jpg\" \/>\n\t<meta property=\"og:image:width\" content=\"800\" \/>\n\t<meta property=\"og:image:height\" content=\"450\" \/>\n\t<meta property=\"og:image:type\" content=\"image\/jpeg\" \/>\n<meta name=\"author\" content=\"mlenis\" \/>\n<meta name=\"twitter:card\" content=\"summary_large_image\" \/>\n<meta name=\"twitter:label1\" content=\"Escrito por\" \/>\n\t<meta name=\"twitter:data1\" content=\"mlenis\" \/>\n\t<meta name=\"twitter:label2\" content=\"Tiempo estimado de lectura\" \/>\n\t<meta name=\"twitter:data2\" content=\"2 minutos\" \/>\n<script type=\"application\/ld+json\" class=\"yoast-schema-graph\">{\"@context\":\"https:\/\/schema.org\",\"@graph\":[{\"@type\":\"Article\",\"@id\":\"https:\/\/noti-america.com\/site\/principal\/2023\/06\/01\/anuncio-que-apuesta-por-la-sostenibilidad-desde-el-retail\/#article\",\"isPartOf\":{\"@id\":\"https:\/\/noti-america.com\/site\/principal\/2023\/06\/01\/anuncio-que-apuesta-por-la-sostenibilidad-desde-el-retail\/\"},\"author\":{\"name\":\"mlenis\",\"@id\":\"https:\/\/noti-america.com\/site\/principal\/#\/schema\/person\/4b216aa1c65f5f3ee2a0f0ee69a3f85f\"},\"headline\":\"Anuncio que apuesta por la sostenibilidad desde el retail\",\"datePublished\":\"2023-06-02T03:09:34+00:00\",\"mainEntityOfPage\":{\"@id\":\"https:\/\/noti-america.com\/site\/principal\/2023\/06\/01\/anuncio-que-apuesta-por-la-sostenibilidad-desde-el-retail\/\"},\"wordCount\":356,\"image\":{\"@id\":\"https:\/\/noti-america.com\/site\/principal\/2023\/06\/01\/anuncio-que-apuesta-por-la-sostenibilidad-desde-el-retail\/#primaryimage\"},\"thumbnailUrl\":\"https:\/\/noti-america.com\/site\/principal\/wp-content\/uploads\/sites\/26\/2023\/06\/33302281_10156446457253330_8109584848319938560_n.jpg\",\"articleSection\":[\"Actualidad\",\"Medio ambiente\"],\"inLanguage\":\"es\"},{\"@type\":\"WebPage\",\"@id\":\"https:\/\/noti-america.com\/site\/principal\/2023\/06\/01\/anuncio-que-apuesta-por-la-sostenibilidad-desde-el-retail\/\",\"url\":\"https:\/\/noti-america.com\/site\/principal\/2023\/06\/01\/anuncio-que-apuesta-por-la-sostenibilidad-desde-el-retail\/\",\"name\":\"Anuncio que apuesta por la sostenibilidad desde el retail - Noti-America.com\",\"isPartOf\":{\"@id\":\"https:\/\/noti-america.com\/site\/principal\/#website\"},\"primaryImageOfPage\":{\"@id\":\"https:\/\/noti-america.com\/site\/principal\/2023\/06\/01\/anuncio-que-apuesta-por-la-sostenibilidad-desde-el-retail\/#primaryimage\"},\"image\":{\"@id\":\"https:\/\/noti-america.com\/site\/principal\/2023\/06\/01\/anuncio-que-apuesta-por-la-sostenibilidad-desde-el-retail\/#primaryimage\"},\"thumbnailUrl\":\"https:\/\/noti-america.com\/site\/principal\/wp-content\/uploads\/sites\/26\/2023\/06\/33302281_10156446457253330_8109584848319938560_n.jpg\",\"datePublished\":\"2023-06-02T03:09:34+00:00\",\"author\":{\"@id\":\"https:\/\/noti-america.com\/site\/principal\/#\/schema\/person\/4b216aa1c65f5f3ee2a0f0ee69a3f85f\"},\"breadcrumb\":{\"@id\":\"https:\/\/noti-america.com\/site\/principal\/2023\/06\/01\/anuncio-que-apuesta-por-la-sostenibilidad-desde-el-retail\/#breadcrumb\"},\"inLanguage\":\"es\",\"potentialAction\":[{\"@type\":\"ReadAction\",\"target\":[\"https:\/\/noti-america.com\/site\/principal\/2023\/06\/01\/anuncio-que-apuesta-por-la-sostenibilidad-desde-el-retail\/\"]}]},{\"@type\":\"ImageObject\",\"inLanguage\":\"es\",\"@id\":\"https:\/\/noti-america.com\/site\/principal\/2023\/06\/01\/anuncio-que-apuesta-por-la-sostenibilidad-desde-el-retail\/#primaryimage\",\"url\":\"https:\/\/noti-america.com\/site\/principal\/wp-content\/uploads\/sites\/26\/2023\/06\/33302281_10156446457253330_8109584848319938560_n.jpg\",\"contentUrl\":\"https:\/\/noti-america.com\/site\/principal\/wp-content\/uploads\/sites\/26\/2023\/06\/33302281_10156446457253330_8109584848319938560_n.jpg\",\"width\":800,\"height\":450},{\"@type\":\"BreadcrumbList\",\"@id\":\"https:\/\/noti-america.com\/site\/principal\/2023\/06\/01\/anuncio-que-apuesta-por-la-sostenibilidad-desde-el-retail\/#breadcrumb\",\"itemListElement\":[{\"@type\":\"ListItem\",\"position\":1,\"name\":\"Portada\",\"item\":\"https:\/\/noti-america.com\/site\/principal\/\"},{\"@type\":\"ListItem\",\"position\":2,\"name\":\"Anuncio que apuesta por la sostenibilidad desde el retail\"}]},{\"@type\":\"WebSite\",\"@id\":\"https:\/\/noti-america.com\/site\/principal\/#website\",\"url\":\"https:\/\/noti-america.com\/site\/principal\/\",\"name\":\"Noti-America.com\",\"description\":\"El Noticiero Digital M\u00e1s Grande de Am\u00e9rica\",\"potentialAction\":[{\"@type\":\"SearchAction\",\"target\":{\"@type\":\"EntryPoint\",\"urlTemplate\":\"https:\/\/noti-america.com\/site\/principal\/?s={search_term_string}\"},\"query-input\":{\"@type\":\"PropertyValueSpecification\",\"valueRequired\":true,\"valueName\":\"search_term_string\"}}],\"inLanguage\":\"es\"},{\"@type\":\"Person\",\"@id\":\"https:\/\/noti-america.com\/site\/principal\/#\/schema\/person\/4b216aa1c65f5f3ee2a0f0ee69a3f85f\",\"name\":\"mlenis\",\"image\":{\"@type\":\"ImageObject\",\"inLanguage\":\"es\",\"@id\":\"https:\/\/secure.gravatar.com\/avatar\/71bbe7129a082888d49bedca63e7a6e75ca485c648bb239a7515a2a55acd510f?s=96&d=mm&r=g\",\"url\":\"https:\/\/secure.gravatar.com\/avatar\/71bbe7129a082888d49bedca63e7a6e75ca485c648bb239a7515a2a55acd510f?s=96&d=mm&r=g\",\"contentUrl\":\"https:\/\/secure.gravatar.com\/avatar\/71bbe7129a082888d49bedca63e7a6e75ca485c648bb239a7515a2a55acd510f?s=96&d=mm&r=g\",\"caption\":\"mlenis\"},\"url\":\"https:\/\/noti-america.com\/site\/principal\/author\/mlenis\/\"}]}<\/script>\n<!-- \/ Yoast SEO Premium plugin. -->","yoast_head_json":{"title":"Anuncio que apuesta por la sostenibilidad desde el retail - Noti-America.com","robots":{"index":"index","follow":"follow","max-snippet":"max-snippet:-1","max-image-preview":"max-image-preview:large","max-video-preview":"max-video-preview:-1"},"canonical":"https:\/\/noti-america.com\/site\/principal\/2023\/06\/01\/anuncio-que-apuesta-por-la-sostenibilidad-desde-el-retail\/","og_locale":"es_ES","og_type":"article","og_title":"Anuncio que apuesta por la sostenibilidad desde el retail","og_description":"NOTI-AMERICA.COM Seg\u00fan cifras de WWF, el 42% del pl\u00e1stico utilizado en el mundo se destina al empaquetado de alimentos y productos manufacturados, es decir, pl\u00e1sticos de un solo uso que apenas pasan unos minutos&#46;&#46;&#46;","og_url":"https:\/\/noti-america.com\/site\/principal\/2023\/06\/01\/anuncio-que-apuesta-por-la-sostenibilidad-desde-el-retail\/","og_site_name":"Noti-America.com","article_published_time":"2023-06-02T03:09:34+00:00","og_image":[{"width":800,"height":450,"url":"https:\/\/noti-america.com\/site\/principal\/wp-content\/uploads\/sites\/26\/2023\/06\/33302281_10156446457253330_8109584848319938560_n.jpg","type":"image\/jpeg"}],"author":"mlenis","twitter_card":"summary_large_image","twitter_misc":{"Escrito por":"mlenis","Tiempo estimado de lectura":"2 minutos"},"schema":{"@context":"https:\/\/schema.org","@graph":[{"@type":"Article","@id":"https:\/\/noti-america.com\/site\/principal\/2023\/06\/01\/anuncio-que-apuesta-por-la-sostenibilidad-desde-el-retail\/#article","isPartOf":{"@id":"https:\/\/noti-america.com\/site\/principal\/2023\/06\/01\/anuncio-que-apuesta-por-la-sostenibilidad-desde-el-retail\/"},"author":{"name":"mlenis","@id":"https:\/\/noti-america.com\/site\/principal\/#\/schema\/person\/4b216aa1c65f5f3ee2a0f0ee69a3f85f"},"headline":"Anuncio que apuesta por la sostenibilidad desde el retail","datePublished":"2023-06-02T03:09:34+00:00","mainEntityOfPage":{"@id":"https:\/\/noti-america.com\/site\/principal\/2023\/06\/01\/anuncio-que-apuesta-por-la-sostenibilidad-desde-el-retail\/"},"wordCount":356,"image":{"@id":"https:\/\/noti-america.com\/site\/principal\/2023\/06\/01\/anuncio-que-apuesta-por-la-sostenibilidad-desde-el-retail\/#primaryimage"},"thumbnailUrl":"https:\/\/noti-america.com\/site\/principal\/wp-content\/uploads\/sites\/26\/2023\/06\/33302281_10156446457253330_8109584848319938560_n.jpg","articleSection":["Actualidad","Medio ambiente"],"inLanguage":"es"},{"@type":"WebPage","@id":"https:\/\/noti-america.com\/site\/principal\/2023\/06\/01\/anuncio-que-apuesta-por-la-sostenibilidad-desde-el-retail\/","url":"https:\/\/noti-america.com\/site\/principal\/2023\/06\/01\/anuncio-que-apuesta-por-la-sostenibilidad-desde-el-retail\/","name":"Anuncio que apuesta por la sostenibilidad desde el retail - Noti-America.com","isPartOf":{"@id":"https:\/\/noti-america.com\/site\/principal\/#website"},"primaryImageOfPage":{"@id":"https:\/\/noti-america.com\/site\/principal\/2023\/06\/01\/anuncio-que-apuesta-por-la-sostenibilidad-desde-el-retail\/#primaryimage"},"image":{"@id":"https:\/\/noti-america.com\/site\/principal\/2023\/06\/01\/anuncio-que-apuesta-por-la-sostenibilidad-desde-el-retail\/#primaryimage"},"thumbnailUrl":"https:\/\/noti-america.com\/site\/principal\/wp-content\/uploads\/sites\/26\/2023\/06\/33302281_10156446457253330_8109584848319938560_n.jpg","datePublished":"2023-06-02T03:09:34+00:00","author":{"@id":"https:\/\/noti-america.com\/site\/principal\/#\/schema\/person\/4b216aa1c65f5f3ee2a0f0ee69a3f85f"},"breadcrumb":{"@id":"https:\/\/noti-america.com\/site\/principal\/2023\/06\/01\/anuncio-que-apuesta-por-la-sostenibilidad-desde-el-retail\/#breadcrumb"},"inLanguage":"es","potentialAction":[{"@type":"ReadAction","target":["https:\/\/noti-america.com\/site\/principal\/2023\/06\/01\/anuncio-que-apuesta-por-la-sostenibilidad-desde-el-retail\/"]}]},{"@type":"ImageObject","inLanguage":"es","@id":"https:\/\/noti-america.com\/site\/principal\/2023\/06\/01\/anuncio-que-apuesta-por-la-sostenibilidad-desde-el-retail\/#primaryimage","url":"https:\/\/noti-america.com\/site\/principal\/wp-content\/uploads\/sites\/26\/2023\/06\/33302281_10156446457253330_8109584848319938560_n.jpg","contentUrl":"https:\/\/noti-america.com\/site\/principal\/wp-content\/uploads\/sites\/26\/2023\/06\/33302281_10156446457253330_8109584848319938560_n.jpg","width":800,"height":450},{"@type":"BreadcrumbList","@id":"https:\/\/noti-america.com\/site\/principal\/2023\/06\/01\/anuncio-que-apuesta-por-la-sostenibilidad-desde-el-retail\/#breadcrumb","itemListElement":[{"@type":"ListItem","position":1,"name":"Portada","item":"https:\/\/noti-america.com\/site\/principal\/"},{"@type":"ListItem","position":2,"name":"Anuncio que apuesta por la sostenibilidad desde el retail"}]},{"@type":"WebSite","@id":"https:\/\/noti-america.com\/site\/principal\/#website","url":"https:\/\/noti-america.com\/site\/principal\/","name":"Noti-America.com","description":"El Noticiero Digital M\u00e1s Grande de Am\u00e9rica","potentialAction":[{"@type":"SearchAction","target":{"@type":"EntryPoint","urlTemplate":"https:\/\/noti-america.com\/site\/principal\/?s={search_term_string}"},"query-input":{"@type":"PropertyValueSpecification","valueRequired":true,"valueName":"search_term_string"}}],"inLanguage":"es"},{"@type":"Person","@id":"https:\/\/noti-america.com\/site\/principal\/#\/schema\/person\/4b216aa1c65f5f3ee2a0f0ee69a3f85f","name":"mlenis","image":{"@type":"ImageObject","inLanguage":"es","@id":"https:\/\/secure.gravatar.com\/avatar\/71bbe7129a082888d49bedca63e7a6e75ca485c648bb239a7515a2a55acd510f?s=96&d=mm&r=g","url":"https:\/\/secure.gravatar.com\/avatar\/71bbe7129a082888d49bedca63e7a6e75ca485c648bb239a7515a2a55acd510f?s=96&d=mm&r=g","contentUrl":"https:\/\/secure.gravatar.com\/avatar\/71bbe7129a082888d49bedca63e7a6e75ca485c648bb239a7515a2a55acd510f?s=96&d=mm&r=g","caption":"mlenis"},"url":"https:\/\/noti-america.com\/site\/principal\/author\/mlenis\/"}]}},"_links":{"self":[{"href":"https:\/\/noti-america.com\/site\/principal\/wp-json\/wp\/v2\/posts\/27403","targetHints":{"allow":["GET"]}}],"collection":[{"href":"https:\/\/noti-america.com\/site\/principal\/wp-json\/wp\/v2\/posts"}],"about":[{"href":"https:\/\/noti-america.com\/site\/principal\/wp-json\/wp\/v2\/types\/post"}],"author":[{"embeddable":true,"href":"https:\/\/noti-america.com\/site\/principal\/wp-json\/wp\/v2\/users\/135"}],"replies":[{"embeddable":true,"href":"https:\/\/noti-america.com\/site\/principal\/wp-json\/wp\/v2\/comments?post=27403"}],"version-history":[{"count":0,"href":"https:\/\/noti-america.com\/site\/principal\/wp-json\/wp\/v2\/posts\/27403\/revisions"}],"wp:featuredmedia":[{"embeddable":true,"href":"https:\/\/noti-america.com\/site\/principal\/wp-json\/wp\/v2\/media\/27404"}],"wp:attachment":[{"href":"https:\/\/noti-america.com\/site\/principal\/wp-json\/wp\/v2\/media?parent=27403"}],"wp:term":[{"taxonomy":"category","embeddable":true,"href":"https:\/\/noti-america.com\/site\/principal\/wp-json\/wp\/v2\/categories?post=27403"},{"taxonomy":"post_tag","embeddable":true,"href":"https:\/\/noti-america.com\/site\/principal\/wp-json\/wp\/v2\/tags?post=27403"}],"curies":[{"name":"wp","href":"https:\/\/api.w.org\/{rel}","templated":true}]}}