{"id":26362,"date":"2023-05-06T11:31:03","date_gmt":"2023-05-06T15:31:03","guid":{"rendered":"https:\/\/noti-america.com\/site\/principal\/?p=26362"},"modified":"2023-05-06T07:40:54","modified_gmt":"2023-05-06T11:40:54","slug":"reino-unido-corona-a-su-rey-carlos-iii-en-un-dia-para-la-historia","status":"publish","type":"post","link":"https:\/\/noti-america.com\/site\/principal\/2023\/05\/06\/reino-unido-corona-a-su-rey-carlos-iii-en-un-dia-para-la-historia\/","title":{"rendered":"Reino Unido corona a su rey Carlos III en un d\u00eda para la historia"},"content":{"rendered":"<p>NOTI-AMERICA.COM | VENEZUELA \u2013La fastuosa ceremonia de coronaci\u00f3n de Carlos III y su esposa Camila, evento in\u00e9dito en el Reino Unido desde hace 70 a\u00f1os, comenz\u00f3 el s\u00e1bado en Londres, maculado antes de su inicio por la detenci\u00f3n de varias personas que pretend\u00edan manifestarse.<\/p>\n<p>El rey, de 74 a\u00f1os, y su esposa de 75 llegaron a la Abad\u00eda de Westminster tras una breve procesi\u00f3n en carroza desde el Palacio de Buckingham.<\/p>\n<p>Pese a la persistente lluvia, miles de admiradores se agolparon a lo largo del recorrido para saludarlos.<\/p>\n<p>\u00abEstamos muy orgullosos de ser brit\u00e1nicos\u00bb, dijo a la AFP Phyllis Taylor, de 60 a\u00f1os, que viaj\u00f3 a Londres desde Escocia con su marido para \u00abesta ocasi\u00f3n tan especial\u00bb.<\/p>\n<p>En su camino, la pareja real tambi\u00e9n pas\u00f3 ante las pancartas amarillas del grupo antimon\u00e1rquico Republic, en las que se lee \u00abNo es mi rey\u00bb. Un grupo de estos activistas fue detenido cuando se preparaba para protestar.<\/p>\n<p>Una veintena de miembros del grupo ecologista Just Stop Oil fueron asimismo detenidos y esposados en la zona, seg\u00fan vio un fot\u00f3grafo de la AFP.<\/p>\n<p>Esto \u00abes algo que esperar\u00edamos ver en Mosc\u00fa, no en Londres\u00bb, denunci\u00f3 Yasmine Ahmed, responsable de la ONG Human Rights Watch.<\/p>\n<p>\u00abLas protestas pac\u00edficas permiten pedir cuentas a quienes est\u00e1n en el poder, algo a lo que el gobierno brit\u00e1nico parece ser cada vez m\u00e1s reacio\u00bb, agreg\u00f3 en referencia a una nueva ley aprobada urgentemente esta semana, que concede mayores poderes a la polic\u00eda contra las protestas.<\/p>\n<p>&nbsp;<\/p>\n<h2>Ritual milenario<\/h2>\n<p>Unos 2.300 invitados presencian la ceremonia religiosa en la Abad\u00eda de Westminster, entre ellos la primera dama estadounidense Jill Biden, el presidente brasile\u00f1o Luiz In\u00e1cio Lula da Silva y los reyes Felipe VI y Letizia de Espa\u00f1a, adem\u00e1s de cientos de representantes de la sociedad civil brit\u00e1nica.<\/p>\n<p>Ante sus ojos, y los de millones de telespectadores, Carlos III y Camila entraron solemnemente, vestidos con capas ceremoniales, para ser consagrados en la cima de la monarqu\u00eda brit\u00e1nica, ocho meses despu\u00e9s de subir al trono tras la muerte de Isabel II, que rein\u00f3 durante siete d\u00e9cadas.<\/p>\n<p>Aunque el rey quiso una ceremonia m\u00e1s moderna y sencilla que la de su madre, en un contexto de grave crisis por el disparado coste de la vida, esta se desarrolla seg\u00fan un pomposo ritual pr\u00e1cticamente inmutable desde hace mil a\u00f1os, \u00fanico entre las monarqu\u00edas europeas.<\/p>\n<p>Se utilizar\u00e1n tres coronas engarzadas de diamantes y piedras preciosas, varios ropajes antiguos bordados con oro que el rey ir\u00e1 vistiendo en distintas fases de la ceremonia, tres cetros y un par de espuelas de oro.<\/p>\n<p>En un gui\u00f1o a las preocupaciones modernas, el \u00f3leo que se usar\u00e1 en la unci\u00f3n ser\u00e1 vegano, aunque consagrado como exige la tradici\u00f3n en la iglesia del Santo Sepulcro de Jerusal\u00e9n, donde los cristianos creen que fue enterrado Jes\u00fas.<\/p>\n<p>En la parte considerada m\u00e1s sagrada de la ceremonia, el arzobispo de Canterbury, l\u00edder espiritual de la Iglesia de Inglaterra, de la cual el rey es el jefe m\u00e1ximo, ungir\u00e1 las manos, el pecho y la cabeza de Carlos III y de Camila, ocultos de la vista de todos por una pantalla.<\/p>\n<p>Previamente, el monarca habr\u00e1 sido presentado a los asistentes, que lo reconocer\u00e1n con salvas y resonar de trompetas. Y con la mano sobre la Biblia, prestar\u00e1 juramento.<\/p>\n<p>La parte central del acto llegar\u00e1 cuando el arzobispo Justin Welby coloque sobre su cabeza la espectacular corona de San Eduardo, que solo se lleva en el momento de la coronaci\u00f3n.<\/p>\n<p>Sustituyendo el tradicional homenaje de los arist\u00f3cratas, el religioso invitar\u00e1 a todas las personas, desde donde est\u00e9n viendo o escuchando, a jurar lealtad al nuevo rey, una primicia hist\u00f3rica que busca la democratizaci\u00f3n de la ceremonia, pero que provoc\u00f3 fuertes cr\u00edticas.<\/p>\n<p>Acompa\u00f1ados por miles de militares y miembros de la realeza, los monarcas regresar\u00e1n en una nueva procesi\u00f3n al Palacio de Buckingham, donde junto a su familia saludar\u00e1n a la multitud desde el balc\u00f3n.<\/p>\n<p>Enrique, de 38 a\u00f1os, hijo menor de Carlos y enemistado con la familia real, asisti\u00f3 a la coronaci\u00f3n sin su esposa, la estadounidense Meghan Markle, que se qued\u00f3 en California con sus dos hijos.<\/p>\n<p>No se prev\u00e9 que aparezca en el balc\u00f3n, salvo que haya un gesto de reconciliaci\u00f3n entre la familia y el pr\u00edncipe, que lanz\u00f3 duras cr\u00edticas contra la monarqu\u00eda, especialmente contra la reina Camila y su hermano Guillermo, heredero al trono de 40 a\u00f1os.<\/p>\n<p>&nbsp;<\/p>\n<p><del><img loading=\"lazy\" decoding=\"async\" class=\"alignnone size-medium wp-image-26363\" src=\"https:\/\/noti-america.com\/site\/principal\/wp-content\/uploads\/sites\/26\/2023\/05\/000_33EJ37R-696x459-1-300x198.jpg\" alt=\"\" width=\"300\" height=\"198\" srcset=\"https:\/\/noti-america.com\/site\/principal\/wp-content\/uploads\/sites\/26\/2023\/05\/000_33EJ37R-696x459-1-300x198.jpg 300w, https:\/\/noti-america.com\/site\/principal\/wp-content\/uploads\/sites\/26\/2023\/05\/000_33EJ37R-696x459-1-600x396.jpg 600w, https:\/\/noti-america.com\/site\/principal\/wp-content\/uploads\/sites\/26\/2023\/05\/000_33EJ37R-696x459-1.jpg 696w\" sizes=\"auto, (max-width: 300px) 100vw, 300px\" \/><\/del><\/p>\n<p>&nbsp;<\/p>\n<p>&nbsp;<\/p>\n<p>&nbsp;<\/p>\n<p>&nbsp;<\/p>\n","protected":false},"excerpt":{"rendered":"<p>NOTI-AMERICA.COM | VENEZUELA \u2013La fastuosa ceremonia de coronaci\u00f3n de Carlos III y su esposa Camila, evento in\u00e9dito en el Reino Unido desde hace 70 a\u00f1os, comenz\u00f3 el s\u00e1bado en Londres, maculado antes de su&#46;&#46;&#46;<\/p>\n","protected":false},"author":133,"featured_media":26365,"comment_status":"closed","ping_status":"open","sticky":false,"template":"","format":"image","meta":{"_acf_changed":false,"rop_custom_images_group":[],"rop_custom_messages_group":[],"rop_publish_now":"initial","rop_publish_now_accounts":{"facebook_10219548024599422_1632221337088128":"","twitter_242054905_242054905":""},"rop_publish_now_history":[],"rop_publish_now_status":"pending","footnotes":""},"categories":[886],"tags":[],"class_list":["post-26362","post","type-post","status-publish","format-image","has-post-thumbnail","hentry","category-acturalidad","post_format-post-format-image"],"acf":[],"yoast_head":"<!-- This site is optimized with the Yoast SEO Premium plugin v24.9 (Yoast SEO v27.2) - https:\/\/yoast.com\/product\/yoast-seo-premium-wordpress\/ -->\n<title>Reino Unido corona a su rey Carlos III en un d\u00eda para la historia - Noti-America.com<\/title>\n<meta name=\"robots\" content=\"index, follow, max-snippet:-1, max-image-preview:large, max-video-preview:-1\" \/>\n<link rel=\"canonical\" href=\"https:\/\/noti-america.com\/site\/principal\/2023\/05\/06\/reino-unido-corona-a-su-rey-carlos-iii-en-un-dia-para-la-historia\/\" \/>\n<meta property=\"og:locale\" content=\"es_ES\" \/>\n<meta property=\"og:type\" content=\"article\" \/>\n<meta property=\"og:title\" content=\"Reino Unido corona a su rey Carlos III en un d\u00eda para la historia\" \/>\n<meta property=\"og:description\" content=\"NOTI-AMERICA.COM | VENEZUELA \u2013La fastuosa ceremonia de coronaci\u00f3n de Carlos III y su esposa Camila, evento in\u00e9dito en el Reino Unido desde hace 70 a\u00f1os, comenz\u00f3 el s\u00e1bado en Londres, maculado antes de su&#046;&#046;&#046;\" \/>\n<meta property=\"og:url\" content=\"https:\/\/noti-america.com\/site\/principal\/2023\/05\/06\/reino-unido-corona-a-su-rey-carlos-iii-en-un-dia-para-la-historia\/\" \/>\n<meta property=\"og:site_name\" content=\"Noti-America.com\" \/>\n<meta property=\"article:author\" content=\"Mar\u00eda Valentina Noguera\" \/>\n<meta property=\"article:published_time\" content=\"2023-05-06T15:31:03+00:00\" \/>\n<meta property=\"og:image\" content=\"https:\/\/noti-america.com\/site\/principal\/wp-content\/uploads\/sites\/26\/2023\/05\/NYO3POFGMREKVKVY6QPJVTJIKI.jpg\" \/>\n\t<meta property=\"og:image:width\" content=\"828\" \/>\n\t<meta property=\"og:image:height\" content=\"466\" \/>\n\t<meta property=\"og:image:type\" content=\"image\/jpeg\" \/>\n<meta name=\"author\" content=\"Maria Valentina Noguera Medina\" \/>\n<meta name=\"twitter:card\" content=\"summary_large_image\" \/>\n<meta name=\"twitter:label1\" content=\"Escrito por\" \/>\n\t<meta name=\"twitter:data1\" content=\"Maria Valentina Noguera Medina\" \/>\n\t<meta name=\"twitter:label2\" content=\"Tiempo estimado de lectura\" \/>\n\t<meta name=\"twitter:data2\" content=\"4 minutos\" \/>\n<script type=\"application\/ld+json\" class=\"yoast-schema-graph\">{\"@context\":\"https:\/\/schema.org\",\"@graph\":[{\"@type\":\"Article\",\"@id\":\"https:\/\/noti-america.com\/site\/principal\/2023\/05\/06\/reino-unido-corona-a-su-rey-carlos-iii-en-un-dia-para-la-historia\/#article\",\"isPartOf\":{\"@id\":\"https:\/\/noti-america.com\/site\/principal\/2023\/05\/06\/reino-unido-corona-a-su-rey-carlos-iii-en-un-dia-para-la-historia\/\"},\"author\":{\"name\":\"Maria Valentina Noguera Medina\",\"@id\":\"https:\/\/noti-america.com\/site\/principal\/#\/schema\/person\/22806efcc2cfc4b45efb0e17be210ea8\"},\"headline\":\"Reino Unido corona a su rey Carlos III en un d\u00eda para la historia\",\"datePublished\":\"2023-05-06T15:31:03+00:00\",\"mainEntityOfPage\":{\"@id\":\"https:\/\/noti-america.com\/site\/principal\/2023\/05\/06\/reino-unido-corona-a-su-rey-carlos-iii-en-un-dia-para-la-historia\/\"},\"wordCount\":804,\"image\":{\"@id\":\"https:\/\/noti-america.com\/site\/principal\/2023\/05\/06\/reino-unido-corona-a-su-rey-carlos-iii-en-un-dia-para-la-historia\/#primaryimage\"},\"thumbnailUrl\":\"https:\/\/noti-america.com\/site\/principal\/wp-content\/uploads\/sites\/26\/2023\/05\/NYO3POFGMREKVKVY6QPJVTJIKI.jpg\",\"articleSection\":[\"Actualidad\"],\"inLanguage\":\"es\"},{\"@type\":\"WebPage\",\"@id\":\"https:\/\/noti-america.com\/site\/principal\/2023\/05\/06\/reino-unido-corona-a-su-rey-carlos-iii-en-un-dia-para-la-historia\/\",\"url\":\"https:\/\/noti-america.com\/site\/principal\/2023\/05\/06\/reino-unido-corona-a-su-rey-carlos-iii-en-un-dia-para-la-historia\/\",\"name\":\"Reino Unido corona a su rey Carlos III en un d\u00eda para la historia - Noti-America.com\",\"isPartOf\":{\"@id\":\"https:\/\/noti-america.com\/site\/principal\/#website\"},\"primaryImageOfPage\":{\"@id\":\"https:\/\/noti-america.com\/site\/principal\/2023\/05\/06\/reino-unido-corona-a-su-rey-carlos-iii-en-un-dia-para-la-historia\/#primaryimage\"},\"image\":{\"@id\":\"https:\/\/noti-america.com\/site\/principal\/2023\/05\/06\/reino-unido-corona-a-su-rey-carlos-iii-en-un-dia-para-la-historia\/#primaryimage\"},\"thumbnailUrl\":\"https:\/\/noti-america.com\/site\/principal\/wp-content\/uploads\/sites\/26\/2023\/05\/NYO3POFGMREKVKVY6QPJVTJIKI.jpg\",\"datePublished\":\"2023-05-06T15:31:03+00:00\",\"author\":{\"@id\":\"https:\/\/noti-america.com\/site\/principal\/#\/schema\/person\/22806efcc2cfc4b45efb0e17be210ea8\"},\"breadcrumb\":{\"@id\":\"https:\/\/noti-america.com\/site\/principal\/2023\/05\/06\/reino-unido-corona-a-su-rey-carlos-iii-en-un-dia-para-la-historia\/#breadcrumb\"},\"inLanguage\":\"es\",\"potentialAction\":[{\"@type\":\"ReadAction\",\"target\":[\"https:\/\/noti-america.com\/site\/principal\/2023\/05\/06\/reino-unido-corona-a-su-rey-carlos-iii-en-un-dia-para-la-historia\/\"]}]},{\"@type\":\"ImageObject\",\"inLanguage\":\"es\",\"@id\":\"https:\/\/noti-america.com\/site\/principal\/2023\/05\/06\/reino-unido-corona-a-su-rey-carlos-iii-en-un-dia-para-la-historia\/#primaryimage\",\"url\":\"https:\/\/noti-america.com\/site\/principal\/wp-content\/uploads\/sites\/26\/2023\/05\/NYO3POFGMREKVKVY6QPJVTJIKI.jpg\",\"contentUrl\":\"https:\/\/noti-america.com\/site\/principal\/wp-content\/uploads\/sites\/26\/2023\/05\/NYO3POFGMREKVKVY6QPJVTJIKI.jpg\",\"width\":828,\"height\":466},{\"@type\":\"BreadcrumbList\",\"@id\":\"https:\/\/noti-america.com\/site\/principal\/2023\/05\/06\/reino-unido-corona-a-su-rey-carlos-iii-en-un-dia-para-la-historia\/#breadcrumb\",\"itemListElement\":[{\"@type\":\"ListItem\",\"position\":1,\"name\":\"Portada\",\"item\":\"https:\/\/noti-america.com\/site\/principal\/\"},{\"@type\":\"ListItem\",\"position\":2,\"name\":\"Reino Unido corona a su rey Carlos III en un d\u00eda para la historia\"}]},{\"@type\":\"WebSite\",\"@id\":\"https:\/\/noti-america.com\/site\/principal\/#website\",\"url\":\"https:\/\/noti-america.com\/site\/principal\/\",\"name\":\"Noti-America.com\",\"description\":\"El Noticiero Digital M\u00e1s Grande de Am\u00e9rica\",\"potentialAction\":[{\"@type\":\"SearchAction\",\"target\":{\"@type\":\"EntryPoint\",\"urlTemplate\":\"https:\/\/noti-america.com\/site\/principal\/?s={search_term_string}\"},\"query-input\":{\"@type\":\"PropertyValueSpecification\",\"valueRequired\":true,\"valueName\":\"search_term_string\"}}],\"inLanguage\":\"es\"},{\"@type\":\"Person\",\"@id\":\"https:\/\/noti-america.com\/site\/principal\/#\/schema\/person\/22806efcc2cfc4b45efb0e17be210ea8\",\"name\":\"Maria Valentina Noguera Medina\",\"image\":{\"@type\":\"ImageObject\",\"inLanguage\":\"es\",\"@id\":\"https:\/\/secure.gravatar.com\/avatar\/4ec5eb9d099f2608a49c9df6f7341f66f04f819cdffa09d56a7a0e91d2819d56?s=96&d=mm&r=g\",\"url\":\"https:\/\/secure.gravatar.com\/avatar\/4ec5eb9d099f2608a49c9df6f7341f66f04f819cdffa09d56a7a0e91d2819d56?s=96&d=mm&r=g\",\"contentUrl\":\"https:\/\/secure.gravatar.com\/avatar\/4ec5eb9d099f2608a49c9df6f7341f66f04f819cdffa09d56a7a0e91d2819d56?s=96&d=mm&r=g\",\"caption\":\"Maria Valentina Noguera Medina\"},\"description\":\"Periodista - noti-america - Promar Community Manager - Talento Plus Dise\u00f1adora\/ creadora de contenido...\",\"sameAs\":[\"Mar\u00eda Valentina Noguera\",\"https:\/\/www.facebook.com\/mariavalentina.noguera\",\"https:\/\/www.linkedin.com\/in\/mara-valentina-noguera-medina-373075165\/\",\"https:\/\/www.pinterest.es\/valentinanoguera95\/\",\"https:\/\/www.youtube.com\/channel\/UCdek6mbUZ-Tqqw0I63i4nmQ\"],\"url\":\"https:\/\/noti-america.com\/site\/principal\/author\/mnoguera\/\"}]}<\/script>\n<!-- \/ Yoast SEO Premium plugin. -->","yoast_head_json":{"title":"Reino Unido corona a su rey Carlos III en un d\u00eda para la historia - Noti-America.com","robots":{"index":"index","follow":"follow","max-snippet":"max-snippet:-1","max-image-preview":"max-image-preview:large","max-video-preview":"max-video-preview:-1"},"canonical":"https:\/\/noti-america.com\/site\/principal\/2023\/05\/06\/reino-unido-corona-a-su-rey-carlos-iii-en-un-dia-para-la-historia\/","og_locale":"es_ES","og_type":"article","og_title":"Reino Unido corona a su rey Carlos III en un d\u00eda para la historia","og_description":"NOTI-AMERICA.COM | VENEZUELA \u2013La fastuosa ceremonia de coronaci\u00f3n de Carlos III y su esposa Camila, evento in\u00e9dito en el Reino Unido desde hace 70 a\u00f1os, comenz\u00f3 el s\u00e1bado en Londres, maculado antes de su&#46;&#46;&#46;","og_url":"https:\/\/noti-america.com\/site\/principal\/2023\/05\/06\/reino-unido-corona-a-su-rey-carlos-iii-en-un-dia-para-la-historia\/","og_site_name":"Noti-America.com","article_author":"Mar\u00eda Valentina Noguera","article_published_time":"2023-05-06T15:31:03+00:00","og_image":[{"width":828,"height":466,"url":"https:\/\/noti-america.com\/site\/principal\/wp-content\/uploads\/sites\/26\/2023\/05\/NYO3POFGMREKVKVY6QPJVTJIKI.jpg","type":"image\/jpeg"}],"author":"Maria Valentina Noguera Medina","twitter_card":"summary_large_image","twitter_misc":{"Escrito por":"Maria Valentina Noguera Medina","Tiempo estimado de lectura":"4 minutos"},"schema":{"@context":"https:\/\/schema.org","@graph":[{"@type":"Article","@id":"https:\/\/noti-america.com\/site\/principal\/2023\/05\/06\/reino-unido-corona-a-su-rey-carlos-iii-en-un-dia-para-la-historia\/#article","isPartOf":{"@id":"https:\/\/noti-america.com\/site\/principal\/2023\/05\/06\/reino-unido-corona-a-su-rey-carlos-iii-en-un-dia-para-la-historia\/"},"author":{"name":"Maria Valentina Noguera Medina","@id":"https:\/\/noti-america.com\/site\/principal\/#\/schema\/person\/22806efcc2cfc4b45efb0e17be210ea8"},"headline":"Reino Unido corona a su rey Carlos III en un d\u00eda para la historia","datePublished":"2023-05-06T15:31:03+00:00","mainEntityOfPage":{"@id":"https:\/\/noti-america.com\/site\/principal\/2023\/05\/06\/reino-unido-corona-a-su-rey-carlos-iii-en-un-dia-para-la-historia\/"},"wordCount":804,"image":{"@id":"https:\/\/noti-america.com\/site\/principal\/2023\/05\/06\/reino-unido-corona-a-su-rey-carlos-iii-en-un-dia-para-la-historia\/#primaryimage"},"thumbnailUrl":"https:\/\/noti-america.com\/site\/principal\/wp-content\/uploads\/sites\/26\/2023\/05\/NYO3POFGMREKVKVY6QPJVTJIKI.jpg","articleSection":["Actualidad"],"inLanguage":"es"},{"@type":"WebPage","@id":"https:\/\/noti-america.com\/site\/principal\/2023\/05\/06\/reino-unido-corona-a-su-rey-carlos-iii-en-un-dia-para-la-historia\/","url":"https:\/\/noti-america.com\/site\/principal\/2023\/05\/06\/reino-unido-corona-a-su-rey-carlos-iii-en-un-dia-para-la-historia\/","name":"Reino Unido corona a su rey Carlos III en un d\u00eda para la historia - Noti-America.com","isPartOf":{"@id":"https:\/\/noti-america.com\/site\/principal\/#website"},"primaryImageOfPage":{"@id":"https:\/\/noti-america.com\/site\/principal\/2023\/05\/06\/reino-unido-corona-a-su-rey-carlos-iii-en-un-dia-para-la-historia\/#primaryimage"},"image":{"@id":"https:\/\/noti-america.com\/site\/principal\/2023\/05\/06\/reino-unido-corona-a-su-rey-carlos-iii-en-un-dia-para-la-historia\/#primaryimage"},"thumbnailUrl":"https:\/\/noti-america.com\/site\/principal\/wp-content\/uploads\/sites\/26\/2023\/05\/NYO3POFGMREKVKVY6QPJVTJIKI.jpg","datePublished":"2023-05-06T15:31:03+00:00","author":{"@id":"https:\/\/noti-america.com\/site\/principal\/#\/schema\/person\/22806efcc2cfc4b45efb0e17be210ea8"},"breadcrumb":{"@id":"https:\/\/noti-america.com\/site\/principal\/2023\/05\/06\/reino-unido-corona-a-su-rey-carlos-iii-en-un-dia-para-la-historia\/#breadcrumb"},"inLanguage":"es","potentialAction":[{"@type":"ReadAction","target":["https:\/\/noti-america.com\/site\/principal\/2023\/05\/06\/reino-unido-corona-a-su-rey-carlos-iii-en-un-dia-para-la-historia\/"]}]},{"@type":"ImageObject","inLanguage":"es","@id":"https:\/\/noti-america.com\/site\/principal\/2023\/05\/06\/reino-unido-corona-a-su-rey-carlos-iii-en-un-dia-para-la-historia\/#primaryimage","url":"https:\/\/noti-america.com\/site\/principal\/wp-content\/uploads\/sites\/26\/2023\/05\/NYO3POFGMREKVKVY6QPJVTJIKI.jpg","contentUrl":"https:\/\/noti-america.com\/site\/principal\/wp-content\/uploads\/sites\/26\/2023\/05\/NYO3POFGMREKVKVY6QPJVTJIKI.jpg","width":828,"height":466},{"@type":"BreadcrumbList","@id":"https:\/\/noti-america.com\/site\/principal\/2023\/05\/06\/reino-unido-corona-a-su-rey-carlos-iii-en-un-dia-para-la-historia\/#breadcrumb","itemListElement":[{"@type":"ListItem","position":1,"name":"Portada","item":"https:\/\/noti-america.com\/site\/principal\/"},{"@type":"ListItem","position":2,"name":"Reino Unido corona a su rey Carlos III en un d\u00eda para la historia"}]},{"@type":"WebSite","@id":"https:\/\/noti-america.com\/site\/principal\/#website","url":"https:\/\/noti-america.com\/site\/principal\/","name":"Noti-America.com","description":"El Noticiero Digital M\u00e1s Grande de Am\u00e9rica","potentialAction":[{"@type":"SearchAction","target":{"@type":"EntryPoint","urlTemplate":"https:\/\/noti-america.com\/site\/principal\/?s={search_term_string}"},"query-input":{"@type":"PropertyValueSpecification","valueRequired":true,"valueName":"search_term_string"}}],"inLanguage":"es"},{"@type":"Person","@id":"https:\/\/noti-america.com\/site\/principal\/#\/schema\/person\/22806efcc2cfc4b45efb0e17be210ea8","name":"Maria Valentina Noguera Medina","image":{"@type":"ImageObject","inLanguage":"es","@id":"https:\/\/secure.gravatar.com\/avatar\/4ec5eb9d099f2608a49c9df6f7341f66f04f819cdffa09d56a7a0e91d2819d56?s=96&d=mm&r=g","url":"https:\/\/secure.gravatar.com\/avatar\/4ec5eb9d099f2608a49c9df6f7341f66f04f819cdffa09d56a7a0e91d2819d56?s=96&d=mm&r=g","contentUrl":"https:\/\/secure.gravatar.com\/avatar\/4ec5eb9d099f2608a49c9df6f7341f66f04f819cdffa09d56a7a0e91d2819d56?s=96&d=mm&r=g","caption":"Maria Valentina Noguera Medina"},"description":"Periodista - noti-america - Promar Community Manager - Talento Plus Dise\u00f1adora\/ creadora de contenido...","sameAs":["Mar\u00eda Valentina Noguera","https:\/\/www.facebook.com\/mariavalentina.noguera","https:\/\/www.linkedin.com\/in\/mara-valentina-noguera-medina-373075165\/","https:\/\/www.pinterest.es\/valentinanoguera95\/","https:\/\/www.youtube.com\/channel\/UCdek6mbUZ-Tqqw0I63i4nmQ"],"url":"https:\/\/noti-america.com\/site\/principal\/author\/mnoguera\/"}]}},"_links":{"self":[{"href":"https:\/\/noti-america.com\/site\/principal\/wp-json\/wp\/v2\/posts\/26362","targetHints":{"allow":["GET"]}}],"collection":[{"href":"https:\/\/noti-america.com\/site\/principal\/wp-json\/wp\/v2\/posts"}],"about":[{"href":"https:\/\/noti-america.com\/site\/principal\/wp-json\/wp\/v2\/types\/post"}],"author":[{"embeddable":true,"href":"https:\/\/noti-america.com\/site\/principal\/wp-json\/wp\/v2\/users\/133"}],"replies":[{"embeddable":true,"href":"https:\/\/noti-america.com\/site\/principal\/wp-json\/wp\/v2\/comments?post=26362"}],"version-history":[{"count":1,"href":"https:\/\/noti-america.com\/site\/principal\/wp-json\/wp\/v2\/posts\/26362\/revisions"}],"predecessor-version":[{"id":26364,"href":"https:\/\/noti-america.com\/site\/principal\/wp-json\/wp\/v2\/posts\/26362\/revisions\/26364"}],"wp:featuredmedia":[{"embeddable":true,"href":"https:\/\/noti-america.com\/site\/principal\/wp-json\/wp\/v2\/media\/26365"}],"wp:attachment":[{"href":"https:\/\/noti-america.com\/site\/principal\/wp-json\/wp\/v2\/media?parent=26362"}],"wp:term":[{"taxonomy":"category","embeddable":true,"href":"https:\/\/noti-america.com\/site\/principal\/wp-json\/wp\/v2\/categories?post=26362"},{"taxonomy":"post_tag","embeddable":true,"href":"https:\/\/noti-america.com\/site\/principal\/wp-json\/wp\/v2\/tags?post=26362"}],"curies":[{"name":"wp","href":"https:\/\/api.w.org\/{rel}","templated":true}]}}