{"id":26202,"date":"2023-05-03T14:43:02","date_gmt":"2023-05-03T18:43:02","guid":{"rendered":"https:\/\/noti-america.com\/site\/principal\/?p=26202"},"modified":"2023-05-03T14:43:02","modified_gmt":"2023-05-03T18:43:02","slug":"estados-unidos-enviara-mil-500-militares-a-frontera-con-mexico","status":"publish","type":"post","link":"https:\/\/noti-america.com\/site\/principal\/2023\/05\/03\/estados-unidos-enviara-mil-500-militares-a-frontera-con-mexico\/","title":{"rendered":"Estados Unidos enviar\u00e1 mil 500 militares a frontera con M\u00e9xico"},"content":{"rendered":"<p>NOTI-AMERICA.COM | M\u00c9XICO \u2013 El Gobierno estadounidense enviar\u00e1 mil 500 soldados en servicio activo a la frontera con M\u00e9xico a partir de la pr\u00f3xima semana, en anticipaci\u00f3n a un previsible aumento en las llegadas de migrantes\u00a0cuando se levanten las restricciones vigentes durante la pandemia.<\/p>\n<p style=\"text-align: justify\">El personal militar se encargar\u00e1 de capturar datos, apoyo a almacenes y otras tareas administrativas para que la Oficina de Aduanas y Protecci\u00f3n Fronteriza pueda concentrarse en el trabajo de campo, declar\u00f3 la vocera de la Casa Blanca, Karine Jean-Pierre.\u00a0Los soldados \u201cno ejercer\u00e1n funciones policiales ni interactuar\u00e1n con migrantes o inmigrantes\u201d, afirm\u00f3 Jean-Pierre. \u201cEllo dejar\u00e1 libre a los agentes de la Patrulla Fronteriza para que puedan cumplir con sus importantes labores policiales\u201d.<\/p>\n<p style=\"text-align: justify\">Los militares, que cumplir\u00e1n esta misi\u00f3n por 90 d\u00edas, provendr\u00e1n del Ej\u00e9rcito y del Cuerpo de Infanter\u00eda de Marina, y el secretario de Defensa, Lloyd Austin, buscar\u00e1 cubrir el faltante con efectivos de la Guardia Nacional o la Reserva durante ese periodo, inform\u00f3 el portavoz del Pent\u00e1gono, general de brigada de la Fuerza A\u00e9rea Pat Ryder.\u00a0Actualmente hay dos mil 500 elementos de la Guardia Nacional destacados en la frontera.<\/p>\n<p style=\"text-align: justify\">Las restricciones por el COVID-19 han permitido a Estados Unidos rechazar a miles de migrantes que cruzan la frontera, pero ser\u00e1n levantadas el 11 de mayo, y las autoridades fronterizas se preparan para un muy probable incremento en el n\u00famero de llegadas. Incluso en medio de las restricciones, el Gobierno ha registrado cifras sin precedentes de personas que cruzan la frontera desde M\u00e9xico, y el presidente Joe Biden ha respondido con medidas contra quienes ingresen de manera ilegal, y con la creaci\u00f3n de nuevas rutas para ofrecer alternativas a la peligrosa y a menudo mortal traves\u00eda.<\/p>\n<p style=\"text-align: justify\">Para Biden, que hace una semana anunci\u00f3 su campa\u00f1a de reelecci\u00f3n,\u00a0la decisi\u00f3n muestra que su Gobierno efect\u00faa un esfuerzo serio para reducir el n\u00famero de cruces ilegales por ser un posible punto de cr\u00edticas republicanas, y env\u00eda un mensaje a quienes busquen ingresar indebidamente de que no intenten la traves\u00eda. Pero tambi\u00e9n puede acarrearle comparaciones indeseables con su predecesor republicano, cuyas pol\u00edticas son criticadas con frecuencia por el propio Biden. El Congreso, por su parte, se ha rehusado a impulsar medidas sustanciales relacionadas con la inmigraci\u00f3n.<\/p>\n<p style=\"text-align: justify\">El ex presidente Donald Trump despleg\u00f3 soldados en activo en la frontera para que ayudaran al personal de la Patrulla Fronteriza en el procesamiento de grandes caravanas de migrantes, adem\u00e1s de los elementos de la Guardia Nacional que ya trabajaban en esa capacidad. Jean-Pierre rest\u00f3 importancia a cualquier similitud entre la forma.<\/p>\n","protected":false},"excerpt":{"rendered":"<p>NOTI-AMERICA.COM | M\u00c9XICO \u2013 El Gobierno estadounidense enviar\u00e1 mil 500 soldados en servicio activo a la frontera con M\u00e9xico a partir de la pr\u00f3xima semana, en anticipaci\u00f3n a un previsible aumento en las llegadas&#46;&#46;&#46;<\/p>\n","protected":false},"author":133,"featured_media":26203,"comment_status":"","ping_status":"open","sticky":false,"template":"","format":"image","meta":{"_acf_changed":false,"rop_custom_images_group":[],"rop_custom_messages_group":[],"rop_publish_now":"initial","rop_publish_now_accounts":{"facebook_10219548024599422_1632221337088128":"","twitter_242054905_242054905":""},"rop_publish_now_history":[],"rop_publish_now_status":"pending","footnotes":""},"categories":[663],"tags":[],"class_list":["post-26202","post","type-post","status-publish","format-image","has-post-thumbnail","hentry","category-actualidad","post_format-post-format-image"],"acf":[],"yoast_head":"<!-- This site is optimized with the Yoast SEO Premium plugin v24.9 (Yoast SEO v27.2) - https:\/\/yoast.com\/product\/yoast-seo-premium-wordpress\/ -->\n<title>Estados Unidos enviar\u00e1 mil 500 militares a frontera con M\u00e9xico - Noti-America.com<\/title>\n<meta name=\"robots\" content=\"index, follow, max-snippet:-1, max-image-preview:large, max-video-preview:-1\" \/>\n<link rel=\"canonical\" href=\"https:\/\/noti-america.com\/site\/principal\/2023\/05\/03\/estados-unidos-enviara-mil-500-militares-a-frontera-con-mexico\/\" \/>\n<meta property=\"og:locale\" content=\"es_ES\" \/>\n<meta property=\"og:type\" content=\"article\" \/>\n<meta property=\"og:title\" content=\"Estados Unidos enviar\u00e1 mil 500 militares a frontera con M\u00e9xico\" \/>\n<meta property=\"og:description\" content=\"NOTI-AMERICA.COM | M\u00c9XICO \u2013 El Gobierno estadounidense enviar\u00e1 mil 500 soldados en servicio activo a la frontera con M\u00e9xico a partir de la pr\u00f3xima semana, en anticipaci\u00f3n a un previsible aumento en las llegadas&#046;&#046;&#046;\" \/>\n<meta property=\"og:url\" content=\"https:\/\/noti-america.com\/site\/principal\/2023\/05\/03\/estados-unidos-enviara-mil-500-militares-a-frontera-con-mexico\/\" \/>\n<meta property=\"og:site_name\" content=\"Noti-America.com\" \/>\n<meta property=\"article:author\" content=\"Mar\u00eda Valentina Noguera\" \/>\n<meta property=\"article:published_time\" content=\"2023-05-03T18:43:02+00:00\" \/>\n<meta property=\"og:image\" content=\"https:\/\/noti-america.com\/site\/principal\/wp-content\/uploads\/sites\/26\/2023\/05\/migrantes-estados-unidos-centros-detencion-prision-27042023.jpeg\" \/>\n\t<meta property=\"og:image:width\" content=\"600\" \/>\n\t<meta property=\"og:image:height\" content=\"375\" \/>\n\t<meta property=\"og:image:type\" content=\"image\/jpeg\" \/>\n<meta name=\"author\" content=\"Maria Valentina Noguera Medina\" \/>\n<meta name=\"twitter:card\" content=\"summary_large_image\" \/>\n<meta name=\"twitter:label1\" content=\"Escrito por\" \/>\n\t<meta name=\"twitter:data1\" content=\"Maria Valentina Noguera Medina\" \/>\n\t<meta name=\"twitter:label2\" content=\"Tiempo estimado de lectura\" \/>\n\t<meta name=\"twitter:data2\" content=\"2 minutos\" \/>\n<script type=\"application\/ld+json\" class=\"yoast-schema-graph\">{\"@context\":\"https:\/\/schema.org\",\"@graph\":[{\"@type\":\"Article\",\"@id\":\"https:\/\/noti-america.com\/site\/principal\/2023\/05\/03\/estados-unidos-enviara-mil-500-militares-a-frontera-con-mexico\/#article\",\"isPartOf\":{\"@id\":\"https:\/\/noti-america.com\/site\/principal\/2023\/05\/03\/estados-unidos-enviara-mil-500-militares-a-frontera-con-mexico\/\"},\"author\":{\"name\":\"Maria Valentina Noguera Medina\",\"@id\":\"https:\/\/noti-america.com\/site\/principal\/#\/schema\/person\/22806efcc2cfc4b45efb0e17be210ea8\"},\"headline\":\"Estados Unidos enviar\u00e1 mil 500 militares a frontera con M\u00e9xico\",\"datePublished\":\"2023-05-03T18:43:02+00:00\",\"mainEntityOfPage\":{\"@id\":\"https:\/\/noti-america.com\/site\/principal\/2023\/05\/03\/estados-unidos-enviara-mil-500-militares-a-frontera-con-mexico\/\"},\"wordCount\":460,\"image\":{\"@id\":\"https:\/\/noti-america.com\/site\/principal\/2023\/05\/03\/estados-unidos-enviara-mil-500-militares-a-frontera-con-mexico\/#primaryimage\"},\"thumbnailUrl\":\"https:\/\/noti-america.com\/site\/principal\/wp-content\/uploads\/sites\/26\/2023\/05\/migrantes-estados-unidos-centros-detencion-prision-27042023.jpeg\",\"articleSection\":[\"Actualidad\"],\"inLanguage\":\"es\"},{\"@type\":\"WebPage\",\"@id\":\"https:\/\/noti-america.com\/site\/principal\/2023\/05\/03\/estados-unidos-enviara-mil-500-militares-a-frontera-con-mexico\/\",\"url\":\"https:\/\/noti-america.com\/site\/principal\/2023\/05\/03\/estados-unidos-enviara-mil-500-militares-a-frontera-con-mexico\/\",\"name\":\"Estados Unidos enviar\u00e1 mil 500 militares a frontera con M\u00e9xico - Noti-America.com\",\"isPartOf\":{\"@id\":\"https:\/\/noti-america.com\/site\/principal\/#website\"},\"primaryImageOfPage\":{\"@id\":\"https:\/\/noti-america.com\/site\/principal\/2023\/05\/03\/estados-unidos-enviara-mil-500-militares-a-frontera-con-mexico\/#primaryimage\"},\"image\":{\"@id\":\"https:\/\/noti-america.com\/site\/principal\/2023\/05\/03\/estados-unidos-enviara-mil-500-militares-a-frontera-con-mexico\/#primaryimage\"},\"thumbnailUrl\":\"https:\/\/noti-america.com\/site\/principal\/wp-content\/uploads\/sites\/26\/2023\/05\/migrantes-estados-unidos-centros-detencion-prision-27042023.jpeg\",\"datePublished\":\"2023-05-03T18:43:02+00:00\",\"author\":{\"@id\":\"https:\/\/noti-america.com\/site\/principal\/#\/schema\/person\/22806efcc2cfc4b45efb0e17be210ea8\"},\"breadcrumb\":{\"@id\":\"https:\/\/noti-america.com\/site\/principal\/2023\/05\/03\/estados-unidos-enviara-mil-500-militares-a-frontera-con-mexico\/#breadcrumb\"},\"inLanguage\":\"es\",\"potentialAction\":[{\"@type\":\"ReadAction\",\"target\":[\"https:\/\/noti-america.com\/site\/principal\/2023\/05\/03\/estados-unidos-enviara-mil-500-militares-a-frontera-con-mexico\/\"]}]},{\"@type\":\"ImageObject\",\"inLanguage\":\"es\",\"@id\":\"https:\/\/noti-america.com\/site\/principal\/2023\/05\/03\/estados-unidos-enviara-mil-500-militares-a-frontera-con-mexico\/#primaryimage\",\"url\":\"https:\/\/noti-america.com\/site\/principal\/wp-content\/uploads\/sites\/26\/2023\/05\/migrantes-estados-unidos-centros-detencion-prision-27042023.jpeg\",\"contentUrl\":\"https:\/\/noti-america.com\/site\/principal\/wp-content\/uploads\/sites\/26\/2023\/05\/migrantes-estados-unidos-centros-detencion-prision-27042023.jpeg\",\"width\":600,\"height\":375},{\"@type\":\"BreadcrumbList\",\"@id\":\"https:\/\/noti-america.com\/site\/principal\/2023\/05\/03\/estados-unidos-enviara-mil-500-militares-a-frontera-con-mexico\/#breadcrumb\",\"itemListElement\":[{\"@type\":\"ListItem\",\"position\":1,\"name\":\"Portada\",\"item\":\"https:\/\/noti-america.com\/site\/principal\/\"},{\"@type\":\"ListItem\",\"position\":2,\"name\":\"Estados Unidos enviar\u00e1 mil 500 militares a frontera con M\u00e9xico\"}]},{\"@type\":\"WebSite\",\"@id\":\"https:\/\/noti-america.com\/site\/principal\/#website\",\"url\":\"https:\/\/noti-america.com\/site\/principal\/\",\"name\":\"Noti-America.com\",\"description\":\"El Noticiero Digital M\u00e1s Grande de Am\u00e9rica\",\"potentialAction\":[{\"@type\":\"SearchAction\",\"target\":{\"@type\":\"EntryPoint\",\"urlTemplate\":\"https:\/\/noti-america.com\/site\/principal\/?s={search_term_string}\"},\"query-input\":{\"@type\":\"PropertyValueSpecification\",\"valueRequired\":true,\"valueName\":\"search_term_string\"}}],\"inLanguage\":\"es\"},{\"@type\":\"Person\",\"@id\":\"https:\/\/noti-america.com\/site\/principal\/#\/schema\/person\/22806efcc2cfc4b45efb0e17be210ea8\",\"name\":\"Maria Valentina Noguera Medina\",\"image\":{\"@type\":\"ImageObject\",\"inLanguage\":\"es\",\"@id\":\"https:\/\/secure.gravatar.com\/avatar\/4ec5eb9d099f2608a49c9df6f7341f66f04f819cdffa09d56a7a0e91d2819d56?s=96&d=mm&r=g\",\"url\":\"https:\/\/secure.gravatar.com\/avatar\/4ec5eb9d099f2608a49c9df6f7341f66f04f819cdffa09d56a7a0e91d2819d56?s=96&d=mm&r=g\",\"contentUrl\":\"https:\/\/secure.gravatar.com\/avatar\/4ec5eb9d099f2608a49c9df6f7341f66f04f819cdffa09d56a7a0e91d2819d56?s=96&d=mm&r=g\",\"caption\":\"Maria Valentina Noguera Medina\"},\"description\":\"Periodista - noti-america - Promar Community Manager - Talento Plus Dise\u00f1adora\/ creadora de contenido...\",\"sameAs\":[\"Mar\u00eda Valentina Noguera\",\"https:\/\/www.facebook.com\/mariavalentina.noguera\",\"https:\/\/www.linkedin.com\/in\/mara-valentina-noguera-medina-373075165\/\",\"https:\/\/www.pinterest.es\/valentinanoguera95\/\",\"https:\/\/www.youtube.com\/channel\/UCdek6mbUZ-Tqqw0I63i4nmQ\"],\"url\":\"https:\/\/noti-america.com\/site\/principal\/author\/mnoguera\/\"}]}<\/script>\n<!-- \/ Yoast SEO Premium plugin. -->","yoast_head_json":{"title":"Estados Unidos enviar\u00e1 mil 500 militares a frontera con M\u00e9xico - Noti-America.com","robots":{"index":"index","follow":"follow","max-snippet":"max-snippet:-1","max-image-preview":"max-image-preview:large","max-video-preview":"max-video-preview:-1"},"canonical":"https:\/\/noti-america.com\/site\/principal\/2023\/05\/03\/estados-unidos-enviara-mil-500-militares-a-frontera-con-mexico\/","og_locale":"es_ES","og_type":"article","og_title":"Estados Unidos enviar\u00e1 mil 500 militares a frontera con M\u00e9xico","og_description":"NOTI-AMERICA.COM | M\u00c9XICO \u2013 El Gobierno estadounidense enviar\u00e1 mil 500 soldados en servicio activo a la frontera con M\u00e9xico a partir de la pr\u00f3xima semana, en anticipaci\u00f3n a un previsible aumento en las llegadas&#46;&#46;&#46;","og_url":"https:\/\/noti-america.com\/site\/principal\/2023\/05\/03\/estados-unidos-enviara-mil-500-militares-a-frontera-con-mexico\/","og_site_name":"Noti-America.com","article_author":"Mar\u00eda Valentina Noguera","article_published_time":"2023-05-03T18:43:02+00:00","og_image":[{"width":600,"height":375,"url":"https:\/\/noti-america.com\/site\/principal\/wp-content\/uploads\/sites\/26\/2023\/05\/migrantes-estados-unidos-centros-detencion-prision-27042023.jpeg","type":"image\/jpeg"}],"author":"Maria Valentina Noguera Medina","twitter_card":"summary_large_image","twitter_misc":{"Escrito por":"Maria Valentina Noguera Medina","Tiempo estimado de lectura":"2 minutos"},"schema":{"@context":"https:\/\/schema.org","@graph":[{"@type":"Article","@id":"https:\/\/noti-america.com\/site\/principal\/2023\/05\/03\/estados-unidos-enviara-mil-500-militares-a-frontera-con-mexico\/#article","isPartOf":{"@id":"https:\/\/noti-america.com\/site\/principal\/2023\/05\/03\/estados-unidos-enviara-mil-500-militares-a-frontera-con-mexico\/"},"author":{"name":"Maria Valentina Noguera Medina","@id":"https:\/\/noti-america.com\/site\/principal\/#\/schema\/person\/22806efcc2cfc4b45efb0e17be210ea8"},"headline":"Estados Unidos enviar\u00e1 mil 500 militares a frontera con M\u00e9xico","datePublished":"2023-05-03T18:43:02+00:00","mainEntityOfPage":{"@id":"https:\/\/noti-america.com\/site\/principal\/2023\/05\/03\/estados-unidos-enviara-mil-500-militares-a-frontera-con-mexico\/"},"wordCount":460,"image":{"@id":"https:\/\/noti-america.com\/site\/principal\/2023\/05\/03\/estados-unidos-enviara-mil-500-militares-a-frontera-con-mexico\/#primaryimage"},"thumbnailUrl":"https:\/\/noti-america.com\/site\/principal\/wp-content\/uploads\/sites\/26\/2023\/05\/migrantes-estados-unidos-centros-detencion-prision-27042023.jpeg","articleSection":["Actualidad"],"inLanguage":"es"},{"@type":"WebPage","@id":"https:\/\/noti-america.com\/site\/principal\/2023\/05\/03\/estados-unidos-enviara-mil-500-militares-a-frontera-con-mexico\/","url":"https:\/\/noti-america.com\/site\/principal\/2023\/05\/03\/estados-unidos-enviara-mil-500-militares-a-frontera-con-mexico\/","name":"Estados Unidos enviar\u00e1 mil 500 militares a frontera con M\u00e9xico - Noti-America.com","isPartOf":{"@id":"https:\/\/noti-america.com\/site\/principal\/#website"},"primaryImageOfPage":{"@id":"https:\/\/noti-america.com\/site\/principal\/2023\/05\/03\/estados-unidos-enviara-mil-500-militares-a-frontera-con-mexico\/#primaryimage"},"image":{"@id":"https:\/\/noti-america.com\/site\/principal\/2023\/05\/03\/estados-unidos-enviara-mil-500-militares-a-frontera-con-mexico\/#primaryimage"},"thumbnailUrl":"https:\/\/noti-america.com\/site\/principal\/wp-content\/uploads\/sites\/26\/2023\/05\/migrantes-estados-unidos-centros-detencion-prision-27042023.jpeg","datePublished":"2023-05-03T18:43:02+00:00","author":{"@id":"https:\/\/noti-america.com\/site\/principal\/#\/schema\/person\/22806efcc2cfc4b45efb0e17be210ea8"},"breadcrumb":{"@id":"https:\/\/noti-america.com\/site\/principal\/2023\/05\/03\/estados-unidos-enviara-mil-500-militares-a-frontera-con-mexico\/#breadcrumb"},"inLanguage":"es","potentialAction":[{"@type":"ReadAction","target":["https:\/\/noti-america.com\/site\/principal\/2023\/05\/03\/estados-unidos-enviara-mil-500-militares-a-frontera-con-mexico\/"]}]},{"@type":"ImageObject","inLanguage":"es","@id":"https:\/\/noti-america.com\/site\/principal\/2023\/05\/03\/estados-unidos-enviara-mil-500-militares-a-frontera-con-mexico\/#primaryimage","url":"https:\/\/noti-america.com\/site\/principal\/wp-content\/uploads\/sites\/26\/2023\/05\/migrantes-estados-unidos-centros-detencion-prision-27042023.jpeg","contentUrl":"https:\/\/noti-america.com\/site\/principal\/wp-content\/uploads\/sites\/26\/2023\/05\/migrantes-estados-unidos-centros-detencion-prision-27042023.jpeg","width":600,"height":375},{"@type":"BreadcrumbList","@id":"https:\/\/noti-america.com\/site\/principal\/2023\/05\/03\/estados-unidos-enviara-mil-500-militares-a-frontera-con-mexico\/#breadcrumb","itemListElement":[{"@type":"ListItem","position":1,"name":"Portada","item":"https:\/\/noti-america.com\/site\/principal\/"},{"@type":"ListItem","position":2,"name":"Estados Unidos enviar\u00e1 mil 500 militares a frontera con M\u00e9xico"}]},{"@type":"WebSite","@id":"https:\/\/noti-america.com\/site\/principal\/#website","url":"https:\/\/noti-america.com\/site\/principal\/","name":"Noti-America.com","description":"El Noticiero Digital M\u00e1s Grande de Am\u00e9rica","potentialAction":[{"@type":"SearchAction","target":{"@type":"EntryPoint","urlTemplate":"https:\/\/noti-america.com\/site\/principal\/?s={search_term_string}"},"query-input":{"@type":"PropertyValueSpecification","valueRequired":true,"valueName":"search_term_string"}}],"inLanguage":"es"},{"@type":"Person","@id":"https:\/\/noti-america.com\/site\/principal\/#\/schema\/person\/22806efcc2cfc4b45efb0e17be210ea8","name":"Maria Valentina Noguera Medina","image":{"@type":"ImageObject","inLanguage":"es","@id":"https:\/\/secure.gravatar.com\/avatar\/4ec5eb9d099f2608a49c9df6f7341f66f04f819cdffa09d56a7a0e91d2819d56?s=96&d=mm&r=g","url":"https:\/\/secure.gravatar.com\/avatar\/4ec5eb9d099f2608a49c9df6f7341f66f04f819cdffa09d56a7a0e91d2819d56?s=96&d=mm&r=g","contentUrl":"https:\/\/secure.gravatar.com\/avatar\/4ec5eb9d099f2608a49c9df6f7341f66f04f819cdffa09d56a7a0e91d2819d56?s=96&d=mm&r=g","caption":"Maria Valentina Noguera Medina"},"description":"Periodista - noti-america - Promar Community Manager - Talento Plus Dise\u00f1adora\/ creadora de contenido...","sameAs":["Mar\u00eda Valentina Noguera","https:\/\/www.facebook.com\/mariavalentina.noguera","https:\/\/www.linkedin.com\/in\/mara-valentina-noguera-medina-373075165\/","https:\/\/www.pinterest.es\/valentinanoguera95\/","https:\/\/www.youtube.com\/channel\/UCdek6mbUZ-Tqqw0I63i4nmQ"],"url":"https:\/\/noti-america.com\/site\/principal\/author\/mnoguera\/"}]}},"_links":{"self":[{"href":"https:\/\/noti-america.com\/site\/principal\/wp-json\/wp\/v2\/posts\/26202","targetHints":{"allow":["GET"]}}],"collection":[{"href":"https:\/\/noti-america.com\/site\/principal\/wp-json\/wp\/v2\/posts"}],"about":[{"href":"https:\/\/noti-america.com\/site\/principal\/wp-json\/wp\/v2\/types\/post"}],"author":[{"embeddable":true,"href":"https:\/\/noti-america.com\/site\/principal\/wp-json\/wp\/v2\/users\/133"}],"replies":[{"embeddable":true,"href":"https:\/\/noti-america.com\/site\/principal\/wp-json\/wp\/v2\/comments?post=26202"}],"version-history":[{"count":0,"href":"https:\/\/noti-america.com\/site\/principal\/wp-json\/wp\/v2\/posts\/26202\/revisions"}],"wp:featuredmedia":[{"embeddable":true,"href":"https:\/\/noti-america.com\/site\/principal\/wp-json\/wp\/v2\/media\/26203"}],"wp:attachment":[{"href":"https:\/\/noti-america.com\/site\/principal\/wp-json\/wp\/v2\/media?parent=26202"}],"wp:term":[{"taxonomy":"category","embeddable":true,"href":"https:\/\/noti-america.com\/site\/principal\/wp-json\/wp\/v2\/categories?post=26202"},{"taxonomy":"post_tag","embeddable":true,"href":"https:\/\/noti-america.com\/site\/principal\/wp-json\/wp\/v2\/tags?post=26202"}],"curies":[{"name":"wp","href":"https:\/\/api.w.org\/{rel}","templated":true}]}}