{"id":25405,"date":"2023-04-05T02:38:31","date_gmt":"2023-04-05T06:38:31","guid":{"rendered":"https:\/\/noti-america.com\/site\/principal\/?p=25405"},"modified":"2023-04-05T02:38:31","modified_gmt":"2023-04-05T06:38:31","slug":"brasil-a-reubicado-a-mas-de-100-000-migrantes-venezolanos","status":"publish","type":"post","link":"https:\/\/noti-america.com\/site\/principal\/2023\/04\/05\/brasil-a-reubicado-a-mas-de-100-000-migrantes-venezolanos\/","title":{"rendered":"Brasil a reubicado a m\u00e1s de 100.000 migrantes venezolanos"},"content":{"rendered":"<p>REDACCI\u00d3N NOTI AM\u00c9RICA<span style=\"color: #000000\"><strong> (ECUADOR)<\/strong><\/span><\/p>\n<section class=\"region region-before-content\">\n<div id=\"block-views-block-story-photo-block-image\" class=\"views-element-container block block-views block-views-block-story-photo-block-image\">\n<div class=\"content block__content\">\n<div class=\"view view-story-photo view-id-story_photo view-display-id-block_image js-view-dom-id-d12e32698f5e4e041d07920fb7125833c157d08cb40d6d3f42aa0419781cfe0c\">\n<div class=\"view-content\">\n<div class=\"views-row\">\n<div class=\"node node--type-news-story node--view-mode-top-image clearfix container\" role=\"article\">\n<div id=\"block-views-block-content-fields-block-lead\" class=\"views-element-container block block-views block-views-block-content-fields-block-lead\">\n<div class=\"content block__content\">\n<div>\n<div class=\"view view-content-fields view-id-content_fields view-display-id-block_lead js-view-dom-id-b57b2e4c5af6c7d8339fc38f11db9f3111a022e82f9ac6e1b26b72555be8d833\">\n<div class=\"view-content\">\n<div class=\"views-row\">\n<div class=\"views-field views-field-field-news-story-lead\">\n<div class=\"field-content\">\n<p style=\"text-align: justify\"><span lang=\"ES\" xml:lang=\"ES\">Una cuarta parte de los venezolanos que viven en Brasil se han beneficiado de una estrategia de reubicaci\u00f3n desde el estado fronterizo de Roraima a otras ciudades a lo largo y ancho del pa\u00eds. Creada en 2018, la iniciativa tiene como objetivo facilitar el acceso a empleos formales, vivienda y programas de educaci\u00f3n, y as\u00ed promover la integraci\u00f3n de los migrantes en el pa\u00eds suramericano. \u00a0<\/span><\/p>\n<\/div>\n<\/div>\n<\/div>\n<\/div>\n<\/div>\n<\/div>\n<\/div>\n<\/div>\n<div id=\"block-un-base-theme-content\" class=\"lc-main-content block block-system block-system-main-block block-un-base-theme-content\">\n<div class=\"content block__content\">\n<article class=\"node node--type-news-story node--view-mode-full clearfix\" role=\"article\">\n<header><\/header>\n<div class=\"node__content clearfix\"><\/div>\n<\/article>\n<\/div>\n<\/div>\n<div class=\"story-media\">\n<div class=\"media-image\">\n<div class=\"field field--name-field-news-story-photo field--type-entity-reference field--label-hidden field__item\">\n<div style=\"width: 1180px\" class=\"wp-caption alignnone\"><img loading=\"lazy\" decoding=\"async\" title=\"Migrantes venezolanos registrados en un centro de acogida temporal en Pacaraima, al norte de Brasil.\" src=\"https:\/\/global.unitednations.entermediadb.net\/assets\/mediadb\/services\/module\/asset\/downloads\/preset\/Collections\/Embargoed\/04-04-2023-IOM-Venezuela-migrants-04.jpg\/image1170x530cropped.jpg\" alt=\"Migrantes venezolanos registrados en un centro de acogida temporal en Pacaraima, al norte de Brasil.\" width=\"1170\" height=\"530\" \/><p class=\"wp-caption-text\">\u00a9 IOM\/Gema Cort\u00e9s. Migrantes venezolanos registrados en un centro de acogida temporal en Pacaraima, al norte de Brasil.<\/p><\/div>\n<\/div>\n<\/div>\n<\/div>\n<\/div>\n<\/div>\n<\/div>\n<\/div>\n<\/div>\n<\/div>\n<\/section>\n<div id=\"main-wrapper\" class=\"layout-main-wrapper clearfix\">\n<div id=\"main-container\" class=\"container layout-main-container\">\n<div class=\"row row-offcanvas row-offcanvas-left clearfix\"><main id=\"content\" class=\"main-content col-lg-9\" role=\"main\"><\/p>\n<section class=\"section\">\n<div id=\"block-views-block-content-fields-block-body\" class=\"views-element-container block block-views block-views-block-content-fields-block-body\">\n<div class=\"content block__content\">\n<div class=\"view view-content-fields view-id-content_fields view-display-id-block_body js-view-dom-id-66670723f6190c6cb47abfff0a60139dc0f2bb7244a81e5c6b0ef09dc388e65f\">\n<div class=\"view-content\">\n<div class=\"views-row\">\n<div class=\"views-field views-field-field-news-story\">\n<div class=\"field-content\">\n<div class=\"paragraph paragraph--type--one-column-text paragraph--view-mode--default\">\n<div class=\"lc-section lc-section-20 layoutcomponents-one-column container lc-inline_section-edit\">\n<div class=\"lc-inline_container-section-edit\">\n<div class=\"row lc-container-cols lc-inline_row-edit\">\n<div class=\"lc-inline_column_first-edit layoutcomponent-column col-md\">\n<div class=\"layout-builder__region js-layout-builder-region lc-inline_column_first-content-edit\" data-region=\"first\">\n<div class=\"block block-layout-builder block-field-block-paragraph-one-column-text-field-text-column\">\n<div class=\"content block__content\">\n<div class=\"clearfix text-formatted field field--name-field-text-column field--type-text-long field--label-hidden field__item\">\n<p style=\"text-align: justify\">La\u00a0<a href=\"http:\/\/www.acnur.org\/\" target=\"_blank\" rel=\"noopener noreferrer\">Agencia de la ONU para los Refugiados<\/a> (ACNUR) y la Organizaci\u00f3n Internacional para las Migraciones (OIM) han informado que la <strong>estrategia brasile\u00f1a de reubicaci\u00f3n voluntaria<\/strong>\u00a0de personas refugiadas y migrantes venezolanas ha beneficiado a m\u00e1s de 100.000 personas desde que comenz\u00f3 hace cinco a\u00f1os.<\/p>\n<p style=\"text-align: justify\">De acuerdo con informaci\u00f3n del Ministerio de Desarrollo Social, Asistencia, Familia y Lucha contra el Hambre de Brasil, casi una cuarta parte de los 425.000 venezolanos que viven en Brasil se han movilizado desde el estado fronterizo de Roraima a m\u00e1s de 930 ciudades de todo el pa\u00eds, donde han podido encontrar oportunidades para\u00a0<strong>mejorar su calidad de vida e integrarse en su comunidad de acogida<\/strong>. Alrededor del 80% de los beneficiarios son mujeres y menores de edad.<\/p>\n<p style=\"text-align: justify\"><span style=\"color: #000000\"><strong>Una estrategia para garantizar la protecci\u00f3n y la integraci\u00f3n<\/strong><\/span><\/p>\n<p style=\"text-align: justify\">\u201cLa estrategia de reubicaci\u00f3n garantiza la protecci\u00f3n y la inclusi\u00f3n, ofreciendo v\u00edas efectivas para que la poblaci\u00f3n venezolana en el pa\u00eds reinicie su vida con dignidad\u201d, ha declarado el representante de ACNUR en Brasil. Adem\u00e1s, Davide Torzilli explic\u00f3 que, con base en una estrecha colaboraci\u00f3n entre diversas instituciones y organizaciones, la estrategia representa una soluci\u00f3n eficaz y\u00a0<strong>un modelo para la regi\u00f3n y el mundo<\/strong>.<\/p>\n<p style=\"text-align: justify\">Antes de viajar a sus ciudades de destino, las personas que participan voluntariamente en la estrategia de reubicaci\u00f3n interna reciben la\u00a0<strong>documentaci\u00f3n necesaria<\/strong>, que incluye el permiso nacional de trabajo y la inscripci\u00f3n en el registro de contribuyentes.<\/p>\n<p style=\"text-align: justify\">\u201cFortalecer y mejorar la inclusi\u00f3n a trav\u00e9s de la estrategia de reubicaci\u00f3n es crucial para las personas que han decidido quedarse en Brasil\u201d,\u00a0ha se\u00f1alado el jefe de misi\u00f3n de la\u00a0<a href=\"http:\/\/www.iom.int\/es\" target=\"_blank\" rel=\"noopener noreferrer\">OIM<\/a>\u00a0en Brasil. \u201cCon el apoyo de los gobiernos locales, las organizaciones de la sociedad civil y el sector privado, es posible promover una inclusi\u00f3n duradera, que permita a los venezolanos romper estereotipos, crear soluciones y\u00a0<strong>contribuir al desarrollo de las comunidades de acogida<\/strong>\u201d, destac\u00f3 St\u00e9phane Rostiaux.<\/p>\n<div class=\"align-center context-un_news_full_width_credit_caption type-entermedia_image media media--type-entermedia-image media--view-mode-un-news-full-width-credit-caption\" style=\"text-align: justify\" data-quickedit-entity-id=\"media\/55182\">\n<div class=\"field field--name-thumbnail field--type-image field--label-hidden field__item\"><img loading=\"lazy\" decoding=\"async\" title=\"Una ni\u00f1a venezolana espera los tr\u00e1mites de migraci\u00f3n en Pacaraima, ciudad del norte de Brasil, situada al otro lado de la frontera con Venezuela.\" src=\"https:\/\/global.unitednations.entermediadb.net\/assets\/mediadb\/services\/module\/asset\/downloads\/preset\/Collections\/Embargoed\/04-04-2023-IOM-Venezuela-migrants-02.jpg\/image1170x530cropped.jpg\" alt=\"Una ni\u00f1a venezolana espera los tr\u00e1mites de migraci\u00f3n en Pacaraima, ciudad del norte de Brasil, situada al otro lado de la frontera con Venezuela.\" width=\"1170\" height=\"530\" \/><\/div>\n<div class=\"field field--name-field-authors field--type-entity-reference field--label-hidden field__items\">\n<div class=\"field__item\">\u00a9 IOM\/Gema Cort\u00e9s. Una ni\u00f1a venezolana espera los tr\u00e1mites de migraci\u00f3n en Pacaraima, ciudad del norte de Brasil, situada al otro lado de la frontera con Venezuela.<\/div>\n<\/div>\n<\/div>\n<p style=\"text-align: justify\"><span style=\"color: #000000\"><strong>Operaci\u00f3n Acogida<\/strong><\/span><\/p>\n<p style=\"text-align: justify\">La estrategia de reubicaci\u00f3n interna fue lanzada en 2018 como parte de la Operaci\u00f3n Acogida, la respuesta humanitaria del Gobierno brasile\u00f1o ante la llegada de personas refugiadas y migrantes de Venezuela. La reubicaci\u00f3n interna ofrece una ayuda vital y fomenta la integraci\u00f3n ayudando a las personas a encontrar\u00a0<strong>nuevas oportunidades de trabajo o reunirse con familiares<\/strong>\u00a0o amistades en otras partes del pa\u00eds.<\/p>\n<p style=\"text-align: justify\">En una encuesta realizada en 2021 a 2000 migrantes venezolanos, ocho de cada 10 adultos aseguraron haber encontrado empleo o iniciado sus propios negocios, o tener un\u00a0<strong>mejor acceso a empleos formales, vivienda y programas de educaci\u00f3n<\/strong>\u00a0despu\u00e9s de ser reubicadas.<\/p>\n<p style=\"text-align: justify\">Estas iniciativas cuentan con el apoyo de la Plataforma de Coordinaci\u00f3n Interagencial para Refugiados y Migrantes de Venezuela (R4V), coliderada por la Agencia de la ONU para los Refugiados y la Organizaci\u00f3n Internacional para las Migraciones, en la cual participan 55 organizaciones de la sociedad civil y otras agencias de las Naciones Unidas en Brasil. Los municipios que reciben a la poblaci\u00f3n venezolana reubicada tambi\u00e9n apoyan la iniciativa.<\/p>\n<p style=\"text-align: justify\"><span style=\"color: #000000\"><strong>Fuente: ONU<\/strong><\/span><\/p>\n<\/div>\n<\/div>\n<\/div>\n<\/div>\n<\/div>\n<\/div>\n<\/div>\n<\/div>\n<\/div>\n<\/div>\n<\/div>\n<\/div>\n<\/div>\n<\/div>\n<\/div>\n<\/div>\n<\/section>\n<p><\/main><\/div>\n<\/div>\n<\/div>\n","protected":false},"excerpt":{"rendered":"<p>REDACCI\u00d3N NOTI AM\u00c9RICA (ECUADOR) Una cuarta parte de los venezolanos que viven en Brasil se han beneficiado de una estrategia de reubicaci\u00f3n desde el estado fronterizo de Roraima a otras ciudades a lo largo&#46;&#46;&#46;<\/p>\n","protected":false},"author":17,"featured_media":25406,"comment_status":"","ping_status":"open","sticky":false,"template":"","format":"standard","meta":{"_acf_changed":false,"rop_custom_images_group":[],"rop_custom_messages_group":[],"rop_publish_now":"initial","rop_publish_now_accounts":{"facebook_10219548024599422_1632221337088128":"","twitter_242054905_242054905":""},"rop_publish_now_history":[],"rop_publish_now_status":"pending","footnotes":""},"categories":[2054],"tags":[],"class_list":["post-25405","post","type-post","status-publish","format-standard","has-post-thumbnail","hentry","category-migrantes-y-refugiados"],"acf":[],"yoast_head":"<!-- This site is optimized with the Yoast SEO Premium plugin v24.9 (Yoast SEO v27.2) - https:\/\/yoast.com\/product\/yoast-seo-premium-wordpress\/ -->\n<title>Brasil a reubicado a m\u00e1s de 100.000 migrantes venezolanos - Noti-America.com<\/title>\n<meta name=\"robots\" content=\"index, follow, max-snippet:-1, max-image-preview:large, max-video-preview:-1\" \/>\n<link rel=\"canonical\" href=\"https:\/\/noti-america.com\/site\/principal\/2023\/04\/05\/brasil-a-reubicado-a-mas-de-100-000-migrantes-venezolanos\/\" \/>\n<meta property=\"og:locale\" content=\"es_ES\" \/>\n<meta property=\"og:type\" content=\"article\" \/>\n<meta property=\"og:title\" content=\"Brasil a reubicado a m\u00e1s de 100.000 migrantes venezolanos\" \/>\n<meta property=\"og:description\" content=\"REDACCI\u00d3N NOTI AM\u00c9RICA (ECUADOR) Una cuarta parte de los venezolanos que viven en Brasil se han beneficiado de una estrategia de reubicaci\u00f3n desde el estado fronterizo de Roraima a otras ciudades a lo largo&#046;&#046;&#046;\" \/>\n<meta property=\"og:url\" content=\"https:\/\/noti-america.com\/site\/principal\/2023\/04\/05\/brasil-a-reubicado-a-mas-de-100-000-migrantes-venezolanos\/\" \/>\n<meta property=\"og:site_name\" content=\"Noti-America.com\" \/>\n<meta property=\"article:published_time\" content=\"2023-04-05T06:38:31+00:00\" \/>\n<meta property=\"og:image\" content=\"https:\/\/noti-america.com\/site\/principal\/wp-content\/uploads\/sites\/26\/2023\/04\/-IOM-Gema-Cortes.jpg\" \/>\n\t<meta property=\"og:image:width\" content=\"1170\" \/>\n\t<meta property=\"og:image:height\" content=\"530\" \/>\n\t<meta property=\"og:image:type\" content=\"image\/jpeg\" \/>\n<meta name=\"author\" content=\"Gregory Quintana Montiel\" \/>\n<meta name=\"twitter:card\" content=\"summary_large_image\" \/>\n<meta name=\"twitter:creator\" content=\"@gdgregori1\" \/>\n<meta name=\"twitter:label1\" content=\"Escrito por\" \/>\n\t<meta name=\"twitter:data1\" content=\"Gregory Quintana Montiel\" \/>\n\t<meta name=\"twitter:label2\" content=\"Tiempo estimado de lectura\" \/>\n\t<meta name=\"twitter:data2\" content=\"4 minutos\" \/>\n<script type=\"application\/ld+json\" class=\"yoast-schema-graph\">{\"@context\":\"https:\/\/schema.org\",\"@graph\":[{\"@type\":\"Article\",\"@id\":\"https:\/\/noti-america.com\/site\/principal\/2023\/04\/05\/brasil-a-reubicado-a-mas-de-100-000-migrantes-venezolanos\/#article\",\"isPartOf\":{\"@id\":\"https:\/\/noti-america.com\/site\/principal\/2023\/04\/05\/brasil-a-reubicado-a-mas-de-100-000-migrantes-venezolanos\/\"},\"author\":{\"name\":\"Gregory Quintana Montiel\",\"@id\":\"https:\/\/noti-america.com\/site\/principal\/#\/schema\/person\/3b975e42f15abfe64bfe3abdd916efda\"},\"headline\":\"Brasil a reubicado a m\u00e1s de 100.000 migrantes venezolanos\",\"datePublished\":\"2023-04-05T06:38:31+00:00\",\"mainEntityOfPage\":{\"@id\":\"https:\/\/noti-america.com\/site\/principal\/2023\/04\/05\/brasil-a-reubicado-a-mas-de-100-000-migrantes-venezolanos\/\"},\"wordCount\":664,\"image\":{\"@id\":\"https:\/\/noti-america.com\/site\/principal\/2023\/04\/05\/brasil-a-reubicado-a-mas-de-100-000-migrantes-venezolanos\/#primaryimage\"},\"thumbnailUrl\":\"https:\/\/noti-america.com\/site\/principal\/wp-content\/uploads\/sites\/26\/2023\/04\/-IOM-Gema-Cortes.jpg\",\"articleSection\":[\"Migrantes y Refugiados\"],\"inLanguage\":\"es\"},{\"@type\":\"WebPage\",\"@id\":\"https:\/\/noti-america.com\/site\/principal\/2023\/04\/05\/brasil-a-reubicado-a-mas-de-100-000-migrantes-venezolanos\/\",\"url\":\"https:\/\/noti-america.com\/site\/principal\/2023\/04\/05\/brasil-a-reubicado-a-mas-de-100-000-migrantes-venezolanos\/\",\"name\":\"Brasil a reubicado a m\u00e1s de 100.000 migrantes venezolanos - Noti-America.com\",\"isPartOf\":{\"@id\":\"https:\/\/noti-america.com\/site\/principal\/#website\"},\"primaryImageOfPage\":{\"@id\":\"https:\/\/noti-america.com\/site\/principal\/2023\/04\/05\/brasil-a-reubicado-a-mas-de-100-000-migrantes-venezolanos\/#primaryimage\"},\"image\":{\"@id\":\"https:\/\/noti-america.com\/site\/principal\/2023\/04\/05\/brasil-a-reubicado-a-mas-de-100-000-migrantes-venezolanos\/#primaryimage\"},\"thumbnailUrl\":\"https:\/\/noti-america.com\/site\/principal\/wp-content\/uploads\/sites\/26\/2023\/04\/-IOM-Gema-Cortes.jpg\",\"datePublished\":\"2023-04-05T06:38:31+00:00\",\"author\":{\"@id\":\"https:\/\/noti-america.com\/site\/principal\/#\/schema\/person\/3b975e42f15abfe64bfe3abdd916efda\"},\"breadcrumb\":{\"@id\":\"https:\/\/noti-america.com\/site\/principal\/2023\/04\/05\/brasil-a-reubicado-a-mas-de-100-000-migrantes-venezolanos\/#breadcrumb\"},\"inLanguage\":\"es\",\"potentialAction\":[{\"@type\":\"ReadAction\",\"target\":[\"https:\/\/noti-america.com\/site\/principal\/2023\/04\/05\/brasil-a-reubicado-a-mas-de-100-000-migrantes-venezolanos\/\"]}]},{\"@type\":\"ImageObject\",\"inLanguage\":\"es\",\"@id\":\"https:\/\/noti-america.com\/site\/principal\/2023\/04\/05\/brasil-a-reubicado-a-mas-de-100-000-migrantes-venezolanos\/#primaryimage\",\"url\":\"https:\/\/noti-america.com\/site\/principal\/wp-content\/uploads\/sites\/26\/2023\/04\/-IOM-Gema-Cortes.jpg\",\"contentUrl\":\"https:\/\/noti-america.com\/site\/principal\/wp-content\/uploads\/sites\/26\/2023\/04\/-IOM-Gema-Cortes.jpg\",\"width\":1170,\"height\":530},{\"@type\":\"BreadcrumbList\",\"@id\":\"https:\/\/noti-america.com\/site\/principal\/2023\/04\/05\/brasil-a-reubicado-a-mas-de-100-000-migrantes-venezolanos\/#breadcrumb\",\"itemListElement\":[{\"@type\":\"ListItem\",\"position\":1,\"name\":\"Portada\",\"item\":\"https:\/\/noti-america.com\/site\/principal\/\"},{\"@type\":\"ListItem\",\"position\":2,\"name\":\"Brasil a reubicado a m\u00e1s de 100.000 migrantes venezolanos\"}]},{\"@type\":\"WebSite\",\"@id\":\"https:\/\/noti-america.com\/site\/principal\/#website\",\"url\":\"https:\/\/noti-america.com\/site\/principal\/\",\"name\":\"Noti-America.com\",\"description\":\"El Noticiero Digital M\u00e1s Grande de Am\u00e9rica\",\"potentialAction\":[{\"@type\":\"SearchAction\",\"target\":{\"@type\":\"EntryPoint\",\"urlTemplate\":\"https:\/\/noti-america.com\/site\/principal\/?s={search_term_string}\"},\"query-input\":{\"@type\":\"PropertyValueSpecification\",\"valueRequired\":true,\"valueName\":\"search_term_string\"}}],\"inLanguage\":\"es\"},{\"@type\":\"Person\",\"@id\":\"https:\/\/noti-america.com\/site\/principal\/#\/schema\/person\/3b975e42f15abfe64bfe3abdd916efda\",\"name\":\"Gregory Quintana Montiel\",\"image\":{\"@type\":\"ImageObject\",\"inLanguage\":\"es\",\"@id\":\"https:\/\/secure.gravatar.com\/avatar\/2d6b802f7720c2ec7744dcbe608cc2f3417aeb964d58b443c6d612b77531de1d?s=96&d=mm&r=g\",\"url\":\"https:\/\/secure.gravatar.com\/avatar\/2d6b802f7720c2ec7744dcbe608cc2f3417aeb964d58b443c6d612b77531de1d?s=96&d=mm&r=g\",\"contentUrl\":\"https:\/\/secure.gravatar.com\/avatar\/2d6b802f7720c2ec7744dcbe608cc2f3417aeb964d58b443c6d612b77531de1d?s=96&d=mm&r=g\",\"caption\":\"Gregory Quintana Montiel\"},\"description\":\"Licenciatura en Ciencias de la Comunicaci\u00f3n Social, egresado en la Especializaci\u00f3n Derecho Ambiental Desarrollo Sostenible y Sustentable, Miembro de la Comunidad de profesionales y experto para Latinoam\u00e9rica y el Caribe en Gesti\u00f3n por Resultado en el Desarrollo (COPLAC - GpRD) del Banco Interamericano de Desarrollo, experiencia en medios radiales y escritos.\",\"sameAs\":[\"https:\/\/x.com\/gdgregori1\",\"gquintana\"],\"url\":\"https:\/\/noti-america.com\/site\/principal\/author\/gquintana\/\"}]}<\/script>\n<!-- \/ Yoast SEO Premium plugin. -->","yoast_head_json":{"title":"Brasil a reubicado a m\u00e1s de 100.000 migrantes venezolanos - Noti-America.com","robots":{"index":"index","follow":"follow","max-snippet":"max-snippet:-1","max-image-preview":"max-image-preview:large","max-video-preview":"max-video-preview:-1"},"canonical":"https:\/\/noti-america.com\/site\/principal\/2023\/04\/05\/brasil-a-reubicado-a-mas-de-100-000-migrantes-venezolanos\/","og_locale":"es_ES","og_type":"article","og_title":"Brasil a reubicado a m\u00e1s de 100.000 migrantes venezolanos","og_description":"REDACCI\u00d3N NOTI AM\u00c9RICA (ECUADOR) Una cuarta parte de los venezolanos que viven en Brasil se han beneficiado de una estrategia de reubicaci\u00f3n desde el estado fronterizo de Roraima a otras ciudades a lo largo&#46;&#46;&#46;","og_url":"https:\/\/noti-america.com\/site\/principal\/2023\/04\/05\/brasil-a-reubicado-a-mas-de-100-000-migrantes-venezolanos\/","og_site_name":"Noti-America.com","article_published_time":"2023-04-05T06:38:31+00:00","og_image":[{"width":1170,"height":530,"url":"https:\/\/noti-america.com\/site\/principal\/wp-content\/uploads\/sites\/26\/2023\/04\/-IOM-Gema-Cortes.jpg","type":"image\/jpeg"}],"author":"Gregory Quintana Montiel","twitter_card":"summary_large_image","twitter_creator":"@gdgregori1","twitter_misc":{"Escrito por":"Gregory Quintana Montiel","Tiempo estimado de lectura":"4 minutos"},"schema":{"@context":"https:\/\/schema.org","@graph":[{"@type":"Article","@id":"https:\/\/noti-america.com\/site\/principal\/2023\/04\/05\/brasil-a-reubicado-a-mas-de-100-000-migrantes-venezolanos\/#article","isPartOf":{"@id":"https:\/\/noti-america.com\/site\/principal\/2023\/04\/05\/brasil-a-reubicado-a-mas-de-100-000-migrantes-venezolanos\/"},"author":{"name":"Gregory Quintana Montiel","@id":"https:\/\/noti-america.com\/site\/principal\/#\/schema\/person\/3b975e42f15abfe64bfe3abdd916efda"},"headline":"Brasil a reubicado a m\u00e1s de 100.000 migrantes venezolanos","datePublished":"2023-04-05T06:38:31+00:00","mainEntityOfPage":{"@id":"https:\/\/noti-america.com\/site\/principal\/2023\/04\/05\/brasil-a-reubicado-a-mas-de-100-000-migrantes-venezolanos\/"},"wordCount":664,"image":{"@id":"https:\/\/noti-america.com\/site\/principal\/2023\/04\/05\/brasil-a-reubicado-a-mas-de-100-000-migrantes-venezolanos\/#primaryimage"},"thumbnailUrl":"https:\/\/noti-america.com\/site\/principal\/wp-content\/uploads\/sites\/26\/2023\/04\/-IOM-Gema-Cortes.jpg","articleSection":["Migrantes y Refugiados"],"inLanguage":"es"},{"@type":"WebPage","@id":"https:\/\/noti-america.com\/site\/principal\/2023\/04\/05\/brasil-a-reubicado-a-mas-de-100-000-migrantes-venezolanos\/","url":"https:\/\/noti-america.com\/site\/principal\/2023\/04\/05\/brasil-a-reubicado-a-mas-de-100-000-migrantes-venezolanos\/","name":"Brasil a reubicado a m\u00e1s de 100.000 migrantes venezolanos - Noti-America.com","isPartOf":{"@id":"https:\/\/noti-america.com\/site\/principal\/#website"},"primaryImageOfPage":{"@id":"https:\/\/noti-america.com\/site\/principal\/2023\/04\/05\/brasil-a-reubicado-a-mas-de-100-000-migrantes-venezolanos\/#primaryimage"},"image":{"@id":"https:\/\/noti-america.com\/site\/principal\/2023\/04\/05\/brasil-a-reubicado-a-mas-de-100-000-migrantes-venezolanos\/#primaryimage"},"thumbnailUrl":"https:\/\/noti-america.com\/site\/principal\/wp-content\/uploads\/sites\/26\/2023\/04\/-IOM-Gema-Cortes.jpg","datePublished":"2023-04-05T06:38:31+00:00","author":{"@id":"https:\/\/noti-america.com\/site\/principal\/#\/schema\/person\/3b975e42f15abfe64bfe3abdd916efda"},"breadcrumb":{"@id":"https:\/\/noti-america.com\/site\/principal\/2023\/04\/05\/brasil-a-reubicado-a-mas-de-100-000-migrantes-venezolanos\/#breadcrumb"},"inLanguage":"es","potentialAction":[{"@type":"ReadAction","target":["https:\/\/noti-america.com\/site\/principal\/2023\/04\/05\/brasil-a-reubicado-a-mas-de-100-000-migrantes-venezolanos\/"]}]},{"@type":"ImageObject","inLanguage":"es","@id":"https:\/\/noti-america.com\/site\/principal\/2023\/04\/05\/brasil-a-reubicado-a-mas-de-100-000-migrantes-venezolanos\/#primaryimage","url":"https:\/\/noti-america.com\/site\/principal\/wp-content\/uploads\/sites\/26\/2023\/04\/-IOM-Gema-Cortes.jpg","contentUrl":"https:\/\/noti-america.com\/site\/principal\/wp-content\/uploads\/sites\/26\/2023\/04\/-IOM-Gema-Cortes.jpg","width":1170,"height":530},{"@type":"BreadcrumbList","@id":"https:\/\/noti-america.com\/site\/principal\/2023\/04\/05\/brasil-a-reubicado-a-mas-de-100-000-migrantes-venezolanos\/#breadcrumb","itemListElement":[{"@type":"ListItem","position":1,"name":"Portada","item":"https:\/\/noti-america.com\/site\/principal\/"},{"@type":"ListItem","position":2,"name":"Brasil a reubicado a m\u00e1s de 100.000 migrantes venezolanos"}]},{"@type":"WebSite","@id":"https:\/\/noti-america.com\/site\/principal\/#website","url":"https:\/\/noti-america.com\/site\/principal\/","name":"Noti-America.com","description":"El Noticiero Digital M\u00e1s Grande de Am\u00e9rica","potentialAction":[{"@type":"SearchAction","target":{"@type":"EntryPoint","urlTemplate":"https:\/\/noti-america.com\/site\/principal\/?s={search_term_string}"},"query-input":{"@type":"PropertyValueSpecification","valueRequired":true,"valueName":"search_term_string"}}],"inLanguage":"es"},{"@type":"Person","@id":"https:\/\/noti-america.com\/site\/principal\/#\/schema\/person\/3b975e42f15abfe64bfe3abdd916efda","name":"Gregory Quintana Montiel","image":{"@type":"ImageObject","inLanguage":"es","@id":"https:\/\/secure.gravatar.com\/avatar\/2d6b802f7720c2ec7744dcbe608cc2f3417aeb964d58b443c6d612b77531de1d?s=96&d=mm&r=g","url":"https:\/\/secure.gravatar.com\/avatar\/2d6b802f7720c2ec7744dcbe608cc2f3417aeb964d58b443c6d612b77531de1d?s=96&d=mm&r=g","contentUrl":"https:\/\/secure.gravatar.com\/avatar\/2d6b802f7720c2ec7744dcbe608cc2f3417aeb964d58b443c6d612b77531de1d?s=96&d=mm&r=g","caption":"Gregory Quintana Montiel"},"description":"Licenciatura en Ciencias de la Comunicaci\u00f3n Social, egresado en la Especializaci\u00f3n Derecho Ambiental Desarrollo Sostenible y Sustentable, Miembro de la Comunidad de profesionales y experto para Latinoam\u00e9rica y el Caribe en Gesti\u00f3n por Resultado en el Desarrollo (COPLAC - GpRD) del Banco Interamericano de Desarrollo, experiencia en medios radiales y escritos.","sameAs":["https:\/\/x.com\/gdgregori1","gquintana"],"url":"https:\/\/noti-america.com\/site\/principal\/author\/gquintana\/"}]}},"_links":{"self":[{"href":"https:\/\/noti-america.com\/site\/principal\/wp-json\/wp\/v2\/posts\/25405","targetHints":{"allow":["GET"]}}],"collection":[{"href":"https:\/\/noti-america.com\/site\/principal\/wp-json\/wp\/v2\/posts"}],"about":[{"href":"https:\/\/noti-america.com\/site\/principal\/wp-json\/wp\/v2\/types\/post"}],"author":[{"embeddable":true,"href":"https:\/\/noti-america.com\/site\/principal\/wp-json\/wp\/v2\/users\/17"}],"replies":[{"embeddable":true,"href":"https:\/\/noti-america.com\/site\/principal\/wp-json\/wp\/v2\/comments?post=25405"}],"version-history":[{"count":0,"href":"https:\/\/noti-america.com\/site\/principal\/wp-json\/wp\/v2\/posts\/25405\/revisions"}],"wp:featuredmedia":[{"embeddable":true,"href":"https:\/\/noti-america.com\/site\/principal\/wp-json\/wp\/v2\/media\/25406"}],"wp:attachment":[{"href":"https:\/\/noti-america.com\/site\/principal\/wp-json\/wp\/v2\/media?parent=25405"}],"wp:term":[{"taxonomy":"category","embeddable":true,"href":"https:\/\/noti-america.com\/site\/principal\/wp-json\/wp\/v2\/categories?post=25405"},{"taxonomy":"post_tag","embeddable":true,"href":"https:\/\/noti-america.com\/site\/principal\/wp-json\/wp\/v2\/tags?post=25405"}],"curies":[{"name":"wp","href":"https:\/\/api.w.org\/{rel}","templated":true}]}}