{"id":2427,"date":"2018-04-07T15:36:33","date_gmt":"2018-04-07T15:36:33","guid":{"rendered":"http:\/\/noti-america.com\/site\/alemania\/?p=2427"},"modified":"2018-04-07T15:36:33","modified_gmt":"2018-04-07T15:36:33","slug":"facebook-to-verify-identities-require-labels-for-political-ads","status":"publish","type":"post","link":"https:\/\/noti-america.com\/site\/principal\/2018\/04\/07\/facebook-to-verify-identities-require-labels-for-political-ads\/","title":{"rendered":"Facebook to verify identities, require labels for political ads"},"content":{"rendered":"<div class=\"line mb2\">\n<p class=\"htitle txt45 txt25m txtblue bglightgrey line pa2   txtcenterm\"><span style=\"font-size: 16px\">Facebook announced Friday it will require political ads on its platform to state who is paying for the message and would verify the identity of the payer, in a bid to curb outside election interference.<\/span><\/p>\n<\/div>\n<div class=\"article_content line linemam mb2\">\n<div class=\"w75 right txt12 txtlh18 txtblack txtjustify textcontent\">\n<div class=\"line textcontent_img watermark\">\n<p>The social network, which is under fire for enabling manipulation of its platform in the 2016 election, said the new policy would require any messages for candidates or public issues to include the label \u00abpolitical ad\u00bb with the name of the person or entity paying for it.<\/p>\n<\/div>\n<p>Facebook chief Mark Zuckerberg said the change will mean \u00abwe will hire thousands of more people\u00bb to get the new system in place ahead of US midterm elections in November.<\/p>\n<p>\u00abWe&#8217;re starting this in the US and expanding to the rest of the world in the coming months,\u00bb Zuckerberg said on his Facebook page.<\/p>\n<p>\u00abThese steps by themselves won&#8217;t stop all people trying to game the system. But they will make it a lot harder for anyone to do what the Russians did during the 2016 election and use fake accounts and pages to run ads.\u00bb<\/p>\n<p>A separate Facebook statement said the changes would help improve transparency and accountability of the network around political campaigns.<\/p>\n<p>\u00abWe believe that when you visit a page or see an ad on Facebook, it should be clear who it&#8217;s coming from,\u00bb the statement said.<\/p>\n<p>To get authorized by Facebook, \u00abadvertisers will need to confirm their identity and location,\u00bb the statement said.<\/p>\n<p>\u00abAdvertisers will be prohibited from running political ads &#8212; electoral or issue-based &#8212; until they are authorized.\u00bb<\/p>\n<p>Facebook made the announcement as Zuckerberg prepared to appear before Congress next week to answer questions about the harvesting of personal data on 87 million users by Cambridge Analytica, a British political consultancy working for Donald Trump&#8217;s presidential campaign.<\/p>\n<p>The move also comes amid concerns that Russian-sponsored entities delivered Facebook ads designed to create discord and confusion ahead of the election and that firms like Cambridge Analytica created messages based on psychographic profiles gleaned from the platform to influence voters.<\/p>\n<p>&#8211; Sandberg&#8217;s apology &#8211;<\/p>\n<div class=\"line textcontent_img watermark\">\n<p>Separately, Facebook chief operating officer Sheryl Sandberg offered fresh apologies to users for failing to do enough on privacy and data protection.<\/p>\n<p>\u00abWe know that we did not do enough to protect people&#8217;s data,\u00bb Sandberg told National Public Radio. \u00abI&#8217;m really sorry for that. Mark is really sorry for that, and what we&#8217;re doing now is taking really firm action.\u00bb<\/p>\n<\/div>\n<p>Sandberg said Facebook first became aware in 2015 that Cambridge Analytica had obtained user data from a researcher who put up a poll on the social network.<\/p>\n<p>\u00abWhen we received word that this researcher gave the data to Cambridge Analytica, they assured us it was deleted,\u00bb she said.<\/p>\n<p>\u00abWe did not follow up and confirm, and that&#8217;s on us &#8212; and particularly once they were active in the election, we should have done that.\u00bb<\/p>\n<p>Sandberg was asked by NBC television&#8217;s \u00abToday Show\u00bb if other cases of user data misuse could be expected.<\/p>\n<p>\u00abWe&#8217;re doing an investigation, we&#8217;re going to do audits and yes, we think it&#8217;s possible, that&#8217;s why we&#8217;re doing the audit,\u00bb she said.<\/p>\n<p>Sandberg said Facebook also should have been more proactive in dealing with Russian interference in the 2016 presidential election.<\/p>\n<p>\u00abThat was something we should have caught, we should have known about,\u00bb she told NPR. \u00abWe didn&#8217;t. Now we&#8217;ve learned.\u00bb<\/p>\n<p>The firestorm over the improper data shared has sparked calls for investigations on both sides of the Atlantic.<\/p>\n<p>In Brussels, a European Union spokesman said Facebook confirmed that up to 2.7 million people in the EU may have been affected by the personal data scandal.<\/p>\n<p>\u00abWe will study the letter (from Facebook) in more detail, but it is already clear that this will need further follow-up discussions with Facebook,\u00bb spokesman Christopher Wigand said.<\/p>\n<p>Source: AFP<\/p>\n<\/div>\n<\/div>\n","protected":false},"excerpt":{"rendered":"<p>Facebook announced Friday it will require political ads on its platform to state who is paying for the message and would verify the identity of the payer, in a bid to curb outside election&#46;&#46;&#46;<\/p>\n","protected":false},"author":33,"featured_media":2430,"comment_status":"open","ping_status":"open","sticky":false,"template":"","format":"standard","meta":{"_acf_changed":false,"rop_custom_images_group":[],"rop_custom_messages_group":[],"rop_publish_now":"initial","rop_publish_now_accounts":{"facebook_10219548024599422_1632221337088128":"","twitter_242054905_242054905":""},"rop_publish_now_history":[],"rop_publish_now_status":"pending","footnotes":""},"categories":[3,55],"tags":[],"class_list":["post-2427","post","type-post","status-publish","format-standard","has-post-thumbnail","hentry","category-politica","category-tecnologias-de-la-informacion"],"acf":[],"yoast_head":"<!-- This site is optimized with the Yoast SEO Premium plugin v24.9 (Yoast SEO v27.2) - https:\/\/yoast.com\/product\/yoast-seo-premium-wordpress\/ -->\n<title>Facebook to verify identities, require labels for political ads - Noti-America.com<\/title>\n<meta name=\"robots\" content=\"index, follow, max-snippet:-1, max-image-preview:large, max-video-preview:-1\" \/>\n<link rel=\"canonical\" href=\"https:\/\/noti-america.com\/site\/principal\/2018\/04\/07\/facebook-to-verify-identities-require-labels-for-political-ads\/\" \/>\n<meta property=\"og:locale\" content=\"es_ES\" \/>\n<meta property=\"og:type\" content=\"article\" \/>\n<meta property=\"og:title\" content=\"Facebook to verify identities, require labels for political ads\" \/>\n<meta property=\"og:description\" content=\"Facebook announced Friday it will require political ads on its platform to state who is paying for the message and would verify the identity of the payer, in a bid to curb outside election&#046;&#046;&#046;\" \/>\n<meta property=\"og:url\" content=\"https:\/\/noti-america.com\/site\/principal\/2018\/04\/07\/facebook-to-verify-identities-require-labels-for-political-ads\/\" \/>\n<meta property=\"og:site_name\" content=\"Noti-America.com\" \/>\n<meta property=\"article:published_time\" content=\"2018-04-07T15:36:33+00:00\" \/>\n<meta property=\"og:image\" content=\"https:\/\/noti-america.com\/site\/principal\/wp-content\/uploads\/sites\/26\/2018\/04\/4-facebookceom.jpg\" \/>\n\t<meta property=\"og:image:width\" content=\"768\" \/>\n\t<meta property=\"og:image:height\" content=\"480\" \/>\n\t<meta property=\"og:image:type\" content=\"image\/jpeg\" \/>\n<meta name=\"twitter:card\" content=\"summary_large_image\" \/>\n<meta name=\"twitter:label1\" content=\"Escrito por\" \/>\n\t<meta name=\"twitter:data1\" content=\"\" \/>\n\t<meta name=\"twitter:label2\" content=\"Tiempo estimado de lectura\" \/>\n\t<meta name=\"twitter:data2\" content=\"3 minutos\" \/>\n<script type=\"application\/ld+json\" class=\"yoast-schema-graph\">{\"@context\":\"https:\/\/schema.org\",\"@graph\":[{\"@type\":\"Article\",\"@id\":\"https:\/\/noti-america.com\/site\/principal\/2018\/04\/07\/facebook-to-verify-identities-require-labels-for-political-ads\/#article\",\"isPartOf\":{\"@id\":\"https:\/\/noti-america.com\/site\/principal\/2018\/04\/07\/facebook-to-verify-identities-require-labels-for-political-ads\/\"},\"author\":{\"name\":\"\",\"@id\":\"\"},\"headline\":\"Facebook to verify identities, require labels for political ads\",\"datePublished\":\"2018-04-07T15:36:33+00:00\",\"mainEntityOfPage\":{\"@id\":\"https:\/\/noti-america.com\/site\/principal\/2018\/04\/07\/facebook-to-verify-identities-require-labels-for-political-ads\/\"},\"wordCount\":649,\"commentCount\":0,\"image\":{\"@id\":\"https:\/\/noti-america.com\/site\/principal\/2018\/04\/07\/facebook-to-verify-identities-require-labels-for-political-ads\/#primaryimage\"},\"thumbnailUrl\":\"https:\/\/noti-america.com\/site\/principal\/wp-content\/uploads\/sites\/26\/2018\/04\/4-facebookceom.jpg\",\"articleSection\":[\"Pol\u00edtica\",\"Tecnolog\u00edas de la Informaci\u00f3n\"],\"inLanguage\":\"es\",\"potentialAction\":[{\"@type\":\"CommentAction\",\"name\":\"Comment\",\"target\":[\"https:\/\/noti-america.com\/site\/principal\/2018\/04\/07\/facebook-to-verify-identities-require-labels-for-political-ads\/#respond\"]}]},{\"@type\":\"WebPage\",\"@id\":\"https:\/\/noti-america.com\/site\/principal\/2018\/04\/07\/facebook-to-verify-identities-require-labels-for-political-ads\/\",\"url\":\"https:\/\/noti-america.com\/site\/principal\/2018\/04\/07\/facebook-to-verify-identities-require-labels-for-political-ads\/\",\"name\":\"Facebook to verify identities, require labels for political ads - Noti-America.com\",\"isPartOf\":{\"@id\":\"https:\/\/noti-america.com\/site\/principal\/#website\"},\"primaryImageOfPage\":{\"@id\":\"https:\/\/noti-america.com\/site\/principal\/2018\/04\/07\/facebook-to-verify-identities-require-labels-for-political-ads\/#primaryimage\"},\"image\":{\"@id\":\"https:\/\/noti-america.com\/site\/principal\/2018\/04\/07\/facebook-to-verify-identities-require-labels-for-political-ads\/#primaryimage\"},\"thumbnailUrl\":\"https:\/\/noti-america.com\/site\/principal\/wp-content\/uploads\/sites\/26\/2018\/04\/4-facebookceom.jpg\",\"datePublished\":\"2018-04-07T15:36:33+00:00\",\"author\":{\"@id\":\"\"},\"breadcrumb\":{\"@id\":\"https:\/\/noti-america.com\/site\/principal\/2018\/04\/07\/facebook-to-verify-identities-require-labels-for-political-ads\/#breadcrumb\"},\"inLanguage\":\"es\",\"potentialAction\":[{\"@type\":\"ReadAction\",\"target\":[\"https:\/\/noti-america.com\/site\/principal\/2018\/04\/07\/facebook-to-verify-identities-require-labels-for-political-ads\/\"]}]},{\"@type\":\"ImageObject\",\"inLanguage\":\"es\",\"@id\":\"https:\/\/noti-america.com\/site\/principal\/2018\/04\/07\/facebook-to-verify-identities-require-labels-for-political-ads\/#primaryimage\",\"url\":\"https:\/\/noti-america.com\/site\/principal\/wp-content\/uploads\/sites\/26\/2018\/04\/4-facebookceom.jpg\",\"contentUrl\":\"https:\/\/noti-america.com\/site\/principal\/wp-content\/uploads\/sites\/26\/2018\/04\/4-facebookceom.jpg\",\"width\":768,\"height\":480},{\"@type\":\"BreadcrumbList\",\"@id\":\"https:\/\/noti-america.com\/site\/principal\/2018\/04\/07\/facebook-to-verify-identities-require-labels-for-political-ads\/#breadcrumb\",\"itemListElement\":[{\"@type\":\"ListItem\",\"position\":1,\"name\":\"Portada\",\"item\":\"https:\/\/noti-america.com\/site\/principal\/\"},{\"@type\":\"ListItem\",\"position\":2,\"name\":\"Facebook to verify identities, require labels for political ads\"}]},{\"@type\":\"WebSite\",\"@id\":\"https:\/\/noti-america.com\/site\/principal\/#website\",\"url\":\"https:\/\/noti-america.com\/site\/principal\/\",\"name\":\"Noti-America.com\",\"description\":\"El Noticiero Digital M\u00e1s Grande de Am\u00e9rica\",\"potentialAction\":[{\"@type\":\"SearchAction\",\"target\":{\"@type\":\"EntryPoint\",\"urlTemplate\":\"https:\/\/noti-america.com\/site\/principal\/?s={search_term_string}\"},\"query-input\":{\"@type\":\"PropertyValueSpecification\",\"valueRequired\":true,\"valueName\":\"search_term_string\"}}],\"inLanguage\":\"es\"},{\"@type\":\"Person\",\"@id\":\"\",\"url\":\"https:\/\/noti-america.com\/site\/principal\/author\/\"}]}<\/script>\n<!-- \/ Yoast SEO Premium plugin. -->","yoast_head_json":{"title":"Facebook to verify identities, require labels for political ads - Noti-America.com","robots":{"index":"index","follow":"follow","max-snippet":"max-snippet:-1","max-image-preview":"max-image-preview:large","max-video-preview":"max-video-preview:-1"},"canonical":"https:\/\/noti-america.com\/site\/principal\/2018\/04\/07\/facebook-to-verify-identities-require-labels-for-political-ads\/","og_locale":"es_ES","og_type":"article","og_title":"Facebook to verify identities, require labels for political ads","og_description":"Facebook announced Friday it will require political ads on its platform to state who is paying for the message and would verify the identity of the payer, in a bid to curb outside election&#46;&#46;&#46;","og_url":"https:\/\/noti-america.com\/site\/principal\/2018\/04\/07\/facebook-to-verify-identities-require-labels-for-political-ads\/","og_site_name":"Noti-America.com","article_published_time":"2018-04-07T15:36:33+00:00","og_image":[{"width":768,"height":480,"url":"https:\/\/noti-america.com\/site\/principal\/wp-content\/uploads\/sites\/26\/2018\/04\/4-facebookceom.jpg","type":"image\/jpeg"}],"twitter_card":"summary_large_image","twitter_misc":{"Escrito por":"","Tiempo estimado de lectura":"3 minutos"},"schema":{"@context":"https:\/\/schema.org","@graph":[{"@type":"Article","@id":"https:\/\/noti-america.com\/site\/principal\/2018\/04\/07\/facebook-to-verify-identities-require-labels-for-political-ads\/#article","isPartOf":{"@id":"https:\/\/noti-america.com\/site\/principal\/2018\/04\/07\/facebook-to-verify-identities-require-labels-for-political-ads\/"},"author":{"name":"","@id":""},"headline":"Facebook to verify identities, require labels for political ads","datePublished":"2018-04-07T15:36:33+00:00","mainEntityOfPage":{"@id":"https:\/\/noti-america.com\/site\/principal\/2018\/04\/07\/facebook-to-verify-identities-require-labels-for-political-ads\/"},"wordCount":649,"commentCount":0,"image":{"@id":"https:\/\/noti-america.com\/site\/principal\/2018\/04\/07\/facebook-to-verify-identities-require-labels-for-political-ads\/#primaryimage"},"thumbnailUrl":"https:\/\/noti-america.com\/site\/principal\/wp-content\/uploads\/sites\/26\/2018\/04\/4-facebookceom.jpg","articleSection":["Pol\u00edtica","Tecnolog\u00edas de la Informaci\u00f3n"],"inLanguage":"es","potentialAction":[{"@type":"CommentAction","name":"Comment","target":["https:\/\/noti-america.com\/site\/principal\/2018\/04\/07\/facebook-to-verify-identities-require-labels-for-political-ads\/#respond"]}]},{"@type":"WebPage","@id":"https:\/\/noti-america.com\/site\/principal\/2018\/04\/07\/facebook-to-verify-identities-require-labels-for-political-ads\/","url":"https:\/\/noti-america.com\/site\/principal\/2018\/04\/07\/facebook-to-verify-identities-require-labels-for-political-ads\/","name":"Facebook to verify identities, require labels for political ads - Noti-America.com","isPartOf":{"@id":"https:\/\/noti-america.com\/site\/principal\/#website"},"primaryImageOfPage":{"@id":"https:\/\/noti-america.com\/site\/principal\/2018\/04\/07\/facebook-to-verify-identities-require-labels-for-political-ads\/#primaryimage"},"image":{"@id":"https:\/\/noti-america.com\/site\/principal\/2018\/04\/07\/facebook-to-verify-identities-require-labels-for-political-ads\/#primaryimage"},"thumbnailUrl":"https:\/\/noti-america.com\/site\/principal\/wp-content\/uploads\/sites\/26\/2018\/04\/4-facebookceom.jpg","datePublished":"2018-04-07T15:36:33+00:00","author":{"@id":""},"breadcrumb":{"@id":"https:\/\/noti-america.com\/site\/principal\/2018\/04\/07\/facebook-to-verify-identities-require-labels-for-political-ads\/#breadcrumb"},"inLanguage":"es","potentialAction":[{"@type":"ReadAction","target":["https:\/\/noti-america.com\/site\/principal\/2018\/04\/07\/facebook-to-verify-identities-require-labels-for-political-ads\/"]}]},{"@type":"ImageObject","inLanguage":"es","@id":"https:\/\/noti-america.com\/site\/principal\/2018\/04\/07\/facebook-to-verify-identities-require-labels-for-political-ads\/#primaryimage","url":"https:\/\/noti-america.com\/site\/principal\/wp-content\/uploads\/sites\/26\/2018\/04\/4-facebookceom.jpg","contentUrl":"https:\/\/noti-america.com\/site\/principal\/wp-content\/uploads\/sites\/26\/2018\/04\/4-facebookceom.jpg","width":768,"height":480},{"@type":"BreadcrumbList","@id":"https:\/\/noti-america.com\/site\/principal\/2018\/04\/07\/facebook-to-verify-identities-require-labels-for-political-ads\/#breadcrumb","itemListElement":[{"@type":"ListItem","position":1,"name":"Portada","item":"https:\/\/noti-america.com\/site\/principal\/"},{"@type":"ListItem","position":2,"name":"Facebook to verify identities, require labels for political ads"}]},{"@type":"WebSite","@id":"https:\/\/noti-america.com\/site\/principal\/#website","url":"https:\/\/noti-america.com\/site\/principal\/","name":"Noti-America.com","description":"El Noticiero Digital M\u00e1s Grande de Am\u00e9rica","potentialAction":[{"@type":"SearchAction","target":{"@type":"EntryPoint","urlTemplate":"https:\/\/noti-america.com\/site\/principal\/?s={search_term_string}"},"query-input":{"@type":"PropertyValueSpecification","valueRequired":true,"valueName":"search_term_string"}}],"inLanguage":"es"},{"@type":"Person","@id":"","url":"https:\/\/noti-america.com\/site\/principal\/author\/"}]}},"_links":{"self":[{"href":"https:\/\/noti-america.com\/site\/principal\/wp-json\/wp\/v2\/posts\/2427","targetHints":{"allow":["GET"]}}],"collection":[{"href":"https:\/\/noti-america.com\/site\/principal\/wp-json\/wp\/v2\/posts"}],"about":[{"href":"https:\/\/noti-america.com\/site\/principal\/wp-json\/wp\/v2\/types\/post"}],"author":[{"embeddable":true,"href":"https:\/\/noti-america.com\/site\/principal\/wp-json\/wp\/v2\/users\/33"}],"replies":[{"embeddable":true,"href":"https:\/\/noti-america.com\/site\/principal\/wp-json\/wp\/v2\/comments?post=2427"}],"version-history":[{"count":1,"href":"https:\/\/noti-america.com\/site\/principal\/wp-json\/wp\/v2\/posts\/2427\/revisions"}],"predecessor-version":[{"id":2431,"href":"https:\/\/noti-america.com\/site\/principal\/wp-json\/wp\/v2\/posts\/2427\/revisions\/2431"}],"wp:featuredmedia":[{"embeddable":true,"href":"https:\/\/noti-america.com\/site\/principal\/wp-json\/wp\/v2\/media\/2430"}],"wp:attachment":[{"href":"https:\/\/noti-america.com\/site\/principal\/wp-json\/wp\/v2\/media?parent=2427"}],"wp:term":[{"taxonomy":"category","embeddable":true,"href":"https:\/\/noti-america.com\/site\/principal\/wp-json\/wp\/v2\/categories?post=2427"},{"taxonomy":"post_tag","embeddable":true,"href":"https:\/\/noti-america.com\/site\/principal\/wp-json\/wp\/v2\/tags?post=2427"}],"curies":[{"name":"wp","href":"https:\/\/api.w.org\/{rel}","templated":true}]}}