{"id":23599,"date":"2023-02-01T02:27:26","date_gmt":"2023-02-01T06:27:26","guid":{"rendered":"https:\/\/noti-america.com\/site\/principal\/?p=23599"},"modified":"2023-02-01T02:27:26","modified_gmt":"2023-02-01T06:27:26","slug":"el-dificil-y-peligroso-viaje-de-venezolanos-por-ecuador-onu","status":"publish","type":"post","link":"https:\/\/noti-america.com\/site\/principal\/2023\/02\/01\/el-dificil-y-peligroso-viaje-de-venezolanos-por-ecuador-onu\/","title":{"rendered":"El dif\u00edcil y peligroso viaje de venezolanos por Ecuador: ONU"},"content":{"rendered":"<p>REDACCI\u00d3N NOTI-AM\u00c9RICA <strong>(ECUADOR)<\/strong><\/p>\n<p style=\"text-align: justify\"><em>Cientos de migrantes de Venezuela recorren miles de kil\u00f3metros paso a paso, vendiendo lo que pueden por el camino, para poder continuar. Son \u201clos caminantes\u201d, como se los conoce en la regi\u00f3n. La agencia de la ONU para las migraciones les ayuda durante su periplo\u00a0<span lang=\"ES\" xml:lang=\"ES\">por varios pa\u00edses de Am\u00e9rica Latina<\/span>.<\/em><\/p>\n<section class=\"region region-before-content\">\n<div id=\"block-views-block-story-photo-block-image\" class=\"views-element-container block block-views block-views-block-story-photo-block-image\">\n<div class=\"content block__content\">\n<div class=\"view view-story-photo view-id-story_photo view-display-id-block_image js-view-dom-id-ce9c9959dc0713d649326d4b7091b56c596f81e615514434358089a338678747\">\n<div class=\"view-content\">\n<div class=\"views-row\">\n<div class=\"node node--type-news-story node--view-mode-top-image-full-width clearfix\" role=\"article\">\n<div class=\"story-media\">\n<div class=\"story-title\">\n<div style=\"width: 1451px\" class=\"wp-caption alignnone\"><img loading=\"lazy\" decoding=\"async\" src=\"https:\/\/global.unitednations.entermediadb.net\/assets\/mediadb\/services\/module\/asset\/downloads\/preset\/Libraries\/Production%20Library\/31-01-2023-IOM-Venezuela-Ecuador-01.jpg\/image1440x560cropped.jpg\" alt=\"Alexander, su esposa Francis y sus hijas Saemi y Zoe llevan caminando un mes agotador desde que salieron de Caracas (Venezuela).\" width=\"1441\" height=\"560\" \/><p class=\"wp-caption-text\">OIM\/Gema Cort\u00e9s. Alexander, su esposa Francis y sus hijas Saemi y Zoe llevan caminando un mes agotador desde que salieron de Caracas (Venezuela).<\/p><\/div>\n<\/div>\n<\/div>\n<\/div>\n<\/div>\n<\/div>\n<\/div>\n<\/div>\n<\/div>\n<\/section>\n<div id=\"main-wrapper\" class=\"layout-main-wrapper clearfix\">\n<div id=\"main-container\" class=\"container layout-main-container\">\n<div class=\"row row-offcanvas row-offcanvas-left clearfix\"><main id=\"content\" class=\"main-content col-lg-9\" role=\"main\"><\/p>\n<section class=\"section\">\n<div id=\"block-views-block-content-fields-block-body\" class=\"views-element-container block block-views block-views-block-content-fields-block-body\">\n<div class=\"content block__content\">\n<div class=\"view view-content-fields view-id-content_fields view-display-id-block_body js-view-dom-id-d48d3b19aa3ba1f77dcc26a53f0c90abb066dcfb22529421d62d7b1000e32848\">\n<div class=\"view-content\">\n<div class=\"views-row\">\n<div class=\"views-field views-field-field-news-story\">\n<div class=\"field-content\">\n<div class=\"paragraph paragraph--type--one-column-text paragraph--view-mode--default\">\n<div class=\"lc-section lc-section-411 layoutcomponents-one-column container lc-inline_section-edit\">\n<div class=\"lc-inline_container-section-edit\">\n<div class=\"row lc-container-cols lc-inline_row-edit\">\n<div class=\"lc-inline_column_first-edit layoutcomponent-column col-md\">\n<div class=\"layout-builder__region js-layout-builder-region lc-inline_column_first-content-edit\" data-region=\"first\">\n<div class=\"block block-layout-builder block-field-block-paragraph-one-column-text-field-text-column\">\n<div class=\"content block__content\">\n<div class=\"clearfix text-formatted field field--name-field-text-column field--type-text-long field--label-hidden field__item\">\n<p style=\"text-align: justify\">Alexander Darin aspira profundamente, lleva en su hombro una mochila con sus pertenencias y camina a trav\u00e9s del Puente Internacional de Rumichaca, el principal cruce fronterizo entre Colombia y Ecuador en la Cordillera de los Andes.<\/p>\n<p style=\"text-align: justify\">Empujando el cochecito de su hija Zoe de tres a\u00f1os, Alexander, su esposa Francis, su hija Saemi de 12 a\u00f1os y su cachorro, est\u00e1n haciendo el viaje de 5000 kil\u00f3metros desde Venezuela a Chile, en donde espera poder conseguir empleo como cocinero.<\/p>\n<p style=\"text-align: justify\">\u201cEl viaje ha sido duro, cada d\u00eda nos sentimos helados y hambrientos. Y es dif\u00edcil que nos den un avent\u00f3n\u201d, dice Alexander totalmente exhausto.<\/p>\n<p style=\"text-align: justify\">Se fueron de Caracas, capital de Venezuela, un mes antes, sin dinero para el transporte. Espera tener \u00e9xito junto a su familia en este viaje a Chile, que est\u00e1n haciendo \u201cpaso a paso\u201d, vendiendo caramelos en las calles de las ciudades por las que pasan y ahora han recalado en Tulc\u00e1n, en Ecuador.<\/p>\n<p style=\"text-align: justify\">Los flujos migratorios mixtos de venezolanos hacia pa\u00edses vecinos no han cesado, si bien no son tan intensos como en otras \u00e9pocas.\u00a0<strong>M\u00e1s de un cuarto de mill\u00f3n de personas pasaron por Ecuador en 2022<\/strong>, de acuerdo con las autoridades locales. Desde all\u00ed, transitan por Am\u00e9rica del Sur dirigi\u00e9ndose al norte y pasando por cruces fronterizos formales.<\/p>\n<div class=\"align-center context-un_news_large_uncropped_credit_caption type-entermedia_image media media--type-entermedia-image media--view-mode-un-news-large-uncropped-credit-caption\" style=\"text-align: justify\" data-quickedit-entity-id=\"media\/51027\">\n<div class=\"field field--name-thumbnail field--type-image field--label-hidden field__item\">\n<div style=\"width: 1034px\" class=\"wp-caption alignnone\"><img loading=\"lazy\" decoding=\"async\" title=\"Al caer la noche, los caminantes llegan a Tulcan despu\u00e9s de viajar durante d\u00edas cargando sus pertenencias a la espalda.\" src=\"https:\/\/global.unitednations.entermediadb.net\/assets\/mediadb\/services\/module\/asset\/downloads\/preset\/Libraries\/Production%20Library\/31-01-2023-IOM-Venezuela-Ecuador-02.jpg\/image1024x768.jpg\" alt=\"Al caer la noche, los caminantes llegan a Tulcan despu\u00e9s de viajar durante d\u00edas cargando sus pertenencias a la espalda.\" width=\"1024\" height=\"768\" \/><p class=\"wp-caption-text\">IOM\/Gema Cort\u00e9s. Al caer la noche, los caminantes llegan a Tulc\u00e1n despu\u00e9s de viajar durante d\u00edas cargando sus pertenencias a la espalda.<\/p><\/div>\n<\/div>\n<\/div>\n<p style=\"text-align: justify\"><strong>Los caminantes<\/strong><\/p>\n<p style=\"text-align: justify\">Los caminantes (as\u00ed es como se los conoce) viajan miles de kil\u00f3metros de a pie, al costado de las autopistas,\u00a0<strong>a trav\u00e9s de peligrosos terrenos y en severas condiciones clim\u00e1ticas<\/strong>, corriendo el riesgo de todo tipo de peligros y amenazas, incluyendo las de grupos criminales y traficantes.<\/p>\n<p style=\"text-align: justify\">Los riesgos son especialmente altos para las j\u00f3venes mujeres y las familias con ni\u00f1os peque\u00f1os. Muchos hacen esta traves\u00eda en ojotas (sandalias), camisetas y pantalones cortos. Caminan y piden que los lleven durante meses a lo largo de los caminos de monta\u00f1a que conectan ciudades como Bogot\u00e1, Quito y Lima con Santiago de Chile y Buenos Aires.<\/p>\n<p style=\"text-align: justify\">A m\u00e1s de 3000 metros por encima del nivel del mar, la ruta entre la frontera colombiana y Tulc\u00e1n est\u00e1 cubierta por una bruma helada y presenta temperaturas extremadamente bajas. Fabio*, un venezolano de 27 a\u00f1os procedente de Valencia, intenta parar a los camiones que pasan con la esperanza de que lo lleven.\u00a0<strong>Le han prometido un empleo en Per\u00fa y quiere enviar dinero de regreso a la familia que ha dejado atr\u00e1s<\/strong>.<\/p>\n<p style=\"text-align: justify\">\u201cNo es posible tener una vida en Venezuela, no hay forma de llegar a fin de mes<strong>. Yo estoy buscando simplemente un futuro mejor<\/strong>\u201d, dice Fabio tras haber dormido por semanas en la vereda, debiendo enfrentar las intensas temperaturas nocturnas que suelen bajar hasta los cinco grados Celsius.<\/p>\n<p style=\"text-align: justify\"><strong>Los equipos de la\u00a0<a href=\"http:\/\/www.iom.int\/es\" target=\"_blank\" rel=\"noopener noreferrer\">Organizaci\u00f3n Internacional para las Migraciones<\/a>\u00a0(OIM) conducen una casa rodante humanitaria\u00a0<\/strong>cada d\u00eda a lo largo de las rutas que van desde Tulc\u00e1n hasta la frontera con Colombia y les entregan a los migrantes en tr\u00e1nsito paquetes de alimentos, agua, kits de higiene, un equipo para el invierno e informaci\u00f3n sobre las rutas por delante.<\/p>\n<p style=\"text-align: justify\">La frontera es bastante permeable; se estima que cerca de 1500 venezolanos ingresan a Ecuador cada mes a trav\u00e9s de puntos de cruce irregulares a la b\u00fasqueda de mejores condiciones de vida.<\/p>\n<div class=\"align-center context-un_news_large_uncropped_credit_caption type-entermedia_image media media--type-entermedia-image media--view-mode-un-news-large-uncropped-credit-caption\" style=\"text-align: justify\" data-quickedit-entity-id=\"media\/51032\">\n<div class=\"field field--name-thumbnail field--type-image field--label-hidden field__item\">\n<div style=\"width: 1034px\" class=\"wp-caption alignnone\"><img loading=\"lazy\" decoding=\"async\" title=\"Este mapa presenta una visi\u00f3n general de las rutas migratorias en Sudam\u00e9rica y se presenta \u00fanicamente con fines ilustrativos. Los l\u00edmites y nombres mostrados y las designaciones utilizadas en este mapa no implican aprobaci\u00f3n o aceptaci\u00f3n oficial por part\u2026\" src=\"https:\/\/global.unitednations.entermediadb.net\/assets\/mediadb\/services\/module\/asset\/downloads\/preset\/Libraries\/Production%20Library\/31-01-2023-IOM-Venezuela-Ecuador-map.jpg\/image1024x768.jpg\" alt=\"Este mapa presenta una visi\u00f3n general de las rutas migratorias en Sudam\u00e9rica y se presenta \u00fanicamente con fines ilustrativos. Los l\u00edmites y nombres mostrados y las designaciones utilizadas en este mapa no implican aprobaci\u00f3n o aceptaci\u00f3n oficial por part\u2026\" width=\"1024\" height=\"768\" \/><p class=\"wp-caption-text\">IOM. Este mapa presenta una visi\u00f3n general de las rutas migratorias en Sudam\u00e9rica y se presenta \u00fanicamente con fines ilustrativos. Los l\u00edmites y nombres mostrados y las designaciones utilizadas en este mapa no implican aprobaci\u00f3n o aceptaci\u00f3n oficial por parte de la OIM Internacional o de la ONU.<\/p><\/div>\n<\/div>\n<\/div>\n<p style=\"text-align: justify\"><strong>Una cama para la noche<\/strong><\/p>\n<p style=\"text-align: justify\">Al final de un largo y peligroso viaje, hay una luz de esperanza. El Hotel Quito, en la ciudad fronteriza de Tulc\u00e1n, es un albergue temporal que recibe el apoyo de la OIM. Mientras cae la noche, el albergue lentamente se llena de j\u00f3venes parejas, de familias con ni\u00f1os y de caminantes solitarios. Acceden a albergue para pasar la noche, asistencia m\u00e9dica y psicol\u00f3gica y tres comidas calientes por d\u00eda.<\/p>\n<p style=\"text-align: justify\">En el albergue, un hombre, que parece muy cansado junto a su familia de cuatro integrantes, est\u00e1 parado en el centro de recepci\u00f3n, al lado de otros agotados caminantes. Jos\u00e9* tiene una historia de lucha y desesperaci\u00f3n, y tambi\u00e9n de fuerte voluntad y determinaci\u00f3n.<\/p>\n<p style=\"text-align: justify\"><strong>Fue raptado en la frontera con Colombia y separado de su familia por 24 horas<\/strong>. Ahora, solamente sue\u00f1an con empezar una nueva vida en Per\u00fa.<\/p>\n<p style=\"text-align: justify\">\u201cCuando uno escucha que tus hijos te dicen \u2013 \u2018Pap\u00e1, tengo hambre\u2019\u2013 y no tienes nada para darles, es realmente triste. \u201cFue tambi\u00e9n muy duro tener que dejar a mis dos hijos mayores en Venezuela\u201d, dice Jos\u00e9 con un nudo en la garganta.<\/p>\n<div class=\"align-center context-un_news_large_uncropped_credit_caption type-entermedia_image media media--type-entermedia-image media--view-mode-un-news-large-uncropped-credit-caption\" style=\"text-align: justify\" data-quickedit-entity-id=\"media\/51037\">\n<div class=\"field field--name-thumbnail field--type-image field--label-hidden field__item\">\n<div style=\"width: 1034px\" class=\"wp-caption alignnone\"><img loading=\"lazy\" decoding=\"async\" title=\"Los venezolanos recorren a pie cientos de kil\u00f3metros exponi\u00e9ndose a todo tipo de amenazas.\" src=\"https:\/\/global.unitednations.entermediadb.net\/assets\/mediadb\/services\/module\/asset\/downloads\/preset\/Libraries\/Production%20Library\/31-01-2023-IOM-Venezuela-Ecuador-04.jpg\/image1024x768.jpg\" alt=\"Los venezolanos recorren a pie cientos de kil\u00f3metros exponi\u00e9ndose a todo tipo de amenazas.\" width=\"1024\" height=\"768\" \/><p class=\"wp-caption-text\">OIM\/Gema Cort\u00e9s. Los venezolanos recorren a pie cientos de kil\u00f3metros exponi\u00e9ndose a todo tipo de amenazas.<\/p><\/div>\n<\/div>\n<\/div>\n<p style=\"text-align: justify\"><strong>Si uno no se arriesga, no consigue nada<\/strong><\/p>\n<p style=\"text-align: justify\">Su esposa Mar\u00eda*, se sienta junto a sus hijos en medio de una pila de bolsas que contienen sus pertenencias.\u00a0<strong>Han estado caminando sin parar durante 12 horas<\/strong>.<\/p>\n<p style=\"text-align: justify\">\u201cCaminar es realmente un sacrificio, pero lo que hacemos es para que nuestros hijos est\u00e9n mejor. Si uno no se arriesga, no consigue nada\u201d, dice.<\/p>\n<p style=\"text-align: justify\">Maribel, de 29 a\u00f1os y de Barinas, junto a su hija Victoria de siete a\u00f1os, pas\u00f3 un a\u00f1o en Bogot\u00e1 en donde sobrevivieron vendiendo comida en las calles. Ahora han encontrado refugio en un albergue temporal y esperan poder abrir un puesto callejero de venta de comidas cerca de la frontera, con capital semilla y apoyo para emprendimientos de parte de la OIM.<\/p>\n<p style=\"text-align: justify\">\u201c<strong>He sido siempre una gran trabajadora y no me gusta no tener qu\u00e9 darle a mi hija<\/strong>\u201d, cuenta.<\/p>\n<p style=\"text-align: justify\">M\u00e1s de 7,1 millones de personas se han ido de Venezuela, en uno de los mayores movimientos poblacionales en la historia de Am\u00e9rica Latina. Aproximadamente medio mill\u00f3n de venezolanos viven en Ecuador.<\/p>\n<p style=\"text-align: justify\">Habiendo recuperado fuerzas despu\u00e9s de una noche en el albergue, Alexander, Francis, Zoe y Saemi volvieron a partir de a pie hacia Chile, con sus mochilas llenas de ilusiones. En el camino que recorrer\u00e1n por delante deber\u00e1n superar formidables obst\u00e1culos geogr\u00e1ficos y luchar intensamente en su intento por acceder a una mejor vida, un viaje que deber\u00e1 estar impulsado por la determinaci\u00f3n y el coraje. \u201cLograremos llegar con todo nuestro potencial, esperando que alguien nos brinde esa mano solidaria que necesitaremos para poder progresar\u201d, remarca Alexander mientras se despide.<\/p>\n<p style=\"text-align: justify\"><em>*Algunos nombres han sido cambiados por motivos de protecci\u00f3n.<\/em><\/p>\n<p style=\"text-align: justify\"><em>Esta historia fue escrita por Gema Cort\u00e9s, de la Unidad de Prensa de la OIM, Oficina del Enviado Especial para la Respuesta Regional a la Situaci\u00f3n en Venezuela.<\/em><\/p>\n<p style=\"text-align: justify\"><strong>Fuente: ONU<\/strong><\/p>\n<\/div>\n<\/div>\n<\/div>\n<\/div>\n<\/div>\n<\/div>\n<\/div>\n<\/div>\n<\/div>\n<\/div>\n<\/div>\n<\/div>\n<\/div>\n<\/div>\n<\/div>\n<\/div>\n<\/section>\n<p><\/main><\/div>\n<\/div>\n<\/div>\n","protected":false},"excerpt":{"rendered":"<p>REDACCI\u00d3N NOTI-AM\u00c9RICA (ECUADOR) Cientos de migrantes de Venezuela recorren miles de kil\u00f3metros paso a paso, vendiendo lo que pueden por el camino, para poder continuar. Son \u201clos caminantes\u201d, como se los conoce en la&#46;&#46;&#46;<\/p>\n","protected":false},"author":17,"featured_media":23600,"comment_status":"","ping_status":"open","sticky":false,"template":"","format":"standard","meta":{"_acf_changed":false,"rop_custom_images_group":[],"rop_custom_messages_group":[],"rop_publish_now":"initial","rop_publish_now_accounts":{"facebook_10219548024599422_1632221337088128":"","twitter_242054905_242054905":""},"rop_publish_now_history":[],"rop_publish_now_status":"pending","footnotes":""},"categories":[2054],"tags":[],"class_list":["post-23599","post","type-post","status-publish","format-standard","has-post-thumbnail","hentry","category-migrantes-y-refugiados"],"acf":[],"yoast_head":"<!-- This site is optimized with the Yoast SEO Premium plugin v24.9 (Yoast SEO v27.2) - https:\/\/yoast.com\/product\/yoast-seo-premium-wordpress\/ -->\n<title>El dif\u00edcil y peligroso viaje de venezolanos por Ecuador: ONU - Noti-America.com<\/title>\n<meta name=\"robots\" content=\"index, follow, max-snippet:-1, max-image-preview:large, max-video-preview:-1\" \/>\n<link rel=\"canonical\" href=\"https:\/\/noti-america.com\/site\/principal\/2023\/02\/01\/el-dificil-y-peligroso-viaje-de-venezolanos-por-ecuador-onu\/\" \/>\n<meta property=\"og:locale\" content=\"es_ES\" \/>\n<meta property=\"og:type\" content=\"article\" \/>\n<meta property=\"og:title\" content=\"El dif\u00edcil y peligroso viaje de venezolanos por Ecuador: ONU\" \/>\n<meta property=\"og:description\" content=\"REDACCI\u00d3N NOTI-AM\u00c9RICA (ECUADOR) Cientos de migrantes de Venezuela recorren miles de kil\u00f3metros paso a paso, vendiendo lo que pueden por el camino, para poder continuar. Son \u201clos caminantes\u201d, como se los conoce en la&#046;&#046;&#046;\" \/>\n<meta property=\"og:url\" content=\"https:\/\/noti-america.com\/site\/principal\/2023\/02\/01\/el-dificil-y-peligroso-viaje-de-venezolanos-por-ecuador-onu\/\" \/>\n<meta property=\"og:site_name\" content=\"Noti-America.com\" \/>\n<meta property=\"article:published_time\" content=\"2023-02-01T06:27:26+00:00\" \/>\n<meta property=\"og:image\" content=\"https:\/\/noti-america.com\/site\/principal\/wp-content\/uploads\/sites\/26\/2023\/01\/OIM-Gema-Cortes.jpg\" \/>\n\t<meta property=\"og:image:width\" content=\"1441\" \/>\n\t<meta property=\"og:image:height\" content=\"560\" \/>\n\t<meta property=\"og:image:type\" content=\"image\/jpeg\" \/>\n<meta name=\"author\" content=\"Gregory Quintana Montiel\" \/>\n<meta name=\"twitter:card\" content=\"summary_large_image\" \/>\n<meta name=\"twitter:creator\" content=\"@gdgregori1\" \/>\n<meta name=\"twitter:label1\" content=\"Escrito por\" \/>\n\t<meta name=\"twitter:data1\" content=\"Gregory Quintana Montiel\" \/>\n\t<meta name=\"twitter:label2\" content=\"Tiempo estimado de lectura\" \/>\n\t<meta name=\"twitter:data2\" content=\"7 minutos\" \/>\n<script type=\"application\/ld+json\" class=\"yoast-schema-graph\">{\"@context\":\"https:\/\/schema.org\",\"@graph\":[{\"@type\":\"Article\",\"@id\":\"https:\/\/noti-america.com\/site\/principal\/2023\/02\/01\/el-dificil-y-peligroso-viaje-de-venezolanos-por-ecuador-onu\/#article\",\"isPartOf\":{\"@id\":\"https:\/\/noti-america.com\/site\/principal\/2023\/02\/01\/el-dificil-y-peligroso-viaje-de-venezolanos-por-ecuador-onu\/\"},\"author\":{\"name\":\"Gregory Quintana Montiel\",\"@id\":\"https:\/\/noti-america.com\/site\/principal\/#\/schema\/person\/3b975e42f15abfe64bfe3abdd916efda\"},\"headline\":\"El dif\u00edcil y peligroso viaje de venezolanos por Ecuador: ONU\",\"datePublished\":\"2023-02-01T06:27:26+00:00\",\"mainEntityOfPage\":{\"@id\":\"https:\/\/noti-america.com\/site\/principal\/2023\/02\/01\/el-dificil-y-peligroso-viaje-de-venezolanos-por-ecuador-onu\/\"},\"wordCount\":1291,\"image\":{\"@id\":\"https:\/\/noti-america.com\/site\/principal\/2023\/02\/01\/el-dificil-y-peligroso-viaje-de-venezolanos-por-ecuador-onu\/#primaryimage\"},\"thumbnailUrl\":\"https:\/\/noti-america.com\/site\/principal\/wp-content\/uploads\/sites\/26\/2023\/01\/OIM-Gema-Cortes.jpg\",\"articleSection\":[\"Migrantes y Refugiados\"],\"inLanguage\":\"es\"},{\"@type\":\"WebPage\",\"@id\":\"https:\/\/noti-america.com\/site\/principal\/2023\/02\/01\/el-dificil-y-peligroso-viaje-de-venezolanos-por-ecuador-onu\/\",\"url\":\"https:\/\/noti-america.com\/site\/principal\/2023\/02\/01\/el-dificil-y-peligroso-viaje-de-venezolanos-por-ecuador-onu\/\",\"name\":\"El dif\u00edcil y peligroso viaje de venezolanos por Ecuador: ONU - Noti-America.com\",\"isPartOf\":{\"@id\":\"https:\/\/noti-america.com\/site\/principal\/#website\"},\"primaryImageOfPage\":{\"@id\":\"https:\/\/noti-america.com\/site\/principal\/2023\/02\/01\/el-dificil-y-peligroso-viaje-de-venezolanos-por-ecuador-onu\/#primaryimage\"},\"image\":{\"@id\":\"https:\/\/noti-america.com\/site\/principal\/2023\/02\/01\/el-dificil-y-peligroso-viaje-de-venezolanos-por-ecuador-onu\/#primaryimage\"},\"thumbnailUrl\":\"https:\/\/noti-america.com\/site\/principal\/wp-content\/uploads\/sites\/26\/2023\/01\/OIM-Gema-Cortes.jpg\",\"datePublished\":\"2023-02-01T06:27:26+00:00\",\"author\":{\"@id\":\"https:\/\/noti-america.com\/site\/principal\/#\/schema\/person\/3b975e42f15abfe64bfe3abdd916efda\"},\"breadcrumb\":{\"@id\":\"https:\/\/noti-america.com\/site\/principal\/2023\/02\/01\/el-dificil-y-peligroso-viaje-de-venezolanos-por-ecuador-onu\/#breadcrumb\"},\"inLanguage\":\"es\",\"potentialAction\":[{\"@type\":\"ReadAction\",\"target\":[\"https:\/\/noti-america.com\/site\/principal\/2023\/02\/01\/el-dificil-y-peligroso-viaje-de-venezolanos-por-ecuador-onu\/\"]}]},{\"@type\":\"ImageObject\",\"inLanguage\":\"es\",\"@id\":\"https:\/\/noti-america.com\/site\/principal\/2023\/02\/01\/el-dificil-y-peligroso-viaje-de-venezolanos-por-ecuador-onu\/#primaryimage\",\"url\":\"https:\/\/noti-america.com\/site\/principal\/wp-content\/uploads\/sites\/26\/2023\/01\/OIM-Gema-Cortes.jpg\",\"contentUrl\":\"https:\/\/noti-america.com\/site\/principal\/wp-content\/uploads\/sites\/26\/2023\/01\/OIM-Gema-Cortes.jpg\",\"width\":1441,\"height\":560},{\"@type\":\"BreadcrumbList\",\"@id\":\"https:\/\/noti-america.com\/site\/principal\/2023\/02\/01\/el-dificil-y-peligroso-viaje-de-venezolanos-por-ecuador-onu\/#breadcrumb\",\"itemListElement\":[{\"@type\":\"ListItem\",\"position\":1,\"name\":\"Portada\",\"item\":\"https:\/\/noti-america.com\/site\/principal\/\"},{\"@type\":\"ListItem\",\"position\":2,\"name\":\"El dif\u00edcil y peligroso viaje de venezolanos por Ecuador: ONU\"}]},{\"@type\":\"WebSite\",\"@id\":\"https:\/\/noti-america.com\/site\/principal\/#website\",\"url\":\"https:\/\/noti-america.com\/site\/principal\/\",\"name\":\"Noti-America.com\",\"description\":\"El Noticiero Digital M\u00e1s Grande de Am\u00e9rica\",\"potentialAction\":[{\"@type\":\"SearchAction\",\"target\":{\"@type\":\"EntryPoint\",\"urlTemplate\":\"https:\/\/noti-america.com\/site\/principal\/?s={search_term_string}\"},\"query-input\":{\"@type\":\"PropertyValueSpecification\",\"valueRequired\":true,\"valueName\":\"search_term_string\"}}],\"inLanguage\":\"es\"},{\"@type\":\"Person\",\"@id\":\"https:\/\/noti-america.com\/site\/principal\/#\/schema\/person\/3b975e42f15abfe64bfe3abdd916efda\",\"name\":\"Gregory Quintana Montiel\",\"image\":{\"@type\":\"ImageObject\",\"inLanguage\":\"es\",\"@id\":\"https:\/\/secure.gravatar.com\/avatar\/2d6b802f7720c2ec7744dcbe608cc2f3417aeb964d58b443c6d612b77531de1d?s=96&d=mm&r=g\",\"url\":\"https:\/\/secure.gravatar.com\/avatar\/2d6b802f7720c2ec7744dcbe608cc2f3417aeb964d58b443c6d612b77531de1d?s=96&d=mm&r=g\",\"contentUrl\":\"https:\/\/secure.gravatar.com\/avatar\/2d6b802f7720c2ec7744dcbe608cc2f3417aeb964d58b443c6d612b77531de1d?s=96&d=mm&r=g\",\"caption\":\"Gregory Quintana Montiel\"},\"description\":\"Licenciatura en Ciencias de la Comunicaci\u00f3n Social, egresado en la Especializaci\u00f3n Derecho Ambiental Desarrollo Sostenible y Sustentable, Miembro de la Comunidad de profesionales y experto para Latinoam\u00e9rica y el Caribe en Gesti\u00f3n por Resultado en el Desarrollo (COPLAC - GpRD) del Banco Interamericano de Desarrollo, experiencia en medios radiales y escritos.\",\"sameAs\":[\"https:\/\/x.com\/gdgregori1\",\"gquintana\"],\"url\":\"https:\/\/noti-america.com\/site\/principal\/author\/gquintana\/\"}]}<\/script>\n<!-- \/ Yoast SEO Premium plugin. -->","yoast_head_json":{"title":"El dif\u00edcil y peligroso viaje de venezolanos por Ecuador: ONU - Noti-America.com","robots":{"index":"index","follow":"follow","max-snippet":"max-snippet:-1","max-image-preview":"max-image-preview:large","max-video-preview":"max-video-preview:-1"},"canonical":"https:\/\/noti-america.com\/site\/principal\/2023\/02\/01\/el-dificil-y-peligroso-viaje-de-venezolanos-por-ecuador-onu\/","og_locale":"es_ES","og_type":"article","og_title":"El dif\u00edcil y peligroso viaje de venezolanos por Ecuador: ONU","og_description":"REDACCI\u00d3N NOTI-AM\u00c9RICA (ECUADOR) Cientos de migrantes de Venezuela recorren miles de kil\u00f3metros paso a paso, vendiendo lo que pueden por el camino, para poder continuar. Son \u201clos caminantes\u201d, como se los conoce en la&#46;&#46;&#46;","og_url":"https:\/\/noti-america.com\/site\/principal\/2023\/02\/01\/el-dificil-y-peligroso-viaje-de-venezolanos-por-ecuador-onu\/","og_site_name":"Noti-America.com","article_published_time":"2023-02-01T06:27:26+00:00","og_image":[{"width":1441,"height":560,"url":"https:\/\/noti-america.com\/site\/principal\/wp-content\/uploads\/sites\/26\/2023\/01\/OIM-Gema-Cortes.jpg","type":"image\/jpeg"}],"author":"Gregory Quintana Montiel","twitter_card":"summary_large_image","twitter_creator":"@gdgregori1","twitter_misc":{"Escrito por":"Gregory Quintana Montiel","Tiempo estimado de lectura":"7 minutos"},"schema":{"@context":"https:\/\/schema.org","@graph":[{"@type":"Article","@id":"https:\/\/noti-america.com\/site\/principal\/2023\/02\/01\/el-dificil-y-peligroso-viaje-de-venezolanos-por-ecuador-onu\/#article","isPartOf":{"@id":"https:\/\/noti-america.com\/site\/principal\/2023\/02\/01\/el-dificil-y-peligroso-viaje-de-venezolanos-por-ecuador-onu\/"},"author":{"name":"Gregory Quintana Montiel","@id":"https:\/\/noti-america.com\/site\/principal\/#\/schema\/person\/3b975e42f15abfe64bfe3abdd916efda"},"headline":"El dif\u00edcil y peligroso viaje de venezolanos por Ecuador: ONU","datePublished":"2023-02-01T06:27:26+00:00","mainEntityOfPage":{"@id":"https:\/\/noti-america.com\/site\/principal\/2023\/02\/01\/el-dificil-y-peligroso-viaje-de-venezolanos-por-ecuador-onu\/"},"wordCount":1291,"image":{"@id":"https:\/\/noti-america.com\/site\/principal\/2023\/02\/01\/el-dificil-y-peligroso-viaje-de-venezolanos-por-ecuador-onu\/#primaryimage"},"thumbnailUrl":"https:\/\/noti-america.com\/site\/principal\/wp-content\/uploads\/sites\/26\/2023\/01\/OIM-Gema-Cortes.jpg","articleSection":["Migrantes y Refugiados"],"inLanguage":"es"},{"@type":"WebPage","@id":"https:\/\/noti-america.com\/site\/principal\/2023\/02\/01\/el-dificil-y-peligroso-viaje-de-venezolanos-por-ecuador-onu\/","url":"https:\/\/noti-america.com\/site\/principal\/2023\/02\/01\/el-dificil-y-peligroso-viaje-de-venezolanos-por-ecuador-onu\/","name":"El dif\u00edcil y peligroso viaje de venezolanos por Ecuador: ONU - Noti-America.com","isPartOf":{"@id":"https:\/\/noti-america.com\/site\/principal\/#website"},"primaryImageOfPage":{"@id":"https:\/\/noti-america.com\/site\/principal\/2023\/02\/01\/el-dificil-y-peligroso-viaje-de-venezolanos-por-ecuador-onu\/#primaryimage"},"image":{"@id":"https:\/\/noti-america.com\/site\/principal\/2023\/02\/01\/el-dificil-y-peligroso-viaje-de-venezolanos-por-ecuador-onu\/#primaryimage"},"thumbnailUrl":"https:\/\/noti-america.com\/site\/principal\/wp-content\/uploads\/sites\/26\/2023\/01\/OIM-Gema-Cortes.jpg","datePublished":"2023-02-01T06:27:26+00:00","author":{"@id":"https:\/\/noti-america.com\/site\/principal\/#\/schema\/person\/3b975e42f15abfe64bfe3abdd916efda"},"breadcrumb":{"@id":"https:\/\/noti-america.com\/site\/principal\/2023\/02\/01\/el-dificil-y-peligroso-viaje-de-venezolanos-por-ecuador-onu\/#breadcrumb"},"inLanguage":"es","potentialAction":[{"@type":"ReadAction","target":["https:\/\/noti-america.com\/site\/principal\/2023\/02\/01\/el-dificil-y-peligroso-viaje-de-venezolanos-por-ecuador-onu\/"]}]},{"@type":"ImageObject","inLanguage":"es","@id":"https:\/\/noti-america.com\/site\/principal\/2023\/02\/01\/el-dificil-y-peligroso-viaje-de-venezolanos-por-ecuador-onu\/#primaryimage","url":"https:\/\/noti-america.com\/site\/principal\/wp-content\/uploads\/sites\/26\/2023\/01\/OIM-Gema-Cortes.jpg","contentUrl":"https:\/\/noti-america.com\/site\/principal\/wp-content\/uploads\/sites\/26\/2023\/01\/OIM-Gema-Cortes.jpg","width":1441,"height":560},{"@type":"BreadcrumbList","@id":"https:\/\/noti-america.com\/site\/principal\/2023\/02\/01\/el-dificil-y-peligroso-viaje-de-venezolanos-por-ecuador-onu\/#breadcrumb","itemListElement":[{"@type":"ListItem","position":1,"name":"Portada","item":"https:\/\/noti-america.com\/site\/principal\/"},{"@type":"ListItem","position":2,"name":"El dif\u00edcil y peligroso viaje de venezolanos por Ecuador: ONU"}]},{"@type":"WebSite","@id":"https:\/\/noti-america.com\/site\/principal\/#website","url":"https:\/\/noti-america.com\/site\/principal\/","name":"Noti-America.com","description":"El Noticiero Digital M\u00e1s Grande de Am\u00e9rica","potentialAction":[{"@type":"SearchAction","target":{"@type":"EntryPoint","urlTemplate":"https:\/\/noti-america.com\/site\/principal\/?s={search_term_string}"},"query-input":{"@type":"PropertyValueSpecification","valueRequired":true,"valueName":"search_term_string"}}],"inLanguage":"es"},{"@type":"Person","@id":"https:\/\/noti-america.com\/site\/principal\/#\/schema\/person\/3b975e42f15abfe64bfe3abdd916efda","name":"Gregory Quintana Montiel","image":{"@type":"ImageObject","inLanguage":"es","@id":"https:\/\/secure.gravatar.com\/avatar\/2d6b802f7720c2ec7744dcbe608cc2f3417aeb964d58b443c6d612b77531de1d?s=96&d=mm&r=g","url":"https:\/\/secure.gravatar.com\/avatar\/2d6b802f7720c2ec7744dcbe608cc2f3417aeb964d58b443c6d612b77531de1d?s=96&d=mm&r=g","contentUrl":"https:\/\/secure.gravatar.com\/avatar\/2d6b802f7720c2ec7744dcbe608cc2f3417aeb964d58b443c6d612b77531de1d?s=96&d=mm&r=g","caption":"Gregory Quintana Montiel"},"description":"Licenciatura en Ciencias de la Comunicaci\u00f3n Social, egresado en la Especializaci\u00f3n Derecho Ambiental Desarrollo Sostenible y Sustentable, Miembro de la Comunidad de profesionales y experto para Latinoam\u00e9rica y el Caribe en Gesti\u00f3n por Resultado en el Desarrollo (COPLAC - GpRD) del Banco Interamericano de Desarrollo, experiencia en medios radiales y escritos.","sameAs":["https:\/\/x.com\/gdgregori1","gquintana"],"url":"https:\/\/noti-america.com\/site\/principal\/author\/gquintana\/"}]}},"_links":{"self":[{"href":"https:\/\/noti-america.com\/site\/principal\/wp-json\/wp\/v2\/posts\/23599","targetHints":{"allow":["GET"]}}],"collection":[{"href":"https:\/\/noti-america.com\/site\/principal\/wp-json\/wp\/v2\/posts"}],"about":[{"href":"https:\/\/noti-america.com\/site\/principal\/wp-json\/wp\/v2\/types\/post"}],"author":[{"embeddable":true,"href":"https:\/\/noti-america.com\/site\/principal\/wp-json\/wp\/v2\/users\/17"}],"replies":[{"embeddable":true,"href":"https:\/\/noti-america.com\/site\/principal\/wp-json\/wp\/v2\/comments?post=23599"}],"version-history":[{"count":0,"href":"https:\/\/noti-america.com\/site\/principal\/wp-json\/wp\/v2\/posts\/23599\/revisions"}],"wp:featuredmedia":[{"embeddable":true,"href":"https:\/\/noti-america.com\/site\/principal\/wp-json\/wp\/v2\/media\/23600"}],"wp:attachment":[{"href":"https:\/\/noti-america.com\/site\/principal\/wp-json\/wp\/v2\/media?parent=23599"}],"wp:term":[{"taxonomy":"category","embeddable":true,"href":"https:\/\/noti-america.com\/site\/principal\/wp-json\/wp\/v2\/categories?post=23599"},{"taxonomy":"post_tag","embeddable":true,"href":"https:\/\/noti-america.com\/site\/principal\/wp-json\/wp\/v2\/tags?post=23599"}],"curies":[{"name":"wp","href":"https:\/\/api.w.org\/{rel}","templated":true}]}}