{"id":23545,"date":"2023-01-30T12:07:15","date_gmt":"2023-01-30T16:07:15","guid":{"rendered":"https:\/\/noti-america.com\/site\/principal\/?p=23545"},"modified":"2023-01-30T12:07:15","modified_gmt":"2023-01-30T16:07:15","slug":"el-consejo-adopta-una-recomendacion-sobre-una-renta-minima-adecuada-por-redaccion","status":"publish","type":"post","link":"https:\/\/noti-america.com\/site\/principal\/2023\/01\/30\/el-consejo-adopta-una-recomendacion-sobre-una-renta-minima-adecuada-por-redaccion\/","title":{"rendered":"EL CONSEJO ADOPTA UNA RECOMENDACI\u00d3N SOBRE UNA RENTA M\u00cdNIMA ADECUADA por Redacci\u00f3n"},"content":{"rendered":"<p>NOTI-AMERICA.COM | ESPANA<\/p>\n<p>www.aquieuropa.com<\/p>\n<h2>EL CONSEJO ADOPTA UNA RECOMENDACI\u00d3N SOBRE UNA RENTA M\u00cdNIMA ADECUADA<\/h2>\n<h4>por Redacci\u00f3n<\/h4>\n<blockquote><p>El Consejo ha adoptado una recomendaci\u00f3n sobre una renta m\u00ednima adecuada que tiene por objeto combatir la pobreza y la exclusi\u00f3n social y alcanzar altos niveles de empleo mediante la promoci\u00f3n de un apoyo adecuado a la renta por medio de una renta m\u00ednima, el acceso efectivo a los servicios esenciales y habilitadores para las personas que carecen de recursos suficientes y fomentando la integraci\u00f3n en el mercado laboral de quienes puede trabajar.<\/p><\/blockquote>\n<p>La renta m\u00ednima es un elemento clave en las estrategias para salir de la pobreza y la exclusi\u00f3n. Tambi\u00e9n contribuye a apoyar una recuperaci\u00f3n sostenible e inclusiva en tiempos de crisis econ\u00f3mica. Las redes s\u00f3lidas de seguridad social no solo mejoran los resultados sociales y de salud de quienes se encuentran m\u00e1s alejados del mercado laboral, sino que tambi\u00e9n brindan beneficios sociales y econ\u00f3micos duraderos para la Uni\u00f3n Europea, lo que se traduce en sociedades m\u00e1s equitativas, cohesionadas y resilientes.<\/p>\n<p>A pesar de los avances de la \u00faltima d\u00e9cada, en 2021, m\u00e1s de 95,4 millones de personas segu\u00edan en riesgo de pobreza o exclusi\u00f3n social, siendo ese riesgo mayor para las mujeres. La pandemia de COVID-19 puso de relieve las ventajas sociales y econ\u00f3micas de las redes de seguridad social adecuadas y espec\u00edficas, con medidas de contenci\u00f3n que afectan de manera desproporcionada a las mujeres y los grupos desfavorecidos, especialmente en t\u00e9rminos de acceso a la atenci\u00f3n m\u00e9dica y la educaci\u00f3n. La guerra de agresi\u00f3n rusa injustificada e ilegal contra Ucrania provoc\u00f3 un fuerte aumento de los precios de la energ\u00eda y la consiguiente inflaci\u00f3n, lo que afect\u00f3 a\u00fan m\u00e1s a los hogares de ingresos bajos y medios bajos.<\/p>\n<p>Por estos motivos y aunque todos los estados miembros cuentan con redes de seguridad social, el progreso para hacerlas accesibles y adecuadas ha sido desigual. Por lo tanto, el Consejo recomienda que los Estados miembros proporcionen y, cuando sea necesario, fortalezcan redes s\u00f3lidas de seguridad social combinando un apoyo adecuado a los ingresos a trav\u00e9s de beneficios de ingresos m\u00ednimos y otros beneficios monetarios complementarios, beneficios en especie y brindando acceso a servicios esenciales y habilitadores.<\/p>\n<p>Se recomienda a los Estados miembros que establezcan el nivel de ingresos m\u00ednimos a trav\u00e9s de una metodolog\u00eda s\u00f3lida y transparente, de conformidad con la legislaci\u00f3n nacional y con la participaci\u00f3n de las partes interesadas pertinentes, teniendo en cuenta las fuentes de ingresos generales, las necesidades espec\u00edficas y las situaciones desfavorables de los hogares, los ingresos de un -asalariado o un asalariado m\u00ednimo, nivel de vida y poder adquisitivo, as\u00ed como los niveles de precios y sus desarrollos relacionados.<\/p>\n<p>Asimismo, con vistas a promover la igualdad de g\u00e9nero, la seguridad de los ingresos y la independencia econ\u00f3mica de las mujeres, los adultos j\u00f3venes y las personas con discapacidad, el Consejo recomienda adem\u00e1s la posibilidad de solicitar la renta m\u00ednima que se proporcione a los miembros individuales del hogar.<\/p>\n<p>Tambi\u00e9n se recomienda a los Estados miembros que alcancen gradualmente el nivel adecuado de apoyo a la renta a m\u00e1s tardar en 2030, salvaguardando al mismo tiempo la sostenibilidad de las finanzas p\u00fablicas. Adem\u00e1s, los Estados miembros deber\u00edan revisar peri\u00f3dicamente y, cuando proceda, ajustar el nivel de renta m\u00ednima para mantener su adecuaci\u00f3n. En tiempos de recesi\u00f3n econ\u00f3mica, la flexibilidad en el dise\u00f1o de la renta m\u00ednima puede desempe\u00f1ar un papel importante en la mitigaci\u00f3n de las consecuencias sociales adversas y desempe\u00f1ar un papel estabilizador en la econom\u00eda.<\/p>\n<p>&nbsp;<\/p>\n","protected":false},"excerpt":{"rendered":"<p>NOTI-AMERICA.COM | ESPANA www.aquieuropa.com EL CONSEJO ADOPTA UNA RECOMENDACI\u00d3N SOBRE UNA RENTA M\u00cdNIMA ADECUADA por Redacci\u00f3n El Consejo ha adoptado una recomendaci\u00f3n sobre una renta m\u00ednima adecuada que tiene por objeto combatir la pobreza&#46;&#46;&#46;<\/p>\n","protected":false},"author":2,"featured_media":23548,"comment_status":"closed","ping_status":"open","sticky":false,"template":"","format":"image","meta":{"_acf_changed":false,"rop_custom_images_group":[],"rop_custom_messages_group":[],"rop_publish_now":"initial","rop_publish_now_accounts":{"facebook_10219548024599422_1632221337088128":"","twitter_242054905_242054905":""},"rop_publish_now_history":[],"rop_publish_now_status":"pending","footnotes":""},"categories":[663],"tags":[],"class_list":["post-23545","post","type-post","status-publish","format-image","has-post-thumbnail","hentry","category-actualidad","post_format-post-format-image"],"acf":[],"yoast_head":"<!-- This site is optimized with the Yoast SEO Premium plugin v24.9 (Yoast SEO v27.2) - https:\/\/yoast.com\/product\/yoast-seo-premium-wordpress\/ -->\n<title>EL CONSEJO ADOPTA UNA RECOMENDACI\u00d3N SOBRE UNA RENTA M\u00cdNIMA ADECUADA por Redacci\u00f3n - Noti-America.com<\/title>\n<meta name=\"robots\" content=\"index, follow, max-snippet:-1, max-image-preview:large, max-video-preview:-1\" \/>\n<link rel=\"canonical\" href=\"https:\/\/noti-america.com\/site\/principal\/2023\/01\/30\/el-consejo-adopta-una-recomendacion-sobre-una-renta-minima-adecuada-por-redaccion\/\" \/>\n<meta property=\"og:locale\" content=\"es_ES\" \/>\n<meta property=\"og:type\" content=\"article\" \/>\n<meta property=\"og:title\" content=\"EL CONSEJO ADOPTA UNA RECOMENDACI\u00d3N SOBRE UNA RENTA M\u00cdNIMA ADECUADA por Redacci\u00f3n\" \/>\n<meta property=\"og:description\" content=\"NOTI-AMERICA.COM | ESPANA www.aquieuropa.com EL CONSEJO ADOPTA UNA RECOMENDACI\u00d3N SOBRE UNA RENTA M\u00cdNIMA ADECUADA por Redacci\u00f3n El Consejo ha adoptado una recomendaci\u00f3n sobre una renta m\u00ednima adecuada que tiene por objeto combatir la pobreza&#046;&#046;&#046;\" \/>\n<meta property=\"og:url\" content=\"https:\/\/noti-america.com\/site\/principal\/2023\/01\/30\/el-consejo-adopta-una-recomendacion-sobre-una-renta-minima-adecuada-por-redaccion\/\" \/>\n<meta property=\"og:site_name\" content=\"Noti-America.com\" \/>\n<meta property=\"article:published_time\" content=\"2023-01-30T16:07:15+00:00\" \/>\n<meta property=\"og:image\" content=\"https:\/\/noti-america.com\/site\/principal\/wp-content\/uploads\/sites\/26\/2023\/01\/salarios-europa-paises-img.png\" \/>\n\t<meta property=\"og:image:width\" content=\"900\" \/>\n\t<meta property=\"og:image:height\" content=\"1100\" \/>\n\t<meta property=\"og:image:type\" content=\"image\/png\" \/>\n<meta name=\"author\" content=\"rloaiza\" \/>\n<meta name=\"twitter:card\" content=\"summary_large_image\" \/>\n<meta name=\"twitter:label1\" content=\"Escrito por\" \/>\n\t<meta name=\"twitter:data1\" content=\"rloaiza\" \/>\n\t<meta name=\"twitter:label2\" content=\"Tiempo estimado de lectura\" \/>\n\t<meta name=\"twitter:data2\" content=\"3 minutos\" \/>\n<script type=\"application\/ld+json\" class=\"yoast-schema-graph\">{\"@context\":\"https:\/\/schema.org\",\"@graph\":[{\"@type\":\"Article\",\"@id\":\"https:\/\/noti-america.com\/site\/principal\/2023\/01\/30\/el-consejo-adopta-una-recomendacion-sobre-una-renta-minima-adecuada-por-redaccion\/#article\",\"isPartOf\":{\"@id\":\"https:\/\/noti-america.com\/site\/principal\/2023\/01\/30\/el-consejo-adopta-una-recomendacion-sobre-una-renta-minima-adecuada-por-redaccion\/\"},\"author\":{\"name\":\"rloaiza\",\"@id\":\"https:\/\/noti-america.com\/site\/principal\/#\/schema\/person\/a2e478ba496331ce89bcd0c731cd6533\"},\"headline\":\"EL CONSEJO ADOPTA UNA RECOMENDACI\u00d3N SOBRE UNA RENTA M\u00cdNIMA ADECUADA por Redacci\u00f3n\",\"datePublished\":\"2023-01-30T16:07:15+00:00\",\"mainEntityOfPage\":{\"@id\":\"https:\/\/noti-america.com\/site\/principal\/2023\/01\/30\/el-consejo-adopta-una-recomendacion-sobre-una-renta-minima-adecuada-por-redaccion\/\"},\"wordCount\":663,\"image\":{\"@id\":\"https:\/\/noti-america.com\/site\/principal\/2023\/01\/30\/el-consejo-adopta-una-recomendacion-sobre-una-renta-minima-adecuada-por-redaccion\/#primaryimage\"},\"thumbnailUrl\":\"https:\/\/noti-america.com\/site\/principal\/wp-content\/uploads\/sites\/26\/2023\/01\/salarios-europa-paises-img.png\",\"articleSection\":[\"Actualidad\"],\"inLanguage\":\"es\"},{\"@type\":\"WebPage\",\"@id\":\"https:\/\/noti-america.com\/site\/principal\/2023\/01\/30\/el-consejo-adopta-una-recomendacion-sobre-una-renta-minima-adecuada-por-redaccion\/\",\"url\":\"https:\/\/noti-america.com\/site\/principal\/2023\/01\/30\/el-consejo-adopta-una-recomendacion-sobre-una-renta-minima-adecuada-por-redaccion\/\",\"name\":\"EL CONSEJO ADOPTA UNA RECOMENDACI\u00d3N SOBRE UNA RENTA M\u00cdNIMA ADECUADA por Redacci\u00f3n - Noti-America.com\",\"isPartOf\":{\"@id\":\"https:\/\/noti-america.com\/site\/principal\/#website\"},\"primaryImageOfPage\":{\"@id\":\"https:\/\/noti-america.com\/site\/principal\/2023\/01\/30\/el-consejo-adopta-una-recomendacion-sobre-una-renta-minima-adecuada-por-redaccion\/#primaryimage\"},\"image\":{\"@id\":\"https:\/\/noti-america.com\/site\/principal\/2023\/01\/30\/el-consejo-adopta-una-recomendacion-sobre-una-renta-minima-adecuada-por-redaccion\/#primaryimage\"},\"thumbnailUrl\":\"https:\/\/noti-america.com\/site\/principal\/wp-content\/uploads\/sites\/26\/2023\/01\/salarios-europa-paises-img.png\",\"datePublished\":\"2023-01-30T16:07:15+00:00\",\"author\":{\"@id\":\"https:\/\/noti-america.com\/site\/principal\/#\/schema\/person\/a2e478ba496331ce89bcd0c731cd6533\"},\"breadcrumb\":{\"@id\":\"https:\/\/noti-america.com\/site\/principal\/2023\/01\/30\/el-consejo-adopta-una-recomendacion-sobre-una-renta-minima-adecuada-por-redaccion\/#breadcrumb\"},\"inLanguage\":\"es\",\"potentialAction\":[{\"@type\":\"ReadAction\",\"target\":[\"https:\/\/noti-america.com\/site\/principal\/2023\/01\/30\/el-consejo-adopta-una-recomendacion-sobre-una-renta-minima-adecuada-por-redaccion\/\"]}]},{\"@type\":\"ImageObject\",\"inLanguage\":\"es\",\"@id\":\"https:\/\/noti-america.com\/site\/principal\/2023\/01\/30\/el-consejo-adopta-una-recomendacion-sobre-una-renta-minima-adecuada-por-redaccion\/#primaryimage\",\"url\":\"https:\/\/noti-america.com\/site\/principal\/wp-content\/uploads\/sites\/26\/2023\/01\/salarios-europa-paises-img.png\",\"contentUrl\":\"https:\/\/noti-america.com\/site\/principal\/wp-content\/uploads\/sites\/26\/2023\/01\/salarios-europa-paises-img.png\",\"width\":900,\"height\":1100},{\"@type\":\"BreadcrumbList\",\"@id\":\"https:\/\/noti-america.com\/site\/principal\/2023\/01\/30\/el-consejo-adopta-una-recomendacion-sobre-una-renta-minima-adecuada-por-redaccion\/#breadcrumb\",\"itemListElement\":[{\"@type\":\"ListItem\",\"position\":1,\"name\":\"Portada\",\"item\":\"https:\/\/noti-america.com\/site\/principal\/\"},{\"@type\":\"ListItem\",\"position\":2,\"name\":\"EL CONSEJO ADOPTA UNA RECOMENDACI\u00d3N SOBRE UNA RENTA M\u00cdNIMA ADECUADA por Redacci\u00f3n\"}]},{\"@type\":\"WebSite\",\"@id\":\"https:\/\/noti-america.com\/site\/principal\/#website\",\"url\":\"https:\/\/noti-america.com\/site\/principal\/\",\"name\":\"Noti-America.com\",\"description\":\"El Noticiero Digital M\u00e1s Grande de Am\u00e9rica\",\"potentialAction\":[{\"@type\":\"SearchAction\",\"target\":{\"@type\":\"EntryPoint\",\"urlTemplate\":\"https:\/\/noti-america.com\/site\/principal\/?s={search_term_string}\"},\"query-input\":{\"@type\":\"PropertyValueSpecification\",\"valueRequired\":true,\"valueName\":\"search_term_string\"}}],\"inLanguage\":\"es\"},{\"@type\":\"Person\",\"@id\":\"https:\/\/noti-america.com\/site\/principal\/#\/schema\/person\/a2e478ba496331ce89bcd0c731cd6533\",\"name\":\"rloaiza\",\"image\":{\"@type\":\"ImageObject\",\"inLanguage\":\"es\",\"@id\":\"https:\/\/secure.gravatar.com\/avatar\/190058e5d4427934610b99c45aa7a6558806850adedd53ddeddd194b04773e22?s=96&d=mm&r=g\",\"url\":\"https:\/\/secure.gravatar.com\/avatar\/190058e5d4427934610b99c45aa7a6558806850adedd53ddeddd194b04773e22?s=96&d=mm&r=g\",\"contentUrl\":\"https:\/\/secure.gravatar.com\/avatar\/190058e5d4427934610b99c45aa7a6558806850adedd53ddeddd194b04773e22?s=96&d=mm&r=g\",\"caption\":\"rloaiza\"},\"url\":\"https:\/\/noti-america.com\/site\/principal\/author\/rloaiza\/\"}]}<\/script>\n<!-- \/ Yoast SEO Premium plugin. -->","yoast_head_json":{"title":"EL CONSEJO ADOPTA UNA RECOMENDACI\u00d3N SOBRE UNA RENTA M\u00cdNIMA ADECUADA por Redacci\u00f3n - Noti-America.com","robots":{"index":"index","follow":"follow","max-snippet":"max-snippet:-1","max-image-preview":"max-image-preview:large","max-video-preview":"max-video-preview:-1"},"canonical":"https:\/\/noti-america.com\/site\/principal\/2023\/01\/30\/el-consejo-adopta-una-recomendacion-sobre-una-renta-minima-adecuada-por-redaccion\/","og_locale":"es_ES","og_type":"article","og_title":"EL CONSEJO ADOPTA UNA RECOMENDACI\u00d3N SOBRE UNA RENTA M\u00cdNIMA ADECUADA por Redacci\u00f3n","og_description":"NOTI-AMERICA.COM | ESPANA www.aquieuropa.com EL CONSEJO ADOPTA UNA RECOMENDACI\u00d3N SOBRE UNA RENTA M\u00cdNIMA ADECUADA por Redacci\u00f3n El Consejo ha adoptado una recomendaci\u00f3n sobre una renta m\u00ednima adecuada que tiene por objeto combatir la pobreza&#46;&#46;&#46;","og_url":"https:\/\/noti-america.com\/site\/principal\/2023\/01\/30\/el-consejo-adopta-una-recomendacion-sobre-una-renta-minima-adecuada-por-redaccion\/","og_site_name":"Noti-America.com","article_published_time":"2023-01-30T16:07:15+00:00","og_image":[{"width":900,"height":1100,"url":"https:\/\/noti-america.com\/site\/principal\/wp-content\/uploads\/sites\/26\/2023\/01\/salarios-europa-paises-img.png","type":"image\/png"}],"author":"rloaiza","twitter_card":"summary_large_image","twitter_misc":{"Escrito por":"rloaiza","Tiempo estimado de lectura":"3 minutos"},"schema":{"@context":"https:\/\/schema.org","@graph":[{"@type":"Article","@id":"https:\/\/noti-america.com\/site\/principal\/2023\/01\/30\/el-consejo-adopta-una-recomendacion-sobre-una-renta-minima-adecuada-por-redaccion\/#article","isPartOf":{"@id":"https:\/\/noti-america.com\/site\/principal\/2023\/01\/30\/el-consejo-adopta-una-recomendacion-sobre-una-renta-minima-adecuada-por-redaccion\/"},"author":{"name":"rloaiza","@id":"https:\/\/noti-america.com\/site\/principal\/#\/schema\/person\/a2e478ba496331ce89bcd0c731cd6533"},"headline":"EL CONSEJO ADOPTA UNA RECOMENDACI\u00d3N SOBRE UNA RENTA M\u00cdNIMA ADECUADA por Redacci\u00f3n","datePublished":"2023-01-30T16:07:15+00:00","mainEntityOfPage":{"@id":"https:\/\/noti-america.com\/site\/principal\/2023\/01\/30\/el-consejo-adopta-una-recomendacion-sobre-una-renta-minima-adecuada-por-redaccion\/"},"wordCount":663,"image":{"@id":"https:\/\/noti-america.com\/site\/principal\/2023\/01\/30\/el-consejo-adopta-una-recomendacion-sobre-una-renta-minima-adecuada-por-redaccion\/#primaryimage"},"thumbnailUrl":"https:\/\/noti-america.com\/site\/principal\/wp-content\/uploads\/sites\/26\/2023\/01\/salarios-europa-paises-img.png","articleSection":["Actualidad"],"inLanguage":"es"},{"@type":"WebPage","@id":"https:\/\/noti-america.com\/site\/principal\/2023\/01\/30\/el-consejo-adopta-una-recomendacion-sobre-una-renta-minima-adecuada-por-redaccion\/","url":"https:\/\/noti-america.com\/site\/principal\/2023\/01\/30\/el-consejo-adopta-una-recomendacion-sobre-una-renta-minima-adecuada-por-redaccion\/","name":"EL CONSEJO ADOPTA UNA RECOMENDACI\u00d3N SOBRE UNA RENTA M\u00cdNIMA ADECUADA por Redacci\u00f3n - Noti-America.com","isPartOf":{"@id":"https:\/\/noti-america.com\/site\/principal\/#website"},"primaryImageOfPage":{"@id":"https:\/\/noti-america.com\/site\/principal\/2023\/01\/30\/el-consejo-adopta-una-recomendacion-sobre-una-renta-minima-adecuada-por-redaccion\/#primaryimage"},"image":{"@id":"https:\/\/noti-america.com\/site\/principal\/2023\/01\/30\/el-consejo-adopta-una-recomendacion-sobre-una-renta-minima-adecuada-por-redaccion\/#primaryimage"},"thumbnailUrl":"https:\/\/noti-america.com\/site\/principal\/wp-content\/uploads\/sites\/26\/2023\/01\/salarios-europa-paises-img.png","datePublished":"2023-01-30T16:07:15+00:00","author":{"@id":"https:\/\/noti-america.com\/site\/principal\/#\/schema\/person\/a2e478ba496331ce89bcd0c731cd6533"},"breadcrumb":{"@id":"https:\/\/noti-america.com\/site\/principal\/2023\/01\/30\/el-consejo-adopta-una-recomendacion-sobre-una-renta-minima-adecuada-por-redaccion\/#breadcrumb"},"inLanguage":"es","potentialAction":[{"@type":"ReadAction","target":["https:\/\/noti-america.com\/site\/principal\/2023\/01\/30\/el-consejo-adopta-una-recomendacion-sobre-una-renta-minima-adecuada-por-redaccion\/"]}]},{"@type":"ImageObject","inLanguage":"es","@id":"https:\/\/noti-america.com\/site\/principal\/2023\/01\/30\/el-consejo-adopta-una-recomendacion-sobre-una-renta-minima-adecuada-por-redaccion\/#primaryimage","url":"https:\/\/noti-america.com\/site\/principal\/wp-content\/uploads\/sites\/26\/2023\/01\/salarios-europa-paises-img.png","contentUrl":"https:\/\/noti-america.com\/site\/principal\/wp-content\/uploads\/sites\/26\/2023\/01\/salarios-europa-paises-img.png","width":900,"height":1100},{"@type":"BreadcrumbList","@id":"https:\/\/noti-america.com\/site\/principal\/2023\/01\/30\/el-consejo-adopta-una-recomendacion-sobre-una-renta-minima-adecuada-por-redaccion\/#breadcrumb","itemListElement":[{"@type":"ListItem","position":1,"name":"Portada","item":"https:\/\/noti-america.com\/site\/principal\/"},{"@type":"ListItem","position":2,"name":"EL CONSEJO ADOPTA UNA RECOMENDACI\u00d3N SOBRE UNA RENTA M\u00cdNIMA ADECUADA por Redacci\u00f3n"}]},{"@type":"WebSite","@id":"https:\/\/noti-america.com\/site\/principal\/#website","url":"https:\/\/noti-america.com\/site\/principal\/","name":"Noti-America.com","description":"El Noticiero Digital M\u00e1s Grande de Am\u00e9rica","potentialAction":[{"@type":"SearchAction","target":{"@type":"EntryPoint","urlTemplate":"https:\/\/noti-america.com\/site\/principal\/?s={search_term_string}"},"query-input":{"@type":"PropertyValueSpecification","valueRequired":true,"valueName":"search_term_string"}}],"inLanguage":"es"},{"@type":"Person","@id":"https:\/\/noti-america.com\/site\/principal\/#\/schema\/person\/a2e478ba496331ce89bcd0c731cd6533","name":"rloaiza","image":{"@type":"ImageObject","inLanguage":"es","@id":"https:\/\/secure.gravatar.com\/avatar\/190058e5d4427934610b99c45aa7a6558806850adedd53ddeddd194b04773e22?s=96&d=mm&r=g","url":"https:\/\/secure.gravatar.com\/avatar\/190058e5d4427934610b99c45aa7a6558806850adedd53ddeddd194b04773e22?s=96&d=mm&r=g","contentUrl":"https:\/\/secure.gravatar.com\/avatar\/190058e5d4427934610b99c45aa7a6558806850adedd53ddeddd194b04773e22?s=96&d=mm&r=g","caption":"rloaiza"},"url":"https:\/\/noti-america.com\/site\/principal\/author\/rloaiza\/"}]}},"_links":{"self":[{"href":"https:\/\/noti-america.com\/site\/principal\/wp-json\/wp\/v2\/posts\/23545","targetHints":{"allow":["GET"]}}],"collection":[{"href":"https:\/\/noti-america.com\/site\/principal\/wp-json\/wp\/v2\/posts"}],"about":[{"href":"https:\/\/noti-america.com\/site\/principal\/wp-json\/wp\/v2\/types\/post"}],"author":[{"embeddable":true,"href":"https:\/\/noti-america.com\/site\/principal\/wp-json\/wp\/v2\/users\/2"}],"replies":[{"embeddable":true,"href":"https:\/\/noti-america.com\/site\/principal\/wp-json\/wp\/v2\/comments?post=23545"}],"version-history":[{"count":1,"href":"https:\/\/noti-america.com\/site\/principal\/wp-json\/wp\/v2\/posts\/23545\/revisions"}],"predecessor-version":[{"id":23549,"href":"https:\/\/noti-america.com\/site\/principal\/wp-json\/wp\/v2\/posts\/23545\/revisions\/23549"}],"wp:featuredmedia":[{"embeddable":true,"href":"https:\/\/noti-america.com\/site\/principal\/wp-json\/wp\/v2\/media\/23548"}],"wp:attachment":[{"href":"https:\/\/noti-america.com\/site\/principal\/wp-json\/wp\/v2\/media?parent=23545"}],"wp:term":[{"taxonomy":"category","embeddable":true,"href":"https:\/\/noti-america.com\/site\/principal\/wp-json\/wp\/v2\/categories?post=23545"},{"taxonomy":"post_tag","embeddable":true,"href":"https:\/\/noti-america.com\/site\/principal\/wp-json\/wp\/v2\/tags?post=23545"}],"curies":[{"name":"wp","href":"https:\/\/api.w.org\/{rel}","templated":true}]}}