{"id":2344,"date":"2018-04-05T19:54:57","date_gmt":"2018-04-05T19:54:57","guid":{"rendered":"http:\/\/noti-america.com\/site\/alemania\/?p=2344"},"modified":"2018-04-05T19:54:57","modified_gmt":"2018-04-05T19:54:57","slug":"sirios-exiliados-buscan-en-internet-si-estan-en-la-mira-del-regimen","status":"publish","type":"post","link":"https:\/\/noti-america.com\/site\/principal\/2018\/04\/05\/sirios-exiliados-buscan-en-internet-si-estan-en-la-mira-del-regimen\/","title":{"rendered":"Sirios exiliados buscan en internet si est\u00e1n en la mira del r\u00e9gimen"},"content":{"rendered":"<div class=\"line textcontent_img watermark\">\n<p>Temiendo ser detenidos si regresan a sus casas, los sirios que huyeron de su pa\u00eds devastado por la guerra consultan fren\u00e9ticamente una interminable lista de personas buscadas por el r\u00e9gimen, publicada por una web cercana a la oposici\u00f3n.<\/p>\n<p>\u00abBuscado por: Direcci\u00f3n general de Informaciones. Acci\u00f3n solicitada: detenci\u00f3n\u00bb, se puede leer bajo el nombre del profesor Amr al Azm, que ense\u00f1a historia de Medio Oriente en el Estado de Ohio, en Estados Unidos.<\/p>\n<\/div>\n<p>Su nombre figura en este fichero, publicado en marzo por Zaman Al-Wasl, una web cercana a la oposici\u00f3n, y en el que aparecen 1,5 millones de individuos buscados por el r\u00e9gimen de Bashar al Asad.<\/p>\n<p>\u00abLo contrario me habr\u00eda sorprendido\u00bb comenta Azm. Aunque no ha regresado a Siria desde 2010, varias veces se ha pronunciado p\u00fablicamente contra la pol\u00edtica de su gobierno.<\/p>\n<p>Por haberse opuesto al r\u00e9gimen, centenares de miles de sirios fueron detenidos por los servicios de seguridad.<\/p>\n<p>Desde 2011, el pa\u00eds est\u00e1 inmerso en un conflicto desencadenado por la represi\u00f3n de manifestantes que ped\u00edan reformas democr\u00e1ticas.<\/p>\n<p>Millones de sirios se han refugiado en el extranjero huyendo de los combates, pero muchos son los que se fueron por temor a ser detenidos y torturados por el r\u00e9gimen.<\/p>\n<p>Por eso descubrir su nombre en la lista publicada por Zaman Al Wasl es un mensaje claro: una visita al pa\u00eds puede acabar en la c\u00e1rcel.<\/p>\n<p>&#8211; Dilema &#8211;<\/p>\n<p>Seg\u00fan la web de oposici\u00f3n, que afirma haber obtenido sus informaciones en 2015 de fuentes en Damasco, la lista fue consultada m\u00e1s de diez millones de veces, y los exilados sirios la han hecho circular.<\/p>\n<p>Muchos de ellos sab\u00edan ya que eran persona non grata en su pa\u00eds, pero quer\u00edan detalles: \u00bfQu\u00e9 servicio del Estado los busca? \u00bfPara ser interrogados o ser arrestados?<\/p>\n<p>La base de datos no precisa los motivos por los que las personas son buscadas. Nadie sabe, adem\u00e1s, si ha sido actualizada. Pero cuando Zeina (un seud\u00f3nimo) supo de la existencia de la lista, la consult\u00f3 de inmediato.<\/p>\n<p>\u00abPrefer\u00eda saber\u00bb dice esta mujer que abandon\u00f3 Siria en 2012, tras haber sido arrestada dos veces por participar en manifestaciones.<\/p>\n<p>Su b\u00fasqueda no dio resultado alguno: \u00abEspero que \u00e9sta lista sea aut\u00e9ntica, por razones ego\u00edstas: no estoy en ella y tengo ganas de volver a Siria\u00bb confiesa.<\/p>\n<p>Pero se enfrenta a un dilema: \u00bfRegresar y correr el riesgo de ser detenida? \u00bfO no volver cuando a lo mejor ni siquiera la buscan?\u00bb<\/p>\n<p>&#8211; \u00abVamos a volver\u00bb &#8211;<\/p>\n<p>Refugiado desde hace dos a\u00f1os en Alemania, Mohamad Kheder quiere volver a Siria, pero sabe que tendr\u00e1 que esperar. \u00abNo intento acostumbrarme a la vida de aqu\u00ed, porque vamos a regresar a Siria\u00bb, afirma este treinta\u00f1ero.<\/p>\n<p>Recuerda con nostalgia la euforia que sinti\u00f3 al manifestarse en 2011 contra el r\u00e9gimen, en su ciudad natal de Bukamal (este). Su nombre figura en la lista.<\/p>\n<p>\u00abNi siquiera lo he mirado, ya conoc\u00eda el resultado. Mis amigos me han mandado capturas de pantalla con mi nombre\u00bb, dice.<\/p>\n<p>\u00abEs como una decoraci\u00f3n. Refuerza mi voluntad de regresar, pero no mientras Asad est\u00e9 en el poder. \u00bfEstoy en la lista de personas buscadas por Asad? Pues \u00e9l est\u00e1 en la m\u00eda\u00bb ironiza.<\/p>\n<p>Incluso personas que viven en Siria, fuera de las zonas controladas por el gobierno, consultan listas similares divulgadas por la red. Es el caso de Dilbrin Mohamad, de 37 a\u00f1os.<\/p>\n<p>Este antiguo manifestante de 2011 duda y prefiere no tomar ning\u00fan riesgo, por lo que evita volver a sectores en manos del r\u00e9gimen.<\/p>\n<p>\u00abSue\u00f1o con pasearme de Hamidiy\u00e9 a Salihiyeh\u00bb, dos barrios hist\u00f3ricos de Damasco, afirma. Pero la capital, a mas de 700 km de la zona bajo control kurdo, donde vive ahora, le parece inaccesible.<\/p>\n<p>\u00abLas zonas controladas por el r\u00e9gimen, son como otro pa\u00eds, para el que necesitar\u00edamos un visado. Es como si fuera Corea del Norte, y yo viviera en Corea del sur\u00bb, ilustra.<\/p>\n<p>Fuente(AFP)<\/p>\n","protected":false},"excerpt":{"rendered":"<p>Temiendo ser detenidos si regresan a sus casas, los sirios que huyeron de su pa\u00eds devastado por la guerra consultan fren\u00e9ticamente una interminable lista de personas buscadas por el r\u00e9gimen, publicada por una web&#46;&#46;&#46;<\/p>\n","protected":false},"author":31,"featured_media":2349,"comment_status":"open","ping_status":"open","sticky":false,"template":"","format":"standard","meta":{"_acf_changed":false,"rop_custom_images_group":[],"rop_custom_messages_group":[],"rop_publish_now":"initial","rop_publish_now_accounts":{"facebook_10219548024599422_1632221337088128":"","twitter_242054905_242054905":""},"rop_publish_now_history":[],"rop_publish_now_status":"pending","footnotes":""},"categories":[1],"tags":[207],"class_list":["post-2344","post","type-post","status-publish","format-standard","has-post-thumbnail","hentry","category-uncategorized","tag-exliados-de-siria"],"acf":[],"yoast_head":"<!-- This site is optimized with the Yoast SEO Premium plugin v24.9 (Yoast SEO v27.2) - https:\/\/yoast.com\/product\/yoast-seo-premium-wordpress\/ -->\n<title>Sirios exiliados buscan en internet si est\u00e1n en la mira del r\u00e9gimen - Noti-America.com<\/title>\n<meta name=\"robots\" content=\"index, follow, max-snippet:-1, max-image-preview:large, max-video-preview:-1\" \/>\n<link rel=\"canonical\" href=\"https:\/\/noti-america.com\/site\/principal\/2018\/04\/05\/sirios-exiliados-buscan-en-internet-si-estan-en-la-mira-del-regimen\/\" \/>\n<meta property=\"og:locale\" content=\"es_ES\" \/>\n<meta property=\"og:type\" content=\"article\" \/>\n<meta property=\"og:title\" content=\"Sirios exiliados buscan en internet si est\u00e1n en la mira del r\u00e9gimen\" \/>\n<meta property=\"og:description\" content=\"Temiendo ser detenidos si regresan a sus casas, los sirios que huyeron de su pa\u00eds devastado por la guerra consultan fren\u00e9ticamente una interminable lista de personas buscadas por el r\u00e9gimen, publicada por una web&#046;&#046;&#046;\" \/>\n<meta property=\"og:url\" content=\"https:\/\/noti-america.com\/site\/principal\/2018\/04\/05\/sirios-exiliados-buscan-en-internet-si-estan-en-la-mira-del-regimen\/\" \/>\n<meta property=\"og:site_name\" content=\"Noti-America.com\" \/>\n<meta property=\"article:published_time\" content=\"2018-04-05T19:54:57+00:00\" \/>\n<meta property=\"og:image\" content=\"https:\/\/noti-america.com\/site\/principal\/wp-content\/uploads\/sites\/26\/2018\/04\/Sirios-exiliados-buscan-en-internet-si-est\u00e1n-en-la-mira-del-r\u00e9gimen.jpg\" \/>\n\t<meta property=\"og:image:width\" content=\"960\" \/>\n\t<meta property=\"og:image:height\" content=\"540\" \/>\n\t<meta property=\"og:image:type\" content=\"image\/jpeg\" \/>\n<meta name=\"author\" content=\"Ydalith Figueroa Kad-Bay\" \/>\n<meta name=\"twitter:card\" content=\"summary_large_image\" \/>\n<meta name=\"twitter:creator\" content=\"@ydalithkad\" \/>\n<meta name=\"twitter:label1\" content=\"Escrito por\" \/>\n\t<meta name=\"twitter:data1\" content=\"Ydalith Figueroa Kad-Bay\" \/>\n\t<meta name=\"twitter:label2\" content=\"Tiempo estimado de lectura\" \/>\n\t<meta name=\"twitter:data2\" content=\"3 minutos\" \/>\n<script type=\"application\/ld+json\" class=\"yoast-schema-graph\">{\"@context\":\"https:\/\/schema.org\",\"@graph\":[{\"@type\":\"Article\",\"@id\":\"https:\/\/noti-america.com\/site\/principal\/2018\/04\/05\/sirios-exiliados-buscan-en-internet-si-estan-en-la-mira-del-regimen\/#article\",\"isPartOf\":{\"@id\":\"https:\/\/noti-america.com\/site\/principal\/2018\/04\/05\/sirios-exiliados-buscan-en-internet-si-estan-en-la-mira-del-regimen\/\"},\"author\":{\"name\":\"Ydalith Figueroa Kad-Bay\",\"@id\":\"https:\/\/noti-america.com\/site\/principal\/#\/schema\/person\/1a24e37c3c358f389f0a111448ddb870\"},\"headline\":\"Sirios exiliados buscan en internet si est\u00e1n en la mira del r\u00e9gimen\",\"datePublished\":\"2018-04-05T19:54:57+00:00\",\"mainEntityOfPage\":{\"@id\":\"https:\/\/noti-america.com\/site\/principal\/2018\/04\/05\/sirios-exiliados-buscan-en-internet-si-estan-en-la-mira-del-regimen\/\"},\"wordCount\":695,\"commentCount\":0,\"image\":{\"@id\":\"https:\/\/noti-america.com\/site\/principal\/2018\/04\/05\/sirios-exiliados-buscan-en-internet-si-estan-en-la-mira-del-regimen\/#primaryimage\"},\"thumbnailUrl\":\"https:\/\/noti-america.com\/site\/principal\/wp-content\/uploads\/sites\/26\/2018\/04\/Sirios-exiliados-buscan-en-internet-si-est\u00e1n-en-la-mira-del-r\u00e9gimen.jpg\",\"keywords\":[\"Exliados de Siria\"],\"articleSection\":[\"Uncategorized\"],\"inLanguage\":\"es\",\"potentialAction\":[{\"@type\":\"CommentAction\",\"name\":\"Comment\",\"target\":[\"https:\/\/noti-america.com\/site\/principal\/2018\/04\/05\/sirios-exiliados-buscan-en-internet-si-estan-en-la-mira-del-regimen\/#respond\"]}]},{\"@type\":\"WebPage\",\"@id\":\"https:\/\/noti-america.com\/site\/principal\/2018\/04\/05\/sirios-exiliados-buscan-en-internet-si-estan-en-la-mira-del-regimen\/\",\"url\":\"https:\/\/noti-america.com\/site\/principal\/2018\/04\/05\/sirios-exiliados-buscan-en-internet-si-estan-en-la-mira-del-regimen\/\",\"name\":\"Sirios exiliados buscan en internet si est\u00e1n en la mira del r\u00e9gimen - Noti-America.com\",\"isPartOf\":{\"@id\":\"https:\/\/noti-america.com\/site\/principal\/#website\"},\"primaryImageOfPage\":{\"@id\":\"https:\/\/noti-america.com\/site\/principal\/2018\/04\/05\/sirios-exiliados-buscan-en-internet-si-estan-en-la-mira-del-regimen\/#primaryimage\"},\"image\":{\"@id\":\"https:\/\/noti-america.com\/site\/principal\/2018\/04\/05\/sirios-exiliados-buscan-en-internet-si-estan-en-la-mira-del-regimen\/#primaryimage\"},\"thumbnailUrl\":\"https:\/\/noti-america.com\/site\/principal\/wp-content\/uploads\/sites\/26\/2018\/04\/Sirios-exiliados-buscan-en-internet-si-est\u00e1n-en-la-mira-del-r\u00e9gimen.jpg\",\"datePublished\":\"2018-04-05T19:54:57+00:00\",\"author\":{\"@id\":\"https:\/\/noti-america.com\/site\/principal\/#\/schema\/person\/1a24e37c3c358f389f0a111448ddb870\"},\"breadcrumb\":{\"@id\":\"https:\/\/noti-america.com\/site\/principal\/2018\/04\/05\/sirios-exiliados-buscan-en-internet-si-estan-en-la-mira-del-regimen\/#breadcrumb\"},\"inLanguage\":\"es\",\"potentialAction\":[{\"@type\":\"ReadAction\",\"target\":[\"https:\/\/noti-america.com\/site\/principal\/2018\/04\/05\/sirios-exiliados-buscan-en-internet-si-estan-en-la-mira-del-regimen\/\"]}]},{\"@type\":\"ImageObject\",\"inLanguage\":\"es\",\"@id\":\"https:\/\/noti-america.com\/site\/principal\/2018\/04\/05\/sirios-exiliados-buscan-en-internet-si-estan-en-la-mira-del-regimen\/#primaryimage\",\"url\":\"https:\/\/noti-america.com\/site\/principal\/wp-content\/uploads\/sites\/26\/2018\/04\/Sirios-exiliados-buscan-en-internet-si-est\u00e1n-en-la-mira-del-r\u00e9gimen.jpg\",\"contentUrl\":\"https:\/\/noti-america.com\/site\/principal\/wp-content\/uploads\/sites\/26\/2018\/04\/Sirios-exiliados-buscan-en-internet-si-est\u00e1n-en-la-mira-del-r\u00e9gimen.jpg\",\"width\":960,\"height\":540},{\"@type\":\"BreadcrumbList\",\"@id\":\"https:\/\/noti-america.com\/site\/principal\/2018\/04\/05\/sirios-exiliados-buscan-en-internet-si-estan-en-la-mira-del-regimen\/#breadcrumb\",\"itemListElement\":[{\"@type\":\"ListItem\",\"position\":1,\"name\":\"Portada\",\"item\":\"https:\/\/noti-america.com\/site\/principal\/\"},{\"@type\":\"ListItem\",\"position\":2,\"name\":\"Sirios exiliados buscan en internet si est\u00e1n en la mira del r\u00e9gimen\"}]},{\"@type\":\"WebSite\",\"@id\":\"https:\/\/noti-america.com\/site\/principal\/#website\",\"url\":\"https:\/\/noti-america.com\/site\/principal\/\",\"name\":\"Noti-America.com\",\"description\":\"El Noticiero Digital M\u00e1s Grande de Am\u00e9rica\",\"potentialAction\":[{\"@type\":\"SearchAction\",\"target\":{\"@type\":\"EntryPoint\",\"urlTemplate\":\"https:\/\/noti-america.com\/site\/principal\/?s={search_term_string}\"},\"query-input\":{\"@type\":\"PropertyValueSpecification\",\"valueRequired\":true,\"valueName\":\"search_term_string\"}}],\"inLanguage\":\"es\"},{\"@type\":\"Person\",\"@id\":\"https:\/\/noti-america.com\/site\/principal\/#\/schema\/person\/1a24e37c3c358f389f0a111448ddb870\",\"name\":\"Ydalith Figueroa Kad-Bay\",\"image\":{\"@type\":\"ImageObject\",\"inLanguage\":\"es\",\"@id\":\"https:\/\/secure.gravatar.com\/avatar\/7d1e350465afd215908c3ed413e32ef600cd41c3c21b95416252432a9f6c219c?s=96&d=mm&r=g\",\"url\":\"https:\/\/secure.gravatar.com\/avatar\/7d1e350465afd215908c3ed413e32ef600cd41c3c21b95416252432a9f6c219c?s=96&d=mm&r=g\",\"contentUrl\":\"https:\/\/secure.gravatar.com\/avatar\/7d1e350465afd215908c3ed413e32ef600cd41c3c21b95416252432a9f6c219c?s=96&d=mm&r=g\",\"caption\":\"Ydalith Figueroa Kad-Bay\"},\"description\":\"CEO Noti-America Alemania Embajadora de Venezuela para el Proyecto de Acci\u00f3n Clim\u00e1tica de la ONU, Embajadora para la ense\u00f1anza de los ODS de la ONU, Amplificador de la Acci\u00f3n de los ODS de la ONU, Profesor Voluntario del Proyecto KAKUMA (Educaci\u00f3n de calidad para refugiados en \u00c1frica) UNHCR \u2013 ACNUR - Agencia para los refugiados de la ONU-, Miembro de la ONG Gente Y Ciudad, Embajador de las Instituciones de Microfinanzas \u201cNo a la pobreza ODS #1 de la ONU\u201d (todos tienen derecho a acceso a un cr\u00e9dito), y Voluntario al di\u00e1logo global de UN75. Twitter @ydalithkad email ydalith@yhaoo.com Locutor Profesional 32931 Universidad Central de Venezuela @ISHannover \\\"Colegio Internacional de Hannover Regi\u00f3n, Alemania\\\" Representante de Aprendizaje Innovaci\u00f3n y Tecnolog\u00eda #LMS (Sistema de Gesti\u00f3n de Aprendizaje) #LMS Gente y Ciudad &amp; Asesores Internacionales ONG Alemania. ONG \\\"Gente y Ciudad, Venezuela\\\" Miembro y Asesor especialista An\u00e1lisis de Pol\u00edtica Internacional Asesor Pol\u00edtico Internacional de Venezuela en la defensa de los Derechos Humanos y el restablecimiento Democr\u00e1tico. Diplomacia positiva y Activa. Pasi\u00f3n por el Golf Proyecto #LMS \\\"Golf para ni\u00f1os y adultos Internacional\\\" Pasi\u00f3n por los Postres Proyecto #LMS \\\"Postres, Que Unen a las Culturas del mundo\\\"\",\"sameAs\":[\"https:\/\/x.com\/ydalithkad\"],\"url\":\"https:\/\/noti-america.com\/site\/principal\/author\/yfigueroa\/\"}]}<\/script>\n<!-- \/ Yoast SEO Premium plugin. -->","yoast_head_json":{"title":"Sirios exiliados buscan en internet si est\u00e1n en la mira del r\u00e9gimen - Noti-America.com","robots":{"index":"index","follow":"follow","max-snippet":"max-snippet:-1","max-image-preview":"max-image-preview:large","max-video-preview":"max-video-preview:-1"},"canonical":"https:\/\/noti-america.com\/site\/principal\/2018\/04\/05\/sirios-exiliados-buscan-en-internet-si-estan-en-la-mira-del-regimen\/","og_locale":"es_ES","og_type":"article","og_title":"Sirios exiliados buscan en internet si est\u00e1n en la mira del r\u00e9gimen","og_description":"Temiendo ser detenidos si regresan a sus casas, los sirios que huyeron de su pa\u00eds devastado por la guerra consultan fren\u00e9ticamente una interminable lista de personas buscadas por el r\u00e9gimen, publicada por una web&#46;&#46;&#46;","og_url":"https:\/\/noti-america.com\/site\/principal\/2018\/04\/05\/sirios-exiliados-buscan-en-internet-si-estan-en-la-mira-del-regimen\/","og_site_name":"Noti-America.com","article_published_time":"2018-04-05T19:54:57+00:00","og_image":[{"width":960,"height":540,"url":"https:\/\/noti-america.com\/site\/principal\/wp-content\/uploads\/sites\/26\/2018\/04\/Sirios-exiliados-buscan-en-internet-si-est\u00e1n-en-la-mira-del-r\u00e9gimen.jpg","type":"image\/jpeg"}],"author":"Ydalith Figueroa Kad-Bay","twitter_card":"summary_large_image","twitter_creator":"@ydalithkad","twitter_misc":{"Escrito por":"Ydalith Figueroa Kad-Bay","Tiempo estimado de lectura":"3 minutos"},"schema":{"@context":"https:\/\/schema.org","@graph":[{"@type":"Article","@id":"https:\/\/noti-america.com\/site\/principal\/2018\/04\/05\/sirios-exiliados-buscan-en-internet-si-estan-en-la-mira-del-regimen\/#article","isPartOf":{"@id":"https:\/\/noti-america.com\/site\/principal\/2018\/04\/05\/sirios-exiliados-buscan-en-internet-si-estan-en-la-mira-del-regimen\/"},"author":{"name":"Ydalith Figueroa Kad-Bay","@id":"https:\/\/noti-america.com\/site\/principal\/#\/schema\/person\/1a24e37c3c358f389f0a111448ddb870"},"headline":"Sirios exiliados buscan en internet si est\u00e1n en la mira del r\u00e9gimen","datePublished":"2018-04-05T19:54:57+00:00","mainEntityOfPage":{"@id":"https:\/\/noti-america.com\/site\/principal\/2018\/04\/05\/sirios-exiliados-buscan-en-internet-si-estan-en-la-mira-del-regimen\/"},"wordCount":695,"commentCount":0,"image":{"@id":"https:\/\/noti-america.com\/site\/principal\/2018\/04\/05\/sirios-exiliados-buscan-en-internet-si-estan-en-la-mira-del-regimen\/#primaryimage"},"thumbnailUrl":"https:\/\/noti-america.com\/site\/principal\/wp-content\/uploads\/sites\/26\/2018\/04\/Sirios-exiliados-buscan-en-internet-si-est\u00e1n-en-la-mira-del-r\u00e9gimen.jpg","keywords":["Exliados de Siria"],"articleSection":["Uncategorized"],"inLanguage":"es","potentialAction":[{"@type":"CommentAction","name":"Comment","target":["https:\/\/noti-america.com\/site\/principal\/2018\/04\/05\/sirios-exiliados-buscan-en-internet-si-estan-en-la-mira-del-regimen\/#respond"]}]},{"@type":"WebPage","@id":"https:\/\/noti-america.com\/site\/principal\/2018\/04\/05\/sirios-exiliados-buscan-en-internet-si-estan-en-la-mira-del-regimen\/","url":"https:\/\/noti-america.com\/site\/principal\/2018\/04\/05\/sirios-exiliados-buscan-en-internet-si-estan-en-la-mira-del-regimen\/","name":"Sirios exiliados buscan en internet si est\u00e1n en la mira del r\u00e9gimen - Noti-America.com","isPartOf":{"@id":"https:\/\/noti-america.com\/site\/principal\/#website"},"primaryImageOfPage":{"@id":"https:\/\/noti-america.com\/site\/principal\/2018\/04\/05\/sirios-exiliados-buscan-en-internet-si-estan-en-la-mira-del-regimen\/#primaryimage"},"image":{"@id":"https:\/\/noti-america.com\/site\/principal\/2018\/04\/05\/sirios-exiliados-buscan-en-internet-si-estan-en-la-mira-del-regimen\/#primaryimage"},"thumbnailUrl":"https:\/\/noti-america.com\/site\/principal\/wp-content\/uploads\/sites\/26\/2018\/04\/Sirios-exiliados-buscan-en-internet-si-est\u00e1n-en-la-mira-del-r\u00e9gimen.jpg","datePublished":"2018-04-05T19:54:57+00:00","author":{"@id":"https:\/\/noti-america.com\/site\/principal\/#\/schema\/person\/1a24e37c3c358f389f0a111448ddb870"},"breadcrumb":{"@id":"https:\/\/noti-america.com\/site\/principal\/2018\/04\/05\/sirios-exiliados-buscan-en-internet-si-estan-en-la-mira-del-regimen\/#breadcrumb"},"inLanguage":"es","potentialAction":[{"@type":"ReadAction","target":["https:\/\/noti-america.com\/site\/principal\/2018\/04\/05\/sirios-exiliados-buscan-en-internet-si-estan-en-la-mira-del-regimen\/"]}]},{"@type":"ImageObject","inLanguage":"es","@id":"https:\/\/noti-america.com\/site\/principal\/2018\/04\/05\/sirios-exiliados-buscan-en-internet-si-estan-en-la-mira-del-regimen\/#primaryimage","url":"https:\/\/noti-america.com\/site\/principal\/wp-content\/uploads\/sites\/26\/2018\/04\/Sirios-exiliados-buscan-en-internet-si-est\u00e1n-en-la-mira-del-r\u00e9gimen.jpg","contentUrl":"https:\/\/noti-america.com\/site\/principal\/wp-content\/uploads\/sites\/26\/2018\/04\/Sirios-exiliados-buscan-en-internet-si-est\u00e1n-en-la-mira-del-r\u00e9gimen.jpg","width":960,"height":540},{"@type":"BreadcrumbList","@id":"https:\/\/noti-america.com\/site\/principal\/2018\/04\/05\/sirios-exiliados-buscan-en-internet-si-estan-en-la-mira-del-regimen\/#breadcrumb","itemListElement":[{"@type":"ListItem","position":1,"name":"Portada","item":"https:\/\/noti-america.com\/site\/principal\/"},{"@type":"ListItem","position":2,"name":"Sirios exiliados buscan en internet si est\u00e1n en la mira del r\u00e9gimen"}]},{"@type":"WebSite","@id":"https:\/\/noti-america.com\/site\/principal\/#website","url":"https:\/\/noti-america.com\/site\/principal\/","name":"Noti-America.com","description":"El Noticiero Digital M\u00e1s Grande de Am\u00e9rica","potentialAction":[{"@type":"SearchAction","target":{"@type":"EntryPoint","urlTemplate":"https:\/\/noti-america.com\/site\/principal\/?s={search_term_string}"},"query-input":{"@type":"PropertyValueSpecification","valueRequired":true,"valueName":"search_term_string"}}],"inLanguage":"es"},{"@type":"Person","@id":"https:\/\/noti-america.com\/site\/principal\/#\/schema\/person\/1a24e37c3c358f389f0a111448ddb870","name":"Ydalith Figueroa Kad-Bay","image":{"@type":"ImageObject","inLanguage":"es","@id":"https:\/\/secure.gravatar.com\/avatar\/7d1e350465afd215908c3ed413e32ef600cd41c3c21b95416252432a9f6c219c?s=96&d=mm&r=g","url":"https:\/\/secure.gravatar.com\/avatar\/7d1e350465afd215908c3ed413e32ef600cd41c3c21b95416252432a9f6c219c?s=96&d=mm&r=g","contentUrl":"https:\/\/secure.gravatar.com\/avatar\/7d1e350465afd215908c3ed413e32ef600cd41c3c21b95416252432a9f6c219c?s=96&d=mm&r=g","caption":"Ydalith Figueroa Kad-Bay"},"description":"CEO Noti-America Alemania Embajadora de Venezuela para el Proyecto de Acci\u00f3n Clim\u00e1tica de la ONU, Embajadora para la ense\u00f1anza de los ODS de la ONU, Amplificador de la Acci\u00f3n de los ODS de la ONU, Profesor Voluntario del Proyecto KAKUMA (Educaci\u00f3n de calidad para refugiados en \u00c1frica) UNHCR \u2013 ACNUR - Agencia para los refugiados de la ONU-, Miembro de la ONG Gente Y Ciudad, Embajador de las Instituciones de Microfinanzas \u201cNo a la pobreza ODS #1 de la ONU\u201d (todos tienen derecho a acceso a un cr\u00e9dito), y Voluntario al di\u00e1logo global de UN75. Twitter @ydalithkad email ydalith@yhaoo.com Locutor Profesional 32931 Universidad Central de Venezuela @ISHannover \"Colegio Internacional de Hannover Regi\u00f3n, Alemania\" Representante de Aprendizaje Innovaci\u00f3n y Tecnolog\u00eda #LMS (Sistema de Gesti\u00f3n de Aprendizaje) #LMS Gente y Ciudad &amp; Asesores Internacionales ONG Alemania. ONG \"Gente y Ciudad, Venezuela\" Miembro y Asesor especialista An\u00e1lisis de Pol\u00edtica Internacional Asesor Pol\u00edtico Internacional de Venezuela en la defensa de los Derechos Humanos y el restablecimiento Democr\u00e1tico. Diplomacia positiva y Activa. Pasi\u00f3n por el Golf Proyecto #LMS \"Golf para ni\u00f1os y adultos Internacional\" Pasi\u00f3n por los Postres Proyecto #LMS \"Postres, Que Unen a las Culturas del mundo\"","sameAs":["https:\/\/x.com\/ydalithkad"],"url":"https:\/\/noti-america.com\/site\/principal\/author\/yfigueroa\/"}]}},"_links":{"self":[{"href":"https:\/\/noti-america.com\/site\/principal\/wp-json\/wp\/v2\/posts\/2344","targetHints":{"allow":["GET"]}}],"collection":[{"href":"https:\/\/noti-america.com\/site\/principal\/wp-json\/wp\/v2\/posts"}],"about":[{"href":"https:\/\/noti-america.com\/site\/principal\/wp-json\/wp\/v2\/types\/post"}],"author":[{"embeddable":true,"href":"https:\/\/noti-america.com\/site\/principal\/wp-json\/wp\/v2\/users\/31"}],"replies":[{"embeddable":true,"href":"https:\/\/noti-america.com\/site\/principal\/wp-json\/wp\/v2\/comments?post=2344"}],"version-history":[{"count":1,"href":"https:\/\/noti-america.com\/site\/principal\/wp-json\/wp\/v2\/posts\/2344\/revisions"}],"predecessor-version":[{"id":2350,"href":"https:\/\/noti-america.com\/site\/principal\/wp-json\/wp\/v2\/posts\/2344\/revisions\/2350"}],"wp:featuredmedia":[{"embeddable":true,"href":"https:\/\/noti-america.com\/site\/principal\/wp-json\/wp\/v2\/media\/2349"}],"wp:attachment":[{"href":"https:\/\/noti-america.com\/site\/principal\/wp-json\/wp\/v2\/media?parent=2344"}],"wp:term":[{"taxonomy":"category","embeddable":true,"href":"https:\/\/noti-america.com\/site\/principal\/wp-json\/wp\/v2\/categories?post=2344"},{"taxonomy":"post_tag","embeddable":true,"href":"https:\/\/noti-america.com\/site\/principal\/wp-json\/wp\/v2\/tags?post=2344"}],"curies":[{"name":"wp","href":"https:\/\/api.w.org\/{rel}","templated":true}]}}