{"id":23411,"date":"2023-01-25T11:09:48","date_gmt":"2023-01-25T15:09:48","guid":{"rendered":"https:\/\/noti-america.com\/site\/principal\/?p=23411"},"modified":"2023-01-25T11:09:48","modified_gmt":"2023-01-25T15:09:48","slug":"el-barca-tiembla-por-el-caso-plusvalias-y-la-sancion-de-15-puntos-a-la-juventus","status":"publish","type":"post","link":"https:\/\/noti-america.com\/site\/principal\/2023\/01\/25\/el-barca-tiembla-por-el-caso-plusvalias-y-la-sancion-de-15-puntos-a-la-juventus\/","title":{"rendered":"El Bar\u00e7a tiembla por el \u201ccaso plusval\u00edas\u201d y la sanci\u00f3n de 15 puntos a la Juventus"},"content":{"rendered":"<p>NOTI-AMERICA.COM | ESPANA<\/p>\n<p>www.atalayar.com<\/p>\n<div class=\"post-top\">\n<h1 class=\"post-title\">El Bar\u00e7a tiembla por el \u201ccaso plusval\u00edas\u201d y la sanci\u00f3n de 15 puntos a la Juventus<\/h1>\n<div class=\"field field--name-field-subtitulo field--type-string field--label-hidden field__item\">El equipo italiano infl\u00f3 los precios de varios jugadores, entre ellos, el intercambio de Arthur y Pjanic con el Bar\u00e7a<\/div>\n<div class=\"field field--name-field-autor field--type-entity-reference field--label-hidden field__item\"><a href=\"https:\/\/atalayar.com\/autores\/jose-toril\" hreflang=\"es\">Jos\u00e9 Toril<\/a><\/div>\n<\/div>\n<div class=\"post-thumbnail\">\n<div class=\"field field--name-field-image field--type-image field--label-hidden field__item\"><img decoding=\"async\" src=\"https:\/\/atalayar.com\/sites\/default\/files\/styles\/foto_\/public\/noticias\/juventus-italia.jpg?itok=kHGi310L\" alt=\"juventus-italia\" \/><\/div>\n<div class=\"pie-foto\">\n<p><strong>AFP\/MARCO BERTORELLO\u00a0<\/strong>\u00a0&#8211; \u00a0 El equipo de la Juventus celebra el t\u00edtulo de la Serie A (Scudetto)<\/p>\n<\/div>\n<\/div>\n<div class=\"post-content\">\n<div class=\"node__content clearfix\">\n<div class=\"field field--name-body field--type-text-with-summary field--label-hidden field__item\">\n<p><strong>La Juventus de Tur\u00edn revive de nuevo un calvario en la liga italiana<\/strong>. Hace 17 a\u00f1os perdi\u00f3 la categor\u00eda y los \u00faltimos t\u00edtulos de liga por el Moggigate, un esc\u00e1ndalo de sobornos a los \u00e1rbitros por parte de Luciano Moggi, director general de la Juventus y Antonio Giraudo, delegado.<\/p>\n<p>Despu\u00e9s de aquello, la \u00abvecchia signora\u00bb ha sabido recomponerse en el panorama del f\u00fatbol italiano y europeo con varios t\u00edtulos dom\u00e9sticos\u00a0<strong>aunque sin Champions Leagues<\/strong>, su gran caballo de batalla.<\/p>\n<p>Su inter\u00e9s en esta competici\u00f3n ha sido tan importante que los directivos de la Juventus han hecho todo tipo de ingenier\u00eda fiscal para fichar y pagar a grandes jugadores. Fue el caso de<strong>\u00a0Cristiano Ronaldo<\/strong>\u00a0que abandon\u00f3 el Real Madrid para poner rumbo a Tur\u00edn por 100 millones de euros m\u00e1s 30 millones como salario.<\/p>\n<p><strong>Aquello fue insostenible<\/strong>. Poco a poco se han ido conociendo las maniobras salariales para tomar el camino m\u00e1s corto al \u00e9xito, que no les proporcion\u00f3 ning\u00fan beneficio deportivo porque el gran t\u00edtulo europeo se les resisti\u00f3.<\/p>\n<figure role=\"group\"><img loading=\"lazy\" decoding=\"async\" src=\"https:\/\/atalayar.com\/sites\/default\/files\/inline-images\/cristiano-ronaldo-juventus.jpg\" alt=\"cristiano-ronaldo-juventus\" width=\"813\" height=\"558\" data-entity-type=\"file\" data-entity-uuid=\"f5b3fd4a-5f1e-4c7b-9026-75568e017d0d\" \/><figcaption><strong>AFP\/MARCO BERTORELLO<\/strong>\u00a0&#8211; Cristiano Ronaldo durante su etapa en la Juventus<\/figcaption><\/figure>\n<p><strong>Andrea Agnelli y Pavel Nedved son los grandes nombres de esta nueva historia de la Juventus<\/strong>. Dos directivos puestos bajo la lupa de la Fiscal\u00eda de Tur\u00edn porque las cuentas del club turin\u00e9s no les convenc\u00edan.<\/p>\n<p>Aunque en un principio la Audiencia Nacional Federal absolvi\u00f3 a los directivos porque\u00a0<strong>\u201cno existe un m\u00e9todo objetivo para establecer el valor de un futbolista\u201d<\/strong>, el fiscal sigui\u00f3 detr\u00e1s de la pista del dinero y consigui\u00f3 nuevas pruebas contra el club.<\/p>\n<p><strong>Ganancias de capital ficticias, noticias falsas sobre los salarios de los jugadores, falsa contabilidad y comunicaciones corporativas, manipulaci\u00f3n de mercado o declaraciones fraudulentas<\/strong>.<\/p>\n<p>Ante eso, la \u00abcasa Juve\u00bb tomaba medidas y presentaba una dimisi\u00f3n al completo de su junta directiva para amortiguar el impacto de la sanci\u00f3n que, finalmente, fue de 15 puntos que se deber\u00e1n descontar esta misma temporada.\u00a0<strong>Eso dejar\u00e1 al hist\u00f3rico club sin opciones de Champions y sin otro importante flujo econ\u00f3mico<\/strong>.<\/p>\n<figure role=\"group\"><img loading=\"lazy\" decoding=\"async\" src=\"https:\/\/atalayar.com\/sites\/default\/files\/inline-images\/juventus-futbol.jpg\" alt=\"juventus-futbol\" width=\"813\" height=\"558\" data-entity-type=\"file\" data-entity-uuid=\"8b76ce7e-06fa-4fa3-80ee-54a43d593639\" \/><figcaption><strong>REUTERS\/MASSIMO PINCA<\/strong>\u00a0&#8211; Los aficionados de la Juventus celebran el triunfo de la Serie A en Tur\u00edn<\/figcaption><\/figure>\n<p>El \u00abcaso plusval\u00edas\u00bb es una maniobra habitual en el mundo del f\u00fatbol, pero no tan explotada como hizo la Juventus en su momento. El objetivo era intercambiar jugadores de valor similar, pero tas\u00e1ndolos en valores mucho m\u00e1s elevados. Para esto necesitaba que el otro club que entraba en la operaci\u00f3n aceptase estos precios.\u00a0<strong>Colaboraci\u00f3n necesaria para cometer un delito<\/strong>.<\/p>\n<p><strong>La sanci\u00f3n a la Juventus deber\u00eda salpicar al Bar\u00e7a<\/strong>, aunque en Espa\u00f1a bastante tiene el club catal\u00e1n y LaLiga con el tema de las palancas y los topes salariales como para abrir esta caja de truenos.<\/p>\n<p>En la temporada 2019\/2020 el Bar\u00e7a vendi\u00f3 a Arthur a la Juventus y compr\u00f3 al equipo italiano a Pjanic.\u00a0<strong>Cuadrar las cuentas era la primera de las razones para llevar a cabo ese fichaje tan extra\u00f1o<\/strong>.<\/p>\n<p><strong>Ambos clubes necesitaban 60 millones de euros para cuadrar las cuentas y tasaron a estos dos jugadores en cifras pr\u00f3ximas a los 70 millones de euros, muy por encima de su valor real<\/strong>. La jugada era anotar en sus cuentas el ingreso en el mismo momento en el que se hizo la venta, mientras que la compra se distribuye en tantos a\u00f1os como ficha el jugador.<\/p>\n<figure role=\"group\"><img loading=\"lazy\" decoding=\"async\" src=\"https:\/\/atalayar.com\/sites\/default\/files\/inline-images\/laporta-bar%C3%A7a.jpg\" alt=\"laporta-bar\u00e7a\" width=\"813\" height=\"558\" data-entity-type=\"file\" data-entity-uuid=\"ebe9602c-5e21-4752-bad6-b33a6d3a790b\" \/><figcaption><strong>AP\/JOAN MONFORT<\/strong>\u00a0&#8211; Joan Laporta celebra su victoria tras las elecciones en el estadio Camp Nou de Barcelona, el 7 de marzo de 2021<\/figcaption><\/figure>\n<p>Otro caso menos conocido fue el de\u00a0<strong>Alejandro Marqu\u00e9s<\/strong>, jugador del Bar\u00e7a B por 8 millones de euros a cambio de recibir la misma cantidad por la cesi\u00f3n con opci\u00f3n de compra de Matheus Pereira.<\/p>\n<p><strong>A la Justicia italiana le llam\u00f3 la atenci\u00f3n que la Juventus declarase 155 millones de euros en plusval\u00edas entre 2018 y 2021<\/strong>\u00a0y decidi\u00f3 abrir una investigaci\u00f3n que ha acabado en una dura sanci\u00f3n que puede hacer que el equipo pierda a muchos jugadores importantes y pase a ser un equipo de media tabla.<\/p>\n<\/div>\n<\/div>\n<\/div>\n","protected":false},"excerpt":{"rendered":"<p>NOTI-AMERICA.COM | ESPANA www.atalayar.com El Bar\u00e7a tiembla por el \u201ccaso plusval\u00edas\u201d y la sanci\u00f3n de 15 puntos a la Juventus El equipo italiano infl\u00f3 los precios de varios jugadores, entre ellos, el intercambio de&#46;&#46;&#46;<\/p>\n","protected":false},"author":2,"featured_media":23412,"comment_status":"closed","ping_status":"open","sticky":false,"template":"","format":"image","meta":{"_acf_changed":false,"rop_custom_images_group":[],"rop_custom_messages_group":[],"rop_publish_now":"initial","rop_publish_now_accounts":{"facebook_10219548024599422_1632221337088128":"","twitter_242054905_242054905":""},"rop_publish_now_history":[],"rop_publish_now_status":"pending","footnotes":""},"categories":[16],"tags":[],"class_list":["post-23411","post","type-post","status-publish","format-image","has-post-thumbnail","hentry","category-deportes","post_format-post-format-image"],"acf":[],"yoast_head":"<!-- This site is optimized with the Yoast SEO Premium plugin v24.9 (Yoast SEO v27.2) - https:\/\/yoast.com\/product\/yoast-seo-premium-wordpress\/ -->\n<title>El Bar\u00e7a tiembla por el \u201ccaso plusval\u00edas\u201d y la sanci\u00f3n de 15 puntos a la Juventus - Noti-America.com<\/title>\n<meta name=\"robots\" content=\"index, follow, max-snippet:-1, max-image-preview:large, max-video-preview:-1\" \/>\n<link rel=\"canonical\" href=\"https:\/\/noti-america.com\/site\/principal\/2023\/01\/25\/el-barca-tiembla-por-el-caso-plusvalias-y-la-sancion-de-15-puntos-a-la-juventus\/\" \/>\n<meta property=\"og:locale\" content=\"es_ES\" \/>\n<meta property=\"og:type\" content=\"article\" \/>\n<meta property=\"og:title\" content=\"El Bar\u00e7a tiembla por el \u201ccaso plusval\u00edas\u201d y la sanci\u00f3n de 15 puntos a la Juventus\" \/>\n<meta property=\"og:description\" content=\"NOTI-AMERICA.COM | ESPANA www.atalayar.com El Bar\u00e7a tiembla por el \u201ccaso plusval\u00edas\u201d y la sanci\u00f3n de 15 puntos a la Juventus El equipo italiano infl\u00f3 los precios de varios jugadores, entre ellos, el intercambio de&#046;&#046;&#046;\" \/>\n<meta property=\"og:url\" content=\"https:\/\/noti-america.com\/site\/principal\/2023\/01\/25\/el-barca-tiembla-por-el-caso-plusvalias-y-la-sancion-de-15-puntos-a-la-juventus\/\" \/>\n<meta property=\"og:site_name\" content=\"Noti-America.com\" \/>\n<meta property=\"article:published_time\" content=\"2023-01-25T15:09:48+00:00\" \/>\n<meta property=\"og:image\" content=\"https:\/\/noti-america.com\/site\/principal\/wp-content\/uploads\/sites\/26\/2023\/01\/juventus-italia.jpg\" \/>\n\t<meta property=\"og:image:width\" content=\"813\" \/>\n\t<meta property=\"og:image:height\" content=\"558\" \/>\n\t<meta property=\"og:image:type\" content=\"image\/jpeg\" \/>\n<meta name=\"author\" content=\"rloaiza\" \/>\n<meta name=\"twitter:card\" content=\"summary_large_image\" \/>\n<meta name=\"twitter:label1\" content=\"Escrito por\" \/>\n\t<meta name=\"twitter:data1\" content=\"rloaiza\" \/>\n\t<meta name=\"twitter:label2\" content=\"Tiempo estimado de lectura\" \/>\n\t<meta name=\"twitter:data2\" content=\"5 minutos\" \/>\n<script type=\"application\/ld+json\" class=\"yoast-schema-graph\">{\"@context\":\"https:\/\/schema.org\",\"@graph\":[{\"@type\":\"Article\",\"@id\":\"https:\/\/noti-america.com\/site\/principal\/2023\/01\/25\/el-barca-tiembla-por-el-caso-plusvalias-y-la-sancion-de-15-puntos-a-la-juventus\/#article\",\"isPartOf\":{\"@id\":\"https:\/\/noti-america.com\/site\/principal\/2023\/01\/25\/el-barca-tiembla-por-el-caso-plusvalias-y-la-sancion-de-15-puntos-a-la-juventus\/\"},\"author\":{\"name\":\"rloaiza\",\"@id\":\"https:\/\/noti-america.com\/site\/principal\/#\/schema\/person\/a2e478ba496331ce89bcd0c731cd6533\"},\"headline\":\"El Bar\u00e7a tiembla por el \u201ccaso plusval\u00edas\u201d y la sanci\u00f3n de 15 puntos a la Juventus\",\"datePublished\":\"2023-01-25T15:09:48+00:00\",\"mainEntityOfPage\":{\"@id\":\"https:\/\/noti-america.com\/site\/principal\/2023\/01\/25\/el-barca-tiembla-por-el-caso-plusvalias-y-la-sancion-de-15-puntos-a-la-juventus\/\"},\"wordCount\":786,\"image\":{\"@id\":\"https:\/\/noti-america.com\/site\/principal\/2023\/01\/25\/el-barca-tiembla-por-el-caso-plusvalias-y-la-sancion-de-15-puntos-a-la-juventus\/#primaryimage\"},\"thumbnailUrl\":\"https:\/\/noti-america.com\/site\/principal\/wp-content\/uploads\/sites\/26\/2023\/01\/juventus-italia.jpg\",\"articleSection\":[\"Deportes\"],\"inLanguage\":\"es\"},{\"@type\":\"WebPage\",\"@id\":\"https:\/\/noti-america.com\/site\/principal\/2023\/01\/25\/el-barca-tiembla-por-el-caso-plusvalias-y-la-sancion-de-15-puntos-a-la-juventus\/\",\"url\":\"https:\/\/noti-america.com\/site\/principal\/2023\/01\/25\/el-barca-tiembla-por-el-caso-plusvalias-y-la-sancion-de-15-puntos-a-la-juventus\/\",\"name\":\"El Bar\u00e7a tiembla por el \u201ccaso plusval\u00edas\u201d y la sanci\u00f3n de 15 puntos a la Juventus - Noti-America.com\",\"isPartOf\":{\"@id\":\"https:\/\/noti-america.com\/site\/principal\/#website\"},\"primaryImageOfPage\":{\"@id\":\"https:\/\/noti-america.com\/site\/principal\/2023\/01\/25\/el-barca-tiembla-por-el-caso-plusvalias-y-la-sancion-de-15-puntos-a-la-juventus\/#primaryimage\"},\"image\":{\"@id\":\"https:\/\/noti-america.com\/site\/principal\/2023\/01\/25\/el-barca-tiembla-por-el-caso-plusvalias-y-la-sancion-de-15-puntos-a-la-juventus\/#primaryimage\"},\"thumbnailUrl\":\"https:\/\/noti-america.com\/site\/principal\/wp-content\/uploads\/sites\/26\/2023\/01\/juventus-italia.jpg\",\"datePublished\":\"2023-01-25T15:09:48+00:00\",\"author\":{\"@id\":\"https:\/\/noti-america.com\/site\/principal\/#\/schema\/person\/a2e478ba496331ce89bcd0c731cd6533\"},\"breadcrumb\":{\"@id\":\"https:\/\/noti-america.com\/site\/principal\/2023\/01\/25\/el-barca-tiembla-por-el-caso-plusvalias-y-la-sancion-de-15-puntos-a-la-juventus\/#breadcrumb\"},\"inLanguage\":\"es\",\"potentialAction\":[{\"@type\":\"ReadAction\",\"target\":[\"https:\/\/noti-america.com\/site\/principal\/2023\/01\/25\/el-barca-tiembla-por-el-caso-plusvalias-y-la-sancion-de-15-puntos-a-la-juventus\/\"]}]},{\"@type\":\"ImageObject\",\"inLanguage\":\"es\",\"@id\":\"https:\/\/noti-america.com\/site\/principal\/2023\/01\/25\/el-barca-tiembla-por-el-caso-plusvalias-y-la-sancion-de-15-puntos-a-la-juventus\/#primaryimage\",\"url\":\"https:\/\/noti-america.com\/site\/principal\/wp-content\/uploads\/sites\/26\/2023\/01\/juventus-italia.jpg\",\"contentUrl\":\"https:\/\/noti-america.com\/site\/principal\/wp-content\/uploads\/sites\/26\/2023\/01\/juventus-italia.jpg\",\"width\":813,\"height\":558},{\"@type\":\"BreadcrumbList\",\"@id\":\"https:\/\/noti-america.com\/site\/principal\/2023\/01\/25\/el-barca-tiembla-por-el-caso-plusvalias-y-la-sancion-de-15-puntos-a-la-juventus\/#breadcrumb\",\"itemListElement\":[{\"@type\":\"ListItem\",\"position\":1,\"name\":\"Portada\",\"item\":\"https:\/\/noti-america.com\/site\/principal\/\"},{\"@type\":\"ListItem\",\"position\":2,\"name\":\"El Bar\u00e7a tiembla por el \u201ccaso plusval\u00edas\u201d y la sanci\u00f3n de 15 puntos a la Juventus\"}]},{\"@type\":\"WebSite\",\"@id\":\"https:\/\/noti-america.com\/site\/principal\/#website\",\"url\":\"https:\/\/noti-america.com\/site\/principal\/\",\"name\":\"Noti-America.com\",\"description\":\"El Noticiero Digital M\u00e1s Grande de Am\u00e9rica\",\"potentialAction\":[{\"@type\":\"SearchAction\",\"target\":{\"@type\":\"EntryPoint\",\"urlTemplate\":\"https:\/\/noti-america.com\/site\/principal\/?s={search_term_string}\"},\"query-input\":{\"@type\":\"PropertyValueSpecification\",\"valueRequired\":true,\"valueName\":\"search_term_string\"}}],\"inLanguage\":\"es\"},{\"@type\":\"Person\",\"@id\":\"https:\/\/noti-america.com\/site\/principal\/#\/schema\/person\/a2e478ba496331ce89bcd0c731cd6533\",\"name\":\"rloaiza\",\"image\":{\"@type\":\"ImageObject\",\"inLanguage\":\"es\",\"@id\":\"https:\/\/secure.gravatar.com\/avatar\/190058e5d4427934610b99c45aa7a6558806850adedd53ddeddd194b04773e22?s=96&d=mm&r=g\",\"url\":\"https:\/\/secure.gravatar.com\/avatar\/190058e5d4427934610b99c45aa7a6558806850adedd53ddeddd194b04773e22?s=96&d=mm&r=g\",\"contentUrl\":\"https:\/\/secure.gravatar.com\/avatar\/190058e5d4427934610b99c45aa7a6558806850adedd53ddeddd194b04773e22?s=96&d=mm&r=g\",\"caption\":\"rloaiza\"},\"url\":\"https:\/\/noti-america.com\/site\/principal\/author\/rloaiza\/\"}]}<\/script>\n<!-- \/ Yoast SEO Premium plugin. -->","yoast_head_json":{"title":"El Bar\u00e7a tiembla por el \u201ccaso plusval\u00edas\u201d y la sanci\u00f3n de 15 puntos a la Juventus - Noti-America.com","robots":{"index":"index","follow":"follow","max-snippet":"max-snippet:-1","max-image-preview":"max-image-preview:large","max-video-preview":"max-video-preview:-1"},"canonical":"https:\/\/noti-america.com\/site\/principal\/2023\/01\/25\/el-barca-tiembla-por-el-caso-plusvalias-y-la-sancion-de-15-puntos-a-la-juventus\/","og_locale":"es_ES","og_type":"article","og_title":"El Bar\u00e7a tiembla por el \u201ccaso plusval\u00edas\u201d y la sanci\u00f3n de 15 puntos a la Juventus","og_description":"NOTI-AMERICA.COM | ESPANA www.atalayar.com El Bar\u00e7a tiembla por el \u201ccaso plusval\u00edas\u201d y la sanci\u00f3n de 15 puntos a la Juventus El equipo italiano infl\u00f3 los precios de varios jugadores, entre ellos, el intercambio de&#46;&#46;&#46;","og_url":"https:\/\/noti-america.com\/site\/principal\/2023\/01\/25\/el-barca-tiembla-por-el-caso-plusvalias-y-la-sancion-de-15-puntos-a-la-juventus\/","og_site_name":"Noti-America.com","article_published_time":"2023-01-25T15:09:48+00:00","og_image":[{"width":813,"height":558,"url":"https:\/\/noti-america.com\/site\/principal\/wp-content\/uploads\/sites\/26\/2023\/01\/juventus-italia.jpg","type":"image\/jpeg"}],"author":"rloaiza","twitter_card":"summary_large_image","twitter_misc":{"Escrito por":"rloaiza","Tiempo estimado de lectura":"5 minutos"},"schema":{"@context":"https:\/\/schema.org","@graph":[{"@type":"Article","@id":"https:\/\/noti-america.com\/site\/principal\/2023\/01\/25\/el-barca-tiembla-por-el-caso-plusvalias-y-la-sancion-de-15-puntos-a-la-juventus\/#article","isPartOf":{"@id":"https:\/\/noti-america.com\/site\/principal\/2023\/01\/25\/el-barca-tiembla-por-el-caso-plusvalias-y-la-sancion-de-15-puntos-a-la-juventus\/"},"author":{"name":"rloaiza","@id":"https:\/\/noti-america.com\/site\/principal\/#\/schema\/person\/a2e478ba496331ce89bcd0c731cd6533"},"headline":"El Bar\u00e7a tiembla por el \u201ccaso plusval\u00edas\u201d y la sanci\u00f3n de 15 puntos a la Juventus","datePublished":"2023-01-25T15:09:48+00:00","mainEntityOfPage":{"@id":"https:\/\/noti-america.com\/site\/principal\/2023\/01\/25\/el-barca-tiembla-por-el-caso-plusvalias-y-la-sancion-de-15-puntos-a-la-juventus\/"},"wordCount":786,"image":{"@id":"https:\/\/noti-america.com\/site\/principal\/2023\/01\/25\/el-barca-tiembla-por-el-caso-plusvalias-y-la-sancion-de-15-puntos-a-la-juventus\/#primaryimage"},"thumbnailUrl":"https:\/\/noti-america.com\/site\/principal\/wp-content\/uploads\/sites\/26\/2023\/01\/juventus-italia.jpg","articleSection":["Deportes"],"inLanguage":"es"},{"@type":"WebPage","@id":"https:\/\/noti-america.com\/site\/principal\/2023\/01\/25\/el-barca-tiembla-por-el-caso-plusvalias-y-la-sancion-de-15-puntos-a-la-juventus\/","url":"https:\/\/noti-america.com\/site\/principal\/2023\/01\/25\/el-barca-tiembla-por-el-caso-plusvalias-y-la-sancion-de-15-puntos-a-la-juventus\/","name":"El Bar\u00e7a tiembla por el \u201ccaso plusval\u00edas\u201d y la sanci\u00f3n de 15 puntos a la Juventus - Noti-America.com","isPartOf":{"@id":"https:\/\/noti-america.com\/site\/principal\/#website"},"primaryImageOfPage":{"@id":"https:\/\/noti-america.com\/site\/principal\/2023\/01\/25\/el-barca-tiembla-por-el-caso-plusvalias-y-la-sancion-de-15-puntos-a-la-juventus\/#primaryimage"},"image":{"@id":"https:\/\/noti-america.com\/site\/principal\/2023\/01\/25\/el-barca-tiembla-por-el-caso-plusvalias-y-la-sancion-de-15-puntos-a-la-juventus\/#primaryimage"},"thumbnailUrl":"https:\/\/noti-america.com\/site\/principal\/wp-content\/uploads\/sites\/26\/2023\/01\/juventus-italia.jpg","datePublished":"2023-01-25T15:09:48+00:00","author":{"@id":"https:\/\/noti-america.com\/site\/principal\/#\/schema\/person\/a2e478ba496331ce89bcd0c731cd6533"},"breadcrumb":{"@id":"https:\/\/noti-america.com\/site\/principal\/2023\/01\/25\/el-barca-tiembla-por-el-caso-plusvalias-y-la-sancion-de-15-puntos-a-la-juventus\/#breadcrumb"},"inLanguage":"es","potentialAction":[{"@type":"ReadAction","target":["https:\/\/noti-america.com\/site\/principal\/2023\/01\/25\/el-barca-tiembla-por-el-caso-plusvalias-y-la-sancion-de-15-puntos-a-la-juventus\/"]}]},{"@type":"ImageObject","inLanguage":"es","@id":"https:\/\/noti-america.com\/site\/principal\/2023\/01\/25\/el-barca-tiembla-por-el-caso-plusvalias-y-la-sancion-de-15-puntos-a-la-juventus\/#primaryimage","url":"https:\/\/noti-america.com\/site\/principal\/wp-content\/uploads\/sites\/26\/2023\/01\/juventus-italia.jpg","contentUrl":"https:\/\/noti-america.com\/site\/principal\/wp-content\/uploads\/sites\/26\/2023\/01\/juventus-italia.jpg","width":813,"height":558},{"@type":"BreadcrumbList","@id":"https:\/\/noti-america.com\/site\/principal\/2023\/01\/25\/el-barca-tiembla-por-el-caso-plusvalias-y-la-sancion-de-15-puntos-a-la-juventus\/#breadcrumb","itemListElement":[{"@type":"ListItem","position":1,"name":"Portada","item":"https:\/\/noti-america.com\/site\/principal\/"},{"@type":"ListItem","position":2,"name":"El Bar\u00e7a tiembla por el \u201ccaso plusval\u00edas\u201d y la sanci\u00f3n de 15 puntos a la Juventus"}]},{"@type":"WebSite","@id":"https:\/\/noti-america.com\/site\/principal\/#website","url":"https:\/\/noti-america.com\/site\/principal\/","name":"Noti-America.com","description":"El Noticiero Digital M\u00e1s Grande de Am\u00e9rica","potentialAction":[{"@type":"SearchAction","target":{"@type":"EntryPoint","urlTemplate":"https:\/\/noti-america.com\/site\/principal\/?s={search_term_string}"},"query-input":{"@type":"PropertyValueSpecification","valueRequired":true,"valueName":"search_term_string"}}],"inLanguage":"es"},{"@type":"Person","@id":"https:\/\/noti-america.com\/site\/principal\/#\/schema\/person\/a2e478ba496331ce89bcd0c731cd6533","name":"rloaiza","image":{"@type":"ImageObject","inLanguage":"es","@id":"https:\/\/secure.gravatar.com\/avatar\/190058e5d4427934610b99c45aa7a6558806850adedd53ddeddd194b04773e22?s=96&d=mm&r=g","url":"https:\/\/secure.gravatar.com\/avatar\/190058e5d4427934610b99c45aa7a6558806850adedd53ddeddd194b04773e22?s=96&d=mm&r=g","contentUrl":"https:\/\/secure.gravatar.com\/avatar\/190058e5d4427934610b99c45aa7a6558806850adedd53ddeddd194b04773e22?s=96&d=mm&r=g","caption":"rloaiza"},"url":"https:\/\/noti-america.com\/site\/principal\/author\/rloaiza\/"}]}},"_links":{"self":[{"href":"https:\/\/noti-america.com\/site\/principal\/wp-json\/wp\/v2\/posts\/23411","targetHints":{"allow":["GET"]}}],"collection":[{"href":"https:\/\/noti-america.com\/site\/principal\/wp-json\/wp\/v2\/posts"}],"about":[{"href":"https:\/\/noti-america.com\/site\/principal\/wp-json\/wp\/v2\/types\/post"}],"author":[{"embeddable":true,"href":"https:\/\/noti-america.com\/site\/principal\/wp-json\/wp\/v2\/users\/2"}],"replies":[{"embeddable":true,"href":"https:\/\/noti-america.com\/site\/principal\/wp-json\/wp\/v2\/comments?post=23411"}],"version-history":[{"count":1,"href":"https:\/\/noti-america.com\/site\/principal\/wp-json\/wp\/v2\/posts\/23411\/revisions"}],"predecessor-version":[{"id":23413,"href":"https:\/\/noti-america.com\/site\/principal\/wp-json\/wp\/v2\/posts\/23411\/revisions\/23413"}],"wp:featuredmedia":[{"embeddable":true,"href":"https:\/\/noti-america.com\/site\/principal\/wp-json\/wp\/v2\/media\/23412"}],"wp:attachment":[{"href":"https:\/\/noti-america.com\/site\/principal\/wp-json\/wp\/v2\/media?parent=23411"}],"wp:term":[{"taxonomy":"category","embeddable":true,"href":"https:\/\/noti-america.com\/site\/principal\/wp-json\/wp\/v2\/categories?post=23411"},{"taxonomy":"post_tag","embeddable":true,"href":"https:\/\/noti-america.com\/site\/principal\/wp-json\/wp\/v2\/tags?post=23411"}],"curies":[{"name":"wp","href":"https:\/\/api.w.org\/{rel}","templated":true}]}}