{"id":2311,"date":"2018-04-05T18:48:16","date_gmt":"2018-04-05T18:48:16","guid":{"rendered":"http:\/\/noti-america.com\/site\/alemania\/?p=2311"},"modified":"2018-04-05T18:48:16","modified_gmt":"2018-04-05T18:48:16","slug":"cientificos-alemanes-y-suecos-decodifican-genoma-de-la-ballena-azul","status":"publish","type":"post","link":"https:\/\/noti-america.com\/site\/principal\/2018\/04\/05\/cientificos-alemanes-y-suecos-decodifican-genoma-de-la-ballena-azul\/","title":{"rendered":"Cient\u00edficos alemanes y suecos decodifican genoma de la ballena azul"},"content":{"rendered":"<p><span class=\"dateline\">Fr\u00e1ncfort\u00a0&#8211; <\/span>Investigadores alemanes y suecos decodificaron el genoma de la ballena azul y de otras cinco especies de ballenas y descubrieron que existe un parentesco mucho mayor de lo que se cre\u00eda entre estos animales, publica la revista cient\u00edfica \u00abSciences Advances\u00bb.<\/p>\n<p>De acuerdo con el estudio realizado, durante la formaci\u00f3n de la familia de los balenopt\u00e9ridos (rorcuales), a la que pertenece la ballena azul, estos mam\u00edferos se aparearon entre s\u00ed incluso aunque no pertenecieran a la misma especie.<\/p>\n<p>\u00abA trav\u00e9s de la decodificaci\u00f3n del material gen\u00e9tico, ahora se puede comprender de forma detallada la historia evolutiva del animal de mayor tama\u00f1o en la Tierra\u00bb, recalca el equipo en torno a Axel Janke, experto en gen\u00e9tica evolutiva del Instituto Senckenberg de investigaci\u00f3n natural de la Universidad de Fr\u00e1ncfort.<\/p>\n<p>Durante la divisi\u00f3n de la familia de los balenopt\u00e9ridos, que comenz\u00f3 hace unos 10,5 millones de a\u00f1os, se dieron dos factores inusuales de manera simult\u00e1nea: por una parte,\u00a0no hab\u00eda ninguna barrera natural entre las especies originarias y, por otra, estos animales se aparearon unos con otros.<\/p>\n<p>\u00abLas especies se forman normalmente a trav\u00e9s del aislamiento reproductivo que se da, o bien por barreras gen\u00e9ticas o bien por barreras geogr\u00e1ficas\u00bb, se\u00f1ala Fritjof Lammers, del Instituto Senckenberg de Investigaci\u00f3n de la Biodiversidad y el Clima.<\/p>\n<p>La formaci\u00f3n de una especie con flujo gen\u00e9tico, es decir, con el apareamiento de animales diferentes, es poco com\u00fan en la naturaleza. Pero no as\u00ed para los balenopt\u00e9ridos. Y las ballenas no se enfrentan de por s\u00ed con barreras geogr\u00e1ficas en la inmensidad del oc\u00e9ano.<\/p>\n<p>Incluso hoy en d\u00eda se avistan cruces de rorcuales comunes (Balaenoptera physalus) y ballenas azules (Balaenoptera musculus), indica el estudio, a pesar de que los investigadores no han podido demostrar esta conexi\u00f3n en el genoma.<\/p>\n<p>Con su investigaci\u00f3n, los cient\u00edficos quer\u00edan averiguar, entre otras cosas, c\u00f3mo se crea la biodiversidad en estas circunstancias. La ballena gris, por ejemplo, ha desarrollado otra fuente de alimento y come crust\u00e1ceos que se encuentran en el fondo de las aguas costeras.<\/p>\n<p>En el estudio, que se llev\u00f3 a cabo durante seis a\u00f1os, los cient\u00edficos secuenciaron el genoma de seis especies:\u00a0la ballena azul, el rorcual norte\u00f1o (Balaenoptera borealis), la ballena gris (Eschrichtius robustus), la ballena de Groenlandia (Balaena mysticetus), la ballena de minke (Balaenoptera acutorostrata) y la jorobada (Megaptera novaeangliae).<\/p>\n<p>Cinco de ellas est\u00e1n clasificadas como balenopt\u00e9ridos, explica Janke, pero no as\u00ed la ballena gris, que a causa de su aspecto tiene un estatus especial dentro de los misticetos o ballenas barbadas. Sin embargo, \u00abtras los an\u00e1lisis gen\u00e9ticos ya no presentan esta clasificaci\u00f3n\u00bb, dijo Janke. \u00abNosotros proponemos incluir a las ballenas grises como balenopt\u00e9ridos. De esa forma todos los rorcuales estar\u00edan unidos y enriquecidos con una especie m\u00e1s.\u00bb<\/p>\n<p>Los investigadores aportan adem\u00e1s una noticia positiva: \u00abA trav\u00e9s de la pesca de ballenas no se ha perdido su gran variabilidad de genes\u00bb, precisa Janke. Las especies son capaces de resistir bien los pat\u00f3genos, los par\u00e1sitos y los cambios ambientales gracias a su sorprendente variabilidad gen\u00e9tica, concluyen.<\/p>\n<p>Las ballenas son los gigantes de los oce\u00e1nos y en comparaci\u00f3n con ellas incluso los dinosaurios eran bastante peque\u00f1os. Con hasta 30 metros de largo las ballenas azules son los animales m\u00e1s grandes de la Tierra.<\/p>\n<p>Fuente (dpa)<\/p>\n","protected":false},"excerpt":{"rendered":"<p>Fr\u00e1ncfort\u00a0&#8211; Investigadores alemanes y suecos decodificaron el genoma de la ballena azul y de otras cinco especies de ballenas y descubrieron que existe un parentesco mucho mayor de lo que se cre\u00eda entre estos&#46;&#46;&#46;<\/p>\n","protected":false},"author":31,"featured_media":2312,"comment_status":"open","ping_status":"open","sticky":false,"template":"","format":"standard","meta":{"_acf_changed":false,"rop_custom_images_group":[],"rop_custom_messages_group":[],"rop_publish_now":"initial","rop_publish_now_accounts":{"facebook_10219548024599422_1632221337088128":"","twitter_242054905_242054905":""},"rop_publish_now_history":[],"rop_publish_now_status":"pending","footnotes":""},"categories":[4],"tags":[203],"class_list":["post-2311","post","type-post","status-publish","format-standard","has-post-thumbnail","hentry","category-internacionales","tag-ballena-azul"],"acf":[],"yoast_head":"<!-- This site is optimized with the Yoast SEO Premium plugin v24.9 (Yoast SEO v27.2) - https:\/\/yoast.com\/product\/yoast-seo-premium-wordpress\/ -->\n<title>Cient\u00edficos alemanes y suecos decodifican genoma de la ballena azul - Noti-America.com<\/title>\n<meta name=\"robots\" content=\"index, follow, max-snippet:-1, max-image-preview:large, max-video-preview:-1\" \/>\n<link rel=\"canonical\" href=\"https:\/\/noti-america.com\/site\/principal\/2018\/04\/05\/cientificos-alemanes-y-suecos-decodifican-genoma-de-la-ballena-azul\/\" \/>\n<meta property=\"og:locale\" content=\"es_ES\" \/>\n<meta property=\"og:type\" content=\"article\" \/>\n<meta property=\"og:title\" content=\"Cient\u00edficos alemanes y suecos decodifican genoma de la ballena azul\" \/>\n<meta property=\"og:description\" content=\"Fr\u00e1ncfort\u00a0&#8211; Investigadores alemanes y suecos decodificaron el genoma de la ballena azul y de otras cinco especies de ballenas y descubrieron que existe un parentesco mucho mayor de lo que se cre\u00eda entre estos&#046;&#046;&#046;\" \/>\n<meta property=\"og:url\" content=\"https:\/\/noti-america.com\/site\/principal\/2018\/04\/05\/cientificos-alemanes-y-suecos-decodifican-genoma-de-la-ballena-azul\/\" \/>\n<meta property=\"og:site_name\" content=\"Noti-America.com\" \/>\n<meta property=\"article:published_time\" content=\"2018-04-05T18:48:16+00:00\" \/>\n<meta property=\"og:image\" content=\"https:\/\/noti-america.com\/site\/principal\/wp-content\/uploads\/sites\/26\/2018\/04\/Cient\u00edficos-alemanes-y-suecos-decodifican-genoma-de-la-ballena-azul-.jpg\" \/>\n\t<meta property=\"og:image:width\" content=\"980\" \/>\n\t<meta property=\"og:image:height\" content=\"588\" \/>\n\t<meta property=\"og:image:type\" content=\"image\/jpeg\" \/>\n<meta name=\"author\" content=\"Ydalith Figueroa Kad-Bay\" \/>\n<meta name=\"twitter:card\" content=\"summary_large_image\" \/>\n<meta name=\"twitter:creator\" content=\"@ydalithkad\" \/>\n<meta name=\"twitter:label1\" content=\"Escrito por\" \/>\n\t<meta name=\"twitter:data1\" content=\"Ydalith Figueroa Kad-Bay\" \/>\n\t<meta name=\"twitter:label2\" content=\"Tiempo estimado de lectura\" \/>\n\t<meta name=\"twitter:data2\" content=\"3 minutos\" \/>\n<script type=\"application\/ld+json\" class=\"yoast-schema-graph\">{\"@context\":\"https:\/\/schema.org\",\"@graph\":[{\"@type\":\"Article\",\"@id\":\"https:\/\/noti-america.com\/site\/principal\/2018\/04\/05\/cientificos-alemanes-y-suecos-decodifican-genoma-de-la-ballena-azul\/#article\",\"isPartOf\":{\"@id\":\"https:\/\/noti-america.com\/site\/principal\/2018\/04\/05\/cientificos-alemanes-y-suecos-decodifican-genoma-de-la-ballena-azul\/\"},\"author\":{\"name\":\"Ydalith Figueroa Kad-Bay\",\"@id\":\"https:\/\/noti-america.com\/site\/principal\/#\/schema\/person\/1a24e37c3c358f389f0a111448ddb870\"},\"headline\":\"Cient\u00edficos alemanes y suecos decodifican genoma de la ballena azul\",\"datePublished\":\"2018-04-05T18:48:16+00:00\",\"mainEntityOfPage\":{\"@id\":\"https:\/\/noti-america.com\/site\/principal\/2018\/04\/05\/cientificos-alemanes-y-suecos-decodifican-genoma-de-la-ballena-azul\/\"},\"wordCount\":601,\"commentCount\":0,\"image\":{\"@id\":\"https:\/\/noti-america.com\/site\/principal\/2018\/04\/05\/cientificos-alemanes-y-suecos-decodifican-genoma-de-la-ballena-azul\/#primaryimage\"},\"thumbnailUrl\":\"https:\/\/noti-america.com\/site\/principal\/wp-content\/uploads\/sites\/26\/2018\/04\/Cient\u00edficos-alemanes-y-suecos-decodifican-genoma-de-la-ballena-azul-.jpg\",\"keywords\":[\"ballena azul\"],\"articleSection\":[\"Internacionales\"],\"inLanguage\":\"es\",\"potentialAction\":[{\"@type\":\"CommentAction\",\"name\":\"Comment\",\"target\":[\"https:\/\/noti-america.com\/site\/principal\/2018\/04\/05\/cientificos-alemanes-y-suecos-decodifican-genoma-de-la-ballena-azul\/#respond\"]}]},{\"@type\":\"WebPage\",\"@id\":\"https:\/\/noti-america.com\/site\/principal\/2018\/04\/05\/cientificos-alemanes-y-suecos-decodifican-genoma-de-la-ballena-azul\/\",\"url\":\"https:\/\/noti-america.com\/site\/principal\/2018\/04\/05\/cientificos-alemanes-y-suecos-decodifican-genoma-de-la-ballena-azul\/\",\"name\":\"Cient\u00edficos alemanes y suecos decodifican genoma de la ballena azul - Noti-America.com\",\"isPartOf\":{\"@id\":\"https:\/\/noti-america.com\/site\/principal\/#website\"},\"primaryImageOfPage\":{\"@id\":\"https:\/\/noti-america.com\/site\/principal\/2018\/04\/05\/cientificos-alemanes-y-suecos-decodifican-genoma-de-la-ballena-azul\/#primaryimage\"},\"image\":{\"@id\":\"https:\/\/noti-america.com\/site\/principal\/2018\/04\/05\/cientificos-alemanes-y-suecos-decodifican-genoma-de-la-ballena-azul\/#primaryimage\"},\"thumbnailUrl\":\"https:\/\/noti-america.com\/site\/principal\/wp-content\/uploads\/sites\/26\/2018\/04\/Cient\u00edficos-alemanes-y-suecos-decodifican-genoma-de-la-ballena-azul-.jpg\",\"datePublished\":\"2018-04-05T18:48:16+00:00\",\"author\":{\"@id\":\"https:\/\/noti-america.com\/site\/principal\/#\/schema\/person\/1a24e37c3c358f389f0a111448ddb870\"},\"breadcrumb\":{\"@id\":\"https:\/\/noti-america.com\/site\/principal\/2018\/04\/05\/cientificos-alemanes-y-suecos-decodifican-genoma-de-la-ballena-azul\/#breadcrumb\"},\"inLanguage\":\"es\",\"potentialAction\":[{\"@type\":\"ReadAction\",\"target\":[\"https:\/\/noti-america.com\/site\/principal\/2018\/04\/05\/cientificos-alemanes-y-suecos-decodifican-genoma-de-la-ballena-azul\/\"]}]},{\"@type\":\"ImageObject\",\"inLanguage\":\"es\",\"@id\":\"https:\/\/noti-america.com\/site\/principal\/2018\/04\/05\/cientificos-alemanes-y-suecos-decodifican-genoma-de-la-ballena-azul\/#primaryimage\",\"url\":\"https:\/\/noti-america.com\/site\/principal\/wp-content\/uploads\/sites\/26\/2018\/04\/Cient\u00edficos-alemanes-y-suecos-decodifican-genoma-de-la-ballena-azul-.jpg\",\"contentUrl\":\"https:\/\/noti-america.com\/site\/principal\/wp-content\/uploads\/sites\/26\/2018\/04\/Cient\u00edficos-alemanes-y-suecos-decodifican-genoma-de-la-ballena-azul-.jpg\",\"width\":980,\"height\":588},{\"@type\":\"BreadcrumbList\",\"@id\":\"https:\/\/noti-america.com\/site\/principal\/2018\/04\/05\/cientificos-alemanes-y-suecos-decodifican-genoma-de-la-ballena-azul\/#breadcrumb\",\"itemListElement\":[{\"@type\":\"ListItem\",\"position\":1,\"name\":\"Portada\",\"item\":\"https:\/\/noti-america.com\/site\/principal\/\"},{\"@type\":\"ListItem\",\"position\":2,\"name\":\"Cient\u00edficos alemanes y suecos decodifican genoma de la ballena azul\"}]},{\"@type\":\"WebSite\",\"@id\":\"https:\/\/noti-america.com\/site\/principal\/#website\",\"url\":\"https:\/\/noti-america.com\/site\/principal\/\",\"name\":\"Noti-America.com\",\"description\":\"El Noticiero Digital M\u00e1s Grande de Am\u00e9rica\",\"potentialAction\":[{\"@type\":\"SearchAction\",\"target\":{\"@type\":\"EntryPoint\",\"urlTemplate\":\"https:\/\/noti-america.com\/site\/principal\/?s={search_term_string}\"},\"query-input\":{\"@type\":\"PropertyValueSpecification\",\"valueRequired\":true,\"valueName\":\"search_term_string\"}}],\"inLanguage\":\"es\"},{\"@type\":\"Person\",\"@id\":\"https:\/\/noti-america.com\/site\/principal\/#\/schema\/person\/1a24e37c3c358f389f0a111448ddb870\",\"name\":\"Ydalith Figueroa Kad-Bay\",\"image\":{\"@type\":\"ImageObject\",\"inLanguage\":\"es\",\"@id\":\"https:\/\/secure.gravatar.com\/avatar\/7d1e350465afd215908c3ed413e32ef600cd41c3c21b95416252432a9f6c219c?s=96&d=mm&r=g\",\"url\":\"https:\/\/secure.gravatar.com\/avatar\/7d1e350465afd215908c3ed413e32ef600cd41c3c21b95416252432a9f6c219c?s=96&d=mm&r=g\",\"contentUrl\":\"https:\/\/secure.gravatar.com\/avatar\/7d1e350465afd215908c3ed413e32ef600cd41c3c21b95416252432a9f6c219c?s=96&d=mm&r=g\",\"caption\":\"Ydalith Figueroa Kad-Bay\"},\"description\":\"CEO Noti-America Alemania Embajadora de Venezuela para el Proyecto de Acci\u00f3n Clim\u00e1tica de la ONU, Embajadora para la ense\u00f1anza de los ODS de la ONU, Amplificador de la Acci\u00f3n de los ODS de la ONU, Profesor Voluntario del Proyecto KAKUMA (Educaci\u00f3n de calidad para refugiados en \u00c1frica) UNHCR \u2013 ACNUR - Agencia para los refugiados de la ONU-, Miembro de la ONG Gente Y Ciudad, Embajador de las Instituciones de Microfinanzas \u201cNo a la pobreza ODS #1 de la ONU\u201d (todos tienen derecho a acceso a un cr\u00e9dito), y Voluntario al di\u00e1logo global de UN75. Twitter @ydalithkad email ydalith@yhaoo.com Locutor Profesional 32931 Universidad Central de Venezuela @ISHannover \\\"Colegio Internacional de Hannover Regi\u00f3n, Alemania\\\" Representante de Aprendizaje Innovaci\u00f3n y Tecnolog\u00eda #LMS (Sistema de Gesti\u00f3n de Aprendizaje) #LMS Gente y Ciudad &amp; Asesores Internacionales ONG Alemania. ONG \\\"Gente y Ciudad, Venezuela\\\" Miembro y Asesor especialista An\u00e1lisis de Pol\u00edtica Internacional Asesor Pol\u00edtico Internacional de Venezuela en la defensa de los Derechos Humanos y el restablecimiento Democr\u00e1tico. Diplomacia positiva y Activa. Pasi\u00f3n por el Golf Proyecto #LMS \\\"Golf para ni\u00f1os y adultos Internacional\\\" Pasi\u00f3n por los Postres Proyecto #LMS \\\"Postres, Que Unen a las Culturas del mundo\\\"\",\"sameAs\":[\"https:\/\/x.com\/ydalithkad\"],\"url\":\"https:\/\/noti-america.com\/site\/principal\/author\/yfigueroa\/\"}]}<\/script>\n<!-- \/ Yoast SEO Premium plugin. -->","yoast_head_json":{"title":"Cient\u00edficos alemanes y suecos decodifican genoma de la ballena azul - Noti-America.com","robots":{"index":"index","follow":"follow","max-snippet":"max-snippet:-1","max-image-preview":"max-image-preview:large","max-video-preview":"max-video-preview:-1"},"canonical":"https:\/\/noti-america.com\/site\/principal\/2018\/04\/05\/cientificos-alemanes-y-suecos-decodifican-genoma-de-la-ballena-azul\/","og_locale":"es_ES","og_type":"article","og_title":"Cient\u00edficos alemanes y suecos decodifican genoma de la ballena azul","og_description":"Fr\u00e1ncfort\u00a0&#8211; Investigadores alemanes y suecos decodificaron el genoma de la ballena azul y de otras cinco especies de ballenas y descubrieron que existe un parentesco mucho mayor de lo que se cre\u00eda entre estos&#46;&#46;&#46;","og_url":"https:\/\/noti-america.com\/site\/principal\/2018\/04\/05\/cientificos-alemanes-y-suecos-decodifican-genoma-de-la-ballena-azul\/","og_site_name":"Noti-America.com","article_published_time":"2018-04-05T18:48:16+00:00","og_image":[{"width":980,"height":588,"url":"https:\/\/noti-america.com\/site\/principal\/wp-content\/uploads\/sites\/26\/2018\/04\/Cient\u00edficos-alemanes-y-suecos-decodifican-genoma-de-la-ballena-azul-.jpg","type":"image\/jpeg"}],"author":"Ydalith Figueroa Kad-Bay","twitter_card":"summary_large_image","twitter_creator":"@ydalithkad","twitter_misc":{"Escrito por":"Ydalith Figueroa Kad-Bay","Tiempo estimado de lectura":"3 minutos"},"schema":{"@context":"https:\/\/schema.org","@graph":[{"@type":"Article","@id":"https:\/\/noti-america.com\/site\/principal\/2018\/04\/05\/cientificos-alemanes-y-suecos-decodifican-genoma-de-la-ballena-azul\/#article","isPartOf":{"@id":"https:\/\/noti-america.com\/site\/principal\/2018\/04\/05\/cientificos-alemanes-y-suecos-decodifican-genoma-de-la-ballena-azul\/"},"author":{"name":"Ydalith Figueroa Kad-Bay","@id":"https:\/\/noti-america.com\/site\/principal\/#\/schema\/person\/1a24e37c3c358f389f0a111448ddb870"},"headline":"Cient\u00edficos alemanes y suecos decodifican genoma de la ballena azul","datePublished":"2018-04-05T18:48:16+00:00","mainEntityOfPage":{"@id":"https:\/\/noti-america.com\/site\/principal\/2018\/04\/05\/cientificos-alemanes-y-suecos-decodifican-genoma-de-la-ballena-azul\/"},"wordCount":601,"commentCount":0,"image":{"@id":"https:\/\/noti-america.com\/site\/principal\/2018\/04\/05\/cientificos-alemanes-y-suecos-decodifican-genoma-de-la-ballena-azul\/#primaryimage"},"thumbnailUrl":"https:\/\/noti-america.com\/site\/principal\/wp-content\/uploads\/sites\/26\/2018\/04\/Cient\u00edficos-alemanes-y-suecos-decodifican-genoma-de-la-ballena-azul-.jpg","keywords":["ballena azul"],"articleSection":["Internacionales"],"inLanguage":"es","potentialAction":[{"@type":"CommentAction","name":"Comment","target":["https:\/\/noti-america.com\/site\/principal\/2018\/04\/05\/cientificos-alemanes-y-suecos-decodifican-genoma-de-la-ballena-azul\/#respond"]}]},{"@type":"WebPage","@id":"https:\/\/noti-america.com\/site\/principal\/2018\/04\/05\/cientificos-alemanes-y-suecos-decodifican-genoma-de-la-ballena-azul\/","url":"https:\/\/noti-america.com\/site\/principal\/2018\/04\/05\/cientificos-alemanes-y-suecos-decodifican-genoma-de-la-ballena-azul\/","name":"Cient\u00edficos alemanes y suecos decodifican genoma de la ballena azul - Noti-America.com","isPartOf":{"@id":"https:\/\/noti-america.com\/site\/principal\/#website"},"primaryImageOfPage":{"@id":"https:\/\/noti-america.com\/site\/principal\/2018\/04\/05\/cientificos-alemanes-y-suecos-decodifican-genoma-de-la-ballena-azul\/#primaryimage"},"image":{"@id":"https:\/\/noti-america.com\/site\/principal\/2018\/04\/05\/cientificos-alemanes-y-suecos-decodifican-genoma-de-la-ballena-azul\/#primaryimage"},"thumbnailUrl":"https:\/\/noti-america.com\/site\/principal\/wp-content\/uploads\/sites\/26\/2018\/04\/Cient\u00edficos-alemanes-y-suecos-decodifican-genoma-de-la-ballena-azul-.jpg","datePublished":"2018-04-05T18:48:16+00:00","author":{"@id":"https:\/\/noti-america.com\/site\/principal\/#\/schema\/person\/1a24e37c3c358f389f0a111448ddb870"},"breadcrumb":{"@id":"https:\/\/noti-america.com\/site\/principal\/2018\/04\/05\/cientificos-alemanes-y-suecos-decodifican-genoma-de-la-ballena-azul\/#breadcrumb"},"inLanguage":"es","potentialAction":[{"@type":"ReadAction","target":["https:\/\/noti-america.com\/site\/principal\/2018\/04\/05\/cientificos-alemanes-y-suecos-decodifican-genoma-de-la-ballena-azul\/"]}]},{"@type":"ImageObject","inLanguage":"es","@id":"https:\/\/noti-america.com\/site\/principal\/2018\/04\/05\/cientificos-alemanes-y-suecos-decodifican-genoma-de-la-ballena-azul\/#primaryimage","url":"https:\/\/noti-america.com\/site\/principal\/wp-content\/uploads\/sites\/26\/2018\/04\/Cient\u00edficos-alemanes-y-suecos-decodifican-genoma-de-la-ballena-azul-.jpg","contentUrl":"https:\/\/noti-america.com\/site\/principal\/wp-content\/uploads\/sites\/26\/2018\/04\/Cient\u00edficos-alemanes-y-suecos-decodifican-genoma-de-la-ballena-azul-.jpg","width":980,"height":588},{"@type":"BreadcrumbList","@id":"https:\/\/noti-america.com\/site\/principal\/2018\/04\/05\/cientificos-alemanes-y-suecos-decodifican-genoma-de-la-ballena-azul\/#breadcrumb","itemListElement":[{"@type":"ListItem","position":1,"name":"Portada","item":"https:\/\/noti-america.com\/site\/principal\/"},{"@type":"ListItem","position":2,"name":"Cient\u00edficos alemanes y suecos decodifican genoma de la ballena azul"}]},{"@type":"WebSite","@id":"https:\/\/noti-america.com\/site\/principal\/#website","url":"https:\/\/noti-america.com\/site\/principal\/","name":"Noti-America.com","description":"El Noticiero Digital M\u00e1s Grande de Am\u00e9rica","potentialAction":[{"@type":"SearchAction","target":{"@type":"EntryPoint","urlTemplate":"https:\/\/noti-america.com\/site\/principal\/?s={search_term_string}"},"query-input":{"@type":"PropertyValueSpecification","valueRequired":true,"valueName":"search_term_string"}}],"inLanguage":"es"},{"@type":"Person","@id":"https:\/\/noti-america.com\/site\/principal\/#\/schema\/person\/1a24e37c3c358f389f0a111448ddb870","name":"Ydalith Figueroa Kad-Bay","image":{"@type":"ImageObject","inLanguage":"es","@id":"https:\/\/secure.gravatar.com\/avatar\/7d1e350465afd215908c3ed413e32ef600cd41c3c21b95416252432a9f6c219c?s=96&d=mm&r=g","url":"https:\/\/secure.gravatar.com\/avatar\/7d1e350465afd215908c3ed413e32ef600cd41c3c21b95416252432a9f6c219c?s=96&d=mm&r=g","contentUrl":"https:\/\/secure.gravatar.com\/avatar\/7d1e350465afd215908c3ed413e32ef600cd41c3c21b95416252432a9f6c219c?s=96&d=mm&r=g","caption":"Ydalith Figueroa Kad-Bay"},"description":"CEO Noti-America Alemania Embajadora de Venezuela para el Proyecto de Acci\u00f3n Clim\u00e1tica de la ONU, Embajadora para la ense\u00f1anza de los ODS de la ONU, Amplificador de la Acci\u00f3n de los ODS de la ONU, Profesor Voluntario del Proyecto KAKUMA (Educaci\u00f3n de calidad para refugiados en \u00c1frica) UNHCR \u2013 ACNUR - Agencia para los refugiados de la ONU-, Miembro de la ONG Gente Y Ciudad, Embajador de las Instituciones de Microfinanzas \u201cNo a la pobreza ODS #1 de la ONU\u201d (todos tienen derecho a acceso a un cr\u00e9dito), y Voluntario al di\u00e1logo global de UN75. Twitter @ydalithkad email ydalith@yhaoo.com Locutor Profesional 32931 Universidad Central de Venezuela @ISHannover \"Colegio Internacional de Hannover Regi\u00f3n, Alemania\" Representante de Aprendizaje Innovaci\u00f3n y Tecnolog\u00eda #LMS (Sistema de Gesti\u00f3n de Aprendizaje) #LMS Gente y Ciudad &amp; Asesores Internacionales ONG Alemania. ONG \"Gente y Ciudad, Venezuela\" Miembro y Asesor especialista An\u00e1lisis de Pol\u00edtica Internacional Asesor Pol\u00edtico Internacional de Venezuela en la defensa de los Derechos Humanos y el restablecimiento Democr\u00e1tico. Diplomacia positiva y Activa. Pasi\u00f3n por el Golf Proyecto #LMS \"Golf para ni\u00f1os y adultos Internacional\" Pasi\u00f3n por los Postres Proyecto #LMS \"Postres, Que Unen a las Culturas del mundo\"","sameAs":["https:\/\/x.com\/ydalithkad"],"url":"https:\/\/noti-america.com\/site\/principal\/author\/yfigueroa\/"}]}},"_links":{"self":[{"href":"https:\/\/noti-america.com\/site\/principal\/wp-json\/wp\/v2\/posts\/2311","targetHints":{"allow":["GET"]}}],"collection":[{"href":"https:\/\/noti-america.com\/site\/principal\/wp-json\/wp\/v2\/posts"}],"about":[{"href":"https:\/\/noti-america.com\/site\/principal\/wp-json\/wp\/v2\/types\/post"}],"author":[{"embeddable":true,"href":"https:\/\/noti-america.com\/site\/principal\/wp-json\/wp\/v2\/users\/31"}],"replies":[{"embeddable":true,"href":"https:\/\/noti-america.com\/site\/principal\/wp-json\/wp\/v2\/comments?post=2311"}],"version-history":[{"count":1,"href":"https:\/\/noti-america.com\/site\/principal\/wp-json\/wp\/v2\/posts\/2311\/revisions"}],"predecessor-version":[{"id":2316,"href":"https:\/\/noti-america.com\/site\/principal\/wp-json\/wp\/v2\/posts\/2311\/revisions\/2316"}],"wp:featuredmedia":[{"embeddable":true,"href":"https:\/\/noti-america.com\/site\/principal\/wp-json\/wp\/v2\/media\/2312"}],"wp:attachment":[{"href":"https:\/\/noti-america.com\/site\/principal\/wp-json\/wp\/v2\/media?parent=2311"}],"wp:term":[{"taxonomy":"category","embeddable":true,"href":"https:\/\/noti-america.com\/site\/principal\/wp-json\/wp\/v2\/categories?post=2311"},{"taxonomy":"post_tag","embeddable":true,"href":"https:\/\/noti-america.com\/site\/principal\/wp-json\/wp\/v2\/tags?post=2311"}],"curies":[{"name":"wp","href":"https:\/\/api.w.org\/{rel}","templated":true}]}}