{"id":2232,"date":"2018-04-03T21:57:39","date_gmt":"2018-04-03T21:57:39","guid":{"rendered":"http:\/\/noti-america.com\/site\/alemania\/?p=2232"},"modified":"2018-04-03T21:57:39","modified_gmt":"2018-04-03T21:57:39","slug":"la-mitad-de-los-vuelos-europeos-podrian-retrasarse-por-un-problema-tecnico","status":"publish","type":"post","link":"https:\/\/noti-america.com\/site\/principal\/2018\/04\/03\/la-mitad-de-los-vuelos-europeos-podrian-retrasarse-por-un-problema-tecnico\/","title":{"rendered":"La mitad de los vuelos europeos podr\u00edan retrasarse por un problema t\u00e9cnico"},"content":{"rendered":"<div class=\"line textcontent_img watermark\">\n<p>La mitad de los vuelos europeos podr\u00edan retrasarse por un problema t\u00e9cnico, indic\u00f3 este martes Eurocontrol, la organizaci\u00f3n europea de la seguridad de la navegaci\u00f3n a\u00e9rea.<\/p>\n<p>\u00abHoy hab\u00eda 29.500 vuelos previstos en la red europea. Cerca de la mitad podr\u00edan tener alguno tipo de retraso por un problema del sistema\u00bb, dijo Eurocontrol en un comunicado.<\/p>\n<\/div>\n<p>Varios aeropuertos del continente, como el de Amsterdam y el de Bruselas, se\u00f1alaron perturbaciones.<\/p>\n<p>\u00abSe trata de una cuesti\u00f3n t\u00e9cnica y esperamos que se resuelva r\u00e1pidamente\u00bb, dijo a la AFP un portavoz de Eurocontrol.<\/p>\n<p>El aeropuerto de Amsterdam-Schipol advirti\u00f3 por su parte a los pasajeros de \u00abposibles consecuencias en los procesos de salida\u00bb, igual que el de Helsinki que advirti\u00f3 en Twitter de \u00abproblemas en los sistemas Eurocontrol\u00bb.<\/p>\n<p>El aeropuerto de Bruselas indic\u00f3 por su parte que las salidas \u00abest\u00e1n limitadas a diez por hora\u00bb. \u00abEstamos evaluando el impacto de para los pr\u00f3ximas horas\u00bb, indic\u00f3 en Twitter<\/p>\n<p>Fuente(AFP)<\/p>\n","protected":false},"excerpt":{"rendered":"<p>La mitad de los vuelos europeos podr\u00edan retrasarse por un problema t\u00e9cnico, indic\u00f3 este martes Eurocontrol, la organizaci\u00f3n europea de la seguridad de la navegaci\u00f3n a\u00e9rea. \u00abHoy hab\u00eda 29.500 vuelos previstos en la red&#46;&#46;&#46;<\/p>\n","protected":false},"author":31,"featured_media":2233,"comment_status":"open","ping_status":"open","sticky":false,"template":"","format":"standard","meta":{"_acf_changed":false,"rop_custom_images_group":[],"rop_custom_messages_group":[],"rop_publish_now":"initial","rop_publish_now_accounts":{"facebook_10219548024599422_1632221337088128":"","twitter_242054905_242054905":""},"rop_publish_now_history":[],"rop_publish_now_status":"pending","footnotes":""},"categories":[4,11],"tags":[189],"class_list":["post-2232","post","type-post","status-publish","format-standard","has-post-thumbnail","hentry","category-internacionales","category-sucesos","tag-vuelos-europa"],"acf":[],"yoast_head":"<!-- This site is optimized with the Yoast SEO Premium plugin v24.9 (Yoast SEO v27.2) - https:\/\/yoast.com\/product\/yoast-seo-premium-wordpress\/ -->\n<title>La mitad de los vuelos europeos podr\u00edan retrasarse por un problema t\u00e9cnico - Noti-America.com<\/title>\n<meta name=\"robots\" content=\"index, follow, max-snippet:-1, max-image-preview:large, max-video-preview:-1\" \/>\n<link rel=\"canonical\" href=\"https:\/\/noti-america.com\/site\/principal\/2018\/04\/03\/la-mitad-de-los-vuelos-europeos-podrian-retrasarse-por-un-problema-tecnico\/\" \/>\n<meta property=\"og:locale\" content=\"es_ES\" \/>\n<meta property=\"og:type\" content=\"article\" \/>\n<meta property=\"og:title\" content=\"La mitad de los vuelos europeos podr\u00edan retrasarse por un problema t\u00e9cnico\" \/>\n<meta property=\"og:description\" content=\"La mitad de los vuelos europeos podr\u00edan retrasarse por un problema t\u00e9cnico, indic\u00f3 este martes Eurocontrol, la organizaci\u00f3n europea de la seguridad de la navegaci\u00f3n a\u00e9rea. \u00abHoy hab\u00eda 29.500 vuelos previstos en la red&#046;&#046;&#046;\" \/>\n<meta property=\"og:url\" content=\"https:\/\/noti-america.com\/site\/principal\/2018\/04\/03\/la-mitad-de-los-vuelos-europeos-podrian-retrasarse-por-un-problema-tecnico\/\" \/>\n<meta property=\"og:site_name\" content=\"Noti-America.com\" \/>\n<meta property=\"article:published_time\" content=\"2018-04-03T21:57:39+00:00\" \/>\n<meta property=\"og:image\" content=\"https:\/\/noti-america.com\/site\/principal\/wp-content\/uploads\/sites\/26\/2018\/04\/aeropuerto_europa.jpg\" \/>\n\t<meta property=\"og:image:width\" content=\"800\" \/>\n\t<meta property=\"og:image:height\" content=\"533\" \/>\n\t<meta property=\"og:image:type\" content=\"image\/jpeg\" \/>\n<meta name=\"author\" content=\"Ydalith Figueroa Kad-Bay\" \/>\n<meta name=\"twitter:card\" content=\"summary_large_image\" \/>\n<meta name=\"twitter:creator\" content=\"@ydalithkad\" \/>\n<meta name=\"twitter:label1\" content=\"Escrito por\" \/>\n\t<meta name=\"twitter:data1\" content=\"Ydalith Figueroa Kad-Bay\" \/>\n\t<meta name=\"twitter:label2\" content=\"Tiempo estimado de lectura\" \/>\n\t<meta name=\"twitter:data2\" content=\"1 minuto\" \/>\n<script type=\"application\/ld+json\" class=\"yoast-schema-graph\">{\"@context\":\"https:\/\/schema.org\",\"@graph\":[{\"@type\":\"Article\",\"@id\":\"https:\/\/noti-america.com\/site\/principal\/2018\/04\/03\/la-mitad-de-los-vuelos-europeos-podrian-retrasarse-por-un-problema-tecnico\/#article\",\"isPartOf\":{\"@id\":\"https:\/\/noti-america.com\/site\/principal\/2018\/04\/03\/la-mitad-de-los-vuelos-europeos-podrian-retrasarse-por-un-problema-tecnico\/\"},\"author\":{\"name\":\"Ydalith Figueroa Kad-Bay\",\"@id\":\"https:\/\/noti-america.com\/site\/principal\/#\/schema\/person\/1a24e37c3c358f389f0a111448ddb870\"},\"headline\":\"La mitad de los vuelos europeos podr\u00edan retrasarse por un problema t\u00e9cnico\",\"datePublished\":\"2018-04-03T21:57:39+00:00\",\"mainEntityOfPage\":{\"@id\":\"https:\/\/noti-america.com\/site\/principal\/2018\/04\/03\/la-mitad-de-los-vuelos-europeos-podrian-retrasarse-por-un-problema-tecnico\/\"},\"wordCount\":180,\"commentCount\":0,\"image\":{\"@id\":\"https:\/\/noti-america.com\/site\/principal\/2018\/04\/03\/la-mitad-de-los-vuelos-europeos-podrian-retrasarse-por-un-problema-tecnico\/#primaryimage\"},\"thumbnailUrl\":\"https:\/\/noti-america.com\/site\/principal\/wp-content\/uploads\/sites\/26\/2018\/04\/aeropuerto_europa.jpg\",\"keywords\":[\"Vuelos\/Europa\"],\"articleSection\":[\"Internacionales\",\"Sucesos\"],\"inLanguage\":\"es\",\"potentialAction\":[{\"@type\":\"CommentAction\",\"name\":\"Comment\",\"target\":[\"https:\/\/noti-america.com\/site\/principal\/2018\/04\/03\/la-mitad-de-los-vuelos-europeos-podrian-retrasarse-por-un-problema-tecnico\/#respond\"]}]},{\"@type\":\"WebPage\",\"@id\":\"https:\/\/noti-america.com\/site\/principal\/2018\/04\/03\/la-mitad-de-los-vuelos-europeos-podrian-retrasarse-por-un-problema-tecnico\/\",\"url\":\"https:\/\/noti-america.com\/site\/principal\/2018\/04\/03\/la-mitad-de-los-vuelos-europeos-podrian-retrasarse-por-un-problema-tecnico\/\",\"name\":\"La mitad de los vuelos europeos podr\u00edan retrasarse por un problema t\u00e9cnico - Noti-America.com\",\"isPartOf\":{\"@id\":\"https:\/\/noti-america.com\/site\/principal\/#website\"},\"primaryImageOfPage\":{\"@id\":\"https:\/\/noti-america.com\/site\/principal\/2018\/04\/03\/la-mitad-de-los-vuelos-europeos-podrian-retrasarse-por-un-problema-tecnico\/#primaryimage\"},\"image\":{\"@id\":\"https:\/\/noti-america.com\/site\/principal\/2018\/04\/03\/la-mitad-de-los-vuelos-europeos-podrian-retrasarse-por-un-problema-tecnico\/#primaryimage\"},\"thumbnailUrl\":\"https:\/\/noti-america.com\/site\/principal\/wp-content\/uploads\/sites\/26\/2018\/04\/aeropuerto_europa.jpg\",\"datePublished\":\"2018-04-03T21:57:39+00:00\",\"author\":{\"@id\":\"https:\/\/noti-america.com\/site\/principal\/#\/schema\/person\/1a24e37c3c358f389f0a111448ddb870\"},\"breadcrumb\":{\"@id\":\"https:\/\/noti-america.com\/site\/principal\/2018\/04\/03\/la-mitad-de-los-vuelos-europeos-podrian-retrasarse-por-un-problema-tecnico\/#breadcrumb\"},\"inLanguage\":\"es\",\"potentialAction\":[{\"@type\":\"ReadAction\",\"target\":[\"https:\/\/noti-america.com\/site\/principal\/2018\/04\/03\/la-mitad-de-los-vuelos-europeos-podrian-retrasarse-por-un-problema-tecnico\/\"]}]},{\"@type\":\"ImageObject\",\"inLanguage\":\"es\",\"@id\":\"https:\/\/noti-america.com\/site\/principal\/2018\/04\/03\/la-mitad-de-los-vuelos-europeos-podrian-retrasarse-por-un-problema-tecnico\/#primaryimage\",\"url\":\"https:\/\/noti-america.com\/site\/principal\/wp-content\/uploads\/sites\/26\/2018\/04\/aeropuerto_europa.jpg\",\"contentUrl\":\"https:\/\/noti-america.com\/site\/principal\/wp-content\/uploads\/sites\/26\/2018\/04\/aeropuerto_europa.jpg\",\"width\":800,\"height\":533},{\"@type\":\"BreadcrumbList\",\"@id\":\"https:\/\/noti-america.com\/site\/principal\/2018\/04\/03\/la-mitad-de-los-vuelos-europeos-podrian-retrasarse-por-un-problema-tecnico\/#breadcrumb\",\"itemListElement\":[{\"@type\":\"ListItem\",\"position\":1,\"name\":\"Portada\",\"item\":\"https:\/\/noti-america.com\/site\/principal\/\"},{\"@type\":\"ListItem\",\"position\":2,\"name\":\"La mitad de los vuelos europeos podr\u00edan retrasarse por un problema t\u00e9cnico\"}]},{\"@type\":\"WebSite\",\"@id\":\"https:\/\/noti-america.com\/site\/principal\/#website\",\"url\":\"https:\/\/noti-america.com\/site\/principal\/\",\"name\":\"Noti-America.com\",\"description\":\"El Noticiero Digital M\u00e1s Grande de Am\u00e9rica\",\"potentialAction\":[{\"@type\":\"SearchAction\",\"target\":{\"@type\":\"EntryPoint\",\"urlTemplate\":\"https:\/\/noti-america.com\/site\/principal\/?s={search_term_string}\"},\"query-input\":{\"@type\":\"PropertyValueSpecification\",\"valueRequired\":true,\"valueName\":\"search_term_string\"}}],\"inLanguage\":\"es\"},{\"@type\":\"Person\",\"@id\":\"https:\/\/noti-america.com\/site\/principal\/#\/schema\/person\/1a24e37c3c358f389f0a111448ddb870\",\"name\":\"Ydalith Figueroa Kad-Bay\",\"image\":{\"@type\":\"ImageObject\",\"inLanguage\":\"es\",\"@id\":\"https:\/\/secure.gravatar.com\/avatar\/7d1e350465afd215908c3ed413e32ef600cd41c3c21b95416252432a9f6c219c?s=96&d=mm&r=g\",\"url\":\"https:\/\/secure.gravatar.com\/avatar\/7d1e350465afd215908c3ed413e32ef600cd41c3c21b95416252432a9f6c219c?s=96&d=mm&r=g\",\"contentUrl\":\"https:\/\/secure.gravatar.com\/avatar\/7d1e350465afd215908c3ed413e32ef600cd41c3c21b95416252432a9f6c219c?s=96&d=mm&r=g\",\"caption\":\"Ydalith Figueroa Kad-Bay\"},\"description\":\"CEO Noti-America Alemania Embajadora de Venezuela para el Proyecto de Acci\u00f3n Clim\u00e1tica de la ONU, Embajadora para la ense\u00f1anza de los ODS de la ONU, Amplificador de la Acci\u00f3n de los ODS de la ONU, Profesor Voluntario del Proyecto KAKUMA (Educaci\u00f3n de calidad para refugiados en \u00c1frica) UNHCR \u2013 ACNUR - Agencia para los refugiados de la ONU-, Miembro de la ONG Gente Y Ciudad, Embajador de las Instituciones de Microfinanzas \u201cNo a la pobreza ODS #1 de la ONU\u201d (todos tienen derecho a acceso a un cr\u00e9dito), y Voluntario al di\u00e1logo global de UN75. Twitter @ydalithkad email ydalith@yhaoo.com Locutor Profesional 32931 Universidad Central de Venezuela @ISHannover \\\"Colegio Internacional de Hannover Regi\u00f3n, Alemania\\\" Representante de Aprendizaje Innovaci\u00f3n y Tecnolog\u00eda #LMS (Sistema de Gesti\u00f3n de Aprendizaje) #LMS Gente y Ciudad &amp; Asesores Internacionales ONG Alemania. ONG \\\"Gente y Ciudad, Venezuela\\\" Miembro y Asesor especialista An\u00e1lisis de Pol\u00edtica Internacional Asesor Pol\u00edtico Internacional de Venezuela en la defensa de los Derechos Humanos y el restablecimiento Democr\u00e1tico. Diplomacia positiva y Activa. Pasi\u00f3n por el Golf Proyecto #LMS \\\"Golf para ni\u00f1os y adultos Internacional\\\" Pasi\u00f3n por los Postres Proyecto #LMS \\\"Postres, Que Unen a las Culturas del mundo\\\"\",\"sameAs\":[\"https:\/\/x.com\/ydalithkad\"],\"url\":\"https:\/\/noti-america.com\/site\/principal\/author\/yfigueroa\/\"}]}<\/script>\n<!-- \/ Yoast SEO Premium plugin. -->","yoast_head_json":{"title":"La mitad de los vuelos europeos podr\u00edan retrasarse por un problema t\u00e9cnico - Noti-America.com","robots":{"index":"index","follow":"follow","max-snippet":"max-snippet:-1","max-image-preview":"max-image-preview:large","max-video-preview":"max-video-preview:-1"},"canonical":"https:\/\/noti-america.com\/site\/principal\/2018\/04\/03\/la-mitad-de-los-vuelos-europeos-podrian-retrasarse-por-un-problema-tecnico\/","og_locale":"es_ES","og_type":"article","og_title":"La mitad de los vuelos europeos podr\u00edan retrasarse por un problema t\u00e9cnico","og_description":"La mitad de los vuelos europeos podr\u00edan retrasarse por un problema t\u00e9cnico, indic\u00f3 este martes Eurocontrol, la organizaci\u00f3n europea de la seguridad de la navegaci\u00f3n a\u00e9rea. \u00abHoy hab\u00eda 29.500 vuelos previstos en la red&#46;&#46;&#46;","og_url":"https:\/\/noti-america.com\/site\/principal\/2018\/04\/03\/la-mitad-de-los-vuelos-europeos-podrian-retrasarse-por-un-problema-tecnico\/","og_site_name":"Noti-America.com","article_published_time":"2018-04-03T21:57:39+00:00","og_image":[{"width":800,"height":533,"url":"https:\/\/noti-america.com\/site\/principal\/wp-content\/uploads\/sites\/26\/2018\/04\/aeropuerto_europa.jpg","type":"image\/jpeg"}],"author":"Ydalith Figueroa Kad-Bay","twitter_card":"summary_large_image","twitter_creator":"@ydalithkad","twitter_misc":{"Escrito por":"Ydalith Figueroa Kad-Bay","Tiempo estimado de lectura":"1 minuto"},"schema":{"@context":"https:\/\/schema.org","@graph":[{"@type":"Article","@id":"https:\/\/noti-america.com\/site\/principal\/2018\/04\/03\/la-mitad-de-los-vuelos-europeos-podrian-retrasarse-por-un-problema-tecnico\/#article","isPartOf":{"@id":"https:\/\/noti-america.com\/site\/principal\/2018\/04\/03\/la-mitad-de-los-vuelos-europeos-podrian-retrasarse-por-un-problema-tecnico\/"},"author":{"name":"Ydalith Figueroa Kad-Bay","@id":"https:\/\/noti-america.com\/site\/principal\/#\/schema\/person\/1a24e37c3c358f389f0a111448ddb870"},"headline":"La mitad de los vuelos europeos podr\u00edan retrasarse por un problema t\u00e9cnico","datePublished":"2018-04-03T21:57:39+00:00","mainEntityOfPage":{"@id":"https:\/\/noti-america.com\/site\/principal\/2018\/04\/03\/la-mitad-de-los-vuelos-europeos-podrian-retrasarse-por-un-problema-tecnico\/"},"wordCount":180,"commentCount":0,"image":{"@id":"https:\/\/noti-america.com\/site\/principal\/2018\/04\/03\/la-mitad-de-los-vuelos-europeos-podrian-retrasarse-por-un-problema-tecnico\/#primaryimage"},"thumbnailUrl":"https:\/\/noti-america.com\/site\/principal\/wp-content\/uploads\/sites\/26\/2018\/04\/aeropuerto_europa.jpg","keywords":["Vuelos\/Europa"],"articleSection":["Internacionales","Sucesos"],"inLanguage":"es","potentialAction":[{"@type":"CommentAction","name":"Comment","target":["https:\/\/noti-america.com\/site\/principal\/2018\/04\/03\/la-mitad-de-los-vuelos-europeos-podrian-retrasarse-por-un-problema-tecnico\/#respond"]}]},{"@type":"WebPage","@id":"https:\/\/noti-america.com\/site\/principal\/2018\/04\/03\/la-mitad-de-los-vuelos-europeos-podrian-retrasarse-por-un-problema-tecnico\/","url":"https:\/\/noti-america.com\/site\/principal\/2018\/04\/03\/la-mitad-de-los-vuelos-europeos-podrian-retrasarse-por-un-problema-tecnico\/","name":"La mitad de los vuelos europeos podr\u00edan retrasarse por un problema t\u00e9cnico - Noti-America.com","isPartOf":{"@id":"https:\/\/noti-america.com\/site\/principal\/#website"},"primaryImageOfPage":{"@id":"https:\/\/noti-america.com\/site\/principal\/2018\/04\/03\/la-mitad-de-los-vuelos-europeos-podrian-retrasarse-por-un-problema-tecnico\/#primaryimage"},"image":{"@id":"https:\/\/noti-america.com\/site\/principal\/2018\/04\/03\/la-mitad-de-los-vuelos-europeos-podrian-retrasarse-por-un-problema-tecnico\/#primaryimage"},"thumbnailUrl":"https:\/\/noti-america.com\/site\/principal\/wp-content\/uploads\/sites\/26\/2018\/04\/aeropuerto_europa.jpg","datePublished":"2018-04-03T21:57:39+00:00","author":{"@id":"https:\/\/noti-america.com\/site\/principal\/#\/schema\/person\/1a24e37c3c358f389f0a111448ddb870"},"breadcrumb":{"@id":"https:\/\/noti-america.com\/site\/principal\/2018\/04\/03\/la-mitad-de-los-vuelos-europeos-podrian-retrasarse-por-un-problema-tecnico\/#breadcrumb"},"inLanguage":"es","potentialAction":[{"@type":"ReadAction","target":["https:\/\/noti-america.com\/site\/principal\/2018\/04\/03\/la-mitad-de-los-vuelos-europeos-podrian-retrasarse-por-un-problema-tecnico\/"]}]},{"@type":"ImageObject","inLanguage":"es","@id":"https:\/\/noti-america.com\/site\/principal\/2018\/04\/03\/la-mitad-de-los-vuelos-europeos-podrian-retrasarse-por-un-problema-tecnico\/#primaryimage","url":"https:\/\/noti-america.com\/site\/principal\/wp-content\/uploads\/sites\/26\/2018\/04\/aeropuerto_europa.jpg","contentUrl":"https:\/\/noti-america.com\/site\/principal\/wp-content\/uploads\/sites\/26\/2018\/04\/aeropuerto_europa.jpg","width":800,"height":533},{"@type":"BreadcrumbList","@id":"https:\/\/noti-america.com\/site\/principal\/2018\/04\/03\/la-mitad-de-los-vuelos-europeos-podrian-retrasarse-por-un-problema-tecnico\/#breadcrumb","itemListElement":[{"@type":"ListItem","position":1,"name":"Portada","item":"https:\/\/noti-america.com\/site\/principal\/"},{"@type":"ListItem","position":2,"name":"La mitad de los vuelos europeos podr\u00edan retrasarse por un problema t\u00e9cnico"}]},{"@type":"WebSite","@id":"https:\/\/noti-america.com\/site\/principal\/#website","url":"https:\/\/noti-america.com\/site\/principal\/","name":"Noti-America.com","description":"El Noticiero Digital M\u00e1s Grande de Am\u00e9rica","potentialAction":[{"@type":"SearchAction","target":{"@type":"EntryPoint","urlTemplate":"https:\/\/noti-america.com\/site\/principal\/?s={search_term_string}"},"query-input":{"@type":"PropertyValueSpecification","valueRequired":true,"valueName":"search_term_string"}}],"inLanguage":"es"},{"@type":"Person","@id":"https:\/\/noti-america.com\/site\/principal\/#\/schema\/person\/1a24e37c3c358f389f0a111448ddb870","name":"Ydalith Figueroa Kad-Bay","image":{"@type":"ImageObject","inLanguage":"es","@id":"https:\/\/secure.gravatar.com\/avatar\/7d1e350465afd215908c3ed413e32ef600cd41c3c21b95416252432a9f6c219c?s=96&d=mm&r=g","url":"https:\/\/secure.gravatar.com\/avatar\/7d1e350465afd215908c3ed413e32ef600cd41c3c21b95416252432a9f6c219c?s=96&d=mm&r=g","contentUrl":"https:\/\/secure.gravatar.com\/avatar\/7d1e350465afd215908c3ed413e32ef600cd41c3c21b95416252432a9f6c219c?s=96&d=mm&r=g","caption":"Ydalith Figueroa Kad-Bay"},"description":"CEO Noti-America Alemania Embajadora de Venezuela para el Proyecto de Acci\u00f3n Clim\u00e1tica de la ONU, Embajadora para la ense\u00f1anza de los ODS de la ONU, Amplificador de la Acci\u00f3n de los ODS de la ONU, Profesor Voluntario del Proyecto KAKUMA (Educaci\u00f3n de calidad para refugiados en \u00c1frica) UNHCR \u2013 ACNUR - Agencia para los refugiados de la ONU-, Miembro de la ONG Gente Y Ciudad, Embajador de las Instituciones de Microfinanzas \u201cNo a la pobreza ODS #1 de la ONU\u201d (todos tienen derecho a acceso a un cr\u00e9dito), y Voluntario al di\u00e1logo global de UN75. Twitter @ydalithkad email ydalith@yhaoo.com Locutor Profesional 32931 Universidad Central de Venezuela @ISHannover \"Colegio Internacional de Hannover Regi\u00f3n, Alemania\" Representante de Aprendizaje Innovaci\u00f3n y Tecnolog\u00eda #LMS (Sistema de Gesti\u00f3n de Aprendizaje) #LMS Gente y Ciudad &amp; Asesores Internacionales ONG Alemania. ONG \"Gente y Ciudad, Venezuela\" Miembro y Asesor especialista An\u00e1lisis de Pol\u00edtica Internacional Asesor Pol\u00edtico Internacional de Venezuela en la defensa de los Derechos Humanos y el restablecimiento Democr\u00e1tico. Diplomacia positiva y Activa. Pasi\u00f3n por el Golf Proyecto #LMS \"Golf para ni\u00f1os y adultos Internacional\" Pasi\u00f3n por los Postres Proyecto #LMS \"Postres, Que Unen a las Culturas del mundo\"","sameAs":["https:\/\/x.com\/ydalithkad"],"url":"https:\/\/noti-america.com\/site\/principal\/author\/yfigueroa\/"}]}},"_links":{"self":[{"href":"https:\/\/noti-america.com\/site\/principal\/wp-json\/wp\/v2\/posts\/2232","targetHints":{"allow":["GET"]}}],"collection":[{"href":"https:\/\/noti-america.com\/site\/principal\/wp-json\/wp\/v2\/posts"}],"about":[{"href":"https:\/\/noti-america.com\/site\/principal\/wp-json\/wp\/v2\/types\/post"}],"author":[{"embeddable":true,"href":"https:\/\/noti-america.com\/site\/principal\/wp-json\/wp\/v2\/users\/31"}],"replies":[{"embeddable":true,"href":"https:\/\/noti-america.com\/site\/principal\/wp-json\/wp\/v2\/comments?post=2232"}],"version-history":[{"count":1,"href":"https:\/\/noti-america.com\/site\/principal\/wp-json\/wp\/v2\/posts\/2232\/revisions"}],"predecessor-version":[{"id":2234,"href":"https:\/\/noti-america.com\/site\/principal\/wp-json\/wp\/v2\/posts\/2232\/revisions\/2234"}],"wp:featuredmedia":[{"embeddable":true,"href":"https:\/\/noti-america.com\/site\/principal\/wp-json\/wp\/v2\/media\/2233"}],"wp:attachment":[{"href":"https:\/\/noti-america.com\/site\/principal\/wp-json\/wp\/v2\/media?parent=2232"}],"wp:term":[{"taxonomy":"category","embeddable":true,"href":"https:\/\/noti-america.com\/site\/principal\/wp-json\/wp\/v2\/categories?post=2232"},{"taxonomy":"post_tag","embeddable":true,"href":"https:\/\/noti-america.com\/site\/principal\/wp-json\/wp\/v2\/tags?post=2232"}],"curies":[{"name":"wp","href":"https:\/\/api.w.org\/{rel}","templated":true}]}}