{"id":2221,"date":"2018-04-03T13:55:54","date_gmt":"2018-04-03T13:55:54","guid":{"rendered":"http:\/\/noti-america.com\/site\/alemania\/?p=2221"},"modified":"2018-04-03T13:56:10","modified_gmt":"2018-04-03T13:56:10","slug":"que-se-hizo-la-coherencia-politica-en-venezuela","status":"publish","type":"post","link":"https:\/\/noti-america.com\/site\/principal\/2018\/04\/03\/que-se-hizo-la-coherencia-politica-en-venezuela\/","title":{"rendered":"\u00bfQu\u00e9 se hizo la coherencia pol\u00edtica en Venezuela?"},"content":{"rendered":"<p>Venezuela &#8211; Un d\u00eda le preguntaron a Mahatma Gandhi, acerca de los factores que destruyen al ser humano. Y \u00e9l respondi\u00f3 as\u00ed: la pol\u00edtica sin principios. El placer sin compromiso. La riqueza sin trabajo. La sabidur\u00eda sin car\u00e1cter. Los negocios sin moral. La ciencia sin humanidad, y la oraci\u00f3n sin caridad.<\/p>\n<p>Justo me he quedado con lo primero \u201cla pol\u00edtica sin principios\u201d, pero yo le agregar\u00eda \u201cy sin coherencia\u201d. La coherencia en todo discurso es primordial sobre todo cuando hay un pa\u00eds que clama respuestas y soluciones. Ser coherente es tener conexi\u00f3n de unas cosas con otras, pero tambi\u00e9n significa ser responsables con lo que hacemos y decimos.<\/p>\n<p>Ahora bien, \u00bfusted cree que es coherente la dirigencia opositora en Venezuela? Yo tengo mi propia opini\u00f3n, -tambi\u00e9n soy opositor al Chavismo y Madurismo-, y no es m\u00e1s que la l\u00f3gica escondida en falsos discursos, que adormecen las ganas de todos. No se puede entender como luego de casi dos d\u00e9cadas sigamos en el mismo lugar, con los mismos gobernantes y las mismas pol\u00edticas. Por otro lado, las mismas caras con nombres distintos: Coordinadora Democr\u00e1tica, Mesa de la Unidad, Frente Amplio y para usted de contar cuantas coaliciones hemos visto y apoyado para tratar de buscar una salida.<\/p>\n<p>Prefieren darle la mano y abrazos con besos incluidos a Rodr\u00edguez Torres, Luisa Ortega D\u00edaz, Gabriela Ram\u00edrez, que son Chavistas y culpables de cientos de casos de muertes y corrupci\u00f3n, hasta el punto de incluirlos en el nuevo Frente Amplio, pero rechazan, excluyen e insultan a l\u00edderes como Leocenis Garc\u00eda quien present\u00f3 una verdadera propuesta de rescate econ\u00f3mico, a Antonio Ledezma y su grupo de diputados que pidieron la salida del r\u00e9gimen y hasta la misma Mar\u00eda Corina que viene poniendo ganas a la lucha por liberar a Venezuela. Este p\u00e1rrafo es brutal, y me disculpan la expresi\u00f3n. Reflexi\u00f3n obligada, dir\u00eda yo. Los radicales me dir\u00e1n que esto es dividir, as\u00ed los han manipulado.<\/p>\n<p>La culpa no es de la vaca, no. La culpa esta vez es de la coherencia pol\u00edtica que hace vida en Venezuela. Nos dicen que el Consejo Nacional Electoral (CNE) es ilegal, pero se suman y se inscriben, afirman que el Tribunal Supremo de Justicia (TSJ) es ilegitimo e \u00edrrito pero introducen recursos de amparo e interpretaciones constitucionales, declaran que el Ministerio P\u00fablico es usurpador y sin validez, pero acuden para denunciar casos y m\u00e1s casos, exigen a la Defensor\u00eda del Pueblo garant\u00edas de Derechos Humanos pero a la vez no la reconocen. Durante la gesti\u00f3n de Julio Borges como presidente de la Asamblea Nacional, se destituy\u00f3 a Maduro y se desconoci\u00f3 su mandato, sin embargo a los d\u00edas lo invitaron a medirse en elecciones para que se diera cuenta el rechazo del pueblo y tambi\u00e9n para que no se nos olvide, el 16 de julio del pasado a\u00f1o se convocan a los ciudadanos a votar por tres preguntas y desconocer a la Asamblea Nacional Constituyente (ANC), y aunque el pueblo vot\u00f3 a favor, pareciera que fue una p\u00e9rdida de tiempo y de esperanzas.<\/p>\n<p>No me vengan con el cuento aburrido que esto es divisi\u00f3n, no, no lo es. Y que el enemigo es el Gobierno. En pol\u00edtica debemos autocriticarnos, autoevaluarnos y ser sensatos. No podemos callarnos y dejar que los amos decidan por nosotros. Eso lo hace el PSUV en donde una sola voz decide por ellos y sin dejarlos hablar ni opinar. \u00bfQueremos ser PSUV? Entonces vamos a exigirles a nuestros dirigentes coherencia y principios. No se puede caer en radicalismos.<\/p>\n<p>La soluci\u00f3n que veo a este desastre garrafal, es un acuerdo nacional, gobierno y oposici\u00f3n, es la manera. No hay otra. Qu\u00edtense la idea errada de una invasi\u00f3n militar, eso no pasar\u00e1. No se puede caer en el juego del Gobierno. El r\u00e9gimen de Maduro, tiene todos los poderes de Estado a su favor y controlados. S\u00ed, todos porque hasta a la Asamblea Nacional le quitaron la voz. Necesitamos un acuerdo nacional de verdad, no falso.<\/p>\n<p>Imag\u00ednese, Dios nos guarde, secuestran a un hijo suyo. Usted tendr\u00e1 que negociar para que le devuelvan la libertad a su ser, pero estando consciente que con quien va a negociar, es un criminal, un delincuente. Aun as\u00ed necesita hablar con \u00e9l y encontrar salida. Se\u00f1ores, hasta Ghandi tuvo que negociar, si lo s\u00e9, no eran los mismo tiempos pero los acuerdos en cualquier momento y cualquier parte del mundo son necesarios. Sigue siendo un proceso complejo, y necesita adem\u00e1s un reiterado an\u00e1lisis para su discusi\u00f3n. No podemos suicidarnos pol\u00edticamente y tomar de la mano la contienda electoral como v\u00eda \u00fanica v\u00e1lida y posible. Los acuerdos son necesarios. Es la verdad.<\/p>\n<p>Fuente:( reportaje Guzman Gonz\u00e1lez Urdaneta\u00a0Twitter e Instagram: @MrGuz_)<\/p>\n","protected":false},"excerpt":{"rendered":"<p>Venezuela &#8211; Un d\u00eda le preguntaron a Mahatma Gandhi, acerca de los factores que destruyen al ser humano. Y \u00e9l respondi\u00f3 as\u00ed: la pol\u00edtica sin principios. El placer sin compromiso. La riqueza sin trabajo.&#46;&#46;&#46;<\/p>\n","protected":false},"author":31,"featured_media":2224,"comment_status":"open","ping_status":"open","sticky":false,"template":"","format":"standard","meta":{"_acf_changed":false,"rop_custom_images_group":[],"rop_custom_messages_group":[],"rop_publish_now":"initial","rop_publish_now_accounts":{"facebook_10219548024599422_1632221337088128":"","twitter_242054905_242054905":""},"rop_publish_now_history":[],"rop_publish_now_status":"pending","footnotes":""},"categories":[107,100],"tags":[],"class_list":["post-2221","post","type-post","status-publish","format-standard","has-post-thumbnail","hentry","category-reportaje","category-venezuela"],"acf":[],"yoast_head":"<!-- This site is optimized with the Yoast SEO Premium plugin v24.9 (Yoast SEO v27.2) - https:\/\/yoast.com\/product\/yoast-seo-premium-wordpress\/ -->\n<title>\u00bfQu\u00e9 se hizo la coherencia pol\u00edtica en Venezuela? - Noti-America.com<\/title>\n<meta name=\"robots\" content=\"index, follow, max-snippet:-1, max-image-preview:large, max-video-preview:-1\" \/>\n<link rel=\"canonical\" href=\"https:\/\/noti-america.com\/site\/principal\/2018\/04\/03\/que-se-hizo-la-coherencia-politica-en-venezuela\/\" \/>\n<meta property=\"og:locale\" content=\"es_ES\" \/>\n<meta property=\"og:type\" content=\"article\" \/>\n<meta property=\"og:title\" content=\"\u00bfQu\u00e9 se hizo la coherencia pol\u00edtica en Venezuela?\" \/>\n<meta property=\"og:description\" content=\"Venezuela &#8211; Un d\u00eda le preguntaron a Mahatma Gandhi, acerca de los factores que destruyen al ser humano. Y \u00e9l respondi\u00f3 as\u00ed: la pol\u00edtica sin principios. El placer sin compromiso. La riqueza sin trabajo.&#046;&#046;&#046;\" \/>\n<meta property=\"og:url\" content=\"https:\/\/noti-america.com\/site\/principal\/2018\/04\/03\/que-se-hizo-la-coherencia-politica-en-venezuela\/\" \/>\n<meta property=\"og:site_name\" content=\"Noti-America.com\" \/>\n<meta property=\"article:published_time\" content=\"2018-04-03T13:55:54+00:00\" \/>\n<meta property=\"article:modified_time\" content=\"2018-04-03T13:56:10+00:00\" \/>\n<meta property=\"og:image\" content=\"https:\/\/noti-america.com\/site\/principal\/wp-content\/uploads\/sites\/26\/2018\/04\/finales.png\" \/>\n\t<meta property=\"og:image:width\" content=\"960\" \/>\n\t<meta property=\"og:image:height\" content=\"450\" \/>\n\t<meta property=\"og:image:type\" content=\"image\/png\" \/>\n<meta name=\"author\" content=\"Ydalith Figueroa Kad-Bay\" \/>\n<meta name=\"twitter:card\" content=\"summary_large_image\" \/>\n<meta name=\"twitter:creator\" content=\"@ydalithkad\" \/>\n<meta name=\"twitter:label1\" content=\"Escrito por\" \/>\n\t<meta name=\"twitter:data1\" content=\"Ydalith Figueroa Kad-Bay\" \/>\n\t<meta name=\"twitter:label2\" content=\"Tiempo estimado de lectura\" \/>\n\t<meta name=\"twitter:data2\" content=\"4 minutos\" \/>\n<script type=\"application\/ld+json\" class=\"yoast-schema-graph\">{\"@context\":\"https:\/\/schema.org\",\"@graph\":[{\"@type\":\"Article\",\"@id\":\"https:\/\/noti-america.com\/site\/principal\/2018\/04\/03\/que-se-hizo-la-coherencia-politica-en-venezuela\/#article\",\"isPartOf\":{\"@id\":\"https:\/\/noti-america.com\/site\/principal\/2018\/04\/03\/que-se-hizo-la-coherencia-politica-en-venezuela\/\"},\"author\":{\"name\":\"Ydalith Figueroa Kad-Bay\",\"@id\":\"https:\/\/noti-america.com\/site\/principal\/#\/schema\/person\/1a24e37c3c358f389f0a111448ddb870\"},\"headline\":\"\u00bfQu\u00e9 se hizo la coherencia pol\u00edtica en Venezuela?\",\"datePublished\":\"2018-04-03T13:55:54+00:00\",\"dateModified\":\"2018-04-03T13:56:10+00:00\",\"mainEntityOfPage\":{\"@id\":\"https:\/\/noti-america.com\/site\/principal\/2018\/04\/03\/que-se-hizo-la-coherencia-politica-en-venezuela\/\"},\"wordCount\":844,\"commentCount\":0,\"image\":{\"@id\":\"https:\/\/noti-america.com\/site\/principal\/2018\/04\/03\/que-se-hizo-la-coherencia-politica-en-venezuela\/#primaryimage\"},\"thumbnailUrl\":\"https:\/\/noti-america.com\/site\/principal\/wp-content\/uploads\/sites\/26\/2018\/04\/finales.png\",\"articleSection\":[\"Reportaje\",\"Venezuela\"],\"inLanguage\":\"es\",\"potentialAction\":[{\"@type\":\"CommentAction\",\"name\":\"Comment\",\"target\":[\"https:\/\/noti-america.com\/site\/principal\/2018\/04\/03\/que-se-hizo-la-coherencia-politica-en-venezuela\/#respond\"]}]},{\"@type\":\"WebPage\",\"@id\":\"https:\/\/noti-america.com\/site\/principal\/2018\/04\/03\/que-se-hizo-la-coherencia-politica-en-venezuela\/\",\"url\":\"https:\/\/noti-america.com\/site\/principal\/2018\/04\/03\/que-se-hizo-la-coherencia-politica-en-venezuela\/\",\"name\":\"\u00bfQu\u00e9 se hizo la coherencia pol\u00edtica en Venezuela? - Noti-America.com\",\"isPartOf\":{\"@id\":\"https:\/\/noti-america.com\/site\/principal\/#website\"},\"primaryImageOfPage\":{\"@id\":\"https:\/\/noti-america.com\/site\/principal\/2018\/04\/03\/que-se-hizo-la-coherencia-politica-en-venezuela\/#primaryimage\"},\"image\":{\"@id\":\"https:\/\/noti-america.com\/site\/principal\/2018\/04\/03\/que-se-hizo-la-coherencia-politica-en-venezuela\/#primaryimage\"},\"thumbnailUrl\":\"https:\/\/noti-america.com\/site\/principal\/wp-content\/uploads\/sites\/26\/2018\/04\/finales.png\",\"datePublished\":\"2018-04-03T13:55:54+00:00\",\"dateModified\":\"2018-04-03T13:56:10+00:00\",\"author\":{\"@id\":\"https:\/\/noti-america.com\/site\/principal\/#\/schema\/person\/1a24e37c3c358f389f0a111448ddb870\"},\"breadcrumb\":{\"@id\":\"https:\/\/noti-america.com\/site\/principal\/2018\/04\/03\/que-se-hizo-la-coherencia-politica-en-venezuela\/#breadcrumb\"},\"inLanguage\":\"es\",\"potentialAction\":[{\"@type\":\"ReadAction\",\"target\":[\"https:\/\/noti-america.com\/site\/principal\/2018\/04\/03\/que-se-hizo-la-coherencia-politica-en-venezuela\/\"]}]},{\"@type\":\"ImageObject\",\"inLanguage\":\"es\",\"@id\":\"https:\/\/noti-america.com\/site\/principal\/2018\/04\/03\/que-se-hizo-la-coherencia-politica-en-venezuela\/#primaryimage\",\"url\":\"https:\/\/noti-america.com\/site\/principal\/wp-content\/uploads\/sites\/26\/2018\/04\/finales.png\",\"contentUrl\":\"https:\/\/noti-america.com\/site\/principal\/wp-content\/uploads\/sites\/26\/2018\/04\/finales.png\",\"width\":960,\"height\":450},{\"@type\":\"BreadcrumbList\",\"@id\":\"https:\/\/noti-america.com\/site\/principal\/2018\/04\/03\/que-se-hizo-la-coherencia-politica-en-venezuela\/#breadcrumb\",\"itemListElement\":[{\"@type\":\"ListItem\",\"position\":1,\"name\":\"Portada\",\"item\":\"https:\/\/noti-america.com\/site\/principal\/\"},{\"@type\":\"ListItem\",\"position\":2,\"name\":\"\u00bfQu\u00e9 se hizo la coherencia pol\u00edtica en Venezuela?\"}]},{\"@type\":\"WebSite\",\"@id\":\"https:\/\/noti-america.com\/site\/principal\/#website\",\"url\":\"https:\/\/noti-america.com\/site\/principal\/\",\"name\":\"Noti-America.com\",\"description\":\"El Noticiero Digital M\u00e1s Grande de Am\u00e9rica\",\"potentialAction\":[{\"@type\":\"SearchAction\",\"target\":{\"@type\":\"EntryPoint\",\"urlTemplate\":\"https:\/\/noti-america.com\/site\/principal\/?s={search_term_string}\"},\"query-input\":{\"@type\":\"PropertyValueSpecification\",\"valueRequired\":true,\"valueName\":\"search_term_string\"}}],\"inLanguage\":\"es\"},{\"@type\":\"Person\",\"@id\":\"https:\/\/noti-america.com\/site\/principal\/#\/schema\/person\/1a24e37c3c358f389f0a111448ddb870\",\"name\":\"Ydalith Figueroa Kad-Bay\",\"image\":{\"@type\":\"ImageObject\",\"inLanguage\":\"es\",\"@id\":\"https:\/\/secure.gravatar.com\/avatar\/7d1e350465afd215908c3ed413e32ef600cd41c3c21b95416252432a9f6c219c?s=96&d=mm&r=g\",\"url\":\"https:\/\/secure.gravatar.com\/avatar\/7d1e350465afd215908c3ed413e32ef600cd41c3c21b95416252432a9f6c219c?s=96&d=mm&r=g\",\"contentUrl\":\"https:\/\/secure.gravatar.com\/avatar\/7d1e350465afd215908c3ed413e32ef600cd41c3c21b95416252432a9f6c219c?s=96&d=mm&r=g\",\"caption\":\"Ydalith Figueroa Kad-Bay\"},\"description\":\"CEO Noti-America Alemania Embajadora de Venezuela para el Proyecto de Acci\u00f3n Clim\u00e1tica de la ONU, Embajadora para la ense\u00f1anza de los ODS de la ONU, Amplificador de la Acci\u00f3n de los ODS de la ONU, Profesor Voluntario del Proyecto KAKUMA (Educaci\u00f3n de calidad para refugiados en \u00c1frica) UNHCR \u2013 ACNUR - Agencia para los refugiados de la ONU-, Miembro de la ONG Gente Y Ciudad, Embajador de las Instituciones de Microfinanzas \u201cNo a la pobreza ODS #1 de la ONU\u201d (todos tienen derecho a acceso a un cr\u00e9dito), y Voluntario al di\u00e1logo global de UN75. Twitter @ydalithkad email ydalith@yhaoo.com Locutor Profesional 32931 Universidad Central de Venezuela @ISHannover \\\"Colegio Internacional de Hannover Regi\u00f3n, Alemania\\\" Representante de Aprendizaje Innovaci\u00f3n y Tecnolog\u00eda #LMS (Sistema de Gesti\u00f3n de Aprendizaje) #LMS Gente y Ciudad &amp; Asesores Internacionales ONG Alemania. ONG \\\"Gente y Ciudad, Venezuela\\\" Miembro y Asesor especialista An\u00e1lisis de Pol\u00edtica Internacional Asesor Pol\u00edtico Internacional de Venezuela en la defensa de los Derechos Humanos y el restablecimiento Democr\u00e1tico. Diplomacia positiva y Activa. Pasi\u00f3n por el Golf Proyecto #LMS \\\"Golf para ni\u00f1os y adultos Internacional\\\" Pasi\u00f3n por los Postres Proyecto #LMS \\\"Postres, Que Unen a las Culturas del mundo\\\"\",\"sameAs\":[\"https:\/\/x.com\/ydalithkad\"],\"url\":\"https:\/\/noti-america.com\/site\/principal\/author\/yfigueroa\/\"}]}<\/script>\n<!-- \/ Yoast SEO Premium plugin. -->","yoast_head_json":{"title":"\u00bfQu\u00e9 se hizo la coherencia pol\u00edtica en Venezuela? - Noti-America.com","robots":{"index":"index","follow":"follow","max-snippet":"max-snippet:-1","max-image-preview":"max-image-preview:large","max-video-preview":"max-video-preview:-1"},"canonical":"https:\/\/noti-america.com\/site\/principal\/2018\/04\/03\/que-se-hizo-la-coherencia-politica-en-venezuela\/","og_locale":"es_ES","og_type":"article","og_title":"\u00bfQu\u00e9 se hizo la coherencia pol\u00edtica en Venezuela?","og_description":"Venezuela &#8211; Un d\u00eda le preguntaron a Mahatma Gandhi, acerca de los factores que destruyen al ser humano. Y \u00e9l respondi\u00f3 as\u00ed: la pol\u00edtica sin principios. El placer sin compromiso. La riqueza sin trabajo.&#46;&#46;&#46;","og_url":"https:\/\/noti-america.com\/site\/principal\/2018\/04\/03\/que-se-hizo-la-coherencia-politica-en-venezuela\/","og_site_name":"Noti-America.com","article_published_time":"2018-04-03T13:55:54+00:00","article_modified_time":"2018-04-03T13:56:10+00:00","og_image":[{"width":960,"height":450,"url":"https:\/\/noti-america.com\/site\/principal\/wp-content\/uploads\/sites\/26\/2018\/04\/finales.png","type":"image\/png"}],"author":"Ydalith Figueroa Kad-Bay","twitter_card":"summary_large_image","twitter_creator":"@ydalithkad","twitter_misc":{"Escrito por":"Ydalith Figueroa Kad-Bay","Tiempo estimado de lectura":"4 minutos"},"schema":{"@context":"https:\/\/schema.org","@graph":[{"@type":"Article","@id":"https:\/\/noti-america.com\/site\/principal\/2018\/04\/03\/que-se-hizo-la-coherencia-politica-en-venezuela\/#article","isPartOf":{"@id":"https:\/\/noti-america.com\/site\/principal\/2018\/04\/03\/que-se-hizo-la-coherencia-politica-en-venezuela\/"},"author":{"name":"Ydalith Figueroa Kad-Bay","@id":"https:\/\/noti-america.com\/site\/principal\/#\/schema\/person\/1a24e37c3c358f389f0a111448ddb870"},"headline":"\u00bfQu\u00e9 se hizo la coherencia pol\u00edtica en Venezuela?","datePublished":"2018-04-03T13:55:54+00:00","dateModified":"2018-04-03T13:56:10+00:00","mainEntityOfPage":{"@id":"https:\/\/noti-america.com\/site\/principal\/2018\/04\/03\/que-se-hizo-la-coherencia-politica-en-venezuela\/"},"wordCount":844,"commentCount":0,"image":{"@id":"https:\/\/noti-america.com\/site\/principal\/2018\/04\/03\/que-se-hizo-la-coherencia-politica-en-venezuela\/#primaryimage"},"thumbnailUrl":"https:\/\/noti-america.com\/site\/principal\/wp-content\/uploads\/sites\/26\/2018\/04\/finales.png","articleSection":["Reportaje","Venezuela"],"inLanguage":"es","potentialAction":[{"@type":"CommentAction","name":"Comment","target":["https:\/\/noti-america.com\/site\/principal\/2018\/04\/03\/que-se-hizo-la-coherencia-politica-en-venezuela\/#respond"]}]},{"@type":"WebPage","@id":"https:\/\/noti-america.com\/site\/principal\/2018\/04\/03\/que-se-hizo-la-coherencia-politica-en-venezuela\/","url":"https:\/\/noti-america.com\/site\/principal\/2018\/04\/03\/que-se-hizo-la-coherencia-politica-en-venezuela\/","name":"\u00bfQu\u00e9 se hizo la coherencia pol\u00edtica en Venezuela? - Noti-America.com","isPartOf":{"@id":"https:\/\/noti-america.com\/site\/principal\/#website"},"primaryImageOfPage":{"@id":"https:\/\/noti-america.com\/site\/principal\/2018\/04\/03\/que-se-hizo-la-coherencia-politica-en-venezuela\/#primaryimage"},"image":{"@id":"https:\/\/noti-america.com\/site\/principal\/2018\/04\/03\/que-se-hizo-la-coherencia-politica-en-venezuela\/#primaryimage"},"thumbnailUrl":"https:\/\/noti-america.com\/site\/principal\/wp-content\/uploads\/sites\/26\/2018\/04\/finales.png","datePublished":"2018-04-03T13:55:54+00:00","dateModified":"2018-04-03T13:56:10+00:00","author":{"@id":"https:\/\/noti-america.com\/site\/principal\/#\/schema\/person\/1a24e37c3c358f389f0a111448ddb870"},"breadcrumb":{"@id":"https:\/\/noti-america.com\/site\/principal\/2018\/04\/03\/que-se-hizo-la-coherencia-politica-en-venezuela\/#breadcrumb"},"inLanguage":"es","potentialAction":[{"@type":"ReadAction","target":["https:\/\/noti-america.com\/site\/principal\/2018\/04\/03\/que-se-hizo-la-coherencia-politica-en-venezuela\/"]}]},{"@type":"ImageObject","inLanguage":"es","@id":"https:\/\/noti-america.com\/site\/principal\/2018\/04\/03\/que-se-hizo-la-coherencia-politica-en-venezuela\/#primaryimage","url":"https:\/\/noti-america.com\/site\/principal\/wp-content\/uploads\/sites\/26\/2018\/04\/finales.png","contentUrl":"https:\/\/noti-america.com\/site\/principal\/wp-content\/uploads\/sites\/26\/2018\/04\/finales.png","width":960,"height":450},{"@type":"BreadcrumbList","@id":"https:\/\/noti-america.com\/site\/principal\/2018\/04\/03\/que-se-hizo-la-coherencia-politica-en-venezuela\/#breadcrumb","itemListElement":[{"@type":"ListItem","position":1,"name":"Portada","item":"https:\/\/noti-america.com\/site\/principal\/"},{"@type":"ListItem","position":2,"name":"\u00bfQu\u00e9 se hizo la coherencia pol\u00edtica en Venezuela?"}]},{"@type":"WebSite","@id":"https:\/\/noti-america.com\/site\/principal\/#website","url":"https:\/\/noti-america.com\/site\/principal\/","name":"Noti-America.com","description":"El Noticiero Digital M\u00e1s Grande de Am\u00e9rica","potentialAction":[{"@type":"SearchAction","target":{"@type":"EntryPoint","urlTemplate":"https:\/\/noti-america.com\/site\/principal\/?s={search_term_string}"},"query-input":{"@type":"PropertyValueSpecification","valueRequired":true,"valueName":"search_term_string"}}],"inLanguage":"es"},{"@type":"Person","@id":"https:\/\/noti-america.com\/site\/principal\/#\/schema\/person\/1a24e37c3c358f389f0a111448ddb870","name":"Ydalith Figueroa Kad-Bay","image":{"@type":"ImageObject","inLanguage":"es","@id":"https:\/\/secure.gravatar.com\/avatar\/7d1e350465afd215908c3ed413e32ef600cd41c3c21b95416252432a9f6c219c?s=96&d=mm&r=g","url":"https:\/\/secure.gravatar.com\/avatar\/7d1e350465afd215908c3ed413e32ef600cd41c3c21b95416252432a9f6c219c?s=96&d=mm&r=g","contentUrl":"https:\/\/secure.gravatar.com\/avatar\/7d1e350465afd215908c3ed413e32ef600cd41c3c21b95416252432a9f6c219c?s=96&d=mm&r=g","caption":"Ydalith Figueroa Kad-Bay"},"description":"CEO Noti-America Alemania Embajadora de Venezuela para el Proyecto de Acci\u00f3n Clim\u00e1tica de la ONU, Embajadora para la ense\u00f1anza de los ODS de la ONU, Amplificador de la Acci\u00f3n de los ODS de la ONU, Profesor Voluntario del Proyecto KAKUMA (Educaci\u00f3n de calidad para refugiados en \u00c1frica) UNHCR \u2013 ACNUR - Agencia para los refugiados de la ONU-, Miembro de la ONG Gente Y Ciudad, Embajador de las Instituciones de Microfinanzas \u201cNo a la pobreza ODS #1 de la ONU\u201d (todos tienen derecho a acceso a un cr\u00e9dito), y Voluntario al di\u00e1logo global de UN75. Twitter @ydalithkad email ydalith@yhaoo.com Locutor Profesional 32931 Universidad Central de Venezuela @ISHannover \"Colegio Internacional de Hannover Regi\u00f3n, Alemania\" Representante de Aprendizaje Innovaci\u00f3n y Tecnolog\u00eda #LMS (Sistema de Gesti\u00f3n de Aprendizaje) #LMS Gente y Ciudad &amp; Asesores Internacionales ONG Alemania. ONG \"Gente y Ciudad, Venezuela\" Miembro y Asesor especialista An\u00e1lisis de Pol\u00edtica Internacional Asesor Pol\u00edtico Internacional de Venezuela en la defensa de los Derechos Humanos y el restablecimiento Democr\u00e1tico. Diplomacia positiva y Activa. Pasi\u00f3n por el Golf Proyecto #LMS \"Golf para ni\u00f1os y adultos Internacional\" Pasi\u00f3n por los Postres Proyecto #LMS \"Postres, Que Unen a las Culturas del mundo\"","sameAs":["https:\/\/x.com\/ydalithkad"],"url":"https:\/\/noti-america.com\/site\/principal\/author\/yfigueroa\/"}]}},"_links":{"self":[{"href":"https:\/\/noti-america.com\/site\/principal\/wp-json\/wp\/v2\/posts\/2221","targetHints":{"allow":["GET"]}}],"collection":[{"href":"https:\/\/noti-america.com\/site\/principal\/wp-json\/wp\/v2\/posts"}],"about":[{"href":"https:\/\/noti-america.com\/site\/principal\/wp-json\/wp\/v2\/types\/post"}],"author":[{"embeddable":true,"href":"https:\/\/noti-america.com\/site\/principal\/wp-json\/wp\/v2\/users\/31"}],"replies":[{"embeddable":true,"href":"https:\/\/noti-america.com\/site\/principal\/wp-json\/wp\/v2\/comments?post=2221"}],"version-history":[{"count":1,"href":"https:\/\/noti-america.com\/site\/principal\/wp-json\/wp\/v2\/posts\/2221\/revisions"}],"predecessor-version":[{"id":2225,"href":"https:\/\/noti-america.com\/site\/principal\/wp-json\/wp\/v2\/posts\/2221\/revisions\/2225"}],"wp:featuredmedia":[{"embeddable":true,"href":"https:\/\/noti-america.com\/site\/principal\/wp-json\/wp\/v2\/media\/2224"}],"wp:attachment":[{"href":"https:\/\/noti-america.com\/site\/principal\/wp-json\/wp\/v2\/media?parent=2221"}],"wp:term":[{"taxonomy":"category","embeddable":true,"href":"https:\/\/noti-america.com\/site\/principal\/wp-json\/wp\/v2\/categories?post=2221"},{"taxonomy":"post_tag","embeddable":true,"href":"https:\/\/noti-america.com\/site\/principal\/wp-json\/wp\/v2\/tags?post=2221"}],"curies":[{"name":"wp","href":"https:\/\/api.w.org\/{rel}","templated":true}]}}