{"id":21830,"date":"2022-12-07T12:40:41","date_gmt":"2022-12-07T16:40:41","guid":{"rendered":"https:\/\/noti-america.com\/site\/principal\/?p=21830"},"modified":"2022-12-07T12:40:41","modified_gmt":"2022-12-07T16:40:41","slug":"caf-presenta-propuestas-para-impulsar-la-movilidad-social-en-america-latina-y-el-caribe","status":"publish","type":"post","link":"https:\/\/noti-america.com\/site\/principal\/2022\/12\/07\/caf-presenta-propuestas-para-impulsar-la-movilidad-social-en-america-latina-y-el-caribe\/","title":{"rendered":"CAF presenta propuestas para impulsar la movilidad social en Am\u00e9rica Latina y el Caribe"},"content":{"rendered":"<p>NOTI-AMERICA.COM | MEXICO<\/p>\n<p>www.atalayar.com<\/p>\n<div class=\"post-top\">\n<h1 class=\"post-title\">CAF presenta propuestas para impulsar la movilidad social en Am\u00e9rica Latina y el Caribe<\/h1>\n<div class=\"field field--name-field-subtitulo field--type-string field--label-hidden field__item\">Si bien en la regi\u00f3n muchas personas hoy superan a sus padres en niveles educativos, los progresos no se dan de igual manera en materia laboral o de ingresos<\/div>\n<div class=\"field field--name-field-autor field--type-entity-reference field--label-hidden field__item\"><a href=\"https:\/\/atalayar.com\/taxonomy\/term\/51\" hreflang=\"es\">Atalayar<\/a><\/div>\n<\/div>\n<div class=\"post-thumbnail\">\n<div class=\"field field--name-field-image field--type-image field--label-hidden field__item\"><img decoding=\"async\" src=\"https:\/\/atalayar.com\/sites\/default\/files\/styles\/foto_\/public\/noticias\/PORTADA_132.jpg?itok=d6SHHZSr\" alt=\"CAF\" \/><\/div>\n<div class=\"pie-foto\">\n<p>\u00a0&#8211;<\/p>\n<\/div>\n<\/div>\n<div class=\"post-content\">\n<div class=\"node__content clearfix\">\n<div class=\"field field--name-body field--type-text-with-summary field--label-hidden field__item\">\n<p><strong>La desigualdad en Am\u00e9rica Latina y el Caribe es muy alta y se mantiene constantemente por encima de lo observado en otras regiones<\/strong>. Hoy, en la regi\u00f3n, mientras que el 10% m\u00e1s rico se queda con el 55% de los ingresos y el 77% de la riqueza, el 50% m\u00e1s pobre recoge el 10% de los ingresos y tan solo el 1% de la riqueza. Otras formas de medir la desigualdad econ\u00f3mica atestiguan el mismo patr\u00f3n, que es analizado en detalle en el nuevo Reporte de Econom\u00eda y Desarrollo (RED2022) de CAF -banco de desarrollo de Am\u00e9rica Latina, titulado \u201cDesigualdades heredadas: el rol de las habilidades, el empleo y la riqueza en las oportunidades de las nuevas generaciones\u201d.<\/p>\n<p>El informe fue presentado en el marco de la\u00a0<strong>176\u00aa reuni\u00f3n de Directorio de CAF<\/strong>, realizada en Montevideo, que cont\u00f3 con la participaci\u00f3n de ministros de Econom\u00eda y Finanzas, presidentes de bancos centrales y altas autoridades econ\u00f3micas de los pa\u00edses accionistas.<\/p>\n<p>\u201c<strong>Am\u00e9rica Latina y el Caribe es desde hace d\u00e9cadas y quiz\u00e1 siglos, una de las regiones m\u00e1s desiguales del mundo<\/strong>. Esto sigue siendo cierto a pesar de los progresos econ\u00f3micos y sociales de los \u00faltimos veinte a\u00f1os, que no han bastado para deshacer las ra\u00edces profundas que tiene la desigualdad en nuestra regi\u00f3n. Las disparidades se extienden tambi\u00e9n a las oportunidades educativas y laborales a las que acceden los latinoamericanos y caribe\u00f1os\u201d, coment\u00f3 Sergio D\u00edaz-Granados, presidente ejecutivo de CAF.<\/p>\n<p><img loading=\"lazy\" decoding=\"async\" class=\"align-center\" src=\"https:\/\/atalayar.com\/sites\/default\/files\/inline-images\/CAF%20%282%29.jpg\" alt=\"caf\" width=\"640\" height=\"385\" data-entity-type=\"file\" data-entity-uuid=\"48e0363e-c191-41a2-99a2-8fe79952ad97\" \/>Por otra parte, sostuvo que el diagn\u00f3stico general del RED 2022 muestra que la movilidad social en la regi\u00f3n es baja,<strong>\u00a0lo cual representa un grave problema para la equidad y para otros aspectos del desarrollo de la regi\u00f3n<\/strong>. \u201cEl reporte destaca que las oportunidades de movilidad son afectadas por distintos tipos de riesgos, que no est\u00e1n asociados solamente a crisis macroecon\u00f3micas o a los peligros del cambio tecnol\u00f3gico, que amenaza con destruir fuentes de empleo. Los \u00faltimos a\u00f1os nos demostraron que los riesgos relacionados a la salud, como lo manifest\u00f3 la pandemia de la COVID-19, pueden traer tambi\u00e9n importantes efectos desigualadores. Adem\u00e1s, hoy es de vital importancia y en las pr\u00f3ximas d\u00e9cadas lo ser\u00e1 a\u00fan m\u00e1s, asegurar las oportunidades de los m\u00e1s vulnerables contra los riesgos del cambio clim\u00e1tico y la p\u00e9rdida de biodiversidad en la regi\u00f3n\u201d, se\u00f1al\u00f3 D\u00edaz-Granados.<\/p>\n<p><strong>Esta persistente y alta desigualdad se asienta sobre ra\u00edces profundas que implican una transmisi\u00f3n de generaci\u00f3n en generaci\u00f3n<\/strong>. La falta de oportunidades para formar capital humano, obtener buenos empleos en los mercados laborales y acumular activos son factores claves detr\u00e1s de la conexi\u00f3n intergeneracional de las desigualdades. El reporte presenta abundante evidencia que indica que en Am\u00e9rica Latina y el Caribe las oportunidades en estos tres \u00e1mbitos se distribuyen de manera muy dispareja entre personas provenientes de familias de diferentes niveles socioecon\u00f3micos.<\/p>\n<p>\u201cLa escasa movilidad social es un problema importante para Am\u00e9rica Latina y el Caribe. Y lo es no solo por sus consecuencias sobre la equidad, sino tambi\u00e9n por su impacto en otros componentes centrales del desarrollo econ\u00f3mico, como el crecimiento y la estabilidad pol\u00edtico-institucional.\u00a0<strong>La falta de movilidad social tiende a alterar los incentivos al esfuerzo y a distorsionar la asignaci\u00f3n del talento humano, afectando por esas v\u00edas a los niveles de productividad y al crecimiento<\/strong>. Adem\u00e1s, la alta persistencia intergeneracional derivada de la desigualdad de oportunidades puede corroer la confianza entre los ciudadanos y en las instituciones\u201d, explic\u00f3 Dolores de la Mata, coautora del reporte y economista principal de la Direcci\u00f3n de Investigaciones Socioecon\u00f3micas de CAF.<\/p>\n<p><img loading=\"lazy\" decoding=\"async\" class=\"align-center\" src=\"https:\/\/atalayar.com\/sites\/default\/files\/inline-images\/CAF%20%284%29.jpg\" alt=\"caf\" width=\"813\" height=\"558\" data-entity-type=\"file\" data-entity-uuid=\"df52f885-ebc7-4f5a-a517-73efc6d52326\" \/><\/p>\n<p>En la publicaci\u00f3n se evidencia la importante expansi\u00f3n educativa que experiment\u00f3 la regi\u00f3n a lo largo del siglo XX y que, sin embargo, no fue suficiente para mejorar la situaci\u00f3n relativa de los hijos de las personas menos educadas. Esto se debi\u00f3 a que la expansi\u00f3n educativa para los grupos m\u00e1s vulnerables se concentr\u00f3 en niveles educativos bajos, como primaria y en menor medida secundaria, mientras que alcanzar niveles educativos mayores sigue siendo una tarea pendiente. Por ejemplo,<strong>\u00a0la fracci\u00f3n de hijos de padres no universitarios que s\u00ed logra finalizar estudios universitarios es a\u00fan muy baja en la regi\u00f3n, ya que apenas supera el 10%<\/strong>.<\/p>\n<p>De acuerdo con el RED2022,\u00a0<strong>quienes s\u00ed lograron superar a sus padres en niveles educativos no necesariamente alcanzaron progresos similares en sus oportunidades laborales<\/strong>. Esto puede sugerir tanto que los progresos educativos no han sido suficientes, como que la estructura econ\u00f3mica de la regi\u00f3n no est\u00e1 logrando absorber o premiar esos mayores niveles educativos. Adem\u00e1s, estos resultados son consistentes con una baja movilidad intergeneracional en los ingresos, que posiciona a Am\u00e9rica Latina y el Caribe como la regi\u00f3n con mayor persistencia en esta dimensi\u00f3n en todo el mundo.<\/p>\n<p>\u201c<strong>La regi\u00f3n requiere mejoras tanto en la cobertura como en la calidad y la pertinencia de la educaci\u00f3n b\u00e1sica, t\u00e9cnico-profesional y superior<\/strong>. Pero, entre aquellas pol\u00edticas que pueden proveer un mayor impulso a la movilidad intergeneracional, tambi\u00e9n se encuentran las que apuntan a aliviar las principales restricciones que limitan las inversiones dentro del hogar en ni\u00f1os y adolescentes y que comprenden no solo las financieras, sino tambi\u00e9n las informativas y las de aseguramiento\u201d, agreg\u00f3 Dolores de la Mata.<\/p>\n<div class=\"ladillo\">Oportunidades laborales y de ahorro<\/div>\n<p>El diagn\u00f3stico del RED 2022 sugiere que enfocar los esfuerzos en grupos poblacionales como los afrodescendientes, los ind\u00edgenas, las mujeres de entornos m\u00e1s vulnerables y los residentes en zonas segregadas podr\u00eda ayudar a mejorar las oportunidades de movilidad ocupacional y de ingresos. El reporte se\u00f1ala que focalizar pol\u00edticas con criterios espaciales o geogr\u00e1ficos es importante debido a que la localizaci\u00f3n geogr\u00e1fica de los padres tambi\u00e9n condiciona las oportunidades laborales de los hijos. Buena parte de las nuevas generaciones vive en el mismo barrio en el que viv\u00edan sus padres.\u00a0<strong>As\u00ed lo se\u00f1alan el 45% de los encuestados por CAF, mientras que m\u00e1s de un tercio de ellos residen incluso en la misma vivienda que habitaron sus padres.<\/strong><\/p>\n<p>\u201cEmparejar las oportunidades laborales requiere, en buena medida,\u00a0<strong>disminuir las desigualdades entre regiones y entre distintas zonas al interior de las ciudades de la regi\u00f3n<\/strong>. Diferentes pol\u00edticas pueden colaborar en este objetivo, como aquellas que mejoran la infraestructura urbana b\u00e1sica y los equipamientos clave para la provisi\u00f3n de servicios de educaci\u00f3n, salud, seguridad p\u00fablica, entre otras\u201d, afirm\u00f3 Lucila Berniell, tambi\u00e9n coautora de la publicaci\u00f3n y economista principal de la Direcci\u00f3n de Investigaciones Socioecon\u00f3micas de CAF.<\/p>\n<p><img loading=\"lazy\" decoding=\"async\" class=\"align-center\" src=\"https:\/\/atalayar.com\/sites\/default\/files\/inline-images\/CAF%20%283%29.jpg\" alt=\"caf\" width=\"813\" height=\"558\" data-entity-type=\"file\" data-entity-uuid=\"20dac06c-392a-4475-8278-2bccc369f6ce\" \/><\/p>\n<p>Bajo la \u00f3ptica planteada en el reporte, pol\u00edticas que usualmente no se piensan como promotoras de la movilidad social se convierten en piezas centrales del abanico de pol\u00edticas para la igualdad de oportunidades.\u00a0<strong>Este es el caso por ejemplo de las mejoras en la infraestructura de transporte p\u00fablico<\/strong>, que tienen el potencial de acercar oportunidades laborales de calidad a poblaciones que residen en zonas desaventajadas y alejadas de los centros productivos.<\/p>\n<p>En cuanto a las posibilidades de ahorrar y acumular activos,\u00a0<strong>el RED 2022 muestra el importante rol que cumplen en la regi\u00f3n las herencias y los problemas relacionados a la desigual inclusi\u00f3n financiera<\/strong>. \u201cEl an\u00e1lisis de las causas de este fen\u00f3meno permite proponer varios espacios de pol\u00edtica que podr\u00edan favorecer una mayor movilidad de la riqueza. Por ejemplo, analizamos el potencial que tienen los sistemas de tributaci\u00f3n, el desarrollo de los mercados de cr\u00e9dito hipotecario, las intervenciones para mejorar las condiciones de titularidad de las viviendas, as\u00ed como la promoci\u00f3n de un mayor conocimiento financiero y el fortalecimiento de los esquemas de aseguramiento social y privado que protejan a las familias m\u00e1s vulnerables contra riesgos que m\u00e1s afectan a sus activos, como los clim\u00e1ticos y macroecon\u00f3micos\u201d, a\u00f1adi\u00f3 Lucila Berniell.<\/p>\n<p><strong>El reporte concluye con una serie de recomendaciones para dotar a las nuevas generaciones de mayores oportunidades para acumular habilidades<\/strong>, mejorar el funcionamiento de los mercados laborales para que brinden alternativas de calidad para todos los trabajadores y promover formas seguras y rentables de acumulaci\u00f3n de activos para todos los miembros de la sociedad. Las propuestas indican que el logro de una mayor movilidad social en la regi\u00f3n est\u00e1 en manos de m\u00faltiples actores, tanto del sector p\u00fablico como del privado, imponiendo as\u00ed el gran desaf\u00edo de lograr los consensos necesarios para ampliar las pol\u00edticas redistributivas que rompan los lazos intergeneracionales de la desigualdad.<\/p>\n<\/div>\n<\/div>\n<\/div>\n","protected":false},"excerpt":{"rendered":"<p>NOTI-AMERICA.COM | MEXICO www.atalayar.com CAF presenta propuestas para impulsar la movilidad social en Am\u00e9rica Latina y el Caribe Si bien en la regi\u00f3n muchas personas hoy superan a sus padres en niveles educativos, los&#46;&#46;&#46;<\/p>\n","protected":false},"author":2,"featured_media":21831,"comment_status":"closed","ping_status":"open","sticky":false,"template":"","format":"image","meta":{"_acf_changed":false,"rop_custom_images_group":[],"rop_custom_messages_group":[],"rop_publish_now":"initial","rop_publish_now_accounts":{"facebook_10219548024599422_1632221337088128":"","twitter_242054905_242054905":""},"rop_publish_now_history":[],"rop_publish_now_status":"pending","footnotes":""},"categories":[5],"tags":[],"class_list":["post-21830","post","type-post","status-publish","format-image","has-post-thumbnail","hentry","category-economia","post_format-post-format-image"],"acf":[],"yoast_head":"<!-- This site is optimized with the Yoast SEO Premium plugin v24.9 (Yoast SEO v27.2) - https:\/\/yoast.com\/product\/yoast-seo-premium-wordpress\/ -->\n<title>CAF presenta propuestas para impulsar la movilidad social en Am\u00e9rica Latina y el Caribe - Noti-America.com<\/title>\n<meta name=\"robots\" content=\"index, follow, max-snippet:-1, max-image-preview:large, max-video-preview:-1\" \/>\n<link rel=\"canonical\" href=\"https:\/\/noti-america.com\/site\/principal\/2022\/12\/07\/caf-presenta-propuestas-para-impulsar-la-movilidad-social-en-america-latina-y-el-caribe\/\" \/>\n<meta property=\"og:locale\" content=\"es_ES\" \/>\n<meta property=\"og:type\" content=\"article\" \/>\n<meta property=\"og:title\" content=\"CAF presenta propuestas para impulsar la movilidad social en Am\u00e9rica Latina y el Caribe\" \/>\n<meta property=\"og:description\" content=\"NOTI-AMERICA.COM | MEXICO www.atalayar.com CAF presenta propuestas para impulsar la movilidad social en Am\u00e9rica Latina y el Caribe Si bien en la regi\u00f3n muchas personas hoy superan a sus padres en niveles educativos, los&#046;&#046;&#046;\" \/>\n<meta property=\"og:url\" content=\"https:\/\/noti-america.com\/site\/principal\/2022\/12\/07\/caf-presenta-propuestas-para-impulsar-la-movilidad-social-en-america-latina-y-el-caribe\/\" \/>\n<meta property=\"og:site_name\" content=\"Noti-America.com\" \/>\n<meta property=\"article:published_time\" content=\"2022-12-07T16:40:41+00:00\" \/>\n<meta property=\"og:image\" content=\"https:\/\/noti-america.com\/site\/principal\/wp-content\/uploads\/sites\/26\/2022\/12\/PORTADA1.jpg\" \/>\n\t<meta property=\"og:image:width\" content=\"813\" \/>\n\t<meta property=\"og:image:height\" content=\"558\" \/>\n\t<meta property=\"og:image:type\" content=\"image\/jpeg\" \/>\n<meta name=\"author\" content=\"rloaiza\" \/>\n<meta name=\"twitter:card\" content=\"summary_large_image\" \/>\n<meta name=\"twitter:label1\" content=\"Escrito por\" \/>\n\t<meta name=\"twitter:data1\" content=\"rloaiza\" \/>\n\t<meta name=\"twitter:label2\" content=\"Tiempo estimado de lectura\" \/>\n\t<meta name=\"twitter:data2\" content=\"8 minutos\" \/>\n<script type=\"application\/ld+json\" class=\"yoast-schema-graph\">{\"@context\":\"https:\/\/schema.org\",\"@graph\":[{\"@type\":\"Article\",\"@id\":\"https:\/\/noti-america.com\/site\/principal\/2022\/12\/07\/caf-presenta-propuestas-para-impulsar-la-movilidad-social-en-america-latina-y-el-caribe\/#article\",\"isPartOf\":{\"@id\":\"https:\/\/noti-america.com\/site\/principal\/2022\/12\/07\/caf-presenta-propuestas-para-impulsar-la-movilidad-social-en-america-latina-y-el-caribe\/\"},\"author\":{\"name\":\"rloaiza\",\"@id\":\"https:\/\/noti-america.com\/site\/principal\/#\/schema\/person\/a2e478ba496331ce89bcd0c731cd6533\"},\"headline\":\"CAF presenta propuestas para impulsar la movilidad social en Am\u00e9rica Latina y el Caribe\",\"datePublished\":\"2022-12-07T16:40:41+00:00\",\"mainEntityOfPage\":{\"@id\":\"https:\/\/noti-america.com\/site\/principal\/2022\/12\/07\/caf-presenta-propuestas-para-impulsar-la-movilidad-social-en-america-latina-y-el-caribe\/\"},\"wordCount\":1533,\"image\":{\"@id\":\"https:\/\/noti-america.com\/site\/principal\/2022\/12\/07\/caf-presenta-propuestas-para-impulsar-la-movilidad-social-en-america-latina-y-el-caribe\/#primaryimage\"},\"thumbnailUrl\":\"https:\/\/noti-america.com\/site\/principal\/wp-content\/uploads\/sites\/26\/2022\/12\/PORTADA1.jpg\",\"articleSection\":[\"Econom\u00eda\"],\"inLanguage\":\"es\"},{\"@type\":\"WebPage\",\"@id\":\"https:\/\/noti-america.com\/site\/principal\/2022\/12\/07\/caf-presenta-propuestas-para-impulsar-la-movilidad-social-en-america-latina-y-el-caribe\/\",\"url\":\"https:\/\/noti-america.com\/site\/principal\/2022\/12\/07\/caf-presenta-propuestas-para-impulsar-la-movilidad-social-en-america-latina-y-el-caribe\/\",\"name\":\"CAF presenta propuestas para impulsar la movilidad social en Am\u00e9rica Latina y el Caribe - Noti-America.com\",\"isPartOf\":{\"@id\":\"https:\/\/noti-america.com\/site\/principal\/#website\"},\"primaryImageOfPage\":{\"@id\":\"https:\/\/noti-america.com\/site\/principal\/2022\/12\/07\/caf-presenta-propuestas-para-impulsar-la-movilidad-social-en-america-latina-y-el-caribe\/#primaryimage\"},\"image\":{\"@id\":\"https:\/\/noti-america.com\/site\/principal\/2022\/12\/07\/caf-presenta-propuestas-para-impulsar-la-movilidad-social-en-america-latina-y-el-caribe\/#primaryimage\"},\"thumbnailUrl\":\"https:\/\/noti-america.com\/site\/principal\/wp-content\/uploads\/sites\/26\/2022\/12\/PORTADA1.jpg\",\"datePublished\":\"2022-12-07T16:40:41+00:00\",\"author\":{\"@id\":\"https:\/\/noti-america.com\/site\/principal\/#\/schema\/person\/a2e478ba496331ce89bcd0c731cd6533\"},\"breadcrumb\":{\"@id\":\"https:\/\/noti-america.com\/site\/principal\/2022\/12\/07\/caf-presenta-propuestas-para-impulsar-la-movilidad-social-en-america-latina-y-el-caribe\/#breadcrumb\"},\"inLanguage\":\"es\",\"potentialAction\":[{\"@type\":\"ReadAction\",\"target\":[\"https:\/\/noti-america.com\/site\/principal\/2022\/12\/07\/caf-presenta-propuestas-para-impulsar-la-movilidad-social-en-america-latina-y-el-caribe\/\"]}]},{\"@type\":\"ImageObject\",\"inLanguage\":\"es\",\"@id\":\"https:\/\/noti-america.com\/site\/principal\/2022\/12\/07\/caf-presenta-propuestas-para-impulsar-la-movilidad-social-en-america-latina-y-el-caribe\/#primaryimage\",\"url\":\"https:\/\/noti-america.com\/site\/principal\/wp-content\/uploads\/sites\/26\/2022\/12\/PORTADA1.jpg\",\"contentUrl\":\"https:\/\/noti-america.com\/site\/principal\/wp-content\/uploads\/sites\/26\/2022\/12\/PORTADA1.jpg\",\"width\":813,\"height\":558},{\"@type\":\"BreadcrumbList\",\"@id\":\"https:\/\/noti-america.com\/site\/principal\/2022\/12\/07\/caf-presenta-propuestas-para-impulsar-la-movilidad-social-en-america-latina-y-el-caribe\/#breadcrumb\",\"itemListElement\":[{\"@type\":\"ListItem\",\"position\":1,\"name\":\"Portada\",\"item\":\"https:\/\/noti-america.com\/site\/principal\/\"},{\"@type\":\"ListItem\",\"position\":2,\"name\":\"CAF presenta propuestas para impulsar la movilidad social en Am\u00e9rica Latina y el Caribe\"}]},{\"@type\":\"WebSite\",\"@id\":\"https:\/\/noti-america.com\/site\/principal\/#website\",\"url\":\"https:\/\/noti-america.com\/site\/principal\/\",\"name\":\"Noti-America.com\",\"description\":\"El Noticiero Digital M\u00e1s Grande de Am\u00e9rica\",\"potentialAction\":[{\"@type\":\"SearchAction\",\"target\":{\"@type\":\"EntryPoint\",\"urlTemplate\":\"https:\/\/noti-america.com\/site\/principal\/?s={search_term_string}\"},\"query-input\":{\"@type\":\"PropertyValueSpecification\",\"valueRequired\":true,\"valueName\":\"search_term_string\"}}],\"inLanguage\":\"es\"},{\"@type\":\"Person\",\"@id\":\"https:\/\/noti-america.com\/site\/principal\/#\/schema\/person\/a2e478ba496331ce89bcd0c731cd6533\",\"name\":\"rloaiza\",\"image\":{\"@type\":\"ImageObject\",\"inLanguage\":\"es\",\"@id\":\"https:\/\/secure.gravatar.com\/avatar\/190058e5d4427934610b99c45aa7a6558806850adedd53ddeddd194b04773e22?s=96&d=mm&r=g\",\"url\":\"https:\/\/secure.gravatar.com\/avatar\/190058e5d4427934610b99c45aa7a6558806850adedd53ddeddd194b04773e22?s=96&d=mm&r=g\",\"contentUrl\":\"https:\/\/secure.gravatar.com\/avatar\/190058e5d4427934610b99c45aa7a6558806850adedd53ddeddd194b04773e22?s=96&d=mm&r=g\",\"caption\":\"rloaiza\"},\"url\":\"https:\/\/noti-america.com\/site\/principal\/author\/rloaiza\/\"}]}<\/script>\n<!-- \/ Yoast SEO Premium plugin. -->","yoast_head_json":{"title":"CAF presenta propuestas para impulsar la movilidad social en Am\u00e9rica Latina y el Caribe - Noti-America.com","robots":{"index":"index","follow":"follow","max-snippet":"max-snippet:-1","max-image-preview":"max-image-preview:large","max-video-preview":"max-video-preview:-1"},"canonical":"https:\/\/noti-america.com\/site\/principal\/2022\/12\/07\/caf-presenta-propuestas-para-impulsar-la-movilidad-social-en-america-latina-y-el-caribe\/","og_locale":"es_ES","og_type":"article","og_title":"CAF presenta propuestas para impulsar la movilidad social en Am\u00e9rica Latina y el Caribe","og_description":"NOTI-AMERICA.COM | MEXICO www.atalayar.com CAF presenta propuestas para impulsar la movilidad social en Am\u00e9rica Latina y el Caribe Si bien en la regi\u00f3n muchas personas hoy superan a sus padres en niveles educativos, los&#46;&#46;&#46;","og_url":"https:\/\/noti-america.com\/site\/principal\/2022\/12\/07\/caf-presenta-propuestas-para-impulsar-la-movilidad-social-en-america-latina-y-el-caribe\/","og_site_name":"Noti-America.com","article_published_time":"2022-12-07T16:40:41+00:00","og_image":[{"width":813,"height":558,"url":"https:\/\/noti-america.com\/site\/principal\/wp-content\/uploads\/sites\/26\/2022\/12\/PORTADA1.jpg","type":"image\/jpeg"}],"author":"rloaiza","twitter_card":"summary_large_image","twitter_misc":{"Escrito por":"rloaiza","Tiempo estimado de lectura":"8 minutos"},"schema":{"@context":"https:\/\/schema.org","@graph":[{"@type":"Article","@id":"https:\/\/noti-america.com\/site\/principal\/2022\/12\/07\/caf-presenta-propuestas-para-impulsar-la-movilidad-social-en-america-latina-y-el-caribe\/#article","isPartOf":{"@id":"https:\/\/noti-america.com\/site\/principal\/2022\/12\/07\/caf-presenta-propuestas-para-impulsar-la-movilidad-social-en-america-latina-y-el-caribe\/"},"author":{"name":"rloaiza","@id":"https:\/\/noti-america.com\/site\/principal\/#\/schema\/person\/a2e478ba496331ce89bcd0c731cd6533"},"headline":"CAF presenta propuestas para impulsar la movilidad social en Am\u00e9rica Latina y el Caribe","datePublished":"2022-12-07T16:40:41+00:00","mainEntityOfPage":{"@id":"https:\/\/noti-america.com\/site\/principal\/2022\/12\/07\/caf-presenta-propuestas-para-impulsar-la-movilidad-social-en-america-latina-y-el-caribe\/"},"wordCount":1533,"image":{"@id":"https:\/\/noti-america.com\/site\/principal\/2022\/12\/07\/caf-presenta-propuestas-para-impulsar-la-movilidad-social-en-america-latina-y-el-caribe\/#primaryimage"},"thumbnailUrl":"https:\/\/noti-america.com\/site\/principal\/wp-content\/uploads\/sites\/26\/2022\/12\/PORTADA1.jpg","articleSection":["Econom\u00eda"],"inLanguage":"es"},{"@type":"WebPage","@id":"https:\/\/noti-america.com\/site\/principal\/2022\/12\/07\/caf-presenta-propuestas-para-impulsar-la-movilidad-social-en-america-latina-y-el-caribe\/","url":"https:\/\/noti-america.com\/site\/principal\/2022\/12\/07\/caf-presenta-propuestas-para-impulsar-la-movilidad-social-en-america-latina-y-el-caribe\/","name":"CAF presenta propuestas para impulsar la movilidad social en Am\u00e9rica Latina y el Caribe - Noti-America.com","isPartOf":{"@id":"https:\/\/noti-america.com\/site\/principal\/#website"},"primaryImageOfPage":{"@id":"https:\/\/noti-america.com\/site\/principal\/2022\/12\/07\/caf-presenta-propuestas-para-impulsar-la-movilidad-social-en-america-latina-y-el-caribe\/#primaryimage"},"image":{"@id":"https:\/\/noti-america.com\/site\/principal\/2022\/12\/07\/caf-presenta-propuestas-para-impulsar-la-movilidad-social-en-america-latina-y-el-caribe\/#primaryimage"},"thumbnailUrl":"https:\/\/noti-america.com\/site\/principal\/wp-content\/uploads\/sites\/26\/2022\/12\/PORTADA1.jpg","datePublished":"2022-12-07T16:40:41+00:00","author":{"@id":"https:\/\/noti-america.com\/site\/principal\/#\/schema\/person\/a2e478ba496331ce89bcd0c731cd6533"},"breadcrumb":{"@id":"https:\/\/noti-america.com\/site\/principal\/2022\/12\/07\/caf-presenta-propuestas-para-impulsar-la-movilidad-social-en-america-latina-y-el-caribe\/#breadcrumb"},"inLanguage":"es","potentialAction":[{"@type":"ReadAction","target":["https:\/\/noti-america.com\/site\/principal\/2022\/12\/07\/caf-presenta-propuestas-para-impulsar-la-movilidad-social-en-america-latina-y-el-caribe\/"]}]},{"@type":"ImageObject","inLanguage":"es","@id":"https:\/\/noti-america.com\/site\/principal\/2022\/12\/07\/caf-presenta-propuestas-para-impulsar-la-movilidad-social-en-america-latina-y-el-caribe\/#primaryimage","url":"https:\/\/noti-america.com\/site\/principal\/wp-content\/uploads\/sites\/26\/2022\/12\/PORTADA1.jpg","contentUrl":"https:\/\/noti-america.com\/site\/principal\/wp-content\/uploads\/sites\/26\/2022\/12\/PORTADA1.jpg","width":813,"height":558},{"@type":"BreadcrumbList","@id":"https:\/\/noti-america.com\/site\/principal\/2022\/12\/07\/caf-presenta-propuestas-para-impulsar-la-movilidad-social-en-america-latina-y-el-caribe\/#breadcrumb","itemListElement":[{"@type":"ListItem","position":1,"name":"Portada","item":"https:\/\/noti-america.com\/site\/principal\/"},{"@type":"ListItem","position":2,"name":"CAF presenta propuestas para impulsar la movilidad social en Am\u00e9rica Latina y el Caribe"}]},{"@type":"WebSite","@id":"https:\/\/noti-america.com\/site\/principal\/#website","url":"https:\/\/noti-america.com\/site\/principal\/","name":"Noti-America.com","description":"El Noticiero Digital M\u00e1s Grande de Am\u00e9rica","potentialAction":[{"@type":"SearchAction","target":{"@type":"EntryPoint","urlTemplate":"https:\/\/noti-america.com\/site\/principal\/?s={search_term_string}"},"query-input":{"@type":"PropertyValueSpecification","valueRequired":true,"valueName":"search_term_string"}}],"inLanguage":"es"},{"@type":"Person","@id":"https:\/\/noti-america.com\/site\/principal\/#\/schema\/person\/a2e478ba496331ce89bcd0c731cd6533","name":"rloaiza","image":{"@type":"ImageObject","inLanguage":"es","@id":"https:\/\/secure.gravatar.com\/avatar\/190058e5d4427934610b99c45aa7a6558806850adedd53ddeddd194b04773e22?s=96&d=mm&r=g","url":"https:\/\/secure.gravatar.com\/avatar\/190058e5d4427934610b99c45aa7a6558806850adedd53ddeddd194b04773e22?s=96&d=mm&r=g","contentUrl":"https:\/\/secure.gravatar.com\/avatar\/190058e5d4427934610b99c45aa7a6558806850adedd53ddeddd194b04773e22?s=96&d=mm&r=g","caption":"rloaiza"},"url":"https:\/\/noti-america.com\/site\/principal\/author\/rloaiza\/"}]}},"_links":{"self":[{"href":"https:\/\/noti-america.com\/site\/principal\/wp-json\/wp\/v2\/posts\/21830","targetHints":{"allow":["GET"]}}],"collection":[{"href":"https:\/\/noti-america.com\/site\/principal\/wp-json\/wp\/v2\/posts"}],"about":[{"href":"https:\/\/noti-america.com\/site\/principal\/wp-json\/wp\/v2\/types\/post"}],"author":[{"embeddable":true,"href":"https:\/\/noti-america.com\/site\/principal\/wp-json\/wp\/v2\/users\/2"}],"replies":[{"embeddable":true,"href":"https:\/\/noti-america.com\/site\/principal\/wp-json\/wp\/v2\/comments?post=21830"}],"version-history":[{"count":1,"href":"https:\/\/noti-america.com\/site\/principal\/wp-json\/wp\/v2\/posts\/21830\/revisions"}],"predecessor-version":[{"id":21832,"href":"https:\/\/noti-america.com\/site\/principal\/wp-json\/wp\/v2\/posts\/21830\/revisions\/21832"}],"wp:featuredmedia":[{"embeddable":true,"href":"https:\/\/noti-america.com\/site\/principal\/wp-json\/wp\/v2\/media\/21831"}],"wp:attachment":[{"href":"https:\/\/noti-america.com\/site\/principal\/wp-json\/wp\/v2\/media?parent=21830"}],"wp:term":[{"taxonomy":"category","embeddable":true,"href":"https:\/\/noti-america.com\/site\/principal\/wp-json\/wp\/v2\/categories?post=21830"},{"taxonomy":"post_tag","embeddable":true,"href":"https:\/\/noti-america.com\/site\/principal\/wp-json\/wp\/v2\/tags?post=21830"}],"curies":[{"name":"wp","href":"https:\/\/api.w.org\/{rel}","templated":true}]}}