{"id":21721,"date":"2022-12-05T10:54:00","date_gmt":"2022-12-05T14:54:00","guid":{"rendered":"https:\/\/noti-america.com\/site\/principal\/?p=21721"},"modified":"2022-12-05T10:54:00","modified_gmt":"2022-12-05T14:54:00","slug":"la-policia-de-la-moral-sigue-activa-y-continuan-las-leyes-sobre-el-hiyab-en-iran","status":"publish","type":"post","link":"https:\/\/noti-america.com\/site\/principal\/2022\/12\/05\/la-policia-de-la-moral-sigue-activa-y-continuan-las-leyes-sobre-el-hiyab-en-iran\/","title":{"rendered":"La Polic\u00eda de la Moral sigue activa y contin\u00faan las leyes sobre el hiyab en Ir\u00e1n"},"content":{"rendered":"<p>NOTI-AMERICA.COM | TEXAS<\/p>\n<p>www.atalayar.com<\/p>\n<div class=\"post-top\">\n<h1 class=\"post-title\">La Polic\u00eda de la Moral sigue activa y contin\u00faan las leyes sobre el hiyab en Ir\u00e1n<\/h1>\n<div class=\"field field--name-field-subtitulo field--type-string field--label-hidden field__item\">A pesar de que no hay ninguna declaraci\u00f3n oficial por parte del r\u00e9gimen, en Occidente se habla de la \u201cabolici\u00f3n\u201d de la fuerza iran\u00ed. Mientras, los manifestantes convocan tres d\u00edas de huelga<\/div>\n<div class=\"field field--name-field-autor field--type-entity-reference field--label-hidden field__item\"><a href=\"https:\/\/atalayar.com\/autores\/margarita-arredondas-0\" hreflang=\"es\">Margarita Arredondas<\/a><\/div>\n<\/div>\n<div class=\"post-thumbnail\">\n<div class=\"field field--name-field-image field--type-image field--label-hidden field__item\"><img decoding=\"async\" src=\"https:\/\/atalayar.com\/sites\/default\/files\/styles\/foto_\/public\/noticias\/iran-protestas_2.jpg?itok=TtChbmZB\" alt=\"iran-protestas\" \/><\/div>\n<div class=\"pie-foto\">\n<p><strong>AFP\/ ATTA KENARE\u00a0<\/strong>\u00a0&#8211; \u00a0 Ir\u00e1n ha endurecido las normas de vestimenta de las mujeres desde la toma de poder del actual presidente, el cl\u00e9rigo Ebrahim Raisi<\/p>\n<\/div>\n<\/div>\n<div class=\"post-content\">\n<div class=\"node__content clearfix\">\n<div class=\"field field--name-body field--type-text-with-summary field--label-hidden field__item\">\n<p>Unas ambiguas declaraciones del fiscal general de Ir\u00e1n, Mohammad Jafar Montazeri, han creado falsas esperanzas cuando las protestas en el pa\u00eds entran en su tercer mes. Montazeri se\u00f1al\u00f3 que la Polic\u00eda de la Moral -la fuerza responsable de la muerte de la joven kurda Mahsa Amini- no ten\u00eda nada que ver con el poder judicial, agregando que hab\u00eda sido \u201cabolida por quienes la crearon\u201d. No obstante,\u00a0<strong>no ha habido confirmaci\u00f3n oficial por parte de las autoridades iran\u00edes<\/strong>.<\/p>\n<p><strong>\u201cLas declaraciones citadas en la prensa no equivalen a un cambio de pol\u00edtica\u201d<\/strong>, escribe en Twitter Borzou Daragahi, corresponsal de\u00a0<em>The Independent<\/em>. El periodista iran\u00ed-estadounidense se\u00f1ala que las afirmaciones del fiscal general \u201cpueden sugerir que el poder judicial quiere desvincularse\u201d de la polic\u00eda de la moral.<\/p>\n<div class=\"twitter-tweet twitter-tweet-rendered\"><iframe id=\"twitter-widget-0\" class=\"\" title=\"Twitter Tweet\" src=\"https:\/\/platform.twitter.com\/embed\/Tweet.html?dnt=false&amp;embedId=twitter-widget-0&amp;features=eyJ0ZndfdGltZWxpbmVfbGlzdCI6eyJidWNrZXQiOlsibGlua3RyLmVlIiwidHIuZWUiLCJ0ZXJyYS5jb20uYnIiLCJ3d3cubGlua3RyLmVlIiwid3d3LnRyLmVlIiwid3d3LnRlcnJhLmNvbS5iciJdLCJ2ZXJzaW9uIjpudWxsfSwidGZ3X2hvcml6b25fdGltZWxpbmVfMTIwMzQiOnsiYnVja2V0IjoidHJlYXRtZW50IiwidmVyc2lvbiI6bnVsbH0sInRmd190d2VldF9lZGl0X2JhY2tlbmQiOnsiYnVja2V0Ijoib24iLCJ2ZXJzaW9uIjpudWxsfSwidGZ3X3JlZnNyY19zZXNzaW9uIjp7ImJ1Y2tldCI6Im9uIiwidmVyc2lvbiI6bnVsbH0sInRmd19zaG93X2J1c2luZXNzX3ZlcmlmaWVkX2JhZGdlIjp7ImJ1Y2tldCI6Im9mZiIsInZlcnNpb24iOm51bGx9LCJ0ZndfY2hpbl9waWxsc18xNDc0MSI6eyJidWNrZXQiOiJjb2xvcl9pY29ucyIsInZlcnNpb24iOm51bGx9LCJ0ZndfdHdlZXRfcmVzdWx0X21pZ3JhdGlvbl8xMzk3OSI6eyJidWNrZXQiOiJ0d2VldF9yZXN1bHQiLCJ2ZXJzaW9uIjpudWxsfSwidGZ3X3NlbnNpdGl2ZV9tZWRpYV9pbnRlcnN0aXRpYWxfMTM5NjMiOnsiYnVja2V0IjoiaW50ZXJzdGl0aWFsIiwidmVyc2lvbiI6bnVsbH0sInRmd19leHBlcmltZW50c19jb29raWVfZXhwaXJhdGlvbiI6eyJidWNrZXQiOjEyMDk2MDAsInZlcnNpb24iOm51bGx9LCJ0ZndfZHVwbGljYXRlX3NjcmliZXNfdG9fc2V0dGluZ3MiOnsiYnVja2V0Ijoib24iLCJ2ZXJzaW9uIjpudWxsfSwidGZ3X3ZpZGVvX2hsc19keW5hbWljX21hbmlmZXN0c18xNTA4MiI6eyJidWNrZXQiOiJ0cnVlX2JpdHJhdGUiLCJ2ZXJzaW9uIjpudWxsfSwidGZ3X3Nob3dfYmx1ZV92ZXJpZmllZF9iYWRnZSI6eyJidWNrZXQiOiJvbiIsInZlcnNpb24iOm51bGx9LCJ0ZndfdHdlZXRfZWRpdF9mcm9udGVuZCI6eyJidWNrZXQiOiJvbiIsInZlcnNpb24iOm51bGx9fQ%3D%3D&amp;frame=false&amp;hideCard=false&amp;hideThread=false&amp;id=1599721629205962752&amp;lang=es&amp;origin=https%3A%2F%2Fatalayar.com%2Fcontent%2Fla-policia-de-la-moral-sigue-activa-y-continuan-las-leyes-sobre-el-hiyab-en-iran&amp;sessionId=f03ac906cb175ab16b54053d7e24b29999735d8f&amp;siteScreenName=Atalayar_&amp;theme=light&amp;widgetsVersion=a3525f077c700%3A1667415560940&amp;width=550px\" frameborder=\"0\" scrolling=\"no\" allowfullscreen=\"allowfullscreen\" data-tweet-id=\"1599721629205962752\" data-mce-fragment=\"1\"><\/iframe><\/div>\n<p>Durante su discurso en la ciudad santa de Qom, Montazeri destac\u00f3 que el poder judicial seguir\u00eda\u00a0<strong>\u201csupervisando el comportamiento de la sociedad\u201d<\/strong>. Igualmente, record\u00f3 que la vestimenta de las mujeres segu\u00eda siendo \u201cmuy importante\u201d, especialmente en Qom.<\/p>\n<p>\u201cEl mal uso del hiyab en el pa\u00eds, especialmente en la ciudad santa de Qom, es una de las principales preocupaciones del poder judicial, as\u00ed como de nuestra sociedad revolucionaria\u201d, indic\u00f3 Montazeri, quien tambi\u00e9n anunci\u00f3 que \u201cel Parlamento y el poder judicial estaban trabajando\u201d en la\u00a0<strong>cuesti\u00f3n del velo obligatorio<\/strong>, sin dar m\u00e1s detalles.<\/p>\n<div class=\"twitter-tweet twitter-tweet-rendered\"><iframe id=\"twitter-widget-1\" class=\"\" title=\"Twitter Tweet\" src=\"https:\/\/platform.twitter.com\/embed\/Tweet.html?dnt=false&amp;embedId=twitter-widget-1&amp;features=eyJ0ZndfdGltZWxpbmVfbGlzdCI6eyJidWNrZXQiOlsibGlua3RyLmVlIiwidHIuZWUiLCJ0ZXJyYS5jb20uYnIiLCJ3d3cubGlua3RyLmVlIiwid3d3LnRyLmVlIiwid3d3LnRlcnJhLmNvbS5iciJdLCJ2ZXJzaW9uIjpudWxsfSwidGZ3X2hvcml6b25fdGltZWxpbmVfMTIwMzQiOnsiYnVja2V0IjoidHJlYXRtZW50IiwidmVyc2lvbiI6bnVsbH0sInRmd190d2VldF9lZGl0X2JhY2tlbmQiOnsiYnVja2V0Ijoib24iLCJ2ZXJzaW9uIjpudWxsfSwidGZ3X3JlZnNyY19zZXNzaW9uIjp7ImJ1Y2tldCI6Im9uIiwidmVyc2lvbiI6bnVsbH0sInRmd19zaG93X2J1c2luZXNzX3ZlcmlmaWVkX2JhZGdlIjp7ImJ1Y2tldCI6Im9mZiIsInZlcnNpb24iOm51bGx9LCJ0ZndfY2hpbl9waWxsc18xNDc0MSI6eyJidWNrZXQiOiJjb2xvcl9pY29ucyIsInZlcnNpb24iOm51bGx9LCJ0ZndfdHdlZXRfcmVzdWx0X21pZ3JhdGlvbl8xMzk3OSI6eyJidWNrZXQiOiJ0d2VldF9yZXN1bHQiLCJ2ZXJzaW9uIjpudWxsfSwidGZ3X3NlbnNpdGl2ZV9tZWRpYV9pbnRlcnN0aXRpYWxfMTM5NjMiOnsiYnVja2V0IjoiaW50ZXJzdGl0aWFsIiwidmVyc2lvbiI6bnVsbH0sInRmd19leHBlcmltZW50c19jb29raWVfZXhwaXJhdGlvbiI6eyJidWNrZXQiOjEyMDk2MDAsInZlcnNpb24iOm51bGx9LCJ0ZndfZHVwbGljYXRlX3NjcmliZXNfdG9fc2V0dGluZ3MiOnsiYnVja2V0Ijoib24iLCJ2ZXJzaW9uIjpudWxsfSwidGZ3X3ZpZGVvX2hsc19keW5hbWljX21hbmlmZXN0c18xNTA4MiI6eyJidWNrZXQiOiJ0cnVlX2JpdHJhdGUiLCJ2ZXJzaW9uIjpudWxsfSwidGZ3X3Nob3dfYmx1ZV92ZXJpZmllZF9iYWRnZSI6eyJidWNrZXQiOiJvbiIsInZlcnNpb24iOm51bGx9LCJ0ZndfdHdlZXRfZWRpdF9mcm9udGVuZCI6eyJidWNrZXQiOiJvbiIsInZlcnNpb24iOm51bGx9fQ%3D%3D&amp;frame=false&amp;hideCard=false&amp;hideThread=false&amp;id=1598554779424260098&amp;lang=es&amp;origin=https%3A%2F%2Fatalayar.com%2Fcontent%2Fla-policia-de-la-moral-sigue-activa-y-continuan-las-leyes-sobre-el-hiyab-en-iran&amp;sessionId=f03ac906cb175ab16b54053d7e24b29999735d8f&amp;siteScreenName=Atalayar_&amp;theme=light&amp;widgetsVersion=a3525f077c700%3A1667415560940&amp;width=550px\" frameborder=\"0\" scrolling=\"no\" allowfullscreen=\"allowfullscreen\" data-tweet-id=\"1598554779424260098\" data-mce-fragment=\"1\"><\/iframe><\/div>\n<p>Tras las palabras del fiscal general, numerosos medios de comunicaci\u00f3n occidentales comenzaron a hablar de la abolici\u00f3n o el fin de la Polic\u00eda de la Moral, celebrando este hecho y consider\u00e1ndolo una concesi\u00f3n del r\u00e9gimen m\u00e1s de 2 meses despu\u00e9s de protestas. Sin embargo, analistas e iran\u00edes subrayan que\u00a0<strong>no hay declaraci\u00f3n oficial ni evidencias de que la fuerza sea desmantelada<\/strong>.<\/p>\n<p>\u201cNo hay pruebas suficientes en este momento para indicar que el r\u00e9gimen iran\u00ed est\u00e1 eliminado su conocida polic\u00eda de la moral o retrocediendo en la cuesti\u00f3n del hiyab obligatorio\u201d, se\u00f1ala en su cuenta de Twitter Shayan Sardarizadeh, periodista de la\u00a0<em>BBC\u00a0<\/em>especializado en analizar desinformaci\u00f3n. Sardarizadeh recalca que\u00a0<strong>\u201ctodas las leyes obligatorias sobre el hiyab siguen vigentes y las autoridades se encargan de hacer que se cumplan\u201d<\/strong>.<\/p>\n<div class=\"twitter-tweet twitter-tweet-rendered\"><iframe id=\"twitter-widget-2\" class=\"\" title=\"Twitter Tweet\" src=\"https:\/\/platform.twitter.com\/embed\/Tweet.html?dnt=false&amp;embedId=twitter-widget-2&amp;features=eyJ0ZndfdGltZWxpbmVfbGlzdCI6eyJidWNrZXQiOlsibGlua3RyLmVlIiwidHIuZWUiLCJ0ZXJyYS5jb20uYnIiLCJ3d3cubGlua3RyLmVlIiwid3d3LnRyLmVlIiwid3d3LnRlcnJhLmNvbS5iciJdLCJ2ZXJzaW9uIjpudWxsfSwidGZ3X2hvcml6b25fdGltZWxpbmVfMTIwMzQiOnsiYnVja2V0IjoidHJlYXRtZW50IiwidmVyc2lvbiI6bnVsbH0sInRmd190d2VldF9lZGl0X2JhY2tlbmQiOnsiYnVja2V0Ijoib24iLCJ2ZXJzaW9uIjpudWxsfSwidGZ3X3JlZnNyY19zZXNzaW9uIjp7ImJ1Y2tldCI6Im9uIiwidmVyc2lvbiI6bnVsbH0sInRmd19zaG93X2J1c2luZXNzX3ZlcmlmaWVkX2JhZGdlIjp7ImJ1Y2tldCI6Im9mZiIsInZlcnNpb24iOm51bGx9LCJ0ZndfY2hpbl9waWxsc18xNDc0MSI6eyJidWNrZXQiOiJjb2xvcl9pY29ucyIsInZlcnNpb24iOm51bGx9LCJ0ZndfdHdlZXRfcmVzdWx0X21pZ3JhdGlvbl8xMzk3OSI6eyJidWNrZXQiOiJ0d2VldF9yZXN1bHQiLCJ2ZXJzaW9uIjpudWxsfSwidGZ3X3NlbnNpdGl2ZV9tZWRpYV9pbnRlcnN0aXRpYWxfMTM5NjMiOnsiYnVja2V0IjoiaW50ZXJzdGl0aWFsIiwidmVyc2lvbiI6bnVsbH0sInRmd19leHBlcmltZW50c19jb29raWVfZXhwaXJhdGlvbiI6eyJidWNrZXQiOjEyMDk2MDAsInZlcnNpb24iOm51bGx9LCJ0ZndfZHVwbGljYXRlX3NjcmliZXNfdG9fc2V0dGluZ3MiOnsiYnVja2V0Ijoib24iLCJ2ZXJzaW9uIjpudWxsfSwidGZ3X3ZpZGVvX2hsc19keW5hbWljX21hbmlmZXN0c18xNTA4MiI6eyJidWNrZXQiOiJ0cnVlX2JpdHJhdGUiLCJ2ZXJzaW9uIjpudWxsfSwidGZ3X3Nob3dfYmx1ZV92ZXJpZmllZF9iYWRnZSI6eyJidWNrZXQiOiJvbiIsInZlcnNpb24iOm51bGx9LCJ0ZndfdHdlZXRfZWRpdF9mcm9udGVuZCI6eyJidWNrZXQiOiJvbiIsInZlcnNpb24iOm51bGx9fQ%3D%3D&amp;frame=false&amp;hideCard=false&amp;hideThread=false&amp;id=1599422575473397762&amp;lang=es&amp;origin=https%3A%2F%2Fatalayar.com%2Fcontent%2Fla-policia-de-la-moral-sigue-activa-y-continuan-las-leyes-sobre-el-hiyab-en-iran&amp;sessionId=f03ac906cb175ab16b54053d7e24b29999735d8f&amp;siteScreenName=Atalayar_&amp;theme=light&amp;widgetsVersion=a3525f077c700%3A1667415560940&amp;width=550px\" frameborder=\"0\" scrolling=\"no\" allowfullscreen=\"allowfullscreen\" data-tweet-id=\"1599422575473397762\" data-mce-fragment=\"1\"><\/iframe><\/div>\n<p>Algo similar comenta Nil\u00fafar Saberi, activista iran\u00ed, a\u00a0<em>Atalayar<\/em>.\u00a0<strong>\u201cDesde Ir\u00e1n nos dijeron que se hab\u00eda disuelto la unidad de la Polic\u00eda de la Moral, pero no as\u00ed sus funciones\u201d<\/strong>. Saberi explica que sus funciones se han repartido entre las milicias basij y que \u201csigue la hostilidad contra la poblaci\u00f3n\u201d.<\/p>\n<p><strong>Incluso los medios estatales iran\u00edes han negado el fin de la fuerza<\/strong>. \u201cNing\u00fan funcionario de la Rep\u00fablica Isl\u00e1mica ha dicho que la polic\u00eda de la moral ha sido clausurada\u201d, inform\u00f3\u00a0<em>Al-Alam<\/em>. \u201cAlgunos medios extranjeros han intentado interpretar estas palabras del fiscal general como que la Rep\u00fablica Isl\u00e1mica retira el hiyab y la modestia, afirmando que se debe a los recientes disturbios\u201d, a\u00f1ade el canal de televisi\u00f3n iran\u00ed.<\/p>\n<div class=\"ladillo\">\u201cSignos de desesperaci\u00f3n\u201d por parte del r\u00e9gimen<\/div>\n<p>Masih Alinejad, una famosa periodista y activista iran\u00ed, tambi\u00e9n ha pedido a los medios occidentales que no caigan \u201cen las mentiras del r\u00e9gimen isl\u00e1mico\u201d.<strong>\u00a0\u201c\u00bfPor qu\u00e9 no se ha realizado una comprobaci\u00f3n adecuada de los hechos?\u201d<\/strong>, se pregunt\u00f3 Alinejad en Twitter.<\/p>\n<div class=\"twitter-tweet twitter-tweet-rendered\"><iframe id=\"twitter-widget-3\" class=\"\" title=\"Twitter Tweet\" src=\"https:\/\/platform.twitter.com\/embed\/Tweet.html?dnt=false&amp;embedId=twitter-widget-3&amp;features=eyJ0ZndfdGltZWxpbmVfbGlzdCI6eyJidWNrZXQiOlsibGlua3RyLmVlIiwidHIuZWUiLCJ0ZXJyYS5jb20uYnIiLCJ3d3cubGlua3RyLmVlIiwid3d3LnRyLmVlIiwid3d3LnRlcnJhLmNvbS5iciJdLCJ2ZXJzaW9uIjpudWxsfSwidGZ3X2hvcml6b25fdGltZWxpbmVfMTIwMzQiOnsiYnVja2V0IjoidHJlYXRtZW50IiwidmVyc2lvbiI6bnVsbH0sInRmd190d2VldF9lZGl0X2JhY2tlbmQiOnsiYnVja2V0Ijoib24iLCJ2ZXJzaW9uIjpudWxsfSwidGZ3X3JlZnNyY19zZXNzaW9uIjp7ImJ1Y2tldCI6Im9uIiwidmVyc2lvbiI6bnVsbH0sInRmd19zaG93X2J1c2luZXNzX3ZlcmlmaWVkX2JhZGdlIjp7ImJ1Y2tldCI6Im9mZiIsInZlcnNpb24iOm51bGx9LCJ0ZndfY2hpbl9waWxsc18xNDc0MSI6eyJidWNrZXQiOiJjb2xvcl9pY29ucyIsInZlcnNpb24iOm51bGx9LCJ0ZndfdHdlZXRfcmVzdWx0X21pZ3JhdGlvbl8xMzk3OSI6eyJidWNrZXQiOiJ0d2VldF9yZXN1bHQiLCJ2ZXJzaW9uIjpudWxsfSwidGZ3X3NlbnNpdGl2ZV9tZWRpYV9pbnRlcnN0aXRpYWxfMTM5NjMiOnsiYnVja2V0IjoiaW50ZXJzdGl0aWFsIiwidmVyc2lvbiI6bnVsbH0sInRmd19leHBlcmltZW50c19jb29raWVfZXhwaXJhdGlvbiI6eyJidWNrZXQiOjEyMDk2MDAsInZlcnNpb24iOm51bGx9LCJ0ZndfZHVwbGljYXRlX3NjcmliZXNfdG9fc2V0dGluZ3MiOnsiYnVja2V0Ijoib24iLCJ2ZXJzaW9uIjpudWxsfSwidGZ3X3ZpZGVvX2hsc19keW5hbWljX21hbmlmZXN0c18xNTA4MiI6eyJidWNrZXQiOiJ0cnVlX2JpdHJhdGUiLCJ2ZXJzaW9uIjpudWxsfSwidGZ3X3Nob3dfYmx1ZV92ZXJpZmllZF9iYWRnZSI6eyJidWNrZXQiOiJvbiIsInZlcnNpb24iOm51bGx9LCJ0ZndfdHdlZXRfZWRpdF9mcm9udGVuZCI6eyJidWNrZXQiOiJvbiIsInZlcnNpb24iOm51bGx9fQ%3D%3D&amp;frame=false&amp;hideCard=false&amp;hideThread=false&amp;id=1599393507503841280&amp;lang=es&amp;origin=https%3A%2F%2Fatalayar.com%2Fcontent%2Fla-policia-de-la-moral-sigue-activa-y-continuan-las-leyes-sobre-el-hiyab-en-iran&amp;sessionId=f03ac906cb175ab16b54053d7e24b29999735d8f&amp;siteScreenName=Atalayar_&amp;theme=light&amp;widgetsVersion=a3525f077c700%3A1667415560940&amp;width=550px\" frameborder=\"0\" scrolling=\"no\" allowfullscreen=\"allowfullscreen\" data-tweet-id=\"1599393507503841280\" data-mce-fragment=\"1\"><\/iframe><\/div>\n<p>Para la activista, todo esto responde a \u201cpropaganda del r\u00e9gimen para calmar las revueltas\u201d.<br \/>\nAlinejad recuerda que\u00a0<strong>\u201ccuando las dictaduras tienen problemas, difunden propaganda\u201d<\/strong>. En este sentido, tambi\u00e9n a\u00f1adi\u00f3 que en 2017 el r\u00e9gimen afirm\u00f3 que la polic\u00eda de la moral dejar\u00eda de detener a las mujeres por cuestiones relacionadas con el hiyab. Sin embargo, el pasado mes de septiembre arrest\u00f3 y mat\u00f3 a Mahsa Amini por llevar mal colocado el velo isl\u00e1mico.<\/p>\n<p>En esto coincide Saberi, que califica las \u00faltimas declaraciones como \u201cuna cortina de humo\u201d y un \u201clavado de cara\u201d que tienen como objetivo<strong>\u00a0calmar la opini\u00f3n p\u00fablica internacional<\/strong>\u00a0y las protestas internas.<\/p>\n<div class=\"twitter-tweet twitter-tweet-rendered\"><iframe id=\"twitter-widget-4\" class=\"\" title=\"Twitter Tweet\" src=\"https:\/\/platform.twitter.com\/embed\/Tweet.html?dnt=false&amp;embedId=twitter-widget-4&amp;features=eyJ0ZndfdGltZWxpbmVfbGlzdCI6eyJidWNrZXQiOlsibGlua3RyLmVlIiwidHIuZWUiLCJ0ZXJyYS5jb20uYnIiLCJ3d3cubGlua3RyLmVlIiwid3d3LnRyLmVlIiwid3d3LnRlcnJhLmNvbS5iciJdLCJ2ZXJzaW9uIjpudWxsfSwidGZ3X2hvcml6b25fdGltZWxpbmVfMTIwMzQiOnsiYnVja2V0IjoidHJlYXRtZW50IiwidmVyc2lvbiI6bnVsbH0sInRmd190d2VldF9lZGl0X2JhY2tlbmQiOnsiYnVja2V0Ijoib24iLCJ2ZXJzaW9uIjpudWxsfSwidGZ3X3JlZnNyY19zZXNzaW9uIjp7ImJ1Y2tldCI6Im9uIiwidmVyc2lvbiI6bnVsbH0sInRmd19zaG93X2J1c2luZXNzX3ZlcmlmaWVkX2JhZGdlIjp7ImJ1Y2tldCI6Im9mZiIsInZlcnNpb24iOm51bGx9LCJ0ZndfY2hpbl9waWxsc18xNDc0MSI6eyJidWNrZXQiOiJjb2xvcl9pY29ucyIsInZlcnNpb24iOm51bGx9LCJ0ZndfdHdlZXRfcmVzdWx0X21pZ3JhdGlvbl8xMzk3OSI6eyJidWNrZXQiOiJ0d2VldF9yZXN1bHQiLCJ2ZXJzaW9uIjpudWxsfSwidGZ3X3NlbnNpdGl2ZV9tZWRpYV9pbnRlcnN0aXRpYWxfMTM5NjMiOnsiYnVja2V0IjoiaW50ZXJzdGl0aWFsIiwidmVyc2lvbiI6bnVsbH0sInRmd19leHBlcmltZW50c19jb29raWVfZXhwaXJhdGlvbiI6eyJidWNrZXQiOjEyMDk2MDAsInZlcnNpb24iOm51bGx9LCJ0ZndfZHVwbGljYXRlX3NjcmliZXNfdG9fc2V0dGluZ3MiOnsiYnVja2V0Ijoib24iLCJ2ZXJzaW9uIjpudWxsfSwidGZ3X3ZpZGVvX2hsc19keW5hbWljX21hbmlmZXN0c18xNTA4MiI6eyJidWNrZXQiOiJ0cnVlX2JpdHJhdGUiLCJ2ZXJzaW9uIjpudWxsfSwidGZ3X3Nob3dfYmx1ZV92ZXJpZmllZF9iYWRnZSI6eyJidWNrZXQiOiJvbiIsInZlcnNpb24iOm51bGx9LCJ0ZndfdHdlZXRfZWRpdF9mcm9udGVuZCI6eyJidWNrZXQiOiJvbiIsInZlcnNpb24iOm51bGx9fQ%3D%3D&amp;frame=false&amp;hideCard=false&amp;hideThread=false&amp;id=1599716466248790016&amp;lang=es&amp;origin=https%3A%2F%2Fatalayar.com%2Fcontent%2Fla-policia-de-la-moral-sigue-activa-y-continuan-las-leyes-sobre-el-hiyab-en-iran&amp;sessionId=f03ac906cb175ab16b54053d7e24b29999735d8f&amp;siteScreenName=Atalayar_&amp;theme=light&amp;widgetsVersion=a3525f077c700%3A1667415560940&amp;width=550px\" frameborder=\"0\" scrolling=\"no\" allowfullscreen=\"allowfullscreen\" data-tweet-id=\"1599716466248790016\" data-mce-fragment=\"1\"><\/iframe><\/div>\n<p>Muchos medios de comunicaci\u00f3n tambi\u00e9n han comenzado a hablar de \u201cvictoria\u201d, algo que, de acuerdo con Alinejad es incorrecto, ya que<strong>\u00a0\u201clos iran\u00edes no solo est\u00e1n pidiendo el fin de la polic\u00eda de la moral, quieren acabar con este r\u00e9gimen\u201d<\/strong>. Por otro lado, la activista reconoce que las declaraciones de Montazeri<strong>\u00a0\u201cmuestra el miedo del r\u00e9gimen\u201d<\/strong>, mientras que sus \u201cpromesas vac\u00edas\u201d son\u00a0<strong>\u201cun signo de desesperaci\u00f3n\u201d<\/strong>.<\/p>\n<div class=\"twitter-tweet twitter-tweet-rendered\"><iframe id=\"twitter-widget-5\" class=\"\" title=\"Twitter Tweet\" src=\"https:\/\/platform.twitter.com\/embed\/Tweet.html?dnt=false&amp;embedId=twitter-widget-5&amp;features=eyJ0ZndfdGltZWxpbmVfbGlzdCI6eyJidWNrZXQiOlsibGlua3RyLmVlIiwidHIuZWUiLCJ0ZXJyYS5jb20uYnIiLCJ3d3cubGlua3RyLmVlIiwid3d3LnRyLmVlIiwid3d3LnRlcnJhLmNvbS5iciJdLCJ2ZXJzaW9uIjpudWxsfSwidGZ3X2hvcml6b25fdGltZWxpbmVfMTIwMzQiOnsiYnVja2V0IjoidHJlYXRtZW50IiwidmVyc2lvbiI6bnVsbH0sInRmd190d2VldF9lZGl0X2JhY2tlbmQiOnsiYnVja2V0Ijoib24iLCJ2ZXJzaW9uIjpudWxsfSwidGZ3X3JlZnNyY19zZXNzaW9uIjp7ImJ1Y2tldCI6Im9uIiwidmVyc2lvbiI6bnVsbH0sInRmd19zaG93X2J1c2luZXNzX3ZlcmlmaWVkX2JhZGdlIjp7ImJ1Y2tldCI6Im9mZiIsInZlcnNpb24iOm51bGx9LCJ0ZndfY2hpbl9waWxsc18xNDc0MSI6eyJidWNrZXQiOiJjb2xvcl9pY29ucyIsInZlcnNpb24iOm51bGx9LCJ0ZndfdHdlZXRfcmVzdWx0X21pZ3JhdGlvbl8xMzk3OSI6eyJidWNrZXQiOiJ0d2VldF9yZXN1bHQiLCJ2ZXJzaW9uIjpudWxsfSwidGZ3X3NlbnNpdGl2ZV9tZWRpYV9pbnRlcnN0aXRpYWxfMTM5NjMiOnsiYnVja2V0IjoiaW50ZXJzdGl0aWFsIiwidmVyc2lvbiI6bnVsbH0sInRmd19leHBlcmltZW50c19jb29raWVfZXhwaXJhdGlvbiI6eyJidWNrZXQiOjEyMDk2MDAsInZlcnNpb24iOm51bGx9LCJ0ZndfZHVwbGljYXRlX3NjcmliZXNfdG9fc2V0dGluZ3MiOnsiYnVja2V0Ijoib24iLCJ2ZXJzaW9uIjpudWxsfSwidGZ3X3ZpZGVvX2hsc19keW5hbWljX21hbmlmZXN0c18xNTA4MiI6eyJidWNrZXQiOiJ0cnVlX2JpdHJhdGUiLCJ2ZXJzaW9uIjpudWxsfSwidGZ3X3Nob3dfYmx1ZV92ZXJpZmllZF9iYWRnZSI6eyJidWNrZXQiOiJvbiIsInZlcnNpb24iOm51bGx9LCJ0ZndfdHdlZXRfZWRpdF9mcm9udGVuZCI6eyJidWNrZXQiOiJvbiIsInZlcnNpb24iOm51bGx9fQ%3D%3D&amp;frame=false&amp;hideCard=false&amp;hideThread=true&amp;id=1599613132690767872&amp;lang=es&amp;origin=https%3A%2F%2Fatalayar.com%2Fcontent%2Fla-policia-de-la-moral-sigue-activa-y-continuan-las-leyes-sobre-el-hiyab-en-iran&amp;sessionId=f03ac906cb175ab16b54053d7e24b29999735d8f&amp;siteScreenName=Atalayar_&amp;theme=light&amp;widgetsVersion=a3525f077c700%3A1667415560940&amp;width=550px\" frameborder=\"0\" scrolling=\"no\" allowfullscreen=\"allowfullscreen\" data-tweet-id=\"1599613132690767872\" data-mce-fragment=\"1\"><\/iframe><\/div>\n<p>Las exigencias de los iran\u00edes van\u00a0<strong>m\u00e1s all\u00e1 de la Polic\u00eda de la Moral y la obligaci\u00f3n del velo isl\u00e1mico<\/strong>, algo que llevan subrayando desde que comenzaron las protestas. \u201cQueremos un sistema de Gobierno democr\u00e1tico y laico. Ya da igual lo que hagan las autoridades islamistas, el pueblo iran\u00ed no nos vamos a conformar\u201d, indica Saberi.\u00a0<strong>\u201cLa \u00fanica soluci\u00f3n para el pueblo iran\u00ed es el fin del Gobierno extremista islamista\u201d<\/strong>, a\u00f1ade.<\/p>\n<div class=\"twitter-tweet twitter-tweet-rendered\"><iframe id=\"twitter-widget-6\" class=\"\" title=\"Twitter Tweet\" src=\"https:\/\/platform.twitter.com\/embed\/Tweet.html?dnt=false&amp;embedId=twitter-widget-6&amp;features=eyJ0ZndfdGltZWxpbmVfbGlzdCI6eyJidWNrZXQiOlsibGlua3RyLmVlIiwidHIuZWUiLCJ0ZXJyYS5jb20uYnIiLCJ3d3cubGlua3RyLmVlIiwid3d3LnRyLmVlIiwid3d3LnRlcnJhLmNvbS5iciJdLCJ2ZXJzaW9uIjpudWxsfSwidGZ3X2hvcml6b25fdGltZWxpbmVfMTIwMzQiOnsiYnVja2V0IjoidHJlYXRtZW50IiwidmVyc2lvbiI6bnVsbH0sInRmd190d2VldF9lZGl0X2JhY2tlbmQiOnsiYnVja2V0Ijoib24iLCJ2ZXJzaW9uIjpudWxsfSwidGZ3X3JlZnNyY19zZXNzaW9uIjp7ImJ1Y2tldCI6Im9uIiwidmVyc2lvbiI6bnVsbH0sInRmd19zaG93X2J1c2luZXNzX3ZlcmlmaWVkX2JhZGdlIjp7ImJ1Y2tldCI6Im9mZiIsInZlcnNpb24iOm51bGx9LCJ0ZndfY2hpbl9waWxsc18xNDc0MSI6eyJidWNrZXQiOiJjb2xvcl9pY29ucyIsInZlcnNpb24iOm51bGx9LCJ0ZndfdHdlZXRfcmVzdWx0X21pZ3JhdGlvbl8xMzk3OSI6eyJidWNrZXQiOiJ0d2VldF9yZXN1bHQiLCJ2ZXJzaW9uIjpudWxsfSwidGZ3X3NlbnNpdGl2ZV9tZWRpYV9pbnRlcnN0aXRpYWxfMTM5NjMiOnsiYnVja2V0IjoiaW50ZXJzdGl0aWFsIiwidmVyc2lvbiI6bnVsbH0sInRmd19leHBlcmltZW50c19jb29raWVfZXhwaXJhdGlvbiI6eyJidWNrZXQiOjEyMDk2MDAsInZlcnNpb24iOm51bGx9LCJ0ZndfZHVwbGljYXRlX3NjcmliZXNfdG9fc2V0dGluZ3MiOnsiYnVja2V0Ijoib24iLCJ2ZXJzaW9uIjpudWxsfSwidGZ3X3ZpZGVvX2hsc19keW5hbWljX21hbmlmZXN0c18xNTA4MiI6eyJidWNrZXQiOiJ0cnVlX2JpdHJhdGUiLCJ2ZXJzaW9uIjpudWxsfSwidGZ3X3Nob3dfYmx1ZV92ZXJpZmllZF9iYWRnZSI6eyJidWNrZXQiOiJvbiIsInZlcnNpb24iOm51bGx9LCJ0ZndfdHdlZXRfZWRpdF9mcm9udGVuZCI6eyJidWNrZXQiOiJvbiIsInZlcnNpb24iOm51bGx9fQ%3D%3D&amp;frame=false&amp;hideCard=false&amp;hideThread=false&amp;id=1599716399659638785&amp;lang=es&amp;origin=https%3A%2F%2Fatalayar.com%2Fcontent%2Fla-policia-de-la-moral-sigue-activa-y-continuan-las-leyes-sobre-el-hiyab-en-iran&amp;sessionId=f03ac906cb175ab16b54053d7e24b29999735d8f&amp;siteScreenName=Atalayar_&amp;theme=light&amp;widgetsVersion=a3525f077c700%3A1667415560940&amp;width=550px\" frameborder=\"0\" scrolling=\"no\" allowfullscreen=\"allowfullscreen\" data-tweet-id=\"1599716399659638785\" data-mce-fragment=\"1\"><\/iframe><\/div>\n<div class=\"ladillo\">Tres d\u00edas de huelga<\/div>\n<p>Los intentos del r\u00e9gimen por calmar las protestas no han dado sus frutos. Los manifestantes han convocado una huelga de tres d\u00edas durante esta semana con el objetivo de\u00a0<strong>mantener la presi\u00f3n contra las autoridades<\/strong>. En redes sociales han circulado v\u00eddeos e im\u00e1genes de comercios cerrados en lugares como el Bazar de Teher\u00e1n o en otras ciudades como Isfah\u00e1n o Shiraz.<\/p>\n<p>Este mi\u00e9rcoles tambi\u00e9n est\u00e1 previsto que el presidente Ebrahim Raisi visite la Universidad de Teher\u00e1n con motivo el D\u00eda del Estudiante. Por ello,<strong>\u00a0los manifestantes han pedido una marcha hasta la Plaza Azadi de la capital<\/strong>, seg\u00fan informa\u00a0<em>Reuters<\/em>.<\/p>\n<div class=\"twitter-tweet twitter-tweet-rendered\"><iframe id=\"twitter-widget-7\" class=\"\" title=\"Twitter Tweet\" src=\"https:\/\/platform.twitter.com\/embed\/Tweet.html?dnt=false&amp;embedId=twitter-widget-7&amp;features=eyJ0ZndfdGltZWxpbmVfbGlzdCI6eyJidWNrZXQiOlsibGlua3RyLmVlIiwidHIuZWUiLCJ0ZXJyYS5jb20uYnIiLCJ3d3cubGlua3RyLmVlIiwid3d3LnRyLmVlIiwid3d3LnRlcnJhLmNvbS5iciJdLCJ2ZXJzaW9uIjpudWxsfSwidGZ3X2hvcml6b25fdGltZWxpbmVfMTIwMzQiOnsiYnVja2V0IjoidHJlYXRtZW50IiwidmVyc2lvbiI6bnVsbH0sInRmd190d2VldF9lZGl0X2JhY2tlbmQiOnsiYnVja2V0Ijoib24iLCJ2ZXJzaW9uIjpudWxsfSwidGZ3X3JlZnNyY19zZXNzaW9uIjp7ImJ1Y2tldCI6Im9uIiwidmVyc2lvbiI6bnVsbH0sInRmd19zaG93X2J1c2luZXNzX3ZlcmlmaWVkX2JhZGdlIjp7ImJ1Y2tldCI6Im9mZiIsInZlcnNpb24iOm51bGx9LCJ0ZndfY2hpbl9waWxsc18xNDc0MSI6eyJidWNrZXQiOiJjb2xvcl9pY29ucyIsInZlcnNpb24iOm51bGx9LCJ0ZndfdHdlZXRfcmVzdWx0X21pZ3JhdGlvbl8xMzk3OSI6eyJidWNrZXQiOiJ0d2VldF9yZXN1bHQiLCJ2ZXJzaW9uIjpudWxsfSwidGZ3X3NlbnNpdGl2ZV9tZWRpYV9pbnRlcnN0aXRpYWxfMTM5NjMiOnsiYnVja2V0IjoiaW50ZXJzdGl0aWFsIiwidmVyc2lvbiI6bnVsbH0sInRmd19leHBlcmltZW50c19jb29raWVfZXhwaXJhdGlvbiI6eyJidWNrZXQiOjEyMDk2MDAsInZlcnNpb24iOm51bGx9LCJ0ZndfZHVwbGljYXRlX3NjcmliZXNfdG9fc2V0dGluZ3MiOnsiYnVja2V0Ijoib24iLCJ2ZXJzaW9uIjpudWxsfSwidGZ3X3ZpZGVvX2hsc19keW5hbWljX21hbmlmZXN0c18xNTA4MiI6eyJidWNrZXQiOiJ0cnVlX2JpdHJhdGUiLCJ2ZXJzaW9uIjpudWxsfSwidGZ3X3Nob3dfYmx1ZV92ZXJpZmllZF9iYWRnZSI6eyJidWNrZXQiOiJvbiIsInZlcnNpb24iOm51bGx9LCJ0ZndfdHdlZXRfZWRpdF9mcm9udGVuZCI6eyJidWNrZXQiOiJvbiIsInZlcnNpb24iOm51bGx9fQ%3D%3D&amp;frame=false&amp;hideCard=false&amp;hideThread=false&amp;id=1599697029407526912&amp;lang=es&amp;origin=https%3A%2F%2Fatalayar.com%2Fcontent%2Fla-policia-de-la-moral-sigue-activa-y-continuan-las-leyes-sobre-el-hiyab-en-iran&amp;sessionId=f03ac906cb175ab16b54053d7e24b29999735d8f&amp;siteScreenName=Atalayar_&amp;theme=light&amp;widgetsVersion=a3525f077c700%3A1667415560940&amp;width=550px\" frameborder=\"0\" scrolling=\"no\" allowfullscreen=\"allowfullscreen\" data-tweet-id=\"1599697029407526912\" data-mce-fragment=\"1\"><\/iframe><\/div>\n<p>Por otro lado, las cifras de asesinados y detenidos durante las protestas sigue aumentado. Tal y como denuncia Iran Human Rights, 448 personas -incluidos 60 menores- han fallecido desde el pasado mes de septiembre.<strong>\u00a0Sist\u00e1n y Baluchist\u00e1n y Kurdist\u00e1n siguen siendo las regiones donde m\u00e1s fallecidos se registran<\/strong>.<\/p>\n<p>No obstante, es probable que la cifra real de muertos sea mucho m\u00e1s alta. Las autoridades est\u00e1n ejecutando a manifestantes, incluso a menores, a los que acusan de colaborar con pa\u00edses \u201cenemigos\u201d. Recientemente,\u00a0<strong>el r\u00e9gimen ha ordenado asesinar a cuatro personas acusadas de trabajar para el Mossad<\/strong>, la agencia de inteligencia israel\u00ed.<\/p>\n<\/div>\n<\/div>\n<\/div>\n","protected":false},"excerpt":{"rendered":"<p>NOTI-AMERICA.COM | TEXAS www.atalayar.com La Polic\u00eda de la Moral sigue activa y contin\u00faan las leyes sobre el hiyab en Ir\u00e1n A pesar de que no hay ninguna declaraci\u00f3n oficial por parte del r\u00e9gimen, en&#46;&#46;&#46;<\/p>\n","protected":false},"author":2,"featured_media":21722,"comment_status":"closed","ping_status":"open","sticky":false,"template":"","format":"image","meta":{"_acf_changed":false,"rop_custom_images_group":[],"rop_custom_messages_group":[],"rop_publish_now":"initial","rop_publish_now_accounts":{"facebook_10219548024599422_1632221337088128":"","twitter_242054905_242054905":""},"rop_publish_now_history":[],"rop_publish_now_status":"pending","footnotes":""},"categories":[4],"tags":[],"class_list":["post-21721","post","type-post","status-publish","format-image","has-post-thumbnail","hentry","category-internacionales","post_format-post-format-image"],"acf":[],"yoast_head":"<!-- This site is optimized with the Yoast SEO Premium plugin v24.9 (Yoast SEO v27.2) - https:\/\/yoast.com\/product\/yoast-seo-premium-wordpress\/ -->\n<title>La Polic\u00eda de la Moral sigue activa y contin\u00faan las leyes sobre el hiyab en Ir\u00e1n - Noti-America.com<\/title>\n<meta name=\"robots\" content=\"index, follow, max-snippet:-1, max-image-preview:large, max-video-preview:-1\" \/>\n<link rel=\"canonical\" href=\"https:\/\/noti-america.com\/site\/principal\/2022\/12\/05\/la-policia-de-la-moral-sigue-activa-y-continuan-las-leyes-sobre-el-hiyab-en-iran\/\" \/>\n<meta property=\"og:locale\" content=\"es_ES\" \/>\n<meta property=\"og:type\" content=\"article\" \/>\n<meta property=\"og:title\" content=\"La Polic\u00eda de la Moral sigue activa y contin\u00faan las leyes sobre el hiyab en Ir\u00e1n\" \/>\n<meta property=\"og:description\" content=\"NOTI-AMERICA.COM | TEXAS www.atalayar.com La Polic\u00eda de la Moral sigue activa y contin\u00faan las leyes sobre el hiyab en Ir\u00e1n A pesar de que no hay ninguna declaraci\u00f3n oficial por parte del r\u00e9gimen, en&#046;&#046;&#046;\" \/>\n<meta property=\"og:url\" content=\"https:\/\/noti-america.com\/site\/principal\/2022\/12\/05\/la-policia-de-la-moral-sigue-activa-y-continuan-las-leyes-sobre-el-hiyab-en-iran\/\" \/>\n<meta property=\"og:site_name\" content=\"Noti-America.com\" \/>\n<meta property=\"article:published_time\" content=\"2022-12-05T14:54:00+00:00\" \/>\n<meta property=\"og:image\" content=\"https:\/\/noti-america.com\/site\/principal\/wp-content\/uploads\/sites\/26\/2022\/12\/iran-protestas_2.jpg\" \/>\n\t<meta property=\"og:image:width\" content=\"813\" \/>\n\t<meta property=\"og:image:height\" content=\"558\" \/>\n\t<meta property=\"og:image:type\" content=\"image\/jpeg\" \/>\n<meta name=\"author\" content=\"rloaiza\" \/>\n<meta name=\"twitter:card\" content=\"summary_large_image\" \/>\n<meta name=\"twitter:label1\" content=\"Escrito por\" \/>\n\t<meta name=\"twitter:data1\" content=\"rloaiza\" \/>\n\t<meta name=\"twitter:label2\" content=\"Tiempo estimado de lectura\" \/>\n\t<meta name=\"twitter:data2\" content=\"5 minutos\" \/>\n<script type=\"application\/ld+json\" class=\"yoast-schema-graph\">{\"@context\":\"https:\/\/schema.org\",\"@graph\":[{\"@type\":\"Article\",\"@id\":\"https:\/\/noti-america.com\/site\/principal\/2022\/12\/05\/la-policia-de-la-moral-sigue-activa-y-continuan-las-leyes-sobre-el-hiyab-en-iran\/#article\",\"isPartOf\":{\"@id\":\"https:\/\/noti-america.com\/site\/principal\/2022\/12\/05\/la-policia-de-la-moral-sigue-activa-y-continuan-las-leyes-sobre-el-hiyab-en-iran\/\"},\"author\":{\"name\":\"rloaiza\",\"@id\":\"https:\/\/noti-america.com\/site\/principal\/#\/schema\/person\/a2e478ba496331ce89bcd0c731cd6533\"},\"headline\":\"La Polic\u00eda de la Moral sigue activa y contin\u00faan las leyes sobre el hiyab en Ir\u00e1n\",\"datePublished\":\"2022-12-05T14:54:00+00:00\",\"mainEntityOfPage\":{\"@id\":\"https:\/\/noti-america.com\/site\/principal\/2022\/12\/05\/la-policia-de-la-moral-sigue-activa-y-continuan-las-leyes-sobre-el-hiyab-en-iran\/\"},\"wordCount\":1159,\"image\":{\"@id\":\"https:\/\/noti-america.com\/site\/principal\/2022\/12\/05\/la-policia-de-la-moral-sigue-activa-y-continuan-las-leyes-sobre-el-hiyab-en-iran\/#primaryimage\"},\"thumbnailUrl\":\"https:\/\/noti-america.com\/site\/principal\/wp-content\/uploads\/sites\/26\/2022\/12\/iran-protestas_2.jpg\",\"articleSection\":[\"Internacionales\"],\"inLanguage\":\"es\"},{\"@type\":\"WebPage\",\"@id\":\"https:\/\/noti-america.com\/site\/principal\/2022\/12\/05\/la-policia-de-la-moral-sigue-activa-y-continuan-las-leyes-sobre-el-hiyab-en-iran\/\",\"url\":\"https:\/\/noti-america.com\/site\/principal\/2022\/12\/05\/la-policia-de-la-moral-sigue-activa-y-continuan-las-leyes-sobre-el-hiyab-en-iran\/\",\"name\":\"La Polic\u00eda de la Moral sigue activa y contin\u00faan las leyes sobre el hiyab en Ir\u00e1n - Noti-America.com\",\"isPartOf\":{\"@id\":\"https:\/\/noti-america.com\/site\/principal\/#website\"},\"primaryImageOfPage\":{\"@id\":\"https:\/\/noti-america.com\/site\/principal\/2022\/12\/05\/la-policia-de-la-moral-sigue-activa-y-continuan-las-leyes-sobre-el-hiyab-en-iran\/#primaryimage\"},\"image\":{\"@id\":\"https:\/\/noti-america.com\/site\/principal\/2022\/12\/05\/la-policia-de-la-moral-sigue-activa-y-continuan-las-leyes-sobre-el-hiyab-en-iran\/#primaryimage\"},\"thumbnailUrl\":\"https:\/\/noti-america.com\/site\/principal\/wp-content\/uploads\/sites\/26\/2022\/12\/iran-protestas_2.jpg\",\"datePublished\":\"2022-12-05T14:54:00+00:00\",\"author\":{\"@id\":\"https:\/\/noti-america.com\/site\/principal\/#\/schema\/person\/a2e478ba496331ce89bcd0c731cd6533\"},\"breadcrumb\":{\"@id\":\"https:\/\/noti-america.com\/site\/principal\/2022\/12\/05\/la-policia-de-la-moral-sigue-activa-y-continuan-las-leyes-sobre-el-hiyab-en-iran\/#breadcrumb\"},\"inLanguage\":\"es\",\"potentialAction\":[{\"@type\":\"ReadAction\",\"target\":[\"https:\/\/noti-america.com\/site\/principal\/2022\/12\/05\/la-policia-de-la-moral-sigue-activa-y-continuan-las-leyes-sobre-el-hiyab-en-iran\/\"]}]},{\"@type\":\"ImageObject\",\"inLanguage\":\"es\",\"@id\":\"https:\/\/noti-america.com\/site\/principal\/2022\/12\/05\/la-policia-de-la-moral-sigue-activa-y-continuan-las-leyes-sobre-el-hiyab-en-iran\/#primaryimage\",\"url\":\"https:\/\/noti-america.com\/site\/principal\/wp-content\/uploads\/sites\/26\/2022\/12\/iran-protestas_2.jpg\",\"contentUrl\":\"https:\/\/noti-america.com\/site\/principal\/wp-content\/uploads\/sites\/26\/2022\/12\/iran-protestas_2.jpg\",\"width\":813,\"height\":558},{\"@type\":\"BreadcrumbList\",\"@id\":\"https:\/\/noti-america.com\/site\/principal\/2022\/12\/05\/la-policia-de-la-moral-sigue-activa-y-continuan-las-leyes-sobre-el-hiyab-en-iran\/#breadcrumb\",\"itemListElement\":[{\"@type\":\"ListItem\",\"position\":1,\"name\":\"Portada\",\"item\":\"https:\/\/noti-america.com\/site\/principal\/\"},{\"@type\":\"ListItem\",\"position\":2,\"name\":\"La Polic\u00eda de la Moral sigue activa y contin\u00faan las leyes sobre el hiyab en Ir\u00e1n\"}]},{\"@type\":\"WebSite\",\"@id\":\"https:\/\/noti-america.com\/site\/principal\/#website\",\"url\":\"https:\/\/noti-america.com\/site\/principal\/\",\"name\":\"Noti-America.com\",\"description\":\"El Noticiero Digital M\u00e1s Grande de Am\u00e9rica\",\"potentialAction\":[{\"@type\":\"SearchAction\",\"target\":{\"@type\":\"EntryPoint\",\"urlTemplate\":\"https:\/\/noti-america.com\/site\/principal\/?s={search_term_string}\"},\"query-input\":{\"@type\":\"PropertyValueSpecification\",\"valueRequired\":true,\"valueName\":\"search_term_string\"}}],\"inLanguage\":\"es\"},{\"@type\":\"Person\",\"@id\":\"https:\/\/noti-america.com\/site\/principal\/#\/schema\/person\/a2e478ba496331ce89bcd0c731cd6533\",\"name\":\"rloaiza\",\"image\":{\"@type\":\"ImageObject\",\"inLanguage\":\"es\",\"@id\":\"https:\/\/secure.gravatar.com\/avatar\/190058e5d4427934610b99c45aa7a6558806850adedd53ddeddd194b04773e22?s=96&d=mm&r=g\",\"url\":\"https:\/\/secure.gravatar.com\/avatar\/190058e5d4427934610b99c45aa7a6558806850adedd53ddeddd194b04773e22?s=96&d=mm&r=g\",\"contentUrl\":\"https:\/\/secure.gravatar.com\/avatar\/190058e5d4427934610b99c45aa7a6558806850adedd53ddeddd194b04773e22?s=96&d=mm&r=g\",\"caption\":\"rloaiza\"},\"url\":\"https:\/\/noti-america.com\/site\/principal\/author\/rloaiza\/\"}]}<\/script>\n<!-- \/ Yoast SEO Premium plugin. -->","yoast_head_json":{"title":"La Polic\u00eda de la Moral sigue activa y contin\u00faan las leyes sobre el hiyab en Ir\u00e1n - Noti-America.com","robots":{"index":"index","follow":"follow","max-snippet":"max-snippet:-1","max-image-preview":"max-image-preview:large","max-video-preview":"max-video-preview:-1"},"canonical":"https:\/\/noti-america.com\/site\/principal\/2022\/12\/05\/la-policia-de-la-moral-sigue-activa-y-continuan-las-leyes-sobre-el-hiyab-en-iran\/","og_locale":"es_ES","og_type":"article","og_title":"La Polic\u00eda de la Moral sigue activa y contin\u00faan las leyes sobre el hiyab en Ir\u00e1n","og_description":"NOTI-AMERICA.COM | TEXAS www.atalayar.com La Polic\u00eda de la Moral sigue activa y contin\u00faan las leyes sobre el hiyab en Ir\u00e1n A pesar de que no hay ninguna declaraci\u00f3n oficial por parte del r\u00e9gimen, en&#46;&#46;&#46;","og_url":"https:\/\/noti-america.com\/site\/principal\/2022\/12\/05\/la-policia-de-la-moral-sigue-activa-y-continuan-las-leyes-sobre-el-hiyab-en-iran\/","og_site_name":"Noti-America.com","article_published_time":"2022-12-05T14:54:00+00:00","og_image":[{"width":813,"height":558,"url":"https:\/\/noti-america.com\/site\/principal\/wp-content\/uploads\/sites\/26\/2022\/12\/iran-protestas_2.jpg","type":"image\/jpeg"}],"author":"rloaiza","twitter_card":"summary_large_image","twitter_misc":{"Escrito por":"rloaiza","Tiempo estimado de lectura":"5 minutos"},"schema":{"@context":"https:\/\/schema.org","@graph":[{"@type":"Article","@id":"https:\/\/noti-america.com\/site\/principal\/2022\/12\/05\/la-policia-de-la-moral-sigue-activa-y-continuan-las-leyes-sobre-el-hiyab-en-iran\/#article","isPartOf":{"@id":"https:\/\/noti-america.com\/site\/principal\/2022\/12\/05\/la-policia-de-la-moral-sigue-activa-y-continuan-las-leyes-sobre-el-hiyab-en-iran\/"},"author":{"name":"rloaiza","@id":"https:\/\/noti-america.com\/site\/principal\/#\/schema\/person\/a2e478ba496331ce89bcd0c731cd6533"},"headline":"La Polic\u00eda de la Moral sigue activa y contin\u00faan las leyes sobre el hiyab en Ir\u00e1n","datePublished":"2022-12-05T14:54:00+00:00","mainEntityOfPage":{"@id":"https:\/\/noti-america.com\/site\/principal\/2022\/12\/05\/la-policia-de-la-moral-sigue-activa-y-continuan-las-leyes-sobre-el-hiyab-en-iran\/"},"wordCount":1159,"image":{"@id":"https:\/\/noti-america.com\/site\/principal\/2022\/12\/05\/la-policia-de-la-moral-sigue-activa-y-continuan-las-leyes-sobre-el-hiyab-en-iran\/#primaryimage"},"thumbnailUrl":"https:\/\/noti-america.com\/site\/principal\/wp-content\/uploads\/sites\/26\/2022\/12\/iran-protestas_2.jpg","articleSection":["Internacionales"],"inLanguage":"es"},{"@type":"WebPage","@id":"https:\/\/noti-america.com\/site\/principal\/2022\/12\/05\/la-policia-de-la-moral-sigue-activa-y-continuan-las-leyes-sobre-el-hiyab-en-iran\/","url":"https:\/\/noti-america.com\/site\/principal\/2022\/12\/05\/la-policia-de-la-moral-sigue-activa-y-continuan-las-leyes-sobre-el-hiyab-en-iran\/","name":"La Polic\u00eda de la Moral sigue activa y contin\u00faan las leyes sobre el hiyab en Ir\u00e1n - Noti-America.com","isPartOf":{"@id":"https:\/\/noti-america.com\/site\/principal\/#website"},"primaryImageOfPage":{"@id":"https:\/\/noti-america.com\/site\/principal\/2022\/12\/05\/la-policia-de-la-moral-sigue-activa-y-continuan-las-leyes-sobre-el-hiyab-en-iran\/#primaryimage"},"image":{"@id":"https:\/\/noti-america.com\/site\/principal\/2022\/12\/05\/la-policia-de-la-moral-sigue-activa-y-continuan-las-leyes-sobre-el-hiyab-en-iran\/#primaryimage"},"thumbnailUrl":"https:\/\/noti-america.com\/site\/principal\/wp-content\/uploads\/sites\/26\/2022\/12\/iran-protestas_2.jpg","datePublished":"2022-12-05T14:54:00+00:00","author":{"@id":"https:\/\/noti-america.com\/site\/principal\/#\/schema\/person\/a2e478ba496331ce89bcd0c731cd6533"},"breadcrumb":{"@id":"https:\/\/noti-america.com\/site\/principal\/2022\/12\/05\/la-policia-de-la-moral-sigue-activa-y-continuan-las-leyes-sobre-el-hiyab-en-iran\/#breadcrumb"},"inLanguage":"es","potentialAction":[{"@type":"ReadAction","target":["https:\/\/noti-america.com\/site\/principal\/2022\/12\/05\/la-policia-de-la-moral-sigue-activa-y-continuan-las-leyes-sobre-el-hiyab-en-iran\/"]}]},{"@type":"ImageObject","inLanguage":"es","@id":"https:\/\/noti-america.com\/site\/principal\/2022\/12\/05\/la-policia-de-la-moral-sigue-activa-y-continuan-las-leyes-sobre-el-hiyab-en-iran\/#primaryimage","url":"https:\/\/noti-america.com\/site\/principal\/wp-content\/uploads\/sites\/26\/2022\/12\/iran-protestas_2.jpg","contentUrl":"https:\/\/noti-america.com\/site\/principal\/wp-content\/uploads\/sites\/26\/2022\/12\/iran-protestas_2.jpg","width":813,"height":558},{"@type":"BreadcrumbList","@id":"https:\/\/noti-america.com\/site\/principal\/2022\/12\/05\/la-policia-de-la-moral-sigue-activa-y-continuan-las-leyes-sobre-el-hiyab-en-iran\/#breadcrumb","itemListElement":[{"@type":"ListItem","position":1,"name":"Portada","item":"https:\/\/noti-america.com\/site\/principal\/"},{"@type":"ListItem","position":2,"name":"La Polic\u00eda de la Moral sigue activa y contin\u00faan las leyes sobre el hiyab en Ir\u00e1n"}]},{"@type":"WebSite","@id":"https:\/\/noti-america.com\/site\/principal\/#website","url":"https:\/\/noti-america.com\/site\/principal\/","name":"Noti-America.com","description":"El Noticiero Digital M\u00e1s Grande de Am\u00e9rica","potentialAction":[{"@type":"SearchAction","target":{"@type":"EntryPoint","urlTemplate":"https:\/\/noti-america.com\/site\/principal\/?s={search_term_string}"},"query-input":{"@type":"PropertyValueSpecification","valueRequired":true,"valueName":"search_term_string"}}],"inLanguage":"es"},{"@type":"Person","@id":"https:\/\/noti-america.com\/site\/principal\/#\/schema\/person\/a2e478ba496331ce89bcd0c731cd6533","name":"rloaiza","image":{"@type":"ImageObject","inLanguage":"es","@id":"https:\/\/secure.gravatar.com\/avatar\/190058e5d4427934610b99c45aa7a6558806850adedd53ddeddd194b04773e22?s=96&d=mm&r=g","url":"https:\/\/secure.gravatar.com\/avatar\/190058e5d4427934610b99c45aa7a6558806850adedd53ddeddd194b04773e22?s=96&d=mm&r=g","contentUrl":"https:\/\/secure.gravatar.com\/avatar\/190058e5d4427934610b99c45aa7a6558806850adedd53ddeddd194b04773e22?s=96&d=mm&r=g","caption":"rloaiza"},"url":"https:\/\/noti-america.com\/site\/principal\/author\/rloaiza\/"}]}},"_links":{"self":[{"href":"https:\/\/noti-america.com\/site\/principal\/wp-json\/wp\/v2\/posts\/21721","targetHints":{"allow":["GET"]}}],"collection":[{"href":"https:\/\/noti-america.com\/site\/principal\/wp-json\/wp\/v2\/posts"}],"about":[{"href":"https:\/\/noti-america.com\/site\/principal\/wp-json\/wp\/v2\/types\/post"}],"author":[{"embeddable":true,"href":"https:\/\/noti-america.com\/site\/principal\/wp-json\/wp\/v2\/users\/2"}],"replies":[{"embeddable":true,"href":"https:\/\/noti-america.com\/site\/principal\/wp-json\/wp\/v2\/comments?post=21721"}],"version-history":[{"count":1,"href":"https:\/\/noti-america.com\/site\/principal\/wp-json\/wp\/v2\/posts\/21721\/revisions"}],"predecessor-version":[{"id":21723,"href":"https:\/\/noti-america.com\/site\/principal\/wp-json\/wp\/v2\/posts\/21721\/revisions\/21723"}],"wp:featuredmedia":[{"embeddable":true,"href":"https:\/\/noti-america.com\/site\/principal\/wp-json\/wp\/v2\/media\/21722"}],"wp:attachment":[{"href":"https:\/\/noti-america.com\/site\/principal\/wp-json\/wp\/v2\/media?parent=21721"}],"wp:term":[{"taxonomy":"category","embeddable":true,"href":"https:\/\/noti-america.com\/site\/principal\/wp-json\/wp\/v2\/categories?post=21721"},{"taxonomy":"post_tag","embeddable":true,"href":"https:\/\/noti-america.com\/site\/principal\/wp-json\/wp\/v2\/tags?post=21721"}],"curies":[{"name":"wp","href":"https:\/\/api.w.org\/{rel}","templated":true}]}}