{"id":2137,"date":"2018-04-01T21:53:42","date_gmt":"2018-04-01T21:53:42","guid":{"rendered":"http:\/\/noti-america.com\/site\/alemania\/?p=2137"},"modified":"2018-04-01T21:54:37","modified_gmt":"2018-04-01T21:54:37","slug":"1342-5000-el-ex-dictador-de-guatemala-rios-montt-plagado-de-cargos-de-genocidio-muere","status":"publish","type":"post","link":"https:\/\/noti-america.com\/site\/principal\/2018\/04\/01\/1342-5000-el-ex-dictador-de-guatemala-rios-montt-plagado-de-cargos-de-genocidio-muere\/","title":{"rendered":"El ex dictador de Guatemala Rios Montt, plagado de cargos de genocidio, muere"},"content":{"rendered":"<p>CIUDAD DE GUATEMALA &#8211; El ex dictador militar guatemalteco Efra\u00edn R\u00edos Montt, acosado por cargos de genocidio durante d\u00e9cadas, muri\u00f3 el domingo a los 91 a\u00f1os, dejando amargos recuerdos de su sangrienta administraci\u00f3n de la naci\u00f3n centroamericana durante su guerra civil.<\/p>\n<p>Miles de civiles mayas, en su mayor\u00eda rurales, fueron v\u00edctimas de la masacre, la violaci\u00f3n y la tortura bajo una pol\u00edtica de \u00abtierra arrasada\u00bb implementada durante su gobierno de 17 meses entre 1982 y 1983 en el momento \u00e1lgido del conflicto de la Guerra Fr\u00eda.<br \/>\nRios Montt, diagnosticado con demencia senil en 2015, enfrentaba un nuevo juicio por genocidio en 2017 supervisado por un tribunal de la Corte Suprema que estaba en curso en el momento de su muerte.<br \/>\nEl domingo, su abogado Luis Rosales dijo que el ex dictador mantuvo su inocencia hasta su muerte.<br \/>\nEn mayo de 2013, un tribunal declar\u00f3 culpable a R\u00edos Montt de genocidio y cr\u00edmenes de lesa humanidad, lo que provoc\u00f3 que Amnist\u00eda Internacional celebrara los procedimientos como el juicio de la d\u00e9cada.<br \/>\nPero solo 10 d\u00edas despu\u00e9s, el m\u00e1ximo tribunal del pa\u00eds anul\u00f3 la condena por un tecnicismo despu\u00e9s de los constantes esfuerzos de su equipo de defensa por descarrilar el juicio con complejas apelaciones.<\/p>\n<p>R\u00edos Montt tom\u00f3 el poder en un golpe sin sangre en 1982 y fund\u00f3 el partido derechista Frente Republicano Guatemalteco.<br \/>\nProtestante evang\u00e9lico, R\u00edos Montt fue derrocado en agosto de 1983, pero sirvi\u00f3 en el Congreso durante casi dos d\u00e9cadas hasta que renunci\u00f3 en 2012. De un plumazo, perdi\u00f3 la inmunidad otorgada por la ley a los funcionarios p\u00fablicos y qued\u00f3 abierto al enjuiciamiento por las atrocidades cometidas bajo su regla.<br \/>\nEn enero de 2012, un tribunal guatemalteco acus\u00f3 a R\u00edos Montt por concebir un plan de contrainsurgencia que mat\u00f3 al menos a 1.771 miembros de la tribu Ixil y desplaz\u00f3 a miles m\u00e1s. Un a\u00f1o despu\u00e9s, un juez le orden\u00f3 que fuera juzgado por el derramamiento de sangre.<br \/>\nEl ex dictador tom\u00f3 el puesto de testigo horas antes de su condena, dici\u00e9ndole al tribunal que nunca hab\u00eda cometido genocidio.<br \/>\n\u00abMi trabajo como jefe de estado fue la pol\u00edtica nacional. No estaba comandando tropas \u00ab, dijo R\u00edos Montt, que entonces ten\u00eda 86 a\u00f1os.<br \/>\nActivistas de derechos humanos en Espa\u00f1a tambi\u00e9n buscaron acusar a R\u00edos Montt de cr\u00edmenes de guerra en los tribunales espa\u00f1oles.<br \/>\nLos cr\u00edticos compararon a R\u00edos Montt con otros presidentes latinoamericanos que gobernaron con mano de hierro, como el chileno Augusto Pinochet y el peruano Alberto Fujimori.<br \/>\nPero en ese momento su r\u00e9gimen recibi\u00f3 el apoyo abierto del presidente estadounidense Ronald Reagan, quien cre\u00eda que Guatemala enfrentaba un serio desaf\u00edo de las guerrillas izquierdistas sospechosas de estar en alianza con los comunistas de la Guerra Fr\u00eda.<br \/>\nSe estima que unos 200,000 civiles, en su mayor\u00eda mayas, murieron durante la guerra de 1960-1996 y otros 45,000 desaparecieron.<br \/>\nUn informe de la comisi\u00f3n de la verdad respaldado por las Naciones Unidas publicado despu\u00e9s de los acuerdos de paz de 1996 descubri\u00f3 que el ej\u00e9rcito y los grupos paramilitares fueron responsables de m\u00e1s del 90 por ciento de m\u00e1s de 400 masacres durante la guerra.<\/p>\n<p>SOLDADO DE CARRERA<br \/>\nNacido el 16 de junio de 1926 en el departamento de Huehuetenango, en las tierras altas del oeste de Guatemala, R\u00edos Montt fue el tercero de 11 ni\u00f1os y qued\u00f3 fascinado con el ej\u00e9rcito a temprana edad.<br \/>\nSe uni\u00f3 a la academia militar en 1943 y particip\u00f3 en el golpe militar respaldado por la Agencia Central de Inteligencia de 1954 que derroc\u00f3 al presidente democr\u00e1ticamente elegido Jacobo Arbenz, que fue visto por los Estados Unidos como un simpatizante comunista.<br \/>\nEse golpe eventualmente encendi\u00f3 la brutal guerra civil, enfrentando a una serie de gobiernos de derecha contra las guerrillas izquierdistas.<br \/>\nR\u00edos Montt alcanz\u00f3 el rango de general en 1972 y busc\u00f3 la presidencia en 1974, perdiendo ante el rival Kjell Eugenio Laugerud, el sucesor elegido a dedo del titular.<br \/>\nSe fue al exilio, sirviendo en Espa\u00f1a como agregado militar guatemalteco, antes de regresar a su hogar en 1977, donde fue presentado a la Iglesia Evang\u00e9lica de la Palabra, y finalmente se convirti\u00f3 en ministro laico.<br \/>\nEl 23 de marzo de 1982, R\u00edos Montt dirigi\u00f3 una junta que elimin\u00f3 al presidente \u00c1ngel Guevara del poder, denunciando las elecciones a principios de mes como fraudulentas. Declarando su presidencia como la \u00abvoluntad de Dios\u00bb, R\u00edos Montt anul\u00f3 la constituci\u00f3n, disolvi\u00f3 el Congreso y suspendi\u00f3 los partidos pol\u00edticos.<br \/>\nPerdi\u00f3 poco tiempo revisando las medidas anti subversivas del gobierno, optando por una ofensiva que provoc\u00f3 decenas de miles de muertes, torturas y desplazamientos de la poblaci\u00f3n rural de Guatemala sospechosos de ayudar a los rebeldes de izquierda.<\/p>\n<p>\u00abSi est\u00e1s con nosotros, te alimentaremos, si no, te mataremos\u00bb, le dijo a una multitud de ind\u00edgenas mayas en julio de 1982.<br \/>\nTales pronunciamientos no impidieron que Reagan describiera a R\u00edos Montt como \u00abun hombre de gran integridad personal\u00bb que estaba \u00abtotalmente comprometido con la democracia\u00bb.<br \/>\nEn la d\u00e9cada de 1990, R\u00edos Montt intent\u00f3 dos veces postularse a la presidencia, pero fue bloqueado por una cl\u00e1usula constitucional que imped\u00eda que cualquiera que hubiera participado en un golpe militar se convirtiera en jefe de estado.<br \/>\nSe afinc\u00f3 por un asiento en el Congreso en cambio, y pas\u00f3 a servir como presidente de la legislatura.<br \/>\nR\u00edos Montt intent\u00f3 nuevamente por la presidencia en 2003 y cuando se le neg\u00f3 la oportunidad, llam\u00f3 a sus partidarios a tomar las calles en se\u00f1al de protesta. Dos d\u00edas de disturbios ahora conocidos como Jueves Negro y Viernes de Luto estallaron en la capital cuando los manifestantes incendiaron autos y edificios y salieron por las ventanas.<br \/>\nFinalmente, los tribunales dejaron que el ex general se presentara como candidato, pero lleg\u00f3 a un distante tercer puesto en la contienda.<\/p>\n<p>Fuente (Sofia Menchu \u200b\u200breuters) editado al espa\u00f1ol por Ydalith Figueroa Kad-Bay Nt-A-As<\/p>\n<p>&nbsp;<\/p>\n<p>&nbsp;<\/p>\n","protected":false},"excerpt":{"rendered":"<p>CIUDAD DE GUATEMALA &#8211; El ex dictador militar guatemalteco Efra\u00edn R\u00edos Montt, acosado por cargos de genocidio durante d\u00e9cadas, muri\u00f3 el domingo a los 91 a\u00f1os, dejando amargos recuerdos de su sangrienta administraci\u00f3n de&#46;&#46;&#46;<\/p>\n","protected":false},"author":31,"featured_media":2138,"comment_status":"open","ping_status":"open","sticky":false,"template":"","format":"standard","meta":{"_acf_changed":false,"rop_custom_images_group":[],"rop_custom_messages_group":[],"rop_publish_now":"initial","rop_publish_now_accounts":{"facebook_10219548024599422_1632221337088128":"","twitter_242054905_242054905":""},"rop_publish_now_history":[],"rop_publish_now_status":"pending","footnotes":""},"categories":[146,4,11],"tags":[179],"class_list":["post-2137","post","type-post","status-publish","format-standard","has-post-thumbnail","hentry","category-guatemala","category-internacionales","category-sucesos","tag-dictador"],"acf":[],"yoast_head":"<!-- This site is optimized with the Yoast SEO Premium plugin v24.9 (Yoast SEO v27.2) - https:\/\/yoast.com\/product\/yoast-seo-premium-wordpress\/ -->\n<title>El ex dictador de Guatemala Rios Montt, plagado de cargos de genocidio, muere - Noti-America.com<\/title>\n<meta name=\"robots\" content=\"index, follow, max-snippet:-1, max-image-preview:large, max-video-preview:-1\" \/>\n<link rel=\"canonical\" href=\"https:\/\/noti-america.com\/site\/principal\/2018\/04\/01\/1342-5000-el-ex-dictador-de-guatemala-rios-montt-plagado-de-cargos-de-genocidio-muere\/\" \/>\n<meta property=\"og:locale\" content=\"es_ES\" \/>\n<meta property=\"og:type\" content=\"article\" \/>\n<meta property=\"og:title\" content=\"El ex dictador de Guatemala Rios Montt, plagado de cargos de genocidio, muere\" \/>\n<meta property=\"og:description\" content=\"CIUDAD DE GUATEMALA &#8211; El ex dictador militar guatemalteco Efra\u00edn R\u00edos Montt, acosado por cargos de genocidio durante d\u00e9cadas, muri\u00f3 el domingo a los 91 a\u00f1os, dejando amargos recuerdos de su sangrienta administraci\u00f3n de&#046;&#046;&#046;\" \/>\n<meta property=\"og:url\" content=\"https:\/\/noti-america.com\/site\/principal\/2018\/04\/01\/1342-5000-el-ex-dictador-de-guatemala-rios-montt-plagado-de-cargos-de-genocidio-muere\/\" \/>\n<meta property=\"og:site_name\" content=\"Noti-America.com\" \/>\n<meta property=\"article:published_time\" content=\"2018-04-01T21:53:42+00:00\" \/>\n<meta property=\"article:modified_time\" content=\"2018-04-01T21:54:37+00:00\" \/>\n<meta property=\"og:image\" content=\"https:\/\/noti-america.com\/site\/principal\/wp-content\/uploads\/sites\/26\/2018\/04\/exdictador.jpg\" \/>\n\t<meta property=\"og:image:width\" content=\"646\" \/>\n\t<meta property=\"og:image:height\" content=\"364\" \/>\n\t<meta property=\"og:image:type\" content=\"image\/jpeg\" \/>\n<meta name=\"author\" content=\"Ydalith Figueroa Kad-Bay\" \/>\n<meta name=\"twitter:card\" content=\"summary_large_image\" \/>\n<meta name=\"twitter:creator\" content=\"@ydalithkad\" \/>\n<meta name=\"twitter:label1\" content=\"Escrito por\" \/>\n\t<meta name=\"twitter:data1\" content=\"Ydalith Figueroa Kad-Bay\" \/>\n\t<meta name=\"twitter:label2\" content=\"Tiempo estimado de lectura\" \/>\n\t<meta name=\"twitter:data2\" content=\"5 minutos\" \/>\n<script type=\"application\/ld+json\" class=\"yoast-schema-graph\">{\"@context\":\"https:\/\/schema.org\",\"@graph\":[{\"@type\":\"Article\",\"@id\":\"https:\/\/noti-america.com\/site\/principal\/2018\/04\/01\/1342-5000-el-ex-dictador-de-guatemala-rios-montt-plagado-de-cargos-de-genocidio-muere\/#article\",\"isPartOf\":{\"@id\":\"https:\/\/noti-america.com\/site\/principal\/2018\/04\/01\/1342-5000-el-ex-dictador-de-guatemala-rios-montt-plagado-de-cargos-de-genocidio-muere\/\"},\"author\":{\"name\":\"Ydalith Figueroa Kad-Bay\",\"@id\":\"https:\/\/noti-america.com\/site\/principal\/#\/schema\/person\/1a24e37c3c358f389f0a111448ddb870\"},\"headline\":\"El ex dictador de Guatemala Rios Montt, plagado de cargos de genocidio, muere\",\"datePublished\":\"2018-04-01T21:53:42+00:00\",\"dateModified\":\"2018-04-01T21:54:37+00:00\",\"mainEntityOfPage\":{\"@id\":\"https:\/\/noti-america.com\/site\/principal\/2018\/04\/01\/1342-5000-el-ex-dictador-de-guatemala-rios-montt-plagado-de-cargos-de-genocidio-muere\/\"},\"wordCount\":1021,\"commentCount\":0,\"image\":{\"@id\":\"https:\/\/noti-america.com\/site\/principal\/2018\/04\/01\/1342-5000-el-ex-dictador-de-guatemala-rios-montt-plagado-de-cargos-de-genocidio-muere\/#primaryimage\"},\"thumbnailUrl\":\"https:\/\/noti-america.com\/site\/principal\/wp-content\/uploads\/sites\/26\/2018\/04\/exdictador.jpg\",\"keywords\":[\"Dictador\"],\"articleSection\":[\"Guatemala\",\"Internacionales\",\"Sucesos\"],\"inLanguage\":\"es\",\"potentialAction\":[{\"@type\":\"CommentAction\",\"name\":\"Comment\",\"target\":[\"https:\/\/noti-america.com\/site\/principal\/2018\/04\/01\/1342-5000-el-ex-dictador-de-guatemala-rios-montt-plagado-de-cargos-de-genocidio-muere\/#respond\"]}]},{\"@type\":\"WebPage\",\"@id\":\"https:\/\/noti-america.com\/site\/principal\/2018\/04\/01\/1342-5000-el-ex-dictador-de-guatemala-rios-montt-plagado-de-cargos-de-genocidio-muere\/\",\"url\":\"https:\/\/noti-america.com\/site\/principal\/2018\/04\/01\/1342-5000-el-ex-dictador-de-guatemala-rios-montt-plagado-de-cargos-de-genocidio-muere\/\",\"name\":\"El ex dictador de Guatemala Rios Montt, plagado de cargos de genocidio, muere - Noti-America.com\",\"isPartOf\":{\"@id\":\"https:\/\/noti-america.com\/site\/principal\/#website\"},\"primaryImageOfPage\":{\"@id\":\"https:\/\/noti-america.com\/site\/principal\/2018\/04\/01\/1342-5000-el-ex-dictador-de-guatemala-rios-montt-plagado-de-cargos-de-genocidio-muere\/#primaryimage\"},\"image\":{\"@id\":\"https:\/\/noti-america.com\/site\/principal\/2018\/04\/01\/1342-5000-el-ex-dictador-de-guatemala-rios-montt-plagado-de-cargos-de-genocidio-muere\/#primaryimage\"},\"thumbnailUrl\":\"https:\/\/noti-america.com\/site\/principal\/wp-content\/uploads\/sites\/26\/2018\/04\/exdictador.jpg\",\"datePublished\":\"2018-04-01T21:53:42+00:00\",\"dateModified\":\"2018-04-01T21:54:37+00:00\",\"author\":{\"@id\":\"https:\/\/noti-america.com\/site\/principal\/#\/schema\/person\/1a24e37c3c358f389f0a111448ddb870\"},\"breadcrumb\":{\"@id\":\"https:\/\/noti-america.com\/site\/principal\/2018\/04\/01\/1342-5000-el-ex-dictador-de-guatemala-rios-montt-plagado-de-cargos-de-genocidio-muere\/#breadcrumb\"},\"inLanguage\":\"es\",\"potentialAction\":[{\"@type\":\"ReadAction\",\"target\":[\"https:\/\/noti-america.com\/site\/principal\/2018\/04\/01\/1342-5000-el-ex-dictador-de-guatemala-rios-montt-plagado-de-cargos-de-genocidio-muere\/\"]}]},{\"@type\":\"ImageObject\",\"inLanguage\":\"es\",\"@id\":\"https:\/\/noti-america.com\/site\/principal\/2018\/04\/01\/1342-5000-el-ex-dictador-de-guatemala-rios-montt-plagado-de-cargos-de-genocidio-muere\/#primaryimage\",\"url\":\"https:\/\/noti-america.com\/site\/principal\/wp-content\/uploads\/sites\/26\/2018\/04\/exdictador.jpg\",\"contentUrl\":\"https:\/\/noti-america.com\/site\/principal\/wp-content\/uploads\/sites\/26\/2018\/04\/exdictador.jpg\",\"width\":646,\"height\":364},{\"@type\":\"BreadcrumbList\",\"@id\":\"https:\/\/noti-america.com\/site\/principal\/2018\/04\/01\/1342-5000-el-ex-dictador-de-guatemala-rios-montt-plagado-de-cargos-de-genocidio-muere\/#breadcrumb\",\"itemListElement\":[{\"@type\":\"ListItem\",\"position\":1,\"name\":\"Portada\",\"item\":\"https:\/\/noti-america.com\/site\/principal\/\"},{\"@type\":\"ListItem\",\"position\":2,\"name\":\"El ex dictador de Guatemala Rios Montt, plagado de cargos de genocidio, muere\"}]},{\"@type\":\"WebSite\",\"@id\":\"https:\/\/noti-america.com\/site\/principal\/#website\",\"url\":\"https:\/\/noti-america.com\/site\/principal\/\",\"name\":\"Noti-America.com\",\"description\":\"El Noticiero Digital M\u00e1s Grande de Am\u00e9rica\",\"potentialAction\":[{\"@type\":\"SearchAction\",\"target\":{\"@type\":\"EntryPoint\",\"urlTemplate\":\"https:\/\/noti-america.com\/site\/principal\/?s={search_term_string}\"},\"query-input\":{\"@type\":\"PropertyValueSpecification\",\"valueRequired\":true,\"valueName\":\"search_term_string\"}}],\"inLanguage\":\"es\"},{\"@type\":\"Person\",\"@id\":\"https:\/\/noti-america.com\/site\/principal\/#\/schema\/person\/1a24e37c3c358f389f0a111448ddb870\",\"name\":\"Ydalith Figueroa Kad-Bay\",\"image\":{\"@type\":\"ImageObject\",\"inLanguage\":\"es\",\"@id\":\"https:\/\/secure.gravatar.com\/avatar\/7d1e350465afd215908c3ed413e32ef600cd41c3c21b95416252432a9f6c219c?s=96&d=mm&r=g\",\"url\":\"https:\/\/secure.gravatar.com\/avatar\/7d1e350465afd215908c3ed413e32ef600cd41c3c21b95416252432a9f6c219c?s=96&d=mm&r=g\",\"contentUrl\":\"https:\/\/secure.gravatar.com\/avatar\/7d1e350465afd215908c3ed413e32ef600cd41c3c21b95416252432a9f6c219c?s=96&d=mm&r=g\",\"caption\":\"Ydalith Figueroa Kad-Bay\"},\"description\":\"CEO Noti-America Alemania Embajadora de Venezuela para el Proyecto de Acci\u00f3n Clim\u00e1tica de la ONU, Embajadora para la ense\u00f1anza de los ODS de la ONU, Amplificador de la Acci\u00f3n de los ODS de la ONU, Profesor Voluntario del Proyecto KAKUMA (Educaci\u00f3n de calidad para refugiados en \u00c1frica) UNHCR \u2013 ACNUR - Agencia para los refugiados de la ONU-, Miembro de la ONG Gente Y Ciudad, Embajador de las Instituciones de Microfinanzas \u201cNo a la pobreza ODS #1 de la ONU\u201d (todos tienen derecho a acceso a un cr\u00e9dito), y Voluntario al di\u00e1logo global de UN75. Twitter @ydalithkad email ydalith@yhaoo.com Locutor Profesional 32931 Universidad Central de Venezuela @ISHannover \\\"Colegio Internacional de Hannover Regi\u00f3n, Alemania\\\" Representante de Aprendizaje Innovaci\u00f3n y Tecnolog\u00eda #LMS (Sistema de Gesti\u00f3n de Aprendizaje) #LMS Gente y Ciudad &amp; Asesores Internacionales ONG Alemania. ONG \\\"Gente y Ciudad, Venezuela\\\" Miembro y Asesor especialista An\u00e1lisis de Pol\u00edtica Internacional Asesor Pol\u00edtico Internacional de Venezuela en la defensa de los Derechos Humanos y el restablecimiento Democr\u00e1tico. Diplomacia positiva y Activa. Pasi\u00f3n por el Golf Proyecto #LMS \\\"Golf para ni\u00f1os y adultos Internacional\\\" Pasi\u00f3n por los Postres Proyecto #LMS \\\"Postres, Que Unen a las Culturas del mundo\\\"\",\"sameAs\":[\"https:\/\/x.com\/ydalithkad\"],\"url\":\"https:\/\/noti-america.com\/site\/principal\/author\/yfigueroa\/\"}]}<\/script>\n<!-- \/ Yoast SEO Premium plugin. -->","yoast_head_json":{"title":"El ex dictador de Guatemala Rios Montt, plagado de cargos de genocidio, muere - Noti-America.com","robots":{"index":"index","follow":"follow","max-snippet":"max-snippet:-1","max-image-preview":"max-image-preview:large","max-video-preview":"max-video-preview:-1"},"canonical":"https:\/\/noti-america.com\/site\/principal\/2018\/04\/01\/1342-5000-el-ex-dictador-de-guatemala-rios-montt-plagado-de-cargos-de-genocidio-muere\/","og_locale":"es_ES","og_type":"article","og_title":"El ex dictador de Guatemala Rios Montt, plagado de cargos de genocidio, muere","og_description":"CIUDAD DE GUATEMALA &#8211; El ex dictador militar guatemalteco Efra\u00edn R\u00edos Montt, acosado por cargos de genocidio durante d\u00e9cadas, muri\u00f3 el domingo a los 91 a\u00f1os, dejando amargos recuerdos de su sangrienta administraci\u00f3n de&#46;&#46;&#46;","og_url":"https:\/\/noti-america.com\/site\/principal\/2018\/04\/01\/1342-5000-el-ex-dictador-de-guatemala-rios-montt-plagado-de-cargos-de-genocidio-muere\/","og_site_name":"Noti-America.com","article_published_time":"2018-04-01T21:53:42+00:00","article_modified_time":"2018-04-01T21:54:37+00:00","og_image":[{"width":646,"height":364,"url":"https:\/\/noti-america.com\/site\/principal\/wp-content\/uploads\/sites\/26\/2018\/04\/exdictador.jpg","type":"image\/jpeg"}],"author":"Ydalith Figueroa Kad-Bay","twitter_card":"summary_large_image","twitter_creator":"@ydalithkad","twitter_misc":{"Escrito por":"Ydalith Figueroa Kad-Bay","Tiempo estimado de lectura":"5 minutos"},"schema":{"@context":"https:\/\/schema.org","@graph":[{"@type":"Article","@id":"https:\/\/noti-america.com\/site\/principal\/2018\/04\/01\/1342-5000-el-ex-dictador-de-guatemala-rios-montt-plagado-de-cargos-de-genocidio-muere\/#article","isPartOf":{"@id":"https:\/\/noti-america.com\/site\/principal\/2018\/04\/01\/1342-5000-el-ex-dictador-de-guatemala-rios-montt-plagado-de-cargos-de-genocidio-muere\/"},"author":{"name":"Ydalith Figueroa Kad-Bay","@id":"https:\/\/noti-america.com\/site\/principal\/#\/schema\/person\/1a24e37c3c358f389f0a111448ddb870"},"headline":"El ex dictador de Guatemala Rios Montt, plagado de cargos de genocidio, muere","datePublished":"2018-04-01T21:53:42+00:00","dateModified":"2018-04-01T21:54:37+00:00","mainEntityOfPage":{"@id":"https:\/\/noti-america.com\/site\/principal\/2018\/04\/01\/1342-5000-el-ex-dictador-de-guatemala-rios-montt-plagado-de-cargos-de-genocidio-muere\/"},"wordCount":1021,"commentCount":0,"image":{"@id":"https:\/\/noti-america.com\/site\/principal\/2018\/04\/01\/1342-5000-el-ex-dictador-de-guatemala-rios-montt-plagado-de-cargos-de-genocidio-muere\/#primaryimage"},"thumbnailUrl":"https:\/\/noti-america.com\/site\/principal\/wp-content\/uploads\/sites\/26\/2018\/04\/exdictador.jpg","keywords":["Dictador"],"articleSection":["Guatemala","Internacionales","Sucesos"],"inLanguage":"es","potentialAction":[{"@type":"CommentAction","name":"Comment","target":["https:\/\/noti-america.com\/site\/principal\/2018\/04\/01\/1342-5000-el-ex-dictador-de-guatemala-rios-montt-plagado-de-cargos-de-genocidio-muere\/#respond"]}]},{"@type":"WebPage","@id":"https:\/\/noti-america.com\/site\/principal\/2018\/04\/01\/1342-5000-el-ex-dictador-de-guatemala-rios-montt-plagado-de-cargos-de-genocidio-muere\/","url":"https:\/\/noti-america.com\/site\/principal\/2018\/04\/01\/1342-5000-el-ex-dictador-de-guatemala-rios-montt-plagado-de-cargos-de-genocidio-muere\/","name":"El ex dictador de Guatemala Rios Montt, plagado de cargos de genocidio, muere - Noti-America.com","isPartOf":{"@id":"https:\/\/noti-america.com\/site\/principal\/#website"},"primaryImageOfPage":{"@id":"https:\/\/noti-america.com\/site\/principal\/2018\/04\/01\/1342-5000-el-ex-dictador-de-guatemala-rios-montt-plagado-de-cargos-de-genocidio-muere\/#primaryimage"},"image":{"@id":"https:\/\/noti-america.com\/site\/principal\/2018\/04\/01\/1342-5000-el-ex-dictador-de-guatemala-rios-montt-plagado-de-cargos-de-genocidio-muere\/#primaryimage"},"thumbnailUrl":"https:\/\/noti-america.com\/site\/principal\/wp-content\/uploads\/sites\/26\/2018\/04\/exdictador.jpg","datePublished":"2018-04-01T21:53:42+00:00","dateModified":"2018-04-01T21:54:37+00:00","author":{"@id":"https:\/\/noti-america.com\/site\/principal\/#\/schema\/person\/1a24e37c3c358f389f0a111448ddb870"},"breadcrumb":{"@id":"https:\/\/noti-america.com\/site\/principal\/2018\/04\/01\/1342-5000-el-ex-dictador-de-guatemala-rios-montt-plagado-de-cargos-de-genocidio-muere\/#breadcrumb"},"inLanguage":"es","potentialAction":[{"@type":"ReadAction","target":["https:\/\/noti-america.com\/site\/principal\/2018\/04\/01\/1342-5000-el-ex-dictador-de-guatemala-rios-montt-plagado-de-cargos-de-genocidio-muere\/"]}]},{"@type":"ImageObject","inLanguage":"es","@id":"https:\/\/noti-america.com\/site\/principal\/2018\/04\/01\/1342-5000-el-ex-dictador-de-guatemala-rios-montt-plagado-de-cargos-de-genocidio-muere\/#primaryimage","url":"https:\/\/noti-america.com\/site\/principal\/wp-content\/uploads\/sites\/26\/2018\/04\/exdictador.jpg","contentUrl":"https:\/\/noti-america.com\/site\/principal\/wp-content\/uploads\/sites\/26\/2018\/04\/exdictador.jpg","width":646,"height":364},{"@type":"BreadcrumbList","@id":"https:\/\/noti-america.com\/site\/principal\/2018\/04\/01\/1342-5000-el-ex-dictador-de-guatemala-rios-montt-plagado-de-cargos-de-genocidio-muere\/#breadcrumb","itemListElement":[{"@type":"ListItem","position":1,"name":"Portada","item":"https:\/\/noti-america.com\/site\/principal\/"},{"@type":"ListItem","position":2,"name":"El ex dictador de Guatemala Rios Montt, plagado de cargos de genocidio, muere"}]},{"@type":"WebSite","@id":"https:\/\/noti-america.com\/site\/principal\/#website","url":"https:\/\/noti-america.com\/site\/principal\/","name":"Noti-America.com","description":"El Noticiero Digital M\u00e1s Grande de Am\u00e9rica","potentialAction":[{"@type":"SearchAction","target":{"@type":"EntryPoint","urlTemplate":"https:\/\/noti-america.com\/site\/principal\/?s={search_term_string}"},"query-input":{"@type":"PropertyValueSpecification","valueRequired":true,"valueName":"search_term_string"}}],"inLanguage":"es"},{"@type":"Person","@id":"https:\/\/noti-america.com\/site\/principal\/#\/schema\/person\/1a24e37c3c358f389f0a111448ddb870","name":"Ydalith Figueroa Kad-Bay","image":{"@type":"ImageObject","inLanguage":"es","@id":"https:\/\/secure.gravatar.com\/avatar\/7d1e350465afd215908c3ed413e32ef600cd41c3c21b95416252432a9f6c219c?s=96&d=mm&r=g","url":"https:\/\/secure.gravatar.com\/avatar\/7d1e350465afd215908c3ed413e32ef600cd41c3c21b95416252432a9f6c219c?s=96&d=mm&r=g","contentUrl":"https:\/\/secure.gravatar.com\/avatar\/7d1e350465afd215908c3ed413e32ef600cd41c3c21b95416252432a9f6c219c?s=96&d=mm&r=g","caption":"Ydalith Figueroa Kad-Bay"},"description":"CEO Noti-America Alemania Embajadora de Venezuela para el Proyecto de Acci\u00f3n Clim\u00e1tica de la ONU, Embajadora para la ense\u00f1anza de los ODS de la ONU, Amplificador de la Acci\u00f3n de los ODS de la ONU, Profesor Voluntario del Proyecto KAKUMA (Educaci\u00f3n de calidad para refugiados en \u00c1frica) UNHCR \u2013 ACNUR - Agencia para los refugiados de la ONU-, Miembro de la ONG Gente Y Ciudad, Embajador de las Instituciones de Microfinanzas \u201cNo a la pobreza ODS #1 de la ONU\u201d (todos tienen derecho a acceso a un cr\u00e9dito), y Voluntario al di\u00e1logo global de UN75. Twitter @ydalithkad email ydalith@yhaoo.com Locutor Profesional 32931 Universidad Central de Venezuela @ISHannover \"Colegio Internacional de Hannover Regi\u00f3n, Alemania\" Representante de Aprendizaje Innovaci\u00f3n y Tecnolog\u00eda #LMS (Sistema de Gesti\u00f3n de Aprendizaje) #LMS Gente y Ciudad &amp; Asesores Internacionales ONG Alemania. ONG \"Gente y Ciudad, Venezuela\" Miembro y Asesor especialista An\u00e1lisis de Pol\u00edtica Internacional Asesor Pol\u00edtico Internacional de Venezuela en la defensa de los Derechos Humanos y el restablecimiento Democr\u00e1tico. Diplomacia positiva y Activa. Pasi\u00f3n por el Golf Proyecto #LMS \"Golf para ni\u00f1os y adultos Internacional\" Pasi\u00f3n por los Postres Proyecto #LMS \"Postres, Que Unen a las Culturas del mundo\"","sameAs":["https:\/\/x.com\/ydalithkad"],"url":"https:\/\/noti-america.com\/site\/principal\/author\/yfigueroa\/"}]}},"_links":{"self":[{"href":"https:\/\/noti-america.com\/site\/principal\/wp-json\/wp\/v2\/posts\/2137","targetHints":{"allow":["GET"]}}],"collection":[{"href":"https:\/\/noti-america.com\/site\/principal\/wp-json\/wp\/v2\/posts"}],"about":[{"href":"https:\/\/noti-america.com\/site\/principal\/wp-json\/wp\/v2\/types\/post"}],"author":[{"embeddable":true,"href":"https:\/\/noti-america.com\/site\/principal\/wp-json\/wp\/v2\/users\/31"}],"replies":[{"embeddable":true,"href":"https:\/\/noti-america.com\/site\/principal\/wp-json\/wp\/v2\/comments?post=2137"}],"version-history":[{"count":2,"href":"https:\/\/noti-america.com\/site\/principal\/wp-json\/wp\/v2\/posts\/2137\/revisions"}],"predecessor-version":[{"id":2140,"href":"https:\/\/noti-america.com\/site\/principal\/wp-json\/wp\/v2\/posts\/2137\/revisions\/2140"}],"wp:featuredmedia":[{"embeddable":true,"href":"https:\/\/noti-america.com\/site\/principal\/wp-json\/wp\/v2\/media\/2138"}],"wp:attachment":[{"href":"https:\/\/noti-america.com\/site\/principal\/wp-json\/wp\/v2\/media?parent=2137"}],"wp:term":[{"taxonomy":"category","embeddable":true,"href":"https:\/\/noti-america.com\/site\/principal\/wp-json\/wp\/v2\/categories?post=2137"},{"taxonomy":"post_tag","embeddable":true,"href":"https:\/\/noti-america.com\/site\/principal\/wp-json\/wp\/v2\/tags?post=2137"}],"curies":[{"name":"wp","href":"https:\/\/api.w.org\/{rel}","templated":true}]}}