{"id":2127,"date":"2018-04-01T21:15:04","date_gmt":"2018-04-01T21:15:04","guid":{"rendered":"http:\/\/noti-america.com\/site\/alemania\/?p=2127"},"modified":"2018-04-01T21:18:23","modified_gmt":"2018-04-01T21:18:23","slug":"la-reina-isabel-del-reino-unido-asiste-al-servicio-de-pascua-en-windsor-personal-de-reuters","status":"publish","type":"post","link":"https:\/\/noti-america.com\/site\/principal\/2018\/04\/01\/la-reina-isabel-del-reino-unido-asiste-al-servicio-de-pascua-en-windsor-personal-de-reuters\/","title":{"rendered":"La reina Isabel del Reino Unido asiste al servicio de Pascua en Windsor"},"content":{"rendered":"<p>LONDRES &#8211; La reina Isabel el domingo asisti\u00f3 al tradicional servicio de Pascua en el Castillo de Windsor el domingo, uni\u00e9ndose a otros miembros de la familia real en la Capilla de San Jorge, donde su nieto, el pr\u00edncipe Harry, se casar\u00e1 con Meghan Markle el pr\u00f3ximo mes.<\/p>\n<p>El monarca brit\u00e1nico, vestido con un sombrero y un abrigo morado y un vestido de flores, fue recibido en la capilla por el decano de Windsor, David Conner, quien conducir\u00e1 el servicio de bodas el 19 de mayo.<\/p>\n<p>A ella se unieron su nieto mayor, el pr\u00edncipe Guillermo y su esposa Kate, quien debe dar a luz al tercer hijo de la pareja este mes, y otros miembros de la familia real.<\/p>\n<p>El marido de 96 a\u00f1os de la reina, el pr\u00edncipe Felipe, estaba ausente del servicio, al igual que Harry y su prometida.<\/p>\n<p>Philip se retir\u00f3 del Royal Maundy Service en la Catedral de Leicester, en el centro de Inglaterra, el jueves debido a un problema de cadera, seg\u00fan una fuente real.<\/p>\n<p>La reina Isabel, que cumplir\u00e1 92 a\u00f1os el 21 de abril, recibi\u00f3 un ramillete de flores cuando abandon\u00f3 el servicio en su residencia en el pueblo ubicado al oeste de Londres.<\/p>\n<p>M\u00e1s temprano el domingo, el Palacio de Kensington dijo que el pr\u00edncipe y Markle hab\u00edan elegido a un florista de Londres amado por la industria de la moda para arreglar las decoraciones florales para su boda.<\/p>\n<p>Fuente( reuters) editado al espanol por Ydalith figueroa Kad-Bay Nt-A-As<\/p>\n","protected":false},"excerpt":{"rendered":"<p>LONDRES &#8211; La reina Isabel el domingo asisti\u00f3 al tradicional servicio de Pascua en el Castillo de Windsor el domingo, uni\u00e9ndose a otros miembros de la familia real en la Capilla de San Jorge,&#46;&#46;&#46;<\/p>\n","protected":false},"author":31,"featured_media":2128,"comment_status":"open","ping_status":"open","sticky":false,"template":"","format":"standard","meta":{"_acf_changed":false,"rop_custom_images_group":[],"rop_custom_messages_group":[],"rop_publish_now":"initial","rop_publish_now_accounts":{"facebook_10219548024599422_1632221337088128":"","twitter_242054905_242054905":""},"rop_publish_now_history":[],"rop_publish_now_status":"pending","footnotes":""},"categories":[4,81,30],"tags":[],"class_list":["post-2127","post","type-post","status-publish","format-standard","has-post-thumbnail","hentry","category-internacionales","category-londres","category-sociedad"],"acf":[],"yoast_head":"<!-- This site is optimized with the Yoast SEO Premium plugin v24.9 (Yoast SEO v27.2) - https:\/\/yoast.com\/product\/yoast-seo-premium-wordpress\/ -->\n<title>La reina Isabel del Reino Unido asiste al servicio de Pascua en Windsor - Noti-America.com<\/title>\n<meta name=\"robots\" content=\"index, follow, max-snippet:-1, max-image-preview:large, max-video-preview:-1\" \/>\n<link rel=\"canonical\" href=\"https:\/\/noti-america.com\/site\/principal\/2018\/04\/01\/la-reina-isabel-del-reino-unido-asiste-al-servicio-de-pascua-en-windsor-personal-de-reuters\/\" \/>\n<meta property=\"og:locale\" content=\"es_ES\" \/>\n<meta property=\"og:type\" content=\"article\" \/>\n<meta property=\"og:title\" content=\"La reina Isabel del Reino Unido asiste al servicio de Pascua en Windsor\" \/>\n<meta property=\"og:description\" content=\"LONDRES &#8211; La reina Isabel el domingo asisti\u00f3 al tradicional servicio de Pascua en el Castillo de Windsor el domingo, uni\u00e9ndose a otros miembros de la familia real en la Capilla de San Jorge,&#046;&#046;&#046;\" \/>\n<meta property=\"og:url\" content=\"https:\/\/noti-america.com\/site\/principal\/2018\/04\/01\/la-reina-isabel-del-reino-unido-asiste-al-servicio-de-pascua-en-windsor-personal-de-reuters\/\" \/>\n<meta property=\"og:site_name\" content=\"Noti-America.com\" \/>\n<meta property=\"article:published_time\" content=\"2018-04-01T21:15:04+00:00\" \/>\n<meta property=\"article:modified_time\" content=\"2018-04-01T21:18:23+00:00\" \/>\n<meta property=\"og:image\" content=\"https:\/\/noti-america.com\/site\/principal\/wp-content\/uploads\/sites\/26\/2018\/04\/Isabel.jpg\" \/>\n\t<meta property=\"og:image:width\" content=\"594\" \/>\n\t<meta property=\"og:image:height\" content=\"396\" \/>\n\t<meta property=\"og:image:type\" content=\"image\/jpeg\" \/>\n<meta name=\"author\" content=\"Ydalith Figueroa Kad-Bay\" \/>\n<meta name=\"twitter:card\" content=\"summary_large_image\" \/>\n<meta name=\"twitter:creator\" content=\"@ydalithkad\" \/>\n<meta name=\"twitter:label1\" content=\"Escrito por\" \/>\n\t<meta name=\"twitter:data1\" content=\"Ydalith Figueroa Kad-Bay\" \/>\n\t<meta name=\"twitter:label2\" content=\"Tiempo estimado de lectura\" \/>\n\t<meta name=\"twitter:data2\" content=\"1 minuto\" \/>\n<script type=\"application\/ld+json\" class=\"yoast-schema-graph\">{\"@context\":\"https:\/\/schema.org\",\"@graph\":[{\"@type\":\"Article\",\"@id\":\"https:\/\/noti-america.com\/site\/principal\/2018\/04\/01\/la-reina-isabel-del-reino-unido-asiste-al-servicio-de-pascua-en-windsor-personal-de-reuters\/#article\",\"isPartOf\":{\"@id\":\"https:\/\/noti-america.com\/site\/principal\/2018\/04\/01\/la-reina-isabel-del-reino-unido-asiste-al-servicio-de-pascua-en-windsor-personal-de-reuters\/\"},\"author\":{\"name\":\"Ydalith Figueroa Kad-Bay\",\"@id\":\"https:\/\/noti-america.com\/site\/principal\/#\/schema\/person\/1a24e37c3c358f389f0a111448ddb870\"},\"headline\":\"La reina Isabel del Reino Unido asiste al servicio de Pascua en Windsor\",\"datePublished\":\"2018-04-01T21:15:04+00:00\",\"dateModified\":\"2018-04-01T21:18:23+00:00\",\"mainEntityOfPage\":{\"@id\":\"https:\/\/noti-america.com\/site\/principal\/2018\/04\/01\/la-reina-isabel-del-reino-unido-asiste-al-servicio-de-pascua-en-windsor-personal-de-reuters\/\"},\"wordCount\":269,\"commentCount\":0,\"image\":{\"@id\":\"https:\/\/noti-america.com\/site\/principal\/2018\/04\/01\/la-reina-isabel-del-reino-unido-asiste-al-servicio-de-pascua-en-windsor-personal-de-reuters\/#primaryimage\"},\"thumbnailUrl\":\"https:\/\/noti-america.com\/site\/principal\/wp-content\/uploads\/sites\/26\/2018\/04\/Isabel.jpg\",\"articleSection\":[\"Internacionales\",\"Londres\",\"Sociedad\"],\"inLanguage\":\"es\",\"potentialAction\":[{\"@type\":\"CommentAction\",\"name\":\"Comment\",\"target\":[\"https:\/\/noti-america.com\/site\/principal\/2018\/04\/01\/la-reina-isabel-del-reino-unido-asiste-al-servicio-de-pascua-en-windsor-personal-de-reuters\/#respond\"]}]},{\"@type\":\"WebPage\",\"@id\":\"https:\/\/noti-america.com\/site\/principal\/2018\/04\/01\/la-reina-isabel-del-reino-unido-asiste-al-servicio-de-pascua-en-windsor-personal-de-reuters\/\",\"url\":\"https:\/\/noti-america.com\/site\/principal\/2018\/04\/01\/la-reina-isabel-del-reino-unido-asiste-al-servicio-de-pascua-en-windsor-personal-de-reuters\/\",\"name\":\"La reina Isabel del Reino Unido asiste al servicio de Pascua en Windsor - Noti-America.com\",\"isPartOf\":{\"@id\":\"https:\/\/noti-america.com\/site\/principal\/#website\"},\"primaryImageOfPage\":{\"@id\":\"https:\/\/noti-america.com\/site\/principal\/2018\/04\/01\/la-reina-isabel-del-reino-unido-asiste-al-servicio-de-pascua-en-windsor-personal-de-reuters\/#primaryimage\"},\"image\":{\"@id\":\"https:\/\/noti-america.com\/site\/principal\/2018\/04\/01\/la-reina-isabel-del-reino-unido-asiste-al-servicio-de-pascua-en-windsor-personal-de-reuters\/#primaryimage\"},\"thumbnailUrl\":\"https:\/\/noti-america.com\/site\/principal\/wp-content\/uploads\/sites\/26\/2018\/04\/Isabel.jpg\",\"datePublished\":\"2018-04-01T21:15:04+00:00\",\"dateModified\":\"2018-04-01T21:18:23+00:00\",\"author\":{\"@id\":\"https:\/\/noti-america.com\/site\/principal\/#\/schema\/person\/1a24e37c3c358f389f0a111448ddb870\"},\"breadcrumb\":{\"@id\":\"https:\/\/noti-america.com\/site\/principal\/2018\/04\/01\/la-reina-isabel-del-reino-unido-asiste-al-servicio-de-pascua-en-windsor-personal-de-reuters\/#breadcrumb\"},\"inLanguage\":\"es\",\"potentialAction\":[{\"@type\":\"ReadAction\",\"target\":[\"https:\/\/noti-america.com\/site\/principal\/2018\/04\/01\/la-reina-isabel-del-reino-unido-asiste-al-servicio-de-pascua-en-windsor-personal-de-reuters\/\"]}]},{\"@type\":\"ImageObject\",\"inLanguage\":\"es\",\"@id\":\"https:\/\/noti-america.com\/site\/principal\/2018\/04\/01\/la-reina-isabel-del-reino-unido-asiste-al-servicio-de-pascua-en-windsor-personal-de-reuters\/#primaryimage\",\"url\":\"https:\/\/noti-america.com\/site\/principal\/wp-content\/uploads\/sites\/26\/2018\/04\/Isabel.jpg\",\"contentUrl\":\"https:\/\/noti-america.com\/site\/principal\/wp-content\/uploads\/sites\/26\/2018\/04\/Isabel.jpg\",\"width\":594,\"height\":396,\"caption\":\"WINDSOR, ENGLAND - APRIL 1: Dean of Windsor, David Conner Queen Elizabeth II exit as Prince William, Duke of Cambridge and Catherine, Duchess of Cambridge follow them after the Easter Mattins Service at St. George's Chapel at Windsor Castle on April 1, 2018 in Windsor, England. (Photo by Simon Dawson - WPA Pool\/Getty Images)\"},{\"@type\":\"BreadcrumbList\",\"@id\":\"https:\/\/noti-america.com\/site\/principal\/2018\/04\/01\/la-reina-isabel-del-reino-unido-asiste-al-servicio-de-pascua-en-windsor-personal-de-reuters\/#breadcrumb\",\"itemListElement\":[{\"@type\":\"ListItem\",\"position\":1,\"name\":\"Portada\",\"item\":\"https:\/\/noti-america.com\/site\/principal\/\"},{\"@type\":\"ListItem\",\"position\":2,\"name\":\"La reina Isabel del Reino Unido asiste al servicio de Pascua en Windsor\"}]},{\"@type\":\"WebSite\",\"@id\":\"https:\/\/noti-america.com\/site\/principal\/#website\",\"url\":\"https:\/\/noti-america.com\/site\/principal\/\",\"name\":\"Noti-America.com\",\"description\":\"El Noticiero Digital M\u00e1s Grande de Am\u00e9rica\",\"potentialAction\":[{\"@type\":\"SearchAction\",\"target\":{\"@type\":\"EntryPoint\",\"urlTemplate\":\"https:\/\/noti-america.com\/site\/principal\/?s={search_term_string}\"},\"query-input\":{\"@type\":\"PropertyValueSpecification\",\"valueRequired\":true,\"valueName\":\"search_term_string\"}}],\"inLanguage\":\"es\"},{\"@type\":\"Person\",\"@id\":\"https:\/\/noti-america.com\/site\/principal\/#\/schema\/person\/1a24e37c3c358f389f0a111448ddb870\",\"name\":\"Ydalith Figueroa Kad-Bay\",\"image\":{\"@type\":\"ImageObject\",\"inLanguage\":\"es\",\"@id\":\"https:\/\/secure.gravatar.com\/avatar\/7d1e350465afd215908c3ed413e32ef600cd41c3c21b95416252432a9f6c219c?s=96&d=mm&r=g\",\"url\":\"https:\/\/secure.gravatar.com\/avatar\/7d1e350465afd215908c3ed413e32ef600cd41c3c21b95416252432a9f6c219c?s=96&d=mm&r=g\",\"contentUrl\":\"https:\/\/secure.gravatar.com\/avatar\/7d1e350465afd215908c3ed413e32ef600cd41c3c21b95416252432a9f6c219c?s=96&d=mm&r=g\",\"caption\":\"Ydalith Figueroa Kad-Bay\"},\"description\":\"CEO Noti-America Alemania Embajadora de Venezuela para el Proyecto de Acci\u00f3n Clim\u00e1tica de la ONU, Embajadora para la ense\u00f1anza de los ODS de la ONU, Amplificador de la Acci\u00f3n de los ODS de la ONU, Profesor Voluntario del Proyecto KAKUMA (Educaci\u00f3n de calidad para refugiados en \u00c1frica) UNHCR \u2013 ACNUR - Agencia para los refugiados de la ONU-, Miembro de la ONG Gente Y Ciudad, Embajador de las Instituciones de Microfinanzas \u201cNo a la pobreza ODS #1 de la ONU\u201d (todos tienen derecho a acceso a un cr\u00e9dito), y Voluntario al di\u00e1logo global de UN75. Twitter @ydalithkad email ydalith@yhaoo.com Locutor Profesional 32931 Universidad Central de Venezuela @ISHannover \\\"Colegio Internacional de Hannover Regi\u00f3n, Alemania\\\" Representante de Aprendizaje Innovaci\u00f3n y Tecnolog\u00eda #LMS (Sistema de Gesti\u00f3n de Aprendizaje) #LMS Gente y Ciudad &amp; Asesores Internacionales ONG Alemania. ONG \\\"Gente y Ciudad, Venezuela\\\" Miembro y Asesor especialista An\u00e1lisis de Pol\u00edtica Internacional Asesor Pol\u00edtico Internacional de Venezuela en la defensa de los Derechos Humanos y el restablecimiento Democr\u00e1tico. Diplomacia positiva y Activa. Pasi\u00f3n por el Golf Proyecto #LMS \\\"Golf para ni\u00f1os y adultos Internacional\\\" Pasi\u00f3n por los Postres Proyecto #LMS \\\"Postres, Que Unen a las Culturas del mundo\\\"\",\"sameAs\":[\"https:\/\/x.com\/ydalithkad\"],\"url\":\"https:\/\/noti-america.com\/site\/principal\/author\/yfigueroa\/\"}]}<\/script>\n<!-- \/ Yoast SEO Premium plugin. -->","yoast_head_json":{"title":"La reina Isabel del Reino Unido asiste al servicio de Pascua en Windsor - Noti-America.com","robots":{"index":"index","follow":"follow","max-snippet":"max-snippet:-1","max-image-preview":"max-image-preview:large","max-video-preview":"max-video-preview:-1"},"canonical":"https:\/\/noti-america.com\/site\/principal\/2018\/04\/01\/la-reina-isabel-del-reino-unido-asiste-al-servicio-de-pascua-en-windsor-personal-de-reuters\/","og_locale":"es_ES","og_type":"article","og_title":"La reina Isabel del Reino Unido asiste al servicio de Pascua en Windsor","og_description":"LONDRES &#8211; La reina Isabel el domingo asisti\u00f3 al tradicional servicio de Pascua en el Castillo de Windsor el domingo, uni\u00e9ndose a otros miembros de la familia real en la Capilla de San Jorge,&#46;&#46;&#46;","og_url":"https:\/\/noti-america.com\/site\/principal\/2018\/04\/01\/la-reina-isabel-del-reino-unido-asiste-al-servicio-de-pascua-en-windsor-personal-de-reuters\/","og_site_name":"Noti-America.com","article_published_time":"2018-04-01T21:15:04+00:00","article_modified_time":"2018-04-01T21:18:23+00:00","og_image":[{"width":594,"height":396,"url":"https:\/\/noti-america.com\/site\/principal\/wp-content\/uploads\/sites\/26\/2018\/04\/Isabel.jpg","type":"image\/jpeg"}],"author":"Ydalith Figueroa Kad-Bay","twitter_card":"summary_large_image","twitter_creator":"@ydalithkad","twitter_misc":{"Escrito por":"Ydalith Figueroa Kad-Bay","Tiempo estimado de lectura":"1 minuto"},"schema":{"@context":"https:\/\/schema.org","@graph":[{"@type":"Article","@id":"https:\/\/noti-america.com\/site\/principal\/2018\/04\/01\/la-reina-isabel-del-reino-unido-asiste-al-servicio-de-pascua-en-windsor-personal-de-reuters\/#article","isPartOf":{"@id":"https:\/\/noti-america.com\/site\/principal\/2018\/04\/01\/la-reina-isabel-del-reino-unido-asiste-al-servicio-de-pascua-en-windsor-personal-de-reuters\/"},"author":{"name":"Ydalith Figueroa Kad-Bay","@id":"https:\/\/noti-america.com\/site\/principal\/#\/schema\/person\/1a24e37c3c358f389f0a111448ddb870"},"headline":"La reina Isabel del Reino Unido asiste al servicio de Pascua en Windsor","datePublished":"2018-04-01T21:15:04+00:00","dateModified":"2018-04-01T21:18:23+00:00","mainEntityOfPage":{"@id":"https:\/\/noti-america.com\/site\/principal\/2018\/04\/01\/la-reina-isabel-del-reino-unido-asiste-al-servicio-de-pascua-en-windsor-personal-de-reuters\/"},"wordCount":269,"commentCount":0,"image":{"@id":"https:\/\/noti-america.com\/site\/principal\/2018\/04\/01\/la-reina-isabel-del-reino-unido-asiste-al-servicio-de-pascua-en-windsor-personal-de-reuters\/#primaryimage"},"thumbnailUrl":"https:\/\/noti-america.com\/site\/principal\/wp-content\/uploads\/sites\/26\/2018\/04\/Isabel.jpg","articleSection":["Internacionales","Londres","Sociedad"],"inLanguage":"es","potentialAction":[{"@type":"CommentAction","name":"Comment","target":["https:\/\/noti-america.com\/site\/principal\/2018\/04\/01\/la-reina-isabel-del-reino-unido-asiste-al-servicio-de-pascua-en-windsor-personal-de-reuters\/#respond"]}]},{"@type":"WebPage","@id":"https:\/\/noti-america.com\/site\/principal\/2018\/04\/01\/la-reina-isabel-del-reino-unido-asiste-al-servicio-de-pascua-en-windsor-personal-de-reuters\/","url":"https:\/\/noti-america.com\/site\/principal\/2018\/04\/01\/la-reina-isabel-del-reino-unido-asiste-al-servicio-de-pascua-en-windsor-personal-de-reuters\/","name":"La reina Isabel del Reino Unido asiste al servicio de Pascua en Windsor - Noti-America.com","isPartOf":{"@id":"https:\/\/noti-america.com\/site\/principal\/#website"},"primaryImageOfPage":{"@id":"https:\/\/noti-america.com\/site\/principal\/2018\/04\/01\/la-reina-isabel-del-reino-unido-asiste-al-servicio-de-pascua-en-windsor-personal-de-reuters\/#primaryimage"},"image":{"@id":"https:\/\/noti-america.com\/site\/principal\/2018\/04\/01\/la-reina-isabel-del-reino-unido-asiste-al-servicio-de-pascua-en-windsor-personal-de-reuters\/#primaryimage"},"thumbnailUrl":"https:\/\/noti-america.com\/site\/principal\/wp-content\/uploads\/sites\/26\/2018\/04\/Isabel.jpg","datePublished":"2018-04-01T21:15:04+00:00","dateModified":"2018-04-01T21:18:23+00:00","author":{"@id":"https:\/\/noti-america.com\/site\/principal\/#\/schema\/person\/1a24e37c3c358f389f0a111448ddb870"},"breadcrumb":{"@id":"https:\/\/noti-america.com\/site\/principal\/2018\/04\/01\/la-reina-isabel-del-reino-unido-asiste-al-servicio-de-pascua-en-windsor-personal-de-reuters\/#breadcrumb"},"inLanguage":"es","potentialAction":[{"@type":"ReadAction","target":["https:\/\/noti-america.com\/site\/principal\/2018\/04\/01\/la-reina-isabel-del-reino-unido-asiste-al-servicio-de-pascua-en-windsor-personal-de-reuters\/"]}]},{"@type":"ImageObject","inLanguage":"es","@id":"https:\/\/noti-america.com\/site\/principal\/2018\/04\/01\/la-reina-isabel-del-reino-unido-asiste-al-servicio-de-pascua-en-windsor-personal-de-reuters\/#primaryimage","url":"https:\/\/noti-america.com\/site\/principal\/wp-content\/uploads\/sites\/26\/2018\/04\/Isabel.jpg","contentUrl":"https:\/\/noti-america.com\/site\/principal\/wp-content\/uploads\/sites\/26\/2018\/04\/Isabel.jpg","width":594,"height":396,"caption":"WINDSOR, ENGLAND - APRIL 1: Dean of Windsor, David Conner Queen Elizabeth II exit as Prince William, Duke of Cambridge and Catherine, Duchess of Cambridge follow them after the Easter Mattins Service at St. George's Chapel at Windsor Castle on April 1, 2018 in Windsor, England. (Photo by Simon Dawson - WPA Pool\/Getty Images)"},{"@type":"BreadcrumbList","@id":"https:\/\/noti-america.com\/site\/principal\/2018\/04\/01\/la-reina-isabel-del-reino-unido-asiste-al-servicio-de-pascua-en-windsor-personal-de-reuters\/#breadcrumb","itemListElement":[{"@type":"ListItem","position":1,"name":"Portada","item":"https:\/\/noti-america.com\/site\/principal\/"},{"@type":"ListItem","position":2,"name":"La reina Isabel del Reino Unido asiste al servicio de Pascua en Windsor"}]},{"@type":"WebSite","@id":"https:\/\/noti-america.com\/site\/principal\/#website","url":"https:\/\/noti-america.com\/site\/principal\/","name":"Noti-America.com","description":"El Noticiero Digital M\u00e1s Grande de Am\u00e9rica","potentialAction":[{"@type":"SearchAction","target":{"@type":"EntryPoint","urlTemplate":"https:\/\/noti-america.com\/site\/principal\/?s={search_term_string}"},"query-input":{"@type":"PropertyValueSpecification","valueRequired":true,"valueName":"search_term_string"}}],"inLanguage":"es"},{"@type":"Person","@id":"https:\/\/noti-america.com\/site\/principal\/#\/schema\/person\/1a24e37c3c358f389f0a111448ddb870","name":"Ydalith Figueroa Kad-Bay","image":{"@type":"ImageObject","inLanguage":"es","@id":"https:\/\/secure.gravatar.com\/avatar\/7d1e350465afd215908c3ed413e32ef600cd41c3c21b95416252432a9f6c219c?s=96&d=mm&r=g","url":"https:\/\/secure.gravatar.com\/avatar\/7d1e350465afd215908c3ed413e32ef600cd41c3c21b95416252432a9f6c219c?s=96&d=mm&r=g","contentUrl":"https:\/\/secure.gravatar.com\/avatar\/7d1e350465afd215908c3ed413e32ef600cd41c3c21b95416252432a9f6c219c?s=96&d=mm&r=g","caption":"Ydalith Figueroa Kad-Bay"},"description":"CEO Noti-America Alemania Embajadora de Venezuela para el Proyecto de Acci\u00f3n Clim\u00e1tica de la ONU, Embajadora para la ense\u00f1anza de los ODS de la ONU, Amplificador de la Acci\u00f3n de los ODS de la ONU, Profesor Voluntario del Proyecto KAKUMA (Educaci\u00f3n de calidad para refugiados en \u00c1frica) UNHCR \u2013 ACNUR - Agencia para los refugiados de la ONU-, Miembro de la ONG Gente Y Ciudad, Embajador de las Instituciones de Microfinanzas \u201cNo a la pobreza ODS #1 de la ONU\u201d (todos tienen derecho a acceso a un cr\u00e9dito), y Voluntario al di\u00e1logo global de UN75. Twitter @ydalithkad email ydalith@yhaoo.com Locutor Profesional 32931 Universidad Central de Venezuela @ISHannover \"Colegio Internacional de Hannover Regi\u00f3n, Alemania\" Representante de Aprendizaje Innovaci\u00f3n y Tecnolog\u00eda #LMS (Sistema de Gesti\u00f3n de Aprendizaje) #LMS Gente y Ciudad &amp; Asesores Internacionales ONG Alemania. ONG \"Gente y Ciudad, Venezuela\" Miembro y Asesor especialista An\u00e1lisis de Pol\u00edtica Internacional Asesor Pol\u00edtico Internacional de Venezuela en la defensa de los Derechos Humanos y el restablecimiento Democr\u00e1tico. Diplomacia positiva y Activa. Pasi\u00f3n por el Golf Proyecto #LMS \"Golf para ni\u00f1os y adultos Internacional\" Pasi\u00f3n por los Postres Proyecto #LMS \"Postres, Que Unen a las Culturas del mundo\"","sameAs":["https:\/\/x.com\/ydalithkad"],"url":"https:\/\/noti-america.com\/site\/principal\/author\/yfigueroa\/"}]}},"_links":{"self":[{"href":"https:\/\/noti-america.com\/site\/principal\/wp-json\/wp\/v2\/posts\/2127","targetHints":{"allow":["GET"]}}],"collection":[{"href":"https:\/\/noti-america.com\/site\/principal\/wp-json\/wp\/v2\/posts"}],"about":[{"href":"https:\/\/noti-america.com\/site\/principal\/wp-json\/wp\/v2\/types\/post"}],"author":[{"embeddable":true,"href":"https:\/\/noti-america.com\/site\/principal\/wp-json\/wp\/v2\/users\/31"}],"replies":[{"embeddable":true,"href":"https:\/\/noti-america.com\/site\/principal\/wp-json\/wp\/v2\/comments?post=2127"}],"version-history":[{"count":2,"href":"https:\/\/noti-america.com\/site\/principal\/wp-json\/wp\/v2\/posts\/2127\/revisions"}],"predecessor-version":[{"id":2130,"href":"https:\/\/noti-america.com\/site\/principal\/wp-json\/wp\/v2\/posts\/2127\/revisions\/2130"}],"wp:featuredmedia":[{"embeddable":true,"href":"https:\/\/noti-america.com\/site\/principal\/wp-json\/wp\/v2\/media\/2128"}],"wp:attachment":[{"href":"https:\/\/noti-america.com\/site\/principal\/wp-json\/wp\/v2\/media?parent=2127"}],"wp:term":[{"taxonomy":"category","embeddable":true,"href":"https:\/\/noti-america.com\/site\/principal\/wp-json\/wp\/v2\/categories?post=2127"},{"taxonomy":"post_tag","embeddable":true,"href":"https:\/\/noti-america.com\/site\/principal\/wp-json\/wp\/v2\/tags?post=2127"}],"curies":[{"name":"wp","href":"https:\/\/api.w.org\/{rel}","templated":true}]}}