{"id":21092,"date":"2022-11-17T19:15:22","date_gmt":"2022-11-17T23:15:22","guid":{"rendered":"https:\/\/noti-america.com\/site\/principal\/?p=21092"},"modified":"2022-11-17T15:15:32","modified_gmt":"2022-11-17T19:15:32","slug":"vicepresidente-alfredo-borrero-liderara-la-delegacion-ecuatoriana-en-qatar","status":"publish","type":"post","link":"https:\/\/noti-america.com\/site\/principal\/2022\/11\/17\/vicepresidente-alfredo-borrero-liderara-la-delegacion-ecuatoriana-en-qatar\/","title":{"rendered":"Vicepresidente Alfredo Borrero liderar\u00e1 la delegaci\u00f3n ecuatoriana en Qatar"},"content":{"rendered":"<p style=\"text-align: left\">REDACCI\u00d3N NOTI-AM\u00c9RICA\u00a0<strong>(ECUADOR).<\/strong><\/p>\n<div id=\"attachment_22737\" style=\"width: 310px\" class=\"wp-caption aligncenter\"><img loading=\"lazy\" decoding=\"async\" aria-describedby=\"caption-attachment-22737\" class=\"size-medium wp-image-21093\" src=\"https:\/\/noti-america.com\/site\/principal\/wp-content\/uploads\/sites\/26\/2022\/11\/IMG-20221117-WA0070-300x283.jpg\" alt=\"El vicepresidente Alfredo Borrero despidi\u00e9ndose de la ministra de la Embajada de Ecuador en Espa\u00f1a, Ver\u00f3nica Pe\u00f1a.\" width=\"300\" height=\"283\" srcset=\"https:\/\/noti-america.com\/site\/principal\/wp-content\/uploads\/sites\/26\/2022\/11\/IMG-20221117-WA0070-300x283.jpg 300w, https:\/\/noti-america.com\/site\/principal\/wp-content\/uploads\/sites\/26\/2022\/11\/IMG-20221117-WA0070-600x567.jpg 600w, https:\/\/noti-america.com\/site\/principal\/wp-content\/uploads\/sites\/26\/2022\/11\/IMG-20221117-WA0070.jpg 720w\" sizes=\"auto, (max-width: 300px) 100vw, 300px\" \/><p id=\"caption-attachment-22737\" class=\"wp-caption-text\">El vicepresidente Alfredo Borrero despidi\u00e9ndose de la ministra de la Embajada de Ecuador en Espa\u00f1a, Ver\u00f3nica Pe\u00f1a.<\/p><\/div>\n<p style=\"text-align: justify\">Por delegaci\u00f3n del presidente de la Rep\u00fablica, Guillermo Lasso, el vicepresidente, Alfredo Borrero, viaj\u00f3 hoy a Doha para asistir al partido inaugural de la Copa Mundial de la FIFA Qatar 2022.<br \/>\nEn este marco, acompa\u00f1ado de su esposa, Luc\u00eda Pazmi\u00f1o, cumplir\u00e1 varias tareas como parte de su agenda oficial.<br \/>\nTras varias escalas, la comitiva llegar\u00e1 a Qatar el s\u00e1bado 19 de noviembre, a las 03hOO local y ser\u00e1 recibida por el embajador del Ecuador en esa naci\u00f3n, Pascual Del Cioppo.<br \/>\nEntre otras de las actividades que realizar\u00e1, est\u00e1n: el Desfile de Banderas de las 32 delegaciones que jugar\u00e1n en el certamen; una reuni\u00f3n de la delegaci\u00f3n ecuatoriana y otros invitados especiales con el Sheikh T amim bin Hamad Al Thani, Emir de Qatar; la enarbolaci\u00f3n de la bandera del Ecuador en el Katara Cultural Village; y una visita al Hospital Sidra de Qatar Foundatlon.<\/p>\n","protected":false},"excerpt":{"rendered":"<p>REDACCI\u00d3N NOTI-AM\u00c9RICA\u00a0(ECUADOR). Por delegaci\u00f3n del presidente de la Rep\u00fablica, Guillermo Lasso, el vicepresidente, Alfredo Borrero, viaj\u00f3 hoy a Doha para asistir al partido inaugural de la Copa Mundial de la FIFA Qatar 2022. En&#46;&#46;&#46;<\/p>\n","protected":false},"author":81,"featured_media":21093,"comment_status":"closed","ping_status":"open","sticky":false,"template":"","format":"standard","meta":{"_acf_changed":false,"rop_custom_images_group":[],"rop_custom_messages_group":[],"rop_publish_now":"initial","rop_publish_now_accounts":{"facebook_10219548024599422_1632221337088128":"","twitter_242054905_242054905":""},"rop_publish_now_history":[],"rop_publish_now_status":"pending","footnotes":""},"categories":[663,16,152],"tags":[],"class_list":["post-21092","post","type-post","status-publish","format-standard","has-post-thumbnail","hentry","category-actualidad","category-deportes","category-noticias"],"acf":[],"yoast_head":"<!-- This site is optimized with the Yoast SEO Premium plugin v24.9 (Yoast SEO v27.2) - https:\/\/yoast.com\/product\/yoast-seo-premium-wordpress\/ -->\n<title>Vicepresidente Alfredo Borrero liderar\u00e1 la delegaci\u00f3n ecuatoriana en Qatar - Noti-America.com<\/title>\n<meta name=\"robots\" content=\"index, follow, max-snippet:-1, max-image-preview:large, max-video-preview:-1\" \/>\n<link rel=\"canonical\" href=\"https:\/\/noti-america.com\/site\/principal\/2022\/11\/17\/vicepresidente-alfredo-borrero-liderara-la-delegacion-ecuatoriana-en-qatar\/\" \/>\n<meta property=\"og:locale\" content=\"es_ES\" \/>\n<meta property=\"og:type\" content=\"article\" \/>\n<meta property=\"og:title\" content=\"Vicepresidente Alfredo Borrero liderar\u00e1 la delegaci\u00f3n ecuatoriana en Qatar\" \/>\n<meta property=\"og:description\" content=\"REDACCI\u00d3N NOTI-AM\u00c9RICA\u00a0(ECUADOR). Por delegaci\u00f3n del presidente de la Rep\u00fablica, Guillermo Lasso, el vicepresidente, Alfredo Borrero, viaj\u00f3 hoy a Doha para asistir al partido inaugural de la Copa Mundial de la FIFA Qatar 2022. En&#046;&#046;&#046;\" \/>\n<meta property=\"og:url\" content=\"https:\/\/noti-america.com\/site\/principal\/2022\/11\/17\/vicepresidente-alfredo-borrero-liderara-la-delegacion-ecuatoriana-en-qatar\/\" \/>\n<meta property=\"og:site_name\" content=\"Noti-America.com\" \/>\n<meta property=\"article:published_time\" content=\"2022-11-17T23:15:22+00:00\" \/>\n<meta property=\"og:image\" content=\"https:\/\/noti-america.com\/site\/principal\/wp-content\/uploads\/sites\/26\/2022\/11\/IMG-20221117-WA0070.jpg\" \/>\n\t<meta property=\"og:image:width\" content=\"720\" \/>\n\t<meta property=\"og:image:height\" content=\"680\" \/>\n\t<meta property=\"og:image:type\" content=\"image\/jpeg\" \/>\n<meta name=\"author\" content=\"Boris Moyano\" \/>\n<meta name=\"twitter:card\" content=\"summary_large_image\" \/>\n<meta name=\"twitter:label1\" content=\"Escrito por\" \/>\n\t<meta name=\"twitter:data1\" content=\"Boris Moyano\" \/>\n\t<meta name=\"twitter:label2\" content=\"Tiempo estimado de lectura\" \/>\n\t<meta name=\"twitter:data2\" content=\"1 minuto\" \/>\n<script type=\"application\/ld+json\" class=\"yoast-schema-graph\">{\"@context\":\"https:\/\/schema.org\",\"@graph\":[{\"@type\":\"Article\",\"@id\":\"https:\/\/noti-america.com\/site\/principal\/2022\/11\/17\/vicepresidente-alfredo-borrero-liderara-la-delegacion-ecuatoriana-en-qatar\/#article\",\"isPartOf\":{\"@id\":\"https:\/\/noti-america.com\/site\/principal\/2022\/11\/17\/vicepresidente-alfredo-borrero-liderara-la-delegacion-ecuatoriana-en-qatar\/\"},\"author\":{\"name\":\"Boris Moyano\",\"@id\":\"https:\/\/noti-america.com\/site\/principal\/#\/schema\/person\/063740b70e1baad7ce400b3b8bd8b8e3\"},\"headline\":\"Vicepresidente Alfredo Borrero liderar\u00e1 la delegaci\u00f3n ecuatoriana en Qatar\",\"datePublished\":\"2022-11-17T23:15:22+00:00\",\"mainEntityOfPage\":{\"@id\":\"https:\/\/noti-america.com\/site\/principal\/2022\/11\/17\/vicepresidente-alfredo-borrero-liderara-la-delegacion-ecuatoriana-en-qatar\/\"},\"wordCount\":196,\"image\":{\"@id\":\"https:\/\/noti-america.com\/site\/principal\/2022\/11\/17\/vicepresidente-alfredo-borrero-liderara-la-delegacion-ecuatoriana-en-qatar\/#primaryimage\"},\"thumbnailUrl\":\"https:\/\/noti-america.com\/site\/principal\/wp-content\/uploads\/sites\/26\/2022\/11\/IMG-20221117-WA0070.jpg\",\"articleSection\":[\"Actualidad\",\"Deportes\",\"Noticias\"],\"inLanguage\":\"es\"},{\"@type\":\"WebPage\",\"@id\":\"https:\/\/noti-america.com\/site\/principal\/2022\/11\/17\/vicepresidente-alfredo-borrero-liderara-la-delegacion-ecuatoriana-en-qatar\/\",\"url\":\"https:\/\/noti-america.com\/site\/principal\/2022\/11\/17\/vicepresidente-alfredo-borrero-liderara-la-delegacion-ecuatoriana-en-qatar\/\",\"name\":\"Vicepresidente Alfredo Borrero liderar\u00e1 la delegaci\u00f3n ecuatoriana en Qatar - Noti-America.com\",\"isPartOf\":{\"@id\":\"https:\/\/noti-america.com\/site\/principal\/#website\"},\"primaryImageOfPage\":{\"@id\":\"https:\/\/noti-america.com\/site\/principal\/2022\/11\/17\/vicepresidente-alfredo-borrero-liderara-la-delegacion-ecuatoriana-en-qatar\/#primaryimage\"},\"image\":{\"@id\":\"https:\/\/noti-america.com\/site\/principal\/2022\/11\/17\/vicepresidente-alfredo-borrero-liderara-la-delegacion-ecuatoriana-en-qatar\/#primaryimage\"},\"thumbnailUrl\":\"https:\/\/noti-america.com\/site\/principal\/wp-content\/uploads\/sites\/26\/2022\/11\/IMG-20221117-WA0070.jpg\",\"datePublished\":\"2022-11-17T23:15:22+00:00\",\"author\":{\"@id\":\"https:\/\/noti-america.com\/site\/principal\/#\/schema\/person\/063740b70e1baad7ce400b3b8bd8b8e3\"},\"breadcrumb\":{\"@id\":\"https:\/\/noti-america.com\/site\/principal\/2022\/11\/17\/vicepresidente-alfredo-borrero-liderara-la-delegacion-ecuatoriana-en-qatar\/#breadcrumb\"},\"inLanguage\":\"es\",\"potentialAction\":[{\"@type\":\"ReadAction\",\"target\":[\"https:\/\/noti-america.com\/site\/principal\/2022\/11\/17\/vicepresidente-alfredo-borrero-liderara-la-delegacion-ecuatoriana-en-qatar\/\"]}]},{\"@type\":\"ImageObject\",\"inLanguage\":\"es\",\"@id\":\"https:\/\/noti-america.com\/site\/principal\/2022\/11\/17\/vicepresidente-alfredo-borrero-liderara-la-delegacion-ecuatoriana-en-qatar\/#primaryimage\",\"url\":\"https:\/\/noti-america.com\/site\/principal\/wp-content\/uploads\/sites\/26\/2022\/11\/IMG-20221117-WA0070.jpg\",\"contentUrl\":\"https:\/\/noti-america.com\/site\/principal\/wp-content\/uploads\/sites\/26\/2022\/11\/IMG-20221117-WA0070.jpg\",\"width\":720,\"height\":680,\"caption\":\"El vicepresidente Alfredo Borrero despidi\u00e9ndose de la ministra de la Embajada de Ecuador en Espa\u00f1a, Ver\u00f3nica Pe\u00f1a.\"},{\"@type\":\"BreadcrumbList\",\"@id\":\"https:\/\/noti-america.com\/site\/principal\/2022\/11\/17\/vicepresidente-alfredo-borrero-liderara-la-delegacion-ecuatoriana-en-qatar\/#breadcrumb\",\"itemListElement\":[{\"@type\":\"ListItem\",\"position\":1,\"name\":\"Portada\",\"item\":\"https:\/\/noti-america.com\/site\/principal\/\"},{\"@type\":\"ListItem\",\"position\":2,\"name\":\"Vicepresidente Alfredo Borrero liderar\u00e1 la delegaci\u00f3n ecuatoriana en Qatar\"}]},{\"@type\":\"WebSite\",\"@id\":\"https:\/\/noti-america.com\/site\/principal\/#website\",\"url\":\"https:\/\/noti-america.com\/site\/principal\/\",\"name\":\"Noti-America.com\",\"description\":\"El Noticiero Digital M\u00e1s Grande de Am\u00e9rica\",\"potentialAction\":[{\"@type\":\"SearchAction\",\"target\":{\"@type\":\"EntryPoint\",\"urlTemplate\":\"https:\/\/noti-america.com\/site\/principal\/?s={search_term_string}\"},\"query-input\":{\"@type\":\"PropertyValueSpecification\",\"valueRequired\":true,\"valueName\":\"search_term_string\"}}],\"inLanguage\":\"es\"},{\"@type\":\"Person\",\"@id\":\"https:\/\/noti-america.com\/site\/principal\/#\/schema\/person\/063740b70e1baad7ce400b3b8bd8b8e3\",\"name\":\"Boris Moyano\",\"image\":{\"@type\":\"ImageObject\",\"inLanguage\":\"es\",\"@id\":\"https:\/\/secure.gravatar.com\/avatar\/1635fd8d206bae736e855dfe91602736d1ea92af1a7f3fa7f62c848f245a1404?s=96&d=mm&r=g\",\"url\":\"https:\/\/secure.gravatar.com\/avatar\/1635fd8d206bae736e855dfe91602736d1ea92af1a7f3fa7f62c848f245a1404?s=96&d=mm&r=g\",\"contentUrl\":\"https:\/\/secure.gravatar.com\/avatar\/1635fd8d206bae736e855dfe91602736d1ea92af1a7f3fa7f62c848f245a1404?s=96&d=mm&r=g\",\"caption\":\"Boris Moyano\"},\"url\":\"https:\/\/noti-america.com\/site\/principal\/author\/bmoyano\/\"}]}<\/script>\n<!-- \/ Yoast SEO Premium plugin. -->","yoast_head_json":{"title":"Vicepresidente Alfredo Borrero liderar\u00e1 la delegaci\u00f3n ecuatoriana en Qatar - Noti-America.com","robots":{"index":"index","follow":"follow","max-snippet":"max-snippet:-1","max-image-preview":"max-image-preview:large","max-video-preview":"max-video-preview:-1"},"canonical":"https:\/\/noti-america.com\/site\/principal\/2022\/11\/17\/vicepresidente-alfredo-borrero-liderara-la-delegacion-ecuatoriana-en-qatar\/","og_locale":"es_ES","og_type":"article","og_title":"Vicepresidente Alfredo Borrero liderar\u00e1 la delegaci\u00f3n ecuatoriana en Qatar","og_description":"REDACCI\u00d3N NOTI-AM\u00c9RICA\u00a0(ECUADOR). Por delegaci\u00f3n del presidente de la Rep\u00fablica, Guillermo Lasso, el vicepresidente, Alfredo Borrero, viaj\u00f3 hoy a Doha para asistir al partido inaugural de la Copa Mundial de la FIFA Qatar 2022. En&#46;&#46;&#46;","og_url":"https:\/\/noti-america.com\/site\/principal\/2022\/11\/17\/vicepresidente-alfredo-borrero-liderara-la-delegacion-ecuatoriana-en-qatar\/","og_site_name":"Noti-America.com","article_published_time":"2022-11-17T23:15:22+00:00","og_image":[{"width":720,"height":680,"url":"https:\/\/noti-america.com\/site\/principal\/wp-content\/uploads\/sites\/26\/2022\/11\/IMG-20221117-WA0070.jpg","type":"image\/jpeg"}],"author":"Boris Moyano","twitter_card":"summary_large_image","twitter_misc":{"Escrito por":"Boris Moyano","Tiempo estimado de lectura":"1 minuto"},"schema":{"@context":"https:\/\/schema.org","@graph":[{"@type":"Article","@id":"https:\/\/noti-america.com\/site\/principal\/2022\/11\/17\/vicepresidente-alfredo-borrero-liderara-la-delegacion-ecuatoriana-en-qatar\/#article","isPartOf":{"@id":"https:\/\/noti-america.com\/site\/principal\/2022\/11\/17\/vicepresidente-alfredo-borrero-liderara-la-delegacion-ecuatoriana-en-qatar\/"},"author":{"name":"Boris Moyano","@id":"https:\/\/noti-america.com\/site\/principal\/#\/schema\/person\/063740b70e1baad7ce400b3b8bd8b8e3"},"headline":"Vicepresidente Alfredo Borrero liderar\u00e1 la delegaci\u00f3n ecuatoriana en Qatar","datePublished":"2022-11-17T23:15:22+00:00","mainEntityOfPage":{"@id":"https:\/\/noti-america.com\/site\/principal\/2022\/11\/17\/vicepresidente-alfredo-borrero-liderara-la-delegacion-ecuatoriana-en-qatar\/"},"wordCount":196,"image":{"@id":"https:\/\/noti-america.com\/site\/principal\/2022\/11\/17\/vicepresidente-alfredo-borrero-liderara-la-delegacion-ecuatoriana-en-qatar\/#primaryimage"},"thumbnailUrl":"https:\/\/noti-america.com\/site\/principal\/wp-content\/uploads\/sites\/26\/2022\/11\/IMG-20221117-WA0070.jpg","articleSection":["Actualidad","Deportes","Noticias"],"inLanguage":"es"},{"@type":"WebPage","@id":"https:\/\/noti-america.com\/site\/principal\/2022\/11\/17\/vicepresidente-alfredo-borrero-liderara-la-delegacion-ecuatoriana-en-qatar\/","url":"https:\/\/noti-america.com\/site\/principal\/2022\/11\/17\/vicepresidente-alfredo-borrero-liderara-la-delegacion-ecuatoriana-en-qatar\/","name":"Vicepresidente Alfredo Borrero liderar\u00e1 la delegaci\u00f3n ecuatoriana en Qatar - Noti-America.com","isPartOf":{"@id":"https:\/\/noti-america.com\/site\/principal\/#website"},"primaryImageOfPage":{"@id":"https:\/\/noti-america.com\/site\/principal\/2022\/11\/17\/vicepresidente-alfredo-borrero-liderara-la-delegacion-ecuatoriana-en-qatar\/#primaryimage"},"image":{"@id":"https:\/\/noti-america.com\/site\/principal\/2022\/11\/17\/vicepresidente-alfredo-borrero-liderara-la-delegacion-ecuatoriana-en-qatar\/#primaryimage"},"thumbnailUrl":"https:\/\/noti-america.com\/site\/principal\/wp-content\/uploads\/sites\/26\/2022\/11\/IMG-20221117-WA0070.jpg","datePublished":"2022-11-17T23:15:22+00:00","author":{"@id":"https:\/\/noti-america.com\/site\/principal\/#\/schema\/person\/063740b70e1baad7ce400b3b8bd8b8e3"},"breadcrumb":{"@id":"https:\/\/noti-america.com\/site\/principal\/2022\/11\/17\/vicepresidente-alfredo-borrero-liderara-la-delegacion-ecuatoriana-en-qatar\/#breadcrumb"},"inLanguage":"es","potentialAction":[{"@type":"ReadAction","target":["https:\/\/noti-america.com\/site\/principal\/2022\/11\/17\/vicepresidente-alfredo-borrero-liderara-la-delegacion-ecuatoriana-en-qatar\/"]}]},{"@type":"ImageObject","inLanguage":"es","@id":"https:\/\/noti-america.com\/site\/principal\/2022\/11\/17\/vicepresidente-alfredo-borrero-liderara-la-delegacion-ecuatoriana-en-qatar\/#primaryimage","url":"https:\/\/noti-america.com\/site\/principal\/wp-content\/uploads\/sites\/26\/2022\/11\/IMG-20221117-WA0070.jpg","contentUrl":"https:\/\/noti-america.com\/site\/principal\/wp-content\/uploads\/sites\/26\/2022\/11\/IMG-20221117-WA0070.jpg","width":720,"height":680,"caption":"El vicepresidente Alfredo Borrero despidi\u00e9ndose de la ministra de la Embajada de Ecuador en Espa\u00f1a, Ver\u00f3nica Pe\u00f1a."},{"@type":"BreadcrumbList","@id":"https:\/\/noti-america.com\/site\/principal\/2022\/11\/17\/vicepresidente-alfredo-borrero-liderara-la-delegacion-ecuatoriana-en-qatar\/#breadcrumb","itemListElement":[{"@type":"ListItem","position":1,"name":"Portada","item":"https:\/\/noti-america.com\/site\/principal\/"},{"@type":"ListItem","position":2,"name":"Vicepresidente Alfredo Borrero liderar\u00e1 la delegaci\u00f3n ecuatoriana en Qatar"}]},{"@type":"WebSite","@id":"https:\/\/noti-america.com\/site\/principal\/#website","url":"https:\/\/noti-america.com\/site\/principal\/","name":"Noti-America.com","description":"El Noticiero Digital M\u00e1s Grande de Am\u00e9rica","potentialAction":[{"@type":"SearchAction","target":{"@type":"EntryPoint","urlTemplate":"https:\/\/noti-america.com\/site\/principal\/?s={search_term_string}"},"query-input":{"@type":"PropertyValueSpecification","valueRequired":true,"valueName":"search_term_string"}}],"inLanguage":"es"},{"@type":"Person","@id":"https:\/\/noti-america.com\/site\/principal\/#\/schema\/person\/063740b70e1baad7ce400b3b8bd8b8e3","name":"Boris Moyano","image":{"@type":"ImageObject","inLanguage":"es","@id":"https:\/\/secure.gravatar.com\/avatar\/1635fd8d206bae736e855dfe91602736d1ea92af1a7f3fa7f62c848f245a1404?s=96&d=mm&r=g","url":"https:\/\/secure.gravatar.com\/avatar\/1635fd8d206bae736e855dfe91602736d1ea92af1a7f3fa7f62c848f245a1404?s=96&d=mm&r=g","contentUrl":"https:\/\/secure.gravatar.com\/avatar\/1635fd8d206bae736e855dfe91602736d1ea92af1a7f3fa7f62c848f245a1404?s=96&d=mm&r=g","caption":"Boris Moyano"},"url":"https:\/\/noti-america.com\/site\/principal\/author\/bmoyano\/"}]}},"_links":{"self":[{"href":"https:\/\/noti-america.com\/site\/principal\/wp-json\/wp\/v2\/posts\/21092","targetHints":{"allow":["GET"]}}],"collection":[{"href":"https:\/\/noti-america.com\/site\/principal\/wp-json\/wp\/v2\/posts"}],"about":[{"href":"https:\/\/noti-america.com\/site\/principal\/wp-json\/wp\/v2\/types\/post"}],"author":[{"embeddable":true,"href":"https:\/\/noti-america.com\/site\/principal\/wp-json\/wp\/v2\/users\/81"}],"replies":[{"embeddable":true,"href":"https:\/\/noti-america.com\/site\/principal\/wp-json\/wp\/v2\/comments?post=21092"}],"version-history":[{"count":1,"href":"https:\/\/noti-america.com\/site\/principal\/wp-json\/wp\/v2\/posts\/21092\/revisions"}],"predecessor-version":[{"id":21094,"href":"https:\/\/noti-america.com\/site\/principal\/wp-json\/wp\/v2\/posts\/21092\/revisions\/21094"}],"wp:featuredmedia":[{"embeddable":true,"href":"https:\/\/noti-america.com\/site\/principal\/wp-json\/wp\/v2\/media\/21093"}],"wp:attachment":[{"href":"https:\/\/noti-america.com\/site\/principal\/wp-json\/wp\/v2\/media?parent=21092"}],"wp:term":[{"taxonomy":"category","embeddable":true,"href":"https:\/\/noti-america.com\/site\/principal\/wp-json\/wp\/v2\/categories?post=21092"},{"taxonomy":"post_tag","embeddable":true,"href":"https:\/\/noti-america.com\/site\/principal\/wp-json\/wp\/v2\/tags?post=21092"}],"curies":[{"name":"wp","href":"https:\/\/api.w.org\/{rel}","templated":true}]}}