{"id":21089,"date":"2022-11-17T17:28:59","date_gmt":"2022-11-17T21:28:59","guid":{"rendered":"https:\/\/noti-america.com\/site\/principal\/?p=21089"},"modified":"2022-11-17T13:29:09","modified_gmt":"2022-11-17T17:29:09","slug":"registro-de-propiedad-de-guayaquil-uno-de-los-ganadores-de-premios-del-comercio","status":"publish","type":"post","link":"https:\/\/noti-america.com\/site\/principal\/2022\/11\/17\/registro-de-propiedad-de-guayaquil-uno-de-los-ganadores-de-premios-del-comercio\/","title":{"rendered":"Registro de Propiedad de Guayaquil, uno de los ganadores de \u00abPremios del Comercio\u00bb"},"content":{"rendered":"<p>REDACCI\u00d3N NOTI-AM\u00c9RICA\u00a0<strong>(ECUADOR).<\/strong><\/p>\n<p><img loading=\"lazy\" decoding=\"async\" class=\"size-medium wp-image-21090 aligncenter\" src=\"https:\/\/noti-america.com\/site\/principal\/wp-content\/uploads\/sites\/26\/2022\/11\/IMG-20221117-WA0050-300x206.jpg\" alt=\"Andr\u00e9s M\u00f3rtola, director administrativo del Registro de la Propiedad de Guayaquil (con el reconocimiento), acompa\u00f1ado de funcionarios de la C\u00e1mara de Comercio. \" width=\"300\" height=\"206\" srcset=\"https:\/\/noti-america.com\/site\/principal\/wp-content\/uploads\/sites\/26\/2022\/11\/IMG-20221117-WA0050-300x206.jpg 300w, https:\/\/noti-america.com\/site\/principal\/wp-content\/uploads\/sites\/26\/2022\/11\/IMG-20221117-WA0050.jpg 582w\" sizes=\"auto, (max-width: 300px) 100vw, 300px\" \/><\/p>\n<p style=\"text-align: justify\">El Registro de la Propiedad de Guayaquil gan\u00f3 la primera edici\u00f3n de los \u00abPremios del Comercio\u00bb, en la categor\u00eda: \u201cTransformaci\u00f3n Digital\u201d. El tema tiene que ver con el impacto e introducci\u00f3n de nuevas tecnolog\u00edas para mejorar su competitividad y optimizar procesos.<br \/>\nLa citada instituci\u00f3n fue premiada porque aporta con un modelo de transformaci\u00f3n para ofrecer una asistencia digital, confiable y segura en los servicios registrales de la ciudad.<br \/>\nLa C\u00e1mara de Comercio de Guayaquil (CCG) organiz\u00f3 estos premios, donde se resaltan las actividades de las empresas por sus proyectos, destacando el aporte al desarrollo econ\u00f3mico, social y medio ambiente del pa\u00eds. En este evento participaron 24 compa\u00f1\u00edas con las siguientes categor\u00edas: Innovaci\u00f3n, Responsabilidad Social, Comercio Electr\u00f3nico, Emprendimiento Social, Cuidado del Medio Ambiente, Reinvenci\u00f3n empresarial, Transformaci\u00f3n Digital y Generaci\u00f3n de Empleos. Otros ganadores fueron: Veris, Nestl\u00e9, Alesa, Corporaci\u00f3n La Favorita, Ecotec, Hotel Oro Verde y Disensa.<\/p>\n","protected":false},"excerpt":{"rendered":"<p>REDACCI\u00d3N NOTI-AM\u00c9RICA\u00a0(ECUADOR). El Registro de la Propiedad de Guayaquil gan\u00f3 la primera edici\u00f3n de los \u00abPremios del Comercio\u00bb, en la categor\u00eda: \u201cTransformaci\u00f3n Digital\u201d. El tema tiene que ver con el impacto e introducci\u00f3n de&#46;&#46;&#46;<\/p>\n","protected":false},"author":81,"featured_media":21090,"comment_status":"closed","ping_status":"open","sticky":false,"template":"","format":"standard","meta":{"_acf_changed":false,"rop_custom_images_group":[],"rop_custom_messages_group":[],"rop_publish_now":"initial","rop_publish_now_accounts":{"facebook_10219548024599422_1632221337088128":"","twitter_242054905_242054905":""},"rop_publish_now_history":[],"rop_publish_now_status":"pending","footnotes":""},"categories":[663,5,847],"tags":[],"class_list":["post-21089","post","type-post","status-publish","format-standard","has-post-thumbnail","hentry","category-actualidad","category-economia","category-responsabilidad-social-empresarial"],"acf":[],"yoast_head":"<!-- This site is optimized with the Yoast SEO Premium plugin v24.9 (Yoast SEO v27.2) - https:\/\/yoast.com\/product\/yoast-seo-premium-wordpress\/ -->\n<title>Registro de Propiedad de Guayaquil, uno de los ganadores de \u00abPremios del Comercio\u00bb - Noti-America.com<\/title>\n<meta name=\"robots\" content=\"index, follow, max-snippet:-1, max-image-preview:large, max-video-preview:-1\" \/>\n<link rel=\"canonical\" href=\"https:\/\/noti-america.com\/site\/principal\/2022\/11\/17\/registro-de-propiedad-de-guayaquil-uno-de-los-ganadores-de-premios-del-comercio\/\" \/>\n<meta property=\"og:locale\" content=\"es_ES\" \/>\n<meta property=\"og:type\" content=\"article\" \/>\n<meta property=\"og:title\" content=\"Registro de Propiedad de Guayaquil, uno de los ganadores de \u00abPremios del Comercio\u00bb\" \/>\n<meta property=\"og:description\" content=\"REDACCI\u00d3N NOTI-AM\u00c9RICA\u00a0(ECUADOR). El Registro de la Propiedad de Guayaquil gan\u00f3 la primera edici\u00f3n de los \u00abPremios del Comercio\u00bb, en la categor\u00eda: \u201cTransformaci\u00f3n Digital\u201d. El tema tiene que ver con el impacto e introducci\u00f3n de&#046;&#046;&#046;\" \/>\n<meta property=\"og:url\" content=\"https:\/\/noti-america.com\/site\/principal\/2022\/11\/17\/registro-de-propiedad-de-guayaquil-uno-de-los-ganadores-de-premios-del-comercio\/\" \/>\n<meta property=\"og:site_name\" content=\"Noti-America.com\" \/>\n<meta property=\"article:published_time\" content=\"2022-11-17T21:28:59+00:00\" \/>\n<meta property=\"og:image\" content=\"https:\/\/noti-america.com\/site\/principal\/wp-content\/uploads\/sites\/26\/2022\/11\/IMG-20221117-WA0050.jpg\" \/>\n\t<meta property=\"og:image:width\" content=\"582\" \/>\n\t<meta property=\"og:image:height\" content=\"400\" \/>\n\t<meta property=\"og:image:type\" content=\"image\/jpeg\" \/>\n<meta name=\"author\" content=\"Boris Moyano\" \/>\n<meta name=\"twitter:card\" content=\"summary_large_image\" \/>\n<meta name=\"twitter:label1\" content=\"Escrito por\" \/>\n\t<meta name=\"twitter:data1\" content=\"Boris Moyano\" \/>\n\t<meta name=\"twitter:label2\" content=\"Tiempo estimado de lectura\" \/>\n\t<meta name=\"twitter:data2\" content=\"1 minuto\" \/>\n<script type=\"application\/ld+json\" class=\"yoast-schema-graph\">{\"@context\":\"https:\/\/schema.org\",\"@graph\":[{\"@type\":\"Article\",\"@id\":\"https:\/\/noti-america.com\/site\/principal\/2022\/11\/17\/registro-de-propiedad-de-guayaquil-uno-de-los-ganadores-de-premios-del-comercio\/#article\",\"isPartOf\":{\"@id\":\"https:\/\/noti-america.com\/site\/principal\/2022\/11\/17\/registro-de-propiedad-de-guayaquil-uno-de-los-ganadores-de-premios-del-comercio\/\"},\"author\":{\"name\":\"Boris Moyano\",\"@id\":\"https:\/\/noti-america.com\/site\/principal\/#\/schema\/person\/063740b70e1baad7ce400b3b8bd8b8e3\"},\"headline\":\"Registro de Propiedad de Guayaquil, uno de los ganadores de \u00abPremios del Comercio\u00bb\",\"datePublished\":\"2022-11-17T21:28:59+00:00\",\"mainEntityOfPage\":{\"@id\":\"https:\/\/noti-america.com\/site\/principal\/2022\/11\/17\/registro-de-propiedad-de-guayaquil-uno-de-los-ganadores-de-premios-del-comercio\/\"},\"wordCount\":180,\"image\":{\"@id\":\"https:\/\/noti-america.com\/site\/principal\/2022\/11\/17\/registro-de-propiedad-de-guayaquil-uno-de-los-ganadores-de-premios-del-comercio\/#primaryimage\"},\"thumbnailUrl\":\"https:\/\/noti-america.com\/site\/principal\/wp-content\/uploads\/sites\/26\/2022\/11\/IMG-20221117-WA0050.jpg\",\"articleSection\":[\"Actualidad\",\"Econom\u00eda\",\"Responsabilidad Social Empresarial\"],\"inLanguage\":\"es\"},{\"@type\":\"WebPage\",\"@id\":\"https:\/\/noti-america.com\/site\/principal\/2022\/11\/17\/registro-de-propiedad-de-guayaquil-uno-de-los-ganadores-de-premios-del-comercio\/\",\"url\":\"https:\/\/noti-america.com\/site\/principal\/2022\/11\/17\/registro-de-propiedad-de-guayaquil-uno-de-los-ganadores-de-premios-del-comercio\/\",\"name\":\"Registro de Propiedad de Guayaquil, uno de los ganadores de \u00abPremios del Comercio\u00bb - Noti-America.com\",\"isPartOf\":{\"@id\":\"https:\/\/noti-america.com\/site\/principal\/#website\"},\"primaryImageOfPage\":{\"@id\":\"https:\/\/noti-america.com\/site\/principal\/2022\/11\/17\/registro-de-propiedad-de-guayaquil-uno-de-los-ganadores-de-premios-del-comercio\/#primaryimage\"},\"image\":{\"@id\":\"https:\/\/noti-america.com\/site\/principal\/2022\/11\/17\/registro-de-propiedad-de-guayaquil-uno-de-los-ganadores-de-premios-del-comercio\/#primaryimage\"},\"thumbnailUrl\":\"https:\/\/noti-america.com\/site\/principal\/wp-content\/uploads\/sites\/26\/2022\/11\/IMG-20221117-WA0050.jpg\",\"datePublished\":\"2022-11-17T21:28:59+00:00\",\"author\":{\"@id\":\"https:\/\/noti-america.com\/site\/principal\/#\/schema\/person\/063740b70e1baad7ce400b3b8bd8b8e3\"},\"breadcrumb\":{\"@id\":\"https:\/\/noti-america.com\/site\/principal\/2022\/11\/17\/registro-de-propiedad-de-guayaquil-uno-de-los-ganadores-de-premios-del-comercio\/#breadcrumb\"},\"inLanguage\":\"es\",\"potentialAction\":[{\"@type\":\"ReadAction\",\"target\":[\"https:\/\/noti-america.com\/site\/principal\/2022\/11\/17\/registro-de-propiedad-de-guayaquil-uno-de-los-ganadores-de-premios-del-comercio\/\"]}]},{\"@type\":\"ImageObject\",\"inLanguage\":\"es\",\"@id\":\"https:\/\/noti-america.com\/site\/principal\/2022\/11\/17\/registro-de-propiedad-de-guayaquil-uno-de-los-ganadores-de-premios-del-comercio\/#primaryimage\",\"url\":\"https:\/\/noti-america.com\/site\/principal\/wp-content\/uploads\/sites\/26\/2022\/11\/IMG-20221117-WA0050.jpg\",\"contentUrl\":\"https:\/\/noti-america.com\/site\/principal\/wp-content\/uploads\/sites\/26\/2022\/11\/IMG-20221117-WA0050.jpg\",\"width\":582,\"height\":400},{\"@type\":\"BreadcrumbList\",\"@id\":\"https:\/\/noti-america.com\/site\/principal\/2022\/11\/17\/registro-de-propiedad-de-guayaquil-uno-de-los-ganadores-de-premios-del-comercio\/#breadcrumb\",\"itemListElement\":[{\"@type\":\"ListItem\",\"position\":1,\"name\":\"Portada\",\"item\":\"https:\/\/noti-america.com\/site\/principal\/\"},{\"@type\":\"ListItem\",\"position\":2,\"name\":\"Registro de Propiedad de Guayaquil, uno de los ganadores de \u00abPremios del Comercio\u00bb\"}]},{\"@type\":\"WebSite\",\"@id\":\"https:\/\/noti-america.com\/site\/principal\/#website\",\"url\":\"https:\/\/noti-america.com\/site\/principal\/\",\"name\":\"Noti-America.com\",\"description\":\"El Noticiero Digital M\u00e1s Grande de Am\u00e9rica\",\"potentialAction\":[{\"@type\":\"SearchAction\",\"target\":{\"@type\":\"EntryPoint\",\"urlTemplate\":\"https:\/\/noti-america.com\/site\/principal\/?s={search_term_string}\"},\"query-input\":{\"@type\":\"PropertyValueSpecification\",\"valueRequired\":true,\"valueName\":\"search_term_string\"}}],\"inLanguage\":\"es\"},{\"@type\":\"Person\",\"@id\":\"https:\/\/noti-america.com\/site\/principal\/#\/schema\/person\/063740b70e1baad7ce400b3b8bd8b8e3\",\"name\":\"Boris Moyano\",\"image\":{\"@type\":\"ImageObject\",\"inLanguage\":\"es\",\"@id\":\"https:\/\/secure.gravatar.com\/avatar\/1635fd8d206bae736e855dfe91602736d1ea92af1a7f3fa7f62c848f245a1404?s=96&d=mm&r=g\",\"url\":\"https:\/\/secure.gravatar.com\/avatar\/1635fd8d206bae736e855dfe91602736d1ea92af1a7f3fa7f62c848f245a1404?s=96&d=mm&r=g\",\"contentUrl\":\"https:\/\/secure.gravatar.com\/avatar\/1635fd8d206bae736e855dfe91602736d1ea92af1a7f3fa7f62c848f245a1404?s=96&d=mm&r=g\",\"caption\":\"Boris Moyano\"},\"url\":\"https:\/\/noti-america.com\/site\/principal\/author\/bmoyano\/\"}]}<\/script>\n<!-- \/ Yoast SEO Premium plugin. -->","yoast_head_json":{"title":"Registro de Propiedad de Guayaquil, uno de los ganadores de \u00abPremios del Comercio\u00bb - Noti-America.com","robots":{"index":"index","follow":"follow","max-snippet":"max-snippet:-1","max-image-preview":"max-image-preview:large","max-video-preview":"max-video-preview:-1"},"canonical":"https:\/\/noti-america.com\/site\/principal\/2022\/11\/17\/registro-de-propiedad-de-guayaquil-uno-de-los-ganadores-de-premios-del-comercio\/","og_locale":"es_ES","og_type":"article","og_title":"Registro de Propiedad de Guayaquil, uno de los ganadores de \u00abPremios del Comercio\u00bb","og_description":"REDACCI\u00d3N NOTI-AM\u00c9RICA\u00a0(ECUADOR). El Registro de la Propiedad de Guayaquil gan\u00f3 la primera edici\u00f3n de los \u00abPremios del Comercio\u00bb, en la categor\u00eda: \u201cTransformaci\u00f3n Digital\u201d. El tema tiene que ver con el impacto e introducci\u00f3n de&#46;&#46;&#46;","og_url":"https:\/\/noti-america.com\/site\/principal\/2022\/11\/17\/registro-de-propiedad-de-guayaquil-uno-de-los-ganadores-de-premios-del-comercio\/","og_site_name":"Noti-America.com","article_published_time":"2022-11-17T21:28:59+00:00","og_image":[{"width":582,"height":400,"url":"https:\/\/noti-america.com\/site\/principal\/wp-content\/uploads\/sites\/26\/2022\/11\/IMG-20221117-WA0050.jpg","type":"image\/jpeg"}],"author":"Boris Moyano","twitter_card":"summary_large_image","twitter_misc":{"Escrito por":"Boris Moyano","Tiempo estimado de lectura":"1 minuto"},"schema":{"@context":"https:\/\/schema.org","@graph":[{"@type":"Article","@id":"https:\/\/noti-america.com\/site\/principal\/2022\/11\/17\/registro-de-propiedad-de-guayaquil-uno-de-los-ganadores-de-premios-del-comercio\/#article","isPartOf":{"@id":"https:\/\/noti-america.com\/site\/principal\/2022\/11\/17\/registro-de-propiedad-de-guayaquil-uno-de-los-ganadores-de-premios-del-comercio\/"},"author":{"name":"Boris Moyano","@id":"https:\/\/noti-america.com\/site\/principal\/#\/schema\/person\/063740b70e1baad7ce400b3b8bd8b8e3"},"headline":"Registro de Propiedad de Guayaquil, uno de los ganadores de \u00abPremios del Comercio\u00bb","datePublished":"2022-11-17T21:28:59+00:00","mainEntityOfPage":{"@id":"https:\/\/noti-america.com\/site\/principal\/2022\/11\/17\/registro-de-propiedad-de-guayaquil-uno-de-los-ganadores-de-premios-del-comercio\/"},"wordCount":180,"image":{"@id":"https:\/\/noti-america.com\/site\/principal\/2022\/11\/17\/registro-de-propiedad-de-guayaquil-uno-de-los-ganadores-de-premios-del-comercio\/#primaryimage"},"thumbnailUrl":"https:\/\/noti-america.com\/site\/principal\/wp-content\/uploads\/sites\/26\/2022\/11\/IMG-20221117-WA0050.jpg","articleSection":["Actualidad","Econom\u00eda","Responsabilidad Social Empresarial"],"inLanguage":"es"},{"@type":"WebPage","@id":"https:\/\/noti-america.com\/site\/principal\/2022\/11\/17\/registro-de-propiedad-de-guayaquil-uno-de-los-ganadores-de-premios-del-comercio\/","url":"https:\/\/noti-america.com\/site\/principal\/2022\/11\/17\/registro-de-propiedad-de-guayaquil-uno-de-los-ganadores-de-premios-del-comercio\/","name":"Registro de Propiedad de Guayaquil, uno de los ganadores de \u00abPremios del Comercio\u00bb - Noti-America.com","isPartOf":{"@id":"https:\/\/noti-america.com\/site\/principal\/#website"},"primaryImageOfPage":{"@id":"https:\/\/noti-america.com\/site\/principal\/2022\/11\/17\/registro-de-propiedad-de-guayaquil-uno-de-los-ganadores-de-premios-del-comercio\/#primaryimage"},"image":{"@id":"https:\/\/noti-america.com\/site\/principal\/2022\/11\/17\/registro-de-propiedad-de-guayaquil-uno-de-los-ganadores-de-premios-del-comercio\/#primaryimage"},"thumbnailUrl":"https:\/\/noti-america.com\/site\/principal\/wp-content\/uploads\/sites\/26\/2022\/11\/IMG-20221117-WA0050.jpg","datePublished":"2022-11-17T21:28:59+00:00","author":{"@id":"https:\/\/noti-america.com\/site\/principal\/#\/schema\/person\/063740b70e1baad7ce400b3b8bd8b8e3"},"breadcrumb":{"@id":"https:\/\/noti-america.com\/site\/principal\/2022\/11\/17\/registro-de-propiedad-de-guayaquil-uno-de-los-ganadores-de-premios-del-comercio\/#breadcrumb"},"inLanguage":"es","potentialAction":[{"@type":"ReadAction","target":["https:\/\/noti-america.com\/site\/principal\/2022\/11\/17\/registro-de-propiedad-de-guayaquil-uno-de-los-ganadores-de-premios-del-comercio\/"]}]},{"@type":"ImageObject","inLanguage":"es","@id":"https:\/\/noti-america.com\/site\/principal\/2022\/11\/17\/registro-de-propiedad-de-guayaquil-uno-de-los-ganadores-de-premios-del-comercio\/#primaryimage","url":"https:\/\/noti-america.com\/site\/principal\/wp-content\/uploads\/sites\/26\/2022\/11\/IMG-20221117-WA0050.jpg","contentUrl":"https:\/\/noti-america.com\/site\/principal\/wp-content\/uploads\/sites\/26\/2022\/11\/IMG-20221117-WA0050.jpg","width":582,"height":400},{"@type":"BreadcrumbList","@id":"https:\/\/noti-america.com\/site\/principal\/2022\/11\/17\/registro-de-propiedad-de-guayaquil-uno-de-los-ganadores-de-premios-del-comercio\/#breadcrumb","itemListElement":[{"@type":"ListItem","position":1,"name":"Portada","item":"https:\/\/noti-america.com\/site\/principal\/"},{"@type":"ListItem","position":2,"name":"Registro de Propiedad de Guayaquil, uno de los ganadores de \u00abPremios del Comercio\u00bb"}]},{"@type":"WebSite","@id":"https:\/\/noti-america.com\/site\/principal\/#website","url":"https:\/\/noti-america.com\/site\/principal\/","name":"Noti-America.com","description":"El Noticiero Digital M\u00e1s Grande de Am\u00e9rica","potentialAction":[{"@type":"SearchAction","target":{"@type":"EntryPoint","urlTemplate":"https:\/\/noti-america.com\/site\/principal\/?s={search_term_string}"},"query-input":{"@type":"PropertyValueSpecification","valueRequired":true,"valueName":"search_term_string"}}],"inLanguage":"es"},{"@type":"Person","@id":"https:\/\/noti-america.com\/site\/principal\/#\/schema\/person\/063740b70e1baad7ce400b3b8bd8b8e3","name":"Boris Moyano","image":{"@type":"ImageObject","inLanguage":"es","@id":"https:\/\/secure.gravatar.com\/avatar\/1635fd8d206bae736e855dfe91602736d1ea92af1a7f3fa7f62c848f245a1404?s=96&d=mm&r=g","url":"https:\/\/secure.gravatar.com\/avatar\/1635fd8d206bae736e855dfe91602736d1ea92af1a7f3fa7f62c848f245a1404?s=96&d=mm&r=g","contentUrl":"https:\/\/secure.gravatar.com\/avatar\/1635fd8d206bae736e855dfe91602736d1ea92af1a7f3fa7f62c848f245a1404?s=96&d=mm&r=g","caption":"Boris Moyano"},"url":"https:\/\/noti-america.com\/site\/principal\/author\/bmoyano\/"}]}},"_links":{"self":[{"href":"https:\/\/noti-america.com\/site\/principal\/wp-json\/wp\/v2\/posts\/21089","targetHints":{"allow":["GET"]}}],"collection":[{"href":"https:\/\/noti-america.com\/site\/principal\/wp-json\/wp\/v2\/posts"}],"about":[{"href":"https:\/\/noti-america.com\/site\/principal\/wp-json\/wp\/v2\/types\/post"}],"author":[{"embeddable":true,"href":"https:\/\/noti-america.com\/site\/principal\/wp-json\/wp\/v2\/users\/81"}],"replies":[{"embeddable":true,"href":"https:\/\/noti-america.com\/site\/principal\/wp-json\/wp\/v2\/comments?post=21089"}],"version-history":[{"count":1,"href":"https:\/\/noti-america.com\/site\/principal\/wp-json\/wp\/v2\/posts\/21089\/revisions"}],"predecessor-version":[{"id":21091,"href":"https:\/\/noti-america.com\/site\/principal\/wp-json\/wp\/v2\/posts\/21089\/revisions\/21091"}],"wp:featuredmedia":[{"embeddable":true,"href":"https:\/\/noti-america.com\/site\/principal\/wp-json\/wp\/v2\/media\/21090"}],"wp:attachment":[{"href":"https:\/\/noti-america.com\/site\/principal\/wp-json\/wp\/v2\/media?parent=21089"}],"wp:term":[{"taxonomy":"category","embeddable":true,"href":"https:\/\/noti-america.com\/site\/principal\/wp-json\/wp\/v2\/categories?post=21089"},{"taxonomy":"post_tag","embeddable":true,"href":"https:\/\/noti-america.com\/site\/principal\/wp-json\/wp\/v2\/tags?post=21089"}],"curies":[{"name":"wp","href":"https:\/\/api.w.org\/{rel}","templated":true}]}}