{"id":2071,"date":"2018-03-31T11:00:46","date_gmt":"2018-03-31T11:00:46","guid":{"rendered":"http:\/\/noti-america.com\/site\/alemania\/?p=2071"},"modified":"2018-03-31T11:00:46","modified_gmt":"2018-03-31T11:00:46","slug":"mongoles-protestan-para-exigir-una-mayor-accion-contra-el-abuso-infantil","status":"publish","type":"post","link":"https:\/\/noti-america.com\/site\/principal\/2018\/03\/31\/mongoles-protestan-para-exigir-una-mayor-accion-contra-el-abuso-infantil\/","title":{"rendered":"Mongoles protestan para exigir una mayor acci\u00f3n contra el abuso infantil"},"content":{"rendered":"<p>ULAANBAATAR\u00a0 &#8211; Miles de mongoles protestaron frente al parlamento en Ulaanbaatar hoy s\u00e1bado para exigir m\u00e1s medidas para prevenir el abuso infantil, luego de que la violaci\u00f3n de un ni\u00f1o var\u00f3n fuese ampliamente reportada conmocionando todo el pa\u00eds.<\/p>\n<p>Despu\u00e9s de la violaci\u00f3n denunciada a principios de este mes en la provincia de Dornogobi, en el sureste de Mongolia, un grupo de madres preocupadas cre\u00f3 un grupo de Facebook que anunci\u00f3 la protesta del s\u00e1bado de la semana pasada, y r\u00e1pidamente lleg\u00f3 a m\u00e1s de 400,000 miembros.<\/p>\n<p>\u00abQueremos mostrarles a los abusadores de ni\u00f1os que somos fuertes para proteger a nuestros ni\u00f1os\u00bb, dijo Davaa Baatar, de 41 a\u00f1os, padre de tres ni\u00f1os que asistieron a la protesta.<\/p>\n<p>Los manifestantes llevaron pancartas con mensajes como \u00abDetener el abuso infantil\u00bb, \u00abNo violaci\u00f3n de ni\u00f1os\u00bb y \u00abNuestros hijos, nuestro futuro\u00bb.<\/p>\n<p>Los organizadores de la protesta est\u00e1n exigiendo leyes m\u00e1s estrictas sobre el abuso infantil, mejores servicios gubernamentales para los sobrevivientes y una mayor conciencia p\u00fablica.<\/p>\n<p>\u00abOtorgaremos nuestras demandas pol\u00edticas al parlamento, al gobierno y a la oficina del presidente el lunes\u00bb, dijo Odontuya Tsolmon, uno de los organizadores de la protesta.<\/p>\n<p>El gobierno ha prometido una respuesta.<\/p>\n<p>\u00abTan pronto como recibamos las demandas propuestas de los organizadores, el gabinete estar\u00e1 abierto para discutirlo\u00bb, dijo un portavoz del gobierno a Reuters, y agreg\u00f3 que los asesores del primer ministro estaban en la manifestaci\u00f3n.<\/p>\n<p>Algunos miembros del grupo han abogado por la pena de muerte para los delincuentes sexuales, aunque los organizadores de la protesta dijeron que se opon\u00edan a la pena capital.<\/p>\n<p>El a\u00f1o pasado, el presidente Khaltmaa Battulga form\u00f3 una comisi\u00f3n para reincorporar la pena capital por tales cr\u00edmenes luego de que incidentes similares de abusos sexuales infantiles ampliamente publicitados provocaron una protesta p\u00fablica.<\/p>\n<p>Seg\u00fan la oficina del fiscal estatal, hubo 298 incidentes denunciados de violaci\u00f3n infantil en 2015 y 2016. Los expertos creen que esta es una peque\u00f1a proporci\u00f3n de incidentes reales de abuso sexual infantil debido a un estigma cultural generalizado sobre el tema.<\/p>\n<p>\u00abEl temor a ser culpados y avergonzados significa que las v\u00edctimas y sus familias se callan y no se reportan a la polic\u00eda\u00bb, dijo a Reuters Ganbayasgakh Geleg, fundador del Centro de Igualdad de G\u00e9nero que combate el tr\u00e1fico humano y la violencia sexual.<\/p>\n<p>Mongolia, un pa\u00eds escasamente poblado y rico en minerales de solo tres millones de personas intercaladas entre Rusia y China, hizo la transici\u00f3n a una democracia parlamentaria en 1990, habiendo sido previamente un sat\u00e9lite de la Uni\u00f3n Sovi\u00e9tica.<\/p>\n<p>Pero ha habido una continua frustraci\u00f3n p\u00fablica sobre la econom\u00eda, la corrupci\u00f3n y la contaminaci\u00f3n del aire, entre otros asuntos.<\/p>\n<p>El a\u00f1o pasado, una ca\u00edda en la inversi\u00f3n extranjera y el descenso de los precios de los productos b\u00e1sicos obligaron a Mongolia a aceptar un rescate de $ 5.5 mil millones liderado por el Fondo Monetario Internacional para aliviar tensiones fiscales y tratar de restaurar la confianza de los inversores.<\/p>\n<p>Fuente(reuters) editado al espa\u00f1ol por Ydalith Figueroa Kad-Bay<\/p>\n","protected":false},"excerpt":{"rendered":"<p>ULAANBAATAR\u00a0 &#8211; Miles de mongoles protestaron frente al parlamento en Ulaanbaatar hoy s\u00e1bado para exigir m\u00e1s medidas para prevenir el abuso infantil, luego de que la violaci\u00f3n de un ni\u00f1o var\u00f3n fuese ampliamente reportada&#46;&#46;&#46;<\/p>\n","protected":false},"author":31,"featured_media":2078,"comment_status":"open","ping_status":"open","sticky":false,"template":"","format":"standard","meta":{"_acf_changed":false,"rop_custom_images_group":[],"rop_custom_messages_group":[],"rop_publish_now":"initial","rop_publish_now_accounts":{"facebook_10219548024599422_1632221337088128":"","twitter_242054905_242054905":""},"rop_publish_now_history":[],"rop_publish_now_status":"pending","footnotes":""},"categories":[64,4,169,30,11],"tags":[],"class_list":["post-2071","post","type-post","status-publish","format-standard","has-post-thumbnail","hentry","category-gobierno","category-internacionales","category-mongolia","category-sociedad","category-sucesos"],"acf":[],"yoast_head":"<!-- This site is optimized with the Yoast SEO Premium plugin v24.9 (Yoast SEO v27.2) - https:\/\/yoast.com\/product\/yoast-seo-premium-wordpress\/ -->\n<title>Mongoles protestan para exigir una mayor acci\u00f3n contra el abuso infantil - Noti-America.com<\/title>\n<meta name=\"robots\" content=\"index, follow, max-snippet:-1, max-image-preview:large, max-video-preview:-1\" \/>\n<link rel=\"canonical\" href=\"https:\/\/noti-america.com\/site\/principal\/2018\/03\/31\/mongoles-protestan-para-exigir-una-mayor-accion-contra-el-abuso-infantil\/\" \/>\n<meta property=\"og:locale\" content=\"es_ES\" \/>\n<meta property=\"og:type\" content=\"article\" \/>\n<meta property=\"og:title\" content=\"Mongoles protestan para exigir una mayor acci\u00f3n contra el abuso infantil\" \/>\n<meta property=\"og:description\" content=\"ULAANBAATAR\u00a0 &#8211; Miles de mongoles protestaron frente al parlamento en Ulaanbaatar hoy s\u00e1bado para exigir m\u00e1s medidas para prevenir el abuso infantil, luego de que la violaci\u00f3n de un ni\u00f1o var\u00f3n fuese ampliamente reportada&#046;&#046;&#046;\" \/>\n<meta property=\"og:url\" content=\"https:\/\/noti-america.com\/site\/principal\/2018\/03\/31\/mongoles-protestan-para-exigir-una-mayor-accion-contra-el-abuso-infantil\/\" \/>\n<meta property=\"og:site_name\" content=\"Noti-America.com\" \/>\n<meta property=\"article:published_time\" content=\"2018-03-31T11:00:46+00:00\" \/>\n<meta property=\"og:image\" content=\"https:\/\/noti-america.com\/site\/principal\/wp-content\/uploads\/sites\/26\/2018\/03\/Thousands-of-Mongolians-protested-in-front-of-parliament-in-Ulaanbaatar-on-Saturday-to-demand-more-action-to-prevent-child-abuse.jpg\" \/>\n\t<meta property=\"og:image:width\" content=\"660\" \/>\n\t<meta property=\"og:image:height\" content=\"385\" \/>\n\t<meta property=\"og:image:type\" content=\"image\/jpeg\" \/>\n<meta name=\"author\" content=\"Ydalith Figueroa Kad-Bay\" \/>\n<meta name=\"twitter:card\" content=\"summary_large_image\" \/>\n<meta name=\"twitter:creator\" content=\"@ydalithkad\" \/>\n<meta name=\"twitter:label1\" content=\"Escrito por\" \/>\n\t<meta name=\"twitter:data1\" content=\"Ydalith Figueroa Kad-Bay\" \/>\n\t<meta name=\"twitter:label2\" content=\"Tiempo estimado de lectura\" \/>\n\t<meta name=\"twitter:data2\" content=\"3 minutos\" \/>\n<script type=\"application\/ld+json\" class=\"yoast-schema-graph\">{\"@context\":\"https:\/\/schema.org\",\"@graph\":[{\"@type\":\"Article\",\"@id\":\"https:\/\/noti-america.com\/site\/principal\/2018\/03\/31\/mongoles-protestan-para-exigir-una-mayor-accion-contra-el-abuso-infantil\/#article\",\"isPartOf\":{\"@id\":\"https:\/\/noti-america.com\/site\/principal\/2018\/03\/31\/mongoles-protestan-para-exigir-una-mayor-accion-contra-el-abuso-infantil\/\"},\"author\":{\"name\":\"Ydalith Figueroa Kad-Bay\",\"@id\":\"https:\/\/noti-america.com\/site\/principal\/#\/schema\/person\/1a24e37c3c358f389f0a111448ddb870\"},\"headline\":\"Mongoles protestan para exigir una mayor acci\u00f3n contra el abuso infantil\",\"datePublished\":\"2018-03-31T11:00:46+00:00\",\"mainEntityOfPage\":{\"@id\":\"https:\/\/noti-america.com\/site\/principal\/2018\/03\/31\/mongoles-protestan-para-exigir-una-mayor-accion-contra-el-abuso-infantil\/\"},\"wordCount\":547,\"commentCount\":0,\"image\":{\"@id\":\"https:\/\/noti-america.com\/site\/principal\/2018\/03\/31\/mongoles-protestan-para-exigir-una-mayor-accion-contra-el-abuso-infantil\/#primaryimage\"},\"thumbnailUrl\":\"https:\/\/noti-america.com\/site\/principal\/wp-content\/uploads\/sites\/26\/2018\/03\/Thousands-of-Mongolians-protested-in-front-of-parliament-in-Ulaanbaatar-on-Saturday-to-demand-more-action-to-prevent-child-abuse.jpg\",\"articleSection\":[\"Gobierno\",\"Internacionales\",\"Mongolia\",\"Sociedad\",\"Sucesos\"],\"inLanguage\":\"es\",\"potentialAction\":[{\"@type\":\"CommentAction\",\"name\":\"Comment\",\"target\":[\"https:\/\/noti-america.com\/site\/principal\/2018\/03\/31\/mongoles-protestan-para-exigir-una-mayor-accion-contra-el-abuso-infantil\/#respond\"]}]},{\"@type\":\"WebPage\",\"@id\":\"https:\/\/noti-america.com\/site\/principal\/2018\/03\/31\/mongoles-protestan-para-exigir-una-mayor-accion-contra-el-abuso-infantil\/\",\"url\":\"https:\/\/noti-america.com\/site\/principal\/2018\/03\/31\/mongoles-protestan-para-exigir-una-mayor-accion-contra-el-abuso-infantil\/\",\"name\":\"Mongoles protestan para exigir una mayor acci\u00f3n contra el abuso infantil - Noti-America.com\",\"isPartOf\":{\"@id\":\"https:\/\/noti-america.com\/site\/principal\/#website\"},\"primaryImageOfPage\":{\"@id\":\"https:\/\/noti-america.com\/site\/principal\/2018\/03\/31\/mongoles-protestan-para-exigir-una-mayor-accion-contra-el-abuso-infantil\/#primaryimage\"},\"image\":{\"@id\":\"https:\/\/noti-america.com\/site\/principal\/2018\/03\/31\/mongoles-protestan-para-exigir-una-mayor-accion-contra-el-abuso-infantil\/#primaryimage\"},\"thumbnailUrl\":\"https:\/\/noti-america.com\/site\/principal\/wp-content\/uploads\/sites\/26\/2018\/03\/Thousands-of-Mongolians-protested-in-front-of-parliament-in-Ulaanbaatar-on-Saturday-to-demand-more-action-to-prevent-child-abuse.jpg\",\"datePublished\":\"2018-03-31T11:00:46+00:00\",\"author\":{\"@id\":\"https:\/\/noti-america.com\/site\/principal\/#\/schema\/person\/1a24e37c3c358f389f0a111448ddb870\"},\"breadcrumb\":{\"@id\":\"https:\/\/noti-america.com\/site\/principal\/2018\/03\/31\/mongoles-protestan-para-exigir-una-mayor-accion-contra-el-abuso-infantil\/#breadcrumb\"},\"inLanguage\":\"es\",\"potentialAction\":[{\"@type\":\"ReadAction\",\"target\":[\"https:\/\/noti-america.com\/site\/principal\/2018\/03\/31\/mongoles-protestan-para-exigir-una-mayor-accion-contra-el-abuso-infantil\/\"]}]},{\"@type\":\"ImageObject\",\"inLanguage\":\"es\",\"@id\":\"https:\/\/noti-america.com\/site\/principal\/2018\/03\/31\/mongoles-protestan-para-exigir-una-mayor-accion-contra-el-abuso-infantil\/#primaryimage\",\"url\":\"https:\/\/noti-america.com\/site\/principal\/wp-content\/uploads\/sites\/26\/2018\/03\/Thousands-of-Mongolians-protested-in-front-of-parliament-in-Ulaanbaatar-on-Saturday-to-demand-more-action-to-prevent-child-abuse.jpg\",\"contentUrl\":\"https:\/\/noti-america.com\/site\/principal\/wp-content\/uploads\/sites\/26\/2018\/03\/Thousands-of-Mongolians-protested-in-front-of-parliament-in-Ulaanbaatar-on-Saturday-to-demand-more-action-to-prevent-child-abuse.jpg\",\"width\":660,\"height\":385},{\"@type\":\"BreadcrumbList\",\"@id\":\"https:\/\/noti-america.com\/site\/principal\/2018\/03\/31\/mongoles-protestan-para-exigir-una-mayor-accion-contra-el-abuso-infantil\/#breadcrumb\",\"itemListElement\":[{\"@type\":\"ListItem\",\"position\":1,\"name\":\"Portada\",\"item\":\"https:\/\/noti-america.com\/site\/principal\/\"},{\"@type\":\"ListItem\",\"position\":2,\"name\":\"Mongoles protestan para exigir una mayor acci\u00f3n contra el abuso infantil\"}]},{\"@type\":\"WebSite\",\"@id\":\"https:\/\/noti-america.com\/site\/principal\/#website\",\"url\":\"https:\/\/noti-america.com\/site\/principal\/\",\"name\":\"Noti-America.com\",\"description\":\"El Noticiero Digital M\u00e1s Grande de Am\u00e9rica\",\"potentialAction\":[{\"@type\":\"SearchAction\",\"target\":{\"@type\":\"EntryPoint\",\"urlTemplate\":\"https:\/\/noti-america.com\/site\/principal\/?s={search_term_string}\"},\"query-input\":{\"@type\":\"PropertyValueSpecification\",\"valueRequired\":true,\"valueName\":\"search_term_string\"}}],\"inLanguage\":\"es\"},{\"@type\":\"Person\",\"@id\":\"https:\/\/noti-america.com\/site\/principal\/#\/schema\/person\/1a24e37c3c358f389f0a111448ddb870\",\"name\":\"Ydalith Figueroa Kad-Bay\",\"image\":{\"@type\":\"ImageObject\",\"inLanguage\":\"es\",\"@id\":\"https:\/\/secure.gravatar.com\/avatar\/7d1e350465afd215908c3ed413e32ef600cd41c3c21b95416252432a9f6c219c?s=96&d=mm&r=g\",\"url\":\"https:\/\/secure.gravatar.com\/avatar\/7d1e350465afd215908c3ed413e32ef600cd41c3c21b95416252432a9f6c219c?s=96&d=mm&r=g\",\"contentUrl\":\"https:\/\/secure.gravatar.com\/avatar\/7d1e350465afd215908c3ed413e32ef600cd41c3c21b95416252432a9f6c219c?s=96&d=mm&r=g\",\"caption\":\"Ydalith Figueroa Kad-Bay\"},\"description\":\"CEO Noti-America Alemania Embajadora de Venezuela para el Proyecto de Acci\u00f3n Clim\u00e1tica de la ONU, Embajadora para la ense\u00f1anza de los ODS de la ONU, Amplificador de la Acci\u00f3n de los ODS de la ONU, Profesor Voluntario del Proyecto KAKUMA (Educaci\u00f3n de calidad para refugiados en \u00c1frica) UNHCR \u2013 ACNUR - Agencia para los refugiados de la ONU-, Miembro de la ONG Gente Y Ciudad, Embajador de las Instituciones de Microfinanzas \u201cNo a la pobreza ODS #1 de la ONU\u201d (todos tienen derecho a acceso a un cr\u00e9dito), y Voluntario al di\u00e1logo global de UN75. Twitter @ydalithkad email ydalith@yhaoo.com Locutor Profesional 32931 Universidad Central de Venezuela @ISHannover \\\"Colegio Internacional de Hannover Regi\u00f3n, Alemania\\\" Representante de Aprendizaje Innovaci\u00f3n y Tecnolog\u00eda #LMS (Sistema de Gesti\u00f3n de Aprendizaje) #LMS Gente y Ciudad &amp; Asesores Internacionales ONG Alemania. ONG \\\"Gente y Ciudad, Venezuela\\\" Miembro y Asesor especialista An\u00e1lisis de Pol\u00edtica Internacional Asesor Pol\u00edtico Internacional de Venezuela en la defensa de los Derechos Humanos y el restablecimiento Democr\u00e1tico. Diplomacia positiva y Activa. Pasi\u00f3n por el Golf Proyecto #LMS \\\"Golf para ni\u00f1os y adultos Internacional\\\" Pasi\u00f3n por los Postres Proyecto #LMS \\\"Postres, Que Unen a las Culturas del mundo\\\"\",\"sameAs\":[\"https:\/\/x.com\/ydalithkad\"],\"url\":\"https:\/\/noti-america.com\/site\/principal\/author\/yfigueroa\/\"}]}<\/script>\n<!-- \/ Yoast SEO Premium plugin. -->","yoast_head_json":{"title":"Mongoles protestan para exigir una mayor acci\u00f3n contra el abuso infantil - Noti-America.com","robots":{"index":"index","follow":"follow","max-snippet":"max-snippet:-1","max-image-preview":"max-image-preview:large","max-video-preview":"max-video-preview:-1"},"canonical":"https:\/\/noti-america.com\/site\/principal\/2018\/03\/31\/mongoles-protestan-para-exigir-una-mayor-accion-contra-el-abuso-infantil\/","og_locale":"es_ES","og_type":"article","og_title":"Mongoles protestan para exigir una mayor acci\u00f3n contra el abuso infantil","og_description":"ULAANBAATAR\u00a0 &#8211; Miles de mongoles protestaron frente al parlamento en Ulaanbaatar hoy s\u00e1bado para exigir m\u00e1s medidas para prevenir el abuso infantil, luego de que la violaci\u00f3n de un ni\u00f1o var\u00f3n fuese ampliamente reportada&#46;&#46;&#46;","og_url":"https:\/\/noti-america.com\/site\/principal\/2018\/03\/31\/mongoles-protestan-para-exigir-una-mayor-accion-contra-el-abuso-infantil\/","og_site_name":"Noti-America.com","article_published_time":"2018-03-31T11:00:46+00:00","og_image":[{"width":660,"height":385,"url":"https:\/\/noti-america.com\/site\/principal\/wp-content\/uploads\/sites\/26\/2018\/03\/Thousands-of-Mongolians-protested-in-front-of-parliament-in-Ulaanbaatar-on-Saturday-to-demand-more-action-to-prevent-child-abuse.jpg","type":"image\/jpeg"}],"author":"Ydalith Figueroa Kad-Bay","twitter_card":"summary_large_image","twitter_creator":"@ydalithkad","twitter_misc":{"Escrito por":"Ydalith Figueroa Kad-Bay","Tiempo estimado de lectura":"3 minutos"},"schema":{"@context":"https:\/\/schema.org","@graph":[{"@type":"Article","@id":"https:\/\/noti-america.com\/site\/principal\/2018\/03\/31\/mongoles-protestan-para-exigir-una-mayor-accion-contra-el-abuso-infantil\/#article","isPartOf":{"@id":"https:\/\/noti-america.com\/site\/principal\/2018\/03\/31\/mongoles-protestan-para-exigir-una-mayor-accion-contra-el-abuso-infantil\/"},"author":{"name":"Ydalith Figueroa Kad-Bay","@id":"https:\/\/noti-america.com\/site\/principal\/#\/schema\/person\/1a24e37c3c358f389f0a111448ddb870"},"headline":"Mongoles protestan para exigir una mayor acci\u00f3n contra el abuso infantil","datePublished":"2018-03-31T11:00:46+00:00","mainEntityOfPage":{"@id":"https:\/\/noti-america.com\/site\/principal\/2018\/03\/31\/mongoles-protestan-para-exigir-una-mayor-accion-contra-el-abuso-infantil\/"},"wordCount":547,"commentCount":0,"image":{"@id":"https:\/\/noti-america.com\/site\/principal\/2018\/03\/31\/mongoles-protestan-para-exigir-una-mayor-accion-contra-el-abuso-infantil\/#primaryimage"},"thumbnailUrl":"https:\/\/noti-america.com\/site\/principal\/wp-content\/uploads\/sites\/26\/2018\/03\/Thousands-of-Mongolians-protested-in-front-of-parliament-in-Ulaanbaatar-on-Saturday-to-demand-more-action-to-prevent-child-abuse.jpg","articleSection":["Gobierno","Internacionales","Mongolia","Sociedad","Sucesos"],"inLanguage":"es","potentialAction":[{"@type":"CommentAction","name":"Comment","target":["https:\/\/noti-america.com\/site\/principal\/2018\/03\/31\/mongoles-protestan-para-exigir-una-mayor-accion-contra-el-abuso-infantil\/#respond"]}]},{"@type":"WebPage","@id":"https:\/\/noti-america.com\/site\/principal\/2018\/03\/31\/mongoles-protestan-para-exigir-una-mayor-accion-contra-el-abuso-infantil\/","url":"https:\/\/noti-america.com\/site\/principal\/2018\/03\/31\/mongoles-protestan-para-exigir-una-mayor-accion-contra-el-abuso-infantil\/","name":"Mongoles protestan para exigir una mayor acci\u00f3n contra el abuso infantil - Noti-America.com","isPartOf":{"@id":"https:\/\/noti-america.com\/site\/principal\/#website"},"primaryImageOfPage":{"@id":"https:\/\/noti-america.com\/site\/principal\/2018\/03\/31\/mongoles-protestan-para-exigir-una-mayor-accion-contra-el-abuso-infantil\/#primaryimage"},"image":{"@id":"https:\/\/noti-america.com\/site\/principal\/2018\/03\/31\/mongoles-protestan-para-exigir-una-mayor-accion-contra-el-abuso-infantil\/#primaryimage"},"thumbnailUrl":"https:\/\/noti-america.com\/site\/principal\/wp-content\/uploads\/sites\/26\/2018\/03\/Thousands-of-Mongolians-protested-in-front-of-parliament-in-Ulaanbaatar-on-Saturday-to-demand-more-action-to-prevent-child-abuse.jpg","datePublished":"2018-03-31T11:00:46+00:00","author":{"@id":"https:\/\/noti-america.com\/site\/principal\/#\/schema\/person\/1a24e37c3c358f389f0a111448ddb870"},"breadcrumb":{"@id":"https:\/\/noti-america.com\/site\/principal\/2018\/03\/31\/mongoles-protestan-para-exigir-una-mayor-accion-contra-el-abuso-infantil\/#breadcrumb"},"inLanguage":"es","potentialAction":[{"@type":"ReadAction","target":["https:\/\/noti-america.com\/site\/principal\/2018\/03\/31\/mongoles-protestan-para-exigir-una-mayor-accion-contra-el-abuso-infantil\/"]}]},{"@type":"ImageObject","inLanguage":"es","@id":"https:\/\/noti-america.com\/site\/principal\/2018\/03\/31\/mongoles-protestan-para-exigir-una-mayor-accion-contra-el-abuso-infantil\/#primaryimage","url":"https:\/\/noti-america.com\/site\/principal\/wp-content\/uploads\/sites\/26\/2018\/03\/Thousands-of-Mongolians-protested-in-front-of-parliament-in-Ulaanbaatar-on-Saturday-to-demand-more-action-to-prevent-child-abuse.jpg","contentUrl":"https:\/\/noti-america.com\/site\/principal\/wp-content\/uploads\/sites\/26\/2018\/03\/Thousands-of-Mongolians-protested-in-front-of-parliament-in-Ulaanbaatar-on-Saturday-to-demand-more-action-to-prevent-child-abuse.jpg","width":660,"height":385},{"@type":"BreadcrumbList","@id":"https:\/\/noti-america.com\/site\/principal\/2018\/03\/31\/mongoles-protestan-para-exigir-una-mayor-accion-contra-el-abuso-infantil\/#breadcrumb","itemListElement":[{"@type":"ListItem","position":1,"name":"Portada","item":"https:\/\/noti-america.com\/site\/principal\/"},{"@type":"ListItem","position":2,"name":"Mongoles protestan para exigir una mayor acci\u00f3n contra el abuso infantil"}]},{"@type":"WebSite","@id":"https:\/\/noti-america.com\/site\/principal\/#website","url":"https:\/\/noti-america.com\/site\/principal\/","name":"Noti-America.com","description":"El Noticiero Digital M\u00e1s Grande de Am\u00e9rica","potentialAction":[{"@type":"SearchAction","target":{"@type":"EntryPoint","urlTemplate":"https:\/\/noti-america.com\/site\/principal\/?s={search_term_string}"},"query-input":{"@type":"PropertyValueSpecification","valueRequired":true,"valueName":"search_term_string"}}],"inLanguage":"es"},{"@type":"Person","@id":"https:\/\/noti-america.com\/site\/principal\/#\/schema\/person\/1a24e37c3c358f389f0a111448ddb870","name":"Ydalith Figueroa Kad-Bay","image":{"@type":"ImageObject","inLanguage":"es","@id":"https:\/\/secure.gravatar.com\/avatar\/7d1e350465afd215908c3ed413e32ef600cd41c3c21b95416252432a9f6c219c?s=96&d=mm&r=g","url":"https:\/\/secure.gravatar.com\/avatar\/7d1e350465afd215908c3ed413e32ef600cd41c3c21b95416252432a9f6c219c?s=96&d=mm&r=g","contentUrl":"https:\/\/secure.gravatar.com\/avatar\/7d1e350465afd215908c3ed413e32ef600cd41c3c21b95416252432a9f6c219c?s=96&d=mm&r=g","caption":"Ydalith Figueroa Kad-Bay"},"description":"CEO Noti-America Alemania Embajadora de Venezuela para el Proyecto de Acci\u00f3n Clim\u00e1tica de la ONU, Embajadora para la ense\u00f1anza de los ODS de la ONU, Amplificador de la Acci\u00f3n de los ODS de la ONU, Profesor Voluntario del Proyecto KAKUMA (Educaci\u00f3n de calidad para refugiados en \u00c1frica) UNHCR \u2013 ACNUR - Agencia para los refugiados de la ONU-, Miembro de la ONG Gente Y Ciudad, Embajador de las Instituciones de Microfinanzas \u201cNo a la pobreza ODS #1 de la ONU\u201d (todos tienen derecho a acceso a un cr\u00e9dito), y Voluntario al di\u00e1logo global de UN75. Twitter @ydalithkad email ydalith@yhaoo.com Locutor Profesional 32931 Universidad Central de Venezuela @ISHannover \"Colegio Internacional de Hannover Regi\u00f3n, Alemania\" Representante de Aprendizaje Innovaci\u00f3n y Tecnolog\u00eda #LMS (Sistema de Gesti\u00f3n de Aprendizaje) #LMS Gente y Ciudad &amp; Asesores Internacionales ONG Alemania. ONG \"Gente y Ciudad, Venezuela\" Miembro y Asesor especialista An\u00e1lisis de Pol\u00edtica Internacional Asesor Pol\u00edtico Internacional de Venezuela en la defensa de los Derechos Humanos y el restablecimiento Democr\u00e1tico. Diplomacia positiva y Activa. Pasi\u00f3n por el Golf Proyecto #LMS \"Golf para ni\u00f1os y adultos Internacional\" Pasi\u00f3n por los Postres Proyecto #LMS \"Postres, Que Unen a las Culturas del mundo\"","sameAs":["https:\/\/x.com\/ydalithkad"],"url":"https:\/\/noti-america.com\/site\/principal\/author\/yfigueroa\/"}]}},"_links":{"self":[{"href":"https:\/\/noti-america.com\/site\/principal\/wp-json\/wp\/v2\/posts\/2071","targetHints":{"allow":["GET"]}}],"collection":[{"href":"https:\/\/noti-america.com\/site\/principal\/wp-json\/wp\/v2\/posts"}],"about":[{"href":"https:\/\/noti-america.com\/site\/principal\/wp-json\/wp\/v2\/types\/post"}],"author":[{"embeddable":true,"href":"https:\/\/noti-america.com\/site\/principal\/wp-json\/wp\/v2\/users\/31"}],"replies":[{"embeddable":true,"href":"https:\/\/noti-america.com\/site\/principal\/wp-json\/wp\/v2\/comments?post=2071"}],"version-history":[{"count":1,"href":"https:\/\/noti-america.com\/site\/principal\/wp-json\/wp\/v2\/posts\/2071\/revisions"}],"predecessor-version":[{"id":2079,"href":"https:\/\/noti-america.com\/site\/principal\/wp-json\/wp\/v2\/posts\/2071\/revisions\/2079"}],"wp:featuredmedia":[{"embeddable":true,"href":"https:\/\/noti-america.com\/site\/principal\/wp-json\/wp\/v2\/media\/2078"}],"wp:attachment":[{"href":"https:\/\/noti-america.com\/site\/principal\/wp-json\/wp\/v2\/media?parent=2071"}],"wp:term":[{"taxonomy":"category","embeddable":true,"href":"https:\/\/noti-america.com\/site\/principal\/wp-json\/wp\/v2\/categories?post=2071"},{"taxonomy":"post_tag","embeddable":true,"href":"https:\/\/noti-america.com\/site\/principal\/wp-json\/wp\/v2\/tags?post=2071"}],"curies":[{"name":"wp","href":"https:\/\/api.w.org\/{rel}","templated":true}]}}