{"id":20489,"date":"2022-11-02T03:27:15","date_gmt":"2022-11-02T07:27:15","guid":{"rendered":"https:\/\/noti-america.com\/site\/principal\/?p=20489"},"modified":"2022-11-01T23:27:21","modified_gmt":"2022-11-02T03:27:21","slug":"atentados-motivan-estado-de-excepcion-y-toque-de-queda-en-guayas-y-esmeraldas","status":"publish","type":"post","link":"https:\/\/noti-america.com\/site\/principal\/2022\/11\/02\/atentados-motivan-estado-de-excepcion-y-toque-de-queda-en-guayas-y-esmeraldas\/","title":{"rendered":"Atentados motivan estado de excepci\u00f3n y toque de queda en Guayas y Esmeraldas"},"content":{"rendered":"<p>REDACCI\u00d3N NOTI-AM\u00c9RICA\u00a0<strong>(ECUADOR).<\/strong><\/p>\n<div id=\"attachment_22463\" style=\"width: 257px\" class=\"wp-caption aligncenter\"><img loading=\"lazy\" decoding=\"async\" aria-describedby=\"caption-attachment-22463\" class=\"size-medium wp-image-20490\" src=\"https:\/\/noti-america.com\/site\/principal\/wp-content\/uploads\/sites\/26\/2022\/11\/20221101_214959-247x300.jpg\" alt=\"El presidente Guillermo Lasso, en cadena nacional, indic\u00f3 que desde Guayaquil liderar\u00e1 el Puesto de Mando Unificado.\" width=\"247\" height=\"300\" srcset=\"https:\/\/noti-america.com\/site\/principal\/wp-content\/uploads\/sites\/26\/2022\/11\/20221101_214959-247x300.jpg 247w, https:\/\/noti-america.com\/site\/principal\/wp-content\/uploads\/sites\/26\/2022\/11\/20221101_214959-600x728.jpg 600w, https:\/\/noti-america.com\/site\/principal\/wp-content\/uploads\/sites\/26\/2022\/11\/20221101_214959.jpg 720w\" sizes=\"auto, (max-width: 247px) 100vw, 247px\" \/><p id=\"caption-attachment-22463\" class=\"wp-caption-text\">El presidente Guillermo Lasso, en cadena nacional, indic\u00f3 que desde Guayaquil liderar\u00e1 el Puesto de Mando Unificado.<\/p><\/div>\n<p style=\"text-align: justify\">Desde las 21h00 de este 1 de noviembre de 2022 entr\u00f3 en vigencia un\u00a0nuevo estado de excepci\u00f3n y\u00a0toque de queda en las provincias ecuatorianas de Guayas y Esmeraldas.<br \/>\nLa medida fue anunciada por el presidente Guillermo Lasso para facilitar el control ciudadano en las calles y enfrentar la violencia generada en las \u00faltimas horas. El toque de queda terminar\u00e1 a las 5H00.<br \/>\n\u201cLas fuerzas del orden van a\u00a0intensificar sus operativos\u00a0para garantizar la seguridad de los ciudadanos de estos lugares\u201d, expuso.<br \/>\nAdem\u00e1s advirti\u00f3 que no permitir\u00e1 apelar a los derechos humanos \u201cpara solapar la delincuencia, porque primero est\u00e1n los derechos humanos de los 18 millones de ecuatorianos que quieren dormir en paz, salir y volver a casa tranquilos\u201d.<br \/>\nLa decisi\u00f3n del Primer Mandatario se da ante los \u00faltimos hechos violentos registrados en las citadas provincias, que incluyen\u00a0el asesinato de varios polic\u00edas, patrulleros y destacamentos atacados a bala, y la detonaci\u00f3n de artefactos\u00a0explosivos. Fueron\u00a0nueve atentados suscitados la madrugada de este 1 de noviembre, seis en Guayaquil y tres en Esmeraldas.<br \/>\nSeg\u00fan el ministro del Interior, Juan Zapata, los hechos fueron motivados por los traslados que el Servicio Nacional de Atenci\u00f3n Integral a Personas Adultas Privadas de la Libertad y a Adolescentes Infractores (SNAI) realiz\u00f3 a diversos reos.<\/p>\n","protected":false},"excerpt":{"rendered":"<p>REDACCI\u00d3N NOTI-AM\u00c9RICA\u00a0(ECUADOR). Desde las 21h00 de este 1 de noviembre de 2022 entr\u00f3 en vigencia un\u00a0nuevo estado de excepci\u00f3n y\u00a0toque de queda en las provincias ecuatorianas de Guayas y Esmeraldas. La medida fue anunciada&#46;&#46;&#46;<\/p>\n","protected":false},"author":81,"featured_media":20490,"comment_status":"closed","ping_status":"open","sticky":false,"template":"","format":"standard","meta":{"_acf_changed":false,"rop_custom_images_group":[],"rop_custom_messages_group":[],"rop_publish_now":"initial","rop_publish_now_accounts":{"facebook_10219548024599422_1632221337088128":"","twitter_242054905_242054905":""},"rop_publish_now_history":[],"rop_publish_now_status":"pending","footnotes":""},"categories":[663,152,930],"tags":[],"class_list":["post-20489","post","type-post","status-publish","format-standard","has-post-thumbnail","hentry","category-actualidad","category-noticias","category-seguridad"],"acf":[],"yoast_head":"<!-- This site is optimized with the Yoast SEO Premium plugin v24.9 (Yoast SEO v27.2) - https:\/\/yoast.com\/product\/yoast-seo-premium-wordpress\/ -->\n<title>Atentados motivan estado de excepci\u00f3n y toque de queda en Guayas y Esmeraldas - Noti-America.com<\/title>\n<meta name=\"robots\" content=\"index, follow, max-snippet:-1, max-image-preview:large, max-video-preview:-1\" \/>\n<link rel=\"canonical\" href=\"https:\/\/noti-america.com\/site\/principal\/2022\/11\/02\/atentados-motivan-estado-de-excepcion-y-toque-de-queda-en-guayas-y-esmeraldas\/\" \/>\n<meta property=\"og:locale\" content=\"es_ES\" \/>\n<meta property=\"og:type\" content=\"article\" \/>\n<meta property=\"og:title\" content=\"Atentados motivan estado de excepci\u00f3n y toque de queda en Guayas y Esmeraldas\" \/>\n<meta property=\"og:description\" content=\"REDACCI\u00d3N NOTI-AM\u00c9RICA\u00a0(ECUADOR). Desde las 21h00 de este 1 de noviembre de 2022 entr\u00f3 en vigencia un\u00a0nuevo estado de excepci\u00f3n y\u00a0toque de queda en las provincias ecuatorianas de Guayas y Esmeraldas. La medida fue anunciada&#046;&#046;&#046;\" \/>\n<meta property=\"og:url\" content=\"https:\/\/noti-america.com\/site\/principal\/2022\/11\/02\/atentados-motivan-estado-de-excepcion-y-toque-de-queda-en-guayas-y-esmeraldas\/\" \/>\n<meta property=\"og:site_name\" content=\"Noti-America.com\" \/>\n<meta property=\"article:published_time\" content=\"2022-11-02T07:27:15+00:00\" \/>\n<meta property=\"og:image\" content=\"https:\/\/noti-america.com\/site\/principal\/wp-content\/uploads\/sites\/26\/2022\/11\/20221101_214959.jpg\" \/>\n\t<meta property=\"og:image:width\" content=\"720\" \/>\n\t<meta property=\"og:image:height\" content=\"873\" \/>\n\t<meta property=\"og:image:type\" content=\"image\/jpeg\" \/>\n<meta name=\"author\" content=\"Boris Moyano\" \/>\n<meta name=\"twitter:card\" content=\"summary_large_image\" \/>\n<meta name=\"twitter:label1\" content=\"Escrito por\" \/>\n\t<meta name=\"twitter:data1\" content=\"Boris Moyano\" \/>\n\t<meta name=\"twitter:label2\" content=\"Tiempo estimado de lectura\" \/>\n\t<meta name=\"twitter:data2\" content=\"2 minutos\" \/>\n<script type=\"application\/ld+json\" class=\"yoast-schema-graph\">{\"@context\":\"https:\/\/schema.org\",\"@graph\":[{\"@type\":\"Article\",\"@id\":\"https:\/\/noti-america.com\/site\/principal\/2022\/11\/02\/atentados-motivan-estado-de-excepcion-y-toque-de-queda-en-guayas-y-esmeraldas\/#article\",\"isPartOf\":{\"@id\":\"https:\/\/noti-america.com\/site\/principal\/2022\/11\/02\/atentados-motivan-estado-de-excepcion-y-toque-de-queda-en-guayas-y-esmeraldas\/\"},\"author\":{\"name\":\"Boris Moyano\",\"@id\":\"https:\/\/noti-america.com\/site\/principal\/#\/schema\/person\/063740b70e1baad7ce400b3b8bd8b8e3\"},\"headline\":\"Atentados motivan estado de excepci\u00f3n y toque de queda en Guayas y Esmeraldas\",\"datePublished\":\"2022-11-02T07:27:15+00:00\",\"mainEntityOfPage\":{\"@id\":\"https:\/\/noti-america.com\/site\/principal\/2022\/11\/02\/atentados-motivan-estado-de-excepcion-y-toque-de-queda-en-guayas-y-esmeraldas\/\"},\"wordCount\":259,\"image\":{\"@id\":\"https:\/\/noti-america.com\/site\/principal\/2022\/11\/02\/atentados-motivan-estado-de-excepcion-y-toque-de-queda-en-guayas-y-esmeraldas\/#primaryimage\"},\"thumbnailUrl\":\"https:\/\/noti-america.com\/site\/principal\/wp-content\/uploads\/sites\/26\/2022\/11\/20221101_214959.jpg\",\"articleSection\":[\"Actualidad\",\"Noticias\",\"Seguridad\"],\"inLanguage\":\"es\"},{\"@type\":\"WebPage\",\"@id\":\"https:\/\/noti-america.com\/site\/principal\/2022\/11\/02\/atentados-motivan-estado-de-excepcion-y-toque-de-queda-en-guayas-y-esmeraldas\/\",\"url\":\"https:\/\/noti-america.com\/site\/principal\/2022\/11\/02\/atentados-motivan-estado-de-excepcion-y-toque-de-queda-en-guayas-y-esmeraldas\/\",\"name\":\"Atentados motivan estado de excepci\u00f3n y toque de queda en Guayas y Esmeraldas - Noti-America.com\",\"isPartOf\":{\"@id\":\"https:\/\/noti-america.com\/site\/principal\/#website\"},\"primaryImageOfPage\":{\"@id\":\"https:\/\/noti-america.com\/site\/principal\/2022\/11\/02\/atentados-motivan-estado-de-excepcion-y-toque-de-queda-en-guayas-y-esmeraldas\/#primaryimage\"},\"image\":{\"@id\":\"https:\/\/noti-america.com\/site\/principal\/2022\/11\/02\/atentados-motivan-estado-de-excepcion-y-toque-de-queda-en-guayas-y-esmeraldas\/#primaryimage\"},\"thumbnailUrl\":\"https:\/\/noti-america.com\/site\/principal\/wp-content\/uploads\/sites\/26\/2022\/11\/20221101_214959.jpg\",\"datePublished\":\"2022-11-02T07:27:15+00:00\",\"author\":{\"@id\":\"https:\/\/noti-america.com\/site\/principal\/#\/schema\/person\/063740b70e1baad7ce400b3b8bd8b8e3\"},\"breadcrumb\":{\"@id\":\"https:\/\/noti-america.com\/site\/principal\/2022\/11\/02\/atentados-motivan-estado-de-excepcion-y-toque-de-queda-en-guayas-y-esmeraldas\/#breadcrumb\"},\"inLanguage\":\"es\",\"potentialAction\":[{\"@type\":\"ReadAction\",\"target\":[\"https:\/\/noti-america.com\/site\/principal\/2022\/11\/02\/atentados-motivan-estado-de-excepcion-y-toque-de-queda-en-guayas-y-esmeraldas\/\"]}]},{\"@type\":\"ImageObject\",\"inLanguage\":\"es\",\"@id\":\"https:\/\/noti-america.com\/site\/principal\/2022\/11\/02\/atentados-motivan-estado-de-excepcion-y-toque-de-queda-en-guayas-y-esmeraldas\/#primaryimage\",\"url\":\"https:\/\/noti-america.com\/site\/principal\/wp-content\/uploads\/sites\/26\/2022\/11\/20221101_214959.jpg\",\"contentUrl\":\"https:\/\/noti-america.com\/site\/principal\/wp-content\/uploads\/sites\/26\/2022\/11\/20221101_214959.jpg\",\"width\":720,\"height\":873,\"caption\":\"El presidente Guillermo Lasso, en cadena nacional, indic\u00f3 que desde Guayaquil liderar\u00e1 el Puesto de Mando Unificado.\"},{\"@type\":\"BreadcrumbList\",\"@id\":\"https:\/\/noti-america.com\/site\/principal\/2022\/11\/02\/atentados-motivan-estado-de-excepcion-y-toque-de-queda-en-guayas-y-esmeraldas\/#breadcrumb\",\"itemListElement\":[{\"@type\":\"ListItem\",\"position\":1,\"name\":\"Portada\",\"item\":\"https:\/\/noti-america.com\/site\/principal\/\"},{\"@type\":\"ListItem\",\"position\":2,\"name\":\"Atentados motivan estado de excepci\u00f3n y toque de queda en Guayas y Esmeraldas\"}]},{\"@type\":\"WebSite\",\"@id\":\"https:\/\/noti-america.com\/site\/principal\/#website\",\"url\":\"https:\/\/noti-america.com\/site\/principal\/\",\"name\":\"Noti-America.com\",\"description\":\"El Noticiero Digital M\u00e1s Grande de Am\u00e9rica\",\"potentialAction\":[{\"@type\":\"SearchAction\",\"target\":{\"@type\":\"EntryPoint\",\"urlTemplate\":\"https:\/\/noti-america.com\/site\/principal\/?s={search_term_string}\"},\"query-input\":{\"@type\":\"PropertyValueSpecification\",\"valueRequired\":true,\"valueName\":\"search_term_string\"}}],\"inLanguage\":\"es\"},{\"@type\":\"Person\",\"@id\":\"https:\/\/noti-america.com\/site\/principal\/#\/schema\/person\/063740b70e1baad7ce400b3b8bd8b8e3\",\"name\":\"Boris Moyano\",\"image\":{\"@type\":\"ImageObject\",\"inLanguage\":\"es\",\"@id\":\"https:\/\/secure.gravatar.com\/avatar\/1635fd8d206bae736e855dfe91602736d1ea92af1a7f3fa7f62c848f245a1404?s=96&d=mm&r=g\",\"url\":\"https:\/\/secure.gravatar.com\/avatar\/1635fd8d206bae736e855dfe91602736d1ea92af1a7f3fa7f62c848f245a1404?s=96&d=mm&r=g\",\"contentUrl\":\"https:\/\/secure.gravatar.com\/avatar\/1635fd8d206bae736e855dfe91602736d1ea92af1a7f3fa7f62c848f245a1404?s=96&d=mm&r=g\",\"caption\":\"Boris Moyano\"},\"url\":\"https:\/\/noti-america.com\/site\/principal\/author\/bmoyano\/\"}]}<\/script>\n<!-- \/ Yoast SEO Premium plugin. -->","yoast_head_json":{"title":"Atentados motivan estado de excepci\u00f3n y toque de queda en Guayas y Esmeraldas - Noti-America.com","robots":{"index":"index","follow":"follow","max-snippet":"max-snippet:-1","max-image-preview":"max-image-preview:large","max-video-preview":"max-video-preview:-1"},"canonical":"https:\/\/noti-america.com\/site\/principal\/2022\/11\/02\/atentados-motivan-estado-de-excepcion-y-toque-de-queda-en-guayas-y-esmeraldas\/","og_locale":"es_ES","og_type":"article","og_title":"Atentados motivan estado de excepci\u00f3n y toque de queda en Guayas y Esmeraldas","og_description":"REDACCI\u00d3N NOTI-AM\u00c9RICA\u00a0(ECUADOR). Desde las 21h00 de este 1 de noviembre de 2022 entr\u00f3 en vigencia un\u00a0nuevo estado de excepci\u00f3n y\u00a0toque de queda en las provincias ecuatorianas de Guayas y Esmeraldas. La medida fue anunciada&#46;&#46;&#46;","og_url":"https:\/\/noti-america.com\/site\/principal\/2022\/11\/02\/atentados-motivan-estado-de-excepcion-y-toque-de-queda-en-guayas-y-esmeraldas\/","og_site_name":"Noti-America.com","article_published_time":"2022-11-02T07:27:15+00:00","og_image":[{"width":720,"height":873,"url":"https:\/\/noti-america.com\/site\/principal\/wp-content\/uploads\/sites\/26\/2022\/11\/20221101_214959.jpg","type":"image\/jpeg"}],"author":"Boris Moyano","twitter_card":"summary_large_image","twitter_misc":{"Escrito por":"Boris Moyano","Tiempo estimado de lectura":"2 minutos"},"schema":{"@context":"https:\/\/schema.org","@graph":[{"@type":"Article","@id":"https:\/\/noti-america.com\/site\/principal\/2022\/11\/02\/atentados-motivan-estado-de-excepcion-y-toque-de-queda-en-guayas-y-esmeraldas\/#article","isPartOf":{"@id":"https:\/\/noti-america.com\/site\/principal\/2022\/11\/02\/atentados-motivan-estado-de-excepcion-y-toque-de-queda-en-guayas-y-esmeraldas\/"},"author":{"name":"Boris Moyano","@id":"https:\/\/noti-america.com\/site\/principal\/#\/schema\/person\/063740b70e1baad7ce400b3b8bd8b8e3"},"headline":"Atentados motivan estado de excepci\u00f3n y toque de queda en Guayas y Esmeraldas","datePublished":"2022-11-02T07:27:15+00:00","mainEntityOfPage":{"@id":"https:\/\/noti-america.com\/site\/principal\/2022\/11\/02\/atentados-motivan-estado-de-excepcion-y-toque-de-queda-en-guayas-y-esmeraldas\/"},"wordCount":259,"image":{"@id":"https:\/\/noti-america.com\/site\/principal\/2022\/11\/02\/atentados-motivan-estado-de-excepcion-y-toque-de-queda-en-guayas-y-esmeraldas\/#primaryimage"},"thumbnailUrl":"https:\/\/noti-america.com\/site\/principal\/wp-content\/uploads\/sites\/26\/2022\/11\/20221101_214959.jpg","articleSection":["Actualidad","Noticias","Seguridad"],"inLanguage":"es"},{"@type":"WebPage","@id":"https:\/\/noti-america.com\/site\/principal\/2022\/11\/02\/atentados-motivan-estado-de-excepcion-y-toque-de-queda-en-guayas-y-esmeraldas\/","url":"https:\/\/noti-america.com\/site\/principal\/2022\/11\/02\/atentados-motivan-estado-de-excepcion-y-toque-de-queda-en-guayas-y-esmeraldas\/","name":"Atentados motivan estado de excepci\u00f3n y toque de queda en Guayas y Esmeraldas - Noti-America.com","isPartOf":{"@id":"https:\/\/noti-america.com\/site\/principal\/#website"},"primaryImageOfPage":{"@id":"https:\/\/noti-america.com\/site\/principal\/2022\/11\/02\/atentados-motivan-estado-de-excepcion-y-toque-de-queda-en-guayas-y-esmeraldas\/#primaryimage"},"image":{"@id":"https:\/\/noti-america.com\/site\/principal\/2022\/11\/02\/atentados-motivan-estado-de-excepcion-y-toque-de-queda-en-guayas-y-esmeraldas\/#primaryimage"},"thumbnailUrl":"https:\/\/noti-america.com\/site\/principal\/wp-content\/uploads\/sites\/26\/2022\/11\/20221101_214959.jpg","datePublished":"2022-11-02T07:27:15+00:00","author":{"@id":"https:\/\/noti-america.com\/site\/principal\/#\/schema\/person\/063740b70e1baad7ce400b3b8bd8b8e3"},"breadcrumb":{"@id":"https:\/\/noti-america.com\/site\/principal\/2022\/11\/02\/atentados-motivan-estado-de-excepcion-y-toque-de-queda-en-guayas-y-esmeraldas\/#breadcrumb"},"inLanguage":"es","potentialAction":[{"@type":"ReadAction","target":["https:\/\/noti-america.com\/site\/principal\/2022\/11\/02\/atentados-motivan-estado-de-excepcion-y-toque-de-queda-en-guayas-y-esmeraldas\/"]}]},{"@type":"ImageObject","inLanguage":"es","@id":"https:\/\/noti-america.com\/site\/principal\/2022\/11\/02\/atentados-motivan-estado-de-excepcion-y-toque-de-queda-en-guayas-y-esmeraldas\/#primaryimage","url":"https:\/\/noti-america.com\/site\/principal\/wp-content\/uploads\/sites\/26\/2022\/11\/20221101_214959.jpg","contentUrl":"https:\/\/noti-america.com\/site\/principal\/wp-content\/uploads\/sites\/26\/2022\/11\/20221101_214959.jpg","width":720,"height":873,"caption":"El presidente Guillermo Lasso, en cadena nacional, indic\u00f3 que desde Guayaquil liderar\u00e1 el Puesto de Mando Unificado."},{"@type":"BreadcrumbList","@id":"https:\/\/noti-america.com\/site\/principal\/2022\/11\/02\/atentados-motivan-estado-de-excepcion-y-toque-de-queda-en-guayas-y-esmeraldas\/#breadcrumb","itemListElement":[{"@type":"ListItem","position":1,"name":"Portada","item":"https:\/\/noti-america.com\/site\/principal\/"},{"@type":"ListItem","position":2,"name":"Atentados motivan estado de excepci\u00f3n y toque de queda en Guayas y Esmeraldas"}]},{"@type":"WebSite","@id":"https:\/\/noti-america.com\/site\/principal\/#website","url":"https:\/\/noti-america.com\/site\/principal\/","name":"Noti-America.com","description":"El Noticiero Digital M\u00e1s Grande de Am\u00e9rica","potentialAction":[{"@type":"SearchAction","target":{"@type":"EntryPoint","urlTemplate":"https:\/\/noti-america.com\/site\/principal\/?s={search_term_string}"},"query-input":{"@type":"PropertyValueSpecification","valueRequired":true,"valueName":"search_term_string"}}],"inLanguage":"es"},{"@type":"Person","@id":"https:\/\/noti-america.com\/site\/principal\/#\/schema\/person\/063740b70e1baad7ce400b3b8bd8b8e3","name":"Boris Moyano","image":{"@type":"ImageObject","inLanguage":"es","@id":"https:\/\/secure.gravatar.com\/avatar\/1635fd8d206bae736e855dfe91602736d1ea92af1a7f3fa7f62c848f245a1404?s=96&d=mm&r=g","url":"https:\/\/secure.gravatar.com\/avatar\/1635fd8d206bae736e855dfe91602736d1ea92af1a7f3fa7f62c848f245a1404?s=96&d=mm&r=g","contentUrl":"https:\/\/secure.gravatar.com\/avatar\/1635fd8d206bae736e855dfe91602736d1ea92af1a7f3fa7f62c848f245a1404?s=96&d=mm&r=g","caption":"Boris Moyano"},"url":"https:\/\/noti-america.com\/site\/principal\/author\/bmoyano\/"}]}},"_links":{"self":[{"href":"https:\/\/noti-america.com\/site\/principal\/wp-json\/wp\/v2\/posts\/20489","targetHints":{"allow":["GET"]}}],"collection":[{"href":"https:\/\/noti-america.com\/site\/principal\/wp-json\/wp\/v2\/posts"}],"about":[{"href":"https:\/\/noti-america.com\/site\/principal\/wp-json\/wp\/v2\/types\/post"}],"author":[{"embeddable":true,"href":"https:\/\/noti-america.com\/site\/principal\/wp-json\/wp\/v2\/users\/81"}],"replies":[{"embeddable":true,"href":"https:\/\/noti-america.com\/site\/principal\/wp-json\/wp\/v2\/comments?post=20489"}],"version-history":[{"count":1,"href":"https:\/\/noti-america.com\/site\/principal\/wp-json\/wp\/v2\/posts\/20489\/revisions"}],"predecessor-version":[{"id":20491,"href":"https:\/\/noti-america.com\/site\/principal\/wp-json\/wp\/v2\/posts\/20489\/revisions\/20491"}],"wp:featuredmedia":[{"embeddable":true,"href":"https:\/\/noti-america.com\/site\/principal\/wp-json\/wp\/v2\/media\/20490"}],"wp:attachment":[{"href":"https:\/\/noti-america.com\/site\/principal\/wp-json\/wp\/v2\/media?parent=20489"}],"wp:term":[{"taxonomy":"category","embeddable":true,"href":"https:\/\/noti-america.com\/site\/principal\/wp-json\/wp\/v2\/categories?post=20489"},{"taxonomy":"post_tag","embeddable":true,"href":"https:\/\/noti-america.com\/site\/principal\/wp-json\/wp\/v2\/tags?post=20489"}],"curies":[{"name":"wp","href":"https:\/\/api.w.org\/{rel}","templated":true}]}}