{"id":20461,"date":"2022-11-01T02:18:19","date_gmt":"2022-11-01T06:18:19","guid":{"rendered":"https:\/\/noti-america.com\/site\/principal\/?p=20461"},"modified":"2022-11-01T02:18:19","modified_gmt":"2022-11-01T06:18:19","slug":"santos-alvite-nuevo-ministro-de-energia-y-minas","status":"publish","type":"post","link":"https:\/\/noti-america.com\/site\/principal\/2022\/11\/01\/santos-alvite-nuevo-ministro-de-energia-y-minas\/","title":{"rendered":"Santos Alvite nuevo ministro de Energ\u00eda y Minas"},"content":{"rendered":"<p><strong>REDACCI\u00d3N NOTI-AM\u00c9RICA (ECUADOR)<\/strong><\/p>\n<ul>\n<li style=\"text-align: justify\">El nuevo funcionario tiene 50 a\u00f1os de experiencia en el sector petrolero.<\/li>\n<li style=\"text-align: justify\">Bajo el Decreto Ejecutivo N\u00b0 587 se oficializa a Santos Alvite como nuevo ministro de Estado.<\/li>\n<\/ul>\n<div style=\"width: 1148px\" class=\"wp-caption alignnone\"><img loading=\"lazy\" decoding=\"async\" src=\"https:\/\/www.comunicacion.gob.ec\/wp-content\/uploads\/2022\/10\/WhatsApp-Image-2022-10-31-at-17.54.57.jpeg\" alt=\"\" width=\"1138\" height=\"758\" \/><p class=\"wp-caption-text\">Posesi\u00f3n del nuevo Ministro de energ\u00eda<\/p><\/div>\n<p style=\"text-align: justify\">El presidente de la Rep\u00fablica, Guillermo Lasso, posesion\u00f3 a Fernando Santos Alvite como el nuevo ministro de Energ\u00eda y Minas. La ceremonia se realiz\u00f3 esta tarde 31 de octubre de 2022, desde el Palacio de Carondelet, en el centro de Quito.<\/p>\n<p style=\"text-align: justify\">Santos Alvite es abogado y posee trayectoria en el sector tanto en el \u00e1mbito p\u00fablico y privado. Ejerci\u00f3 la docencia universitaria por m\u00e1s de dos d\u00e9cadas y ha escrito art\u00edculos sobre energ\u00eda. Durante ocho a\u00f1os fue jefe del departamento legal de la Organizaci\u00f3n de Pa\u00edses Exportadores de Petr\u00f3leos (OPEP), en Viena.<\/p>\n<p style=\"text-align: justify\">El Jefe de Estado resalt\u00f3 la importancia de integrar al gabinete a perfiles valiosos, conocedores a fondo de sus \u00e1reas de trabajo y con una gran visi\u00f3n del mundo energ\u00e9tico:\u00a0<strong><em>\u201cYo conf\u00edo en usted y el Ecuador conf\u00eda en usted, porque a lo largo de su vida ha demostrado honorabilidad. Y estoy seguro que tomar\u00e1 las medidas necesarias para precautelar\u00a0 los recursos de los ecuatorianos y har\u00e1 prevalecer el bien com\u00fan, muy por encima de lo que penosamente, durante 14 a\u00f1os, se vivi\u00f3 en el Ecuador\u201d.<\/em><\/strong><\/p>\n<p style=\"text-align: justify\">Por su parte, el nuevo ministro de Energ\u00eda y Minas, Fernando Santos Alvite, indic\u00f3 que ejecutar\u00e1 todos los esfuerzos para aumentar la producci\u00f3n petrolera, energ\u00e9tica y minera, adem\u00e1s de transparentar todas las acciones en beneficio del pa\u00eds:\u00a0<em>\u201cLe prometo lealtad y honestidad en beneficio de la poblaci\u00f3n ecuatoriana\u201d,\u00a0<\/em>dijo.<\/p>\n<p style=\"text-align: justify\">Ecuador es un pa\u00eds rico en recursos energ\u00e9ticos. Y este gran potencial puede ser un mecanismo para impulsar la inversi\u00f3n privada, poniendo en primer lugar el cuidado de la naturaleza. En ese sentido, Lasso dijo que la extracci\u00f3n sustentable de recursos \u2013como el petr\u00f3leo- permitir\u00eda financiar proyectos sociales como el de la lucha contra la desnutrici\u00f3n cr\u00f3nica infantil, que se ejecuta a la fecha.<\/p>\n<p style=\"text-align: justify\">Asimismo, el Presidente se\u00f1al\u00f3 que el pa\u00eds tiene un gran potencial minero y que son importantes llevarlos a cabo a trav\u00e9s de procesos serios sobre todo con las empresas extranjeras que vienen a invertir, respetar los contratos firmados y la palabra del Estado, por lo que enfatiz\u00f3 incluso\u00a0<strong><em>\u201cestar de acuerdo con la consulta previa\u201d\u00a0<\/em><\/strong>con las comunidades amaz\u00f3nicas. Mientras que en materia energ\u00e9tica, habl\u00f3 de la necesidad de producir energ\u00edas limpias y renovables para que Ecuador se posicione en el contexto internacional.<\/p>\n","protected":false},"excerpt":{"rendered":"<p>REDACCI\u00d3N NOTI-AM\u00c9RICA (ECUADOR) El nuevo funcionario tiene 50 a\u00f1os de experiencia en el sector petrolero. Bajo el Decreto Ejecutivo N\u00b0 587 se oficializa a Santos Alvite como nuevo ministro de Estado. El presidente de&#46;&#46;&#46;<\/p>\n","protected":false},"author":17,"featured_media":20462,"comment_status":"","ping_status":"open","sticky":false,"template":"","format":"standard","meta":{"_acf_changed":false,"rop_custom_images_group":[],"rop_custom_messages_group":[],"rop_publish_now":"initial","rop_publish_now_accounts":{"facebook_10219548024599422_1632221337088128":"","twitter_242054905_242054905":""},"rop_publish_now_history":[],"rop_publish_now_status":"pending","footnotes":""},"categories":[47],"tags":[],"class_list":["post-20461","post","type-post","status-publish","format-standard","has-post-thumbnail","hentry","category-politica-opinion"],"acf":[],"yoast_head":"<!-- This site is optimized with the Yoast SEO Premium plugin v24.9 (Yoast SEO v27.2) - https:\/\/yoast.com\/product\/yoast-seo-premium-wordpress\/ -->\n<title>Santos Alvite nuevo ministro de Energ\u00eda y Minas - Noti-America.com<\/title>\n<meta name=\"robots\" content=\"index, follow, max-snippet:-1, max-image-preview:large, max-video-preview:-1\" \/>\n<link rel=\"canonical\" href=\"https:\/\/noti-america.com\/site\/principal\/2022\/11\/01\/santos-alvite-nuevo-ministro-de-energia-y-minas\/\" \/>\n<meta property=\"og:locale\" content=\"es_ES\" \/>\n<meta property=\"og:type\" content=\"article\" \/>\n<meta property=\"og:title\" content=\"Santos Alvite nuevo ministro de Energ\u00eda y Minas\" \/>\n<meta property=\"og:description\" content=\"REDACCI\u00d3N NOTI-AM\u00c9RICA (ECUADOR) El nuevo funcionario tiene 50 a\u00f1os de experiencia en el sector petrolero. Bajo el Decreto Ejecutivo N\u00b0 587 se oficializa a Santos Alvite como nuevo ministro de Estado. El presidente de&#046;&#046;&#046;\" \/>\n<meta property=\"og:url\" content=\"https:\/\/noti-america.com\/site\/principal\/2022\/11\/01\/santos-alvite-nuevo-ministro-de-energia-y-minas\/\" \/>\n<meta property=\"og:site_name\" content=\"Noti-America.com\" \/>\n<meta property=\"article:published_time\" content=\"2022-11-01T06:18:19+00:00\" \/>\n<meta property=\"og:image\" content=\"https:\/\/noti-america.com\/site\/principal\/wp-content\/uploads\/sites\/26\/2022\/10\/Lasso-posesiona-al-nuevo-ministro-de-energia.jpeg\" \/>\n\t<meta property=\"og:image:width\" content=\"1138\" \/>\n\t<meta property=\"og:image:height\" content=\"758\" \/>\n\t<meta property=\"og:image:type\" content=\"image\/jpeg\" \/>\n<meta name=\"author\" content=\"Gregory Quintana Montiel\" \/>\n<meta name=\"twitter:card\" content=\"summary_large_image\" \/>\n<meta name=\"twitter:creator\" content=\"@gdgregori1\" \/>\n<meta name=\"twitter:label1\" content=\"Escrito por\" \/>\n\t<meta name=\"twitter:data1\" content=\"Gregory Quintana Montiel\" \/>\n\t<meta name=\"twitter:label2\" content=\"Tiempo estimado de lectura\" \/>\n\t<meta name=\"twitter:data2\" content=\"3 minutos\" \/>\n<script type=\"application\/ld+json\" class=\"yoast-schema-graph\">{\"@context\":\"https:\/\/schema.org\",\"@graph\":[{\"@type\":\"Article\",\"@id\":\"https:\/\/noti-america.com\/site\/principal\/2022\/11\/01\/santos-alvite-nuevo-ministro-de-energia-y-minas\/#article\",\"isPartOf\":{\"@id\":\"https:\/\/noti-america.com\/site\/principal\/2022\/11\/01\/santos-alvite-nuevo-ministro-de-energia-y-minas\/\"},\"author\":{\"name\":\"Gregory Quintana Montiel\",\"@id\":\"https:\/\/noti-america.com\/site\/principal\/#\/schema\/person\/3b975e42f15abfe64bfe3abdd916efda\"},\"headline\":\"Santos Alvite nuevo ministro de Energ\u00eda y Minas\",\"datePublished\":\"2022-11-01T06:18:19+00:00\",\"mainEntityOfPage\":{\"@id\":\"https:\/\/noti-america.com\/site\/principal\/2022\/11\/01\/santos-alvite-nuevo-ministro-de-energia-y-minas\/\"},\"wordCount\":463,\"image\":{\"@id\":\"https:\/\/noti-america.com\/site\/principal\/2022\/11\/01\/santos-alvite-nuevo-ministro-de-energia-y-minas\/#primaryimage\"},\"thumbnailUrl\":\"https:\/\/noti-america.com\/site\/principal\/wp-content\/uploads\/sites\/26\/2022\/10\/Lasso-posesiona-al-nuevo-ministro-de-energia.jpeg\",\"articleSection\":[\"Pol\u00edtica\"],\"inLanguage\":\"es\"},{\"@type\":\"WebPage\",\"@id\":\"https:\/\/noti-america.com\/site\/principal\/2022\/11\/01\/santos-alvite-nuevo-ministro-de-energia-y-minas\/\",\"url\":\"https:\/\/noti-america.com\/site\/principal\/2022\/11\/01\/santos-alvite-nuevo-ministro-de-energia-y-minas\/\",\"name\":\"Santos Alvite nuevo ministro de Energ\u00eda y Minas - Noti-America.com\",\"isPartOf\":{\"@id\":\"https:\/\/noti-america.com\/site\/principal\/#website\"},\"primaryImageOfPage\":{\"@id\":\"https:\/\/noti-america.com\/site\/principal\/2022\/11\/01\/santos-alvite-nuevo-ministro-de-energia-y-minas\/#primaryimage\"},\"image\":{\"@id\":\"https:\/\/noti-america.com\/site\/principal\/2022\/11\/01\/santos-alvite-nuevo-ministro-de-energia-y-minas\/#primaryimage\"},\"thumbnailUrl\":\"https:\/\/noti-america.com\/site\/principal\/wp-content\/uploads\/sites\/26\/2022\/10\/Lasso-posesiona-al-nuevo-ministro-de-energia.jpeg\",\"datePublished\":\"2022-11-01T06:18:19+00:00\",\"author\":{\"@id\":\"https:\/\/noti-america.com\/site\/principal\/#\/schema\/person\/3b975e42f15abfe64bfe3abdd916efda\"},\"breadcrumb\":{\"@id\":\"https:\/\/noti-america.com\/site\/principal\/2022\/11\/01\/santos-alvite-nuevo-ministro-de-energia-y-minas\/#breadcrumb\"},\"inLanguage\":\"es\",\"potentialAction\":[{\"@type\":\"ReadAction\",\"target\":[\"https:\/\/noti-america.com\/site\/principal\/2022\/11\/01\/santos-alvite-nuevo-ministro-de-energia-y-minas\/\"]}]},{\"@type\":\"ImageObject\",\"inLanguage\":\"es\",\"@id\":\"https:\/\/noti-america.com\/site\/principal\/2022\/11\/01\/santos-alvite-nuevo-ministro-de-energia-y-minas\/#primaryimage\",\"url\":\"https:\/\/noti-america.com\/site\/principal\/wp-content\/uploads\/sites\/26\/2022\/10\/Lasso-posesiona-al-nuevo-ministro-de-energia.jpeg\",\"contentUrl\":\"https:\/\/noti-america.com\/site\/principal\/wp-content\/uploads\/sites\/26\/2022\/10\/Lasso-posesiona-al-nuevo-ministro-de-energia.jpeg\",\"width\":1138,\"height\":758},{\"@type\":\"BreadcrumbList\",\"@id\":\"https:\/\/noti-america.com\/site\/principal\/2022\/11\/01\/santos-alvite-nuevo-ministro-de-energia-y-minas\/#breadcrumb\",\"itemListElement\":[{\"@type\":\"ListItem\",\"position\":1,\"name\":\"Portada\",\"item\":\"https:\/\/noti-america.com\/site\/principal\/\"},{\"@type\":\"ListItem\",\"position\":2,\"name\":\"Santos Alvite nuevo ministro de Energ\u00eda y Minas\"}]},{\"@type\":\"WebSite\",\"@id\":\"https:\/\/noti-america.com\/site\/principal\/#website\",\"url\":\"https:\/\/noti-america.com\/site\/principal\/\",\"name\":\"Noti-America.com\",\"description\":\"El Noticiero Digital M\u00e1s Grande de Am\u00e9rica\",\"potentialAction\":[{\"@type\":\"SearchAction\",\"target\":{\"@type\":\"EntryPoint\",\"urlTemplate\":\"https:\/\/noti-america.com\/site\/principal\/?s={search_term_string}\"},\"query-input\":{\"@type\":\"PropertyValueSpecification\",\"valueRequired\":true,\"valueName\":\"search_term_string\"}}],\"inLanguage\":\"es\"},{\"@type\":\"Person\",\"@id\":\"https:\/\/noti-america.com\/site\/principal\/#\/schema\/person\/3b975e42f15abfe64bfe3abdd916efda\",\"name\":\"Gregory Quintana Montiel\",\"image\":{\"@type\":\"ImageObject\",\"inLanguage\":\"es\",\"@id\":\"https:\/\/secure.gravatar.com\/avatar\/2d6b802f7720c2ec7744dcbe608cc2f3417aeb964d58b443c6d612b77531de1d?s=96&d=mm&r=g\",\"url\":\"https:\/\/secure.gravatar.com\/avatar\/2d6b802f7720c2ec7744dcbe608cc2f3417aeb964d58b443c6d612b77531de1d?s=96&d=mm&r=g\",\"contentUrl\":\"https:\/\/secure.gravatar.com\/avatar\/2d6b802f7720c2ec7744dcbe608cc2f3417aeb964d58b443c6d612b77531de1d?s=96&d=mm&r=g\",\"caption\":\"Gregory Quintana Montiel\"},\"description\":\"Licenciatura en Ciencias de la Comunicaci\u00f3n Social, egresado en la Especializaci\u00f3n Derecho Ambiental Desarrollo Sostenible y Sustentable, Miembro de la Comunidad de profesionales y experto para Latinoam\u00e9rica y el Caribe en Gesti\u00f3n por Resultado en el Desarrollo (COPLAC - GpRD) del Banco Interamericano de Desarrollo, experiencia en medios radiales y escritos.\",\"sameAs\":[\"https:\/\/x.com\/gdgregori1\",\"gquintana\"],\"url\":\"https:\/\/noti-america.com\/site\/principal\/author\/gquintana\/\"}]}<\/script>\n<!-- \/ Yoast SEO Premium plugin. -->","yoast_head_json":{"title":"Santos Alvite nuevo ministro de Energ\u00eda y Minas - Noti-America.com","robots":{"index":"index","follow":"follow","max-snippet":"max-snippet:-1","max-image-preview":"max-image-preview:large","max-video-preview":"max-video-preview:-1"},"canonical":"https:\/\/noti-america.com\/site\/principal\/2022\/11\/01\/santos-alvite-nuevo-ministro-de-energia-y-minas\/","og_locale":"es_ES","og_type":"article","og_title":"Santos Alvite nuevo ministro de Energ\u00eda y Minas","og_description":"REDACCI\u00d3N NOTI-AM\u00c9RICA (ECUADOR) El nuevo funcionario tiene 50 a\u00f1os de experiencia en el sector petrolero. Bajo el Decreto Ejecutivo N\u00b0 587 se oficializa a Santos Alvite como nuevo ministro de Estado. El presidente de&#46;&#46;&#46;","og_url":"https:\/\/noti-america.com\/site\/principal\/2022\/11\/01\/santos-alvite-nuevo-ministro-de-energia-y-minas\/","og_site_name":"Noti-America.com","article_published_time":"2022-11-01T06:18:19+00:00","og_image":[{"width":1138,"height":758,"url":"https:\/\/noti-america.com\/site\/principal\/wp-content\/uploads\/sites\/26\/2022\/10\/Lasso-posesiona-al-nuevo-ministro-de-energia.jpeg","type":"image\/jpeg"}],"author":"Gregory Quintana Montiel","twitter_card":"summary_large_image","twitter_creator":"@gdgregori1","twitter_misc":{"Escrito por":"Gregory Quintana Montiel","Tiempo estimado de lectura":"3 minutos"},"schema":{"@context":"https:\/\/schema.org","@graph":[{"@type":"Article","@id":"https:\/\/noti-america.com\/site\/principal\/2022\/11\/01\/santos-alvite-nuevo-ministro-de-energia-y-minas\/#article","isPartOf":{"@id":"https:\/\/noti-america.com\/site\/principal\/2022\/11\/01\/santos-alvite-nuevo-ministro-de-energia-y-minas\/"},"author":{"name":"Gregory Quintana Montiel","@id":"https:\/\/noti-america.com\/site\/principal\/#\/schema\/person\/3b975e42f15abfe64bfe3abdd916efda"},"headline":"Santos Alvite nuevo ministro de Energ\u00eda y Minas","datePublished":"2022-11-01T06:18:19+00:00","mainEntityOfPage":{"@id":"https:\/\/noti-america.com\/site\/principal\/2022\/11\/01\/santos-alvite-nuevo-ministro-de-energia-y-minas\/"},"wordCount":463,"image":{"@id":"https:\/\/noti-america.com\/site\/principal\/2022\/11\/01\/santos-alvite-nuevo-ministro-de-energia-y-minas\/#primaryimage"},"thumbnailUrl":"https:\/\/noti-america.com\/site\/principal\/wp-content\/uploads\/sites\/26\/2022\/10\/Lasso-posesiona-al-nuevo-ministro-de-energia.jpeg","articleSection":["Pol\u00edtica"],"inLanguage":"es"},{"@type":"WebPage","@id":"https:\/\/noti-america.com\/site\/principal\/2022\/11\/01\/santos-alvite-nuevo-ministro-de-energia-y-minas\/","url":"https:\/\/noti-america.com\/site\/principal\/2022\/11\/01\/santos-alvite-nuevo-ministro-de-energia-y-minas\/","name":"Santos Alvite nuevo ministro de Energ\u00eda y Minas - Noti-America.com","isPartOf":{"@id":"https:\/\/noti-america.com\/site\/principal\/#website"},"primaryImageOfPage":{"@id":"https:\/\/noti-america.com\/site\/principal\/2022\/11\/01\/santos-alvite-nuevo-ministro-de-energia-y-minas\/#primaryimage"},"image":{"@id":"https:\/\/noti-america.com\/site\/principal\/2022\/11\/01\/santos-alvite-nuevo-ministro-de-energia-y-minas\/#primaryimage"},"thumbnailUrl":"https:\/\/noti-america.com\/site\/principal\/wp-content\/uploads\/sites\/26\/2022\/10\/Lasso-posesiona-al-nuevo-ministro-de-energia.jpeg","datePublished":"2022-11-01T06:18:19+00:00","author":{"@id":"https:\/\/noti-america.com\/site\/principal\/#\/schema\/person\/3b975e42f15abfe64bfe3abdd916efda"},"breadcrumb":{"@id":"https:\/\/noti-america.com\/site\/principal\/2022\/11\/01\/santos-alvite-nuevo-ministro-de-energia-y-minas\/#breadcrumb"},"inLanguage":"es","potentialAction":[{"@type":"ReadAction","target":["https:\/\/noti-america.com\/site\/principal\/2022\/11\/01\/santos-alvite-nuevo-ministro-de-energia-y-minas\/"]}]},{"@type":"ImageObject","inLanguage":"es","@id":"https:\/\/noti-america.com\/site\/principal\/2022\/11\/01\/santos-alvite-nuevo-ministro-de-energia-y-minas\/#primaryimage","url":"https:\/\/noti-america.com\/site\/principal\/wp-content\/uploads\/sites\/26\/2022\/10\/Lasso-posesiona-al-nuevo-ministro-de-energia.jpeg","contentUrl":"https:\/\/noti-america.com\/site\/principal\/wp-content\/uploads\/sites\/26\/2022\/10\/Lasso-posesiona-al-nuevo-ministro-de-energia.jpeg","width":1138,"height":758},{"@type":"BreadcrumbList","@id":"https:\/\/noti-america.com\/site\/principal\/2022\/11\/01\/santos-alvite-nuevo-ministro-de-energia-y-minas\/#breadcrumb","itemListElement":[{"@type":"ListItem","position":1,"name":"Portada","item":"https:\/\/noti-america.com\/site\/principal\/"},{"@type":"ListItem","position":2,"name":"Santos Alvite nuevo ministro de Energ\u00eda y Minas"}]},{"@type":"WebSite","@id":"https:\/\/noti-america.com\/site\/principal\/#website","url":"https:\/\/noti-america.com\/site\/principal\/","name":"Noti-America.com","description":"El Noticiero Digital M\u00e1s Grande de Am\u00e9rica","potentialAction":[{"@type":"SearchAction","target":{"@type":"EntryPoint","urlTemplate":"https:\/\/noti-america.com\/site\/principal\/?s={search_term_string}"},"query-input":{"@type":"PropertyValueSpecification","valueRequired":true,"valueName":"search_term_string"}}],"inLanguage":"es"},{"@type":"Person","@id":"https:\/\/noti-america.com\/site\/principal\/#\/schema\/person\/3b975e42f15abfe64bfe3abdd916efda","name":"Gregory Quintana Montiel","image":{"@type":"ImageObject","inLanguage":"es","@id":"https:\/\/secure.gravatar.com\/avatar\/2d6b802f7720c2ec7744dcbe608cc2f3417aeb964d58b443c6d612b77531de1d?s=96&d=mm&r=g","url":"https:\/\/secure.gravatar.com\/avatar\/2d6b802f7720c2ec7744dcbe608cc2f3417aeb964d58b443c6d612b77531de1d?s=96&d=mm&r=g","contentUrl":"https:\/\/secure.gravatar.com\/avatar\/2d6b802f7720c2ec7744dcbe608cc2f3417aeb964d58b443c6d612b77531de1d?s=96&d=mm&r=g","caption":"Gregory Quintana Montiel"},"description":"Licenciatura en Ciencias de la Comunicaci\u00f3n Social, egresado en la Especializaci\u00f3n Derecho Ambiental Desarrollo Sostenible y Sustentable, Miembro de la Comunidad de profesionales y experto para Latinoam\u00e9rica y el Caribe en Gesti\u00f3n por Resultado en el Desarrollo (COPLAC - GpRD) del Banco Interamericano de Desarrollo, experiencia en medios radiales y escritos.","sameAs":["https:\/\/x.com\/gdgregori1","gquintana"],"url":"https:\/\/noti-america.com\/site\/principal\/author\/gquintana\/"}]}},"_links":{"self":[{"href":"https:\/\/noti-america.com\/site\/principal\/wp-json\/wp\/v2\/posts\/20461","targetHints":{"allow":["GET"]}}],"collection":[{"href":"https:\/\/noti-america.com\/site\/principal\/wp-json\/wp\/v2\/posts"}],"about":[{"href":"https:\/\/noti-america.com\/site\/principal\/wp-json\/wp\/v2\/types\/post"}],"author":[{"embeddable":true,"href":"https:\/\/noti-america.com\/site\/principal\/wp-json\/wp\/v2\/users\/17"}],"replies":[{"embeddable":true,"href":"https:\/\/noti-america.com\/site\/principal\/wp-json\/wp\/v2\/comments?post=20461"}],"version-history":[{"count":0,"href":"https:\/\/noti-america.com\/site\/principal\/wp-json\/wp\/v2\/posts\/20461\/revisions"}],"wp:featuredmedia":[{"embeddable":true,"href":"https:\/\/noti-america.com\/site\/principal\/wp-json\/wp\/v2\/media\/20462"}],"wp:attachment":[{"href":"https:\/\/noti-america.com\/site\/principal\/wp-json\/wp\/v2\/media?parent=20461"}],"wp:term":[{"taxonomy":"category","embeddable":true,"href":"https:\/\/noti-america.com\/site\/principal\/wp-json\/wp\/v2\/categories?post=20461"},{"taxonomy":"post_tag","embeddable":true,"href":"https:\/\/noti-america.com\/site\/principal\/wp-json\/wp\/v2\/tags?post=20461"}],"curies":[{"name":"wp","href":"https:\/\/api.w.org\/{rel}","templated":true}]}}