{"id":20334,"date":"2022-10-27T20:16:02","date_gmt":"2022-10-28T00:16:02","guid":{"rendered":"https:\/\/noti-america.com\/site\/principal\/?p=20334"},"modified":"2022-10-27T20:16:02","modified_gmt":"2022-10-28T00:16:02","slug":"es-lo-mismo-la-afore-que-el-infonavit","status":"publish","type":"post","link":"https:\/\/noti-america.com\/site\/principal\/2022\/10\/27\/es-lo-mismo-la-afore-que-el-infonavit\/","title":{"rendered":"\u00bfEs lo mismo la Afore que el Infonavit?"},"content":{"rendered":"<p style=\"text-align: justify;\">Al revisar el estado de cuenta de tu Afore, seguramente has notado que existe una subcuenta de Vivienda. \u00bfEsto significa que\u00a0<strong>la Afore y el Infonavit son lo mismo<\/strong>? \u00a1Te explicamos!<\/p>\n<h2 style=\"text-align: justify;\"><strong>Afore vs. Infonavit: qu\u00e9 son y qu\u00e9 las diferencia<\/strong><\/h2>\n<p style=\"text-align: justify;\">Las Afore son las Administradoras de Fondos para el Retiro, y son las entidades financieras especializadas en la gesti\u00f3n de los ahorros de los trabajadores mexicanos.<\/p>\n<p style=\"text-align: justify;\">Est\u00e1n supervisadas por la Consar (Comisi\u00f3n Nacional del Sistema de Ahorro para el Retiro), la cual se encarga de proteger el dinero de las personas y garantizar que las Afore hagan su trabajo correctamente.<\/p>\n<p style=\"text-align: justify;\">El gobierno, la empresa donde trabajas y t\u00fa, a trav\u00e9s de tu n\u00f3mina o\u00a0<a href=\"https:\/\/apps.apple.com\/mx\/app\/afore-sura-tu-afore-m%C3%B3vil\/id1535508877\">aportaciones voluntarias<\/a>, son los responsables de depositar dinero en tu cuenta de retiro para crecer tu ahorro.<\/p>\n<p style=\"text-align: justify;\">Por otro lado, el Infonavit es el Instituto del Fondo Nacional de la Vivienda para los Trabajadores, y es el que otorga cr\u00e9ditos hipotecarios a los derechohabientes, es decir, aquellos trabajadores que cotizan ante el IMSS. La Ley del Infonavit es la que regula a este organismo.<\/p>\n<p style=\"text-align: justify;\">Al contrario de las Afore, solamente la empresa donde trabajas es la responsable de aportar un porcentaje de tu salario base (alrededor del 5%) para generar tu cr\u00e9dito y que puedas comprar o construir una propiedad.<\/p>\n<p style=\"text-align: justify;\">Como podemos observar por estas definiciones,\u00a0<strong>la Afore y el Infonavit no son lo mismo<\/strong>; sin embargo, \u00bfpor qu\u00e9 la Afore tiene una subcuenta de Vivienda? \u00bfEl Infonavit est\u00e1 involucrado con este ahorro?<\/p>\n<h2 style=\"text-align: justify;\"><strong>\u00bfQu\u00e9 es la subcuenta de Vivienda de tu Afore?<\/strong><\/h2>\n<p style=\"text-align: justify;\">El ahorro de tu Afore est\u00e1 conformado por tres subcuentas:<\/p>\n<ul style=\"text-align: justify;\">\n<li>Retiro, Cesant\u00eda en Edad Avanzada y Vejez (RCV)<\/li>\n<li>Vivienda<\/li>\n<li>Aportaciones voluntarias<\/li>\n<\/ul>\n<p style=\"text-align: justify;\">Mientras que las subcuentas de RCV y Aportaciones son gestionadas por las Afore, la de Vivienda \u00fanicamente es donde se encuentra depositado el dinero para tu cr\u00e9dito hipotecario, pero el Infonavit es el responsable de administrarlo.<\/p>\n<p style=\"text-align: justify;\">Puedes utilizar tu saldo de Vivienda de tres formas:<\/p>\n<ul style=\"text-align: justify;\">\n<li>Para comprar una casa.<\/li>\n<li>Para usarlo como garant\u00eda en un cr\u00e9dito bancario.<\/li>\n<li>Ahorrarlo y aprovecharlo como parte de tu pensi\u00f3n, cuando llegue el momento de retirarte.<\/li>\n<\/ul>\n<p style=\"text-align: justify;\">Si decides utilizar tu cr\u00e9dito Infonavit, revisa bien tu presupuesto y posibilidades de pago, ya que t\u00fa ser\u00e1s el responsable de cubrir las mensualidades hasta liquidar la deuda.<\/p>\n<p style=\"text-align: justify;\">Ahora que conoces la\u00a0<strong>diferencia entre Afore e Infonavit<\/strong>, es importante que sepas en qu\u00e9 administradora est\u00e1s registrado para llevar el control de tu ahorro, tanto para el retiro como para tu vivienda.<\/p>\n","protected":false},"excerpt":{"rendered":"<p>Al revisar el estado de cuenta de tu Afore, seguramente has notado que existe una subcuenta de Vivienda. \u00bfEsto significa que\u00a0la Afore y el Infonavit son lo mismo? \u00a1Te explicamos! Afore vs. Infonavit: qu\u00e9&#46;&#46;&#46;<\/p>\n","protected":false},"author":1,"featured_media":20335,"comment_status":"closed","ping_status":"open","sticky":false,"template":"","format":"image","meta":{"_acf_changed":false,"rop_custom_images_group":[],"rop_custom_messages_group":[],"rop_publish_now":"initial","rop_publish_now_accounts":{"facebook_10219548024599422_1632221337088128":"","twitter_242054905_242054905":""},"rop_publish_now_history":[],"rop_publish_now_status":"pending","footnotes":""},"categories":[663,5],"tags":[],"class_list":["post-20334","post","type-post","status-publish","format-image","has-post-thumbnail","hentry","category-actualidad","category-economia","post_format-post-format-image"],"acf":[],"yoast_head":"<!-- This site is optimized with the Yoast SEO Premium plugin v24.9 (Yoast SEO v27.2) - https:\/\/yoast.com\/product\/yoast-seo-premium-wordpress\/ -->\n<title>\u00bfEs lo mismo la Afore que el Infonavit? - Noti-America.com<\/title>\n<meta name=\"robots\" content=\"index, follow, max-snippet:-1, max-image-preview:large, max-video-preview:-1\" \/>\n<link rel=\"canonical\" href=\"https:\/\/noti-america.com\/site\/principal\/2022\/10\/27\/es-lo-mismo-la-afore-que-el-infonavit\/\" \/>\n<meta property=\"og:locale\" content=\"es_ES\" \/>\n<meta property=\"og:type\" content=\"article\" \/>\n<meta property=\"og:title\" content=\"\u00bfEs lo mismo la Afore que el Infonavit?\" \/>\n<meta property=\"og:description\" content=\"Al revisar el estado de cuenta de tu Afore, seguramente has notado que existe una subcuenta de Vivienda. \u00bfEsto significa que\u00a0la Afore y el Infonavit son lo mismo? \u00a1Te explicamos! Afore vs. Infonavit: qu\u00e9&#046;&#046;&#046;\" \/>\n<meta property=\"og:url\" content=\"https:\/\/noti-america.com\/site\/principal\/2022\/10\/27\/es-lo-mismo-la-afore-que-el-infonavit\/\" \/>\n<meta property=\"og:site_name\" content=\"Noti-America.com\" \/>\n<meta property=\"article:published_time\" content=\"2022-10-28T00:16:02+00:00\" \/>\n<meta property=\"og:image\" content=\"https:\/\/noti-america.com\/site\/principal\/wp-content\/uploads\/sites\/26\/2022\/10\/afore.jpg\" \/>\n\t<meta property=\"og:image:width\" content=\"1200\" \/>\n\t<meta property=\"og:image:height\" content=\"812\" \/>\n\t<meta property=\"og:image:type\" content=\"image\/jpeg\" \/>\n<meta name=\"author\" content=\"Rosmer Herrera\" \/>\n<meta name=\"twitter:card\" content=\"summary_large_image\" \/>\n<meta name=\"twitter:label1\" content=\"Escrito por\" \/>\n\t<meta name=\"twitter:data1\" content=\"Rosmer Herrera\" \/>\n\t<meta name=\"twitter:label2\" content=\"Tiempo estimado de lectura\" \/>\n\t<meta name=\"twitter:data2\" content=\"2 minutos\" \/>\n<script type=\"application\/ld+json\" class=\"yoast-schema-graph\">{\"@context\":\"https:\/\/schema.org\",\"@graph\":[{\"@type\":\"Article\",\"@id\":\"https:\/\/noti-america.com\/site\/principal\/2022\/10\/27\/es-lo-mismo-la-afore-que-el-infonavit\/#article\",\"isPartOf\":{\"@id\":\"https:\/\/noti-america.com\/site\/principal\/2022\/10\/27\/es-lo-mismo-la-afore-que-el-infonavit\/\"},\"author\":{\"name\":\"Rosmer Herrera\",\"@id\":\"https:\/\/noti-america.com\/site\/principal\/#\/schema\/person\/fd58dbfb92a257e9dc5761bf69a855ff\"},\"headline\":\"\u00bfEs lo mismo la Afore que el Infonavit?\",\"datePublished\":\"2022-10-28T00:16:02+00:00\",\"mainEntityOfPage\":{\"@id\":\"https:\/\/noti-america.com\/site\/principal\/2022\/10\/27\/es-lo-mismo-la-afore-que-el-infonavit\/\"},\"wordCount\":431,\"image\":{\"@id\":\"https:\/\/noti-america.com\/site\/principal\/2022\/10\/27\/es-lo-mismo-la-afore-que-el-infonavit\/#primaryimage\"},\"thumbnailUrl\":\"https:\/\/noti-america.com\/site\/principal\/wp-content\/uploads\/sites\/26\/2022\/10\/afore.jpg\",\"articleSection\":[\"Actualidad\",\"Econom\u00eda\"],\"inLanguage\":\"es\"},{\"@type\":\"WebPage\",\"@id\":\"https:\/\/noti-america.com\/site\/principal\/2022\/10\/27\/es-lo-mismo-la-afore-que-el-infonavit\/\",\"url\":\"https:\/\/noti-america.com\/site\/principal\/2022\/10\/27\/es-lo-mismo-la-afore-que-el-infonavit\/\",\"name\":\"\u00bfEs lo mismo la Afore que el Infonavit? - Noti-America.com\",\"isPartOf\":{\"@id\":\"https:\/\/noti-america.com\/site\/principal\/#website\"},\"primaryImageOfPage\":{\"@id\":\"https:\/\/noti-america.com\/site\/principal\/2022\/10\/27\/es-lo-mismo-la-afore-que-el-infonavit\/#primaryimage\"},\"image\":{\"@id\":\"https:\/\/noti-america.com\/site\/principal\/2022\/10\/27\/es-lo-mismo-la-afore-que-el-infonavit\/#primaryimage\"},\"thumbnailUrl\":\"https:\/\/noti-america.com\/site\/principal\/wp-content\/uploads\/sites\/26\/2022\/10\/afore.jpg\",\"datePublished\":\"2022-10-28T00:16:02+00:00\",\"author\":{\"@id\":\"https:\/\/noti-america.com\/site\/principal\/#\/schema\/person\/fd58dbfb92a257e9dc5761bf69a855ff\"},\"breadcrumb\":{\"@id\":\"https:\/\/noti-america.com\/site\/principal\/2022\/10\/27\/es-lo-mismo-la-afore-que-el-infonavit\/#breadcrumb\"},\"inLanguage\":\"es\",\"potentialAction\":[{\"@type\":\"ReadAction\",\"target\":[\"https:\/\/noti-america.com\/site\/principal\/2022\/10\/27\/es-lo-mismo-la-afore-que-el-infonavit\/\"]}]},{\"@type\":\"ImageObject\",\"inLanguage\":\"es\",\"@id\":\"https:\/\/noti-america.com\/site\/principal\/2022\/10\/27\/es-lo-mismo-la-afore-que-el-infonavit\/#primaryimage\",\"url\":\"https:\/\/noti-america.com\/site\/principal\/wp-content\/uploads\/sites\/26\/2022\/10\/afore.jpg\",\"contentUrl\":\"https:\/\/noti-america.com\/site\/principal\/wp-content\/uploads\/sites\/26\/2022\/10\/afore.jpg\",\"width\":1200,\"height\":812},{\"@type\":\"BreadcrumbList\",\"@id\":\"https:\/\/noti-america.com\/site\/principal\/2022\/10\/27\/es-lo-mismo-la-afore-que-el-infonavit\/#breadcrumb\",\"itemListElement\":[{\"@type\":\"ListItem\",\"position\":1,\"name\":\"Portada\",\"item\":\"https:\/\/noti-america.com\/site\/principal\/\"},{\"@type\":\"ListItem\",\"position\":2,\"name\":\"\u00bfEs lo mismo la Afore que el Infonavit?\"}]},{\"@type\":\"WebSite\",\"@id\":\"https:\/\/noti-america.com\/site\/principal\/#website\",\"url\":\"https:\/\/noti-america.com\/site\/principal\/\",\"name\":\"Noti-America.com\",\"description\":\"El Noticiero Digital M\u00e1s Grande de Am\u00e9rica\",\"potentialAction\":[{\"@type\":\"SearchAction\",\"target\":{\"@type\":\"EntryPoint\",\"urlTemplate\":\"https:\/\/noti-america.com\/site\/principal\/?s={search_term_string}\"},\"query-input\":{\"@type\":\"PropertyValueSpecification\",\"valueRequired\":true,\"valueName\":\"search_term_string\"}}],\"inLanguage\":\"es\"},{\"@type\":\"Person\",\"@id\":\"https:\/\/noti-america.com\/site\/principal\/#\/schema\/person\/fd58dbfb92a257e9dc5761bf69a855ff\",\"name\":\"Rosmer Herrera\",\"image\":{\"@type\":\"ImageObject\",\"inLanguage\":\"es\",\"@id\":\"https:\/\/secure.gravatar.com\/avatar\/153e75c261394dbf20ff1a1e70ea2be9494f2b40b7fc4e7704084db13220ae08?s=96&d=mm&r=g\",\"url\":\"https:\/\/secure.gravatar.com\/avatar\/153e75c261394dbf20ff1a1e70ea2be9494f2b40b7fc4e7704084db13220ae08?s=96&d=mm&r=g\",\"contentUrl\":\"https:\/\/secure.gravatar.com\/avatar\/153e75c261394dbf20ff1a1e70ea2be9494f2b40b7fc4e7704084db13220ae08?s=96&d=mm&r=g\",\"caption\":\"Rosmer Herrera\"},\"url\":\"https:\/\/noti-america.com\/site\/principal\/author\/rosmer33\/\"}]}<\/script>\n<!-- \/ Yoast SEO Premium plugin. -->","yoast_head_json":{"title":"\u00bfEs lo mismo la Afore que el Infonavit? - Noti-America.com","robots":{"index":"index","follow":"follow","max-snippet":"max-snippet:-1","max-image-preview":"max-image-preview:large","max-video-preview":"max-video-preview:-1"},"canonical":"https:\/\/noti-america.com\/site\/principal\/2022\/10\/27\/es-lo-mismo-la-afore-que-el-infonavit\/","og_locale":"es_ES","og_type":"article","og_title":"\u00bfEs lo mismo la Afore que el Infonavit?","og_description":"Al revisar el estado de cuenta de tu Afore, seguramente has notado que existe una subcuenta de Vivienda. \u00bfEsto significa que\u00a0la Afore y el Infonavit son lo mismo? \u00a1Te explicamos! Afore vs. Infonavit: qu\u00e9&#46;&#46;&#46;","og_url":"https:\/\/noti-america.com\/site\/principal\/2022\/10\/27\/es-lo-mismo-la-afore-que-el-infonavit\/","og_site_name":"Noti-America.com","article_published_time":"2022-10-28T00:16:02+00:00","og_image":[{"width":1200,"height":812,"url":"https:\/\/noti-america.com\/site\/principal\/wp-content\/uploads\/sites\/26\/2022\/10\/afore.jpg","type":"image\/jpeg"}],"author":"Rosmer Herrera","twitter_card":"summary_large_image","twitter_misc":{"Escrito por":"Rosmer Herrera","Tiempo estimado de lectura":"2 minutos"},"schema":{"@context":"https:\/\/schema.org","@graph":[{"@type":"Article","@id":"https:\/\/noti-america.com\/site\/principal\/2022\/10\/27\/es-lo-mismo-la-afore-que-el-infonavit\/#article","isPartOf":{"@id":"https:\/\/noti-america.com\/site\/principal\/2022\/10\/27\/es-lo-mismo-la-afore-que-el-infonavit\/"},"author":{"name":"Rosmer Herrera","@id":"https:\/\/noti-america.com\/site\/principal\/#\/schema\/person\/fd58dbfb92a257e9dc5761bf69a855ff"},"headline":"\u00bfEs lo mismo la Afore que el Infonavit?","datePublished":"2022-10-28T00:16:02+00:00","mainEntityOfPage":{"@id":"https:\/\/noti-america.com\/site\/principal\/2022\/10\/27\/es-lo-mismo-la-afore-que-el-infonavit\/"},"wordCount":431,"image":{"@id":"https:\/\/noti-america.com\/site\/principal\/2022\/10\/27\/es-lo-mismo-la-afore-que-el-infonavit\/#primaryimage"},"thumbnailUrl":"https:\/\/noti-america.com\/site\/principal\/wp-content\/uploads\/sites\/26\/2022\/10\/afore.jpg","articleSection":["Actualidad","Econom\u00eda"],"inLanguage":"es"},{"@type":"WebPage","@id":"https:\/\/noti-america.com\/site\/principal\/2022\/10\/27\/es-lo-mismo-la-afore-que-el-infonavit\/","url":"https:\/\/noti-america.com\/site\/principal\/2022\/10\/27\/es-lo-mismo-la-afore-que-el-infonavit\/","name":"\u00bfEs lo mismo la Afore que el Infonavit? - Noti-America.com","isPartOf":{"@id":"https:\/\/noti-america.com\/site\/principal\/#website"},"primaryImageOfPage":{"@id":"https:\/\/noti-america.com\/site\/principal\/2022\/10\/27\/es-lo-mismo-la-afore-que-el-infonavit\/#primaryimage"},"image":{"@id":"https:\/\/noti-america.com\/site\/principal\/2022\/10\/27\/es-lo-mismo-la-afore-que-el-infonavit\/#primaryimage"},"thumbnailUrl":"https:\/\/noti-america.com\/site\/principal\/wp-content\/uploads\/sites\/26\/2022\/10\/afore.jpg","datePublished":"2022-10-28T00:16:02+00:00","author":{"@id":"https:\/\/noti-america.com\/site\/principal\/#\/schema\/person\/fd58dbfb92a257e9dc5761bf69a855ff"},"breadcrumb":{"@id":"https:\/\/noti-america.com\/site\/principal\/2022\/10\/27\/es-lo-mismo-la-afore-que-el-infonavit\/#breadcrumb"},"inLanguage":"es","potentialAction":[{"@type":"ReadAction","target":["https:\/\/noti-america.com\/site\/principal\/2022\/10\/27\/es-lo-mismo-la-afore-que-el-infonavit\/"]}]},{"@type":"ImageObject","inLanguage":"es","@id":"https:\/\/noti-america.com\/site\/principal\/2022\/10\/27\/es-lo-mismo-la-afore-que-el-infonavit\/#primaryimage","url":"https:\/\/noti-america.com\/site\/principal\/wp-content\/uploads\/sites\/26\/2022\/10\/afore.jpg","contentUrl":"https:\/\/noti-america.com\/site\/principal\/wp-content\/uploads\/sites\/26\/2022\/10\/afore.jpg","width":1200,"height":812},{"@type":"BreadcrumbList","@id":"https:\/\/noti-america.com\/site\/principal\/2022\/10\/27\/es-lo-mismo-la-afore-que-el-infonavit\/#breadcrumb","itemListElement":[{"@type":"ListItem","position":1,"name":"Portada","item":"https:\/\/noti-america.com\/site\/principal\/"},{"@type":"ListItem","position":2,"name":"\u00bfEs lo mismo la Afore que el Infonavit?"}]},{"@type":"WebSite","@id":"https:\/\/noti-america.com\/site\/principal\/#website","url":"https:\/\/noti-america.com\/site\/principal\/","name":"Noti-America.com","description":"El Noticiero Digital M\u00e1s Grande de Am\u00e9rica","potentialAction":[{"@type":"SearchAction","target":{"@type":"EntryPoint","urlTemplate":"https:\/\/noti-america.com\/site\/principal\/?s={search_term_string}"},"query-input":{"@type":"PropertyValueSpecification","valueRequired":true,"valueName":"search_term_string"}}],"inLanguage":"es"},{"@type":"Person","@id":"https:\/\/noti-america.com\/site\/principal\/#\/schema\/person\/fd58dbfb92a257e9dc5761bf69a855ff","name":"Rosmer Herrera","image":{"@type":"ImageObject","inLanguage":"es","@id":"https:\/\/secure.gravatar.com\/avatar\/153e75c261394dbf20ff1a1e70ea2be9494f2b40b7fc4e7704084db13220ae08?s=96&d=mm&r=g","url":"https:\/\/secure.gravatar.com\/avatar\/153e75c261394dbf20ff1a1e70ea2be9494f2b40b7fc4e7704084db13220ae08?s=96&d=mm&r=g","contentUrl":"https:\/\/secure.gravatar.com\/avatar\/153e75c261394dbf20ff1a1e70ea2be9494f2b40b7fc4e7704084db13220ae08?s=96&d=mm&r=g","caption":"Rosmer Herrera"},"url":"https:\/\/noti-america.com\/site\/principal\/author\/rosmer33\/"}]}},"_links":{"self":[{"href":"https:\/\/noti-america.com\/site\/principal\/wp-json\/wp\/v2\/posts\/20334","targetHints":{"allow":["GET"]}}],"collection":[{"href":"https:\/\/noti-america.com\/site\/principal\/wp-json\/wp\/v2\/posts"}],"about":[{"href":"https:\/\/noti-america.com\/site\/principal\/wp-json\/wp\/v2\/types\/post"}],"author":[{"embeddable":true,"href":"https:\/\/noti-america.com\/site\/principal\/wp-json\/wp\/v2\/users\/1"}],"replies":[{"embeddable":true,"href":"https:\/\/noti-america.com\/site\/principal\/wp-json\/wp\/v2\/comments?post=20334"}],"version-history":[{"count":1,"href":"https:\/\/noti-america.com\/site\/principal\/wp-json\/wp\/v2\/posts\/20334\/revisions"}],"predecessor-version":[{"id":20336,"href":"https:\/\/noti-america.com\/site\/principal\/wp-json\/wp\/v2\/posts\/20334\/revisions\/20336"}],"wp:featuredmedia":[{"embeddable":true,"href":"https:\/\/noti-america.com\/site\/principal\/wp-json\/wp\/v2\/media\/20335"}],"wp:attachment":[{"href":"https:\/\/noti-america.com\/site\/principal\/wp-json\/wp\/v2\/media?parent=20334"}],"wp:term":[{"taxonomy":"category","embeddable":true,"href":"https:\/\/noti-america.com\/site\/principal\/wp-json\/wp\/v2\/categories?post=20334"},{"taxonomy":"post_tag","embeddable":true,"href":"https:\/\/noti-america.com\/site\/principal\/wp-json\/wp\/v2\/tags?post=20334"}],"curies":[{"name":"wp","href":"https:\/\/api.w.org\/{rel}","templated":true}]}}