{"id":2019,"date":"2018-03-30T14:55:54","date_gmt":"2018-03-30T14:55:54","guid":{"rendered":"http:\/\/noti-america.com\/site\/alemania\/?p=2019"},"modified":"2018-03-30T14:56:13","modified_gmt":"2018-03-30T14:56:13","slug":"erdogan-ataca-a-francia-tras-oferta-de-mediacion-con-kurdos","status":"publish","type":"post","link":"https:\/\/noti-america.com\/site\/principal\/2018\/03\/30\/erdogan-ataca-a-francia-tras-oferta-de-mediacion-con-kurdos\/","title":{"rendered":"Erdogan ataca a Francia tras oferta de mediaci\u00f3n con kurdos"},"content":{"rendered":"<p><span class=\"dateline\">Ankara\u00a0&#8211; <\/span>El presidente turco, Recep Tayyip Erdogan, rechaz\u00f3 hoy indignado que Francia medie entre Turqu\u00eda y los kurdos sirios y lanz\u00f3 duras acusaciones al presidente galo, Emmanuel Macron, despu\u00e9s de que este recibiese a una delegaci\u00f3n de las Fuerzas Democr\u00e1ticas Sirias (SDF), controladas por kurdos.<\/p>\n<p>\u00abDespu\u00e9s de ese comportamiento, Francia no tiene derecho a quejarse sobre ninguna organizaci\u00f3n terrorista, sobre ning\u00fan terrorista o acto terrorista\u00bb, dijo Erdogan en Ankara. \u00abQuienes se acuestan con terroristas e incluso les reciben en sus palacios, reconocer\u00e1n sus errores tarde o temprano\u00bb, a\u00f1adi\u00f3.<\/p>\n<p>Macron recibi\u00f3 en Par\u00eds a una delegaci\u00f3n de las SDF, que est\u00e1n dominadas por la milicia Unidades de Protecci\u00f3n Popular (YPG) kurdas, a la que Turqu\u00eda considera organizaci\u00f3n terrorista y contra la que inici\u00f3 una ofensiva en la regi\u00f3n siria de Afrin.<\/p>\n<p>Tras el encuentro, el Palacio del El\u00edseo inform\u00f3 que Macron manifest\u00f3 su apoyo a las SDF y que conf\u00eda en que con ayuda de Francia y de la comunidad internacional pueda abrirse un di\u00e1logo entre ellas y Turqu\u00eda.<\/p>\n<p>\u00abLamentamos seriamente el reciente comportamiento de Francia, que consideramos totalmente equivocado\u00bb, dijo Erdogan. \u00ab\u00bfQui\u00e9n le encomend\u00f3 esa tarea? No aborde cosas que est\u00e1n fuera de su liga\u00bb, agreg\u00f3 respecto a la oferta de mediaci\u00f3n de Macron. Ankara no necesita ayuda para celebrar conversaciones y Par\u00eds todav\u00eda no abord\u00f3 su propio \u00absucio y sangriento pasado\u00bb, dijo el presidente turco.<\/p>\n<p>Seg\u00fan Erdogan, las Fuerzas Democr\u00e1ticas Sirias no son otra cosa que las YPG, y por consiguiente que el Partido de los Trabajadores del Kurdist\u00e1n (PKK), organizaci\u00f3n considerada terrorista por Turqu\u00eda, Estados Unidos y la Uni\u00f3n Europea. \u00ab\u00a1Hey, Occidente! Esos a los que llaman SDF, Fuerzas Democr\u00e1ticas Sirias, son lo mismo que esa organizaci\u00f3n terrorista\u00bb, advirti\u00f3.<\/p>\n<p>Tambi\u00e9n el viceprimer ministro turco, Bekir Bozdag, lanz\u00f3 duras cr\u00edticas. \u00abQuienes cooperan y se solidarizan con organizaciones terroristas contra Turqu\u00eda y atacan a Turqu\u00eda junto a los terroristas recibir\u00e1n el mismo tratamiento que los terroristas y se convertir\u00e1n en un objetivo para Turqu\u00eda, como los terroristas\u00bb, tuite\u00f3.<\/p>\n<p>En las \u00faltimas semanas, Macron se mostr\u00f3 en varias ocasiones preocupado por la ofensiva turca en Afrin y pidi\u00f3 un alto el fuego para toda Siria<\/p>\n<p>Fuente(dpa)<\/p>\n","protected":false},"excerpt":{"rendered":"<p>Ankara\u00a0&#8211; El presidente turco, Recep Tayyip Erdogan, rechaz\u00f3 hoy indignado que Francia medie entre Turqu\u00eda y los kurdos sirios y lanz\u00f3 duras acusaciones al presidente galo, Emmanuel Macron, despu\u00e9s de que este recibiese a&#46;&#46;&#46;<\/p>\n","protected":false},"author":31,"featured_media":2020,"comment_status":"open","ping_status":"open","sticky":false,"template":"","format":"standard","meta":{"_acf_changed":false,"rop_custom_images_group":[],"rop_custom_messages_group":[],"rop_publish_now":"initial","rop_publish_now_accounts":{"facebook_10219548024599422_1632221337088128":"","twitter_242054905_242054905":""},"rop_publish_now_history":[],"rop_publish_now_status":"pending","footnotes":""},"categories":[91,4,3,82],"tags":[],"class_list":["post-2019","post","type-post","status-publish","format-standard","has-post-thumbnail","hentry","category-francia","category-internacionales","category-politica","category-turquia"],"acf":[],"yoast_head":"<!-- This site is optimized with the Yoast SEO Premium plugin v24.9 (Yoast SEO v27.2) - https:\/\/yoast.com\/product\/yoast-seo-premium-wordpress\/ -->\n<title>Erdogan ataca a Francia tras oferta de mediaci\u00f3n con kurdos - Noti-America.com<\/title>\n<meta name=\"robots\" content=\"index, follow, max-snippet:-1, max-image-preview:large, max-video-preview:-1\" \/>\n<link rel=\"canonical\" href=\"https:\/\/noti-america.com\/site\/principal\/2018\/03\/30\/erdogan-ataca-a-francia-tras-oferta-de-mediacion-con-kurdos\/\" \/>\n<meta property=\"og:locale\" content=\"es_ES\" \/>\n<meta property=\"og:type\" content=\"article\" \/>\n<meta property=\"og:title\" content=\"Erdogan ataca a Francia tras oferta de mediaci\u00f3n con kurdos\" \/>\n<meta property=\"og:description\" content=\"Ankara\u00a0&#8211; El presidente turco, Recep Tayyip Erdogan, rechaz\u00f3 hoy indignado que Francia medie entre Turqu\u00eda y los kurdos sirios y lanz\u00f3 duras acusaciones al presidente galo, Emmanuel Macron, despu\u00e9s de que este recibiese a&#046;&#046;&#046;\" \/>\n<meta property=\"og:url\" content=\"https:\/\/noti-america.com\/site\/principal\/2018\/03\/30\/erdogan-ataca-a-francia-tras-oferta-de-mediacion-con-kurdos\/\" \/>\n<meta property=\"og:site_name\" content=\"Noti-America.com\" \/>\n<meta property=\"article:published_time\" content=\"2018-03-30T14:55:54+00:00\" \/>\n<meta property=\"article:modified_time\" content=\"2018-03-30T14:56:13+00:00\" \/>\n<meta property=\"og:image\" content=\"https:\/\/noti-america.com\/site\/principal\/wp-content\/uploads\/sites\/26\/2018\/03\/Erdogan-ataca-a-Francia-tras-oferta-de-mediaci\u00f3n-con-kurdos.jpg\" \/>\n\t<meta property=\"og:image:width\" content=\"476\" \/>\n\t<meta property=\"og:image:height\" content=\"317\" \/>\n\t<meta property=\"og:image:type\" content=\"image\/jpeg\" \/>\n<meta name=\"author\" content=\"Ydalith Figueroa Kad-Bay\" \/>\n<meta name=\"twitter:card\" content=\"summary_large_image\" \/>\n<meta name=\"twitter:creator\" content=\"@ydalithkad\" \/>\n<meta name=\"twitter:label1\" content=\"Escrito por\" \/>\n\t<meta name=\"twitter:data1\" content=\"Ydalith Figueroa Kad-Bay\" \/>\n\t<meta name=\"twitter:label2\" content=\"Tiempo estimado de lectura\" \/>\n\t<meta name=\"twitter:data2\" content=\"2 minutos\" \/>\n<script type=\"application\/ld+json\" class=\"yoast-schema-graph\">{\"@context\":\"https:\/\/schema.org\",\"@graph\":[{\"@type\":\"Article\",\"@id\":\"https:\/\/noti-america.com\/site\/principal\/2018\/03\/30\/erdogan-ataca-a-francia-tras-oferta-de-mediacion-con-kurdos\/#article\",\"isPartOf\":{\"@id\":\"https:\/\/noti-america.com\/site\/principal\/2018\/03\/30\/erdogan-ataca-a-francia-tras-oferta-de-mediacion-con-kurdos\/\"},\"author\":{\"name\":\"Ydalith Figueroa Kad-Bay\",\"@id\":\"https:\/\/noti-america.com\/site\/principal\/#\/schema\/person\/1a24e37c3c358f389f0a111448ddb870\"},\"headline\":\"Erdogan ataca a Francia tras oferta de mediaci\u00f3n con kurdos\",\"datePublished\":\"2018-03-30T14:55:54+00:00\",\"dateModified\":\"2018-03-30T14:56:13+00:00\",\"mainEntityOfPage\":{\"@id\":\"https:\/\/noti-america.com\/site\/principal\/2018\/03\/30\/erdogan-ataca-a-francia-tras-oferta-de-mediacion-con-kurdos\/\"},\"wordCount\":408,\"commentCount\":0,\"image\":{\"@id\":\"https:\/\/noti-america.com\/site\/principal\/2018\/03\/30\/erdogan-ataca-a-francia-tras-oferta-de-mediacion-con-kurdos\/#primaryimage\"},\"thumbnailUrl\":\"https:\/\/noti-america.com\/site\/principal\/wp-content\/uploads\/sites\/26\/2018\/03\/Erdogan-ataca-a-Francia-tras-oferta-de-mediaci\u00f3n-con-kurdos.jpg\",\"articleSection\":[\"Francia\",\"Internacionales\",\"Pol\u00edtica\",\"Turqu\u00eda\"],\"inLanguage\":\"es\",\"potentialAction\":[{\"@type\":\"CommentAction\",\"name\":\"Comment\",\"target\":[\"https:\/\/noti-america.com\/site\/principal\/2018\/03\/30\/erdogan-ataca-a-francia-tras-oferta-de-mediacion-con-kurdos\/#respond\"]}]},{\"@type\":\"WebPage\",\"@id\":\"https:\/\/noti-america.com\/site\/principal\/2018\/03\/30\/erdogan-ataca-a-francia-tras-oferta-de-mediacion-con-kurdos\/\",\"url\":\"https:\/\/noti-america.com\/site\/principal\/2018\/03\/30\/erdogan-ataca-a-francia-tras-oferta-de-mediacion-con-kurdos\/\",\"name\":\"Erdogan ataca a Francia tras oferta de mediaci\u00f3n con kurdos - Noti-America.com\",\"isPartOf\":{\"@id\":\"https:\/\/noti-america.com\/site\/principal\/#website\"},\"primaryImageOfPage\":{\"@id\":\"https:\/\/noti-america.com\/site\/principal\/2018\/03\/30\/erdogan-ataca-a-francia-tras-oferta-de-mediacion-con-kurdos\/#primaryimage\"},\"image\":{\"@id\":\"https:\/\/noti-america.com\/site\/principal\/2018\/03\/30\/erdogan-ataca-a-francia-tras-oferta-de-mediacion-con-kurdos\/#primaryimage\"},\"thumbnailUrl\":\"https:\/\/noti-america.com\/site\/principal\/wp-content\/uploads\/sites\/26\/2018\/03\/Erdogan-ataca-a-Francia-tras-oferta-de-mediaci\u00f3n-con-kurdos.jpg\",\"datePublished\":\"2018-03-30T14:55:54+00:00\",\"dateModified\":\"2018-03-30T14:56:13+00:00\",\"author\":{\"@id\":\"https:\/\/noti-america.com\/site\/principal\/#\/schema\/person\/1a24e37c3c358f389f0a111448ddb870\"},\"breadcrumb\":{\"@id\":\"https:\/\/noti-america.com\/site\/principal\/2018\/03\/30\/erdogan-ataca-a-francia-tras-oferta-de-mediacion-con-kurdos\/#breadcrumb\"},\"inLanguage\":\"es\",\"potentialAction\":[{\"@type\":\"ReadAction\",\"target\":[\"https:\/\/noti-america.com\/site\/principal\/2018\/03\/30\/erdogan-ataca-a-francia-tras-oferta-de-mediacion-con-kurdos\/\"]}]},{\"@type\":\"ImageObject\",\"inLanguage\":\"es\",\"@id\":\"https:\/\/noti-america.com\/site\/principal\/2018\/03\/30\/erdogan-ataca-a-francia-tras-oferta-de-mediacion-con-kurdos\/#primaryimage\",\"url\":\"https:\/\/noti-america.com\/site\/principal\/wp-content\/uploads\/sites\/26\/2018\/03\/Erdogan-ataca-a-Francia-tras-oferta-de-mediaci\u00f3n-con-kurdos.jpg\",\"contentUrl\":\"https:\/\/noti-america.com\/site\/principal\/wp-content\/uploads\/sites\/26\/2018\/03\/Erdogan-ataca-a-Francia-tras-oferta-de-mediaci\u00f3n-con-kurdos.jpg\",\"width\":476,\"height\":317,\"caption\":\"epa06418313 Turkish President Recep Tayyip Erdogan (R) is welcomed by French President Emmanuel Macron (L) upon his arrival at the Elysee Palace for a meeting in Paris, France, 05 January 2018. Erdogan is in Paris for a one-day visit for bilateral talks. EPA\/ETIENNE LAURENT\"},{\"@type\":\"BreadcrumbList\",\"@id\":\"https:\/\/noti-america.com\/site\/principal\/2018\/03\/30\/erdogan-ataca-a-francia-tras-oferta-de-mediacion-con-kurdos\/#breadcrumb\",\"itemListElement\":[{\"@type\":\"ListItem\",\"position\":1,\"name\":\"Portada\",\"item\":\"https:\/\/noti-america.com\/site\/principal\/\"},{\"@type\":\"ListItem\",\"position\":2,\"name\":\"Erdogan ataca a Francia tras oferta de mediaci\u00f3n con kurdos\"}]},{\"@type\":\"WebSite\",\"@id\":\"https:\/\/noti-america.com\/site\/principal\/#website\",\"url\":\"https:\/\/noti-america.com\/site\/principal\/\",\"name\":\"Noti-America.com\",\"description\":\"El Noticiero Digital M\u00e1s Grande de Am\u00e9rica\",\"potentialAction\":[{\"@type\":\"SearchAction\",\"target\":{\"@type\":\"EntryPoint\",\"urlTemplate\":\"https:\/\/noti-america.com\/site\/principal\/?s={search_term_string}\"},\"query-input\":{\"@type\":\"PropertyValueSpecification\",\"valueRequired\":true,\"valueName\":\"search_term_string\"}}],\"inLanguage\":\"es\"},{\"@type\":\"Person\",\"@id\":\"https:\/\/noti-america.com\/site\/principal\/#\/schema\/person\/1a24e37c3c358f389f0a111448ddb870\",\"name\":\"Ydalith Figueroa Kad-Bay\",\"image\":{\"@type\":\"ImageObject\",\"inLanguage\":\"es\",\"@id\":\"https:\/\/secure.gravatar.com\/avatar\/7d1e350465afd215908c3ed413e32ef600cd41c3c21b95416252432a9f6c219c?s=96&d=mm&r=g\",\"url\":\"https:\/\/secure.gravatar.com\/avatar\/7d1e350465afd215908c3ed413e32ef600cd41c3c21b95416252432a9f6c219c?s=96&d=mm&r=g\",\"contentUrl\":\"https:\/\/secure.gravatar.com\/avatar\/7d1e350465afd215908c3ed413e32ef600cd41c3c21b95416252432a9f6c219c?s=96&d=mm&r=g\",\"caption\":\"Ydalith Figueroa Kad-Bay\"},\"description\":\"CEO Noti-America Alemania Embajadora de Venezuela para el Proyecto de Acci\u00f3n Clim\u00e1tica de la ONU, Embajadora para la ense\u00f1anza de los ODS de la ONU, Amplificador de la Acci\u00f3n de los ODS de la ONU, Profesor Voluntario del Proyecto KAKUMA (Educaci\u00f3n de calidad para refugiados en \u00c1frica) UNHCR \u2013 ACNUR - Agencia para los refugiados de la ONU-, Miembro de la ONG Gente Y Ciudad, Embajador de las Instituciones de Microfinanzas \u201cNo a la pobreza ODS #1 de la ONU\u201d (todos tienen derecho a acceso a un cr\u00e9dito), y Voluntario al di\u00e1logo global de UN75. Twitter @ydalithkad email ydalith@yhaoo.com Locutor Profesional 32931 Universidad Central de Venezuela @ISHannover \\\"Colegio Internacional de Hannover Regi\u00f3n, Alemania\\\" Representante de Aprendizaje Innovaci\u00f3n y Tecnolog\u00eda #LMS (Sistema de Gesti\u00f3n de Aprendizaje) #LMS Gente y Ciudad &amp; Asesores Internacionales ONG Alemania. ONG \\\"Gente y Ciudad, Venezuela\\\" Miembro y Asesor especialista An\u00e1lisis de Pol\u00edtica Internacional Asesor Pol\u00edtico Internacional de Venezuela en la defensa de los Derechos Humanos y el restablecimiento Democr\u00e1tico. Diplomacia positiva y Activa. Pasi\u00f3n por el Golf Proyecto #LMS \\\"Golf para ni\u00f1os y adultos Internacional\\\" Pasi\u00f3n por los Postres Proyecto #LMS \\\"Postres, Que Unen a las Culturas del mundo\\\"\",\"sameAs\":[\"https:\/\/x.com\/ydalithkad\"],\"url\":\"https:\/\/noti-america.com\/site\/principal\/author\/yfigueroa\/\"}]}<\/script>\n<!-- \/ Yoast SEO Premium plugin. -->","yoast_head_json":{"title":"Erdogan ataca a Francia tras oferta de mediaci\u00f3n con kurdos - Noti-America.com","robots":{"index":"index","follow":"follow","max-snippet":"max-snippet:-1","max-image-preview":"max-image-preview:large","max-video-preview":"max-video-preview:-1"},"canonical":"https:\/\/noti-america.com\/site\/principal\/2018\/03\/30\/erdogan-ataca-a-francia-tras-oferta-de-mediacion-con-kurdos\/","og_locale":"es_ES","og_type":"article","og_title":"Erdogan ataca a Francia tras oferta de mediaci\u00f3n con kurdos","og_description":"Ankara\u00a0&#8211; El presidente turco, Recep Tayyip Erdogan, rechaz\u00f3 hoy indignado que Francia medie entre Turqu\u00eda y los kurdos sirios y lanz\u00f3 duras acusaciones al presidente galo, Emmanuel Macron, despu\u00e9s de que este recibiese a&#46;&#46;&#46;","og_url":"https:\/\/noti-america.com\/site\/principal\/2018\/03\/30\/erdogan-ataca-a-francia-tras-oferta-de-mediacion-con-kurdos\/","og_site_name":"Noti-America.com","article_published_time":"2018-03-30T14:55:54+00:00","article_modified_time":"2018-03-30T14:56:13+00:00","og_image":[{"width":476,"height":317,"url":"https:\/\/noti-america.com\/site\/principal\/wp-content\/uploads\/sites\/26\/2018\/03\/Erdogan-ataca-a-Francia-tras-oferta-de-mediaci\u00f3n-con-kurdos.jpg","type":"image\/jpeg"}],"author":"Ydalith Figueroa Kad-Bay","twitter_card":"summary_large_image","twitter_creator":"@ydalithkad","twitter_misc":{"Escrito por":"Ydalith Figueroa Kad-Bay","Tiempo estimado de lectura":"2 minutos"},"schema":{"@context":"https:\/\/schema.org","@graph":[{"@type":"Article","@id":"https:\/\/noti-america.com\/site\/principal\/2018\/03\/30\/erdogan-ataca-a-francia-tras-oferta-de-mediacion-con-kurdos\/#article","isPartOf":{"@id":"https:\/\/noti-america.com\/site\/principal\/2018\/03\/30\/erdogan-ataca-a-francia-tras-oferta-de-mediacion-con-kurdos\/"},"author":{"name":"Ydalith Figueroa Kad-Bay","@id":"https:\/\/noti-america.com\/site\/principal\/#\/schema\/person\/1a24e37c3c358f389f0a111448ddb870"},"headline":"Erdogan ataca a Francia tras oferta de mediaci\u00f3n con kurdos","datePublished":"2018-03-30T14:55:54+00:00","dateModified":"2018-03-30T14:56:13+00:00","mainEntityOfPage":{"@id":"https:\/\/noti-america.com\/site\/principal\/2018\/03\/30\/erdogan-ataca-a-francia-tras-oferta-de-mediacion-con-kurdos\/"},"wordCount":408,"commentCount":0,"image":{"@id":"https:\/\/noti-america.com\/site\/principal\/2018\/03\/30\/erdogan-ataca-a-francia-tras-oferta-de-mediacion-con-kurdos\/#primaryimage"},"thumbnailUrl":"https:\/\/noti-america.com\/site\/principal\/wp-content\/uploads\/sites\/26\/2018\/03\/Erdogan-ataca-a-Francia-tras-oferta-de-mediaci\u00f3n-con-kurdos.jpg","articleSection":["Francia","Internacionales","Pol\u00edtica","Turqu\u00eda"],"inLanguage":"es","potentialAction":[{"@type":"CommentAction","name":"Comment","target":["https:\/\/noti-america.com\/site\/principal\/2018\/03\/30\/erdogan-ataca-a-francia-tras-oferta-de-mediacion-con-kurdos\/#respond"]}]},{"@type":"WebPage","@id":"https:\/\/noti-america.com\/site\/principal\/2018\/03\/30\/erdogan-ataca-a-francia-tras-oferta-de-mediacion-con-kurdos\/","url":"https:\/\/noti-america.com\/site\/principal\/2018\/03\/30\/erdogan-ataca-a-francia-tras-oferta-de-mediacion-con-kurdos\/","name":"Erdogan ataca a Francia tras oferta de mediaci\u00f3n con kurdos - Noti-America.com","isPartOf":{"@id":"https:\/\/noti-america.com\/site\/principal\/#website"},"primaryImageOfPage":{"@id":"https:\/\/noti-america.com\/site\/principal\/2018\/03\/30\/erdogan-ataca-a-francia-tras-oferta-de-mediacion-con-kurdos\/#primaryimage"},"image":{"@id":"https:\/\/noti-america.com\/site\/principal\/2018\/03\/30\/erdogan-ataca-a-francia-tras-oferta-de-mediacion-con-kurdos\/#primaryimage"},"thumbnailUrl":"https:\/\/noti-america.com\/site\/principal\/wp-content\/uploads\/sites\/26\/2018\/03\/Erdogan-ataca-a-Francia-tras-oferta-de-mediaci\u00f3n-con-kurdos.jpg","datePublished":"2018-03-30T14:55:54+00:00","dateModified":"2018-03-30T14:56:13+00:00","author":{"@id":"https:\/\/noti-america.com\/site\/principal\/#\/schema\/person\/1a24e37c3c358f389f0a111448ddb870"},"breadcrumb":{"@id":"https:\/\/noti-america.com\/site\/principal\/2018\/03\/30\/erdogan-ataca-a-francia-tras-oferta-de-mediacion-con-kurdos\/#breadcrumb"},"inLanguage":"es","potentialAction":[{"@type":"ReadAction","target":["https:\/\/noti-america.com\/site\/principal\/2018\/03\/30\/erdogan-ataca-a-francia-tras-oferta-de-mediacion-con-kurdos\/"]}]},{"@type":"ImageObject","inLanguage":"es","@id":"https:\/\/noti-america.com\/site\/principal\/2018\/03\/30\/erdogan-ataca-a-francia-tras-oferta-de-mediacion-con-kurdos\/#primaryimage","url":"https:\/\/noti-america.com\/site\/principal\/wp-content\/uploads\/sites\/26\/2018\/03\/Erdogan-ataca-a-Francia-tras-oferta-de-mediaci\u00f3n-con-kurdos.jpg","contentUrl":"https:\/\/noti-america.com\/site\/principal\/wp-content\/uploads\/sites\/26\/2018\/03\/Erdogan-ataca-a-Francia-tras-oferta-de-mediaci\u00f3n-con-kurdos.jpg","width":476,"height":317,"caption":"epa06418313 Turkish President Recep Tayyip Erdogan (R) is welcomed by French President Emmanuel Macron (L) upon his arrival at the Elysee Palace for a meeting in Paris, France, 05 January 2018. Erdogan is in Paris for a one-day visit for bilateral talks. EPA\/ETIENNE LAURENT"},{"@type":"BreadcrumbList","@id":"https:\/\/noti-america.com\/site\/principal\/2018\/03\/30\/erdogan-ataca-a-francia-tras-oferta-de-mediacion-con-kurdos\/#breadcrumb","itemListElement":[{"@type":"ListItem","position":1,"name":"Portada","item":"https:\/\/noti-america.com\/site\/principal\/"},{"@type":"ListItem","position":2,"name":"Erdogan ataca a Francia tras oferta de mediaci\u00f3n con kurdos"}]},{"@type":"WebSite","@id":"https:\/\/noti-america.com\/site\/principal\/#website","url":"https:\/\/noti-america.com\/site\/principal\/","name":"Noti-America.com","description":"El Noticiero Digital M\u00e1s Grande de Am\u00e9rica","potentialAction":[{"@type":"SearchAction","target":{"@type":"EntryPoint","urlTemplate":"https:\/\/noti-america.com\/site\/principal\/?s={search_term_string}"},"query-input":{"@type":"PropertyValueSpecification","valueRequired":true,"valueName":"search_term_string"}}],"inLanguage":"es"},{"@type":"Person","@id":"https:\/\/noti-america.com\/site\/principal\/#\/schema\/person\/1a24e37c3c358f389f0a111448ddb870","name":"Ydalith Figueroa Kad-Bay","image":{"@type":"ImageObject","inLanguage":"es","@id":"https:\/\/secure.gravatar.com\/avatar\/7d1e350465afd215908c3ed413e32ef600cd41c3c21b95416252432a9f6c219c?s=96&d=mm&r=g","url":"https:\/\/secure.gravatar.com\/avatar\/7d1e350465afd215908c3ed413e32ef600cd41c3c21b95416252432a9f6c219c?s=96&d=mm&r=g","contentUrl":"https:\/\/secure.gravatar.com\/avatar\/7d1e350465afd215908c3ed413e32ef600cd41c3c21b95416252432a9f6c219c?s=96&d=mm&r=g","caption":"Ydalith Figueroa Kad-Bay"},"description":"CEO Noti-America Alemania Embajadora de Venezuela para el Proyecto de Acci\u00f3n Clim\u00e1tica de la ONU, Embajadora para la ense\u00f1anza de los ODS de la ONU, Amplificador de la Acci\u00f3n de los ODS de la ONU, Profesor Voluntario del Proyecto KAKUMA (Educaci\u00f3n de calidad para refugiados en \u00c1frica) UNHCR \u2013 ACNUR - Agencia para los refugiados de la ONU-, Miembro de la ONG Gente Y Ciudad, Embajador de las Instituciones de Microfinanzas \u201cNo a la pobreza ODS #1 de la ONU\u201d (todos tienen derecho a acceso a un cr\u00e9dito), y Voluntario al di\u00e1logo global de UN75. Twitter @ydalithkad email ydalith@yhaoo.com Locutor Profesional 32931 Universidad Central de Venezuela @ISHannover \"Colegio Internacional de Hannover Regi\u00f3n, Alemania\" Representante de Aprendizaje Innovaci\u00f3n y Tecnolog\u00eda #LMS (Sistema de Gesti\u00f3n de Aprendizaje) #LMS Gente y Ciudad &amp; Asesores Internacionales ONG Alemania. ONG \"Gente y Ciudad, Venezuela\" Miembro y Asesor especialista An\u00e1lisis de Pol\u00edtica Internacional Asesor Pol\u00edtico Internacional de Venezuela en la defensa de los Derechos Humanos y el restablecimiento Democr\u00e1tico. Diplomacia positiva y Activa. Pasi\u00f3n por el Golf Proyecto #LMS \"Golf para ni\u00f1os y adultos Internacional\" Pasi\u00f3n por los Postres Proyecto #LMS \"Postres, Que Unen a las Culturas del mundo\"","sameAs":["https:\/\/x.com\/ydalithkad"],"url":"https:\/\/noti-america.com\/site\/principal\/author\/yfigueroa\/"}]}},"_links":{"self":[{"href":"https:\/\/noti-america.com\/site\/principal\/wp-json\/wp\/v2\/posts\/2019","targetHints":{"allow":["GET"]}}],"collection":[{"href":"https:\/\/noti-america.com\/site\/principal\/wp-json\/wp\/v2\/posts"}],"about":[{"href":"https:\/\/noti-america.com\/site\/principal\/wp-json\/wp\/v2\/types\/post"}],"author":[{"embeddable":true,"href":"https:\/\/noti-america.com\/site\/principal\/wp-json\/wp\/v2\/users\/31"}],"replies":[{"embeddable":true,"href":"https:\/\/noti-america.com\/site\/principal\/wp-json\/wp\/v2\/comments?post=2019"}],"version-history":[{"count":1,"href":"https:\/\/noti-america.com\/site\/principal\/wp-json\/wp\/v2\/posts\/2019\/revisions"}],"predecessor-version":[{"id":2021,"href":"https:\/\/noti-america.com\/site\/principal\/wp-json\/wp\/v2\/posts\/2019\/revisions\/2021"}],"wp:featuredmedia":[{"embeddable":true,"href":"https:\/\/noti-america.com\/site\/principal\/wp-json\/wp\/v2\/media\/2020"}],"wp:attachment":[{"href":"https:\/\/noti-america.com\/site\/principal\/wp-json\/wp\/v2\/media?parent=2019"}],"wp:term":[{"taxonomy":"category","embeddable":true,"href":"https:\/\/noti-america.com\/site\/principal\/wp-json\/wp\/v2\/categories?post=2019"},{"taxonomy":"post_tag","embeddable":true,"href":"https:\/\/noti-america.com\/site\/principal\/wp-json\/wp\/v2\/tags?post=2019"}],"curies":[{"name":"wp","href":"https:\/\/api.w.org\/{rel}","templated":true}]}}