{"id":19797,"date":"2022-10-12T02:12:11","date_gmt":"2022-10-12T06:12:11","guid":{"rendered":"https:\/\/noti-america.com\/site\/principal\/?p=19797"},"modified":"2022-10-12T02:12:11","modified_gmt":"2022-10-12T06:12:11","slug":"colectivos-de-mujeres-afrodescendientes-presentan-al-gobierno-propuestas-para-garantizar-su-bienestar","status":"publish","type":"post","link":"https:\/\/noti-america.com\/site\/principal\/2022\/10\/12\/colectivos-de-mujeres-afrodescendientes-presentan-al-gobierno-propuestas-para-garantizar-su-bienestar\/","title":{"rendered":"Colectivos de mujeres afrodescendientes presentan al Gobierno propuestas para garantizar su bienestar"},"content":{"rendered":"<p>REDACCI\u00d3N NOTI AM\u00c9RICA (ECUADOR)<\/p>\n<div style=\"width: 1610px\" class=\"wp-caption alignnone\"><img loading=\"lazy\" decoding=\"async\" src=\"https:\/\/www.comunicacion.gob.ec\/wp-content\/uploads\/2022\/10\/WhatsApp-Image-2022-10-11-at-12.09.50.jpeg\" alt=\"\" width=\"1600\" height=\"1066\" \/><p class=\"wp-caption-text\">Mary Qui\u00f1onez, representante de la Federaci\u00f3n Palenque de La Libertad<\/p><\/div>\n<p style=\"text-align: justify\">En el marco de los di\u00e1logos que lleva adelante el Gobierno con diversos sectores del pa\u00eds; la ma\u00f1ana de este martes 11 de octubre, el presidente de la Rep\u00fablica, Guillermo Lasso, recibi\u00f3 a representantes de colectivos de mujeres afrodescendientes del Ecuador. El encuentro se concentr\u00f3, principalmente, en escuchar propuestas para garantizar su bienestar, as\u00ed como en identificar mecanismos en materia de prevenci\u00f3n de violencia.<\/p>\n<p style=\"text-align: justify\">En este contexto, el Mandatario indic\u00f3 que su administraci\u00f3n ha iniciado un ciclo de reuniones con mujeres de todo el pa\u00eds a fin de escucharlas y plasmar sus propuestas en las pol\u00edticas gubernamentales. Precisamente, record\u00f3 que resultado de ello es que el Registro \u00danico de Violencia pasar\u00e1 a la Secretar\u00eda de Derechos Humanos e indic\u00f3 que se revisa la posibilidad de convertir dicha entidad en un ministerio, \u201c<em>para dar m\u00e1s \u00e9nfasis a la agenda de la mujer ecuatoriana y aportar desde el lado fiscal con m\u00e1s recursos<\/em>\u201d, subray\u00f3.<\/p>\n<p style=\"text-align: justify\">La viceministra de Gobernabilidad, Ana Changu\u00edn, dijo que\u00a0<em>\u201clas mujeres afrodescendientes en el Ecuador tienen un espacio activo para mejorar sus condiciones de vida\u201d.\u00a0<\/em>Tambi\u00e9n detall\u00f3 que entre los temas tratados en la cita se destacan asuntos de una importante agenda pol\u00edtica como: etnia, no discriminaci\u00f3n, salud, participaci\u00f3n pol\u00edtica, producci\u00f3n y empleo, y educaci\u00f3n.<\/p>\n<p style=\"text-align: justify\">Precisamente, sobre este \u00faltimo aspecto, la ministra de Educaci\u00f3n, Mar\u00eda Brown, manifest\u00f3 que es necesario promover una verdadera ense\u00f1anza con pertinencia. Por eso, junto a los colectivos se revisar\u00e1 los elementos para potenciar la etnoeducaci\u00f3n enfocada al pueblo afrodescendiente.<\/p>\n<p style=\"text-align: justify\">En cuanto a la tem\u00e1tica de prevenci\u00f3n de violencia, la subsecretaria t\u00e9cnica para el Consejo de Igualdad de G\u00e9nero, Cristina Almeida manifest\u00f3 que, en el marco de los di\u00e1logos, las mujeres afros hab\u00edan solicitado hablar directamente con el Presidente para exponer sus propuestas y construir una pol\u00edtica p\u00fablica nacional en torno a la lucha contra la violencia. Y a\u00f1adi\u00f3 que este tema, al ser una problem\u00e1tica estructural, requiere de una intervenci\u00f3n conjunta entre Estado y sociedad civil.<\/p>\n<p style=\"text-align: justify\">De su lado, Mary Qui\u00f1onez, representante de la Federaci\u00f3n Palenque de La Libertad, expres\u00f3 el deseo de su colectivo de consolidar acciones enmarcadas al Decenio Internacional para los Afrodescendientes (2015-2024) declarado por la Asamblea General de las Naciones Unidas, cuyo objetivo es promover medidas para poner fin a la discriminaci\u00f3n y fomentar la plena inclusi\u00f3n.\u00a0<em>\u201c<\/em><em>Confiamos en el Gobierno del Encuentro, en que va a trabajar por todos los ecuatorianos<\/em>\u201d, dijo Qui\u00f1onez.<\/p>\n<p style=\"text-align: justify\">Fuente: SECOM<\/p>\n","protected":false},"excerpt":{"rendered":"<p>REDACCI\u00d3N NOTI AM\u00c9RICA (ECUADOR) En el marco de los di\u00e1logos que lleva adelante el Gobierno con diversos sectores del pa\u00eds; la ma\u00f1ana de este martes 11 de octubre, el presidente de la Rep\u00fablica, Guillermo&#46;&#46;&#46;<\/p>\n","protected":false},"author":17,"featured_media":19798,"comment_status":"","ping_status":"open","sticky":false,"template":"","format":"standard","meta":{"_acf_changed":false,"rop_custom_images_group":[],"rop_custom_messages_group":[],"rop_publish_now":"initial","rop_publish_now_accounts":{"facebook_10219548024599422_1632221337088128":"","twitter_242054905_242054905":""},"rop_publish_now_history":[],"rop_publish_now_status":"pending","footnotes":""},"categories":[47],"tags":[],"class_list":["post-19797","post","type-post","status-publish","format-standard","has-post-thumbnail","hentry","category-politica-opinion"],"acf":[],"yoast_head":"<!-- This site is optimized with the Yoast SEO Premium plugin v24.9 (Yoast SEO v27.2) - https:\/\/yoast.com\/product\/yoast-seo-premium-wordpress\/ -->\n<title>Colectivos de mujeres afrodescendientes presentan al Gobierno propuestas para garantizar su bienestar - Noti-America.com<\/title>\n<meta name=\"robots\" content=\"index, follow, max-snippet:-1, max-image-preview:large, max-video-preview:-1\" \/>\n<link rel=\"canonical\" href=\"https:\/\/noti-america.com\/site\/principal\/2022\/10\/12\/colectivos-de-mujeres-afrodescendientes-presentan-al-gobierno-propuestas-para-garantizar-su-bienestar\/\" \/>\n<meta property=\"og:locale\" content=\"es_ES\" \/>\n<meta property=\"og:type\" content=\"article\" \/>\n<meta property=\"og:title\" content=\"Colectivos de mujeres afrodescendientes presentan al Gobierno propuestas para garantizar su bienestar\" \/>\n<meta property=\"og:description\" content=\"REDACCI\u00d3N NOTI AM\u00c9RICA (ECUADOR) En el marco de los di\u00e1logos que lleva adelante el Gobierno con diversos sectores del pa\u00eds; la ma\u00f1ana de este martes 11 de octubre, el presidente de la Rep\u00fablica, Guillermo&#046;&#046;&#046;\" \/>\n<meta property=\"og:url\" content=\"https:\/\/noti-america.com\/site\/principal\/2022\/10\/12\/colectivos-de-mujeres-afrodescendientes-presentan-al-gobierno-propuestas-para-garantizar-su-bienestar\/\" \/>\n<meta property=\"og:site_name\" content=\"Noti-America.com\" \/>\n<meta property=\"article:published_time\" content=\"2022-10-12T06:12:11+00:00\" \/>\n<meta property=\"og:image\" content=\"https:\/\/noti-america.com\/site\/principal\/wp-content\/uploads\/sites\/26\/2022\/10\/Mujeres-afroecuatorianas.jpeg\" \/>\n\t<meta property=\"og:image:width\" content=\"1024\" \/>\n\t<meta property=\"og:image:height\" content=\"682\" \/>\n\t<meta property=\"og:image:type\" content=\"image\/jpeg\" \/>\n<meta name=\"author\" content=\"Gregory Quintana Montiel\" \/>\n<meta name=\"twitter:card\" content=\"summary_large_image\" \/>\n<meta name=\"twitter:creator\" content=\"@gdgregori1\" \/>\n<meta name=\"twitter:label1\" content=\"Escrito por\" \/>\n\t<meta name=\"twitter:data1\" content=\"Gregory Quintana Montiel\" \/>\n\t<meta name=\"twitter:label2\" content=\"Tiempo estimado de lectura\" \/>\n\t<meta name=\"twitter:data2\" content=\"3 minutos\" \/>\n<script type=\"application\/ld+json\" class=\"yoast-schema-graph\">{\"@context\":\"https:\/\/schema.org\",\"@graph\":[{\"@type\":\"Article\",\"@id\":\"https:\/\/noti-america.com\/site\/principal\/2022\/10\/12\/colectivos-de-mujeres-afrodescendientes-presentan-al-gobierno-propuestas-para-garantizar-su-bienestar\/#article\",\"isPartOf\":{\"@id\":\"https:\/\/noti-america.com\/site\/principal\/2022\/10\/12\/colectivos-de-mujeres-afrodescendientes-presentan-al-gobierno-propuestas-para-garantizar-su-bienestar\/\"},\"author\":{\"name\":\"Gregory Quintana Montiel\",\"@id\":\"https:\/\/noti-america.com\/site\/principal\/#\/schema\/person\/3b975e42f15abfe64bfe3abdd916efda\"},\"headline\":\"Colectivos de mujeres afrodescendientes presentan al Gobierno propuestas para garantizar su bienestar\",\"datePublished\":\"2022-10-12T06:12:11+00:00\",\"mainEntityOfPage\":{\"@id\":\"https:\/\/noti-america.com\/site\/principal\/2022\/10\/12\/colectivos-de-mujeres-afrodescendientes-presentan-al-gobierno-propuestas-para-garantizar-su-bienestar\/\"},\"wordCount\":470,\"image\":{\"@id\":\"https:\/\/noti-america.com\/site\/principal\/2022\/10\/12\/colectivos-de-mujeres-afrodescendientes-presentan-al-gobierno-propuestas-para-garantizar-su-bienestar\/#primaryimage\"},\"thumbnailUrl\":\"https:\/\/noti-america.com\/site\/principal\/wp-content\/uploads\/sites\/26\/2022\/10\/Mujeres-afroecuatorianas.jpeg\",\"articleSection\":[\"Pol\u00edtica\"],\"inLanguage\":\"es\"},{\"@type\":\"WebPage\",\"@id\":\"https:\/\/noti-america.com\/site\/principal\/2022\/10\/12\/colectivos-de-mujeres-afrodescendientes-presentan-al-gobierno-propuestas-para-garantizar-su-bienestar\/\",\"url\":\"https:\/\/noti-america.com\/site\/principal\/2022\/10\/12\/colectivos-de-mujeres-afrodescendientes-presentan-al-gobierno-propuestas-para-garantizar-su-bienestar\/\",\"name\":\"Colectivos de mujeres afrodescendientes presentan al Gobierno propuestas para garantizar su bienestar - Noti-America.com\",\"isPartOf\":{\"@id\":\"https:\/\/noti-america.com\/site\/principal\/#website\"},\"primaryImageOfPage\":{\"@id\":\"https:\/\/noti-america.com\/site\/principal\/2022\/10\/12\/colectivos-de-mujeres-afrodescendientes-presentan-al-gobierno-propuestas-para-garantizar-su-bienestar\/#primaryimage\"},\"image\":{\"@id\":\"https:\/\/noti-america.com\/site\/principal\/2022\/10\/12\/colectivos-de-mujeres-afrodescendientes-presentan-al-gobierno-propuestas-para-garantizar-su-bienestar\/#primaryimage\"},\"thumbnailUrl\":\"https:\/\/noti-america.com\/site\/principal\/wp-content\/uploads\/sites\/26\/2022\/10\/Mujeres-afroecuatorianas.jpeg\",\"datePublished\":\"2022-10-12T06:12:11+00:00\",\"author\":{\"@id\":\"https:\/\/noti-america.com\/site\/principal\/#\/schema\/person\/3b975e42f15abfe64bfe3abdd916efda\"},\"breadcrumb\":{\"@id\":\"https:\/\/noti-america.com\/site\/principal\/2022\/10\/12\/colectivos-de-mujeres-afrodescendientes-presentan-al-gobierno-propuestas-para-garantizar-su-bienestar\/#breadcrumb\"},\"inLanguage\":\"es\",\"potentialAction\":[{\"@type\":\"ReadAction\",\"target\":[\"https:\/\/noti-america.com\/site\/principal\/2022\/10\/12\/colectivos-de-mujeres-afrodescendientes-presentan-al-gobierno-propuestas-para-garantizar-su-bienestar\/\"]}]},{\"@type\":\"ImageObject\",\"inLanguage\":\"es\",\"@id\":\"https:\/\/noti-america.com\/site\/principal\/2022\/10\/12\/colectivos-de-mujeres-afrodescendientes-presentan-al-gobierno-propuestas-para-garantizar-su-bienestar\/#primaryimage\",\"url\":\"https:\/\/noti-america.com\/site\/principal\/wp-content\/uploads\/sites\/26\/2022\/10\/Mujeres-afroecuatorianas.jpeg\",\"contentUrl\":\"https:\/\/noti-america.com\/site\/principal\/wp-content\/uploads\/sites\/26\/2022\/10\/Mujeres-afroecuatorianas.jpeg\",\"width\":1024,\"height\":682},{\"@type\":\"BreadcrumbList\",\"@id\":\"https:\/\/noti-america.com\/site\/principal\/2022\/10\/12\/colectivos-de-mujeres-afrodescendientes-presentan-al-gobierno-propuestas-para-garantizar-su-bienestar\/#breadcrumb\",\"itemListElement\":[{\"@type\":\"ListItem\",\"position\":1,\"name\":\"Portada\",\"item\":\"https:\/\/noti-america.com\/site\/principal\/\"},{\"@type\":\"ListItem\",\"position\":2,\"name\":\"Colectivos de mujeres afrodescendientes presentan al Gobierno propuestas para garantizar su bienestar\"}]},{\"@type\":\"WebSite\",\"@id\":\"https:\/\/noti-america.com\/site\/principal\/#website\",\"url\":\"https:\/\/noti-america.com\/site\/principal\/\",\"name\":\"Noti-America.com\",\"description\":\"El Noticiero Digital M\u00e1s Grande de Am\u00e9rica\",\"potentialAction\":[{\"@type\":\"SearchAction\",\"target\":{\"@type\":\"EntryPoint\",\"urlTemplate\":\"https:\/\/noti-america.com\/site\/principal\/?s={search_term_string}\"},\"query-input\":{\"@type\":\"PropertyValueSpecification\",\"valueRequired\":true,\"valueName\":\"search_term_string\"}}],\"inLanguage\":\"es\"},{\"@type\":\"Person\",\"@id\":\"https:\/\/noti-america.com\/site\/principal\/#\/schema\/person\/3b975e42f15abfe64bfe3abdd916efda\",\"name\":\"Gregory Quintana Montiel\",\"image\":{\"@type\":\"ImageObject\",\"inLanguage\":\"es\",\"@id\":\"https:\/\/secure.gravatar.com\/avatar\/2d6b802f7720c2ec7744dcbe608cc2f3417aeb964d58b443c6d612b77531de1d?s=96&d=mm&r=g\",\"url\":\"https:\/\/secure.gravatar.com\/avatar\/2d6b802f7720c2ec7744dcbe608cc2f3417aeb964d58b443c6d612b77531de1d?s=96&d=mm&r=g\",\"contentUrl\":\"https:\/\/secure.gravatar.com\/avatar\/2d6b802f7720c2ec7744dcbe608cc2f3417aeb964d58b443c6d612b77531de1d?s=96&d=mm&r=g\",\"caption\":\"Gregory Quintana Montiel\"},\"description\":\"Licenciatura en Ciencias de la Comunicaci\u00f3n Social, egresado en la Especializaci\u00f3n Derecho Ambiental Desarrollo Sostenible y Sustentable, Miembro de la Comunidad de profesionales y experto para Latinoam\u00e9rica y el Caribe en Gesti\u00f3n por Resultado en el Desarrollo (COPLAC - GpRD) del Banco Interamericano de Desarrollo, experiencia en medios radiales y escritos.\",\"sameAs\":[\"https:\/\/x.com\/gdgregori1\",\"gquintana\"],\"url\":\"https:\/\/noti-america.com\/site\/principal\/author\/gquintana\/\"}]}<\/script>\n<!-- \/ Yoast SEO Premium plugin. -->","yoast_head_json":{"title":"Colectivos de mujeres afrodescendientes presentan al Gobierno propuestas para garantizar su bienestar - Noti-America.com","robots":{"index":"index","follow":"follow","max-snippet":"max-snippet:-1","max-image-preview":"max-image-preview:large","max-video-preview":"max-video-preview:-1"},"canonical":"https:\/\/noti-america.com\/site\/principal\/2022\/10\/12\/colectivos-de-mujeres-afrodescendientes-presentan-al-gobierno-propuestas-para-garantizar-su-bienestar\/","og_locale":"es_ES","og_type":"article","og_title":"Colectivos de mujeres afrodescendientes presentan al Gobierno propuestas para garantizar su bienestar","og_description":"REDACCI\u00d3N NOTI AM\u00c9RICA (ECUADOR) En el marco de los di\u00e1logos que lleva adelante el Gobierno con diversos sectores del pa\u00eds; la ma\u00f1ana de este martes 11 de octubre, el presidente de la Rep\u00fablica, Guillermo&#46;&#46;&#46;","og_url":"https:\/\/noti-america.com\/site\/principal\/2022\/10\/12\/colectivos-de-mujeres-afrodescendientes-presentan-al-gobierno-propuestas-para-garantizar-su-bienestar\/","og_site_name":"Noti-America.com","article_published_time":"2022-10-12T06:12:11+00:00","og_image":[{"width":1024,"height":682,"url":"https:\/\/noti-america.com\/site\/principal\/wp-content\/uploads\/sites\/26\/2022\/10\/Mujeres-afroecuatorianas.jpeg","type":"image\/jpeg"}],"author":"Gregory Quintana Montiel","twitter_card":"summary_large_image","twitter_creator":"@gdgregori1","twitter_misc":{"Escrito por":"Gregory Quintana Montiel","Tiempo estimado de lectura":"3 minutos"},"schema":{"@context":"https:\/\/schema.org","@graph":[{"@type":"Article","@id":"https:\/\/noti-america.com\/site\/principal\/2022\/10\/12\/colectivos-de-mujeres-afrodescendientes-presentan-al-gobierno-propuestas-para-garantizar-su-bienestar\/#article","isPartOf":{"@id":"https:\/\/noti-america.com\/site\/principal\/2022\/10\/12\/colectivos-de-mujeres-afrodescendientes-presentan-al-gobierno-propuestas-para-garantizar-su-bienestar\/"},"author":{"name":"Gregory Quintana Montiel","@id":"https:\/\/noti-america.com\/site\/principal\/#\/schema\/person\/3b975e42f15abfe64bfe3abdd916efda"},"headline":"Colectivos de mujeres afrodescendientes presentan al Gobierno propuestas para garantizar su bienestar","datePublished":"2022-10-12T06:12:11+00:00","mainEntityOfPage":{"@id":"https:\/\/noti-america.com\/site\/principal\/2022\/10\/12\/colectivos-de-mujeres-afrodescendientes-presentan-al-gobierno-propuestas-para-garantizar-su-bienestar\/"},"wordCount":470,"image":{"@id":"https:\/\/noti-america.com\/site\/principal\/2022\/10\/12\/colectivos-de-mujeres-afrodescendientes-presentan-al-gobierno-propuestas-para-garantizar-su-bienestar\/#primaryimage"},"thumbnailUrl":"https:\/\/noti-america.com\/site\/principal\/wp-content\/uploads\/sites\/26\/2022\/10\/Mujeres-afroecuatorianas.jpeg","articleSection":["Pol\u00edtica"],"inLanguage":"es"},{"@type":"WebPage","@id":"https:\/\/noti-america.com\/site\/principal\/2022\/10\/12\/colectivos-de-mujeres-afrodescendientes-presentan-al-gobierno-propuestas-para-garantizar-su-bienestar\/","url":"https:\/\/noti-america.com\/site\/principal\/2022\/10\/12\/colectivos-de-mujeres-afrodescendientes-presentan-al-gobierno-propuestas-para-garantizar-su-bienestar\/","name":"Colectivos de mujeres afrodescendientes presentan al Gobierno propuestas para garantizar su bienestar - Noti-America.com","isPartOf":{"@id":"https:\/\/noti-america.com\/site\/principal\/#website"},"primaryImageOfPage":{"@id":"https:\/\/noti-america.com\/site\/principal\/2022\/10\/12\/colectivos-de-mujeres-afrodescendientes-presentan-al-gobierno-propuestas-para-garantizar-su-bienestar\/#primaryimage"},"image":{"@id":"https:\/\/noti-america.com\/site\/principal\/2022\/10\/12\/colectivos-de-mujeres-afrodescendientes-presentan-al-gobierno-propuestas-para-garantizar-su-bienestar\/#primaryimage"},"thumbnailUrl":"https:\/\/noti-america.com\/site\/principal\/wp-content\/uploads\/sites\/26\/2022\/10\/Mujeres-afroecuatorianas.jpeg","datePublished":"2022-10-12T06:12:11+00:00","author":{"@id":"https:\/\/noti-america.com\/site\/principal\/#\/schema\/person\/3b975e42f15abfe64bfe3abdd916efda"},"breadcrumb":{"@id":"https:\/\/noti-america.com\/site\/principal\/2022\/10\/12\/colectivos-de-mujeres-afrodescendientes-presentan-al-gobierno-propuestas-para-garantizar-su-bienestar\/#breadcrumb"},"inLanguage":"es","potentialAction":[{"@type":"ReadAction","target":["https:\/\/noti-america.com\/site\/principal\/2022\/10\/12\/colectivos-de-mujeres-afrodescendientes-presentan-al-gobierno-propuestas-para-garantizar-su-bienestar\/"]}]},{"@type":"ImageObject","inLanguage":"es","@id":"https:\/\/noti-america.com\/site\/principal\/2022\/10\/12\/colectivos-de-mujeres-afrodescendientes-presentan-al-gobierno-propuestas-para-garantizar-su-bienestar\/#primaryimage","url":"https:\/\/noti-america.com\/site\/principal\/wp-content\/uploads\/sites\/26\/2022\/10\/Mujeres-afroecuatorianas.jpeg","contentUrl":"https:\/\/noti-america.com\/site\/principal\/wp-content\/uploads\/sites\/26\/2022\/10\/Mujeres-afroecuatorianas.jpeg","width":1024,"height":682},{"@type":"BreadcrumbList","@id":"https:\/\/noti-america.com\/site\/principal\/2022\/10\/12\/colectivos-de-mujeres-afrodescendientes-presentan-al-gobierno-propuestas-para-garantizar-su-bienestar\/#breadcrumb","itemListElement":[{"@type":"ListItem","position":1,"name":"Portada","item":"https:\/\/noti-america.com\/site\/principal\/"},{"@type":"ListItem","position":2,"name":"Colectivos de mujeres afrodescendientes presentan al Gobierno propuestas para garantizar su bienestar"}]},{"@type":"WebSite","@id":"https:\/\/noti-america.com\/site\/principal\/#website","url":"https:\/\/noti-america.com\/site\/principal\/","name":"Noti-America.com","description":"El Noticiero Digital M\u00e1s Grande de Am\u00e9rica","potentialAction":[{"@type":"SearchAction","target":{"@type":"EntryPoint","urlTemplate":"https:\/\/noti-america.com\/site\/principal\/?s={search_term_string}"},"query-input":{"@type":"PropertyValueSpecification","valueRequired":true,"valueName":"search_term_string"}}],"inLanguage":"es"},{"@type":"Person","@id":"https:\/\/noti-america.com\/site\/principal\/#\/schema\/person\/3b975e42f15abfe64bfe3abdd916efda","name":"Gregory Quintana Montiel","image":{"@type":"ImageObject","inLanguage":"es","@id":"https:\/\/secure.gravatar.com\/avatar\/2d6b802f7720c2ec7744dcbe608cc2f3417aeb964d58b443c6d612b77531de1d?s=96&d=mm&r=g","url":"https:\/\/secure.gravatar.com\/avatar\/2d6b802f7720c2ec7744dcbe608cc2f3417aeb964d58b443c6d612b77531de1d?s=96&d=mm&r=g","contentUrl":"https:\/\/secure.gravatar.com\/avatar\/2d6b802f7720c2ec7744dcbe608cc2f3417aeb964d58b443c6d612b77531de1d?s=96&d=mm&r=g","caption":"Gregory Quintana Montiel"},"description":"Licenciatura en Ciencias de la Comunicaci\u00f3n Social, egresado en la Especializaci\u00f3n Derecho Ambiental Desarrollo Sostenible y Sustentable, Miembro de la Comunidad de profesionales y experto para Latinoam\u00e9rica y el Caribe en Gesti\u00f3n por Resultado en el Desarrollo (COPLAC - GpRD) del Banco Interamericano de Desarrollo, experiencia en medios radiales y escritos.","sameAs":["https:\/\/x.com\/gdgregori1","gquintana"],"url":"https:\/\/noti-america.com\/site\/principal\/author\/gquintana\/"}]}},"_links":{"self":[{"href":"https:\/\/noti-america.com\/site\/principal\/wp-json\/wp\/v2\/posts\/19797","targetHints":{"allow":["GET"]}}],"collection":[{"href":"https:\/\/noti-america.com\/site\/principal\/wp-json\/wp\/v2\/posts"}],"about":[{"href":"https:\/\/noti-america.com\/site\/principal\/wp-json\/wp\/v2\/types\/post"}],"author":[{"embeddable":true,"href":"https:\/\/noti-america.com\/site\/principal\/wp-json\/wp\/v2\/users\/17"}],"replies":[{"embeddable":true,"href":"https:\/\/noti-america.com\/site\/principal\/wp-json\/wp\/v2\/comments?post=19797"}],"version-history":[{"count":0,"href":"https:\/\/noti-america.com\/site\/principal\/wp-json\/wp\/v2\/posts\/19797\/revisions"}],"wp:featuredmedia":[{"embeddable":true,"href":"https:\/\/noti-america.com\/site\/principal\/wp-json\/wp\/v2\/media\/19798"}],"wp:attachment":[{"href":"https:\/\/noti-america.com\/site\/principal\/wp-json\/wp\/v2\/media?parent=19797"}],"wp:term":[{"taxonomy":"category","embeddable":true,"href":"https:\/\/noti-america.com\/site\/principal\/wp-json\/wp\/v2\/categories?post=19797"},{"taxonomy":"post_tag","embeddable":true,"href":"https:\/\/noti-america.com\/site\/principal\/wp-json\/wp\/v2\/tags?post=19797"}],"curies":[{"name":"wp","href":"https:\/\/api.w.org\/{rel}","templated":true}]}}