{"id":19769,"date":"2022-10-11T15:12:14","date_gmt":"2022-10-11T19:12:14","guid":{"rendered":"https:\/\/noti-america.com\/site\/principal\/?p=19769"},"modified":"2022-10-11T15:12:14","modified_gmt":"2022-10-11T19:12:14","slug":"senescyt-y-universidad-espanola-becan-a-17-estudiantes-ecuatorianos","status":"publish","type":"post","link":"https:\/\/noti-america.com\/site\/principal\/2022\/10\/11\/senescyt-y-universidad-espanola-becan-a-17-estudiantes-ecuatorianos\/","title":{"rendered":"SENESCYT y Universidad espa\u00f1ola becan a 17 estudiantes ecuatorianos"},"content":{"rendered":"<p><strong>REDACCI\u00d3N NOTI AM\u00c9RICA (ECUADOR)<\/strong><\/p>\n<div style=\"width: 232px\" class=\"wp-caption alignleft\"><img loading=\"lazy\" decoding=\"async\" class=\"\" src=\"https:\/\/noti-america.com\/site\/ecuador\/wp-content\/uploads\/sites\/18\/2022\/10\/Estudiante-de-VIU-SENESCYT--300x300.jpg\" alt=\"\" width=\"222\" height=\"222\" \/><p class=\"wp-caption-text\">Estudiante<\/p><\/div>\n<p style=\"text-align: justify\"><span lang=\"ES\">La\u00a0<\/span><span lang=\"EN-US\"><a href=\"https:\/\/www.universidadviu.com\/ec\/\" target=\"_blank\" rel=\"nofollow noopener noreferrer\"><span lang=\"ES\">Universidad Internacional de Valencia \u2013 VIU<\/span><\/a><\/span><span lang=\"ES\">\u00a0y\u00a0<a rel=\"nofollow noopener noreferrer\" name=\"m_-9041092606726160230__Hlk110603029\"><\/a>la\u00a0<\/span><a href=\"https:\/\/www.educacionsuperior.gob.ec\/\" target=\"_blank\" rel=\"nofollow noopener noreferrer\"><span lang=\"ES\">Secretar\u00eda de Educaci\u00f3n Superior, Ciencia, Tecnolog\u00eda e Innovaci\u00f3n \u2013 SENESCYT<\/span><\/a><span lang=\"ES\">\u00a0de Ecuador<\/span><span lang=\"ES\">,\u00a0<\/span><span lang=\"ES\">en el marco del relacionamiento internacional y cooperaci\u00f3n con\u00a0<\/span><span lang=\"EN-US\"><a href=\"https:\/\/www.planetaformacion.com\/\" target=\"_blank\" rel=\"nofollow noopener noreferrer\"><span lang=\"ES\">Planeta Formaci\u00f3n y Universidades<\/span><\/a><\/span><span lang=\"ES\">,\u00a0<b>acaban de anunciar a los 17 ganadores de las becas para cursar programas online de maestr\u00edas oficiales en la Universidad Internacional de Valencia.<\/b><\/span><b><\/b><b><\/b><\/p>\n<p style=\"text-align: justify\"><span lang=\"ES\">Los ganadores del programa de becas \u2018SENESCYT &#8211; VIU\u2019 se han dado a conocer a trav\u00e9s de la p\u00e1gina\u00a0<\/span><span lang=\"EN-US\"><a href=\"https:\/\/www.universidadviu.com\/ec\/becas-senescyt\" target=\"_blank\" rel=\"nofollow noopener noreferrer\"><b><span lang=\"ES\">web<\/span><\/b><\/a><\/span><span lang=\"ES\">\u00a0de las becas y de las redes sociales de @UniversidadVIU.<\/span><\/p>\n<p style=\"text-align: justify\"><span lang=\"ES\">Con un total de 334 postulaciones, el perfil de los postulantes para las becas Senescyt-VIU es de un 55% mujeres (183 postulantes) y un 45% hombres (151 postulantes). De igual manera, el 54% de postulantes provienen de las principales ciudades del pa\u00eds (Quito, Guayaquil y Cuenca) y el 46% del resto de ciudades del Ecuador.<\/span><\/p>\n<p style=\"text-align: justify\"><span lang=\"ES\">Entre las maestr\u00edas m\u00e1s demandadas por los estudiantes ecuatorianos encontramos las relacionadas con el \u00e1rea de ciencias econ\u00f3micas y administrativas por un 52% de los postulantes. Tambi\u00e9n las relacionadas con el \u00e1mbito jur\u00eddico, solicitadas por el 22,5%. Tras ellas, destacan las maestr\u00edas del \u00e1rea de educaci\u00f3n con un 8%; ciencias de la salud y gesti\u00f3n sanitaria por el 7,6% de los solicitantes y en \u00faltimo lugar las relacionadas con la comunicaci\u00f3n y las artes y humanidades solicitadas por el 5% y el 3,6%, respectivamente.<\/span><\/p>\n<p style=\"text-align: justify\"><span lang=\"ES\">En cuanto a los programas m\u00e1s demandados, estos han sido: la Maestr\u00eda Oficial en Gesti\u00f3n de Proyectos y Project Management; Maestr\u00eda Oficial en Administraci\u00f3n y Direcci\u00f3n de Empresas (MBA); la Maestr\u00eda Oficial en Criminolog\u00eda: Delincuencia y Victimolog\u00eda; Maestr\u00eda Oficial en Prevenci\u00f3n en Drogodependencias y otras Conductas Adictivas; Maestr\u00eda Oficial en Intervenci\u00f3n Interdisciplinaria en Violencia de G\u00e9nero, que incluye el Diploma en Agente de Igualdad; la Maestr\u00eda Oficial en Marketing Digital y Anal\u00edtico; y la<\/span><span lang=\"ES\">\u00a0<\/span><span lang=\"ES\">Maestr\u00eda Oficial en Gesti\u00f3n Integral de la Calidad, entre otras.<\/span><\/p>\n<p style=\"text-align: justify\"><span lang=\"ES\">La Universidad VIU financiar\u00e1, a trav\u00e9s de este programa el 100% de la docencia de las 17 maestr\u00edas a los estudiantes ganadores de las becas<\/span><span lang=\"ES\">\u00a0<\/span><a rel=\"nofollow noopener noreferrer\" name=\"m_-9041092606726160230__Hlk110602282\"><\/a><span lang=\"ES-EC\">\u2018<\/span><span lang=\"ES\">SENESCYT &#8211; VIU\u2019<\/span><span lang=\"ES\">. El alumno o alumna ganador de la beca solo deber\u00e1 abonar 200\u20ac en concepto de apertura de expediente en el plazo marcado por la Universidad Internacional de Valencia (VIU). Los ganadores de las becas iniciar\u00e1n sus programas de maestr\u00edas en octubre 2022.<\/span><\/p>\n<p style=\"text-align: justify\"><span lang=\"ES\">Este programa de becas de la Universidad Internacional de Valencia, con la colaboraci\u00f3n y apoyo de SENESCYT y el Gobierno de Ecuador busca brindar m\u00e1s oportunidades a los ciudadanos con nacionalidad y\/o residencia en Ecuador de progresar mediante el acceso a estudios universitarios europeos online de calidad.<\/span><\/p>\n<p style=\"text-align: justify\"><span lang=\"ES\">En esta l\u00ednea, la\u00a0<b>Rectora de la Universidad Internacional de Valencia<\/b>,\u00a0<b>Dra. Eva Mar\u00eda Giner Larza<\/b>, enfatiza que\u00a0<i>\u201ces un orgullo para la Universidad Internacional de Valencia, el \u00e9xito que ha tenido el lanzamiento de este programa de Becas junto a la Secretar\u00eda de Educaci\u00f3n Superior, Ciencia, Tecnolog\u00eda e Innovaci\u00f3n \u2013 SENESCYT y el Gobierno de Ecuador, y la extensi\u00f3n que el programa de becas ha tenido en diversas capas poblacionales y perfiles de estudiantes muy distintos. Una de las premisas principales de nuestra Universidad es impulsar el progreso a trav\u00e9s de la formaci\u00f3n, tanto de nuestros estudiantes como de los entornos y pa\u00edses en los que desarrollar\u00e1n su labor y con este programa de becas lo estamos realizando\u201d<\/i>.<\/span><span lang=\"ES\">\u00a0<\/span><\/p>\n<p style=\"text-align: justify\"><span lang=\"ES\">La Rectora de VIU destaca que\u00a0<i>\u201cgracias al programa de becas \u2018SENESCYT \u2013 VIU, desde la Universidad Internacional de Valencia vamos a convertirnos en dinamizadores del cambio, del crecimiento de nuestros estudiantes ecuatorianos, ayudarlos a alcanzar sus metas y que con el conocimiento que adquieran en VIU puedan impactar de forma positiva en su \u00e1mbito local en Ecuador\u201d.<\/i><\/span><\/p>\n<p style=\"text-align: justify\"><span lang=\"ES\">En la misma l\u00ednea, la Subsecretaria de Fortalecimiento del Talento Humano de Senescyt Mar\u00eda Alejandra Y\u00e9pez, se\u00f1ala que\u00a0<i>\u00abLa Secretar\u00eda de Educaci\u00f3n Superior, Ciencia, Tecnolog\u00eda e Innovaci\u00f3n trabaja constantemente por brindar a la ciudadan\u00eda cada vez m\u00e1s oportunidades para el desarrollo profesional. El Gobierno del Encuentro est\u00e1 comprometido con mejorar la vida de los ecuatorianos a trav\u00e9s de la educaci\u00f3n \u00ab.<\/i><\/span><\/p>\n<p style=\"text-align: justify\"><b><span lang=\"ES\">Criterios de selecci\u00f3n de los ganadores del programa de becas \u2018SENESCYT &#8211; VIU\u2019<\/span><\/b><\/p>\n<p style=\"text-align: justify\"><span lang=\"ES\">Los postulantes a las becas \u2018SENESCYT &#8211; VIU\u2019 han pasado por dos fases en el proceso de selecci\u00f3n para conseguir una de estas becas.<\/span><\/p>\n<p style=\"text-align: justify\"><span lang=\"ES\">En la primera fase, los postulantes han sido valorados por la SENESCYT bajo los criterios de preselecci\u00f3n que emplea el organismo de conformidad con su normativa, que son los siguientes: excelencia acad\u00e9mica, lugar de residencia, nivel socioecon\u00f3mico y acciones afirmativas (g\u00e9nero, beneficiario o no de becas anteriores, discapacidad, y pertenencia a pueblos y nacionalidades).<\/span><\/p>\n<p style=\"text-align: justify\"><span lang=\"ES\">En la segunda fase, los criterios de selecci\u00f3n que emplea la Universidad Internacional de Valencia \u2013 VIU para la selecci\u00f3n de beneficiarios de la Beca se han fundamentado en una revisi\u00f3n t\u00e9cnica de la documentaci\u00f3n de acceso de los candidatos preseleccionados y su validaci\u00f3n seg\u00fan el criterio de \u2018Requisito de Admisi\u00f3n\u2019 espec\u00edfico de cada maestr\u00eda y que estaba detallado en las bases (Punto I &#8211;\u00a0 Objetos de las Bases) y\u00a0<\/span><span lang=\"EN-US\"><a href=\"https:\/\/www.universidadviu.com\/ec\/becas-senescyt\" target=\"_blank\" rel=\"nofollow noopener noreferrer\"><span lang=\"ES\">en la p\u00e1gina web<\/span><\/a><\/span><span lang=\"ES\">.<\/span><\/p>\n","protected":false},"excerpt":{"rendered":"<p>REDACCI\u00d3N NOTI AM\u00c9RICA (ECUADOR) La\u00a0Universidad Internacional de Valencia \u2013 VIU\u00a0y\u00a0la\u00a0Secretar\u00eda de Educaci\u00f3n Superior, Ciencia, Tecnolog\u00eda e Innovaci\u00f3n \u2013 SENESCYT\u00a0de Ecuador,\u00a0en el marco del relacionamiento internacional y cooperaci\u00f3n con\u00a0Planeta Formaci\u00f3n y Universidades,\u00a0acaban de anunciar a&#46;&#46;&#46;<\/p>\n","protected":false},"author":17,"featured_media":21943,"comment_status":"","ping_status":"open","sticky":false,"template":"","format":"standard","meta":{"_acf_changed":false,"rop_custom_images_group":[],"rop_custom_messages_group":[],"rop_publish_now":"initial","rop_publish_now_accounts":{"facebook_10219548024599422_1632221337088128":"","twitter_242054905_242054905":""},"rop_publish_now_history":[],"rop_publish_now_status":"pending","footnotes":""},"categories":[663],"tags":[],"class_list":["post-19769","post","type-post","status-publish","format-standard","has-post-thumbnail","hentry","category-actualidad"],"acf":[],"yoast_head":"<!-- This site is optimized with the Yoast SEO Premium plugin v24.9 (Yoast SEO v27.2) - https:\/\/yoast.com\/product\/yoast-seo-premium-wordpress\/ -->\n<title>SENESCYT y Universidad espa\u00f1ola becan a 17 estudiantes ecuatorianos - Noti-America.com<\/title>\n<meta name=\"robots\" content=\"index, follow, max-snippet:-1, max-image-preview:large, max-video-preview:-1\" \/>\n<link rel=\"canonical\" href=\"https:\/\/noti-america.com\/site\/principal\/2022\/10\/11\/senescyt-y-universidad-espanola-becan-a-17-estudiantes-ecuatorianos\/\" \/>\n<meta property=\"og:locale\" content=\"es_ES\" \/>\n<meta property=\"og:type\" content=\"article\" \/>\n<meta property=\"og:title\" content=\"SENESCYT y Universidad espa\u00f1ola becan a 17 estudiantes ecuatorianos\" \/>\n<meta property=\"og:description\" content=\"REDACCI\u00d3N NOTI AM\u00c9RICA (ECUADOR) La\u00a0Universidad Internacional de Valencia \u2013 VIU\u00a0y\u00a0la\u00a0Secretar\u00eda de Educaci\u00f3n Superior, Ciencia, Tecnolog\u00eda e Innovaci\u00f3n \u2013 SENESCYT\u00a0de Ecuador,\u00a0en el marco del relacionamiento internacional y cooperaci\u00f3n con\u00a0Planeta Formaci\u00f3n y Universidades,\u00a0acaban de anunciar a&#046;&#046;&#046;\" \/>\n<meta property=\"og:url\" content=\"https:\/\/noti-america.com\/site\/principal\/2022\/10\/11\/senescyt-y-universidad-espanola-becan-a-17-estudiantes-ecuatorianos\/\" \/>\n<meta property=\"og:site_name\" content=\"Noti-America.com\" \/>\n<meta property=\"article:published_time\" content=\"2022-10-11T19:12:14+00:00\" \/>\n<meta property=\"og:image\" content=\"https:\/\/noti-america.com\/site\/principal\/wp-content\/uploads\/sites\/26\/2022\/12\/img-0065_16_1253.jpeg\" \/>\n\t<meta property=\"og:image:width\" content=\"960\" \/>\n\t<meta property=\"og:image:height\" content=\"640\" \/>\n\t<meta property=\"og:image:type\" content=\"image\/jpeg\" \/>\n<meta name=\"author\" content=\"Gregory Quintana Montiel\" \/>\n<meta name=\"twitter:card\" content=\"summary_large_image\" \/>\n<meta name=\"twitter:creator\" content=\"@gdgregori1\" \/>\n<meta name=\"twitter:label1\" content=\"Escrito por\" \/>\n\t<meta name=\"twitter:data1\" content=\"Gregory Quintana Montiel\" \/>\n\t<meta name=\"twitter:label2\" content=\"Tiempo estimado de lectura\" \/>\n\t<meta name=\"twitter:data2\" content=\"4 minutos\" \/>\n<script type=\"application\/ld+json\" class=\"yoast-schema-graph\">{\"@context\":\"https:\/\/schema.org\",\"@graph\":[{\"@type\":\"Article\",\"@id\":\"https:\/\/noti-america.com\/site\/principal\/2022\/10\/11\/senescyt-y-universidad-espanola-becan-a-17-estudiantes-ecuatorianos\/#article\",\"isPartOf\":{\"@id\":\"https:\/\/noti-america.com\/site\/principal\/2022\/10\/11\/senescyt-y-universidad-espanola-becan-a-17-estudiantes-ecuatorianos\/\"},\"author\":{\"name\":\"Gregory Quintana Montiel\",\"@id\":\"https:\/\/noti-america.com\/site\/principal\/#\/schema\/person\/3b975e42f15abfe64bfe3abdd916efda\"},\"headline\":\"SENESCYT y Universidad espa\u00f1ola becan a 17 estudiantes ecuatorianos\",\"datePublished\":\"2022-10-11T19:12:14+00:00\",\"mainEntityOfPage\":{\"@id\":\"https:\/\/noti-america.com\/site\/principal\/2022\/10\/11\/senescyt-y-universidad-espanola-becan-a-17-estudiantes-ecuatorianos\/\"},\"wordCount\":912,\"image\":{\"@id\":\"https:\/\/noti-america.com\/site\/principal\/2022\/10\/11\/senescyt-y-universidad-espanola-becan-a-17-estudiantes-ecuatorianos\/#primaryimage\"},\"thumbnailUrl\":\"https:\/\/noti-america.com\/site\/principal\/wp-content\/uploads\/sites\/26\/2022\/12\/img-0065_16_1253.jpeg\",\"articleSection\":[\"Actualidad\"],\"inLanguage\":\"es\"},{\"@type\":\"WebPage\",\"@id\":\"https:\/\/noti-america.com\/site\/principal\/2022\/10\/11\/senescyt-y-universidad-espanola-becan-a-17-estudiantes-ecuatorianos\/\",\"url\":\"https:\/\/noti-america.com\/site\/principal\/2022\/10\/11\/senescyt-y-universidad-espanola-becan-a-17-estudiantes-ecuatorianos\/\",\"name\":\"SENESCYT y Universidad espa\u00f1ola becan a 17 estudiantes ecuatorianos - Noti-America.com\",\"isPartOf\":{\"@id\":\"https:\/\/noti-america.com\/site\/principal\/#website\"},\"primaryImageOfPage\":{\"@id\":\"https:\/\/noti-america.com\/site\/principal\/2022\/10\/11\/senescyt-y-universidad-espanola-becan-a-17-estudiantes-ecuatorianos\/#primaryimage\"},\"image\":{\"@id\":\"https:\/\/noti-america.com\/site\/principal\/2022\/10\/11\/senescyt-y-universidad-espanola-becan-a-17-estudiantes-ecuatorianos\/#primaryimage\"},\"thumbnailUrl\":\"https:\/\/noti-america.com\/site\/principal\/wp-content\/uploads\/sites\/26\/2022\/12\/img-0065_16_1253.jpeg\",\"datePublished\":\"2022-10-11T19:12:14+00:00\",\"author\":{\"@id\":\"https:\/\/noti-america.com\/site\/principal\/#\/schema\/person\/3b975e42f15abfe64bfe3abdd916efda\"},\"breadcrumb\":{\"@id\":\"https:\/\/noti-america.com\/site\/principal\/2022\/10\/11\/senescyt-y-universidad-espanola-becan-a-17-estudiantes-ecuatorianos\/#breadcrumb\"},\"inLanguage\":\"es\",\"potentialAction\":[{\"@type\":\"ReadAction\",\"target\":[\"https:\/\/noti-america.com\/site\/principal\/2022\/10\/11\/senescyt-y-universidad-espanola-becan-a-17-estudiantes-ecuatorianos\/\"]}]},{\"@type\":\"ImageObject\",\"inLanguage\":\"es\",\"@id\":\"https:\/\/noti-america.com\/site\/principal\/2022\/10\/11\/senescyt-y-universidad-espanola-becan-a-17-estudiantes-ecuatorianos\/#primaryimage\",\"url\":\"https:\/\/noti-america.com\/site\/principal\/wp-content\/uploads\/sites\/26\/2022\/12\/img-0065_16_1253.jpeg\",\"contentUrl\":\"https:\/\/noti-america.com\/site\/principal\/wp-content\/uploads\/sites\/26\/2022\/12\/img-0065_16_1253.jpeg\",\"width\":960,\"height\":640},{\"@type\":\"BreadcrumbList\",\"@id\":\"https:\/\/noti-america.com\/site\/principal\/2022\/10\/11\/senescyt-y-universidad-espanola-becan-a-17-estudiantes-ecuatorianos\/#breadcrumb\",\"itemListElement\":[{\"@type\":\"ListItem\",\"position\":1,\"name\":\"Portada\",\"item\":\"https:\/\/noti-america.com\/site\/principal\/\"},{\"@type\":\"ListItem\",\"position\":2,\"name\":\"SENESCYT y Universidad espa\u00f1ola becan a 17 estudiantes ecuatorianos\"}]},{\"@type\":\"WebSite\",\"@id\":\"https:\/\/noti-america.com\/site\/principal\/#website\",\"url\":\"https:\/\/noti-america.com\/site\/principal\/\",\"name\":\"Noti-America.com\",\"description\":\"El Noticiero Digital M\u00e1s Grande de Am\u00e9rica\",\"potentialAction\":[{\"@type\":\"SearchAction\",\"target\":{\"@type\":\"EntryPoint\",\"urlTemplate\":\"https:\/\/noti-america.com\/site\/principal\/?s={search_term_string}\"},\"query-input\":{\"@type\":\"PropertyValueSpecification\",\"valueRequired\":true,\"valueName\":\"search_term_string\"}}],\"inLanguage\":\"es\"},{\"@type\":\"Person\",\"@id\":\"https:\/\/noti-america.com\/site\/principal\/#\/schema\/person\/3b975e42f15abfe64bfe3abdd916efda\",\"name\":\"Gregory Quintana Montiel\",\"image\":{\"@type\":\"ImageObject\",\"inLanguage\":\"es\",\"@id\":\"https:\/\/secure.gravatar.com\/avatar\/2d6b802f7720c2ec7744dcbe608cc2f3417aeb964d58b443c6d612b77531de1d?s=96&d=mm&r=g\",\"url\":\"https:\/\/secure.gravatar.com\/avatar\/2d6b802f7720c2ec7744dcbe608cc2f3417aeb964d58b443c6d612b77531de1d?s=96&d=mm&r=g\",\"contentUrl\":\"https:\/\/secure.gravatar.com\/avatar\/2d6b802f7720c2ec7744dcbe608cc2f3417aeb964d58b443c6d612b77531de1d?s=96&d=mm&r=g\",\"caption\":\"Gregory Quintana Montiel\"},\"description\":\"Licenciatura en Ciencias de la Comunicaci\u00f3n Social, egresado en la Especializaci\u00f3n Derecho Ambiental Desarrollo Sostenible y Sustentable, Miembro de la Comunidad de profesionales y experto para Latinoam\u00e9rica y el Caribe en Gesti\u00f3n por Resultado en el Desarrollo (COPLAC - GpRD) del Banco Interamericano de Desarrollo, experiencia en medios radiales y escritos.\",\"sameAs\":[\"https:\/\/x.com\/gdgregori1\",\"gquintana\"],\"url\":\"https:\/\/noti-america.com\/site\/principal\/author\/gquintana\/\"}]}<\/script>\n<!-- \/ Yoast SEO Premium plugin. -->","yoast_head_json":{"title":"SENESCYT y Universidad espa\u00f1ola becan a 17 estudiantes ecuatorianos - Noti-America.com","robots":{"index":"index","follow":"follow","max-snippet":"max-snippet:-1","max-image-preview":"max-image-preview:large","max-video-preview":"max-video-preview:-1"},"canonical":"https:\/\/noti-america.com\/site\/principal\/2022\/10\/11\/senescyt-y-universidad-espanola-becan-a-17-estudiantes-ecuatorianos\/","og_locale":"es_ES","og_type":"article","og_title":"SENESCYT y Universidad espa\u00f1ola becan a 17 estudiantes ecuatorianos","og_description":"REDACCI\u00d3N NOTI AM\u00c9RICA (ECUADOR) La\u00a0Universidad Internacional de Valencia \u2013 VIU\u00a0y\u00a0la\u00a0Secretar\u00eda de Educaci\u00f3n Superior, Ciencia, Tecnolog\u00eda e Innovaci\u00f3n \u2013 SENESCYT\u00a0de Ecuador,\u00a0en el marco del relacionamiento internacional y cooperaci\u00f3n con\u00a0Planeta Formaci\u00f3n y Universidades,\u00a0acaban de anunciar a&#46;&#46;&#46;","og_url":"https:\/\/noti-america.com\/site\/principal\/2022\/10\/11\/senescyt-y-universidad-espanola-becan-a-17-estudiantes-ecuatorianos\/","og_site_name":"Noti-America.com","article_published_time":"2022-10-11T19:12:14+00:00","og_image":[{"width":960,"height":640,"url":"https:\/\/noti-america.com\/site\/principal\/wp-content\/uploads\/sites\/26\/2022\/12\/img-0065_16_1253.jpeg","type":"image\/jpeg"}],"author":"Gregory Quintana Montiel","twitter_card":"summary_large_image","twitter_creator":"@gdgregori1","twitter_misc":{"Escrito por":"Gregory Quintana Montiel","Tiempo estimado de lectura":"4 minutos"},"schema":{"@context":"https:\/\/schema.org","@graph":[{"@type":"Article","@id":"https:\/\/noti-america.com\/site\/principal\/2022\/10\/11\/senescyt-y-universidad-espanola-becan-a-17-estudiantes-ecuatorianos\/#article","isPartOf":{"@id":"https:\/\/noti-america.com\/site\/principal\/2022\/10\/11\/senescyt-y-universidad-espanola-becan-a-17-estudiantes-ecuatorianos\/"},"author":{"name":"Gregory Quintana Montiel","@id":"https:\/\/noti-america.com\/site\/principal\/#\/schema\/person\/3b975e42f15abfe64bfe3abdd916efda"},"headline":"SENESCYT y Universidad espa\u00f1ola becan a 17 estudiantes ecuatorianos","datePublished":"2022-10-11T19:12:14+00:00","mainEntityOfPage":{"@id":"https:\/\/noti-america.com\/site\/principal\/2022\/10\/11\/senescyt-y-universidad-espanola-becan-a-17-estudiantes-ecuatorianos\/"},"wordCount":912,"image":{"@id":"https:\/\/noti-america.com\/site\/principal\/2022\/10\/11\/senescyt-y-universidad-espanola-becan-a-17-estudiantes-ecuatorianos\/#primaryimage"},"thumbnailUrl":"https:\/\/noti-america.com\/site\/principal\/wp-content\/uploads\/sites\/26\/2022\/12\/img-0065_16_1253.jpeg","articleSection":["Actualidad"],"inLanguage":"es"},{"@type":"WebPage","@id":"https:\/\/noti-america.com\/site\/principal\/2022\/10\/11\/senescyt-y-universidad-espanola-becan-a-17-estudiantes-ecuatorianos\/","url":"https:\/\/noti-america.com\/site\/principal\/2022\/10\/11\/senescyt-y-universidad-espanola-becan-a-17-estudiantes-ecuatorianos\/","name":"SENESCYT y Universidad espa\u00f1ola becan a 17 estudiantes ecuatorianos - Noti-America.com","isPartOf":{"@id":"https:\/\/noti-america.com\/site\/principal\/#website"},"primaryImageOfPage":{"@id":"https:\/\/noti-america.com\/site\/principal\/2022\/10\/11\/senescyt-y-universidad-espanola-becan-a-17-estudiantes-ecuatorianos\/#primaryimage"},"image":{"@id":"https:\/\/noti-america.com\/site\/principal\/2022\/10\/11\/senescyt-y-universidad-espanola-becan-a-17-estudiantes-ecuatorianos\/#primaryimage"},"thumbnailUrl":"https:\/\/noti-america.com\/site\/principal\/wp-content\/uploads\/sites\/26\/2022\/12\/img-0065_16_1253.jpeg","datePublished":"2022-10-11T19:12:14+00:00","author":{"@id":"https:\/\/noti-america.com\/site\/principal\/#\/schema\/person\/3b975e42f15abfe64bfe3abdd916efda"},"breadcrumb":{"@id":"https:\/\/noti-america.com\/site\/principal\/2022\/10\/11\/senescyt-y-universidad-espanola-becan-a-17-estudiantes-ecuatorianos\/#breadcrumb"},"inLanguage":"es","potentialAction":[{"@type":"ReadAction","target":["https:\/\/noti-america.com\/site\/principal\/2022\/10\/11\/senescyt-y-universidad-espanola-becan-a-17-estudiantes-ecuatorianos\/"]}]},{"@type":"ImageObject","inLanguage":"es","@id":"https:\/\/noti-america.com\/site\/principal\/2022\/10\/11\/senescyt-y-universidad-espanola-becan-a-17-estudiantes-ecuatorianos\/#primaryimage","url":"https:\/\/noti-america.com\/site\/principal\/wp-content\/uploads\/sites\/26\/2022\/12\/img-0065_16_1253.jpeg","contentUrl":"https:\/\/noti-america.com\/site\/principal\/wp-content\/uploads\/sites\/26\/2022\/12\/img-0065_16_1253.jpeg","width":960,"height":640},{"@type":"BreadcrumbList","@id":"https:\/\/noti-america.com\/site\/principal\/2022\/10\/11\/senescyt-y-universidad-espanola-becan-a-17-estudiantes-ecuatorianos\/#breadcrumb","itemListElement":[{"@type":"ListItem","position":1,"name":"Portada","item":"https:\/\/noti-america.com\/site\/principal\/"},{"@type":"ListItem","position":2,"name":"SENESCYT y Universidad espa\u00f1ola becan a 17 estudiantes ecuatorianos"}]},{"@type":"WebSite","@id":"https:\/\/noti-america.com\/site\/principal\/#website","url":"https:\/\/noti-america.com\/site\/principal\/","name":"Noti-America.com","description":"El Noticiero Digital M\u00e1s Grande de Am\u00e9rica","potentialAction":[{"@type":"SearchAction","target":{"@type":"EntryPoint","urlTemplate":"https:\/\/noti-america.com\/site\/principal\/?s={search_term_string}"},"query-input":{"@type":"PropertyValueSpecification","valueRequired":true,"valueName":"search_term_string"}}],"inLanguage":"es"},{"@type":"Person","@id":"https:\/\/noti-america.com\/site\/principal\/#\/schema\/person\/3b975e42f15abfe64bfe3abdd916efda","name":"Gregory Quintana Montiel","image":{"@type":"ImageObject","inLanguage":"es","@id":"https:\/\/secure.gravatar.com\/avatar\/2d6b802f7720c2ec7744dcbe608cc2f3417aeb964d58b443c6d612b77531de1d?s=96&d=mm&r=g","url":"https:\/\/secure.gravatar.com\/avatar\/2d6b802f7720c2ec7744dcbe608cc2f3417aeb964d58b443c6d612b77531de1d?s=96&d=mm&r=g","contentUrl":"https:\/\/secure.gravatar.com\/avatar\/2d6b802f7720c2ec7744dcbe608cc2f3417aeb964d58b443c6d612b77531de1d?s=96&d=mm&r=g","caption":"Gregory Quintana Montiel"},"description":"Licenciatura en Ciencias de la Comunicaci\u00f3n Social, egresado en la Especializaci\u00f3n Derecho Ambiental Desarrollo Sostenible y Sustentable, Miembro de la Comunidad de profesionales y experto para Latinoam\u00e9rica y el Caribe en Gesti\u00f3n por Resultado en el Desarrollo (COPLAC - GpRD) del Banco Interamericano de Desarrollo, experiencia en medios radiales y escritos.","sameAs":["https:\/\/x.com\/gdgregori1","gquintana"],"url":"https:\/\/noti-america.com\/site\/principal\/author\/gquintana\/"}]}},"_links":{"self":[{"href":"https:\/\/noti-america.com\/site\/principal\/wp-json\/wp\/v2\/posts\/19769","targetHints":{"allow":["GET"]}}],"collection":[{"href":"https:\/\/noti-america.com\/site\/principal\/wp-json\/wp\/v2\/posts"}],"about":[{"href":"https:\/\/noti-america.com\/site\/principal\/wp-json\/wp\/v2\/types\/post"}],"author":[{"embeddable":true,"href":"https:\/\/noti-america.com\/site\/principal\/wp-json\/wp\/v2\/users\/17"}],"replies":[{"embeddable":true,"href":"https:\/\/noti-america.com\/site\/principal\/wp-json\/wp\/v2\/comments?post=19769"}],"version-history":[{"count":0,"href":"https:\/\/noti-america.com\/site\/principal\/wp-json\/wp\/v2\/posts\/19769\/revisions"}],"wp:featuredmedia":[{"embeddable":true,"href":"https:\/\/noti-america.com\/site\/principal\/wp-json\/wp\/v2\/media\/21943"}],"wp:attachment":[{"href":"https:\/\/noti-america.com\/site\/principal\/wp-json\/wp\/v2\/media?parent=19769"}],"wp:term":[{"taxonomy":"category","embeddable":true,"href":"https:\/\/noti-america.com\/site\/principal\/wp-json\/wp\/v2\/categories?post=19769"},{"taxonomy":"post_tag","embeddable":true,"href":"https:\/\/noti-america.com\/site\/principal\/wp-json\/wp\/v2\/tags?post=19769"}],"curies":[{"name":"wp","href":"https:\/\/api.w.org\/{rel}","templated":true}]}}