{"id":1904,"date":"2018-03-28T09:39:32","date_gmt":"2018-03-28T09:39:32","guid":{"rendered":"http:\/\/noti-america.com\/site\/alemania\/?p=1904"},"modified":"2018-03-28T09:42:40","modified_gmt":"2018-03-28T09:42:40","slug":"elegido-presidente-de-myanmar-wint-myint-un-aliado-de-suu-kyi","status":"publish","type":"post","link":"https:\/\/noti-america.com\/site\/principal\/2018\/03\/28\/elegido-presidente-de-myanmar-wint-myint-un-aliado-de-suu-kyi\/","title":{"rendered":"Elegido presidente de Myanmar Wint Myint, un aliado de Suu Kyi"},"content":{"rendered":"<p><span class=\"dateline\">Rang\u00fan &#8211;\u00a0<\/span>El Parlamento de Myanmar elegi\u00f3 nuevo presidente del pa\u00eds a Wint Myint, aliado de la l\u00edder de facto del pa\u00eds, la premio Nobel de la Paz Aung San Suu Kyi.<\/p>\n<p>Win Myint, miembro de la gobernante Liga Nacional para la Democracia (LND) y hasta ahora presidente de la C\u00e1mara Baja del Parlamento, fue elegido con los votos de 403 de los 636 parlamentarios de ambas c\u00e1maras. Se impuso as\u00ed a un representante de la C\u00e1mara Alta y otro del Ej\u00e9rcito.<\/p>\n<p>El anterior presidente, Htin Kyaw, dimiti\u00f3 hace una semana por sorpresa por motivos de salud. Kyaw se convirti\u00f3 en presidente en 2016 y fue el primer civil en ocupar ese puesto en m\u00e1s de 50 a\u00f1os. Era tambi\u00e9n un estrecho aliado de Suu Kyi, quien no puede ocupar el puesto de presidenta debido a una cl\u00e1usula de la Constituci\u00f3n.<\/p>\n<p>Aun as\u00ed, Suu Kyi ocupa el puesto de consejera de Estado y gobierna de facto el pa\u00eds, en el que el Ej\u00e9rcito todav\u00eda juega un importante papel pol\u00edtico y econ\u00f3mico.<\/p>\n<p>El nuevo presidente, de 66 a\u00f1os y abogado de profesi\u00f3n, estuvo varios a\u00f1os encarcelado por participar en protestas contra la dictadura militar que dirigi\u00f3 el pa\u00eds durante m\u00e1s de dos d\u00e9cadas. Tras la victoria del LND en las elecciones de 2016, Wint Myint fue elegido presidente del parlamento.<\/p>\n<p>Los analistas creen que el nuevo presidente podr\u00eda asumir un papel m\u00e1s activo que su predecesor, que pr\u00e1cticamente s\u00f3lo asumi\u00f3 tareas protocolarias.<\/p>\n<p>Suu Kyi ha sido muy cuestionada \u00faltimamente a nivel internacional por su silencio respecto a la persecuci\u00f3n del Ej\u00e9rcito de Myanmar contra la minor\u00eda musulmana rohingya. Casi 700.000 rohiyngyas huyeron a la vecina Bangladesh en los \u00faltimos meses durante unas operaciones militares calificadas de limpieza \u00e9tnica por la ONU.<\/p>\n<p>Fuente(dpa)<\/p>\n","protected":false},"excerpt":{"rendered":"<p>Rang\u00fan &#8211;\u00a0El Parlamento de Myanmar elegi\u00f3 nuevo presidente del pa\u00eds a Wint Myint, aliado de la l\u00edder de facto del pa\u00eds, la premio Nobel de la Paz Aung San Suu Kyi. Win Myint, miembro&#46;&#46;&#46;<\/p>\n","protected":false},"author":31,"featured_media":1908,"comment_status":"open","ping_status":"open","sticky":false,"template":"","format":"standard","meta":{"_acf_changed":false,"rop_custom_images_group":[],"rop_custom_messages_group":[],"rop_publish_now":"initial","rop_publish_now_accounts":{"facebook_10219548024599422_1632221337088128":"","twitter_242054905_242054905":""},"rop_publish_now_history":[],"rop_publish_now_status":"pending","footnotes":""},"categories":[64,4,151,3],"tags":[],"class_list":["post-1904","post","type-post","status-publish","format-standard","has-post-thumbnail","hentry","category-gobierno","category-internacionales","category-myanmar","category-politica"],"acf":[],"yoast_head":"<!-- This site is optimized with the Yoast SEO Premium plugin v24.9 (Yoast SEO v27.2) - https:\/\/yoast.com\/product\/yoast-seo-premium-wordpress\/ -->\n<title>Elegido presidente de Myanmar Wint Myint, un aliado de Suu Kyi - Noti-America.com<\/title>\n<meta name=\"robots\" content=\"index, follow, max-snippet:-1, max-image-preview:large, max-video-preview:-1\" \/>\n<link rel=\"canonical\" href=\"https:\/\/noti-america.com\/site\/principal\/2018\/03\/28\/elegido-presidente-de-myanmar-wint-myint-un-aliado-de-suu-kyi\/\" \/>\n<meta property=\"og:locale\" content=\"es_ES\" \/>\n<meta property=\"og:type\" content=\"article\" \/>\n<meta property=\"og:title\" content=\"Elegido presidente de Myanmar Wint Myint, un aliado de Suu Kyi\" \/>\n<meta property=\"og:description\" content=\"Rang\u00fan &#8211;\u00a0El Parlamento de Myanmar elegi\u00f3 nuevo presidente del pa\u00eds a Wint Myint, aliado de la l\u00edder de facto del pa\u00eds, la premio Nobel de la Paz Aung San Suu Kyi. Win Myint, miembro&#046;&#046;&#046;\" \/>\n<meta property=\"og:url\" content=\"https:\/\/noti-america.com\/site\/principal\/2018\/03\/28\/elegido-presidente-de-myanmar-wint-myint-un-aliado-de-suu-kyi\/\" \/>\n<meta property=\"og:site_name\" content=\"Noti-America.com\" \/>\n<meta property=\"article:published_time\" content=\"2018-03-28T09:39:32+00:00\" \/>\n<meta property=\"article:modified_time\" content=\"2018-03-28T09:42:40+00:00\" \/>\n<meta property=\"og:image\" content=\"https:\/\/noti-america.com\/site\/principal\/wp-content\/uploads\/sites\/26\/2018\/03\/Elegido-presidente-de-Myanmar-Wint-Myint-un-aliado-de-Suu-Kyi.jpg\" \/>\n\t<meta property=\"og:image:width\" content=\"2048\" \/>\n\t<meta property=\"og:image:height\" content=\"1365\" \/>\n\t<meta property=\"og:image:type\" content=\"image\/jpeg\" \/>\n<meta name=\"author\" content=\"Ydalith Figueroa Kad-Bay\" \/>\n<meta name=\"twitter:card\" content=\"summary_large_image\" \/>\n<meta name=\"twitter:creator\" content=\"@ydalithkad\" \/>\n<meta name=\"twitter:label1\" content=\"Escrito por\" \/>\n\t<meta name=\"twitter:data1\" content=\"Ydalith Figueroa Kad-Bay\" \/>\n\t<meta name=\"twitter:label2\" content=\"Tiempo estimado de lectura\" \/>\n\t<meta name=\"twitter:data2\" content=\"2 minutos\" \/>\n<script type=\"application\/ld+json\" class=\"yoast-schema-graph\">{\"@context\":\"https:\/\/schema.org\",\"@graph\":[{\"@type\":\"Article\",\"@id\":\"https:\/\/noti-america.com\/site\/principal\/2018\/03\/28\/elegido-presidente-de-myanmar-wint-myint-un-aliado-de-suu-kyi\/#article\",\"isPartOf\":{\"@id\":\"https:\/\/noti-america.com\/site\/principal\/2018\/03\/28\/elegido-presidente-de-myanmar-wint-myint-un-aliado-de-suu-kyi\/\"},\"author\":{\"name\":\"Ydalith Figueroa Kad-Bay\",\"@id\":\"https:\/\/noti-america.com\/site\/principal\/#\/schema\/person\/1a24e37c3c358f389f0a111448ddb870\"},\"headline\":\"Elegido presidente de Myanmar Wint Myint, un aliado de Suu Kyi\",\"datePublished\":\"2018-03-28T09:39:32+00:00\",\"dateModified\":\"2018-03-28T09:42:40+00:00\",\"mainEntityOfPage\":{\"@id\":\"https:\/\/noti-america.com\/site\/principal\/2018\/03\/28\/elegido-presidente-de-myanmar-wint-myint-un-aliado-de-suu-kyi\/\"},\"wordCount\":327,\"commentCount\":0,\"image\":{\"@id\":\"https:\/\/noti-america.com\/site\/principal\/2018\/03\/28\/elegido-presidente-de-myanmar-wint-myint-un-aliado-de-suu-kyi\/#primaryimage\"},\"thumbnailUrl\":\"https:\/\/noti-america.com\/site\/principal\/wp-content\/uploads\/sites\/26\/2018\/03\/Elegido-presidente-de-Myanmar-Wint-Myint-un-aliado-de-Suu-Kyi.jpg\",\"articleSection\":[\"Gobierno\",\"Internacionales\",\"Myanmar\",\"Pol\u00edtica\"],\"inLanguage\":\"es\",\"potentialAction\":[{\"@type\":\"CommentAction\",\"name\":\"Comment\",\"target\":[\"https:\/\/noti-america.com\/site\/principal\/2018\/03\/28\/elegido-presidente-de-myanmar-wint-myint-un-aliado-de-suu-kyi\/#respond\"]}]},{\"@type\":\"WebPage\",\"@id\":\"https:\/\/noti-america.com\/site\/principal\/2018\/03\/28\/elegido-presidente-de-myanmar-wint-myint-un-aliado-de-suu-kyi\/\",\"url\":\"https:\/\/noti-america.com\/site\/principal\/2018\/03\/28\/elegido-presidente-de-myanmar-wint-myint-un-aliado-de-suu-kyi\/\",\"name\":\"Elegido presidente de Myanmar Wint Myint, un aliado de Suu Kyi - Noti-America.com\",\"isPartOf\":{\"@id\":\"https:\/\/noti-america.com\/site\/principal\/#website\"},\"primaryImageOfPage\":{\"@id\":\"https:\/\/noti-america.com\/site\/principal\/2018\/03\/28\/elegido-presidente-de-myanmar-wint-myint-un-aliado-de-suu-kyi\/#primaryimage\"},\"image\":{\"@id\":\"https:\/\/noti-america.com\/site\/principal\/2018\/03\/28\/elegido-presidente-de-myanmar-wint-myint-un-aliado-de-suu-kyi\/#primaryimage\"},\"thumbnailUrl\":\"https:\/\/noti-america.com\/site\/principal\/wp-content\/uploads\/sites\/26\/2018\/03\/Elegido-presidente-de-Myanmar-Wint-Myint-un-aliado-de-Suu-Kyi.jpg\",\"datePublished\":\"2018-03-28T09:39:32+00:00\",\"dateModified\":\"2018-03-28T09:42:40+00:00\",\"author\":{\"@id\":\"https:\/\/noti-america.com\/site\/principal\/#\/schema\/person\/1a24e37c3c358f389f0a111448ddb870\"},\"breadcrumb\":{\"@id\":\"https:\/\/noti-america.com\/site\/principal\/2018\/03\/28\/elegido-presidente-de-myanmar-wint-myint-un-aliado-de-suu-kyi\/#breadcrumb\"},\"inLanguage\":\"es\",\"potentialAction\":[{\"@type\":\"ReadAction\",\"target\":[\"https:\/\/noti-america.com\/site\/principal\/2018\/03\/28\/elegido-presidente-de-myanmar-wint-myint-un-aliado-de-suu-kyi\/\"]}]},{\"@type\":\"ImageObject\",\"inLanguage\":\"es\",\"@id\":\"https:\/\/noti-america.com\/site\/principal\/2018\/03\/28\/elegido-presidente-de-myanmar-wint-myint-un-aliado-de-suu-kyi\/#primaryimage\",\"url\":\"https:\/\/noti-america.com\/site\/principal\/wp-content\/uploads\/sites\/26\/2018\/03\/Elegido-presidente-de-Myanmar-Wint-Myint-un-aliado-de-Suu-Kyi.jpg\",\"contentUrl\":\"https:\/\/noti-america.com\/site\/principal\/wp-content\/uploads\/sites\/26\/2018\/03\/Elegido-presidente-de-Myanmar-Wint-Myint-un-aliado-de-Suu-Kyi.jpg\",\"width\":2048,\"height\":1365,\"caption\":\"HH03420. NAIPYID\u00d3 (BIRMANIA), 28\/03\/2018.- El nuevo presidente de Birmania, Win Myint, saluda tras su elecci\u00f3n en la votaci\u00f3n celebrada en el Parlamento, en Naipyid\u00f3, Birmania, hoy, 28 de marzo de 2018. Myint sustituir\u00e1 al ex presidente Htin Kyaw, quien renunci\u00f3 al cargo la semana pasada \\\"para descansar\\\" debido a problemas de salud. EFE\/ Hein Htet\"},{\"@type\":\"BreadcrumbList\",\"@id\":\"https:\/\/noti-america.com\/site\/principal\/2018\/03\/28\/elegido-presidente-de-myanmar-wint-myint-un-aliado-de-suu-kyi\/#breadcrumb\",\"itemListElement\":[{\"@type\":\"ListItem\",\"position\":1,\"name\":\"Portada\",\"item\":\"https:\/\/noti-america.com\/site\/principal\/\"},{\"@type\":\"ListItem\",\"position\":2,\"name\":\"Elegido presidente de Myanmar Wint Myint, un aliado de Suu Kyi\"}]},{\"@type\":\"WebSite\",\"@id\":\"https:\/\/noti-america.com\/site\/principal\/#website\",\"url\":\"https:\/\/noti-america.com\/site\/principal\/\",\"name\":\"Noti-America.com\",\"description\":\"El Noticiero Digital M\u00e1s Grande de Am\u00e9rica\",\"potentialAction\":[{\"@type\":\"SearchAction\",\"target\":{\"@type\":\"EntryPoint\",\"urlTemplate\":\"https:\/\/noti-america.com\/site\/principal\/?s={search_term_string}\"},\"query-input\":{\"@type\":\"PropertyValueSpecification\",\"valueRequired\":true,\"valueName\":\"search_term_string\"}}],\"inLanguage\":\"es\"},{\"@type\":\"Person\",\"@id\":\"https:\/\/noti-america.com\/site\/principal\/#\/schema\/person\/1a24e37c3c358f389f0a111448ddb870\",\"name\":\"Ydalith Figueroa Kad-Bay\",\"image\":{\"@type\":\"ImageObject\",\"inLanguage\":\"es\",\"@id\":\"https:\/\/secure.gravatar.com\/avatar\/7d1e350465afd215908c3ed413e32ef600cd41c3c21b95416252432a9f6c219c?s=96&d=mm&r=g\",\"url\":\"https:\/\/secure.gravatar.com\/avatar\/7d1e350465afd215908c3ed413e32ef600cd41c3c21b95416252432a9f6c219c?s=96&d=mm&r=g\",\"contentUrl\":\"https:\/\/secure.gravatar.com\/avatar\/7d1e350465afd215908c3ed413e32ef600cd41c3c21b95416252432a9f6c219c?s=96&d=mm&r=g\",\"caption\":\"Ydalith Figueroa Kad-Bay\"},\"description\":\"CEO Noti-America Alemania Embajadora de Venezuela para el Proyecto de Acci\u00f3n Clim\u00e1tica de la ONU, Embajadora para la ense\u00f1anza de los ODS de la ONU, Amplificador de la Acci\u00f3n de los ODS de la ONU, Profesor Voluntario del Proyecto KAKUMA (Educaci\u00f3n de calidad para refugiados en \u00c1frica) UNHCR \u2013 ACNUR - Agencia para los refugiados de la ONU-, Miembro de la ONG Gente Y Ciudad, Embajador de las Instituciones de Microfinanzas \u201cNo a la pobreza ODS #1 de la ONU\u201d (todos tienen derecho a acceso a un cr\u00e9dito), y Voluntario al di\u00e1logo global de UN75. Twitter @ydalithkad email ydalith@yhaoo.com Locutor Profesional 32931 Universidad Central de Venezuela @ISHannover \\\"Colegio Internacional de Hannover Regi\u00f3n, Alemania\\\" Representante de Aprendizaje Innovaci\u00f3n y Tecnolog\u00eda #LMS (Sistema de Gesti\u00f3n de Aprendizaje) #LMS Gente y Ciudad &amp; Asesores Internacionales ONG Alemania. ONG \\\"Gente y Ciudad, Venezuela\\\" Miembro y Asesor especialista An\u00e1lisis de Pol\u00edtica Internacional Asesor Pol\u00edtico Internacional de Venezuela en la defensa de los Derechos Humanos y el restablecimiento Democr\u00e1tico. Diplomacia positiva y Activa. Pasi\u00f3n por el Golf Proyecto #LMS \\\"Golf para ni\u00f1os y adultos Internacional\\\" Pasi\u00f3n por los Postres Proyecto #LMS \\\"Postres, Que Unen a las Culturas del mundo\\\"\",\"sameAs\":[\"https:\/\/x.com\/ydalithkad\"],\"url\":\"https:\/\/noti-america.com\/site\/principal\/author\/yfigueroa\/\"}]}<\/script>\n<!-- \/ Yoast SEO Premium plugin. -->","yoast_head_json":{"title":"Elegido presidente de Myanmar Wint Myint, un aliado de Suu Kyi - Noti-America.com","robots":{"index":"index","follow":"follow","max-snippet":"max-snippet:-1","max-image-preview":"max-image-preview:large","max-video-preview":"max-video-preview:-1"},"canonical":"https:\/\/noti-america.com\/site\/principal\/2018\/03\/28\/elegido-presidente-de-myanmar-wint-myint-un-aliado-de-suu-kyi\/","og_locale":"es_ES","og_type":"article","og_title":"Elegido presidente de Myanmar Wint Myint, un aliado de Suu Kyi","og_description":"Rang\u00fan &#8211;\u00a0El Parlamento de Myanmar elegi\u00f3 nuevo presidente del pa\u00eds a Wint Myint, aliado de la l\u00edder de facto del pa\u00eds, la premio Nobel de la Paz Aung San Suu Kyi. Win Myint, miembro&#46;&#46;&#46;","og_url":"https:\/\/noti-america.com\/site\/principal\/2018\/03\/28\/elegido-presidente-de-myanmar-wint-myint-un-aliado-de-suu-kyi\/","og_site_name":"Noti-America.com","article_published_time":"2018-03-28T09:39:32+00:00","article_modified_time":"2018-03-28T09:42:40+00:00","og_image":[{"width":2048,"height":1365,"url":"https:\/\/noti-america.com\/site\/principal\/wp-content\/uploads\/sites\/26\/2018\/03\/Elegido-presidente-de-Myanmar-Wint-Myint-un-aliado-de-Suu-Kyi.jpg","type":"image\/jpeg"}],"author":"Ydalith Figueroa Kad-Bay","twitter_card":"summary_large_image","twitter_creator":"@ydalithkad","twitter_misc":{"Escrito por":"Ydalith Figueroa Kad-Bay","Tiempo estimado de lectura":"2 minutos"},"schema":{"@context":"https:\/\/schema.org","@graph":[{"@type":"Article","@id":"https:\/\/noti-america.com\/site\/principal\/2018\/03\/28\/elegido-presidente-de-myanmar-wint-myint-un-aliado-de-suu-kyi\/#article","isPartOf":{"@id":"https:\/\/noti-america.com\/site\/principal\/2018\/03\/28\/elegido-presidente-de-myanmar-wint-myint-un-aliado-de-suu-kyi\/"},"author":{"name":"Ydalith Figueroa Kad-Bay","@id":"https:\/\/noti-america.com\/site\/principal\/#\/schema\/person\/1a24e37c3c358f389f0a111448ddb870"},"headline":"Elegido presidente de Myanmar Wint Myint, un aliado de Suu Kyi","datePublished":"2018-03-28T09:39:32+00:00","dateModified":"2018-03-28T09:42:40+00:00","mainEntityOfPage":{"@id":"https:\/\/noti-america.com\/site\/principal\/2018\/03\/28\/elegido-presidente-de-myanmar-wint-myint-un-aliado-de-suu-kyi\/"},"wordCount":327,"commentCount":0,"image":{"@id":"https:\/\/noti-america.com\/site\/principal\/2018\/03\/28\/elegido-presidente-de-myanmar-wint-myint-un-aliado-de-suu-kyi\/#primaryimage"},"thumbnailUrl":"https:\/\/noti-america.com\/site\/principal\/wp-content\/uploads\/sites\/26\/2018\/03\/Elegido-presidente-de-Myanmar-Wint-Myint-un-aliado-de-Suu-Kyi.jpg","articleSection":["Gobierno","Internacionales","Myanmar","Pol\u00edtica"],"inLanguage":"es","potentialAction":[{"@type":"CommentAction","name":"Comment","target":["https:\/\/noti-america.com\/site\/principal\/2018\/03\/28\/elegido-presidente-de-myanmar-wint-myint-un-aliado-de-suu-kyi\/#respond"]}]},{"@type":"WebPage","@id":"https:\/\/noti-america.com\/site\/principal\/2018\/03\/28\/elegido-presidente-de-myanmar-wint-myint-un-aliado-de-suu-kyi\/","url":"https:\/\/noti-america.com\/site\/principal\/2018\/03\/28\/elegido-presidente-de-myanmar-wint-myint-un-aliado-de-suu-kyi\/","name":"Elegido presidente de Myanmar Wint Myint, un aliado de Suu Kyi - Noti-America.com","isPartOf":{"@id":"https:\/\/noti-america.com\/site\/principal\/#website"},"primaryImageOfPage":{"@id":"https:\/\/noti-america.com\/site\/principal\/2018\/03\/28\/elegido-presidente-de-myanmar-wint-myint-un-aliado-de-suu-kyi\/#primaryimage"},"image":{"@id":"https:\/\/noti-america.com\/site\/principal\/2018\/03\/28\/elegido-presidente-de-myanmar-wint-myint-un-aliado-de-suu-kyi\/#primaryimage"},"thumbnailUrl":"https:\/\/noti-america.com\/site\/principal\/wp-content\/uploads\/sites\/26\/2018\/03\/Elegido-presidente-de-Myanmar-Wint-Myint-un-aliado-de-Suu-Kyi.jpg","datePublished":"2018-03-28T09:39:32+00:00","dateModified":"2018-03-28T09:42:40+00:00","author":{"@id":"https:\/\/noti-america.com\/site\/principal\/#\/schema\/person\/1a24e37c3c358f389f0a111448ddb870"},"breadcrumb":{"@id":"https:\/\/noti-america.com\/site\/principal\/2018\/03\/28\/elegido-presidente-de-myanmar-wint-myint-un-aliado-de-suu-kyi\/#breadcrumb"},"inLanguage":"es","potentialAction":[{"@type":"ReadAction","target":["https:\/\/noti-america.com\/site\/principal\/2018\/03\/28\/elegido-presidente-de-myanmar-wint-myint-un-aliado-de-suu-kyi\/"]}]},{"@type":"ImageObject","inLanguage":"es","@id":"https:\/\/noti-america.com\/site\/principal\/2018\/03\/28\/elegido-presidente-de-myanmar-wint-myint-un-aliado-de-suu-kyi\/#primaryimage","url":"https:\/\/noti-america.com\/site\/principal\/wp-content\/uploads\/sites\/26\/2018\/03\/Elegido-presidente-de-Myanmar-Wint-Myint-un-aliado-de-Suu-Kyi.jpg","contentUrl":"https:\/\/noti-america.com\/site\/principal\/wp-content\/uploads\/sites\/26\/2018\/03\/Elegido-presidente-de-Myanmar-Wint-Myint-un-aliado-de-Suu-Kyi.jpg","width":2048,"height":1365,"caption":"HH03420. NAIPYID\u00d3 (BIRMANIA), 28\/03\/2018.- El nuevo presidente de Birmania, Win Myint, saluda tras su elecci\u00f3n en la votaci\u00f3n celebrada en el Parlamento, en Naipyid\u00f3, Birmania, hoy, 28 de marzo de 2018. Myint sustituir\u00e1 al ex presidente Htin Kyaw, quien renunci\u00f3 al cargo la semana pasada \"para descansar\" debido a problemas de salud. EFE\/ Hein Htet"},{"@type":"BreadcrumbList","@id":"https:\/\/noti-america.com\/site\/principal\/2018\/03\/28\/elegido-presidente-de-myanmar-wint-myint-un-aliado-de-suu-kyi\/#breadcrumb","itemListElement":[{"@type":"ListItem","position":1,"name":"Portada","item":"https:\/\/noti-america.com\/site\/principal\/"},{"@type":"ListItem","position":2,"name":"Elegido presidente de Myanmar Wint Myint, un aliado de Suu Kyi"}]},{"@type":"WebSite","@id":"https:\/\/noti-america.com\/site\/principal\/#website","url":"https:\/\/noti-america.com\/site\/principal\/","name":"Noti-America.com","description":"El Noticiero Digital M\u00e1s Grande de Am\u00e9rica","potentialAction":[{"@type":"SearchAction","target":{"@type":"EntryPoint","urlTemplate":"https:\/\/noti-america.com\/site\/principal\/?s={search_term_string}"},"query-input":{"@type":"PropertyValueSpecification","valueRequired":true,"valueName":"search_term_string"}}],"inLanguage":"es"},{"@type":"Person","@id":"https:\/\/noti-america.com\/site\/principal\/#\/schema\/person\/1a24e37c3c358f389f0a111448ddb870","name":"Ydalith Figueroa Kad-Bay","image":{"@type":"ImageObject","inLanguage":"es","@id":"https:\/\/secure.gravatar.com\/avatar\/7d1e350465afd215908c3ed413e32ef600cd41c3c21b95416252432a9f6c219c?s=96&d=mm&r=g","url":"https:\/\/secure.gravatar.com\/avatar\/7d1e350465afd215908c3ed413e32ef600cd41c3c21b95416252432a9f6c219c?s=96&d=mm&r=g","contentUrl":"https:\/\/secure.gravatar.com\/avatar\/7d1e350465afd215908c3ed413e32ef600cd41c3c21b95416252432a9f6c219c?s=96&d=mm&r=g","caption":"Ydalith Figueroa Kad-Bay"},"description":"CEO Noti-America Alemania Embajadora de Venezuela para el Proyecto de Acci\u00f3n Clim\u00e1tica de la ONU, Embajadora para la ense\u00f1anza de los ODS de la ONU, Amplificador de la Acci\u00f3n de los ODS de la ONU, Profesor Voluntario del Proyecto KAKUMA (Educaci\u00f3n de calidad para refugiados en \u00c1frica) UNHCR \u2013 ACNUR - Agencia para los refugiados de la ONU-, Miembro de la ONG Gente Y Ciudad, Embajador de las Instituciones de Microfinanzas \u201cNo a la pobreza ODS #1 de la ONU\u201d (todos tienen derecho a acceso a un cr\u00e9dito), y Voluntario al di\u00e1logo global de UN75. Twitter @ydalithkad email ydalith@yhaoo.com Locutor Profesional 32931 Universidad Central de Venezuela @ISHannover \"Colegio Internacional de Hannover Regi\u00f3n, Alemania\" Representante de Aprendizaje Innovaci\u00f3n y Tecnolog\u00eda #LMS (Sistema de Gesti\u00f3n de Aprendizaje) #LMS Gente y Ciudad &amp; Asesores Internacionales ONG Alemania. ONG \"Gente y Ciudad, Venezuela\" Miembro y Asesor especialista An\u00e1lisis de Pol\u00edtica Internacional Asesor Pol\u00edtico Internacional de Venezuela en la defensa de los Derechos Humanos y el restablecimiento Democr\u00e1tico. Diplomacia positiva y Activa. Pasi\u00f3n por el Golf Proyecto #LMS \"Golf para ni\u00f1os y adultos Internacional\" Pasi\u00f3n por los Postres Proyecto #LMS \"Postres, Que Unen a las Culturas del mundo\"","sameAs":["https:\/\/x.com\/ydalithkad"],"url":"https:\/\/noti-america.com\/site\/principal\/author\/yfigueroa\/"}]}},"_links":{"self":[{"href":"https:\/\/noti-america.com\/site\/principal\/wp-json\/wp\/v2\/posts\/1904","targetHints":{"allow":["GET"]}}],"collection":[{"href":"https:\/\/noti-america.com\/site\/principal\/wp-json\/wp\/v2\/posts"}],"about":[{"href":"https:\/\/noti-america.com\/site\/principal\/wp-json\/wp\/v2\/types\/post"}],"author":[{"embeddable":true,"href":"https:\/\/noti-america.com\/site\/principal\/wp-json\/wp\/v2\/users\/31"}],"replies":[{"embeddable":true,"href":"https:\/\/noti-america.com\/site\/principal\/wp-json\/wp\/v2\/comments?post=1904"}],"version-history":[{"count":1,"href":"https:\/\/noti-america.com\/site\/principal\/wp-json\/wp\/v2\/posts\/1904\/revisions"}],"predecessor-version":[{"id":1906,"href":"https:\/\/noti-america.com\/site\/principal\/wp-json\/wp\/v2\/posts\/1904\/revisions\/1906"}],"wp:featuredmedia":[{"embeddable":true,"href":"https:\/\/noti-america.com\/site\/principal\/wp-json\/wp\/v2\/media\/1908"}],"wp:attachment":[{"href":"https:\/\/noti-america.com\/site\/principal\/wp-json\/wp\/v2\/media?parent=1904"}],"wp:term":[{"taxonomy":"category","embeddable":true,"href":"https:\/\/noti-america.com\/site\/principal\/wp-json\/wp\/v2\/categories?post=1904"},{"taxonomy":"post_tag","embeddable":true,"href":"https:\/\/noti-america.com\/site\/principal\/wp-json\/wp\/v2\/tags?post=1904"}],"curies":[{"name":"wp","href":"https:\/\/api.w.org\/{rel}","templated":true}]}}