{"id":18164,"date":"2022-08-15T18:59:30","date_gmt":"2022-08-15T22:59:30","guid":{"rendered":"https:\/\/noti-america.com\/site\/principal\/?p=18164"},"modified":"2022-08-15T18:59:30","modified_gmt":"2022-08-15T22:59:30","slug":"encuentro-online-internacional-de-lideres","status":"publish","type":"post","link":"https:\/\/noti-america.com\/site\/principal\/2022\/08\/15\/encuentro-online-internacional-de-lideres\/","title":{"rendered":"Encuentro Online Internacional de L\u00edderes"},"content":{"rendered":"<p><strong>Noti-Am\u00e9rica Rep\u00fablica Dominicana<br \/>\nSanto Domingo,RD.<\/strong><\/p>\n<p>&nbsp;<\/p>\n<p style=\"text-align: justify\">El pr\u00f3ximo 19 de Agosto se estar\u00e1 llevando a cabo el Encuentro Online Internacional de L\u00edderes que realizar\u00e1 la Doctora y Mentora Motivacional\u00a0 Yanira Dom\u00ednguez en alianza con la Organizaci\u00f3n Met2Het2 International.<\/p>\n<div dir=\"auto\" style=\"text-align: justify\">\u00bfSab\u00edas que no es suficiente tener una muy buena idea o un buen producto para diferenciarte en el 2022?<\/div>\n<div dir=\"auto\" style=\"text-align: justify\">.<\/div>\n<div dir=\"auto\" style=\"text-align: justify\">Eso funcion\u00f3 entre el 2009 y 2017, cuando las redes sociales se consolidaron como parte de una nueva forma de brindar experiencias e interacci\u00f3n.<\/div>\n<div dir=\"auto\"><\/div>\n<div dir=\"auto\">Pero, ahora la historia es otra; la competencia es m\u00e1s intensa, m\u00e1s abrumadora, m\u00e1s aplastante.<\/div>\n<div dir=\"auto\">.<\/div>\n<div dir=\"auto\">Para poder diferenciarte necesitas\u00a0 profundizar en tu calidad humana y en tu calidad profesional al mismo tiempo.<\/div>\n<div dir=\"auto\"><\/div>\n<div dir=\"auto\">\n<div dir=\"auto\">Un evento online de alto impacto en el que tendr\u00e1s la posibilidad de:<\/div>\n<div dir=\"auto\"><\/div>\n<div dir=\"auto\"><img decoding=\"async\" class=\"an1\" src=\"https:\/\/fonts.gstatic.com\/s\/e\/notoemoji\/14.0\/1f538\/32.png\" alt=\"\ud83d\udd38\" data-emoji=\"\ud83d\udd38\" aria-label=\"\ud83d\udd38\" \/>Implementar herramientas\u00a0 inmediatas en tu vida y tu negocio.<\/div>\n<div dir=\"auto\"><\/div>\n<div dir=\"auto\"><img decoding=\"async\" class=\"an1\" src=\"https:\/\/fonts.gstatic.com\/s\/e\/notoemoji\/14.0\/1f538\/32.png\" alt=\"\ud83d\udd38\" data-emoji=\"\ud83d\udd38\" aria-label=\"\ud83d\udd38\" \/>T\u00e9cnicas avanzadas de desarrollo de negocios y las m\u00e1s poderosas estrategias de desarrollo personal.<\/div>\n<div dir=\"auto\">.<\/div>\n<div dir=\"auto\"><img decoding=\"async\" class=\"an1\" src=\"https:\/\/fonts.gstatic.com\/s\/e\/notoemoji\/14.0\/1f449_1f3fb\/32.png\" alt=\"\ud83d\udc49\ud83c\udffb\" data-emoji=\"\ud83d\udc49\ud83c\udffb\" aria-label=\"\ud83d\udc49\ud83c\udffb\" \/>\u00a0Esto te ayudar\u00e1 a cultivar\u00a0 la verdadera ventaja competitiva de HOY: la conexi\u00f3n personal.<\/div>\n<\/div>\n<div dir=\"auto\">\n<div dir=\"auto\">S\u00ed, conectar con tu audiencia de adentro hacia afuera.<img decoding=\"async\" class=\"an1\" src=\"https:\/\/fonts.gstatic.com\/s\/e\/notoemoji\/14.0\/26a1\/32.png\" alt=\"\u26a1\" data-emoji=\"\u26a1\" aria-label=\"\u26a1\" \/><\/div>\n<div dir=\"auto\">.<\/div>\n<div dir=\"auto\">As\u00ed que te invito este pr\u00f3ximo viernes 19 de Agosto a disfrutar de m\u00e1s de 10 horas de exposiciones y conversatorios.<\/div>\n<div dir=\"auto\">.<\/div>\n<div dir=\"auto\">Tendr\u00e1s la oportunidad de conocer temas que sacar\u00e1 lo mejor de t\u00ed:<\/div>\n<div dir=\"auto\">.<\/div>\n<div dir=\"auto\"><img decoding=\"async\" class=\"an1\" src=\"https:\/\/fonts.gstatic.com\/s\/e\/notoemoji\/14.0\/1f538\/32.png\" alt=\"\ud83d\udd38\" data-emoji=\"\ud83d\udd38\" aria-label=\"\ud83d\udd38\" \/>Desarrollo Personal.<\/div>\n<div dir=\"auto\"><img decoding=\"async\" class=\"an1\" src=\"https:\/\/fonts.gstatic.com\/s\/e\/notoemoji\/14.0\/1f538\/32.png\" alt=\"\ud83d\udd38\" data-emoji=\"\ud83d\udd38\" aria-label=\"\ud83d\udd38\" \/>Del saber al hacer.<\/div>\n<div dir=\"auto\"><img decoding=\"async\" class=\"an1\" src=\"https:\/\/fonts.gstatic.com\/s\/e\/notoemoji\/14.0\/1f538\/32.png\" alt=\"\ud83d\udd38\" data-emoji=\"\ud83d\udd38\" aria-label=\"\ud83d\udd38\" \/>Gestionar el miedo a hablar en p\u00fablico.<\/div>\n<div dir=\"auto\">\n<div dir=\"auto\"><img decoding=\"async\" class=\"an1\" src=\"https:\/\/fonts.gstatic.com\/s\/e\/notoemoji\/14.0\/1f538\/32.png\" alt=\"\ud83d\udd38\" data-emoji=\"\ud83d\udd38\" aria-label=\"\ud83d\udd38\" \/>Introducci\u00f3n a los Derechos Humanos Universales.<\/div>\n<div dir=\"auto\"><img decoding=\"async\" class=\"an1\" src=\"https:\/\/fonts.gstatic.com\/s\/e\/notoemoji\/14.0\/1f538\/32.png\" alt=\"\ud83d\udd38\" data-emoji=\"\ud83d\udd38\" aria-label=\"\ud83d\udd38\" \/>Comunicaci\u00f3n Disruptiva en tiempos desafiantes.<\/div>\n<div dir=\"auto\"><img decoding=\"async\" class=\"an1\" src=\"https:\/\/fonts.gstatic.com\/s\/e\/notoemoji\/14.0\/1f538\/32.png\" alt=\"\ud83d\udd38\" data-emoji=\"\ud83d\udd38\" aria-label=\"\ud83d\udd38\" \/>La Coherencia camino para la prosperidad del Emprendedor.<\/div>\n<div dir=\"auto\"><img decoding=\"async\" class=\"an1\" src=\"https:\/\/fonts.gstatic.com\/s\/e\/notoemoji\/14.0\/1f538\/32.png\" alt=\"\ud83d\udd38\" data-emoji=\"\ud83d\udd38\" aria-label=\"\ud83d\udd38\" \/>Los 5 PowerMove que crear\u00e1n riqueza en tu negocio de experto de ticket alto, dentro de un mercado a la baja.<\/div>\n<div dir=\"auto\"><img decoding=\"async\" class=\"an1\" src=\"https:\/\/fonts.gstatic.com\/s\/e\/notoemoji\/14.0\/1f538\/32.png\" alt=\"\ud83d\udd38\" data-emoji=\"\ud83d\udd38\" aria-label=\"\ud83d\udd38\" \/>C\u00f3mo no autosabotearte cuando decides ser.<\/div>\n<div dir=\"auto\"><img decoding=\"async\" class=\"an1\" src=\"https:\/\/fonts.gstatic.com\/s\/e\/notoemoji\/14.0\/1f538\/32.png\" alt=\"\ud83d\udd38\" data-emoji=\"\ud83d\udd38\" aria-label=\"\ud83d\udd38\" \/>El prop\u00f3sito de la excelencia.<\/div>\n<div dir=\"auto\"><img decoding=\"async\" class=\"an1\" src=\"https:\/\/fonts.gstatic.com\/s\/e\/notoemoji\/14.0\/1f538\/32.png\" alt=\"\ud83d\udd38\" data-emoji=\"\ud83d\udd38\" aria-label=\"\ud83d\udd38\" \/>Empoderate con la escritura.<\/div>\n<div dir=\"auto\"><img decoding=\"async\" class=\"an1\" src=\"https:\/\/fonts.gstatic.com\/s\/e\/notoemoji\/14.0\/1f538\/32.png\" alt=\"\ud83d\udd38\" data-emoji=\"\ud83d\udd38\" aria-label=\"\ud83d\udd38\" \/> Marca Personal Digital.<\/div>\n<div dir=\"auto\"><img decoding=\"async\" class=\"an1\" src=\"https:\/\/fonts.gstatic.com\/s\/e\/notoemoji\/14.0\/1f538\/32.png\" alt=\"\ud83d\udd38\" data-emoji=\"\ud83d\udd38\" aria-label=\"\ud83d\udd38\" \/>Liderazgo y Empoderamiento Femenino.<\/div>\n<div dir=\"auto\"><img decoding=\"async\" class=\"an1\" src=\"https:\/\/fonts.gstatic.com\/s\/e\/notoemoji\/14.0\/1f538\/32.png\" alt=\"\ud83d\udd38\" data-emoji=\"\ud83d\udd38\" aria-label=\"\ud83d\udd38\" \/>Tres pasos para sacar tu potencial como orador.<\/div>\n<div dir=\"auto\"><\/div>\n<div dir=\"auto\"><img decoding=\"async\" class=\"an1\" src=\"https:\/\/fonts.gstatic.com\/s\/e\/notoemoji\/14.0\/1f538\/32.png\" alt=\"\ud83d\udd38\" data-emoji=\"\ud83d\udd38\" aria-label=\"\ud83d\udd38\" \/>Invitada especial: Nuestra honorable\u00a0 Reina Nadia Harihir de Francia.<\/div>\n<div dir=\"auto\"><\/div>\n<div dir=\"auto\">Para poder inscribirte\u00a0 y no perderte ni un segundo de este maravilloso encuentro: Click al enlace <img decoding=\"async\" class=\"an1\" src=\"https:\/\/fonts.gstatic.com\/s\/e\/notoemoji\/14.0\/1f447_1f3fb\/32.png\" alt=\"\ud83d\udc47\ud83c\udffb\" data-emoji=\"\ud83d\udc47\ud83c\udffb\" aria-label=\"\ud83d\udc47\ud83c\udffb\" \/> <a href=\"https:\/\/docs.google.com\/forms\/d\/e\/1FAIpQLSdfWzHnH-OliQ8-ViI9aCQ2um8dgu2nskgVmyyT3qfE5M9ijQ\/viewform\" target=\"_blank\" rel=\"noopener\" data-saferedirecturl=\"https:\/\/www.google.com\/url?q=https:\/\/docs.google.com\/forms\/d\/e\/1FAIpQLSdfWzHnH-OliQ8-ViI9aCQ2um8dgu2nskgVmyyT3qfE5M9ijQ\/viewform&amp;source=gmail&amp;ust=1660688742136000&amp;usg=AOvVaw2lQJxvLgccJ-DCfJq_DKZm\">https:\/\/docs.google.com\/forms\/d\/e\/1FAIpQLSdfWzHnH-OliQ8-ViI9aCQ2um8dgu2nskgVmyyT3qfE5M9ijQ\/viewform<\/a><\/div>\n<div dir=\"auto\"><\/div>\n<div dir=\"auto\">A 30 minutos de finalizar el evento, tendremos una sorpresa para t\u00ed, as\u00ed que qu\u00e9date hasta el final.<\/div>\n<\/div>\n<\/div>\n<p>Los l\u00edderes son cada vez m\u00e1s j\u00f3venes, la creatividad y la innovaci\u00f3n de las nuevas generaciones tienen una velocidad exponencial ante el desarrollo de procesos de transformaci\u00f3n y producci\u00f3n.<\/p>\n<p>&nbsp;<\/p>\n","protected":false},"excerpt":{"rendered":"<p>Noti-Am\u00e9rica Rep\u00fablica Dominicana Santo Domingo,RD. &nbsp; El pr\u00f3ximo 19 de Agosto se estar\u00e1 llevando a cabo el Encuentro Online Internacional de L\u00edderes que realizar\u00e1 la Doctora y Mentora Motivacional\u00a0 Yanira Dom\u00ednguez en alianza con&#46;&#46;&#46;<\/p>\n","protected":false},"author":129,"featured_media":18165,"comment_status":"closed","ping_status":"open","sticky":false,"template":"","format":"image","meta":{"_acf_changed":false,"rop_custom_images_group":[],"rop_custom_messages_group":[],"rop_publish_now":"initial","rop_publish_now_accounts":{"facebook_10219548024599422_1632221337088128":"","twitter_242054905_242054905":""},"rop_publish_now_history":[],"rop_publish_now_status":"pending","footnotes":""},"categories":[663,1669],"tags":[],"class_list":["post-18164","post","type-post","status-publish","format-image","has-post-thumbnail","hentry","category-actualidad","category-empresarios","post_format-post-format-image"],"acf":[],"yoast_head":"<!-- This site is optimized with the Yoast SEO Premium plugin v24.9 (Yoast SEO v27.2) - https:\/\/yoast.com\/product\/yoast-seo-premium-wordpress\/ -->\n<title>Encuentro Online Internacional de L\u00edderes - Noti-America.com<\/title>\n<meta name=\"robots\" content=\"index, follow, max-snippet:-1, max-image-preview:large, max-video-preview:-1\" \/>\n<link rel=\"canonical\" href=\"https:\/\/noti-america.com\/site\/principal\/2022\/08\/15\/encuentro-online-internacional-de-lideres\/\" \/>\n<meta property=\"og:locale\" content=\"es_ES\" \/>\n<meta property=\"og:type\" content=\"article\" \/>\n<meta property=\"og:title\" content=\"Encuentro Online Internacional de L\u00edderes\" \/>\n<meta property=\"og:description\" content=\"Noti-Am\u00e9rica Rep\u00fablica Dominicana Santo Domingo,RD. &nbsp; El pr\u00f3ximo 19 de Agosto se estar\u00e1 llevando a cabo el Encuentro Online Internacional de L\u00edderes que realizar\u00e1 la Doctora y Mentora Motivacional\u00a0 Yanira Dom\u00ednguez en alianza con&#046;&#046;&#046;\" \/>\n<meta property=\"og:url\" content=\"https:\/\/noti-america.com\/site\/principal\/2022\/08\/15\/encuentro-online-internacional-de-lideres\/\" \/>\n<meta property=\"og:site_name\" content=\"Noti-America.com\" \/>\n<meta property=\"article:published_time\" content=\"2022-08-15T22:59:30+00:00\" \/>\n<meta property=\"og:image\" content=\"https:\/\/noti-america.com\/site\/principal\/wp-content\/uploads\/sites\/26\/2022\/08\/296013245_748191419725201_6007838891436042304_n.jpg\" \/>\n\t<meta property=\"og:image:width\" content=\"689\" \/>\n\t<meta property=\"og:image:height\" content=\"861\" \/>\n\t<meta property=\"og:image:type\" content=\"image\/jpeg\" \/>\n<meta name=\"author\" content=\"smitchell\" \/>\n<meta name=\"twitter:card\" content=\"summary_large_image\" \/>\n<meta name=\"twitter:label1\" content=\"Escrito por\" \/>\n\t<meta name=\"twitter:data1\" content=\"smitchell\" \/>\n\t<meta name=\"twitter:label2\" content=\"Tiempo estimado de lectura\" \/>\n\t<meta name=\"twitter:data2\" content=\"6 minutos\" \/>\n<script type=\"application\/ld+json\" class=\"yoast-schema-graph\">{\"@context\":\"https:\/\/schema.org\",\"@graph\":[{\"@type\":\"Article\",\"@id\":\"https:\/\/noti-america.com\/site\/principal\/2022\/08\/15\/encuentro-online-internacional-de-lideres\/#article\",\"isPartOf\":{\"@id\":\"https:\/\/noti-america.com\/site\/principal\/2022\/08\/15\/encuentro-online-internacional-de-lideres\/\"},\"author\":{\"name\":\"smitchell\",\"@id\":\"https:\/\/noti-america.com\/site\/principal\/#\/schema\/person\/49914c0bae4aaae23778f0fb68dc3d75\"},\"headline\":\"Encuentro Online Internacional de L\u00edderes\",\"datePublished\":\"2022-08-15T22:59:30+00:00\",\"mainEntityOfPage\":{\"@id\":\"https:\/\/noti-america.com\/site\/principal\/2022\/08\/15\/encuentro-online-internacional-de-lideres\/\"},\"wordCount\":409,\"image\":{\"@id\":\"https:\/\/noti-america.com\/site\/principal\/2022\/08\/15\/encuentro-online-internacional-de-lideres\/#primaryimage\"},\"thumbnailUrl\":\"https:\/\/noti-america.com\/site\/principal\/wp-content\/uploads\/sites\/26\/2022\/08\/296013245_748191419725201_6007838891436042304_n.jpg\",\"articleSection\":[\"Actualidad\",\"Empresarios\"],\"inLanguage\":\"es\"},{\"@type\":\"WebPage\",\"@id\":\"https:\/\/noti-america.com\/site\/principal\/2022\/08\/15\/encuentro-online-internacional-de-lideres\/\",\"url\":\"https:\/\/noti-america.com\/site\/principal\/2022\/08\/15\/encuentro-online-internacional-de-lideres\/\",\"name\":\"Encuentro Online Internacional de L\u00edderes - Noti-America.com\",\"isPartOf\":{\"@id\":\"https:\/\/noti-america.com\/site\/principal\/#website\"},\"primaryImageOfPage\":{\"@id\":\"https:\/\/noti-america.com\/site\/principal\/2022\/08\/15\/encuentro-online-internacional-de-lideres\/#primaryimage\"},\"image\":{\"@id\":\"https:\/\/noti-america.com\/site\/principal\/2022\/08\/15\/encuentro-online-internacional-de-lideres\/#primaryimage\"},\"thumbnailUrl\":\"https:\/\/noti-america.com\/site\/principal\/wp-content\/uploads\/sites\/26\/2022\/08\/296013245_748191419725201_6007838891436042304_n.jpg\",\"datePublished\":\"2022-08-15T22:59:30+00:00\",\"author\":{\"@id\":\"https:\/\/noti-america.com\/site\/principal\/#\/schema\/person\/49914c0bae4aaae23778f0fb68dc3d75\"},\"breadcrumb\":{\"@id\":\"https:\/\/noti-america.com\/site\/principal\/2022\/08\/15\/encuentro-online-internacional-de-lideres\/#breadcrumb\"},\"inLanguage\":\"es\",\"potentialAction\":[{\"@type\":\"ReadAction\",\"target\":[\"https:\/\/noti-america.com\/site\/principal\/2022\/08\/15\/encuentro-online-internacional-de-lideres\/\"]}]},{\"@type\":\"ImageObject\",\"inLanguage\":\"es\",\"@id\":\"https:\/\/noti-america.com\/site\/principal\/2022\/08\/15\/encuentro-online-internacional-de-lideres\/#primaryimage\",\"url\":\"https:\/\/noti-america.com\/site\/principal\/wp-content\/uploads\/sites\/26\/2022\/08\/296013245_748191419725201_6007838891436042304_n.jpg\",\"contentUrl\":\"https:\/\/noti-america.com\/site\/principal\/wp-content\/uploads\/sites\/26\/2022\/08\/296013245_748191419725201_6007838891436042304_n.jpg\",\"width\":689,\"height\":861},{\"@type\":\"BreadcrumbList\",\"@id\":\"https:\/\/noti-america.com\/site\/principal\/2022\/08\/15\/encuentro-online-internacional-de-lideres\/#breadcrumb\",\"itemListElement\":[{\"@type\":\"ListItem\",\"position\":1,\"name\":\"Portada\",\"item\":\"https:\/\/noti-america.com\/site\/principal\/\"},{\"@type\":\"ListItem\",\"position\":2,\"name\":\"Encuentro Online Internacional de L\u00edderes\"}]},{\"@type\":\"WebSite\",\"@id\":\"https:\/\/noti-america.com\/site\/principal\/#website\",\"url\":\"https:\/\/noti-america.com\/site\/principal\/\",\"name\":\"Noti-America.com\",\"description\":\"El Noticiero Digital M\u00e1s Grande de Am\u00e9rica\",\"potentialAction\":[{\"@type\":\"SearchAction\",\"target\":{\"@type\":\"EntryPoint\",\"urlTemplate\":\"https:\/\/noti-america.com\/site\/principal\/?s={search_term_string}\"},\"query-input\":{\"@type\":\"PropertyValueSpecification\",\"valueRequired\":true,\"valueName\":\"search_term_string\"}}],\"inLanguage\":\"es\"},{\"@type\":\"Person\",\"@id\":\"https:\/\/noti-america.com\/site\/principal\/#\/schema\/person\/49914c0bae4aaae23778f0fb68dc3d75\",\"name\":\"smitchell\",\"image\":{\"@type\":\"ImageObject\",\"inLanguage\":\"es\",\"@id\":\"https:\/\/secure.gravatar.com\/avatar\/c18c6f834f0060488b7c3f3067def257a0bfad0791954c77f1474dd3644bdb6f?s=96&d=mm&r=g\",\"url\":\"https:\/\/secure.gravatar.com\/avatar\/c18c6f834f0060488b7c3f3067def257a0bfad0791954c77f1474dd3644bdb6f?s=96&d=mm&r=g\",\"contentUrl\":\"https:\/\/secure.gravatar.com\/avatar\/c18c6f834f0060488b7c3f3067def257a0bfad0791954c77f1474dd3644bdb6f?s=96&d=mm&r=g\",\"caption\":\"smitchell\"},\"url\":\"https:\/\/noti-america.com\/site\/principal\/author\/smitchell\/\"}]}<\/script>\n<!-- \/ Yoast SEO Premium plugin. -->","yoast_head_json":{"title":"Encuentro Online Internacional de L\u00edderes - Noti-America.com","robots":{"index":"index","follow":"follow","max-snippet":"max-snippet:-1","max-image-preview":"max-image-preview:large","max-video-preview":"max-video-preview:-1"},"canonical":"https:\/\/noti-america.com\/site\/principal\/2022\/08\/15\/encuentro-online-internacional-de-lideres\/","og_locale":"es_ES","og_type":"article","og_title":"Encuentro Online Internacional de L\u00edderes","og_description":"Noti-Am\u00e9rica Rep\u00fablica Dominicana Santo Domingo,RD. &nbsp; El pr\u00f3ximo 19 de Agosto se estar\u00e1 llevando a cabo el Encuentro Online Internacional de L\u00edderes que realizar\u00e1 la Doctora y Mentora Motivacional\u00a0 Yanira Dom\u00ednguez en alianza con&#46;&#46;&#46;","og_url":"https:\/\/noti-america.com\/site\/principal\/2022\/08\/15\/encuentro-online-internacional-de-lideres\/","og_site_name":"Noti-America.com","article_published_time":"2022-08-15T22:59:30+00:00","og_image":[{"width":689,"height":861,"url":"https:\/\/noti-america.com\/site\/principal\/wp-content\/uploads\/sites\/26\/2022\/08\/296013245_748191419725201_6007838891436042304_n.jpg","type":"image\/jpeg"}],"author":"smitchell","twitter_card":"summary_large_image","twitter_misc":{"Escrito por":"smitchell","Tiempo estimado de lectura":"6 minutos"},"schema":{"@context":"https:\/\/schema.org","@graph":[{"@type":"Article","@id":"https:\/\/noti-america.com\/site\/principal\/2022\/08\/15\/encuentro-online-internacional-de-lideres\/#article","isPartOf":{"@id":"https:\/\/noti-america.com\/site\/principal\/2022\/08\/15\/encuentro-online-internacional-de-lideres\/"},"author":{"name":"smitchell","@id":"https:\/\/noti-america.com\/site\/principal\/#\/schema\/person\/49914c0bae4aaae23778f0fb68dc3d75"},"headline":"Encuentro Online Internacional de L\u00edderes","datePublished":"2022-08-15T22:59:30+00:00","mainEntityOfPage":{"@id":"https:\/\/noti-america.com\/site\/principal\/2022\/08\/15\/encuentro-online-internacional-de-lideres\/"},"wordCount":409,"image":{"@id":"https:\/\/noti-america.com\/site\/principal\/2022\/08\/15\/encuentro-online-internacional-de-lideres\/#primaryimage"},"thumbnailUrl":"https:\/\/noti-america.com\/site\/principal\/wp-content\/uploads\/sites\/26\/2022\/08\/296013245_748191419725201_6007838891436042304_n.jpg","articleSection":["Actualidad","Empresarios"],"inLanguage":"es"},{"@type":"WebPage","@id":"https:\/\/noti-america.com\/site\/principal\/2022\/08\/15\/encuentro-online-internacional-de-lideres\/","url":"https:\/\/noti-america.com\/site\/principal\/2022\/08\/15\/encuentro-online-internacional-de-lideres\/","name":"Encuentro Online Internacional de L\u00edderes - Noti-America.com","isPartOf":{"@id":"https:\/\/noti-america.com\/site\/principal\/#website"},"primaryImageOfPage":{"@id":"https:\/\/noti-america.com\/site\/principal\/2022\/08\/15\/encuentro-online-internacional-de-lideres\/#primaryimage"},"image":{"@id":"https:\/\/noti-america.com\/site\/principal\/2022\/08\/15\/encuentro-online-internacional-de-lideres\/#primaryimage"},"thumbnailUrl":"https:\/\/noti-america.com\/site\/principal\/wp-content\/uploads\/sites\/26\/2022\/08\/296013245_748191419725201_6007838891436042304_n.jpg","datePublished":"2022-08-15T22:59:30+00:00","author":{"@id":"https:\/\/noti-america.com\/site\/principal\/#\/schema\/person\/49914c0bae4aaae23778f0fb68dc3d75"},"breadcrumb":{"@id":"https:\/\/noti-america.com\/site\/principal\/2022\/08\/15\/encuentro-online-internacional-de-lideres\/#breadcrumb"},"inLanguage":"es","potentialAction":[{"@type":"ReadAction","target":["https:\/\/noti-america.com\/site\/principal\/2022\/08\/15\/encuentro-online-internacional-de-lideres\/"]}]},{"@type":"ImageObject","inLanguage":"es","@id":"https:\/\/noti-america.com\/site\/principal\/2022\/08\/15\/encuentro-online-internacional-de-lideres\/#primaryimage","url":"https:\/\/noti-america.com\/site\/principal\/wp-content\/uploads\/sites\/26\/2022\/08\/296013245_748191419725201_6007838891436042304_n.jpg","contentUrl":"https:\/\/noti-america.com\/site\/principal\/wp-content\/uploads\/sites\/26\/2022\/08\/296013245_748191419725201_6007838891436042304_n.jpg","width":689,"height":861},{"@type":"BreadcrumbList","@id":"https:\/\/noti-america.com\/site\/principal\/2022\/08\/15\/encuentro-online-internacional-de-lideres\/#breadcrumb","itemListElement":[{"@type":"ListItem","position":1,"name":"Portada","item":"https:\/\/noti-america.com\/site\/principal\/"},{"@type":"ListItem","position":2,"name":"Encuentro Online Internacional de L\u00edderes"}]},{"@type":"WebSite","@id":"https:\/\/noti-america.com\/site\/principal\/#website","url":"https:\/\/noti-america.com\/site\/principal\/","name":"Noti-America.com","description":"El Noticiero Digital M\u00e1s Grande de Am\u00e9rica","potentialAction":[{"@type":"SearchAction","target":{"@type":"EntryPoint","urlTemplate":"https:\/\/noti-america.com\/site\/principal\/?s={search_term_string}"},"query-input":{"@type":"PropertyValueSpecification","valueRequired":true,"valueName":"search_term_string"}}],"inLanguage":"es"},{"@type":"Person","@id":"https:\/\/noti-america.com\/site\/principal\/#\/schema\/person\/49914c0bae4aaae23778f0fb68dc3d75","name":"smitchell","image":{"@type":"ImageObject","inLanguage":"es","@id":"https:\/\/secure.gravatar.com\/avatar\/c18c6f834f0060488b7c3f3067def257a0bfad0791954c77f1474dd3644bdb6f?s=96&d=mm&r=g","url":"https:\/\/secure.gravatar.com\/avatar\/c18c6f834f0060488b7c3f3067def257a0bfad0791954c77f1474dd3644bdb6f?s=96&d=mm&r=g","contentUrl":"https:\/\/secure.gravatar.com\/avatar\/c18c6f834f0060488b7c3f3067def257a0bfad0791954c77f1474dd3644bdb6f?s=96&d=mm&r=g","caption":"smitchell"},"url":"https:\/\/noti-america.com\/site\/principal\/author\/smitchell\/"}]}},"_links":{"self":[{"href":"https:\/\/noti-america.com\/site\/principal\/wp-json\/wp\/v2\/posts\/18164","targetHints":{"allow":["GET"]}}],"collection":[{"href":"https:\/\/noti-america.com\/site\/principal\/wp-json\/wp\/v2\/posts"}],"about":[{"href":"https:\/\/noti-america.com\/site\/principal\/wp-json\/wp\/v2\/types\/post"}],"author":[{"embeddable":true,"href":"https:\/\/noti-america.com\/site\/principal\/wp-json\/wp\/v2\/users\/129"}],"replies":[{"embeddable":true,"href":"https:\/\/noti-america.com\/site\/principal\/wp-json\/wp\/v2\/comments?post=18164"}],"version-history":[{"count":1,"href":"https:\/\/noti-america.com\/site\/principal\/wp-json\/wp\/v2\/posts\/18164\/revisions"}],"predecessor-version":[{"id":18184,"href":"https:\/\/noti-america.com\/site\/principal\/wp-json\/wp\/v2\/posts\/18164\/revisions\/18184"}],"wp:featuredmedia":[{"embeddable":true,"href":"https:\/\/noti-america.com\/site\/principal\/wp-json\/wp\/v2\/media\/18165"}],"wp:attachment":[{"href":"https:\/\/noti-america.com\/site\/principal\/wp-json\/wp\/v2\/media?parent=18164"}],"wp:term":[{"taxonomy":"category","embeddable":true,"href":"https:\/\/noti-america.com\/site\/principal\/wp-json\/wp\/v2\/categories?post=18164"},{"taxonomy":"post_tag","embeddable":true,"href":"https:\/\/noti-america.com\/site\/principal\/wp-json\/wp\/v2\/tags?post=18164"}],"curies":[{"name":"wp","href":"https:\/\/api.w.org\/{rel}","templated":true}]}}