{"id":17694,"date":"2022-08-01T15:23:19","date_gmt":"2022-08-01T19:23:19","guid":{"rendered":"https:\/\/noti-america.com\/site\/principal\/?p=17694"},"modified":"2022-08-01T15:23:19","modified_gmt":"2022-08-01T19:23:19","slug":"alrededor-de-500-familias-afectadas-tras-fuertes-lluvias-en-bolivar","status":"publish","type":"post","link":"https:\/\/noti-america.com\/site\/principal\/2022\/08\/01\/alrededor-de-500-familias-afectadas-tras-fuertes-lluvias-en-bolivar\/","title":{"rendered":"Alrededor de 500 familias afectadas tras fuertes lluvias en Bol\u00edvar"},"content":{"rendered":"<p style=\"text-align: justify\">NOTI-AMERICA.COM | VENEZUELA \u2013 A causa de las fuertes precipitaciones y crecida del R\u00edo Uair\u00e9n, al menos de 500 familias est\u00e1n damnificadas en la poblaci\u00f3n fronteriza de Santa Elena de Uair\u00e9n, en el estado Bol\u00edvar.<\/p>\n<p style=\"text-align: justify\">La informaci\u00f3n la dio a conocer el Comandante de la Zona Operativa de Defensa Integral N\u00b0 62 Bol\u00edvar, G\/D Julmer Rafael Ochoa Romero, quien agreg\u00f3 que en uni\u00f3n c\u00edvico-militar se desplegaron en los diferentes sectores y coordinan con el\u00a0gobierno regional, el env\u00edo de insumos m\u00e9dicos y alimentos para la atenci\u00f3n de las personas afectadas.<\/p>\n<p class=\"has-text-align-justify\" style=\"text-align: justify\">Entre los sectores que se reportaron bajo las aguas se encuentran Casco Central, Brisas del Sampay, Brisas de Dios, El Ca\u00f1o Amarillo A y B, el Valle de Guayabal, El Nazareno, El Salto, Cielo Azul, Los Pinos, La Constituyente y Brice\u00f1o.<\/p>\n<p class=\"has-text-align-justify\" style=\"text-align: justify\">El gobernador del estado Bol\u00edvar, \u00c1ngel\u00a0Marcano inform\u00f3 que se realizaron inspecciones en la zona. Igualmente, destac\u00f3 en su cuenta en Twitter que se encuentran en la b\u00fasqueda de soluciones para los habitantes de Santa Elena, ante esta situaci\u00f3n producto de las fuertes precipitaciones. El alcalde, Manuel Valez indic\u00f3 que es primera vez que ocurre una situaci\u00f3n como esta en la localidad situada al sur de Bol\u00edvar.<\/p>\n<figure class=\"wp-block-embed aligncenter is-type-rich is-provider-twitter wp-block-embed-twitter\">\n<div class=\"wp-block-embed__wrapper\" style=\"text-align: justify\">\n<p class=\"has-text-align-justify\">Asimismo, inform\u00f3 que est\u00e1n habilitados como albergues el hospital Rosario Vera Zurita, el CDI de Santa Elena de Uair\u00e9n, adem\u00e1s de las escuelas, iglesia y la sede de la Fundaci\u00f3n del Ni\u00f1o, refieren medios regionales.<\/p>\n<\/div>\n<p style=\"text-align: justify\">\n<p><strong>Fuente:ultimasNoticias\u00a0<\/strong><\/figure>\n","protected":false},"excerpt":{"rendered":"<p>NOTI-AMERICA.COM | VENEZUELA \u2013 A causa de las fuertes precipitaciones y crecida del R\u00edo Uair\u00e9n, al menos de 500 familias est\u00e1n damnificadas en la poblaci\u00f3n fronteriza de Santa Elena de Uair\u00e9n, en el estado&#46;&#46;&#46;<\/p>\n","protected":false},"author":133,"featured_media":17695,"comment_status":"","ping_status":"open","sticky":false,"template":"","format":"image","meta":{"_acf_changed":false,"rop_custom_images_group":[],"rop_custom_messages_group":[],"rop_publish_now":"initial","rop_publish_now_accounts":{"facebook_10219548024599422_1632221337088128":"","twitter_242054905_242054905":""},"rop_publish_now_history":[],"rop_publish_now_status":"pending","footnotes":""},"categories":[886,674,100],"tags":[],"class_list":["post-17694","post","type-post","status-publish","format-image","has-post-thumbnail","hentry","category-acturalidad","category-nacionales","category-venezuela","post_format-post-format-image"],"acf":[],"yoast_head":"<!-- This site is optimized with the Yoast SEO Premium plugin v24.9 (Yoast SEO v27.2) - https:\/\/yoast.com\/product\/yoast-seo-premium-wordpress\/ -->\n<title>Alrededor de 500 familias afectadas tras fuertes lluvias en Bol\u00edvar - Noti-America.com<\/title>\n<meta name=\"robots\" content=\"index, follow, max-snippet:-1, max-image-preview:large, max-video-preview:-1\" \/>\n<link rel=\"canonical\" href=\"https:\/\/noti-america.com\/site\/principal\/2022\/08\/01\/alrededor-de-500-familias-afectadas-tras-fuertes-lluvias-en-bolivar\/\" \/>\n<meta property=\"og:locale\" content=\"es_ES\" \/>\n<meta property=\"og:type\" content=\"article\" \/>\n<meta property=\"og:title\" content=\"Alrededor de 500 familias afectadas tras fuertes lluvias en Bol\u00edvar\" \/>\n<meta property=\"og:description\" content=\"NOTI-AMERICA.COM | VENEZUELA \u2013 A causa de las fuertes precipitaciones y crecida del R\u00edo Uair\u00e9n, al menos de 500 familias est\u00e1n damnificadas en la poblaci\u00f3n fronteriza de Santa Elena de Uair\u00e9n, en el estado&#046;&#046;&#046;\" \/>\n<meta property=\"og:url\" content=\"https:\/\/noti-america.com\/site\/principal\/2022\/08\/01\/alrededor-de-500-familias-afectadas-tras-fuertes-lluvias-en-bolivar\/\" \/>\n<meta property=\"og:site_name\" content=\"Noti-America.com\" \/>\n<meta property=\"article:author\" content=\"Mar\u00eda Valentina Noguera\" \/>\n<meta property=\"article:published_time\" content=\"2022-08-01T19:23:19+00:00\" \/>\n<meta property=\"og:image\" content=\"https:\/\/noti-america.com\/site\/principal\/wp-content\/uploads\/sites\/26\/2022\/08\/Rio-Uairen-5-1024x682-1.jpeg\" \/>\n\t<meta property=\"og:image:width\" content=\"1024\" \/>\n\t<meta property=\"og:image:height\" content=\"682\" \/>\n\t<meta property=\"og:image:type\" content=\"image\/jpeg\" \/>\n<meta name=\"author\" content=\"Maria Valentina Noguera Medina\" \/>\n<meta name=\"twitter:card\" content=\"summary_large_image\" \/>\n<meta name=\"twitter:label1\" content=\"Escrito por\" \/>\n\t<meta name=\"twitter:data1\" content=\"Maria Valentina Noguera Medina\" \/>\n\t<meta name=\"twitter:label2\" content=\"Tiempo estimado de lectura\" \/>\n\t<meta name=\"twitter:data2\" content=\"2 minutos\" \/>\n<script type=\"application\/ld+json\" class=\"yoast-schema-graph\">{\"@context\":\"https:\/\/schema.org\",\"@graph\":[{\"@type\":\"Article\",\"@id\":\"https:\/\/noti-america.com\/site\/principal\/2022\/08\/01\/alrededor-de-500-familias-afectadas-tras-fuertes-lluvias-en-bolivar\/#article\",\"isPartOf\":{\"@id\":\"https:\/\/noti-america.com\/site\/principal\/2022\/08\/01\/alrededor-de-500-familias-afectadas-tras-fuertes-lluvias-en-bolivar\/\"},\"author\":{\"name\":\"Maria Valentina Noguera Medina\",\"@id\":\"https:\/\/noti-america.com\/site\/principal\/#\/schema\/person\/22806efcc2cfc4b45efb0e17be210ea8\"},\"headline\":\"Alrededor de 500 familias afectadas tras fuertes lluvias en Bol\u00edvar\",\"datePublished\":\"2022-08-01T19:23:19+00:00\",\"mainEntityOfPage\":{\"@id\":\"https:\/\/noti-america.com\/site\/principal\/2022\/08\/01\/alrededor-de-500-familias-afectadas-tras-fuertes-lluvias-en-bolivar\/\"},\"wordCount\":268,\"image\":{\"@id\":\"https:\/\/noti-america.com\/site\/principal\/2022\/08\/01\/alrededor-de-500-familias-afectadas-tras-fuertes-lluvias-en-bolivar\/#primaryimage\"},\"thumbnailUrl\":\"https:\/\/noti-america.com\/site\/principal\/wp-content\/uploads\/sites\/26\/2022\/08\/Rio-Uairen-5-1024x682-1.jpeg\",\"articleSection\":[\"Actualidad\",\"Nacionales\",\"Venezuela\"],\"inLanguage\":\"es\"},{\"@type\":\"WebPage\",\"@id\":\"https:\/\/noti-america.com\/site\/principal\/2022\/08\/01\/alrededor-de-500-familias-afectadas-tras-fuertes-lluvias-en-bolivar\/\",\"url\":\"https:\/\/noti-america.com\/site\/principal\/2022\/08\/01\/alrededor-de-500-familias-afectadas-tras-fuertes-lluvias-en-bolivar\/\",\"name\":\"Alrededor de 500 familias afectadas tras fuertes lluvias en Bol\u00edvar - Noti-America.com\",\"isPartOf\":{\"@id\":\"https:\/\/noti-america.com\/site\/principal\/#website\"},\"primaryImageOfPage\":{\"@id\":\"https:\/\/noti-america.com\/site\/principal\/2022\/08\/01\/alrededor-de-500-familias-afectadas-tras-fuertes-lluvias-en-bolivar\/#primaryimage\"},\"image\":{\"@id\":\"https:\/\/noti-america.com\/site\/principal\/2022\/08\/01\/alrededor-de-500-familias-afectadas-tras-fuertes-lluvias-en-bolivar\/#primaryimage\"},\"thumbnailUrl\":\"https:\/\/noti-america.com\/site\/principal\/wp-content\/uploads\/sites\/26\/2022\/08\/Rio-Uairen-5-1024x682-1.jpeg\",\"datePublished\":\"2022-08-01T19:23:19+00:00\",\"author\":{\"@id\":\"https:\/\/noti-america.com\/site\/principal\/#\/schema\/person\/22806efcc2cfc4b45efb0e17be210ea8\"},\"breadcrumb\":{\"@id\":\"https:\/\/noti-america.com\/site\/principal\/2022\/08\/01\/alrededor-de-500-familias-afectadas-tras-fuertes-lluvias-en-bolivar\/#breadcrumb\"},\"inLanguage\":\"es\",\"potentialAction\":[{\"@type\":\"ReadAction\",\"target\":[\"https:\/\/noti-america.com\/site\/principal\/2022\/08\/01\/alrededor-de-500-familias-afectadas-tras-fuertes-lluvias-en-bolivar\/\"]}]},{\"@type\":\"ImageObject\",\"inLanguage\":\"es\",\"@id\":\"https:\/\/noti-america.com\/site\/principal\/2022\/08\/01\/alrededor-de-500-familias-afectadas-tras-fuertes-lluvias-en-bolivar\/#primaryimage\",\"url\":\"https:\/\/noti-america.com\/site\/principal\/wp-content\/uploads\/sites\/26\/2022\/08\/Rio-Uairen-5-1024x682-1.jpeg\",\"contentUrl\":\"https:\/\/noti-america.com\/site\/principal\/wp-content\/uploads\/sites\/26\/2022\/08\/Rio-Uairen-5-1024x682-1.jpeg\",\"width\":1024,\"height\":682},{\"@type\":\"BreadcrumbList\",\"@id\":\"https:\/\/noti-america.com\/site\/principal\/2022\/08\/01\/alrededor-de-500-familias-afectadas-tras-fuertes-lluvias-en-bolivar\/#breadcrumb\",\"itemListElement\":[{\"@type\":\"ListItem\",\"position\":1,\"name\":\"Portada\",\"item\":\"https:\/\/noti-america.com\/site\/principal\/\"},{\"@type\":\"ListItem\",\"position\":2,\"name\":\"Alrededor de 500 familias afectadas tras fuertes lluvias en Bol\u00edvar\"}]},{\"@type\":\"WebSite\",\"@id\":\"https:\/\/noti-america.com\/site\/principal\/#website\",\"url\":\"https:\/\/noti-america.com\/site\/principal\/\",\"name\":\"Noti-America.com\",\"description\":\"El Noticiero Digital M\u00e1s Grande de Am\u00e9rica\",\"potentialAction\":[{\"@type\":\"SearchAction\",\"target\":{\"@type\":\"EntryPoint\",\"urlTemplate\":\"https:\/\/noti-america.com\/site\/principal\/?s={search_term_string}\"},\"query-input\":{\"@type\":\"PropertyValueSpecification\",\"valueRequired\":true,\"valueName\":\"search_term_string\"}}],\"inLanguage\":\"es\"},{\"@type\":\"Person\",\"@id\":\"https:\/\/noti-america.com\/site\/principal\/#\/schema\/person\/22806efcc2cfc4b45efb0e17be210ea8\",\"name\":\"Maria Valentina Noguera Medina\",\"image\":{\"@type\":\"ImageObject\",\"inLanguage\":\"es\",\"@id\":\"https:\/\/secure.gravatar.com\/avatar\/4ec5eb9d099f2608a49c9df6f7341f66f04f819cdffa09d56a7a0e91d2819d56?s=96&d=mm&r=g\",\"url\":\"https:\/\/secure.gravatar.com\/avatar\/4ec5eb9d099f2608a49c9df6f7341f66f04f819cdffa09d56a7a0e91d2819d56?s=96&d=mm&r=g\",\"contentUrl\":\"https:\/\/secure.gravatar.com\/avatar\/4ec5eb9d099f2608a49c9df6f7341f66f04f819cdffa09d56a7a0e91d2819d56?s=96&d=mm&r=g\",\"caption\":\"Maria Valentina Noguera Medina\"},\"description\":\"Periodista - noti-america - Promar Community Manager - Talento Plus Dise\u00f1adora\/ creadora de contenido...\",\"sameAs\":[\"Mar\u00eda Valentina Noguera\",\"https:\/\/www.facebook.com\/mariavalentina.noguera\",\"https:\/\/www.linkedin.com\/in\/mara-valentina-noguera-medina-373075165\/\",\"https:\/\/www.pinterest.es\/valentinanoguera95\/\",\"https:\/\/www.youtube.com\/channel\/UCdek6mbUZ-Tqqw0I63i4nmQ\"],\"url\":\"https:\/\/noti-america.com\/site\/principal\/author\/mnoguera\/\"}]}<\/script>\n<!-- \/ Yoast SEO Premium plugin. -->","yoast_head_json":{"title":"Alrededor de 500 familias afectadas tras fuertes lluvias en Bol\u00edvar - Noti-America.com","robots":{"index":"index","follow":"follow","max-snippet":"max-snippet:-1","max-image-preview":"max-image-preview:large","max-video-preview":"max-video-preview:-1"},"canonical":"https:\/\/noti-america.com\/site\/principal\/2022\/08\/01\/alrededor-de-500-familias-afectadas-tras-fuertes-lluvias-en-bolivar\/","og_locale":"es_ES","og_type":"article","og_title":"Alrededor de 500 familias afectadas tras fuertes lluvias en Bol\u00edvar","og_description":"NOTI-AMERICA.COM | VENEZUELA \u2013 A causa de las fuertes precipitaciones y crecida del R\u00edo Uair\u00e9n, al menos de 500 familias est\u00e1n damnificadas en la poblaci\u00f3n fronteriza de Santa Elena de Uair\u00e9n, en el estado&#46;&#46;&#46;","og_url":"https:\/\/noti-america.com\/site\/principal\/2022\/08\/01\/alrededor-de-500-familias-afectadas-tras-fuertes-lluvias-en-bolivar\/","og_site_name":"Noti-America.com","article_author":"Mar\u00eda Valentina Noguera","article_published_time":"2022-08-01T19:23:19+00:00","og_image":[{"width":1024,"height":682,"url":"https:\/\/noti-america.com\/site\/principal\/wp-content\/uploads\/sites\/26\/2022\/08\/Rio-Uairen-5-1024x682-1.jpeg","type":"image\/jpeg"}],"author":"Maria Valentina Noguera Medina","twitter_card":"summary_large_image","twitter_misc":{"Escrito por":"Maria Valentina Noguera Medina","Tiempo estimado de lectura":"2 minutos"},"schema":{"@context":"https:\/\/schema.org","@graph":[{"@type":"Article","@id":"https:\/\/noti-america.com\/site\/principal\/2022\/08\/01\/alrededor-de-500-familias-afectadas-tras-fuertes-lluvias-en-bolivar\/#article","isPartOf":{"@id":"https:\/\/noti-america.com\/site\/principal\/2022\/08\/01\/alrededor-de-500-familias-afectadas-tras-fuertes-lluvias-en-bolivar\/"},"author":{"name":"Maria Valentina Noguera Medina","@id":"https:\/\/noti-america.com\/site\/principal\/#\/schema\/person\/22806efcc2cfc4b45efb0e17be210ea8"},"headline":"Alrededor de 500 familias afectadas tras fuertes lluvias en Bol\u00edvar","datePublished":"2022-08-01T19:23:19+00:00","mainEntityOfPage":{"@id":"https:\/\/noti-america.com\/site\/principal\/2022\/08\/01\/alrededor-de-500-familias-afectadas-tras-fuertes-lluvias-en-bolivar\/"},"wordCount":268,"image":{"@id":"https:\/\/noti-america.com\/site\/principal\/2022\/08\/01\/alrededor-de-500-familias-afectadas-tras-fuertes-lluvias-en-bolivar\/#primaryimage"},"thumbnailUrl":"https:\/\/noti-america.com\/site\/principal\/wp-content\/uploads\/sites\/26\/2022\/08\/Rio-Uairen-5-1024x682-1.jpeg","articleSection":["Actualidad","Nacionales","Venezuela"],"inLanguage":"es"},{"@type":"WebPage","@id":"https:\/\/noti-america.com\/site\/principal\/2022\/08\/01\/alrededor-de-500-familias-afectadas-tras-fuertes-lluvias-en-bolivar\/","url":"https:\/\/noti-america.com\/site\/principal\/2022\/08\/01\/alrededor-de-500-familias-afectadas-tras-fuertes-lluvias-en-bolivar\/","name":"Alrededor de 500 familias afectadas tras fuertes lluvias en Bol\u00edvar - Noti-America.com","isPartOf":{"@id":"https:\/\/noti-america.com\/site\/principal\/#website"},"primaryImageOfPage":{"@id":"https:\/\/noti-america.com\/site\/principal\/2022\/08\/01\/alrededor-de-500-familias-afectadas-tras-fuertes-lluvias-en-bolivar\/#primaryimage"},"image":{"@id":"https:\/\/noti-america.com\/site\/principal\/2022\/08\/01\/alrededor-de-500-familias-afectadas-tras-fuertes-lluvias-en-bolivar\/#primaryimage"},"thumbnailUrl":"https:\/\/noti-america.com\/site\/principal\/wp-content\/uploads\/sites\/26\/2022\/08\/Rio-Uairen-5-1024x682-1.jpeg","datePublished":"2022-08-01T19:23:19+00:00","author":{"@id":"https:\/\/noti-america.com\/site\/principal\/#\/schema\/person\/22806efcc2cfc4b45efb0e17be210ea8"},"breadcrumb":{"@id":"https:\/\/noti-america.com\/site\/principal\/2022\/08\/01\/alrededor-de-500-familias-afectadas-tras-fuertes-lluvias-en-bolivar\/#breadcrumb"},"inLanguage":"es","potentialAction":[{"@type":"ReadAction","target":["https:\/\/noti-america.com\/site\/principal\/2022\/08\/01\/alrededor-de-500-familias-afectadas-tras-fuertes-lluvias-en-bolivar\/"]}]},{"@type":"ImageObject","inLanguage":"es","@id":"https:\/\/noti-america.com\/site\/principal\/2022\/08\/01\/alrededor-de-500-familias-afectadas-tras-fuertes-lluvias-en-bolivar\/#primaryimage","url":"https:\/\/noti-america.com\/site\/principal\/wp-content\/uploads\/sites\/26\/2022\/08\/Rio-Uairen-5-1024x682-1.jpeg","contentUrl":"https:\/\/noti-america.com\/site\/principal\/wp-content\/uploads\/sites\/26\/2022\/08\/Rio-Uairen-5-1024x682-1.jpeg","width":1024,"height":682},{"@type":"BreadcrumbList","@id":"https:\/\/noti-america.com\/site\/principal\/2022\/08\/01\/alrededor-de-500-familias-afectadas-tras-fuertes-lluvias-en-bolivar\/#breadcrumb","itemListElement":[{"@type":"ListItem","position":1,"name":"Portada","item":"https:\/\/noti-america.com\/site\/principal\/"},{"@type":"ListItem","position":2,"name":"Alrededor de 500 familias afectadas tras fuertes lluvias en Bol\u00edvar"}]},{"@type":"WebSite","@id":"https:\/\/noti-america.com\/site\/principal\/#website","url":"https:\/\/noti-america.com\/site\/principal\/","name":"Noti-America.com","description":"El Noticiero Digital M\u00e1s Grande de Am\u00e9rica","potentialAction":[{"@type":"SearchAction","target":{"@type":"EntryPoint","urlTemplate":"https:\/\/noti-america.com\/site\/principal\/?s={search_term_string}"},"query-input":{"@type":"PropertyValueSpecification","valueRequired":true,"valueName":"search_term_string"}}],"inLanguage":"es"},{"@type":"Person","@id":"https:\/\/noti-america.com\/site\/principal\/#\/schema\/person\/22806efcc2cfc4b45efb0e17be210ea8","name":"Maria Valentina Noguera Medina","image":{"@type":"ImageObject","inLanguage":"es","@id":"https:\/\/secure.gravatar.com\/avatar\/4ec5eb9d099f2608a49c9df6f7341f66f04f819cdffa09d56a7a0e91d2819d56?s=96&d=mm&r=g","url":"https:\/\/secure.gravatar.com\/avatar\/4ec5eb9d099f2608a49c9df6f7341f66f04f819cdffa09d56a7a0e91d2819d56?s=96&d=mm&r=g","contentUrl":"https:\/\/secure.gravatar.com\/avatar\/4ec5eb9d099f2608a49c9df6f7341f66f04f819cdffa09d56a7a0e91d2819d56?s=96&d=mm&r=g","caption":"Maria Valentina Noguera Medina"},"description":"Periodista - noti-america - Promar Community Manager - Talento Plus Dise\u00f1adora\/ creadora de contenido...","sameAs":["Mar\u00eda Valentina Noguera","https:\/\/www.facebook.com\/mariavalentina.noguera","https:\/\/www.linkedin.com\/in\/mara-valentina-noguera-medina-373075165\/","https:\/\/www.pinterest.es\/valentinanoguera95\/","https:\/\/www.youtube.com\/channel\/UCdek6mbUZ-Tqqw0I63i4nmQ"],"url":"https:\/\/noti-america.com\/site\/principal\/author\/mnoguera\/"}]}},"_links":{"self":[{"href":"https:\/\/noti-america.com\/site\/principal\/wp-json\/wp\/v2\/posts\/17694","targetHints":{"allow":["GET"]}}],"collection":[{"href":"https:\/\/noti-america.com\/site\/principal\/wp-json\/wp\/v2\/posts"}],"about":[{"href":"https:\/\/noti-america.com\/site\/principal\/wp-json\/wp\/v2\/types\/post"}],"author":[{"embeddable":true,"href":"https:\/\/noti-america.com\/site\/principal\/wp-json\/wp\/v2\/users\/133"}],"replies":[{"embeddable":true,"href":"https:\/\/noti-america.com\/site\/principal\/wp-json\/wp\/v2\/comments?post=17694"}],"version-history":[{"count":0,"href":"https:\/\/noti-america.com\/site\/principal\/wp-json\/wp\/v2\/posts\/17694\/revisions"}],"wp:featuredmedia":[{"embeddable":true,"href":"https:\/\/noti-america.com\/site\/principal\/wp-json\/wp\/v2\/media\/17695"}],"wp:attachment":[{"href":"https:\/\/noti-america.com\/site\/principal\/wp-json\/wp\/v2\/media?parent=17694"}],"wp:term":[{"taxonomy":"category","embeddable":true,"href":"https:\/\/noti-america.com\/site\/principal\/wp-json\/wp\/v2\/categories?post=17694"},{"taxonomy":"post_tag","embeddable":true,"href":"https:\/\/noti-america.com\/site\/principal\/wp-json\/wp\/v2\/tags?post=17694"}],"curies":[{"name":"wp","href":"https:\/\/api.w.org\/{rel}","templated":true}]}}