{"id":17639,"date":"2022-07-31T09:13:05","date_gmt":"2022-07-31T13:13:05","guid":{"rendered":"https:\/\/noti-america.com\/site\/principal\/?p=17639"},"modified":"2022-07-31T09:13:05","modified_gmt":"2022-07-31T13:13:05","slug":"la-universidad-no-muere-ni-morira-por-marlon-s-jimenez-garcia","status":"publish","type":"post","link":"https:\/\/noti-america.com\/site\/principal\/2022\/07\/31\/la-universidad-no-muere-ni-morira-por-marlon-s-jimenez-garcia\/","title":{"rendered":"LA UNIVERSIDAD NO MUERE, NI MORIR\u00c1\u00a0Por: Marlon S Jim\u00e9nez Garc\u00eda\u00a0"},"content":{"rendered":"<p>NOTI-AMERICA.COM | VENEZUELA<\/p>\n<h1 style=\"text-align: center;\"><strong>LA UNIVERSIDAD NO MUERE, NI MORIR\u00c1\u00a0\u00a0\u00a0\u00a0\u00a0 <\/strong><strong>\u00a0\u00a0\u00a0\u00a0\u00a0\u00a0\u00a0\u00a0<\/strong><\/h1>\n<h1 style=\"text-align: center;\">Por: Marlon S Jim\u00e9nez Garc\u00eda<\/h1>\n<p>No hay fuerza humana ni ideol\u00f3gica que pueda acallar la fuerza de la academia, de la investigaci\u00f3n, de la ciencia y la autonom\u00eda de acci\u00f3n de las universidades del pa\u00eds, especialmente de nuestra amada L.U.Z. La dificultad de las universidades aut\u00f3nomas ha sido la confrontaci\u00f3n entre la mentalidad militar autocr\u00e1tica (El USURPADOR Procubano se mantiene en el poder gracias a ellos, a cambio de actividades delictivas e impunidad) \u00a0y la academia; los militares y el r\u00e9gimen son profundamente anti intelectuales, y su conjunci\u00f3n, en el caso venezolano, con el comunismo y fascismo se convierte en un coctel mortal para destruir.<\/p>\n<p>Desde 1958 hasta 1998 las universidades aut\u00f3nomas vivieron un momento estelar en la sociedad venezolana; <strong>la democracia<\/strong> desarrollada en ese per\u00edodo de tiempo coadyuv\u00f3 con la universidad para que \u00e9stas se convirtieran en las paladines del desarrollo\u00a0estructural\u00a0del pa\u00eds, y de\u00a0hecho, en la\u00a0consolidaci\u00f3n\u00a0de la clase media venezolana, como una de las mejores del mundo, En ellas, la pluralidad pol\u00edtica y la confrontaci\u00f3n ideol\u00f3gica no soslay\u00f3 su fortaleza institucional; por el contrario, permiti\u00f3 su inalienable misi\u00f3n en desarrollar la academia, la investigaci\u00f3n, la extensi\u00f3n, en un ambiente de plenitud democr\u00e1tica; y la autonom\u00eda funcional y administrativa siempre tuvo el respeto del Estado constituido y jam\u00e1s se le restringi\u00f3 su presupuesto para tales fines.<\/p>\n<p>Los civiles, comunistas y fascistas, que est\u00e1n desde la llegada de la \u201cmalvada\u201d Revoluci\u00f3n del Siglo XXI, en el poder pol\u00edtico, a quienes se les llamaba con el t\u00e9rmino de \u201c\u00f1\u00e1ngaras\u201d; en su vida como dirigentes universitarios, defend\u00edan de los gobiernos de\u00a0turno, hasta con su vida, la autonom\u00eda universitaria; llegaron a ser profesores, empleados, obreros y en esa misma din\u00e1mica participativa con libertad, se constituyeron en tiempo y espacio en dirigentes gremiales, y obviamente, lograron el control de las mismas siendo: Rectores, Vicerrectores, Secretarios, Decanos, Directores, Miembros de los Consejos Universitarios, de Facultad, de Escuela, de los gremios y asociaciones sindicales de todos sus trabajadores, y en gran medida con los movimientos estudiantiles dirigieron las federaciones y centros de estudiantes de las universidades y tambi\u00e9n en el co-gobierno universitario y paremos\u00a0 de contar, el poder casi\u00a0absoluto\u00a0que llegaron a tener.<\/p>\n<p>A pesar de la preeminencia de los \u201c\u00f1\u00e1ngaras\u201d en el poder de las universidades, la pluralidad pol\u00edtica siempre fue aut\u00e9ntica<strong> \u00a1no le permitimos otra cosa!<\/strong> jam\u00e1s se pretendi\u00f3 modificar lo que\u00a0constitucionalmente\u00a0estaba taxativamente expuesto para el funcionamiento universitario, y los gobiernos nunca le negaron los recursos para su funcionamiento. Los sueldos de los universitarios en los a\u00f1os 70, 80 y 90 (entre 1200 y 3000 $) eran de los mejores del\u00a0continente, sino el mejor.<\/p>\n<p>Con la llegada del \u201cara\u00f1ero de sabaneta\u201d -donde se dio a conocer por un \u201cGolpe de Estado\u201d asesinando civiles y militares para derrocar a un Presidente democr\u00e1tico las cosas comenzaron a cambiar; a este Sr. no le gust\u00f3 la Universidad libre, aut\u00f3noma, democr\u00e1tica, plural y potestativa, \u00e9l no conoci\u00f3 la universidad, fue un militar decadente y tenebroso, de los llamados <strong>\u201cmala conducta\u201d.<\/strong> Comienza, como t\u00e1ctica ideol\u00f3gica (bajo el asesoramiento de los cubanos, sin duda), el ataque frontal a sus dirigentes; los gremios (FAPUV, otros) est\u00e1n casi aniquilados; la reducci\u00f3n o ahogo presupuestario para que pierdan su\u00a0esencia\u00a0filos\u00f3fica de gesti\u00f3n; los sueldos pasan a ser de hambre, miserables en toda su dimensi\u00f3n, sin importar los sacrificios realizados por aquellos hombres y mujeres que han llegado para formar las nuevas generaciones, es decir, el difunto no quiso nunca la libertad de pensamiento, sino la ubicuidad mental en lo ideol\u00f3gico.<\/p>\n<p>El USURPADOR Procubano, (pero con m\u00e1s fuerza de penetraci\u00f3n de decisiones por los cubanos, a los cuales obedece obsesivamente), sigue los\u00a0pasos de su predecesor,\u00a0con el respaldo de los \u201c\u00f1\u00e1ngaras\u201d, esos, que usufructuaron la universidad aut\u00f3noma de otrora, y que hoy son sus enemigos viscerales de aquella donde se formaron, que les dio la oportunidad de supervivencia y de calidad de vida para ellos y su familia. Del USURPADOR, no podemos esperar una posici\u00f3n contraria por razones obvias; \u00e9l no conoce la universidad, nunca fue a ella, no sabe lo que es esa manera de hacer pol\u00edtica, donde \u201cel otro no es un enemigo, sino un divergente de pensamiento y que ambos son la totalidad\u201d. El USURPADOR Procubano, definitivamente \u201codia\u201d a la universidad y a quienes la defienden; esa inmensidad de hombres y mujeres que entregaron su vida, y la siguen entregando por hacer de Venezuela un pa\u00eds de primer mundo; donde el talento brille por doquier y la Universidad sea el pilar \u00fatil y necesario para el desarrollo integral de la sociedad.<\/p>\n<p>El USURPADOR, se QUIT\u00d3 la careta; los universitarios somos un obst\u00e1culo para el control social y pol\u00edtico y, por lo tanto, hay que \u201cexterminarlos\u201d de la faz de la geograf\u00eda nacional y la mejor manera es acentuar su miseria, atacando su salario y sus beneficios socio- econ\u00f3micos. Como ESTOCADA FINAL, despu\u00e9s de acabar con toda la esencia de beneficios adquiridos con su talento, para el desarrollo f\u00edsico y espiritual de su n\u00facleo familiar durante toda la mal llamada IV rep\u00fablica, traspas\u00f3 al MONEDERO PATRIA, el irrisorio salario devengado, con la p\u00e9rdida autom\u00e1tica de sus derechos laborales; como una manera de deshacerse de ellos de manera definitiva del presupuesto nacional y para desmoralizarlo. Todos, activos y jubilados pasamos a ser, para los comunistas y fascistas en el poder \u201cpiltrafas humanas\u201d. Y para dar el puntillazo nombr\u00f3 a la TRACALERA (as\u00ed la conocemos los venezolanos, sus abusos son irreversibles) TIBISAY LUCENA como <strong>ministra<\/strong> de Educaci\u00f3n Universitaria; una mujer harta conocida, inescrupulosa e ineficiente, resentida social y alienada comunista, inmoral y con mucho amor por los \u201cverdes\u201d (no son los copeyanos ni los ambientalistas, por cierto), de ser residente de Catia, hoy vive en el \u00a0Caracas Country Club, A ella se le orden\u00f3, para que sacara de \u201ccuidados intensivos\u201d en donde se encuentra la Universidad Venezolana, y \u201cmuriera\u201d en su agon\u00eda integral que la acogota; inmediatamente, a \u00e9ste esp\u00e9cimen se le ocurri\u00f3 \u201cla brillante idea\u201d de NO PAGARLE el Bono Vacacional ni el Bono Recreacional a sus trabajadores y terminarlos de desmoralizar y los que a\u00fan quedan en el pa\u00eds, tomen las fronteras en estampida y no regresen m\u00e1s nunca. Si esto hubiese ocurrido en la IV rep\u00fablica, <strong>hoy, VENEZUELA sucumbir\u00eda bajo las llamas producidas por los \u00f1\u00e1ngaras.<\/strong><\/p>\n<p>Sin embargo, el USURPADOR no conoce, por razones obvias, de lo que somos capaces los universitarios. En esta hora de mengua, estamos y estaremos, \u201cper secula seculorum\u201d, en pie de lucha; defenderemos la autonom\u00eda de la universidad, defenderemos con el alma nuestros derechos laborales, NO ACEPTAREMOS su muerte o una \u201cintervenci\u00f3n ideol\u00f3gica\u201d bajo ning\u00fan concepto. Si siguen con ese\u00a0cuento, se va a levantar, \u00a1no lo duden! un \u00a8monstruo\u00a8 de impredecibles consecuencias, no solo en el \u00e1mbito pol\u00edtico, sino en lo\u00a0estructural. A la Universidad, nunca, la pondr\u00e1n de rodillas. Se lo juro. <strong>LA UNIVERSIDAD NO MUERE, NI MORIR\u00c1, LOS QUE DICEN QUE MURI\u00d3, DEJARON DE SER UNIVERSITARIOS YA\u2026.<\/strong><\/p>\n<p>Profesor Universitario<\/p>\n<p><a href=\"mailto:Marlons.jimenez55@gmail.com\">Marlons.jimenez55@gmail.com<\/a><\/p>\n<p>@marjimgar<\/p>\n","protected":false},"excerpt":{"rendered":"<p>NOTI-AMERICA.COM | VENEZUELA LA UNIVERSIDAD NO MUERE, NI MORIR\u00c1\u00a0\u00a0\u00a0\u00a0\u00a0 \u00a0\u00a0\u00a0\u00a0\u00a0\u00a0\u00a0\u00a0 Por: Marlon S Jim\u00e9nez Garc\u00eda No hay fuerza humana ni ideol\u00f3gica que pueda acallar la fuerza de la academia, de la investigaci\u00f3n, de la&#46;&#46;&#46;<\/p>\n","protected":false},"author":2,"featured_media":7416,"comment_status":"closed","ping_status":"open","sticky":false,"template":"","format":"image","meta":{"_acf_changed":false,"rop_custom_images_group":[],"rop_custom_messages_group":[],"rop_publish_now":"initial","rop_publish_now_accounts":{"facebook_10219548024599422_1632221337088128":"","twitter_242054905_242054905":""},"rop_publish_now_history":[],"rop_publish_now_status":"pending","footnotes":""},"categories":[3],"tags":[],"class_list":["post-17639","post","type-post","status-publish","format-image","has-post-thumbnail","hentry","category-politica","post_format-post-format-image"],"acf":[],"yoast_head":"<!-- This site is optimized with the Yoast SEO Premium plugin v24.9 (Yoast SEO v27.2) - https:\/\/yoast.com\/product\/yoast-seo-premium-wordpress\/ -->\n<title>LA UNIVERSIDAD NO MUERE, NI MORIR\u00c1\u00a0Por: Marlon S Jim\u00e9nez Garc\u00eda\u00a0 - Noti-America.com<\/title>\n<meta name=\"robots\" content=\"index, follow, max-snippet:-1, max-image-preview:large, max-video-preview:-1\" \/>\n<link rel=\"canonical\" href=\"https:\/\/noti-america.com\/site\/principal\/2022\/07\/31\/la-universidad-no-muere-ni-morira-por-marlon-s-jimenez-garcia\/\" \/>\n<meta property=\"og:locale\" content=\"es_ES\" \/>\n<meta property=\"og:type\" content=\"article\" \/>\n<meta property=\"og:title\" content=\"LA UNIVERSIDAD NO MUERE, NI MORIR\u00c1\u00a0Por: Marlon S Jim\u00e9nez Garc\u00eda\u00a0\" \/>\n<meta property=\"og:description\" content=\"NOTI-AMERICA.COM | VENEZUELA LA UNIVERSIDAD NO MUERE, NI MORIR\u00c1\u00a0\u00a0\u00a0\u00a0\u00a0 \u00a0\u00a0\u00a0\u00a0\u00a0\u00a0\u00a0\u00a0 Por: Marlon S Jim\u00e9nez Garc\u00eda No hay fuerza humana ni ideol\u00f3gica que pueda acallar la fuerza de la academia, de la investigaci\u00f3n, de la&#046;&#046;&#046;\" \/>\n<meta property=\"og:url\" content=\"https:\/\/noti-america.com\/site\/principal\/2022\/07\/31\/la-universidad-no-muere-ni-morira-por-marlon-s-jimenez-garcia\/\" \/>\n<meta property=\"og:site_name\" content=\"Noti-America.com\" \/>\n<meta property=\"article:published_time\" content=\"2022-07-31T13:13:05+00:00\" \/>\n<meta property=\"og:image\" content=\"https:\/\/noti-america.com\/site\/principal\/wp-content\/uploads\/sites\/26\/2021\/11\/MARLON-JIMENEZ2-scaled.jpg\" \/>\n\t<meta property=\"og:image:width\" content=\"1920\" \/>\n\t<meta property=\"og:image:height\" content=\"2560\" \/>\n\t<meta property=\"og:image:type\" content=\"image\/jpeg\" \/>\n<meta name=\"author\" content=\"rloaiza\" \/>\n<meta name=\"twitter:card\" content=\"summary_large_image\" \/>\n<meta name=\"twitter:label1\" content=\"Escrito por\" \/>\n\t<meta name=\"twitter:data1\" content=\"rloaiza\" \/>\n\t<meta name=\"twitter:label2\" content=\"Tiempo estimado de lectura\" \/>\n\t<meta name=\"twitter:data2\" content=\"6 minutos\" \/>\n<script type=\"application\/ld+json\" class=\"yoast-schema-graph\">{\"@context\":\"https:\/\/schema.org\",\"@graph\":[{\"@type\":\"Article\",\"@id\":\"https:\/\/noti-america.com\/site\/principal\/2022\/07\/31\/la-universidad-no-muere-ni-morira-por-marlon-s-jimenez-garcia\/#article\",\"isPartOf\":{\"@id\":\"https:\/\/noti-america.com\/site\/principal\/2022\/07\/31\/la-universidad-no-muere-ni-morira-por-marlon-s-jimenez-garcia\/\"},\"author\":{\"name\":\"rloaiza\",\"@id\":\"https:\/\/noti-america.com\/site\/principal\/#\/schema\/person\/a2e478ba496331ce89bcd0c731cd6533\"},\"headline\":\"LA UNIVERSIDAD NO MUERE, NI MORIR\u00c1\u00a0Por: Marlon S Jim\u00e9nez Garc\u00eda\u00a0\",\"datePublished\":\"2022-07-31T13:13:05+00:00\",\"mainEntityOfPage\":{\"@id\":\"https:\/\/noti-america.com\/site\/principal\/2022\/07\/31\/la-universidad-no-muere-ni-morira-por-marlon-s-jimenez-garcia\/\"},\"wordCount\":1257,\"image\":{\"@id\":\"https:\/\/noti-america.com\/site\/principal\/2022\/07\/31\/la-universidad-no-muere-ni-morira-por-marlon-s-jimenez-garcia\/#primaryimage\"},\"thumbnailUrl\":\"https:\/\/noti-america.com\/site\/principal\/wp-content\/uploads\/sites\/26\/2021\/11\/MARLON-JIMENEZ2-scaled.jpg\",\"articleSection\":[\"Pol\u00edtica\"],\"inLanguage\":\"es\"},{\"@type\":\"WebPage\",\"@id\":\"https:\/\/noti-america.com\/site\/principal\/2022\/07\/31\/la-universidad-no-muere-ni-morira-por-marlon-s-jimenez-garcia\/\",\"url\":\"https:\/\/noti-america.com\/site\/principal\/2022\/07\/31\/la-universidad-no-muere-ni-morira-por-marlon-s-jimenez-garcia\/\",\"name\":\"LA UNIVERSIDAD NO MUERE, NI MORIR\u00c1\u00a0Por: Marlon S Jim\u00e9nez Garc\u00eda\u00a0 - Noti-America.com\",\"isPartOf\":{\"@id\":\"https:\/\/noti-america.com\/site\/principal\/#website\"},\"primaryImageOfPage\":{\"@id\":\"https:\/\/noti-america.com\/site\/principal\/2022\/07\/31\/la-universidad-no-muere-ni-morira-por-marlon-s-jimenez-garcia\/#primaryimage\"},\"image\":{\"@id\":\"https:\/\/noti-america.com\/site\/principal\/2022\/07\/31\/la-universidad-no-muere-ni-morira-por-marlon-s-jimenez-garcia\/#primaryimage\"},\"thumbnailUrl\":\"https:\/\/noti-america.com\/site\/principal\/wp-content\/uploads\/sites\/26\/2021\/11\/MARLON-JIMENEZ2-scaled.jpg\",\"datePublished\":\"2022-07-31T13:13:05+00:00\",\"author\":{\"@id\":\"https:\/\/noti-america.com\/site\/principal\/#\/schema\/person\/a2e478ba496331ce89bcd0c731cd6533\"},\"breadcrumb\":{\"@id\":\"https:\/\/noti-america.com\/site\/principal\/2022\/07\/31\/la-universidad-no-muere-ni-morira-por-marlon-s-jimenez-garcia\/#breadcrumb\"},\"inLanguage\":\"es\",\"potentialAction\":[{\"@type\":\"ReadAction\",\"target\":[\"https:\/\/noti-america.com\/site\/principal\/2022\/07\/31\/la-universidad-no-muere-ni-morira-por-marlon-s-jimenez-garcia\/\"]}]},{\"@type\":\"ImageObject\",\"inLanguage\":\"es\",\"@id\":\"https:\/\/noti-america.com\/site\/principal\/2022\/07\/31\/la-universidad-no-muere-ni-morira-por-marlon-s-jimenez-garcia\/#primaryimage\",\"url\":\"https:\/\/noti-america.com\/site\/principal\/wp-content\/uploads\/sites\/26\/2021\/11\/MARLON-JIMENEZ2-scaled.jpg\",\"contentUrl\":\"https:\/\/noti-america.com\/site\/principal\/wp-content\/uploads\/sites\/26\/2021\/11\/MARLON-JIMENEZ2-scaled.jpg\",\"width\":1920,\"height\":2560},{\"@type\":\"BreadcrumbList\",\"@id\":\"https:\/\/noti-america.com\/site\/principal\/2022\/07\/31\/la-universidad-no-muere-ni-morira-por-marlon-s-jimenez-garcia\/#breadcrumb\",\"itemListElement\":[{\"@type\":\"ListItem\",\"position\":1,\"name\":\"Portada\",\"item\":\"https:\/\/noti-america.com\/site\/principal\/\"},{\"@type\":\"ListItem\",\"position\":2,\"name\":\"LA UNIVERSIDAD NO MUERE, NI MORIR\u00c1\u00a0Por: Marlon S Jim\u00e9nez Garc\u00eda\u00a0\"}]},{\"@type\":\"WebSite\",\"@id\":\"https:\/\/noti-america.com\/site\/principal\/#website\",\"url\":\"https:\/\/noti-america.com\/site\/principal\/\",\"name\":\"Noti-America.com\",\"description\":\"El Noticiero Digital M\u00e1s Grande de Am\u00e9rica\",\"potentialAction\":[{\"@type\":\"SearchAction\",\"target\":{\"@type\":\"EntryPoint\",\"urlTemplate\":\"https:\/\/noti-america.com\/site\/principal\/?s={search_term_string}\"},\"query-input\":{\"@type\":\"PropertyValueSpecification\",\"valueRequired\":true,\"valueName\":\"search_term_string\"}}],\"inLanguage\":\"es\"},{\"@type\":\"Person\",\"@id\":\"https:\/\/noti-america.com\/site\/principal\/#\/schema\/person\/a2e478ba496331ce89bcd0c731cd6533\",\"name\":\"rloaiza\",\"image\":{\"@type\":\"ImageObject\",\"inLanguage\":\"es\",\"@id\":\"https:\/\/secure.gravatar.com\/avatar\/190058e5d4427934610b99c45aa7a6558806850adedd53ddeddd194b04773e22?s=96&d=mm&r=g\",\"url\":\"https:\/\/secure.gravatar.com\/avatar\/190058e5d4427934610b99c45aa7a6558806850adedd53ddeddd194b04773e22?s=96&d=mm&r=g\",\"contentUrl\":\"https:\/\/secure.gravatar.com\/avatar\/190058e5d4427934610b99c45aa7a6558806850adedd53ddeddd194b04773e22?s=96&d=mm&r=g\",\"caption\":\"rloaiza\"},\"url\":\"https:\/\/noti-america.com\/site\/principal\/author\/rloaiza\/\"}]}<\/script>\n<!-- \/ Yoast SEO Premium plugin. -->","yoast_head_json":{"title":"LA UNIVERSIDAD NO MUERE, NI MORIR\u00c1\u00a0Por: Marlon S Jim\u00e9nez Garc\u00eda\u00a0 - Noti-America.com","robots":{"index":"index","follow":"follow","max-snippet":"max-snippet:-1","max-image-preview":"max-image-preview:large","max-video-preview":"max-video-preview:-1"},"canonical":"https:\/\/noti-america.com\/site\/principal\/2022\/07\/31\/la-universidad-no-muere-ni-morira-por-marlon-s-jimenez-garcia\/","og_locale":"es_ES","og_type":"article","og_title":"LA UNIVERSIDAD NO MUERE, NI MORIR\u00c1\u00a0Por: Marlon S Jim\u00e9nez Garc\u00eda\u00a0","og_description":"NOTI-AMERICA.COM | VENEZUELA LA UNIVERSIDAD NO MUERE, NI MORIR\u00c1\u00a0\u00a0\u00a0\u00a0\u00a0 \u00a0\u00a0\u00a0\u00a0\u00a0\u00a0\u00a0\u00a0 Por: Marlon S Jim\u00e9nez Garc\u00eda No hay fuerza humana ni ideol\u00f3gica que pueda acallar la fuerza de la academia, de la investigaci\u00f3n, de la&#46;&#46;&#46;","og_url":"https:\/\/noti-america.com\/site\/principal\/2022\/07\/31\/la-universidad-no-muere-ni-morira-por-marlon-s-jimenez-garcia\/","og_site_name":"Noti-America.com","article_published_time":"2022-07-31T13:13:05+00:00","og_image":[{"width":1920,"height":2560,"url":"https:\/\/noti-america.com\/site\/principal\/wp-content\/uploads\/sites\/26\/2021\/11\/MARLON-JIMENEZ2-scaled.jpg","type":"image\/jpeg"}],"author":"rloaiza","twitter_card":"summary_large_image","twitter_misc":{"Escrito por":"rloaiza","Tiempo estimado de lectura":"6 minutos"},"schema":{"@context":"https:\/\/schema.org","@graph":[{"@type":"Article","@id":"https:\/\/noti-america.com\/site\/principal\/2022\/07\/31\/la-universidad-no-muere-ni-morira-por-marlon-s-jimenez-garcia\/#article","isPartOf":{"@id":"https:\/\/noti-america.com\/site\/principal\/2022\/07\/31\/la-universidad-no-muere-ni-morira-por-marlon-s-jimenez-garcia\/"},"author":{"name":"rloaiza","@id":"https:\/\/noti-america.com\/site\/principal\/#\/schema\/person\/a2e478ba496331ce89bcd0c731cd6533"},"headline":"LA UNIVERSIDAD NO MUERE, NI MORIR\u00c1\u00a0Por: Marlon S Jim\u00e9nez Garc\u00eda\u00a0","datePublished":"2022-07-31T13:13:05+00:00","mainEntityOfPage":{"@id":"https:\/\/noti-america.com\/site\/principal\/2022\/07\/31\/la-universidad-no-muere-ni-morira-por-marlon-s-jimenez-garcia\/"},"wordCount":1257,"image":{"@id":"https:\/\/noti-america.com\/site\/principal\/2022\/07\/31\/la-universidad-no-muere-ni-morira-por-marlon-s-jimenez-garcia\/#primaryimage"},"thumbnailUrl":"https:\/\/noti-america.com\/site\/principal\/wp-content\/uploads\/sites\/26\/2021\/11\/MARLON-JIMENEZ2-scaled.jpg","articleSection":["Pol\u00edtica"],"inLanguage":"es"},{"@type":"WebPage","@id":"https:\/\/noti-america.com\/site\/principal\/2022\/07\/31\/la-universidad-no-muere-ni-morira-por-marlon-s-jimenez-garcia\/","url":"https:\/\/noti-america.com\/site\/principal\/2022\/07\/31\/la-universidad-no-muere-ni-morira-por-marlon-s-jimenez-garcia\/","name":"LA UNIVERSIDAD NO MUERE, NI MORIR\u00c1\u00a0Por: Marlon S Jim\u00e9nez Garc\u00eda\u00a0 - Noti-America.com","isPartOf":{"@id":"https:\/\/noti-america.com\/site\/principal\/#website"},"primaryImageOfPage":{"@id":"https:\/\/noti-america.com\/site\/principal\/2022\/07\/31\/la-universidad-no-muere-ni-morira-por-marlon-s-jimenez-garcia\/#primaryimage"},"image":{"@id":"https:\/\/noti-america.com\/site\/principal\/2022\/07\/31\/la-universidad-no-muere-ni-morira-por-marlon-s-jimenez-garcia\/#primaryimage"},"thumbnailUrl":"https:\/\/noti-america.com\/site\/principal\/wp-content\/uploads\/sites\/26\/2021\/11\/MARLON-JIMENEZ2-scaled.jpg","datePublished":"2022-07-31T13:13:05+00:00","author":{"@id":"https:\/\/noti-america.com\/site\/principal\/#\/schema\/person\/a2e478ba496331ce89bcd0c731cd6533"},"breadcrumb":{"@id":"https:\/\/noti-america.com\/site\/principal\/2022\/07\/31\/la-universidad-no-muere-ni-morira-por-marlon-s-jimenez-garcia\/#breadcrumb"},"inLanguage":"es","potentialAction":[{"@type":"ReadAction","target":["https:\/\/noti-america.com\/site\/principal\/2022\/07\/31\/la-universidad-no-muere-ni-morira-por-marlon-s-jimenez-garcia\/"]}]},{"@type":"ImageObject","inLanguage":"es","@id":"https:\/\/noti-america.com\/site\/principal\/2022\/07\/31\/la-universidad-no-muere-ni-morira-por-marlon-s-jimenez-garcia\/#primaryimage","url":"https:\/\/noti-america.com\/site\/principal\/wp-content\/uploads\/sites\/26\/2021\/11\/MARLON-JIMENEZ2-scaled.jpg","contentUrl":"https:\/\/noti-america.com\/site\/principal\/wp-content\/uploads\/sites\/26\/2021\/11\/MARLON-JIMENEZ2-scaled.jpg","width":1920,"height":2560},{"@type":"BreadcrumbList","@id":"https:\/\/noti-america.com\/site\/principal\/2022\/07\/31\/la-universidad-no-muere-ni-morira-por-marlon-s-jimenez-garcia\/#breadcrumb","itemListElement":[{"@type":"ListItem","position":1,"name":"Portada","item":"https:\/\/noti-america.com\/site\/principal\/"},{"@type":"ListItem","position":2,"name":"LA UNIVERSIDAD NO MUERE, NI MORIR\u00c1\u00a0Por: Marlon S Jim\u00e9nez Garc\u00eda\u00a0"}]},{"@type":"WebSite","@id":"https:\/\/noti-america.com\/site\/principal\/#website","url":"https:\/\/noti-america.com\/site\/principal\/","name":"Noti-America.com","description":"El Noticiero Digital M\u00e1s Grande de Am\u00e9rica","potentialAction":[{"@type":"SearchAction","target":{"@type":"EntryPoint","urlTemplate":"https:\/\/noti-america.com\/site\/principal\/?s={search_term_string}"},"query-input":{"@type":"PropertyValueSpecification","valueRequired":true,"valueName":"search_term_string"}}],"inLanguage":"es"},{"@type":"Person","@id":"https:\/\/noti-america.com\/site\/principal\/#\/schema\/person\/a2e478ba496331ce89bcd0c731cd6533","name":"rloaiza","image":{"@type":"ImageObject","inLanguage":"es","@id":"https:\/\/secure.gravatar.com\/avatar\/190058e5d4427934610b99c45aa7a6558806850adedd53ddeddd194b04773e22?s=96&d=mm&r=g","url":"https:\/\/secure.gravatar.com\/avatar\/190058e5d4427934610b99c45aa7a6558806850adedd53ddeddd194b04773e22?s=96&d=mm&r=g","contentUrl":"https:\/\/secure.gravatar.com\/avatar\/190058e5d4427934610b99c45aa7a6558806850adedd53ddeddd194b04773e22?s=96&d=mm&r=g","caption":"rloaiza"},"url":"https:\/\/noti-america.com\/site\/principal\/author\/rloaiza\/"}]}},"_links":{"self":[{"href":"https:\/\/noti-america.com\/site\/principal\/wp-json\/wp\/v2\/posts\/17639","targetHints":{"allow":["GET"]}}],"collection":[{"href":"https:\/\/noti-america.com\/site\/principal\/wp-json\/wp\/v2\/posts"}],"about":[{"href":"https:\/\/noti-america.com\/site\/principal\/wp-json\/wp\/v2\/types\/post"}],"author":[{"embeddable":true,"href":"https:\/\/noti-america.com\/site\/principal\/wp-json\/wp\/v2\/users\/2"}],"replies":[{"embeddable":true,"href":"https:\/\/noti-america.com\/site\/principal\/wp-json\/wp\/v2\/comments?post=17639"}],"version-history":[{"count":1,"href":"https:\/\/noti-america.com\/site\/principal\/wp-json\/wp\/v2\/posts\/17639\/revisions"}],"predecessor-version":[{"id":17640,"href":"https:\/\/noti-america.com\/site\/principal\/wp-json\/wp\/v2\/posts\/17639\/revisions\/17640"}],"wp:featuredmedia":[{"embeddable":true,"href":"https:\/\/noti-america.com\/site\/principal\/wp-json\/wp\/v2\/media\/7416"}],"wp:attachment":[{"href":"https:\/\/noti-america.com\/site\/principal\/wp-json\/wp\/v2\/media?parent=17639"}],"wp:term":[{"taxonomy":"category","embeddable":true,"href":"https:\/\/noti-america.com\/site\/principal\/wp-json\/wp\/v2\/categories?post=17639"},{"taxonomy":"post_tag","embeddable":true,"href":"https:\/\/noti-america.com\/site\/principal\/wp-json\/wp\/v2\/tags?post=17639"}],"curies":[{"name":"wp","href":"https:\/\/api.w.org\/{rel}","templated":true}]}}