{"id":1758,"date":"2018-03-26T10:02:08","date_gmt":"2018-03-26T10:02:08","guid":{"rendered":"http:\/\/noti-america.com\/site\/alemania\/?p=1758"},"modified":"2018-03-26T10:02:59","modified_gmt":"2018-03-26T10:02:59","slug":"prioridades-de-la-generacion-z-al-buscar-empleo","status":"publish","type":"post","link":"https:\/\/noti-america.com\/site\/principal\/2018\/03\/26\/prioridades-de-la-generacion-z-al-buscar-empleo\/","title":{"rendered":"Prioridades de la generaci\u00f3n Z al buscar empleo"},"content":{"rendered":"<div class=\"detailtext lang-es\" lang=\"es\">\n<p>Casi todos los alumnos que est\u00e1n por terminar su bachiller pasan meses de gran incertidumbre pensando qu\u00e9 estudiar. Saben que es una gran decisi\u00f3n y que adem\u00e1s, deben escoger algo que tenga larga vida. \u00ab\u00bfQu\u00e9 puedo estudiar que en 40 a\u00f1os siga teniendo vigencia?\u00bb, se preguntan muchos en momentos en que el mundo est\u00e1 cambiando a ra\u00edz de los desarrollos tecnol\u00f3gicos.<\/p>\n<p>La revoluci\u00f3n digital marca la decisi\u00f3n de la generaci\u00f3n Z, que est\u00e1 en plena juventud pero igualmente piensa en la seguridad y la satisfacci\u00f3n que les generar\u00e1 su futuro empleo. Y tambi\u00e9n piensan en la familia.<\/p>\n<p>Est\u00e1 muy bien que sopesen todos estos valores antes de decidir qu\u00e9 estudiar, sobre todo porque muchos de ellos hacen carrreras cortas que los habilitan a entrar en el mercado laboral con apenas 23 a\u00f1os. Es decir&#8230;\u00a1trabajar\u00e1n mucho tiempo! Sobre todo si tenemos en cuenta que es poco predecible cu\u00e1l ser\u00e1 la edad de jubilaci\u00f3n cuando los j\u00f3venes de hoy cumplan 60.<\/p>\n<p>\u00abQuiz\u00e1s eso los lleve a buscar mucho m\u00e1s un equilibrio entre el trabajo y la vida personal\u00bb, observa Ulrcih Walwei, de un instituto de investigaci\u00f3n laboral de Alemania.<\/p>\n<p>La buena noticia para estos j\u00f3venes es que, sujeto a lo que elijan para su futuro, pueden tener muy buenas chances en el mercado, y eso har\u00e1 que puedan presentarse en las entrevistas con una actitud totalmente distinta.<\/p>\n<p>La pregunta de todos modos sigue siendo:\u00a0\u00bfHago una formaci\u00f3n corta, tal vez una tecnicatura, o una carrera universitaria? Eso depende del contexto en el que viva cada uno. En algunos pa\u00edses como Alemania hay una gran demanda de gente con formaci\u00f3n acad\u00e9mica. En ese sector el desempleo es de apenas el 2,4 por ciento. Pero tambi\u00e9n ha crecido enormemente la demanda de personal t\u00e9cnico especializado.<\/p>\n<p>Las cifras indican lo siguiente:\u00a0en realidad la diferencia no est\u00e1 en si uno hace una formaci\u00f3n terciaria o una carrera universitaria.\u00a0La diferencia est\u00e1 en la disciplina o el \u00e1rea que uno escoja. Por supuesto, los ingenieros y desarrolladores tendr\u00e1n muy buenas cartas a largo plazo.<\/p>\n<p>De todos modos, no est\u00e1 de m\u00e1s saber que el primer trabajo que tengas seguramente no ser\u00e1 el empleo que tengas toda la vida. No s\u00f3lo porque es bueno ir probando, sino tambi\u00e9n porque son cada vez m\u00e1s las empresas que ofrecen como primer paso un contrato temporal.<\/p>\n<p>Sabiendo eso, el consejo que dan los especialistas es que, a la hora de elegir tu primer trabajo, no priorices la seguridad o estabilidad, sino las herramientas y conocimientos que te dar\u00e1 para el futuro. O, dicho de otro modo, no es tan importante qu\u00e9 aprendes en el empleo, sino c\u00f3mo te capacita para tener una base sobre la cual puedas seguir construyendo en el futuro.<\/p>\n<p>\u00abLas soft skills son casi m\u00e1s cruciales que las hard skills\u00bb, dice Pia Engelhardt, del Centro Profesional de la Universidad de Colonia, Alemania.<\/p>\n<p>Si quieres mantenerte bien posicionado, tienes que acostumbrarte a mirar siempre por encima de lo que est\u00e1s haciendo. No mires s\u00f3lo hacia adelante, estate atento a lo que ocurre a tu izquierda y a tu derecha.<\/p>\n<p>Fuente (Reportaje por <i class=\"lang-es\"><span class=\" readonly\" title=\"\">Tobias Hanraths dpa)<\/span><\/i><\/p>\n<\/div>\n","protected":false},"excerpt":{"rendered":"<p>Casi todos los alumnos que est\u00e1n por terminar su bachiller pasan meses de gran incertidumbre pensando qu\u00e9 estudiar. Saben que es una gran decisi\u00f3n y que adem\u00e1s, deben escoger algo que tenga larga vida.&#46;&#46;&#46;<\/p>\n","protected":false},"author":31,"featured_media":1759,"comment_status":"open","ping_status":"open","sticky":false,"template":"","format":"standard","meta":{"_acf_changed":false,"rop_custom_images_group":[],"rop_custom_messages_group":[],"rop_publish_now":"initial","rop_publish_now_accounts":{"facebook_10219548024599422_1632221337088128":"","twitter_242054905_242054905":""},"rop_publish_now_history":[],"rop_publish_now_status":"pending","footnotes":""},"categories":[107],"tags":[],"class_list":["post-1758","post","type-post","status-publish","format-standard","has-post-thumbnail","hentry","category-reportaje"],"acf":[],"yoast_head":"<!-- This site is optimized with the Yoast SEO Premium plugin v24.9 (Yoast SEO v27.2) - https:\/\/yoast.com\/product\/yoast-seo-premium-wordpress\/ -->\n<title>Prioridades de la generaci\u00f3n Z al buscar empleo - Noti-America.com<\/title>\n<meta name=\"robots\" content=\"index, follow, max-snippet:-1, max-image-preview:large, max-video-preview:-1\" \/>\n<link rel=\"canonical\" href=\"https:\/\/noti-america.com\/site\/principal\/2018\/03\/26\/prioridades-de-la-generacion-z-al-buscar-empleo\/\" \/>\n<meta property=\"og:locale\" content=\"es_ES\" \/>\n<meta property=\"og:type\" content=\"article\" \/>\n<meta property=\"og:title\" content=\"Prioridades de la generaci\u00f3n Z al buscar empleo\" \/>\n<meta property=\"og:description\" content=\"Casi todos los alumnos que est\u00e1n por terminar su bachiller pasan meses de gran incertidumbre pensando qu\u00e9 estudiar. Saben que es una gran decisi\u00f3n y que adem\u00e1s, deben escoger algo que tenga larga vida.&#046;&#046;&#046;\" \/>\n<meta property=\"og:url\" content=\"https:\/\/noti-america.com\/site\/principal\/2018\/03\/26\/prioridades-de-la-generacion-z-al-buscar-empleo\/\" \/>\n<meta property=\"og:site_name\" content=\"Noti-America.com\" \/>\n<meta property=\"article:published_time\" content=\"2018-03-26T10:02:08+00:00\" \/>\n<meta property=\"article:modified_time\" content=\"2018-03-26T10:02:59+00:00\" \/>\n<meta property=\"og:image\" content=\"https:\/\/noti-america.com\/site\/principal\/wp-content\/uploads\/sites\/26\/2018\/03\/generation-z-redux.png\" \/>\n\t<meta property=\"og:image:width\" content=\"397\" \/>\n\t<meta property=\"og:image:height\" content=\"412\" \/>\n\t<meta property=\"og:image:type\" content=\"image\/png\" \/>\n<meta name=\"author\" content=\"Ydalith Figueroa Kad-Bay\" \/>\n<meta name=\"twitter:card\" content=\"summary_large_image\" \/>\n<meta name=\"twitter:creator\" content=\"@ydalithkad\" \/>\n<meta name=\"twitter:label1\" content=\"Escrito por\" \/>\n\t<meta name=\"twitter:data1\" content=\"Ydalith Figueroa Kad-Bay\" \/>\n\t<meta name=\"twitter:label2\" content=\"Tiempo estimado de lectura\" \/>\n\t<meta name=\"twitter:data2\" content=\"3 minutos\" \/>\n<script type=\"application\/ld+json\" class=\"yoast-schema-graph\">{\"@context\":\"https:\/\/schema.org\",\"@graph\":[{\"@type\":\"Article\",\"@id\":\"https:\/\/noti-america.com\/site\/principal\/2018\/03\/26\/prioridades-de-la-generacion-z-al-buscar-empleo\/#article\",\"isPartOf\":{\"@id\":\"https:\/\/noti-america.com\/site\/principal\/2018\/03\/26\/prioridades-de-la-generacion-z-al-buscar-empleo\/\"},\"author\":{\"name\":\"Ydalith Figueroa Kad-Bay\",\"@id\":\"https:\/\/noti-america.com\/site\/principal\/#\/schema\/person\/1a24e37c3c358f389f0a111448ddb870\"},\"headline\":\"Prioridades de la generaci\u00f3n Z al buscar empleo\",\"datePublished\":\"2018-03-26T10:02:08+00:00\",\"dateModified\":\"2018-03-26T10:02:59+00:00\",\"mainEntityOfPage\":{\"@id\":\"https:\/\/noti-america.com\/site\/principal\/2018\/03\/26\/prioridades-de-la-generacion-z-al-buscar-empleo\/\"},\"wordCount\":559,\"commentCount\":0,\"image\":{\"@id\":\"https:\/\/noti-america.com\/site\/principal\/2018\/03\/26\/prioridades-de-la-generacion-z-al-buscar-empleo\/#primaryimage\"},\"thumbnailUrl\":\"https:\/\/noti-america.com\/site\/principal\/wp-content\/uploads\/sites\/26\/2018\/03\/generation-z-redux.png\",\"articleSection\":[\"Reportaje\"],\"inLanguage\":\"es\",\"potentialAction\":[{\"@type\":\"CommentAction\",\"name\":\"Comment\",\"target\":[\"https:\/\/noti-america.com\/site\/principal\/2018\/03\/26\/prioridades-de-la-generacion-z-al-buscar-empleo\/#respond\"]}]},{\"@type\":\"WebPage\",\"@id\":\"https:\/\/noti-america.com\/site\/principal\/2018\/03\/26\/prioridades-de-la-generacion-z-al-buscar-empleo\/\",\"url\":\"https:\/\/noti-america.com\/site\/principal\/2018\/03\/26\/prioridades-de-la-generacion-z-al-buscar-empleo\/\",\"name\":\"Prioridades de la generaci\u00f3n Z al buscar empleo - Noti-America.com\",\"isPartOf\":{\"@id\":\"https:\/\/noti-america.com\/site\/principal\/#website\"},\"primaryImageOfPage\":{\"@id\":\"https:\/\/noti-america.com\/site\/principal\/2018\/03\/26\/prioridades-de-la-generacion-z-al-buscar-empleo\/#primaryimage\"},\"image\":{\"@id\":\"https:\/\/noti-america.com\/site\/principal\/2018\/03\/26\/prioridades-de-la-generacion-z-al-buscar-empleo\/#primaryimage\"},\"thumbnailUrl\":\"https:\/\/noti-america.com\/site\/principal\/wp-content\/uploads\/sites\/26\/2018\/03\/generation-z-redux.png\",\"datePublished\":\"2018-03-26T10:02:08+00:00\",\"dateModified\":\"2018-03-26T10:02:59+00:00\",\"author\":{\"@id\":\"https:\/\/noti-america.com\/site\/principal\/#\/schema\/person\/1a24e37c3c358f389f0a111448ddb870\"},\"breadcrumb\":{\"@id\":\"https:\/\/noti-america.com\/site\/principal\/2018\/03\/26\/prioridades-de-la-generacion-z-al-buscar-empleo\/#breadcrumb\"},\"inLanguage\":\"es\",\"potentialAction\":[{\"@type\":\"ReadAction\",\"target\":[\"https:\/\/noti-america.com\/site\/principal\/2018\/03\/26\/prioridades-de-la-generacion-z-al-buscar-empleo\/\"]}]},{\"@type\":\"ImageObject\",\"inLanguage\":\"es\",\"@id\":\"https:\/\/noti-america.com\/site\/principal\/2018\/03\/26\/prioridades-de-la-generacion-z-al-buscar-empleo\/#primaryimage\",\"url\":\"https:\/\/noti-america.com\/site\/principal\/wp-content\/uploads\/sites\/26\/2018\/03\/generation-z-redux.png\",\"contentUrl\":\"https:\/\/noti-america.com\/site\/principal\/wp-content\/uploads\/sites\/26\/2018\/03\/generation-z-redux.png\",\"width\":397,\"height\":412},{\"@type\":\"BreadcrumbList\",\"@id\":\"https:\/\/noti-america.com\/site\/principal\/2018\/03\/26\/prioridades-de-la-generacion-z-al-buscar-empleo\/#breadcrumb\",\"itemListElement\":[{\"@type\":\"ListItem\",\"position\":1,\"name\":\"Portada\",\"item\":\"https:\/\/noti-america.com\/site\/principal\/\"},{\"@type\":\"ListItem\",\"position\":2,\"name\":\"Prioridades de la generaci\u00f3n Z al buscar empleo\"}]},{\"@type\":\"WebSite\",\"@id\":\"https:\/\/noti-america.com\/site\/principal\/#website\",\"url\":\"https:\/\/noti-america.com\/site\/principal\/\",\"name\":\"Noti-America.com\",\"description\":\"El Noticiero Digital M\u00e1s Grande de Am\u00e9rica\",\"potentialAction\":[{\"@type\":\"SearchAction\",\"target\":{\"@type\":\"EntryPoint\",\"urlTemplate\":\"https:\/\/noti-america.com\/site\/principal\/?s={search_term_string}\"},\"query-input\":{\"@type\":\"PropertyValueSpecification\",\"valueRequired\":true,\"valueName\":\"search_term_string\"}}],\"inLanguage\":\"es\"},{\"@type\":\"Person\",\"@id\":\"https:\/\/noti-america.com\/site\/principal\/#\/schema\/person\/1a24e37c3c358f389f0a111448ddb870\",\"name\":\"Ydalith Figueroa Kad-Bay\",\"image\":{\"@type\":\"ImageObject\",\"inLanguage\":\"es\",\"@id\":\"https:\/\/secure.gravatar.com\/avatar\/7d1e350465afd215908c3ed413e32ef600cd41c3c21b95416252432a9f6c219c?s=96&d=mm&r=g\",\"url\":\"https:\/\/secure.gravatar.com\/avatar\/7d1e350465afd215908c3ed413e32ef600cd41c3c21b95416252432a9f6c219c?s=96&d=mm&r=g\",\"contentUrl\":\"https:\/\/secure.gravatar.com\/avatar\/7d1e350465afd215908c3ed413e32ef600cd41c3c21b95416252432a9f6c219c?s=96&d=mm&r=g\",\"caption\":\"Ydalith Figueroa Kad-Bay\"},\"description\":\"CEO Noti-America Alemania Embajadora de Venezuela para el Proyecto de Acci\u00f3n Clim\u00e1tica de la ONU, Embajadora para la ense\u00f1anza de los ODS de la ONU, Amplificador de la Acci\u00f3n de los ODS de la ONU, Profesor Voluntario del Proyecto KAKUMA (Educaci\u00f3n de calidad para refugiados en \u00c1frica) UNHCR \u2013 ACNUR - Agencia para los refugiados de la ONU-, Miembro de la ONG Gente Y Ciudad, Embajador de las Instituciones de Microfinanzas \u201cNo a la pobreza ODS #1 de la ONU\u201d (todos tienen derecho a acceso a un cr\u00e9dito), y Voluntario al di\u00e1logo global de UN75. Twitter @ydalithkad email ydalith@yhaoo.com Locutor Profesional 32931 Universidad Central de Venezuela @ISHannover \\\"Colegio Internacional de Hannover Regi\u00f3n, Alemania\\\" Representante de Aprendizaje Innovaci\u00f3n y Tecnolog\u00eda #LMS (Sistema de Gesti\u00f3n de Aprendizaje) #LMS Gente y Ciudad &amp; Asesores Internacionales ONG Alemania. ONG \\\"Gente y Ciudad, Venezuela\\\" Miembro y Asesor especialista An\u00e1lisis de Pol\u00edtica Internacional Asesor Pol\u00edtico Internacional de Venezuela en la defensa de los Derechos Humanos y el restablecimiento Democr\u00e1tico. Diplomacia positiva y Activa. Pasi\u00f3n por el Golf Proyecto #LMS \\\"Golf para ni\u00f1os y adultos Internacional\\\" Pasi\u00f3n por los Postres Proyecto #LMS \\\"Postres, Que Unen a las Culturas del mundo\\\"\",\"sameAs\":[\"https:\/\/x.com\/ydalithkad\"],\"url\":\"https:\/\/noti-america.com\/site\/principal\/author\/yfigueroa\/\"}]}<\/script>\n<!-- \/ Yoast SEO Premium plugin. -->","yoast_head_json":{"title":"Prioridades de la generaci\u00f3n Z al buscar empleo - Noti-America.com","robots":{"index":"index","follow":"follow","max-snippet":"max-snippet:-1","max-image-preview":"max-image-preview:large","max-video-preview":"max-video-preview:-1"},"canonical":"https:\/\/noti-america.com\/site\/principal\/2018\/03\/26\/prioridades-de-la-generacion-z-al-buscar-empleo\/","og_locale":"es_ES","og_type":"article","og_title":"Prioridades de la generaci\u00f3n Z al buscar empleo","og_description":"Casi todos los alumnos que est\u00e1n por terminar su bachiller pasan meses de gran incertidumbre pensando qu\u00e9 estudiar. Saben que es una gran decisi\u00f3n y que adem\u00e1s, deben escoger algo que tenga larga vida.&#46;&#46;&#46;","og_url":"https:\/\/noti-america.com\/site\/principal\/2018\/03\/26\/prioridades-de-la-generacion-z-al-buscar-empleo\/","og_site_name":"Noti-America.com","article_published_time":"2018-03-26T10:02:08+00:00","article_modified_time":"2018-03-26T10:02:59+00:00","og_image":[{"width":397,"height":412,"url":"https:\/\/noti-america.com\/site\/principal\/wp-content\/uploads\/sites\/26\/2018\/03\/generation-z-redux.png","type":"image\/png"}],"author":"Ydalith Figueroa Kad-Bay","twitter_card":"summary_large_image","twitter_creator":"@ydalithkad","twitter_misc":{"Escrito por":"Ydalith Figueroa Kad-Bay","Tiempo estimado de lectura":"3 minutos"},"schema":{"@context":"https:\/\/schema.org","@graph":[{"@type":"Article","@id":"https:\/\/noti-america.com\/site\/principal\/2018\/03\/26\/prioridades-de-la-generacion-z-al-buscar-empleo\/#article","isPartOf":{"@id":"https:\/\/noti-america.com\/site\/principal\/2018\/03\/26\/prioridades-de-la-generacion-z-al-buscar-empleo\/"},"author":{"name":"Ydalith Figueroa Kad-Bay","@id":"https:\/\/noti-america.com\/site\/principal\/#\/schema\/person\/1a24e37c3c358f389f0a111448ddb870"},"headline":"Prioridades de la generaci\u00f3n Z al buscar empleo","datePublished":"2018-03-26T10:02:08+00:00","dateModified":"2018-03-26T10:02:59+00:00","mainEntityOfPage":{"@id":"https:\/\/noti-america.com\/site\/principal\/2018\/03\/26\/prioridades-de-la-generacion-z-al-buscar-empleo\/"},"wordCount":559,"commentCount":0,"image":{"@id":"https:\/\/noti-america.com\/site\/principal\/2018\/03\/26\/prioridades-de-la-generacion-z-al-buscar-empleo\/#primaryimage"},"thumbnailUrl":"https:\/\/noti-america.com\/site\/principal\/wp-content\/uploads\/sites\/26\/2018\/03\/generation-z-redux.png","articleSection":["Reportaje"],"inLanguage":"es","potentialAction":[{"@type":"CommentAction","name":"Comment","target":["https:\/\/noti-america.com\/site\/principal\/2018\/03\/26\/prioridades-de-la-generacion-z-al-buscar-empleo\/#respond"]}]},{"@type":"WebPage","@id":"https:\/\/noti-america.com\/site\/principal\/2018\/03\/26\/prioridades-de-la-generacion-z-al-buscar-empleo\/","url":"https:\/\/noti-america.com\/site\/principal\/2018\/03\/26\/prioridades-de-la-generacion-z-al-buscar-empleo\/","name":"Prioridades de la generaci\u00f3n Z al buscar empleo - Noti-America.com","isPartOf":{"@id":"https:\/\/noti-america.com\/site\/principal\/#website"},"primaryImageOfPage":{"@id":"https:\/\/noti-america.com\/site\/principal\/2018\/03\/26\/prioridades-de-la-generacion-z-al-buscar-empleo\/#primaryimage"},"image":{"@id":"https:\/\/noti-america.com\/site\/principal\/2018\/03\/26\/prioridades-de-la-generacion-z-al-buscar-empleo\/#primaryimage"},"thumbnailUrl":"https:\/\/noti-america.com\/site\/principal\/wp-content\/uploads\/sites\/26\/2018\/03\/generation-z-redux.png","datePublished":"2018-03-26T10:02:08+00:00","dateModified":"2018-03-26T10:02:59+00:00","author":{"@id":"https:\/\/noti-america.com\/site\/principal\/#\/schema\/person\/1a24e37c3c358f389f0a111448ddb870"},"breadcrumb":{"@id":"https:\/\/noti-america.com\/site\/principal\/2018\/03\/26\/prioridades-de-la-generacion-z-al-buscar-empleo\/#breadcrumb"},"inLanguage":"es","potentialAction":[{"@type":"ReadAction","target":["https:\/\/noti-america.com\/site\/principal\/2018\/03\/26\/prioridades-de-la-generacion-z-al-buscar-empleo\/"]}]},{"@type":"ImageObject","inLanguage":"es","@id":"https:\/\/noti-america.com\/site\/principal\/2018\/03\/26\/prioridades-de-la-generacion-z-al-buscar-empleo\/#primaryimage","url":"https:\/\/noti-america.com\/site\/principal\/wp-content\/uploads\/sites\/26\/2018\/03\/generation-z-redux.png","contentUrl":"https:\/\/noti-america.com\/site\/principal\/wp-content\/uploads\/sites\/26\/2018\/03\/generation-z-redux.png","width":397,"height":412},{"@type":"BreadcrumbList","@id":"https:\/\/noti-america.com\/site\/principal\/2018\/03\/26\/prioridades-de-la-generacion-z-al-buscar-empleo\/#breadcrumb","itemListElement":[{"@type":"ListItem","position":1,"name":"Portada","item":"https:\/\/noti-america.com\/site\/principal\/"},{"@type":"ListItem","position":2,"name":"Prioridades de la generaci\u00f3n Z al buscar empleo"}]},{"@type":"WebSite","@id":"https:\/\/noti-america.com\/site\/principal\/#website","url":"https:\/\/noti-america.com\/site\/principal\/","name":"Noti-America.com","description":"El Noticiero Digital M\u00e1s Grande de Am\u00e9rica","potentialAction":[{"@type":"SearchAction","target":{"@type":"EntryPoint","urlTemplate":"https:\/\/noti-america.com\/site\/principal\/?s={search_term_string}"},"query-input":{"@type":"PropertyValueSpecification","valueRequired":true,"valueName":"search_term_string"}}],"inLanguage":"es"},{"@type":"Person","@id":"https:\/\/noti-america.com\/site\/principal\/#\/schema\/person\/1a24e37c3c358f389f0a111448ddb870","name":"Ydalith Figueroa Kad-Bay","image":{"@type":"ImageObject","inLanguage":"es","@id":"https:\/\/secure.gravatar.com\/avatar\/7d1e350465afd215908c3ed413e32ef600cd41c3c21b95416252432a9f6c219c?s=96&d=mm&r=g","url":"https:\/\/secure.gravatar.com\/avatar\/7d1e350465afd215908c3ed413e32ef600cd41c3c21b95416252432a9f6c219c?s=96&d=mm&r=g","contentUrl":"https:\/\/secure.gravatar.com\/avatar\/7d1e350465afd215908c3ed413e32ef600cd41c3c21b95416252432a9f6c219c?s=96&d=mm&r=g","caption":"Ydalith Figueroa Kad-Bay"},"description":"CEO Noti-America Alemania Embajadora de Venezuela para el Proyecto de Acci\u00f3n Clim\u00e1tica de la ONU, Embajadora para la ense\u00f1anza de los ODS de la ONU, Amplificador de la Acci\u00f3n de los ODS de la ONU, Profesor Voluntario del Proyecto KAKUMA (Educaci\u00f3n de calidad para refugiados en \u00c1frica) UNHCR \u2013 ACNUR - Agencia para los refugiados de la ONU-, Miembro de la ONG Gente Y Ciudad, Embajador de las Instituciones de Microfinanzas \u201cNo a la pobreza ODS #1 de la ONU\u201d (todos tienen derecho a acceso a un cr\u00e9dito), y Voluntario al di\u00e1logo global de UN75. Twitter @ydalithkad email ydalith@yhaoo.com Locutor Profesional 32931 Universidad Central de Venezuela @ISHannover \"Colegio Internacional de Hannover Regi\u00f3n, Alemania\" Representante de Aprendizaje Innovaci\u00f3n y Tecnolog\u00eda #LMS (Sistema de Gesti\u00f3n de Aprendizaje) #LMS Gente y Ciudad &amp; Asesores Internacionales ONG Alemania. ONG \"Gente y Ciudad, Venezuela\" Miembro y Asesor especialista An\u00e1lisis de Pol\u00edtica Internacional Asesor Pol\u00edtico Internacional de Venezuela en la defensa de los Derechos Humanos y el restablecimiento Democr\u00e1tico. Diplomacia positiva y Activa. Pasi\u00f3n por el Golf Proyecto #LMS \"Golf para ni\u00f1os y adultos Internacional\" Pasi\u00f3n por los Postres Proyecto #LMS \"Postres, Que Unen a las Culturas del mundo\"","sameAs":["https:\/\/x.com\/ydalithkad"],"url":"https:\/\/noti-america.com\/site\/principal\/author\/yfigueroa\/"}]}},"_links":{"self":[{"href":"https:\/\/noti-america.com\/site\/principal\/wp-json\/wp\/v2\/posts\/1758","targetHints":{"allow":["GET"]}}],"collection":[{"href":"https:\/\/noti-america.com\/site\/principal\/wp-json\/wp\/v2\/posts"}],"about":[{"href":"https:\/\/noti-america.com\/site\/principal\/wp-json\/wp\/v2\/types\/post"}],"author":[{"embeddable":true,"href":"https:\/\/noti-america.com\/site\/principal\/wp-json\/wp\/v2\/users\/31"}],"replies":[{"embeddable":true,"href":"https:\/\/noti-america.com\/site\/principal\/wp-json\/wp\/v2\/comments?post=1758"}],"version-history":[{"count":2,"href":"https:\/\/noti-america.com\/site\/principal\/wp-json\/wp\/v2\/posts\/1758\/revisions"}],"predecessor-version":[{"id":1761,"href":"https:\/\/noti-america.com\/site\/principal\/wp-json\/wp\/v2\/posts\/1758\/revisions\/1761"}],"wp:featuredmedia":[{"embeddable":true,"href":"https:\/\/noti-america.com\/site\/principal\/wp-json\/wp\/v2\/media\/1759"}],"wp:attachment":[{"href":"https:\/\/noti-america.com\/site\/principal\/wp-json\/wp\/v2\/media?parent=1758"}],"wp:term":[{"taxonomy":"category","embeddable":true,"href":"https:\/\/noti-america.com\/site\/principal\/wp-json\/wp\/v2\/categories?post=1758"},{"taxonomy":"post_tag","embeddable":true,"href":"https:\/\/noti-america.com\/site\/principal\/wp-json\/wp\/v2\/tags?post=1758"}],"curies":[{"name":"wp","href":"https:\/\/api.w.org\/{rel}","templated":true}]}}