{"id":17515,"date":"2022-07-27T16:35:12","date_gmt":"2022-07-27T20:35:12","guid":{"rendered":"https:\/\/noti-america.com\/site\/principal\/?p=17515"},"modified":"2022-07-27T16:35:12","modified_gmt":"2022-07-27T20:35:12","slug":"academia-de-ingenieria-mexico-rinde-homenaje-postumo-a-jose-antonio-padilla-segura-1922-2012","status":"publish","type":"post","link":"https:\/\/noti-america.com\/site\/principal\/2022\/07\/27\/academia-de-ingenieria-mexico-rinde-homenaje-postumo-a-jose-antonio-padilla-segura-1922-2012\/","title":{"rendered":"ACADEMIA DE INGENIER\u00cdA. M\u00c9XICO RINDE HOMENAJE P\u00d3STUMO A  JOS\u00c9 ANTONIO PADILLA SEGURA  (1922 \u2013 2012)"},"content":{"rendered":"<p style=\"text-align: center;\"><strong>ACADEMIA DE INGENIER\u00cdA. M\u00c9XICO RINDE HOMENAJE P\u00d3STUMO A <\/strong><\/p>\n<p style=\"text-align: center;\"><strong>JOS\u00c9 ANTONIO PADILLA SEGURA<\/strong><\/p>\n<p style=\"text-align: center;\"><strong>(1922 \u2013 2012)<\/strong><\/p>\n<p><em>\u00a0<\/em><\/p>\n<ul>\n<li><em>Tras 70 a\u00f1os de trayectoria, el ingeniero Padilla Segura contribuy\u00f3 a la Academia y desarrollo tecnol\u00f3gico del pa\u00eds.<\/em><\/li>\n<li><em>Asumi\u00f3, entre otros, los cargos de Director General del IPN, Secretario de Comunicaciones y Transportes, Fundador y Director del Conalep, Senador de la Rep\u00fablica, Asamble\u00edsta de la 1\u00aa. Asamblea de representantes del DF.<\/em><\/li>\n<\/ul>\n<p>&nbsp;<\/p>\n<p>Como parte de la conmemoraci\u00f3n del <em>D\u00eda del Ingeniero<\/em>, celebrado el 1 de julio del presente, la Academia de Ingenier\u00eda, A.C., presidida por la Dra. M\u00f3nica Barrera Rivera, rindi\u00f3 un solemne homenaje p\u00f3stumo al Ing. Jos\u00e9 Antonio Padilla Segura.<\/p>\n<p><img loading=\"lazy\" decoding=\"async\" class=\"alignnone size-medium wp-image-17517 aligncenter\" src=\"https:\/\/noti-america.com\/site\/principal\/wp-content\/uploads\/sites\/26\/2022\/07\/Dra.-Monica-Barrera-presidenta-de-la-Academia-de-Ingenieria-Mexico.2-300x213.jpg\" alt=\"\" width=\"300\" height=\"213\" srcset=\"https:\/\/noti-america.com\/site\/principal\/wp-content\/uploads\/sites\/26\/2022\/07\/Dra.-Monica-Barrera-presidenta-de-la-Academia-de-Ingenieria-Mexico.2-300x213.jpg 300w, https:\/\/noti-america.com\/site\/principal\/wp-content\/uploads\/sites\/26\/2022\/07\/Dra.-Monica-Barrera-presidenta-de-la-Academia-de-Ingenieria-Mexico.2-600x426.jpg 600w, https:\/\/noti-america.com\/site\/principal\/wp-content\/uploads\/sites\/26\/2022\/07\/Dra.-Monica-Barrera-presidenta-de-la-Academia-de-Ingenieria-Mexico.2.jpg 607w\" sizes=\"auto, (max-width: 300px) 100vw, 300px\" \/><\/p>\n<p>&nbsp;<\/p>\n<p>El desarrollo educativo y tecnol\u00f3gico de una naci\u00f3n est\u00e1 basado en el esfuerzo, la dedicaci\u00f3n y el talento nato de personajes connotados como Jos\u00e9 Antonio Padilla Segura; ingeniero de profesi\u00f3n y apasionado de la docencia, quien con su trabajo contribuy\u00f3 a la formaci\u00f3n de generaciones de profesionistas, as\u00ed como al avance social del pa\u00eds con su aportaci\u00f3n desde estas actividades.<\/p>\n<p>&nbsp;<\/p>\n<p>Es por ello que la Academia de Ingenier\u00eda de M\u00e9xico rindi\u00f3 un homenaje p\u00f3stumo al ingeniero Jos\u00e9 Antonio Padilla Segura en el marco de la conmemoraci\u00f3n del <em>D\u00eda del Ingeniero<\/em> que se celebra el 1\u00b0 de julio, que se celebra desde 1976 cada.<\/p>\n<p>&nbsp;<\/p>\n<p>A sus 20 a\u00f1os Jos\u00e9 Antonio ya hab\u00eda encontrado su vocaci\u00f3n, pues fue en este momento cuando concluy\u00f3 sus estudios como ingeniero electricista en la Escuela Superior de Ingenier\u00eda Mec\u00e1nica y El\u00e9ctrica (ESIME), con lo cual dar\u00eda paso a una intensa vida enfocada a compartir sus conocimientos.<\/p>\n<p>&nbsp;<\/p>\n<p>A partir de entonces el ingeniero Padilla Segura tuvo una trayectoria que inici\u00f3 como jefe de los laboratorios de la casa de estudios donde se form\u00f3, hasta llegar a destacados cargos como el de Director General del Instituto Polit\u00e9cnico Nacional (IPN) en 1963, a sus 41 a\u00f1os de edad. Fue durante su gesti\u00f3n en el IPN cuando inaugur\u00f3 el Centro Nacional de C\u00e1lculo (Cenac) y el Centro de Investigaci\u00f3n y Estudios Avanzados (Cinvestav).<\/p>\n<p>&nbsp;<\/p>\n<p>En la actualidad, ambos centros a\u00fan vigentes, son piezas fundamentales del IPN ya que contribuyen a la operaci\u00f3n, control y mantenimiento de los recursos de c\u00f3mputo, telecomunicaciones y sistemas de informaci\u00f3n del Instituto, adem\u00e1s de impulsar el desarrollo de la ciencia y la tecnolog\u00eda a trav\u00e9s de sus programas de doctorado y maestr\u00eda, en el caso del Cinvestav.<\/p>\n<p>&nbsp;<\/p>\n<p>Aunado a su trabajo que desarroll\u00f3 en el IPN, Padilla Segura fue tambi\u00e9n fundador y director del Colegio Nacional de Educaci\u00f3n Profesional T\u00e9cnica (Conalep) en 1979, el Sistema Educativo m\u00e1s grande del pa\u00eds, formador de cuadros t\u00e9cnicos de nivel medio superior que tanto demanda el pa\u00eds. (Su vocaci\u00f3n por la ense\u00f1anza fue uno de sus rasgos distintivos por lo que) se desempe\u00f1\u00f3 como docente en la Facultad de Ingenier\u00eda de la Universidad Aut\u00f3noma de M\u00e9xico (UNAM), as\u00ed como en la Universidad Iberoamericana durante m\u00e1s de 25 a\u00f1os.<\/p>\n<p>&nbsp;<\/p>\n<p>En el sector p\u00fablico destaca tambi\u00e9n su cargo como Secretario de Comunicaciones y Transportes de 1964 a 1970. Durante su gesti\u00f3n se elaboraron planes y programas como los de aeron\u00e1utica civil, nacional de aeropuertos, automatizaci\u00f3n telegr\u00e1fica, mecanizaci\u00f3n postal y, con la colaboraci\u00f3n de las empresas concesionarias, se elabor\u00f3 tambi\u00e9n el programa de servicios telef\u00f3nicos, todos ellos fundamentales en el desarrollo del pa\u00eds y, desde luego, para hacer realidad el enlace satelital para transmitir las Olimpiadas de M\u00e9xico en 1968.<\/p>\n<p>&nbsp;<\/p>\n<p>Fue Senador de la Rep\u00fablica de 1982 a 1988, en las legislaturas LII y LIII, durante las cuales cre\u00f3 el Centro de Inform\u00e1tica Legislativa del Senado de la Rep\u00fablica (CILSEN), hoy Instituto Legislativo del Senado (ILSEN), donde se digitalizan tanto el marco normativo y jur\u00eddico a nivel federal, como la colecci\u00f3n de las publicaciones del siglo XX del Diario Oficial.<\/p>\n<p>&nbsp;<\/p>\n<p>Tambi\u00e9n asumi\u00f3, de 1988 a 1992, el cargo de Asamble\u00edsta en la entonces Asamblea de Representantes del DF, ahora Asamblea Legislativa de la CDMX, donde impuls\u00f3 la creaci\u00f3n del Centro de Informaci\u00f3n, Documentaci\u00f3n y Archivo (CIDAR) con el objetivo de llevar a cabo la compilaci\u00f3n y clasificaci\u00f3n de la normatividad aplicable a toda la capital de la Rep\u00fablica Mexicana.<\/p>\n<p>&nbsp;<\/p>\n<p>Todo este trabajo ha derivado en m\u00faltiples reconocimientos y distinciones acad\u00e9micas a nivel nacional e internacional, como los t\u00edtulos de Doctor Honoris Causa de las Universidades de Sinaloa, Yucat\u00e1n y Aut\u00f3noma de San Luis Potos\u00ed.<\/p>\n<p>&nbsp;<\/p>\n<p>Adem\u00e1s de esas distinciones recibi\u00f3 el Premio Nacional de Ingenier\u00eda 1973-1974, el Premio Nacional de Ingenier\u00eda Mec\u00e1nica, El\u00e9ctrica, Electr\u00f3nica y Ramas Afines, 1993. Mientras que en el ramo internacional Jos\u00e9 Antonio Padilla fue distinguido con las Palmas Acad\u00e9micas de la Rep\u00fablica Francesa, as\u00ed como diversos reconocimientos en Italia, Alemania, Guatemala, Gran Breta\u00f1a, Brasil, B\u00e9lgica, Polonia, Nicaragua y Yugoslavia.<\/p>\n<p>&nbsp;<\/p>\n<p>\u201cLlevar los proyectos al punto de no retorno\u201d, fue una de las frases favoritas del ingeniero Jos\u00e9 Antonio Padilla Segura, lo cual da testimonio de la pasi\u00f3n con la que aport\u00f3 a la vida acad\u00e9mica y al desarrollo tecnol\u00f3gico de M\u00e9xico.<\/p>\n<p><img loading=\"lazy\" decoding=\"async\" class=\"alignnone wp-image-17518\" src=\"https:\/\/noti-america.com\/site\/principal\/wp-content\/uploads\/sites\/26\/2022\/07\/Ing-Maria-del-Carmen-Padilla-Longoria-300x199.jpg\" alt=\"\" width=\"449\" height=\"298\" srcset=\"https:\/\/noti-america.com\/site\/principal\/wp-content\/uploads\/sites\/26\/2022\/07\/Ing-Maria-del-Carmen-Padilla-Longoria-300x199.jpg 300w, https:\/\/noti-america.com\/site\/principal\/wp-content\/uploads\/sites\/26\/2022\/07\/Ing-Maria-del-Carmen-Padilla-Longoria-768x509.jpg 768w, https:\/\/noti-america.com\/site\/principal\/wp-content\/uploads\/sites\/26\/2022\/07\/Ing-Maria-del-Carmen-Padilla-Longoria-600x398.jpg 600w, https:\/\/noti-america.com\/site\/principal\/wp-content\/uploads\/sites\/26\/2022\/07\/Ing-Maria-del-Carmen-Padilla-Longoria-272x182.jpg 272w, https:\/\/noti-america.com\/site\/principal\/wp-content\/uploads\/sites\/26\/2022\/07\/Ing-Maria-del-Carmen-Padilla-Longoria.jpg 789w\" sizes=\"auto, (max-width: 449px) 100vw, 449px\" \/><img loading=\"lazy\" decoding=\"async\" class=\"alignnone size-medium wp-image-17519\" src=\"https:\/\/noti-america.com\/site\/principal\/wp-content\/uploads\/sites\/26\/2022\/07\/1.-JAPS-247x300.png\" alt=\"\" width=\"247\" height=\"300\" srcset=\"https:\/\/noti-america.com\/site\/principal\/wp-content\/uploads\/sites\/26\/2022\/07\/1.-JAPS-247x300.png 247w, https:\/\/noti-america.com\/site\/principal\/wp-content\/uploads\/sites\/26\/2022\/07\/1.-JAPS.png 480w\" sizes=\"auto, (max-width: 247px) 100vw, 247px\" \/><\/p>\n<p><img loading=\"lazy\" decoding=\"async\" class=\"alignnone size-medium wp-image-17522\" src=\"https:\/\/noti-america.com\/site\/principal\/wp-content\/uploads\/sites\/26\/2022\/07\/4.-Doctorado-Honoris-Causa-SLP-300x191.png\" alt=\"\" width=\"300\" height=\"191\" srcset=\"https:\/\/noti-america.com\/site\/principal\/wp-content\/uploads\/sites\/26\/2022\/07\/4.-Doctorado-Honoris-Causa-SLP-300x191.png 300w, https:\/\/noti-america.com\/site\/principal\/wp-content\/uploads\/sites\/26\/2022\/07\/4.-Doctorado-Honoris-Causa-SLP-768x489.png 768w, https:\/\/noti-america.com\/site\/principal\/wp-content\/uploads\/sites\/26\/2022\/07\/4.-Doctorado-Honoris-Causa-SLP-600x382.png 600w, https:\/\/noti-america.com\/site\/principal\/wp-content\/uploads\/sites\/26\/2022\/07\/4.-Doctorado-Honoris-Causa-SLP.png 875w\" sizes=\"auto, (max-width: 300px) 100vw, 300px\" \/><img loading=\"lazy\" decoding=\"async\" class=\"alignnone  wp-image-17521\" src=\"https:\/\/noti-america.com\/site\/principal\/wp-content\/uploads\/sites\/26\/2022\/07\/2.-premio-nacional-de-ingenieria-1975-1-300x185.png\" alt=\"\" width=\"310\" height=\"191\" srcset=\"https:\/\/noti-america.com\/site\/principal\/wp-content\/uploads\/sites\/26\/2022\/07\/2.-premio-nacional-de-ingenieria-1975-1-300x185.png 300w, https:\/\/noti-america.com\/site\/principal\/wp-content\/uploads\/sites\/26\/2022\/07\/2.-premio-nacional-de-ingenieria-1975-1-768x474.png 768w, https:\/\/noti-america.com\/site\/principal\/wp-content\/uploads\/sites\/26\/2022\/07\/2.-premio-nacional-de-ingenieria-1975-1-600x370.png 600w, https:\/\/noti-america.com\/site\/principal\/wp-content\/uploads\/sites\/26\/2022\/07\/2.-premio-nacional-de-ingenieria-1975-1.png 958w\" sizes=\"auto, (max-width: 310px) 100vw, 310px\" \/><\/p>\n","protected":false},"excerpt":{"rendered":"<p>ACADEMIA DE INGENIER\u00cdA. M\u00c9XICO RINDE HOMENAJE P\u00d3STUMO A JOS\u00c9 ANTONIO PADILLA SEGURA (1922 \u2013 2012) \u00a0 Tras 70 a\u00f1os de trayectoria, el ingeniero Padilla Segura contribuy\u00f3 a la Academia y desarrollo tecnol\u00f3gico del pa\u00eds.&#46;&#46;&#46;<\/p>\n","protected":false},"author":2,"featured_media":17516,"comment_status":"closed","ping_status":"open","sticky":false,"template":"","format":"image","meta":{"_acf_changed":false,"rop_custom_images_group":[],"rop_custom_messages_group":[],"rop_publish_now":"initial","rop_publish_now_accounts":{"facebook_10219548024599422_1632221337088128":"","twitter_242054905_242054905":""},"rop_publish_now_history":[],"rop_publish_now_status":"pending","footnotes":""},"categories":[663],"tags":[],"class_list":["post-17515","post","type-post","status-publish","format-image","has-post-thumbnail","hentry","category-actualidad","post_format-post-format-image"],"acf":[],"yoast_head":"<!-- This site is optimized with the Yoast SEO Premium plugin v24.9 (Yoast SEO v27.2) - https:\/\/yoast.com\/product\/yoast-seo-premium-wordpress\/ -->\n<title>ACADEMIA DE INGENIER\u00cdA. M\u00c9XICO RINDE HOMENAJE P\u00d3STUMO A JOS\u00c9 ANTONIO PADILLA SEGURA (1922 \u2013 2012) - Noti-America.com<\/title>\n<meta name=\"robots\" content=\"index, follow, max-snippet:-1, max-image-preview:large, max-video-preview:-1\" \/>\n<link rel=\"canonical\" href=\"https:\/\/noti-america.com\/site\/principal\/2022\/07\/27\/academia-de-ingenieria-mexico-rinde-homenaje-postumo-a-jose-antonio-padilla-segura-1922-2012\/\" \/>\n<meta property=\"og:locale\" content=\"es_ES\" \/>\n<meta property=\"og:type\" content=\"article\" \/>\n<meta property=\"og:title\" content=\"ACADEMIA DE INGENIER\u00cdA. M\u00c9XICO RINDE HOMENAJE P\u00d3STUMO A JOS\u00c9 ANTONIO PADILLA SEGURA (1922 \u2013 2012)\" \/>\n<meta property=\"og:description\" content=\"ACADEMIA DE INGENIER\u00cdA. M\u00c9XICO RINDE HOMENAJE P\u00d3STUMO A JOS\u00c9 ANTONIO PADILLA SEGURA (1922 \u2013 2012) \u00a0 Tras 70 a\u00f1os de trayectoria, el ingeniero Padilla Segura contribuy\u00f3 a la Academia y desarrollo tecnol\u00f3gico del pa\u00eds.&#046;&#046;&#046;\" \/>\n<meta property=\"og:url\" content=\"https:\/\/noti-america.com\/site\/principal\/2022\/07\/27\/academia-de-ingenieria-mexico-rinde-homenaje-postumo-a-jose-antonio-padilla-segura-1922-2012\/\" \/>\n<meta property=\"og:site_name\" content=\"Noti-America.com\" \/>\n<meta property=\"article:published_time\" content=\"2022-07-27T20:35:12+00:00\" \/>\n<meta property=\"og:image\" content=\"https:\/\/noti-america.com\/site\/principal\/wp-content\/uploads\/sites\/26\/2022\/07\/Presidium.2..jpg\" \/>\n\t<meta property=\"og:image:width\" content=\"890\" \/>\n\t<meta property=\"og:image:height\" content=\"589\" \/>\n\t<meta property=\"og:image:type\" content=\"image\/jpeg\" \/>\n<meta name=\"author\" content=\"rloaiza\" \/>\n<meta name=\"twitter:card\" content=\"summary_large_image\" \/>\n<meta name=\"twitter:label1\" content=\"Escrito por\" \/>\n\t<meta name=\"twitter:data1\" content=\"rloaiza\" \/>\n\t<meta name=\"twitter:label2\" content=\"Tiempo estimado de lectura\" \/>\n\t<meta name=\"twitter:data2\" content=\"5 minutos\" \/>\n<script type=\"application\/ld+json\" class=\"yoast-schema-graph\">{\"@context\":\"https:\/\/schema.org\",\"@graph\":[{\"@type\":\"Article\",\"@id\":\"https:\/\/noti-america.com\/site\/principal\/2022\/07\/27\/academia-de-ingenieria-mexico-rinde-homenaje-postumo-a-jose-antonio-padilla-segura-1922-2012\/#article\",\"isPartOf\":{\"@id\":\"https:\/\/noti-america.com\/site\/principal\/2022\/07\/27\/academia-de-ingenieria-mexico-rinde-homenaje-postumo-a-jose-antonio-padilla-segura-1922-2012\/\"},\"author\":{\"name\":\"rloaiza\",\"@id\":\"https:\/\/noti-america.com\/site\/principal\/#\/schema\/person\/a2e478ba496331ce89bcd0c731cd6533\"},\"headline\":\"ACADEMIA DE INGENIER\u00cdA. M\u00c9XICO RINDE HOMENAJE P\u00d3STUMO A JOS\u00c9 ANTONIO PADILLA SEGURA (1922 \u2013 2012)\",\"datePublished\":\"2022-07-27T20:35:12+00:00\",\"mainEntityOfPage\":{\"@id\":\"https:\/\/noti-america.com\/site\/principal\/2022\/07\/27\/academia-de-ingenieria-mexico-rinde-homenaje-postumo-a-jose-antonio-padilla-segura-1922-2012\/\"},\"wordCount\":916,\"image\":{\"@id\":\"https:\/\/noti-america.com\/site\/principal\/2022\/07\/27\/academia-de-ingenieria-mexico-rinde-homenaje-postumo-a-jose-antonio-padilla-segura-1922-2012\/#primaryimage\"},\"thumbnailUrl\":\"https:\/\/noti-america.com\/site\/principal\/wp-content\/uploads\/sites\/26\/2022\/07\/Presidium.2..jpg\",\"articleSection\":[\"Actualidad\"],\"inLanguage\":\"es\"},{\"@type\":\"WebPage\",\"@id\":\"https:\/\/noti-america.com\/site\/principal\/2022\/07\/27\/academia-de-ingenieria-mexico-rinde-homenaje-postumo-a-jose-antonio-padilla-segura-1922-2012\/\",\"url\":\"https:\/\/noti-america.com\/site\/principal\/2022\/07\/27\/academia-de-ingenieria-mexico-rinde-homenaje-postumo-a-jose-antonio-padilla-segura-1922-2012\/\",\"name\":\"ACADEMIA DE INGENIER\u00cdA. M\u00c9XICO RINDE HOMENAJE P\u00d3STUMO A JOS\u00c9 ANTONIO PADILLA SEGURA (1922 \u2013 2012) - Noti-America.com\",\"isPartOf\":{\"@id\":\"https:\/\/noti-america.com\/site\/principal\/#website\"},\"primaryImageOfPage\":{\"@id\":\"https:\/\/noti-america.com\/site\/principal\/2022\/07\/27\/academia-de-ingenieria-mexico-rinde-homenaje-postumo-a-jose-antonio-padilla-segura-1922-2012\/#primaryimage\"},\"image\":{\"@id\":\"https:\/\/noti-america.com\/site\/principal\/2022\/07\/27\/academia-de-ingenieria-mexico-rinde-homenaje-postumo-a-jose-antonio-padilla-segura-1922-2012\/#primaryimage\"},\"thumbnailUrl\":\"https:\/\/noti-america.com\/site\/principal\/wp-content\/uploads\/sites\/26\/2022\/07\/Presidium.2..jpg\",\"datePublished\":\"2022-07-27T20:35:12+00:00\",\"author\":{\"@id\":\"https:\/\/noti-america.com\/site\/principal\/#\/schema\/person\/a2e478ba496331ce89bcd0c731cd6533\"},\"breadcrumb\":{\"@id\":\"https:\/\/noti-america.com\/site\/principal\/2022\/07\/27\/academia-de-ingenieria-mexico-rinde-homenaje-postumo-a-jose-antonio-padilla-segura-1922-2012\/#breadcrumb\"},\"inLanguage\":\"es\",\"potentialAction\":[{\"@type\":\"ReadAction\",\"target\":[\"https:\/\/noti-america.com\/site\/principal\/2022\/07\/27\/academia-de-ingenieria-mexico-rinde-homenaje-postumo-a-jose-antonio-padilla-segura-1922-2012\/\"]}]},{\"@type\":\"ImageObject\",\"inLanguage\":\"es\",\"@id\":\"https:\/\/noti-america.com\/site\/principal\/2022\/07\/27\/academia-de-ingenieria-mexico-rinde-homenaje-postumo-a-jose-antonio-padilla-segura-1922-2012\/#primaryimage\",\"url\":\"https:\/\/noti-america.com\/site\/principal\/wp-content\/uploads\/sites\/26\/2022\/07\/Presidium.2..jpg\",\"contentUrl\":\"https:\/\/noti-america.com\/site\/principal\/wp-content\/uploads\/sites\/26\/2022\/07\/Presidium.2..jpg\",\"width\":890,\"height\":589},{\"@type\":\"BreadcrumbList\",\"@id\":\"https:\/\/noti-america.com\/site\/principal\/2022\/07\/27\/academia-de-ingenieria-mexico-rinde-homenaje-postumo-a-jose-antonio-padilla-segura-1922-2012\/#breadcrumb\",\"itemListElement\":[{\"@type\":\"ListItem\",\"position\":1,\"name\":\"Portada\",\"item\":\"https:\/\/noti-america.com\/site\/principal\/\"},{\"@type\":\"ListItem\",\"position\":2,\"name\":\"ACADEMIA DE INGENIER\u00cdA. M\u00c9XICO RINDE HOMENAJE P\u00d3STUMO A JOS\u00c9 ANTONIO PADILLA SEGURA (1922 \u2013 2012)\"}]},{\"@type\":\"WebSite\",\"@id\":\"https:\/\/noti-america.com\/site\/principal\/#website\",\"url\":\"https:\/\/noti-america.com\/site\/principal\/\",\"name\":\"Noti-America.com\",\"description\":\"El Noticiero Digital M\u00e1s Grande de Am\u00e9rica\",\"potentialAction\":[{\"@type\":\"SearchAction\",\"target\":{\"@type\":\"EntryPoint\",\"urlTemplate\":\"https:\/\/noti-america.com\/site\/principal\/?s={search_term_string}\"},\"query-input\":{\"@type\":\"PropertyValueSpecification\",\"valueRequired\":true,\"valueName\":\"search_term_string\"}}],\"inLanguage\":\"es\"},{\"@type\":\"Person\",\"@id\":\"https:\/\/noti-america.com\/site\/principal\/#\/schema\/person\/a2e478ba496331ce89bcd0c731cd6533\",\"name\":\"rloaiza\",\"image\":{\"@type\":\"ImageObject\",\"inLanguage\":\"es\",\"@id\":\"https:\/\/secure.gravatar.com\/avatar\/190058e5d4427934610b99c45aa7a6558806850adedd53ddeddd194b04773e22?s=96&d=mm&r=g\",\"url\":\"https:\/\/secure.gravatar.com\/avatar\/190058e5d4427934610b99c45aa7a6558806850adedd53ddeddd194b04773e22?s=96&d=mm&r=g\",\"contentUrl\":\"https:\/\/secure.gravatar.com\/avatar\/190058e5d4427934610b99c45aa7a6558806850adedd53ddeddd194b04773e22?s=96&d=mm&r=g\",\"caption\":\"rloaiza\"},\"url\":\"https:\/\/noti-america.com\/site\/principal\/author\/rloaiza\/\"}]}<\/script>\n<!-- \/ Yoast SEO Premium plugin. -->","yoast_head_json":{"title":"ACADEMIA DE INGENIER\u00cdA. M\u00c9XICO RINDE HOMENAJE P\u00d3STUMO A JOS\u00c9 ANTONIO PADILLA SEGURA (1922 \u2013 2012) - Noti-America.com","robots":{"index":"index","follow":"follow","max-snippet":"max-snippet:-1","max-image-preview":"max-image-preview:large","max-video-preview":"max-video-preview:-1"},"canonical":"https:\/\/noti-america.com\/site\/principal\/2022\/07\/27\/academia-de-ingenieria-mexico-rinde-homenaje-postumo-a-jose-antonio-padilla-segura-1922-2012\/","og_locale":"es_ES","og_type":"article","og_title":"ACADEMIA DE INGENIER\u00cdA. M\u00c9XICO RINDE HOMENAJE P\u00d3STUMO A JOS\u00c9 ANTONIO PADILLA SEGURA (1922 \u2013 2012)","og_description":"ACADEMIA DE INGENIER\u00cdA. M\u00c9XICO RINDE HOMENAJE P\u00d3STUMO A JOS\u00c9 ANTONIO PADILLA SEGURA (1922 \u2013 2012) \u00a0 Tras 70 a\u00f1os de trayectoria, el ingeniero Padilla Segura contribuy\u00f3 a la Academia y desarrollo tecnol\u00f3gico del pa\u00eds.&#46;&#46;&#46;","og_url":"https:\/\/noti-america.com\/site\/principal\/2022\/07\/27\/academia-de-ingenieria-mexico-rinde-homenaje-postumo-a-jose-antonio-padilla-segura-1922-2012\/","og_site_name":"Noti-America.com","article_published_time":"2022-07-27T20:35:12+00:00","og_image":[{"width":890,"height":589,"url":"https:\/\/noti-america.com\/site\/principal\/wp-content\/uploads\/sites\/26\/2022\/07\/Presidium.2..jpg","type":"image\/jpeg"}],"author":"rloaiza","twitter_card":"summary_large_image","twitter_misc":{"Escrito por":"rloaiza","Tiempo estimado de lectura":"5 minutos"},"schema":{"@context":"https:\/\/schema.org","@graph":[{"@type":"Article","@id":"https:\/\/noti-america.com\/site\/principal\/2022\/07\/27\/academia-de-ingenieria-mexico-rinde-homenaje-postumo-a-jose-antonio-padilla-segura-1922-2012\/#article","isPartOf":{"@id":"https:\/\/noti-america.com\/site\/principal\/2022\/07\/27\/academia-de-ingenieria-mexico-rinde-homenaje-postumo-a-jose-antonio-padilla-segura-1922-2012\/"},"author":{"name":"rloaiza","@id":"https:\/\/noti-america.com\/site\/principal\/#\/schema\/person\/a2e478ba496331ce89bcd0c731cd6533"},"headline":"ACADEMIA DE INGENIER\u00cdA. M\u00c9XICO RINDE HOMENAJE P\u00d3STUMO A JOS\u00c9 ANTONIO PADILLA SEGURA (1922 \u2013 2012)","datePublished":"2022-07-27T20:35:12+00:00","mainEntityOfPage":{"@id":"https:\/\/noti-america.com\/site\/principal\/2022\/07\/27\/academia-de-ingenieria-mexico-rinde-homenaje-postumo-a-jose-antonio-padilla-segura-1922-2012\/"},"wordCount":916,"image":{"@id":"https:\/\/noti-america.com\/site\/principal\/2022\/07\/27\/academia-de-ingenieria-mexico-rinde-homenaje-postumo-a-jose-antonio-padilla-segura-1922-2012\/#primaryimage"},"thumbnailUrl":"https:\/\/noti-america.com\/site\/principal\/wp-content\/uploads\/sites\/26\/2022\/07\/Presidium.2..jpg","articleSection":["Actualidad"],"inLanguage":"es"},{"@type":"WebPage","@id":"https:\/\/noti-america.com\/site\/principal\/2022\/07\/27\/academia-de-ingenieria-mexico-rinde-homenaje-postumo-a-jose-antonio-padilla-segura-1922-2012\/","url":"https:\/\/noti-america.com\/site\/principal\/2022\/07\/27\/academia-de-ingenieria-mexico-rinde-homenaje-postumo-a-jose-antonio-padilla-segura-1922-2012\/","name":"ACADEMIA DE INGENIER\u00cdA. M\u00c9XICO RINDE HOMENAJE P\u00d3STUMO A JOS\u00c9 ANTONIO PADILLA SEGURA (1922 \u2013 2012) - Noti-America.com","isPartOf":{"@id":"https:\/\/noti-america.com\/site\/principal\/#website"},"primaryImageOfPage":{"@id":"https:\/\/noti-america.com\/site\/principal\/2022\/07\/27\/academia-de-ingenieria-mexico-rinde-homenaje-postumo-a-jose-antonio-padilla-segura-1922-2012\/#primaryimage"},"image":{"@id":"https:\/\/noti-america.com\/site\/principal\/2022\/07\/27\/academia-de-ingenieria-mexico-rinde-homenaje-postumo-a-jose-antonio-padilla-segura-1922-2012\/#primaryimage"},"thumbnailUrl":"https:\/\/noti-america.com\/site\/principal\/wp-content\/uploads\/sites\/26\/2022\/07\/Presidium.2..jpg","datePublished":"2022-07-27T20:35:12+00:00","author":{"@id":"https:\/\/noti-america.com\/site\/principal\/#\/schema\/person\/a2e478ba496331ce89bcd0c731cd6533"},"breadcrumb":{"@id":"https:\/\/noti-america.com\/site\/principal\/2022\/07\/27\/academia-de-ingenieria-mexico-rinde-homenaje-postumo-a-jose-antonio-padilla-segura-1922-2012\/#breadcrumb"},"inLanguage":"es","potentialAction":[{"@type":"ReadAction","target":["https:\/\/noti-america.com\/site\/principal\/2022\/07\/27\/academia-de-ingenieria-mexico-rinde-homenaje-postumo-a-jose-antonio-padilla-segura-1922-2012\/"]}]},{"@type":"ImageObject","inLanguage":"es","@id":"https:\/\/noti-america.com\/site\/principal\/2022\/07\/27\/academia-de-ingenieria-mexico-rinde-homenaje-postumo-a-jose-antonio-padilla-segura-1922-2012\/#primaryimage","url":"https:\/\/noti-america.com\/site\/principal\/wp-content\/uploads\/sites\/26\/2022\/07\/Presidium.2..jpg","contentUrl":"https:\/\/noti-america.com\/site\/principal\/wp-content\/uploads\/sites\/26\/2022\/07\/Presidium.2..jpg","width":890,"height":589},{"@type":"BreadcrumbList","@id":"https:\/\/noti-america.com\/site\/principal\/2022\/07\/27\/academia-de-ingenieria-mexico-rinde-homenaje-postumo-a-jose-antonio-padilla-segura-1922-2012\/#breadcrumb","itemListElement":[{"@type":"ListItem","position":1,"name":"Portada","item":"https:\/\/noti-america.com\/site\/principal\/"},{"@type":"ListItem","position":2,"name":"ACADEMIA DE INGENIER\u00cdA. M\u00c9XICO RINDE HOMENAJE P\u00d3STUMO A JOS\u00c9 ANTONIO PADILLA SEGURA (1922 \u2013 2012)"}]},{"@type":"WebSite","@id":"https:\/\/noti-america.com\/site\/principal\/#website","url":"https:\/\/noti-america.com\/site\/principal\/","name":"Noti-America.com","description":"El Noticiero Digital M\u00e1s Grande de Am\u00e9rica","potentialAction":[{"@type":"SearchAction","target":{"@type":"EntryPoint","urlTemplate":"https:\/\/noti-america.com\/site\/principal\/?s={search_term_string}"},"query-input":{"@type":"PropertyValueSpecification","valueRequired":true,"valueName":"search_term_string"}}],"inLanguage":"es"},{"@type":"Person","@id":"https:\/\/noti-america.com\/site\/principal\/#\/schema\/person\/a2e478ba496331ce89bcd0c731cd6533","name":"rloaiza","image":{"@type":"ImageObject","inLanguage":"es","@id":"https:\/\/secure.gravatar.com\/avatar\/190058e5d4427934610b99c45aa7a6558806850adedd53ddeddd194b04773e22?s=96&d=mm&r=g","url":"https:\/\/secure.gravatar.com\/avatar\/190058e5d4427934610b99c45aa7a6558806850adedd53ddeddd194b04773e22?s=96&d=mm&r=g","contentUrl":"https:\/\/secure.gravatar.com\/avatar\/190058e5d4427934610b99c45aa7a6558806850adedd53ddeddd194b04773e22?s=96&d=mm&r=g","caption":"rloaiza"},"url":"https:\/\/noti-america.com\/site\/principal\/author\/rloaiza\/"}]}},"_links":{"self":[{"href":"https:\/\/noti-america.com\/site\/principal\/wp-json\/wp\/v2\/posts\/17515","targetHints":{"allow":["GET"]}}],"collection":[{"href":"https:\/\/noti-america.com\/site\/principal\/wp-json\/wp\/v2\/posts"}],"about":[{"href":"https:\/\/noti-america.com\/site\/principal\/wp-json\/wp\/v2\/types\/post"}],"author":[{"embeddable":true,"href":"https:\/\/noti-america.com\/site\/principal\/wp-json\/wp\/v2\/users\/2"}],"replies":[{"embeddable":true,"href":"https:\/\/noti-america.com\/site\/principal\/wp-json\/wp\/v2\/comments?post=17515"}],"version-history":[{"count":2,"href":"https:\/\/noti-america.com\/site\/principal\/wp-json\/wp\/v2\/posts\/17515\/revisions"}],"predecessor-version":[{"id":17523,"href":"https:\/\/noti-america.com\/site\/principal\/wp-json\/wp\/v2\/posts\/17515\/revisions\/17523"}],"wp:featuredmedia":[{"embeddable":true,"href":"https:\/\/noti-america.com\/site\/principal\/wp-json\/wp\/v2\/media\/17516"}],"wp:attachment":[{"href":"https:\/\/noti-america.com\/site\/principal\/wp-json\/wp\/v2\/media?parent=17515"}],"wp:term":[{"taxonomy":"category","embeddable":true,"href":"https:\/\/noti-america.com\/site\/principal\/wp-json\/wp\/v2\/categories?post=17515"},{"taxonomy":"post_tag","embeddable":true,"href":"https:\/\/noti-america.com\/site\/principal\/wp-json\/wp\/v2\/tags?post=17515"}],"curies":[{"name":"wp","href":"https:\/\/api.w.org\/{rel}","templated":true}]}}