{"id":1706,"date":"2018-03-25T17:42:24","date_gmt":"2018-03-25T17:42:24","guid":{"rendered":"http:\/\/noti-america.com\/site\/alemania\/?p=1706"},"modified":"2018-03-25T17:42:24","modified_gmt":"2018-03-25T17:42:24","slug":"tres-dias-de-duelo-en-honor-a-creador-de-sistema-musical-venezolano","status":"publish","type":"post","link":"https:\/\/noti-america.com\/site\/principal\/2018\/03\/25\/tres-dias-de-duelo-en-honor-a-creador-de-sistema-musical-venezolano\/","title":{"rendered":"Tres d\u00edas de duelo en honor a creador de sistema musical venezolano"},"content":{"rendered":"<p>Caracas\u2013 El presidente\u00a0de Venezuela, Nicol\u00e1s Maduro, decret\u00f3 hoy tres d\u00edas de duelo por la muerte del m\u00fasico Jos\u00e9 Antonio Abreu, fundador del reconocido Sistema de Orquestas Juveniles e Infantiles.<\/p>\n<p>Abreu muri\u00f3 el s\u00e1bado a los 79 a\u00f1os, lo que enlut\u00f3 al \u00e1mbito musical venezolano.<\/p>\n<p>\u00abUn gran hombre parti\u00f3 f\u00edsicamente. Pero \u00e9l ya trascendi\u00f3, su obra est\u00e1 en los barrios de Venezuela. Hemos decretado tres d\u00edas de duelo nacional por el fallecimiento del gran maestro Abreu\u00bb, dijo Maduro en su cuenta de Twitter.<\/p>\n<p>El presidente reconoci\u00f3 la obra de Abreu entreg\u00e1ndole a sus familiares una r\u00e9plica de la espada del Libertador Sim\u00f3n Bol\u00edvar en el acto de sepelio del m\u00fasico.<\/p>\n<p>El ministro de Cultura, Ernesto Villegas, inform\u00f3 que el presidente ofrend\u00f3 la r\u00e9plica de la espada ante el ata\u00fad de Abreu en la despedida con familiares y amigos m\u00e1s \u00edntimos del maestro.<\/p>\n<p>\u00abUn hombre como el maestro Abreu ha dejado una huella tan profunda en el pa\u00eds, en la historia. El maestro Abreu hizo historia de la bonita, de la grande, transmitiendo valores, construyendo una gran obra en la juventud, en los ni\u00f1os, en la familia venezolana\u00bb, se\u00f1al\u00f3 Maduro.<\/p>\n<p>Economista de profesi\u00f3n, el compositor y gerente cultural recibi\u00f3 aplausos por sus esfuerzos por llevar la m\u00fasica a todos los sectores de la sociedad, creando un modelo replicado a nivel mundial.<\/p>\n<p>Fue un laureado compositor e int\u00e9rprete de piano, clavec\u00edn y \u00f3rgano, adem\u00e1s de director de orquesta y gerente musical.<\/p>\n<p>Naci\u00f3 en la localidad andina de Valera, el 7 de mayo de 1939 y desde joven mostr\u00f3 inclinaci\u00f3n por la m\u00fasica. Realiz\u00f3 estudios en Caracas, donde tambi\u00e9n se titul\u00f3 de economista en la Universidad Cat\u00f3lica Andr\u00e9s Bello.<\/p>\n<p>Abreu recibi\u00f3 en 1967 el Premio Nacional de M\u00fasica Sinf\u00f3nica. Entre 1989 y 1995 fue ministro de Cultura, vicepresidente y director del Consejo Nacional de la Cultura (Conac), ya desaparecido.<\/p>\n<p>Su mayor aporte fue la creaci\u00f3n del Sistema de Orquestas Infantiles y Juveniles, fundado en 1975. Con el proyecto, Abreu busc\u00f3 sistematizar la instrucci\u00f3n y la pr\u00e1ctica colectiva e individual de la m\u00fasica.<\/p>\n<p>El Sistema de Orquestas ha perdurado en el tiempo, d\u00e1ndoles opciones a los j\u00f3venes para cultivarse en la m\u00fasica. Actualmente introduce en la ense\u00f1anza musical a m\u00e1s de 900.000 ni\u00f1os y j\u00f3venes en el pa\u00eds.<\/p>\n<p>Abreu fue una firme creyente en el poder transformador de la m\u00fasica, considerando al sistema de orquestas un \u00abproyecto social porque aspira a aplicar la m\u00fasica al desarrollo del hombre\u00bb, seg\u00fan dijo en una entrevista.<\/p>\n<p>Entre los reconocimientos internacionales que recibi\u00f3 est\u00e1 el Premio Pr\u00edncipe de Asturias de las Artes.<\/p>\n<p>Fuente(dpa)<\/p>\n","protected":false},"excerpt":{"rendered":"<p>Caracas\u2013 El presidente\u00a0de Venezuela, Nicol\u00e1s Maduro, decret\u00f3 hoy tres d\u00edas de duelo por la muerte del m\u00fasico Jos\u00e9 Antonio Abreu, fundador del reconocido Sistema de Orquestas Juveniles e Infantiles. Abreu muri\u00f3 el s\u00e1bado a&#46;&#46;&#46;<\/p>\n","protected":false},"author":31,"featured_media":1707,"comment_status":"open","ping_status":"open","sticky":false,"template":"","format":"standard","meta":{"_acf_changed":false,"rop_custom_images_group":[],"rop_custom_messages_group":[],"rop_publish_now":"initial","rop_publish_now_accounts":{"facebook_10219548024599422_1632221337088128":"","twitter_242054905_242054905":""},"rop_publish_now_history":[],"rop_publish_now_status":"pending","footnotes":""},"categories":[4,128,100],"tags":[],"class_list":["post-1706","post","type-post","status-publish","format-standard","has-post-thumbnail","hentry","category-internacionales","category-musica-2","category-venezuela"],"acf":[],"yoast_head":"<!-- This site is optimized with the Yoast SEO Premium plugin v24.9 (Yoast SEO v27.2) - https:\/\/yoast.com\/product\/yoast-seo-premium-wordpress\/ -->\n<title>Tres d\u00edas de duelo en honor a creador de sistema musical venezolano - Noti-America.com<\/title>\n<meta name=\"robots\" content=\"index, follow, max-snippet:-1, max-image-preview:large, max-video-preview:-1\" \/>\n<link rel=\"canonical\" href=\"https:\/\/noti-america.com\/site\/principal\/2018\/03\/25\/tres-dias-de-duelo-en-honor-a-creador-de-sistema-musical-venezolano\/\" \/>\n<meta property=\"og:locale\" content=\"es_ES\" \/>\n<meta property=\"og:type\" content=\"article\" \/>\n<meta property=\"og:title\" content=\"Tres d\u00edas de duelo en honor a creador de sistema musical venezolano\" \/>\n<meta property=\"og:description\" content=\"Caracas\u2013 El presidente\u00a0de Venezuela, Nicol\u00e1s Maduro, decret\u00f3 hoy tres d\u00edas de duelo por la muerte del m\u00fasico Jos\u00e9 Antonio Abreu, fundador del reconocido Sistema de Orquestas Juveniles e Infantiles. Abreu muri\u00f3 el s\u00e1bado a&#046;&#046;&#046;\" \/>\n<meta property=\"og:url\" content=\"https:\/\/noti-america.com\/site\/principal\/2018\/03\/25\/tres-dias-de-duelo-en-honor-a-creador-de-sistema-musical-venezolano\/\" \/>\n<meta property=\"og:site_name\" content=\"Noti-America.com\" \/>\n<meta property=\"article:published_time\" content=\"2018-03-25T17:42:24+00:00\" \/>\n<meta property=\"og:image\" content=\"https:\/\/noti-america.com\/site\/principal\/wp-content\/uploads\/sites\/26\/2018\/03\/Tres-d\u00edas-de-duelo-en-honor-a-creador-de-sistema-musical-venezolano-.jpg\" \/>\n\t<meta property=\"og:image:width\" content=\"600\" \/>\n\t<meta property=\"og:image:height\" content=\"340\" \/>\n\t<meta property=\"og:image:type\" content=\"image\/jpeg\" \/>\n<meta name=\"author\" content=\"Ydalith Figueroa Kad-Bay\" \/>\n<meta name=\"twitter:card\" content=\"summary_large_image\" \/>\n<meta name=\"twitter:creator\" content=\"@ydalithkad\" \/>\n<meta name=\"twitter:label1\" content=\"Escrito por\" \/>\n\t<meta name=\"twitter:data1\" content=\"Ydalith Figueroa Kad-Bay\" \/>\n\t<meta name=\"twitter:label2\" content=\"Tiempo estimado de lectura\" \/>\n\t<meta name=\"twitter:data2\" content=\"2 minutos\" \/>\n<script type=\"application\/ld+json\" class=\"yoast-schema-graph\">{\"@context\":\"https:\/\/schema.org\",\"@graph\":[{\"@type\":\"Article\",\"@id\":\"https:\/\/noti-america.com\/site\/principal\/2018\/03\/25\/tres-dias-de-duelo-en-honor-a-creador-de-sistema-musical-venezolano\/#article\",\"isPartOf\":{\"@id\":\"https:\/\/noti-america.com\/site\/principal\/2018\/03\/25\/tres-dias-de-duelo-en-honor-a-creador-de-sistema-musical-venezolano\/\"},\"author\":{\"name\":\"Ydalith Figueroa Kad-Bay\",\"@id\":\"https:\/\/noti-america.com\/site\/principal\/#\/schema\/person\/1a24e37c3c358f389f0a111448ddb870\"},\"headline\":\"Tres d\u00edas de duelo en honor a creador de sistema musical venezolano\",\"datePublished\":\"2018-03-25T17:42:24+00:00\",\"mainEntityOfPage\":{\"@id\":\"https:\/\/noti-america.com\/site\/principal\/2018\/03\/25\/tres-dias-de-duelo-en-honor-a-creador-de-sistema-musical-venezolano\/\"},\"wordCount\":477,\"commentCount\":0,\"image\":{\"@id\":\"https:\/\/noti-america.com\/site\/principal\/2018\/03\/25\/tres-dias-de-duelo-en-honor-a-creador-de-sistema-musical-venezolano\/#primaryimage\"},\"thumbnailUrl\":\"https:\/\/noti-america.com\/site\/principal\/wp-content\/uploads\/sites\/26\/2018\/03\/Tres-d\u00edas-de-duelo-en-honor-a-creador-de-sistema-musical-venezolano-.jpg\",\"articleSection\":[\"Internacionales\",\"Musica\",\"Venezuela\"],\"inLanguage\":\"es\",\"potentialAction\":[{\"@type\":\"CommentAction\",\"name\":\"Comment\",\"target\":[\"https:\/\/noti-america.com\/site\/principal\/2018\/03\/25\/tres-dias-de-duelo-en-honor-a-creador-de-sistema-musical-venezolano\/#respond\"]}]},{\"@type\":\"WebPage\",\"@id\":\"https:\/\/noti-america.com\/site\/principal\/2018\/03\/25\/tres-dias-de-duelo-en-honor-a-creador-de-sistema-musical-venezolano\/\",\"url\":\"https:\/\/noti-america.com\/site\/principal\/2018\/03\/25\/tres-dias-de-duelo-en-honor-a-creador-de-sistema-musical-venezolano\/\",\"name\":\"Tres d\u00edas de duelo en honor a creador de sistema musical venezolano - Noti-America.com\",\"isPartOf\":{\"@id\":\"https:\/\/noti-america.com\/site\/principal\/#website\"},\"primaryImageOfPage\":{\"@id\":\"https:\/\/noti-america.com\/site\/principal\/2018\/03\/25\/tres-dias-de-duelo-en-honor-a-creador-de-sistema-musical-venezolano\/#primaryimage\"},\"image\":{\"@id\":\"https:\/\/noti-america.com\/site\/principal\/2018\/03\/25\/tres-dias-de-duelo-en-honor-a-creador-de-sistema-musical-venezolano\/#primaryimage\"},\"thumbnailUrl\":\"https:\/\/noti-america.com\/site\/principal\/wp-content\/uploads\/sites\/26\/2018\/03\/Tres-d\u00edas-de-duelo-en-honor-a-creador-de-sistema-musical-venezolano-.jpg\",\"datePublished\":\"2018-03-25T17:42:24+00:00\",\"author\":{\"@id\":\"https:\/\/noti-america.com\/site\/principal\/#\/schema\/person\/1a24e37c3c358f389f0a111448ddb870\"},\"breadcrumb\":{\"@id\":\"https:\/\/noti-america.com\/site\/principal\/2018\/03\/25\/tres-dias-de-duelo-en-honor-a-creador-de-sistema-musical-venezolano\/#breadcrumb\"},\"inLanguage\":\"es\",\"potentialAction\":[{\"@type\":\"ReadAction\",\"target\":[\"https:\/\/noti-america.com\/site\/principal\/2018\/03\/25\/tres-dias-de-duelo-en-honor-a-creador-de-sistema-musical-venezolano\/\"]}]},{\"@type\":\"ImageObject\",\"inLanguage\":\"es\",\"@id\":\"https:\/\/noti-america.com\/site\/principal\/2018\/03\/25\/tres-dias-de-duelo-en-honor-a-creador-de-sistema-musical-venezolano\/#primaryimage\",\"url\":\"https:\/\/noti-america.com\/site\/principal\/wp-content\/uploads\/sites\/26\/2018\/03\/Tres-d\u00edas-de-duelo-en-honor-a-creador-de-sistema-musical-venezolano-.jpg\",\"contentUrl\":\"https:\/\/noti-america.com\/site\/principal\/wp-content\/uploads\/sites\/26\/2018\/03\/Tres-d\u00edas-de-duelo-en-honor-a-creador-de-sistema-musical-venezolano-.jpg\",\"width\":600,\"height\":340},{\"@type\":\"BreadcrumbList\",\"@id\":\"https:\/\/noti-america.com\/site\/principal\/2018\/03\/25\/tres-dias-de-duelo-en-honor-a-creador-de-sistema-musical-venezolano\/#breadcrumb\",\"itemListElement\":[{\"@type\":\"ListItem\",\"position\":1,\"name\":\"Portada\",\"item\":\"https:\/\/noti-america.com\/site\/principal\/\"},{\"@type\":\"ListItem\",\"position\":2,\"name\":\"Tres d\u00edas de duelo en honor a creador de sistema musical venezolano\"}]},{\"@type\":\"WebSite\",\"@id\":\"https:\/\/noti-america.com\/site\/principal\/#website\",\"url\":\"https:\/\/noti-america.com\/site\/principal\/\",\"name\":\"Noti-America.com\",\"description\":\"El Noticiero Digital M\u00e1s Grande de Am\u00e9rica\",\"potentialAction\":[{\"@type\":\"SearchAction\",\"target\":{\"@type\":\"EntryPoint\",\"urlTemplate\":\"https:\/\/noti-america.com\/site\/principal\/?s={search_term_string}\"},\"query-input\":{\"@type\":\"PropertyValueSpecification\",\"valueRequired\":true,\"valueName\":\"search_term_string\"}}],\"inLanguage\":\"es\"},{\"@type\":\"Person\",\"@id\":\"https:\/\/noti-america.com\/site\/principal\/#\/schema\/person\/1a24e37c3c358f389f0a111448ddb870\",\"name\":\"Ydalith Figueroa Kad-Bay\",\"image\":{\"@type\":\"ImageObject\",\"inLanguage\":\"es\",\"@id\":\"https:\/\/secure.gravatar.com\/avatar\/7d1e350465afd215908c3ed413e32ef600cd41c3c21b95416252432a9f6c219c?s=96&d=mm&r=g\",\"url\":\"https:\/\/secure.gravatar.com\/avatar\/7d1e350465afd215908c3ed413e32ef600cd41c3c21b95416252432a9f6c219c?s=96&d=mm&r=g\",\"contentUrl\":\"https:\/\/secure.gravatar.com\/avatar\/7d1e350465afd215908c3ed413e32ef600cd41c3c21b95416252432a9f6c219c?s=96&d=mm&r=g\",\"caption\":\"Ydalith Figueroa Kad-Bay\"},\"description\":\"CEO Noti-America Alemania Embajadora de Venezuela para el Proyecto de Acci\u00f3n Clim\u00e1tica de la ONU, Embajadora para la ense\u00f1anza de los ODS de la ONU, Amplificador de la Acci\u00f3n de los ODS de la ONU, Profesor Voluntario del Proyecto KAKUMA (Educaci\u00f3n de calidad para refugiados en \u00c1frica) UNHCR \u2013 ACNUR - Agencia para los refugiados de la ONU-, Miembro de la ONG Gente Y Ciudad, Embajador de las Instituciones de Microfinanzas \u201cNo a la pobreza ODS #1 de la ONU\u201d (todos tienen derecho a acceso a un cr\u00e9dito), y Voluntario al di\u00e1logo global de UN75. Twitter @ydalithkad email ydalith@yhaoo.com Locutor Profesional 32931 Universidad Central de Venezuela @ISHannover \\\"Colegio Internacional de Hannover Regi\u00f3n, Alemania\\\" Representante de Aprendizaje Innovaci\u00f3n y Tecnolog\u00eda #LMS (Sistema de Gesti\u00f3n de Aprendizaje) #LMS Gente y Ciudad &amp; Asesores Internacionales ONG Alemania. ONG \\\"Gente y Ciudad, Venezuela\\\" Miembro y Asesor especialista An\u00e1lisis de Pol\u00edtica Internacional Asesor Pol\u00edtico Internacional de Venezuela en la defensa de los Derechos Humanos y el restablecimiento Democr\u00e1tico. Diplomacia positiva y Activa. Pasi\u00f3n por el Golf Proyecto #LMS \\\"Golf para ni\u00f1os y adultos Internacional\\\" Pasi\u00f3n por los Postres Proyecto #LMS \\\"Postres, Que Unen a las Culturas del mundo\\\"\",\"sameAs\":[\"https:\/\/x.com\/ydalithkad\"],\"url\":\"https:\/\/noti-america.com\/site\/principal\/author\/yfigueroa\/\"}]}<\/script>\n<!-- \/ Yoast SEO Premium plugin. -->","yoast_head_json":{"title":"Tres d\u00edas de duelo en honor a creador de sistema musical venezolano - Noti-America.com","robots":{"index":"index","follow":"follow","max-snippet":"max-snippet:-1","max-image-preview":"max-image-preview:large","max-video-preview":"max-video-preview:-1"},"canonical":"https:\/\/noti-america.com\/site\/principal\/2018\/03\/25\/tres-dias-de-duelo-en-honor-a-creador-de-sistema-musical-venezolano\/","og_locale":"es_ES","og_type":"article","og_title":"Tres d\u00edas de duelo en honor a creador de sistema musical venezolano","og_description":"Caracas\u2013 El presidente\u00a0de Venezuela, Nicol\u00e1s Maduro, decret\u00f3 hoy tres d\u00edas de duelo por la muerte del m\u00fasico Jos\u00e9 Antonio Abreu, fundador del reconocido Sistema de Orquestas Juveniles e Infantiles. Abreu muri\u00f3 el s\u00e1bado a&#46;&#46;&#46;","og_url":"https:\/\/noti-america.com\/site\/principal\/2018\/03\/25\/tres-dias-de-duelo-en-honor-a-creador-de-sistema-musical-venezolano\/","og_site_name":"Noti-America.com","article_published_time":"2018-03-25T17:42:24+00:00","og_image":[{"width":600,"height":340,"url":"https:\/\/noti-america.com\/site\/principal\/wp-content\/uploads\/sites\/26\/2018\/03\/Tres-d\u00edas-de-duelo-en-honor-a-creador-de-sistema-musical-venezolano-.jpg","type":"image\/jpeg"}],"author":"Ydalith Figueroa Kad-Bay","twitter_card":"summary_large_image","twitter_creator":"@ydalithkad","twitter_misc":{"Escrito por":"Ydalith Figueroa Kad-Bay","Tiempo estimado de lectura":"2 minutos"},"schema":{"@context":"https:\/\/schema.org","@graph":[{"@type":"Article","@id":"https:\/\/noti-america.com\/site\/principal\/2018\/03\/25\/tres-dias-de-duelo-en-honor-a-creador-de-sistema-musical-venezolano\/#article","isPartOf":{"@id":"https:\/\/noti-america.com\/site\/principal\/2018\/03\/25\/tres-dias-de-duelo-en-honor-a-creador-de-sistema-musical-venezolano\/"},"author":{"name":"Ydalith Figueroa Kad-Bay","@id":"https:\/\/noti-america.com\/site\/principal\/#\/schema\/person\/1a24e37c3c358f389f0a111448ddb870"},"headline":"Tres d\u00edas de duelo en honor a creador de sistema musical venezolano","datePublished":"2018-03-25T17:42:24+00:00","mainEntityOfPage":{"@id":"https:\/\/noti-america.com\/site\/principal\/2018\/03\/25\/tres-dias-de-duelo-en-honor-a-creador-de-sistema-musical-venezolano\/"},"wordCount":477,"commentCount":0,"image":{"@id":"https:\/\/noti-america.com\/site\/principal\/2018\/03\/25\/tres-dias-de-duelo-en-honor-a-creador-de-sistema-musical-venezolano\/#primaryimage"},"thumbnailUrl":"https:\/\/noti-america.com\/site\/principal\/wp-content\/uploads\/sites\/26\/2018\/03\/Tres-d\u00edas-de-duelo-en-honor-a-creador-de-sistema-musical-venezolano-.jpg","articleSection":["Internacionales","Musica","Venezuela"],"inLanguage":"es","potentialAction":[{"@type":"CommentAction","name":"Comment","target":["https:\/\/noti-america.com\/site\/principal\/2018\/03\/25\/tres-dias-de-duelo-en-honor-a-creador-de-sistema-musical-venezolano\/#respond"]}]},{"@type":"WebPage","@id":"https:\/\/noti-america.com\/site\/principal\/2018\/03\/25\/tres-dias-de-duelo-en-honor-a-creador-de-sistema-musical-venezolano\/","url":"https:\/\/noti-america.com\/site\/principal\/2018\/03\/25\/tres-dias-de-duelo-en-honor-a-creador-de-sistema-musical-venezolano\/","name":"Tres d\u00edas de duelo en honor a creador de sistema musical venezolano - Noti-America.com","isPartOf":{"@id":"https:\/\/noti-america.com\/site\/principal\/#website"},"primaryImageOfPage":{"@id":"https:\/\/noti-america.com\/site\/principal\/2018\/03\/25\/tres-dias-de-duelo-en-honor-a-creador-de-sistema-musical-venezolano\/#primaryimage"},"image":{"@id":"https:\/\/noti-america.com\/site\/principal\/2018\/03\/25\/tres-dias-de-duelo-en-honor-a-creador-de-sistema-musical-venezolano\/#primaryimage"},"thumbnailUrl":"https:\/\/noti-america.com\/site\/principal\/wp-content\/uploads\/sites\/26\/2018\/03\/Tres-d\u00edas-de-duelo-en-honor-a-creador-de-sistema-musical-venezolano-.jpg","datePublished":"2018-03-25T17:42:24+00:00","author":{"@id":"https:\/\/noti-america.com\/site\/principal\/#\/schema\/person\/1a24e37c3c358f389f0a111448ddb870"},"breadcrumb":{"@id":"https:\/\/noti-america.com\/site\/principal\/2018\/03\/25\/tres-dias-de-duelo-en-honor-a-creador-de-sistema-musical-venezolano\/#breadcrumb"},"inLanguage":"es","potentialAction":[{"@type":"ReadAction","target":["https:\/\/noti-america.com\/site\/principal\/2018\/03\/25\/tres-dias-de-duelo-en-honor-a-creador-de-sistema-musical-venezolano\/"]}]},{"@type":"ImageObject","inLanguage":"es","@id":"https:\/\/noti-america.com\/site\/principal\/2018\/03\/25\/tres-dias-de-duelo-en-honor-a-creador-de-sistema-musical-venezolano\/#primaryimage","url":"https:\/\/noti-america.com\/site\/principal\/wp-content\/uploads\/sites\/26\/2018\/03\/Tres-d\u00edas-de-duelo-en-honor-a-creador-de-sistema-musical-venezolano-.jpg","contentUrl":"https:\/\/noti-america.com\/site\/principal\/wp-content\/uploads\/sites\/26\/2018\/03\/Tres-d\u00edas-de-duelo-en-honor-a-creador-de-sistema-musical-venezolano-.jpg","width":600,"height":340},{"@type":"BreadcrumbList","@id":"https:\/\/noti-america.com\/site\/principal\/2018\/03\/25\/tres-dias-de-duelo-en-honor-a-creador-de-sistema-musical-venezolano\/#breadcrumb","itemListElement":[{"@type":"ListItem","position":1,"name":"Portada","item":"https:\/\/noti-america.com\/site\/principal\/"},{"@type":"ListItem","position":2,"name":"Tres d\u00edas de duelo en honor a creador de sistema musical venezolano"}]},{"@type":"WebSite","@id":"https:\/\/noti-america.com\/site\/principal\/#website","url":"https:\/\/noti-america.com\/site\/principal\/","name":"Noti-America.com","description":"El Noticiero Digital M\u00e1s Grande de Am\u00e9rica","potentialAction":[{"@type":"SearchAction","target":{"@type":"EntryPoint","urlTemplate":"https:\/\/noti-america.com\/site\/principal\/?s={search_term_string}"},"query-input":{"@type":"PropertyValueSpecification","valueRequired":true,"valueName":"search_term_string"}}],"inLanguage":"es"},{"@type":"Person","@id":"https:\/\/noti-america.com\/site\/principal\/#\/schema\/person\/1a24e37c3c358f389f0a111448ddb870","name":"Ydalith Figueroa Kad-Bay","image":{"@type":"ImageObject","inLanguage":"es","@id":"https:\/\/secure.gravatar.com\/avatar\/7d1e350465afd215908c3ed413e32ef600cd41c3c21b95416252432a9f6c219c?s=96&d=mm&r=g","url":"https:\/\/secure.gravatar.com\/avatar\/7d1e350465afd215908c3ed413e32ef600cd41c3c21b95416252432a9f6c219c?s=96&d=mm&r=g","contentUrl":"https:\/\/secure.gravatar.com\/avatar\/7d1e350465afd215908c3ed413e32ef600cd41c3c21b95416252432a9f6c219c?s=96&d=mm&r=g","caption":"Ydalith Figueroa Kad-Bay"},"description":"CEO Noti-America Alemania Embajadora de Venezuela para el Proyecto de Acci\u00f3n Clim\u00e1tica de la ONU, Embajadora para la ense\u00f1anza de los ODS de la ONU, Amplificador de la Acci\u00f3n de los ODS de la ONU, Profesor Voluntario del Proyecto KAKUMA (Educaci\u00f3n de calidad para refugiados en \u00c1frica) UNHCR \u2013 ACNUR - Agencia para los refugiados de la ONU-, Miembro de la ONG Gente Y Ciudad, Embajador de las Instituciones de Microfinanzas \u201cNo a la pobreza ODS #1 de la ONU\u201d (todos tienen derecho a acceso a un cr\u00e9dito), y Voluntario al di\u00e1logo global de UN75. Twitter @ydalithkad email ydalith@yhaoo.com Locutor Profesional 32931 Universidad Central de Venezuela @ISHannover \"Colegio Internacional de Hannover Regi\u00f3n, Alemania\" Representante de Aprendizaje Innovaci\u00f3n y Tecnolog\u00eda #LMS (Sistema de Gesti\u00f3n de Aprendizaje) #LMS Gente y Ciudad &amp; Asesores Internacionales ONG Alemania. ONG \"Gente y Ciudad, Venezuela\" Miembro y Asesor especialista An\u00e1lisis de Pol\u00edtica Internacional Asesor Pol\u00edtico Internacional de Venezuela en la defensa de los Derechos Humanos y el restablecimiento Democr\u00e1tico. Diplomacia positiva y Activa. Pasi\u00f3n por el Golf Proyecto #LMS \"Golf para ni\u00f1os y adultos Internacional\" Pasi\u00f3n por los Postres Proyecto #LMS \"Postres, Que Unen a las Culturas del mundo\"","sameAs":["https:\/\/x.com\/ydalithkad"],"url":"https:\/\/noti-america.com\/site\/principal\/author\/yfigueroa\/"}]}},"_links":{"self":[{"href":"https:\/\/noti-america.com\/site\/principal\/wp-json\/wp\/v2\/posts\/1706","targetHints":{"allow":["GET"]}}],"collection":[{"href":"https:\/\/noti-america.com\/site\/principal\/wp-json\/wp\/v2\/posts"}],"about":[{"href":"https:\/\/noti-america.com\/site\/principal\/wp-json\/wp\/v2\/types\/post"}],"author":[{"embeddable":true,"href":"https:\/\/noti-america.com\/site\/principal\/wp-json\/wp\/v2\/users\/31"}],"replies":[{"embeddable":true,"href":"https:\/\/noti-america.com\/site\/principal\/wp-json\/wp\/v2\/comments?post=1706"}],"version-history":[{"count":1,"href":"https:\/\/noti-america.com\/site\/principal\/wp-json\/wp\/v2\/posts\/1706\/revisions"}],"predecessor-version":[{"id":1708,"href":"https:\/\/noti-america.com\/site\/principal\/wp-json\/wp\/v2\/posts\/1706\/revisions\/1708"}],"wp:featuredmedia":[{"embeddable":true,"href":"https:\/\/noti-america.com\/site\/principal\/wp-json\/wp\/v2\/media\/1707"}],"wp:attachment":[{"href":"https:\/\/noti-america.com\/site\/principal\/wp-json\/wp\/v2\/media?parent=1706"}],"wp:term":[{"taxonomy":"category","embeddable":true,"href":"https:\/\/noti-america.com\/site\/principal\/wp-json\/wp\/v2\/categories?post=1706"},{"taxonomy":"post_tag","embeddable":true,"href":"https:\/\/noti-america.com\/site\/principal\/wp-json\/wp\/v2\/tags?post=1706"}],"curies":[{"name":"wp","href":"https:\/\/api.w.org\/{rel}","templated":true}]}}