{"id":16591,"date":"2022-07-04T13:51:07","date_gmt":"2022-07-04T17:51:07","guid":{"rendered":"https:\/\/noti-america.com\/site\/principal\/?p=16591"},"modified":"2022-07-04T09:51:12","modified_gmt":"2022-07-04T13:51:12","slug":"municipio-inicio-masiva-siembra-de-arboles","status":"publish","type":"post","link":"https:\/\/noti-america.com\/site\/principal\/2022\/07\/04\/municipio-inicio-masiva-siembra-de-arboles\/","title":{"rendered":"Municipio inici\u00f3 masiva siembra de \u00e1rboles"},"content":{"rendered":"<p><strong>REDACCI\u00d3N NOTI AM\u00c9RICA (ECUADOR)<\/strong><\/p>\n<div id=\"attachment_20882\" style=\"width: 663px\" class=\"wp-caption alignleft\"><img loading=\"lazy\" decoding=\"async\" aria-describedby=\"caption-attachment-20882\" class=\"wp-image-16592\" src=\"https:\/\/noti-america.com\/site\/principal\/wp-content\/uploads\/sites\/26\/2022\/07\/SIEMBRA-DE-100-ARBOLES-EN-LA-ISLA-TRINITARIA-12-300x200.jpeg\" alt=\"\" width=\"653\" height=\"435\" srcset=\"https:\/\/noti-america.com\/site\/principal\/wp-content\/uploads\/sites\/26\/2022\/07\/SIEMBRA-DE-100-ARBOLES-EN-LA-ISLA-TRINITARIA-12-300x200.jpeg 300w, https:\/\/noti-america.com\/site\/principal\/wp-content\/uploads\/sites\/26\/2022\/07\/SIEMBRA-DE-100-ARBOLES-EN-LA-ISLA-TRINITARIA-12-1024x682.jpeg 1024w, https:\/\/noti-america.com\/site\/principal\/wp-content\/uploads\/sites\/26\/2022\/07\/SIEMBRA-DE-100-ARBOLES-EN-LA-ISLA-TRINITARIA-12-768x512.jpeg 768w, https:\/\/noti-america.com\/site\/principal\/wp-content\/uploads\/sites\/26\/2022\/07\/SIEMBRA-DE-100-ARBOLES-EN-LA-ISLA-TRINITARIA-12-600x400.jpeg 600w, https:\/\/noti-america.com\/site\/principal\/wp-content\/uploads\/sites\/26\/2022\/07\/SIEMBRA-DE-100-ARBOLES-EN-LA-ISLA-TRINITARIA-12-272x182.jpeg 272w, https:\/\/noti-america.com\/site\/principal\/wp-content\/uploads\/sites\/26\/2022\/07\/SIEMBRA-DE-100-ARBOLES-EN-LA-ISLA-TRINITARIA-12.jpeg 1280w\" sizes=\"auto, (max-width: 653px) 100vw, 653px\" \/><p id=\"caption-attachment-20882\" class=\"wp-caption-text\">Personal trabaj\u00f3 este fin de semana en la siembra.<\/p><\/div>\n<p style=\"text-align: justify\"><span style=\"font-weight: 400\">La Direcci\u00f3n de Ambiente y Preservaci\u00f3n de \u00c1reas Verdes del Municipio de Guayaquil sembr\u00f3 100 \u00e1rboles en la V\u00eda Perimetral. <\/span><\/p>\n<p style=\"text-align: justify\"><span style=\"font-weight: 400\">Las especies nativas plantadas fueron: Fern\u00e1n\u00a0 S\u00e1nchez, caoba, colorado, laurel y roble, todo dentro del Plan de Arborizaci\u00f3n que contempla la siembra de 8.000 \u00e1rboles del Bosque Seco Tropical en la ciudad.\u00a0<\/span><\/p>\n<p style=\"text-align: justify\"><span style=\"font-weight: 400\">\u201cInvitamos a la ciudadan\u00eda a que sea parte de esta restauraci\u00f3n ecol\u00f3gica, recordemos que Guayaquil es una ciudad altamente vulnerable a los efectos del cambio clim\u00e1tico, y es solo con la existencia de los \u00e1rboles que vamos a poder disminuir olas de calor, inundaciones y dem\u00e1s efectos\u201d, dijo la directora de Ambiente y Preservaci\u00f3n de \u00c1reas Verdes, Mar\u00eda Fernanda\u00a0 Rumbea.\u00a0<\/span><\/p>\n<p style=\"text-align: justify\"><span style=\"font-weight: 400\">Los habitantes del sector se unieron al personal de Direcci\u00f3n de Ambiente\u00a0 para juntos plantar estas especies. Moradoras como Elba Granda, asegur\u00f3\u00a0 que \u201cme parece una gran obra que est\u00e1 haciendo el Municipio de G<\/span><\/p>\n","protected":false},"excerpt":{"rendered":"<p>REDACCI\u00d3N NOTI AM\u00c9RICA (ECUADOR) La Direcci\u00f3n de Ambiente y Preservaci\u00f3n de \u00c1reas Verdes del Municipio de Guayaquil sembr\u00f3 100 \u00e1rboles en la V\u00eda Perimetral. Las especies nativas plantadas fueron: Fern\u00e1n\u00a0 S\u00e1nchez, caoba, colorado, laurel&#46;&#46;&#46;<\/p>\n","protected":false},"author":113,"featured_media":16592,"comment_status":"closed","ping_status":"open","sticky":false,"template":"","format":"standard","meta":{"_acf_changed":false,"rop_custom_images_group":[],"rop_custom_messages_group":[],"rop_publish_now":"initial","rop_publish_now_accounts":{"facebook_10219548024599422_1632221337088128":"","twitter_242054905_242054905":""},"rop_publish_now_history":[],"rop_publish_now_status":"pending","footnotes":""},"categories":[663],"tags":[],"class_list":["post-16591","post","type-post","status-publish","format-standard","has-post-thumbnail","hentry","category-actualidad"],"acf":[],"yoast_head":"<!-- This site is optimized with the Yoast SEO Premium plugin v24.9 (Yoast SEO v27.2) - https:\/\/yoast.com\/product\/yoast-seo-premium-wordpress\/ -->\n<title>Municipio inici\u00f3 masiva siembra de \u00e1rboles - Noti-America.com<\/title>\n<meta name=\"robots\" content=\"index, follow, max-snippet:-1, max-image-preview:large, max-video-preview:-1\" \/>\n<link rel=\"canonical\" href=\"https:\/\/noti-america.com\/site\/principal\/2022\/07\/04\/municipio-inicio-masiva-siembra-de-arboles\/\" \/>\n<meta property=\"og:locale\" content=\"es_ES\" \/>\n<meta property=\"og:type\" content=\"article\" \/>\n<meta property=\"og:title\" content=\"Municipio inici\u00f3 masiva siembra de \u00e1rboles\" \/>\n<meta property=\"og:description\" content=\"REDACCI\u00d3N NOTI AM\u00c9RICA (ECUADOR) La Direcci\u00f3n de Ambiente y Preservaci\u00f3n de \u00c1reas Verdes del Municipio de Guayaquil sembr\u00f3 100 \u00e1rboles en la V\u00eda Perimetral. Las especies nativas plantadas fueron: Fern\u00e1n\u00a0 S\u00e1nchez, caoba, colorado, laurel&#046;&#046;&#046;\" \/>\n<meta property=\"og:url\" content=\"https:\/\/noti-america.com\/site\/principal\/2022\/07\/04\/municipio-inicio-masiva-siembra-de-arboles\/\" \/>\n<meta property=\"og:site_name\" content=\"Noti-America.com\" \/>\n<meta property=\"article:published_time\" content=\"2022-07-04T17:51:07+00:00\" \/>\n<meta property=\"og:image\" content=\"https:\/\/noti-america.com\/site\/principal\/wp-content\/uploads\/sites\/26\/2022\/07\/SIEMBRA-DE-100-ARBOLES-EN-LA-ISLA-TRINITARIA-12.jpeg\" \/>\n\t<meta property=\"og:image:width\" content=\"1280\" \/>\n\t<meta property=\"og:image:height\" content=\"853\" \/>\n\t<meta property=\"og:image:type\" content=\"image\/jpeg\" \/>\n<meta name=\"author\" content=\"Henry Ortiz\" \/>\n<meta name=\"twitter:card\" content=\"summary_large_image\" \/>\n<meta name=\"twitter:label1\" content=\"Escrito por\" \/>\n\t<meta name=\"twitter:data1\" content=\"Henry Ortiz\" \/>\n\t<meta name=\"twitter:label2\" content=\"Tiempo estimado de lectura\" \/>\n\t<meta name=\"twitter:data2\" content=\"1 minuto\" \/>\n<script type=\"application\/ld+json\" class=\"yoast-schema-graph\">{\"@context\":\"https:\/\/schema.org\",\"@graph\":[{\"@type\":\"Article\",\"@id\":\"https:\/\/noti-america.com\/site\/principal\/2022\/07\/04\/municipio-inicio-masiva-siembra-de-arboles\/#article\",\"isPartOf\":{\"@id\":\"https:\/\/noti-america.com\/site\/principal\/2022\/07\/04\/municipio-inicio-masiva-siembra-de-arboles\/\"},\"author\":{\"name\":\"Henry Ortiz\",\"@id\":\"https:\/\/noti-america.com\/site\/principal\/#\/schema\/person\/b9d1630cc6598af759d45c790a347283\"},\"headline\":\"Municipio inici\u00f3 masiva siembra de \u00e1rboles\",\"datePublished\":\"2022-07-04T17:51:07+00:00\",\"mainEntityOfPage\":{\"@id\":\"https:\/\/noti-america.com\/site\/principal\/2022\/07\/04\/municipio-inicio-masiva-siembra-de-arboles\/\"},\"wordCount\":187,\"image\":{\"@id\":\"https:\/\/noti-america.com\/site\/principal\/2022\/07\/04\/municipio-inicio-masiva-siembra-de-arboles\/#primaryimage\"},\"thumbnailUrl\":\"https:\/\/noti-america.com\/site\/principal\/wp-content\/uploads\/sites\/26\/2022\/07\/SIEMBRA-DE-100-ARBOLES-EN-LA-ISLA-TRINITARIA-12.jpeg\",\"articleSection\":[\"Actualidad\"],\"inLanguage\":\"es\"},{\"@type\":\"WebPage\",\"@id\":\"https:\/\/noti-america.com\/site\/principal\/2022\/07\/04\/municipio-inicio-masiva-siembra-de-arboles\/\",\"url\":\"https:\/\/noti-america.com\/site\/principal\/2022\/07\/04\/municipio-inicio-masiva-siembra-de-arboles\/\",\"name\":\"Municipio inici\u00f3 masiva siembra de \u00e1rboles - Noti-America.com\",\"isPartOf\":{\"@id\":\"https:\/\/noti-america.com\/site\/principal\/#website\"},\"primaryImageOfPage\":{\"@id\":\"https:\/\/noti-america.com\/site\/principal\/2022\/07\/04\/municipio-inicio-masiva-siembra-de-arboles\/#primaryimage\"},\"image\":{\"@id\":\"https:\/\/noti-america.com\/site\/principal\/2022\/07\/04\/municipio-inicio-masiva-siembra-de-arboles\/#primaryimage\"},\"thumbnailUrl\":\"https:\/\/noti-america.com\/site\/principal\/wp-content\/uploads\/sites\/26\/2022\/07\/SIEMBRA-DE-100-ARBOLES-EN-LA-ISLA-TRINITARIA-12.jpeg\",\"datePublished\":\"2022-07-04T17:51:07+00:00\",\"author\":{\"@id\":\"https:\/\/noti-america.com\/site\/principal\/#\/schema\/person\/b9d1630cc6598af759d45c790a347283\"},\"breadcrumb\":{\"@id\":\"https:\/\/noti-america.com\/site\/principal\/2022\/07\/04\/municipio-inicio-masiva-siembra-de-arboles\/#breadcrumb\"},\"inLanguage\":\"es\",\"potentialAction\":[{\"@type\":\"ReadAction\",\"target\":[\"https:\/\/noti-america.com\/site\/principal\/2022\/07\/04\/municipio-inicio-masiva-siembra-de-arboles\/\"]}]},{\"@type\":\"ImageObject\",\"inLanguage\":\"es\",\"@id\":\"https:\/\/noti-america.com\/site\/principal\/2022\/07\/04\/municipio-inicio-masiva-siembra-de-arboles\/#primaryimage\",\"url\":\"https:\/\/noti-america.com\/site\/principal\/wp-content\/uploads\/sites\/26\/2022\/07\/SIEMBRA-DE-100-ARBOLES-EN-LA-ISLA-TRINITARIA-12.jpeg\",\"contentUrl\":\"https:\/\/noti-america.com\/site\/principal\/wp-content\/uploads\/sites\/26\/2022\/07\/SIEMBRA-DE-100-ARBOLES-EN-LA-ISLA-TRINITARIA-12.jpeg\",\"width\":1280,\"height\":853},{\"@type\":\"BreadcrumbList\",\"@id\":\"https:\/\/noti-america.com\/site\/principal\/2022\/07\/04\/municipio-inicio-masiva-siembra-de-arboles\/#breadcrumb\",\"itemListElement\":[{\"@type\":\"ListItem\",\"position\":1,\"name\":\"Portada\",\"item\":\"https:\/\/noti-america.com\/site\/principal\/\"},{\"@type\":\"ListItem\",\"position\":2,\"name\":\"Municipio inici\u00f3 masiva siembra de \u00e1rboles\"}]},{\"@type\":\"WebSite\",\"@id\":\"https:\/\/noti-america.com\/site\/principal\/#website\",\"url\":\"https:\/\/noti-america.com\/site\/principal\/\",\"name\":\"Noti-America.com\",\"description\":\"El Noticiero Digital M\u00e1s Grande de Am\u00e9rica\",\"potentialAction\":[{\"@type\":\"SearchAction\",\"target\":{\"@type\":\"EntryPoint\",\"urlTemplate\":\"https:\/\/noti-america.com\/site\/principal\/?s={search_term_string}\"},\"query-input\":{\"@type\":\"PropertyValueSpecification\",\"valueRequired\":true,\"valueName\":\"search_term_string\"}}],\"inLanguage\":\"es\"},{\"@type\":\"Person\",\"@id\":\"https:\/\/noti-america.com\/site\/principal\/#\/schema\/person\/b9d1630cc6598af759d45c790a347283\",\"name\":\"Henry Ortiz\",\"image\":{\"@type\":\"ImageObject\",\"inLanguage\":\"es\",\"@id\":\"https:\/\/secure.gravatar.com\/avatar\/0b5407b5b302fbb6a578e625dca512ac2983ee5fa9ea941d581b83c40212e4c8?s=96&d=mm&r=g\",\"url\":\"https:\/\/secure.gravatar.com\/avatar\/0b5407b5b302fbb6a578e625dca512ac2983ee5fa9ea941d581b83c40212e4c8?s=96&d=mm&r=g\",\"contentUrl\":\"https:\/\/secure.gravatar.com\/avatar\/0b5407b5b302fbb6a578e625dca512ac2983ee5fa9ea941d581b83c40212e4c8?s=96&d=mm&r=g\",\"caption\":\"Henry Ortiz\"},\"url\":\"https:\/\/noti-america.com\/site\/principal\/author\/hortiz\/\"}]}<\/script>\n<!-- \/ Yoast SEO Premium plugin. -->","yoast_head_json":{"title":"Municipio inici\u00f3 masiva siembra de \u00e1rboles - Noti-America.com","robots":{"index":"index","follow":"follow","max-snippet":"max-snippet:-1","max-image-preview":"max-image-preview:large","max-video-preview":"max-video-preview:-1"},"canonical":"https:\/\/noti-america.com\/site\/principal\/2022\/07\/04\/municipio-inicio-masiva-siembra-de-arboles\/","og_locale":"es_ES","og_type":"article","og_title":"Municipio inici\u00f3 masiva siembra de \u00e1rboles","og_description":"REDACCI\u00d3N NOTI AM\u00c9RICA (ECUADOR) La Direcci\u00f3n de Ambiente y Preservaci\u00f3n de \u00c1reas Verdes del Municipio de Guayaquil sembr\u00f3 100 \u00e1rboles en la V\u00eda Perimetral. Las especies nativas plantadas fueron: Fern\u00e1n\u00a0 S\u00e1nchez, caoba, colorado, laurel&#46;&#46;&#46;","og_url":"https:\/\/noti-america.com\/site\/principal\/2022\/07\/04\/municipio-inicio-masiva-siembra-de-arboles\/","og_site_name":"Noti-America.com","article_published_time":"2022-07-04T17:51:07+00:00","og_image":[{"width":1280,"height":853,"url":"https:\/\/noti-america.com\/site\/principal\/wp-content\/uploads\/sites\/26\/2022\/07\/SIEMBRA-DE-100-ARBOLES-EN-LA-ISLA-TRINITARIA-12.jpeg","type":"image\/jpeg"}],"author":"Henry Ortiz","twitter_card":"summary_large_image","twitter_misc":{"Escrito por":"Henry Ortiz","Tiempo estimado de lectura":"1 minuto"},"schema":{"@context":"https:\/\/schema.org","@graph":[{"@type":"Article","@id":"https:\/\/noti-america.com\/site\/principal\/2022\/07\/04\/municipio-inicio-masiva-siembra-de-arboles\/#article","isPartOf":{"@id":"https:\/\/noti-america.com\/site\/principal\/2022\/07\/04\/municipio-inicio-masiva-siembra-de-arboles\/"},"author":{"name":"Henry Ortiz","@id":"https:\/\/noti-america.com\/site\/principal\/#\/schema\/person\/b9d1630cc6598af759d45c790a347283"},"headline":"Municipio inici\u00f3 masiva siembra de \u00e1rboles","datePublished":"2022-07-04T17:51:07+00:00","mainEntityOfPage":{"@id":"https:\/\/noti-america.com\/site\/principal\/2022\/07\/04\/municipio-inicio-masiva-siembra-de-arboles\/"},"wordCount":187,"image":{"@id":"https:\/\/noti-america.com\/site\/principal\/2022\/07\/04\/municipio-inicio-masiva-siembra-de-arboles\/#primaryimage"},"thumbnailUrl":"https:\/\/noti-america.com\/site\/principal\/wp-content\/uploads\/sites\/26\/2022\/07\/SIEMBRA-DE-100-ARBOLES-EN-LA-ISLA-TRINITARIA-12.jpeg","articleSection":["Actualidad"],"inLanguage":"es"},{"@type":"WebPage","@id":"https:\/\/noti-america.com\/site\/principal\/2022\/07\/04\/municipio-inicio-masiva-siembra-de-arboles\/","url":"https:\/\/noti-america.com\/site\/principal\/2022\/07\/04\/municipio-inicio-masiva-siembra-de-arboles\/","name":"Municipio inici\u00f3 masiva siembra de \u00e1rboles - Noti-America.com","isPartOf":{"@id":"https:\/\/noti-america.com\/site\/principal\/#website"},"primaryImageOfPage":{"@id":"https:\/\/noti-america.com\/site\/principal\/2022\/07\/04\/municipio-inicio-masiva-siembra-de-arboles\/#primaryimage"},"image":{"@id":"https:\/\/noti-america.com\/site\/principal\/2022\/07\/04\/municipio-inicio-masiva-siembra-de-arboles\/#primaryimage"},"thumbnailUrl":"https:\/\/noti-america.com\/site\/principal\/wp-content\/uploads\/sites\/26\/2022\/07\/SIEMBRA-DE-100-ARBOLES-EN-LA-ISLA-TRINITARIA-12.jpeg","datePublished":"2022-07-04T17:51:07+00:00","author":{"@id":"https:\/\/noti-america.com\/site\/principal\/#\/schema\/person\/b9d1630cc6598af759d45c790a347283"},"breadcrumb":{"@id":"https:\/\/noti-america.com\/site\/principal\/2022\/07\/04\/municipio-inicio-masiva-siembra-de-arboles\/#breadcrumb"},"inLanguage":"es","potentialAction":[{"@type":"ReadAction","target":["https:\/\/noti-america.com\/site\/principal\/2022\/07\/04\/municipio-inicio-masiva-siembra-de-arboles\/"]}]},{"@type":"ImageObject","inLanguage":"es","@id":"https:\/\/noti-america.com\/site\/principal\/2022\/07\/04\/municipio-inicio-masiva-siembra-de-arboles\/#primaryimage","url":"https:\/\/noti-america.com\/site\/principal\/wp-content\/uploads\/sites\/26\/2022\/07\/SIEMBRA-DE-100-ARBOLES-EN-LA-ISLA-TRINITARIA-12.jpeg","contentUrl":"https:\/\/noti-america.com\/site\/principal\/wp-content\/uploads\/sites\/26\/2022\/07\/SIEMBRA-DE-100-ARBOLES-EN-LA-ISLA-TRINITARIA-12.jpeg","width":1280,"height":853},{"@type":"BreadcrumbList","@id":"https:\/\/noti-america.com\/site\/principal\/2022\/07\/04\/municipio-inicio-masiva-siembra-de-arboles\/#breadcrumb","itemListElement":[{"@type":"ListItem","position":1,"name":"Portada","item":"https:\/\/noti-america.com\/site\/principal\/"},{"@type":"ListItem","position":2,"name":"Municipio inici\u00f3 masiva siembra de \u00e1rboles"}]},{"@type":"WebSite","@id":"https:\/\/noti-america.com\/site\/principal\/#website","url":"https:\/\/noti-america.com\/site\/principal\/","name":"Noti-America.com","description":"El Noticiero Digital M\u00e1s Grande de Am\u00e9rica","potentialAction":[{"@type":"SearchAction","target":{"@type":"EntryPoint","urlTemplate":"https:\/\/noti-america.com\/site\/principal\/?s={search_term_string}"},"query-input":{"@type":"PropertyValueSpecification","valueRequired":true,"valueName":"search_term_string"}}],"inLanguage":"es"},{"@type":"Person","@id":"https:\/\/noti-america.com\/site\/principal\/#\/schema\/person\/b9d1630cc6598af759d45c790a347283","name":"Henry Ortiz","image":{"@type":"ImageObject","inLanguage":"es","@id":"https:\/\/secure.gravatar.com\/avatar\/0b5407b5b302fbb6a578e625dca512ac2983ee5fa9ea941d581b83c40212e4c8?s=96&d=mm&r=g","url":"https:\/\/secure.gravatar.com\/avatar\/0b5407b5b302fbb6a578e625dca512ac2983ee5fa9ea941d581b83c40212e4c8?s=96&d=mm&r=g","contentUrl":"https:\/\/secure.gravatar.com\/avatar\/0b5407b5b302fbb6a578e625dca512ac2983ee5fa9ea941d581b83c40212e4c8?s=96&d=mm&r=g","caption":"Henry Ortiz"},"url":"https:\/\/noti-america.com\/site\/principal\/author\/hortiz\/"}]}},"_links":{"self":[{"href":"https:\/\/noti-america.com\/site\/principal\/wp-json\/wp\/v2\/posts\/16591","targetHints":{"allow":["GET"]}}],"collection":[{"href":"https:\/\/noti-america.com\/site\/principal\/wp-json\/wp\/v2\/posts"}],"about":[{"href":"https:\/\/noti-america.com\/site\/principal\/wp-json\/wp\/v2\/types\/post"}],"author":[{"embeddable":true,"href":"https:\/\/noti-america.com\/site\/principal\/wp-json\/wp\/v2\/users\/113"}],"replies":[{"embeddable":true,"href":"https:\/\/noti-america.com\/site\/principal\/wp-json\/wp\/v2\/comments?post=16591"}],"version-history":[{"count":1,"href":"https:\/\/noti-america.com\/site\/principal\/wp-json\/wp\/v2\/posts\/16591\/revisions"}],"predecessor-version":[{"id":16593,"href":"https:\/\/noti-america.com\/site\/principal\/wp-json\/wp\/v2\/posts\/16591\/revisions\/16593"}],"wp:featuredmedia":[{"embeddable":true,"href":"https:\/\/noti-america.com\/site\/principal\/wp-json\/wp\/v2\/media\/16592"}],"wp:attachment":[{"href":"https:\/\/noti-america.com\/site\/principal\/wp-json\/wp\/v2\/media?parent=16591"}],"wp:term":[{"taxonomy":"category","embeddable":true,"href":"https:\/\/noti-america.com\/site\/principal\/wp-json\/wp\/v2\/categories?post=16591"},{"taxonomy":"post_tag","embeddable":true,"href":"https:\/\/noti-america.com\/site\/principal\/wp-json\/wp\/v2\/tags?post=16591"}],"curies":[{"name":"wp","href":"https:\/\/api.w.org\/{rel}","templated":true}]}}